{"id":24839,"date":"2021-08-31T17:24:16","date_gmt":"2021-08-31T15:24:16","guid":{"rendered":"http:\/\/lyonbondyblog.fr\/LBB\/?p=24839"},"modified":"2021-08-31T17:40:39","modified_gmt":"2021-08-31T15:40:39","slug":"lyon-la-duchere-entre-fete-de-quartier-et-evenement-sportif","status":"publish","type":"post","link":"https:\/\/lyonbondyblog.fr\/LBB\/lyon-la-duchere-entre-fete-de-quartier-et-evenement-sportif\/","title":{"rendered":"Lyon la Duch\u00e8re : Entre F\u00eate de quartier et \u00e9v\u00e8nement sportif."},"content":{"rendered":"\n<figure class=\"wp-block-image size-large is-resized\"><img loading=\"lazy\" decoding=\"async\" src=\"https:\/\/lyonbondyblog.fr\/LBB\/wp-content\/uploads\/2021\/08\/IMG_1963-1920x1280.jpg\" alt=\"\" class=\"wp-image-24842\" width=\"582\" height=\"388\" srcset=\"https:\/\/lyonbondyblog.fr\/LBB\/wp-content\/uploads\/2021\/08\/IMG_1963-1920x1280.jpg 1920w, https:\/\/lyonbondyblog.fr\/LBB\/wp-content\/uploads\/2021\/08\/IMG_1963-1200x800.jpg 1200w, https:\/\/lyonbondyblog.fr\/LBB\/wp-content\/uploads\/2021\/08\/IMG_1963-768x512.jpg 768w, https:\/\/lyonbondyblog.fr\/LBB\/wp-content\/uploads\/2021\/08\/IMG_1963-1536x1024.jpg 1536w, https:\/\/lyonbondyblog.fr\/LBB\/wp-content\/uploads\/2021\/08\/IMG_1963-2048x1365.jpg 2048w, https:\/\/lyonbondyblog.fr\/LBB\/wp-content\/uploads\/2021\/08\/IMG_1963-700x465.jpg 700w, https:\/\/lyonbondyblog.fr\/LBB\/wp-content\/uploads\/2021\/08\/IMG_1963-272x182.jpg 272w\" sizes=\"auto, (max-width: 582px) 100vw, 582px\" \/><figcaption>Atelier d&rsquo;\u00e9chec<\/figcaption><\/figure>\n\n\n\n<p>Le club de Lyon la Duch\u00e8re a organis\u00e9 un \u00e9v\u00e8nement se samedi 28 aout pour r\u00e9unir les habitants du quartier de la Duch\u00e8re. Plusieurs activit\u00e9s \u00e9taient mises \u00e0 l\u2019honneur, comme le street art ou encore les \u00e9checs. Le but est de promouvoir au plus grand nombre diff\u00e9rent discipline en dehors du football.<\/p>\n\n\n\n<p>Ce 28 aout le club de Lyon la Duch\u00e8re a organis\u00e9 un \u00e9v\u00e8nement pour r\u00e9unir la Duch\u00e8re, au programme course \u00e0 pied le matin, jeux pour enfants, \u00e9chec ou encore concours de jongler. Ce qui est cherch\u00e9 par les organisateurs c\u2019est de permettre aux habitants des quartiers alentour de comprendre que le stade n\u2019est pas que r\u00e9serv\u00e9 au foot mais peut aussi servir de lieux de rencontre et de festivit\u00e9. Pour ceci le club compte organiser un \u00e9v\u00e8nement de ce type en chaque fin de saison.<\/p>\n\n\n\n<h2 class=\"wp-block-heading\">Changement de visage pour le stade Balmont.<\/h2>\n\n\n\n<p>Comme expliqu\u00e9 pr\u00e9c\u00e9demment le stade Balmont a accueilli de nouvelle activit\u00e9, comme les \u00e9checs, ici le club veut faire d\u00e9couvrir un sport purement mental a des jeunes qui ont souvent un apriori aupr\u00e8s de cette activit\u00e9. \u00c0 cot\u00e9e de cela pour rester dans la fibre footballistique un concours de jongle \u00e9tait organis\u00e9. Ce concours \u00e9tait \u00e9paul\u00e9 par Sonny Anderson. Depuis deux ann\u00e9es, le footballeur mythique de l\u2019Olympique Lyonnais est le conseiller de Jean-Christophe Vincent, pr\u00e9sident de Lyon la Duch\u00e8re.<\/p>\n\n\n\n<p><\/p>\n\n\n\n<figure class=\"wp-block-embed is-type-rich is-provider-soundcloud wp-block-embed-soundcloud\"><div class=\"wp-block-embed__wrapper\">\n<iframe loading=\"lazy\" title=\"Sonny Anderson conseiller du President du Club Lyon la Duch\u00e8re by LyonBondyBlog\" width=\"1200\" height=\"400\" scrolling=\"no\" frameborder=\"no\" src=\"https:\/\/w.soundcloud.com\/player\/?visual=true&#038;url=https%3A%2F%2Fapi.soundcloud.com%2Ftracks%2F1116295207&#038;show_artwork=true&#038;maxheight=1000&#038;maxwidth=1200\"><\/iframe>\n<\/div><\/figure>\n\n\n\n<p>En parall\u00e8le le stade Balmont se refait une beaut\u00e9. Pour vaincre l\u2019effet b\u00e9ton ambiant dans le stade l\u2019association Troi3 accompagn\u00e9s de l\u2019artiste Le m\u00f4me organise un atelier peinture directement sur l\u2019un des murs du stade. \u00c0 terme le club aimerait que le stade se remplisse d\u2019\u0153uvres du m\u00eame type pour \u00e9gailler le stade.<\/p>\n\n\n\n<figure class=\"wp-block-embed is-type-rich is-provider-soundcloud wp-block-embed-soundcloud\"><div class=\"wp-block-embed__wrapper\">\n<iframe loading=\"lazy\" title=\"Ginese Emmanuelle pr\u00e9sidente de l&#039;association TROI3. by LyonBondyBlog\" width=\"1200\" height=\"400\" scrolling=\"no\" frameborder=\"no\" src=\"https:\/\/w.soundcloud.com\/player\/?visual=true&#038;url=https%3A%2F%2Fapi.soundcloud.com%2Ftracks%2F1116361174&#038;show_artwork=true&#038;maxheight=1000&#038;maxwidth=1200\"><\/iframe>\n<\/div><\/figure>\n\n\n\n<p>\u00ab\u00a0On veut transformer en lieu culturel le stade\u00a0\u00bb, explique Jonathan Lessig en parlant de la mise en place de plusieurs lieux dans le stade pour installer des \u0153uvres. Tout cela dans le but de rendre plus accessible la culture aux habitants de la Duch\u00e8re.<\/p>\n\n\n\n<p>Le club de Lyon la Duch\u00e8re souhaite devenir le lieu de rassemblement dans le quartier et avoir un r\u00f4le social pour\u00a0les habitants.\u00a0Ceci dans le but de marquer durablement le 9<sup>e<\/sup>\u00a0arrondissement de Lyon.<\/p>\n\n\n\n<p><\/p>\n\n\n\n<p><\/p>\n<!-- AddThis Advanced Settings generic via filter on the_content --><!-- AddThis Share Buttons generic via filter on the_content -->","protected":false},"excerpt":{"rendered":"<p>Le club de Lyon la Duch\u00e8re a organis\u00e9 un \u00e9v\u00e8nement se samedi 28 aout pour r\u00e9unir les habitants du quartier de la Duch\u00e8re. Plusieurs activit\u00e9s &hellip; <!-- AddThis Advanced Settings generic via filter on wp_trim_excerpt --><!-- AddThis Share Buttons generic via filter on wp_trim_excerpt --><\/p>\n","protected":false},"author":31858,"featured_media":24844,"comment_status":"open","ping_status":"open","sticky":true,"template":"","format":"standard","meta":{"_FSMCFIC_featured_image_caption":"","_FSMCFIC_featured_image_nocaption":"","_FSMCFIC_featured_image_hide":"","footnotes":""},"categories":[4],"tags":[],"class_list":["post-24839","post","type-post","status-publish","format-standard","has-post-thumbnail","hentry","category-lyon"],"yoast_head":"<!-- This site is optimized with the Yoast SEO plugin v22.8 - https:\/\/yoast.com\/wordpress\/plugins\/seo\/ -->\n<title>Lyon la Duch\u00e8re : Entre F\u00eate de quartier et \u00e9v\u00e8nement sportif. - Lyon Bondy Blog<\/title>\n<meta name=\"description\" content=\"Le club de Lyon la Duch\u00e8re a organis\u00e9 un \u00e9v\u00e8nement se samedi 28 aout pour r\u00e9unir les habitants du quartier de la Duch\u00e8re...\" \/>\n<meta name=\"robots\" content=\"index, follow, max-snippet:-1, max-image-preview:large, max-video-preview:-1\" \/>\n<link rel=\"canonical\" href=\"https:\/\/lyonbondyblog.fr\/LBB\/lyon-la-duchere-entre-fete-de-quartier-et-evenement-sportif\/\" \/>\n<meta property=\"og:locale\" content=\"fr_FR\" \/>\n<meta property=\"og:type\" content=\"article\" \/>\n<meta property=\"og:title\" content=\"Lyon la Duch\u00e8re : Entre F\u00eate de quartier et \u00e9v\u00e8nement sportif. - Lyon Bondy Blog\" \/>\n<meta property=\"og:description\" content=\"Le club de Lyon la Duch\u00e8re a organis\u00e9 un \u00e9v\u00e8nement se samedi 28 aout pour r\u00e9unir les habitants du quartier de la Duch\u00e8re...\" \/>\n<meta property=\"og:url\" content=\"https:\/\/lyonbondyblog.fr\/LBB\/lyon-la-duchere-entre-fete-de-quartier-et-evenement-sportif\/\" \/>\n<meta property=\"og:site_name\" content=\"Lyon Bondy Blog\" \/>\n<meta property=\"article:publisher\" content=\"https:\/\/www.facebook.com\/lyonbondyblog\" \/>\n<meta property=\"article:published_time\" content=\"2021-08-31T15:24:16+00:00\" \/>\n<meta property=\"article:modified_time\" content=\"2021-08-31T15:40:39+00:00\" \/>\n<meta property=\"og:image\" content=\"https:\/\/lyonbondyblog.fr\/LBB\/wp-content\/uploads\/2021\/08\/Lyon_-_La_Duchere_exe.png\" \/>\n\t<meta property=\"og:image:width\" content=\"1367\" \/>\n\t<meta property=\"og:image:height\" content=\"1642\" \/>\n\t<meta property=\"og:image:type\" content=\"image\/png\" \/>\n<meta name=\"author\" content=\"Tom Baraffe\" \/>\n<meta name=\"twitter:card\" content=\"summary_large_image\" \/>\n<meta name=\"twitter:creator\" content=\"@bondybloglyon\" \/>\n<meta name=\"twitter:site\" content=\"@bondybloglyon\" \/>\n<script type=\"application\/ld+json\" class=\"yoast-schema-graph\">{\"@context\":\"https:\/\/schema.org\",\"@graph\":[{\"@type\":\"Article\",\"@id\":\"https:\/\/lyonbondyblog.fr\/LBB\/lyon-la-duchere-entre-fete-de-quartier-et-evenement-sportif\/#article\",\"isPartOf\":{\"@id\":\"https:\/\/lyonbondyblog.fr\/LBB\/lyon-la-duchere-entre-fete-de-quartier-et-evenement-sportif\/\"},\"author\":{\"name\":\"Tom Baraffe\",\"@id\":\"https:\/\/lyonbondyblog.fr\/LBB\/#\/schema\/person\/497aa9f2f9e2a13abf9a743200180beb\"},\"headline\":\"Lyon la Duch\u00e8re : Entre F\u00eate de quartier et \u00e9v\u00e8nement sportif.\",\"datePublished\":\"2021-08-31T15:24:16+00:00\",\"dateModified\":\"2021-08-31T15:40:39+00:00\",\"mainEntityOfPage\":{\"@id\":\"https:\/\/lyonbondyblog.fr\/LBB\/lyon-la-duchere-entre-fete-de-quartier-et-evenement-sportif\/\"},\"wordCount\":414,\"commentCount\":0,\"publisher\":{\"@id\":\"https:\/\/lyonbondyblog.fr\/LBB\/#organization\"},\"image\":{\"@id\":\"https:\/\/lyonbondyblog.fr\/LBB\/lyon-la-duchere-entre-fete-de-quartier-et-evenement-sportif\/#primaryimage\"},\"thumbnailUrl\":\"https:\/\/lyonbondyblog.fr\/LBB\/wp-content\/uploads\/2021\/08\/Lyon_-_La_Duchere_exe.png\",\"articleSection\":[\"Lyon\"],\"inLanguage\":\"fr-FR\",\"potentialAction\":[{\"@type\":\"CommentAction\",\"name\":\"Comment\",\"target\":[\"https:\/\/lyonbondyblog.fr\/LBB\/lyon-la-duchere-entre-fete-de-quartier-et-evenement-sportif\/#respond\"]}]},{\"@type\":\"WebPage\",\"@id\":\"https:\/\/lyonbondyblog.fr\/LBB\/lyon-la-duchere-entre-fete-de-quartier-et-evenement-sportif\/\",\"url\":\"https:\/\/lyonbondyblog.fr\/LBB\/lyon-la-duchere-entre-fete-de-quartier-et-evenement-sportif\/\",\"name\":\"Lyon la Duch\u00e8re : Entre F\u00eate de quartier et \u00e9v\u00e8nement sportif. - Lyon Bondy Blog\",\"isPartOf\":{\"@id\":\"https:\/\/lyonbondyblog.fr\/LBB\/#website\"},\"primaryImageOfPage\":{\"@id\":\"https:\/\/lyonbondyblog.fr\/LBB\/lyon-la-duchere-entre-fete-de-quartier-et-evenement-sportif\/#primaryimage\"},\"image\":{\"@id\":\"https:\/\/lyonbondyblog.fr\/LBB\/lyon-la-duchere-entre-fete-de-quartier-et-evenement-sportif\/#primaryimage\"},\"thumbnailUrl\":\"https:\/\/lyonbondyblog.fr\/LBB\/wp-content\/uploads\/2021\/08\/Lyon_-_La_Duchere_exe.png\",\"datePublished\":\"2021-08-31T15:24:16+00:00\",\"dateModified\":\"2021-08-31T15:40:39+00:00\",\"description\":\"Le club de Lyon la Duch\u00e8re a organis\u00e9 un \u00e9v\u00e8nement se samedi 28 aout pour r\u00e9unir les habitants du quartier de la Duch\u00e8re...\",\"inLanguage\":\"fr-FR\",\"potentialAction\":[{\"@type\":\"ReadAction\",\"target\":[\"https:\/\/lyonbondyblog.fr\/LBB\/lyon-la-duchere-entre-fete-de-quartier-et-evenement-sportif\/\"]}]},{\"@type\":\"ImageObject\",\"inLanguage\":\"fr-FR\",\"@id\":\"https:\/\/lyonbondyblog.fr\/LBB\/lyon-la-duchere-entre-fete-de-quartier-et-evenement-sportif\/#primaryimage\",\"url\":\"https:\/\/lyonbondyblog.fr\/LBB\/wp-content\/uploads\/2021\/08\/Lyon_-_La_Duchere_exe.png\",\"contentUrl\":\"https:\/\/lyonbondyblog.fr\/LBB\/wp-content\/uploads\/2021\/08\/Lyon_-_La_Duchere_exe.png\",\"width\":1367,\"height\":1642},{\"@type\":\"WebSite\",\"@id\":\"https:\/\/lyonbondyblog.fr\/LBB\/#website\",\"url\":\"https:\/\/lyonbondyblog.fr\/LBB\/\",\"name\":\"Lyon Bondy Blog\",\"description\":\"\",\"publisher\":{\"@id\":\"https:\/\/lyonbondyblog.fr\/LBB\/#organization\"},\"potentialAction\":[{\"@type\":\"SearchAction\",\"target\":{\"@type\":\"EntryPoint\",\"urlTemplate\":\"https:\/\/lyonbondyblog.fr\/LBB\/?s={search_term_string}\"},\"query-input\":\"required name=search_term_string\"}],\"inLanguage\":\"fr-FR\"},{\"@type\":\"Organization\",\"@id\":\"https:\/\/lyonbondyblog.fr\/LBB\/#organization\",\"name\":\"LYON BONDY BLOG\",\"url\":\"https:\/\/lyonbondyblog.fr\/LBB\/\",\"logo\":{\"@type\":\"ImageObject\",\"inLanguage\":\"fr-FR\",\"@id\":\"https:\/\/lyonbondyblog.fr\/LBB\/#\/schema\/logo\/image\/\",\"url\":\"http:\/\/lyonbondyblog.fr\/LBB\/wp-content\/uploads\/2014\/10\/logo-portable-144.png\",\"contentUrl\":\"http:\/\/lyonbondyblog.fr\/LBB\/wp-content\/uploads\/2014\/10\/logo-portable-144.png\",\"width\":144,\"height\":123,\"caption\":\"LYON BONDY BLOG\"},\"image\":{\"@id\":\"https:\/\/lyonbondyblog.fr\/LBB\/#\/schema\/logo\/image\/\"},\"sameAs\":[\"https:\/\/www.facebook.com\/lyonbondyblog\",\"https:\/\/x.com\/bondybloglyon\"]},{\"@type\":\"Person\",\"@id\":\"https:\/\/lyonbondyblog.fr\/LBB\/#\/schema\/person\/497aa9f2f9e2a13abf9a743200180beb\",\"name\":\"Tom Baraffe\",\"url\":\"https:\/\/lyonbondyblog.fr\/LBB\/author\/tomb\/\"}]}<\/script>\n<!-- \/ Yoast SEO plugin. -->","yoast_head_json":{"title":"Lyon la Duch\u00e8re : Entre F\u00eate de quartier et \u00e9v\u00e8nement sportif. - Lyon Bondy Blog","description":"Le club de Lyon la Duch\u00e8re a organis\u00e9 un \u00e9v\u00e8nement se samedi 28 aout pour r\u00e9unir les habitants du quartier de la Duch\u00e8re...","robots":{"index":"index","follow":"follow","max-snippet":"max-snippet:-1","max-image-preview":"max-image-preview:large","max-video-preview":"max-video-preview:-1"},"canonical":"https:\/\/lyonbondyblog.fr\/LBB\/lyon-la-duchere-entre-fete-de-quartier-et-evenement-sportif\/","og_locale":"fr_FR","og_type":"article","og_title":"Lyon la Duch\u00e8re : Entre F\u00eate de quartier et \u00e9v\u00e8nement sportif. - Lyon Bondy Blog","og_description":"Le club de Lyon la Duch\u00e8re a organis\u00e9 un \u00e9v\u00e8nement se samedi 28 aout pour r\u00e9unir les habitants du quartier de la Duch\u00e8re...","og_url":"https:\/\/lyonbondyblog.fr\/LBB\/lyon-la-duchere-entre-fete-de-quartier-et-evenement-sportif\/","og_site_name":"Lyon Bondy Blog","article_publisher":"https:\/\/www.facebook.com\/lyonbondyblog","article_published_time":"2021-08-31T15:24:16+00:00","article_modified_time":"2021-08-31T15:40:39+00:00","og_image":[{"width":1367,"height":1642,"url":"https:\/\/lyonbondyblog.fr\/LBB\/wp-content\/uploads\/2021\/08\/Lyon_-_La_Duchere_exe.png","type":"image\/png"}],"author":"Tom Baraffe","twitter_card":"summary_large_image","twitter_creator":"@bondybloglyon","twitter_site":"@bondybloglyon","schema":{"@context":"https:\/\/schema.org","@graph":[{"@type":"Article","@id":"https:\/\/lyonbondyblog.fr\/LBB\/lyon-la-duchere-entre-fete-de-quartier-et-evenement-sportif\/#article","isPartOf":{"@id":"https:\/\/lyonbondyblog.fr\/LBB\/lyon-la-duchere-entre-fete-de-quartier-et-evenement-sportif\/"},"author":{"name":"Tom Baraffe","@id":"https:\/\/lyonbondyblog.fr\/LBB\/#\/schema\/person\/497aa9f2f9e2a13abf9a743200180beb"},"headline":"Lyon la Duch\u00e8re : Entre F\u00eate de quartier et \u00e9v\u00e8nement sportif.","datePublished":"2021-08-31T15:24:16+00:00","dateModified":"2021-08-31T15:40:39+00:00","mainEntityOfPage":{"@id":"https:\/\/lyonbondyblog.fr\/LBB\/lyon-la-duchere-entre-fete-de-quartier-et-evenement-sportif\/"},"wordCount":414,"commentCount":0,"publisher":{"@id":"https:\/\/lyonbondyblog.fr\/LBB\/#organization"},"image":{"@id":"https:\/\/lyonbondyblog.fr\/LBB\/lyon-la-duchere-entre-fete-de-quartier-et-evenement-sportif\/#primaryimage"},"thumbnailUrl":"https:\/\/lyonbondyblog.fr\/LBB\/wp-content\/uploads\/2021\/08\/Lyon_-_La_Duchere_exe.png","articleSection":["Lyon"],"inLanguage":"fr-FR","potentialAction":[{"@type":"CommentAction","name":"Comment","target":["https:\/\/lyonbondyblog.fr\/LBB\/lyon-la-duchere-entre-fete-de-quartier-et-evenement-sportif\/#respond"]}]},{"@type":"WebPage","@id":"https:\/\/lyonbondyblog.fr\/LBB\/lyon-la-duchere-entre-fete-de-quartier-et-evenement-sportif\/","url":"https:\/\/lyonbondyblog.fr\/LBB\/lyon-la-duchere-entre-fete-de-quartier-et-evenement-sportif\/","name":"Lyon la Duch\u00e8re : Entre F\u00eate de quartier et \u00e9v\u00e8nement sportif. - Lyon Bondy Blog","isPartOf":{"@id":"https:\/\/lyonbondyblog.fr\/LBB\/#website"},"primaryImageOfPage":{"@id":"https:\/\/lyonbondyblog.fr\/LBB\/lyon-la-duchere-entre-fete-de-quartier-et-evenement-sportif\/#primaryimage"},"image":{"@id":"https:\/\/lyonbondyblog.fr\/LBB\/lyon-la-duchere-entre-fete-de-quartier-et-evenement-sportif\/#primaryimage"},"thumbnailUrl":"https:\/\/lyonbondyblog.fr\/LBB\/wp-content\/uploads\/2021\/08\/Lyon_-_La_Duchere_exe.png","datePublished":"2021-08-31T15:24:16+00:00","dateModified":"2021-08-31T15:40:39+00:00","description":"Le club de Lyon la Duch\u00e8re a organis\u00e9 un \u00e9v\u00e8nement se samedi 28 aout pour r\u00e9unir les habitants du quartier de la Duch\u00e8re...","inLanguage":"fr-FR","potentialAction":[{"@type":"ReadAction","target":["https:\/\/lyonbondyblog.fr\/LBB\/lyon-la-duchere-entre-fete-de-quartier-et-evenement-sportif\/"]}]},{"@type":"ImageObject","inLanguage":"fr-FR","@id":"https:\/\/lyonbondyblog.fr\/LBB\/lyon-la-duchere-entre-fete-de-quartier-et-evenement-sportif\/#primaryimage","url":"https:\/\/lyonbondyblog.fr\/LBB\/wp-content\/uploads\/2021\/08\/Lyon_-_La_Duchere_exe.png","contentUrl":"https:\/\/lyonbondyblog.fr\/LBB\/wp-content\/uploads\/2021\/08\/Lyon_-_La_Duchere_exe.png","width":1367,"height":1642},{"@type":"WebSite","@id":"https:\/\/lyonbondyblog.fr\/LBB\/#website","url":"https:\/\/lyonbondyblog.fr\/LBB\/","name":"Lyon Bondy Blog","description":"","publisher":{"@id":"https:\/\/lyonbondyblog.fr\/LBB\/#organization"},"potentialAction":[{"@type":"SearchAction","target":{"@type":"EntryPoint","urlTemplate":"https:\/\/lyonbondyblog.fr\/LBB\/?s={search_term_string}"},"query-input":"required name=search_term_string"}],"inLanguage":"fr-FR"},{"@type":"Organization","@id":"https:\/\/lyonbondyblog.fr\/LBB\/#organization","name":"LYON BONDY BLOG","url":"https:\/\/lyonbondyblog.fr\/LBB\/","logo":{"@type":"ImageObject","inLanguage":"fr-FR","@id":"https:\/\/lyonbondyblog.fr\/LBB\/#\/schema\/logo\/image\/","url":"http:\/\/lyonbondyblog.fr\/LBB\/wp-content\/uploads\/2014\/10\/logo-portable-144.png","contentUrl":"http:\/\/lyonbondyblog.fr\/LBB\/wp-content\/uploads\/2014\/10\/logo-portable-144.png","width":144,"height":123,"caption":"LYON BONDY BLOG"},"image":{"@id":"https:\/\/lyonbondyblog.fr\/LBB\/#\/schema\/logo\/image\/"},"sameAs":["https:\/\/www.facebook.com\/lyonbondyblog","https:\/\/x.com\/bondybloglyon"]},{"@type":"Person","@id":"https:\/\/lyonbondyblog.fr\/LBB\/#\/schema\/person\/497aa9f2f9e2a13abf9a743200180beb","name":"Tom Baraffe","url":"https:\/\/lyonbondyblog.fr\/LBB\/author\/tomb\/"}]}},"_links":{"self":[{"href":"https:\/\/lyonbondyblog.fr\/LBB\/wp-json\/wp\/v2\/posts\/24839","targetHints":{"allow":["GET"]}}],"collection":[{"href":"https:\/\/lyonbondyblog.fr\/LBB\/wp-json\/wp\/v2\/posts"}],"about":[{"href":"https:\/\/lyonbondyblog.fr\/LBB\/wp-json\/wp\/v2\/types\/post"}],"author":[{"embeddable":true,"href":"https:\/\/lyonbondyblog.fr\/LBB\/wp-json\/wp\/v2\/users\/31858"}],"replies":[{"embeddable":true,"href":"https:\/\/lyonbondyblog.fr\/LBB\/wp-json\/wp\/v2\/comments?post=24839"}],"version-history":[{"count":3,"href":"https:\/\/lyonbondyblog.fr\/LBB\/wp-json\/wp\/v2\/posts\/24839\/revisions"}],"predecessor-version":[{"id":24845,"href":"https:\/\/lyonbondyblog.fr\/LBB\/wp-json\/wp\/v2\/posts\/24839\/revisions\/24845"}],"wp:featuredmedia":[{"embeddable":true,"href":"https:\/\/lyonbondyblog.fr\/LBB\/wp-json\/wp\/v2\/media\/24844"}],"wp:attachment":[{"href":"https:\/\/lyonbondyblog.fr\/LBB\/wp-json\/wp\/v2\/media?parent=24839"}],"wp:term":[{"taxonomy":"category","embeddable":true,"href":"https:\/\/lyonbondyblog.fr\/LBB\/wp-json\/wp\/v2\/categories?post=24839"},{"taxonomy":"post_tag","embeddable":true,"href":"https:\/\/lyonbondyblog.fr\/LBB\/wp-json\/wp\/v2\/tags?post=24839"}],"curies":[{"name":"wp","href":"https:\/\/api.w.org\/{rel}","templated":true}]}}