{"id":24800,"date":"2021-08-26T17:32:07","date_gmt":"2021-08-26T15:32:07","guid":{"rendered":"http:\/\/lyonbondyblog.fr\/LBB\/?p=24800"},"modified":"2021-08-26T18:09:35","modified_gmt":"2021-08-26T16:09:35","slug":"club-de-sports-sourds","status":"publish","type":"post","link":"https:\/\/lyonbondyblog.fr\/LBB\/club-de-sports-sourds\/","title":{"rendered":"L&rsquo;Association Sportive des Sourds de Lyon f\u00eate ses 40 ans !"},"content":{"rendered":"\n<p><strong>Depuis 40 ans d\u00e9sormais, l\u2019association Sportive des Sourds de Lyon (ASSL) a pour objectif d\u2019inclure les personnes malentendantes gr\u00e2ce au sport. Ce weekend, tous les licenci\u00e9s des clubs&nbsp; sportifs pour sourds de France sont invit\u00e9s \u00e0 venir f\u00eater l\u2019anniversaire de l\u2019association \u00e0 Corbas. Le pr\u00e9sident de l\u2019ASSL, Zoubir RILI, est lui aussi malentendant. Il nous raconte son combat pour l\u2019inclusion, et ce qui se pr\u00e9pare pour ce weekend..<\/strong><\/p>\n\n\n\n<p>En 1981, naissait<a href=\"https:\/\/www.facebook.com\/ASSLyon\"><strong> l\u2019Association Sportive des Sourds de Lyon (ASSL).<\/strong> <\/a>L\u2019objectif au lancement de l\u2019association,&nbsp; \u00e9tait de rassembler un grand nombre de sourds et muets afin de leur proposer un acc\u00e8s \u00e0 divers sports.&nbsp; <strong>40 ans <\/strong>apr\u00e8s, les b\u00e9n\u00e9voles et les licenci\u00e9s sont toujours l\u00e0 et luttent pour que chacun puisse <a href=\"https:\/\/f.hypotheses.org\/wp-content\/blogs.dir\/4251\/files\/2020\/03\/Sport-des-Sourds.-C%C3%A9line-Pierru.pdf\">s&rsquo;\u00e9panouir pleinement dans un sport malgr\u00e9 un handicap<\/a>. Le pr\u00e9sident de l\u2019ASSL,&nbsp; Zoubir RILI, inaugurera demain avec les siens, une f\u00eate, qui a pour esprit l\u2019inclusion et le sport accessible \u00e0 tous.<\/p>\n\n\n\n<p>\u201cCette association a pour but de rendre accessible le sport \u00e0 toutes les personnes sourdes d\u00e9sirant en pratiquer, explique le pr\u00e9sident. Tout cela passe par exemple par le biais de comp\u00e9titions sportives, de loisirs, ou d\u2019activit\u00e9s qui auront lieu au cours de la saison sportive\u201d, d\u00e9bute le pr\u00e9sident de<a href=\"https:\/\/www.facebook.com\/ASSLyon\"> l\u2019ASSL<\/a>.<\/p>\n\n\n\n<p>\u201cCette ann\u00e9e est une ann\u00e9e particuli\u00e8re puisque nous f\u00eatons les 40 ans de notre association. C&rsquo;est une f\u00eate qui a un double objectif&nbsp; pour l\u2019association : f\u00eater les 40 ans de son titre officiel ASSL ( association sportive des sourds de lyon ) et mettre en honneur son patrimoine sportif des sourds de lyon.&nbsp;<\/p>\n\n\n\n<p>Ainsi, c\u2019est plus qu\u2019un anniversaire, mais une invitation \u00e0 la d\u00e9couverte, le partage dans la joie et la bonne humeur, tant pour homme, femme, personnes \u00e2g\u00e9es, ou enfant\u201d explique-t-il plein d\u2019entrain !&nbsp;<\/p>\n\n\n\n<p><strong>L&rsquo;\u00e9v\u00e9nement cependant n\u2019est pas ouvert \u00e0 tous<\/strong>. Pour participer \u00e0 la f\u00eate, il faut avoi<strong>r une licence handisport sourd, <\/strong>ou bien un <strong><a href=\"https:\/\/www.sports.gouv.fr\/accueil-du-site\/article\/le-pass-sport\">pass\u2019 sport <\/a>pour 3 jours<\/strong> afin de venir pratiquer avec les autres .<\/p>\n\n\n\n<h2 class=\"wp-block-heading\">Une rencontre internationale o\u00f9 le Covid-19 s&rsquo;est invit\u00e9<\/h2>\n\n\n\n<p>Pour cette f\u00eate, un comit\u00e9 d\u2019organisation avait \u00e9t\u00e9 mis en place depuis fin 2019. Le Covid-19 a quelque peu chamboul\u00e9 les plans de l\u2019association, mais l\u2019\u00e9quipe d\u2019organisation a vite su rebondir: \u201cA l\u2019origine, on avait pr\u00e9vu une f\u00eate internationale. Donc pour tous les clubs sourds venant de diff\u00e9rents pays \u00e9trangers. Lors de la pr\u00e9c\u00e9dente f\u00eate on a eu des clubs sourds d\u2019Europe&nbsp; qui ont particip\u00e9 donc \u00e7a semblait pas si fou . Cette ann\u00e9e , la f\u00eate ne sera que pour les clubs de France. Pass sanitaire oblige, on a d\u00fb r\u00e9duire le nombre d\u2019\u00e9quipes comme de joueurs\u00a0\u00bb finit d&rsquo;expliquer le pr\u00e9sident, l&rsquo;air d\u00e9sol\u00e9.<\/p>\n\n\n\n<p>\u201cConcernant le programme, le vendredi matin un hommage aux deux fondateurs historiques aura lieu, et un banquet \u00e0 midi ouvrira les festivit\u00e9s. Le samedi, il y aura donc un tournoi de p\u00e9tanque, 1 match de football sourds ( lyon &#8211; cognin ) et l&rsquo;apr\u00e8s-midi on invitera nos invit\u00e9s \u00e0 d\u00e9couvrir le handball. Et le dimanche, les invit\u00e9s seront convi\u00e9s au&nbsp; match de gala de handball avec l\u2019ASSL contre le club de Corbas \u00e0 12h<\/p>\n\n\n\n<h2 class=\"wp-block-heading\">Inclure par le sport<\/h2>\n\n\n\n<p>Chaque ann\u00e9e, l\u2019association essaie de varier les sports qu\u2019elle propose au cours d\u2019ateliers de d\u00e9couverte par exemple.&nbsp; \u201cNous sommes affili\u00e9es \u00e0 la f\u00e9d\u00e9ration fran\u00e7aise Handisport, ainsi qu&rsquo; \u00e0 la f\u00e9d\u00e9ration fran\u00e7aise de handball . Heureusement, certains sports sont d\u00e9sormais inclusifs au sein des f\u00e9d\u00e9rations fran\u00e7aises. Pas beaucoup mais \u00e0 ce jour, nous pouvons par exemple proposer \u00e0 nos licenci\u00e9s de s\u2019inscrire pour du&nbsp; handball,du tennis, judo, volley-ball et derni\u00e8rement le badminton.\u201d explique le pr\u00e9sident de l\u2019ASSL<\/p>\n\n\n\n<figure class=\"wp-block-image size-full\"><img loading=\"lazy\" decoding=\"async\" width=\"813\" height=\"286\" src=\"https:\/\/lyonbondyblog.fr\/LBB\/wp-content\/uploads\/2021\/08\/43fd7f_25ffcace44e14e88b166cced3b3020a1.webp\" alt=\"\" class=\"wp-image-24802\" srcset=\"https:\/\/lyonbondyblog.fr\/LBB\/wp-content\/uploads\/2021\/08\/43fd7f_25ffcace44e14e88b166cced3b3020a1.webp 813w, https:\/\/lyonbondyblog.fr\/LBB\/wp-content\/uploads\/2021\/08\/43fd7f_25ffcace44e14e88b166cced3b3020a1-768x270.webp 768w\" sizes=\"auto, (max-width: 813px) 100vw, 813px\" \/><\/figure>\n\n\n\n<h2 class=\"wp-block-heading\"><\/h2>\n\n\n\n<p>Jusqu&rsquo;\u00e0 aujourd&rsquo;hui, le club propose principalement trois sports: le Handball, le Football et la P\u00e9tanque. D\u2019autres activit\u00e9s devraient arriver, selon le pr\u00e9sident de l\u2019association.<\/p>\n\n\n\n<p>\u201c A ce jour,&nbsp; nous n\u2019avons comme sport actif que le football a 11 en ext\u00e9rieur, le futsal ( foot en salle ), et le handball. On a eu l\u2019an pass\u00e9 le volley-ball femininmais on avait pas assez de cr\u00e9neaux pour les infrastructures pour continuer. Nous n\u2019avons donc pas pu reconduire cette ann\u00e9e cette pratique sportive. Fin 2021 sinon, nous souhaitons mettre en place le badminton loisir, afin de faire conna\u00eetre ce sport et le d\u00e9velopper .<\/p>\n\n\n\n<p>Afin de donner de la visibilit\u00e9 aux personnes malentendantes, et de les inclure gr\u00e2ce au sport, l\u2019association organise divers championnats \u00e0 \u00e9chelle locale ou nationale de handball et de football. Zoubir Zili raconte:<\/p>\n\n\n\n<p>&nbsp;\u201cOn a au cours de l\u2019ann\u00e9e des comp\u00e9titions sportives. En moyenne 3 week-end sur 5 chaque mois, il y a au moins une comp\u00e9tition sportive.<\/p>\n\n\n\n<p>On essaye aussi d\u2019organiser entre temps 1 fois par mois un petit \u00e9v\u00e9nement que ce soit sportif, culturel, ou activit\u00e9s diverses. On est souvent pr\u00e9sents sur un stand lors d&rsquo;\u00e9v\u00e9nements tels que la journ\u00e9e mondiale des sourd en septembre par exemple.\u201d<\/p>\n\n\n\n<p>Lors d\u2019\u00e9v\u00e9nements, par exemple lors de cette f\u00eate, on fait venir l\u2019association fait venir des b\u00e9n\u00e9voles stagiaires, issus d\u2019\u00e9cole ou formation en langue des signes, pour se mettre dans le milieu et favoriser la sensibilisation et communication entendant \/ sourds . Ces b\u00e9n\u00e9voles organisent souvent des ateliers&nbsp; pour apprendre les gestes de base ( comme bonjour, merci, boissons, soif, menu, prix, etc..) pour communiquer plus facilement lors des grandes f\u00eates de l\u2019association.<\/p>\n\n\n\n<p>Pendant toute la dur\u00e9e du week-end , une exposition sur le patrimoine sportif lyonnais sera expos\u00e9e pour montrer son si\u00e8cle de pratiques de sports sourds&nbsp; au sein du club jusqu\u2019\u00e0 nos jours. Vous pourrez y voir ses dirigeants, ses joueurs embl\u00e9matiques, ou les&nbsp; \u00e9v\u00e9nements qui ont marqu\u00e9 ce si\u00e8cle.<\/p>\n<!-- AddThis Advanced Settings generic via filter on the_content --><!-- AddThis Share Buttons generic via filter on the_content -->","protected":false},"excerpt":{"rendered":"<p>Depuis 40 ans d\u00e9sormais, l\u2019association Sportive des Sourds de Lyon (ASSL) a pour objectif d\u2019inclure les personnes malentendantes gr\u00e2ce au sport. Ce weekend, tous les &hellip; <!-- AddThis Advanced Settings generic via filter on wp_trim_excerpt --><!-- AddThis Share Buttons generic via filter on wp_trim_excerpt --><\/p>\n","protected":false},"author":31857,"featured_media":24803,"comment_status":"open","ping_status":"open","sticky":true,"template":"","format":"standard","meta":{"_FSMCFIC_featured_image_caption":"","_FSMCFIC_featured_image_nocaption":"","_FSMCFIC_featured_image_hide":"","footnotes":""},"categories":[4],"tags":[27098,27094,27097,624,654,2292,27095,10,27096,29],"class_list":["post-24800","post","type-post","status-publish","format-standard","has-post-thumbnail","hentry","category-lyon","tag-40ans","tag-asssl","tag-fete-2","tag-football","tag-handball","tag-handisport","tag-inclusif","tag-lyon-2","tag-petanque","tag-sport"],"yoast_head":"<!-- This site is optimized with the Yoast SEO plugin v22.8 - https:\/\/yoast.com\/wordpress\/plugins\/seo\/ -->\n<title>L&#039;Association Sportive des Sourds de Lyon f\u00eate ses 40 ans ! - Lyon Bondy Blog<\/title>\n<meta name=\"description\" content=\"40 ans que (ASSL)gr\u00e2ce au sport venir f\u00eater l\u2019anniversaire Le pr\u00e9sident de l\u2019ASSL, Zoubir RILI, association sportive des sourds de lyon\" \/>\n<meta name=\"robots\" content=\"index, follow, max-snippet:-1, max-image-preview:large, max-video-preview:-1\" \/>\n<link rel=\"canonical\" href=\"https:\/\/lyonbondyblog.fr\/LBB\/club-de-sports-sourds\/\" \/>\n<meta property=\"og:locale\" content=\"fr_FR\" \/>\n<meta property=\"og:type\" content=\"article\" \/>\n<meta property=\"og:title\" content=\"L&#039;Association Sportive des Sourds de Lyon f\u00eate ses 40 ans ! - Lyon Bondy Blog\" \/>\n<meta property=\"og:description\" content=\"40 ans que (ASSL)gr\u00e2ce au sport venir f\u00eater l\u2019anniversaire Le pr\u00e9sident de l\u2019ASSL, Zoubir RILI, association sportive des sourds de lyon\" \/>\n<meta property=\"og:url\" content=\"https:\/\/lyonbondyblog.fr\/LBB\/club-de-sports-sourds\/\" \/>\n<meta property=\"og:site_name\" content=\"Lyon Bondy Blog\" \/>\n<meta property=\"article:publisher\" content=\"https:\/\/www.facebook.com\/lyonbondyblog\" \/>\n<meta property=\"article:published_time\" content=\"2021-08-26T15:32:07+00:00\" \/>\n<meta property=\"article:modified_time\" content=\"2021-08-26T16:09:35+00:00\" \/>\n<meta property=\"og:image\" content=\"https:\/\/lyonbondyblog.fr\/LBB\/wp-content\/uploads\/2021\/08\/43fd7f_25ffcace44e14e88b166cced3b3020a1-1.webp\" \/>\n\t<meta property=\"og:image:width\" content=\"813\" \/>\n\t<meta property=\"og:image:height\" content=\"286\" \/>\n\t<meta property=\"og:image:type\" content=\"image\/webp\" \/>\n<meta name=\"author\" content=\"Amandine Leveneur\" \/>\n<meta name=\"twitter:card\" content=\"summary_large_image\" \/>\n<meta name=\"twitter:creator\" content=\"@bondybloglyon\" \/>\n<meta name=\"twitter:site\" content=\"@bondybloglyon\" \/>\n<script type=\"application\/ld+json\" class=\"yoast-schema-graph\">{\"@context\":\"https:\/\/schema.org\",\"@graph\":[{\"@type\":\"Article\",\"@id\":\"https:\/\/lyonbondyblog.fr\/LBB\/club-de-sports-sourds\/#article\",\"isPartOf\":{\"@id\":\"https:\/\/lyonbondyblog.fr\/LBB\/club-de-sports-sourds\/\"},\"author\":{\"name\":\"Amandine Leveneur\",\"@id\":\"https:\/\/lyonbondyblog.fr\/LBB\/#\/schema\/person\/b89f8481c4017638298de40fbc9afb68\"},\"headline\":\"L&rsquo;Association Sportive des Sourds de Lyon f\u00eate ses 40 ans !\",\"datePublished\":\"2021-08-26T15:32:07+00:00\",\"dateModified\":\"2021-08-26T16:09:35+00:00\",\"mainEntityOfPage\":{\"@id\":\"https:\/\/lyonbondyblog.fr\/LBB\/club-de-sports-sourds\/\"},\"wordCount\":1030,\"commentCount\":0,\"publisher\":{\"@id\":\"https:\/\/lyonbondyblog.fr\/LBB\/#organization\"},\"image\":{\"@id\":\"https:\/\/lyonbondyblog.fr\/LBB\/club-de-sports-sourds\/#primaryimage\"},\"thumbnailUrl\":\"https:\/\/lyonbondyblog.fr\/LBB\/wp-content\/uploads\/2021\/08\/43fd7f_25ffcace44e14e88b166cced3b3020a1-1.webp\",\"keywords\":[\"40ans\",\"asssl\",\"f\u00eate\",\"Football\",\"handball\",\"Handisport\",\"inclusif\",\"lyon\",\"p\u00e9tanque\",\"sport\"],\"articleSection\":[\"Lyon\"],\"inLanguage\":\"fr-FR\",\"potentialAction\":[{\"@type\":\"CommentAction\",\"name\":\"Comment\",\"target\":[\"https:\/\/lyonbondyblog.fr\/LBB\/club-de-sports-sourds\/#respond\"]}]},{\"@type\":\"WebPage\",\"@id\":\"https:\/\/lyonbondyblog.fr\/LBB\/club-de-sports-sourds\/\",\"url\":\"https:\/\/lyonbondyblog.fr\/LBB\/club-de-sports-sourds\/\",\"name\":\"L'Association Sportive des Sourds de Lyon f\u00eate ses 40 ans ! - Lyon Bondy Blog\",\"isPartOf\":{\"@id\":\"https:\/\/lyonbondyblog.fr\/LBB\/#website\"},\"primaryImageOfPage\":{\"@id\":\"https:\/\/lyonbondyblog.fr\/LBB\/club-de-sports-sourds\/#primaryimage\"},\"image\":{\"@id\":\"https:\/\/lyonbondyblog.fr\/LBB\/club-de-sports-sourds\/#primaryimage\"},\"thumbnailUrl\":\"https:\/\/lyonbondyblog.fr\/LBB\/wp-content\/uploads\/2021\/08\/43fd7f_25ffcace44e14e88b166cced3b3020a1-1.webp\",\"datePublished\":\"2021-08-26T15:32:07+00:00\",\"dateModified\":\"2021-08-26T16:09:35+00:00\",\"description\":\"40 ans que (ASSL)gr\u00e2ce au sport venir f\u00eater l\u2019anniversaire Le pr\u00e9sident de l\u2019ASSL, Zoubir RILI, association sportive des sourds de lyon\",\"inLanguage\":\"fr-FR\",\"potentialAction\":[{\"@type\":\"ReadAction\",\"target\":[\"https:\/\/lyonbondyblog.fr\/LBB\/club-de-sports-sourds\/\"]}]},{\"@type\":\"ImageObject\",\"inLanguage\":\"fr-FR\",\"@id\":\"https:\/\/lyonbondyblog.fr\/LBB\/club-de-sports-sourds\/#primaryimage\",\"url\":\"https:\/\/lyonbondyblog.fr\/LBB\/wp-content\/uploads\/2021\/08\/43fd7f_25ffcace44e14e88b166cced3b3020a1-1.webp\",\"contentUrl\":\"https:\/\/lyonbondyblog.fr\/LBB\/wp-content\/uploads\/2021\/08\/43fd7f_25ffcace44e14e88b166cced3b3020a1-1.webp\",\"width\":813,\"height\":286},{\"@type\":\"WebSite\",\"@id\":\"https:\/\/lyonbondyblog.fr\/LBB\/#website\",\"url\":\"https:\/\/lyonbondyblog.fr\/LBB\/\",\"name\":\"Lyon Bondy Blog\",\"description\":\"\",\"publisher\":{\"@id\":\"https:\/\/lyonbondyblog.fr\/LBB\/#organization\"},\"potentialAction\":[{\"@type\":\"SearchAction\",\"target\":{\"@type\":\"EntryPoint\",\"urlTemplate\":\"https:\/\/lyonbondyblog.fr\/LBB\/?s={search_term_string}\"},\"query-input\":\"required name=search_term_string\"}],\"inLanguage\":\"fr-FR\"},{\"@type\":\"Organization\",\"@id\":\"https:\/\/lyonbondyblog.fr\/LBB\/#organization\",\"name\":\"LYON BONDY BLOG\",\"url\":\"https:\/\/lyonbondyblog.fr\/LBB\/\",\"logo\":{\"@type\":\"ImageObject\",\"inLanguage\":\"fr-FR\",\"@id\":\"https:\/\/lyonbondyblog.fr\/LBB\/#\/schema\/logo\/image\/\",\"url\":\"http:\/\/lyonbondyblog.fr\/LBB\/wp-content\/uploads\/2014\/10\/logo-portable-144.png\",\"contentUrl\":\"http:\/\/lyonbondyblog.fr\/LBB\/wp-content\/uploads\/2014\/10\/logo-portable-144.png\",\"width\":144,\"height\":123,\"caption\":\"LYON BONDY BLOG\"},\"image\":{\"@id\":\"https:\/\/lyonbondyblog.fr\/LBB\/#\/schema\/logo\/image\/\"},\"sameAs\":[\"https:\/\/www.facebook.com\/lyonbondyblog\",\"https:\/\/x.com\/bondybloglyon\"]},{\"@type\":\"Person\",\"@id\":\"https:\/\/lyonbondyblog.fr\/LBB\/#\/schema\/person\/b89f8481c4017638298de40fbc9afb68\",\"name\":\"Amandine Leveneur\",\"sameAs\":[\"https:\/\/www.instagram.com\/amandine_leveneur\/?hl=fr\"],\"url\":\"https:\/\/lyonbondyblog.fr\/LBB\/author\/amandine\/\"}]}<\/script>\n<!-- \/ Yoast SEO plugin. -->","yoast_head_json":{"title":"L'Association Sportive des Sourds de Lyon f\u00eate ses 40 ans ! - Lyon Bondy Blog","description":"40 ans que (ASSL)gr\u00e2ce au sport venir f\u00eater l\u2019anniversaire Le pr\u00e9sident de l\u2019ASSL, Zoubir RILI, association sportive des sourds de lyon","robots":{"index":"index","follow":"follow","max-snippet":"max-snippet:-1","max-image-preview":"max-image-preview:large","max-video-preview":"max-video-preview:-1"},"canonical":"https:\/\/lyonbondyblog.fr\/LBB\/club-de-sports-sourds\/","og_locale":"fr_FR","og_type":"article","og_title":"L'Association Sportive des Sourds de Lyon f\u00eate ses 40 ans ! - Lyon Bondy Blog","og_description":"40 ans que (ASSL)gr\u00e2ce au sport venir f\u00eater l\u2019anniversaire Le pr\u00e9sident de l\u2019ASSL, Zoubir RILI, association sportive des sourds de lyon","og_url":"https:\/\/lyonbondyblog.fr\/LBB\/club-de-sports-sourds\/","og_site_name":"Lyon Bondy Blog","article_publisher":"https:\/\/www.facebook.com\/lyonbondyblog","article_published_time":"2021-08-26T15:32:07+00:00","article_modified_time":"2021-08-26T16:09:35+00:00","og_image":[{"width":813,"height":286,"url":"https:\/\/lyonbondyblog.fr\/LBB\/wp-content\/uploads\/2021\/08\/43fd7f_25ffcace44e14e88b166cced3b3020a1-1.webp","type":"image\/webp"}],"author":"Amandine Leveneur","twitter_card":"summary_large_image","twitter_creator":"@bondybloglyon","twitter_site":"@bondybloglyon","schema":{"@context":"https:\/\/schema.org","@graph":[{"@type":"Article","@id":"https:\/\/lyonbondyblog.fr\/LBB\/club-de-sports-sourds\/#article","isPartOf":{"@id":"https:\/\/lyonbondyblog.fr\/LBB\/club-de-sports-sourds\/"},"author":{"name":"Amandine Leveneur","@id":"https:\/\/lyonbondyblog.fr\/LBB\/#\/schema\/person\/b89f8481c4017638298de40fbc9afb68"},"headline":"L&rsquo;Association Sportive des Sourds de Lyon f\u00eate ses 40 ans !","datePublished":"2021-08-26T15:32:07+00:00","dateModified":"2021-08-26T16:09:35+00:00","mainEntityOfPage":{"@id":"https:\/\/lyonbondyblog.fr\/LBB\/club-de-sports-sourds\/"},"wordCount":1030,"commentCount":0,"publisher":{"@id":"https:\/\/lyonbondyblog.fr\/LBB\/#organization"},"image":{"@id":"https:\/\/lyonbondyblog.fr\/LBB\/club-de-sports-sourds\/#primaryimage"},"thumbnailUrl":"https:\/\/lyonbondyblog.fr\/LBB\/wp-content\/uploads\/2021\/08\/43fd7f_25ffcace44e14e88b166cced3b3020a1-1.webp","keywords":["40ans","asssl","f\u00eate","Football","handball","Handisport","inclusif","lyon","p\u00e9tanque","sport"],"articleSection":["Lyon"],"inLanguage":"fr-FR","potentialAction":[{"@type":"CommentAction","name":"Comment","target":["https:\/\/lyonbondyblog.fr\/LBB\/club-de-sports-sourds\/#respond"]}]},{"@type":"WebPage","@id":"https:\/\/lyonbondyblog.fr\/LBB\/club-de-sports-sourds\/","url":"https:\/\/lyonbondyblog.fr\/LBB\/club-de-sports-sourds\/","name":"L'Association Sportive des Sourds de Lyon f\u00eate ses 40 ans ! - Lyon Bondy Blog","isPartOf":{"@id":"https:\/\/lyonbondyblog.fr\/LBB\/#website"},"primaryImageOfPage":{"@id":"https:\/\/lyonbondyblog.fr\/LBB\/club-de-sports-sourds\/#primaryimage"},"image":{"@id":"https:\/\/lyonbondyblog.fr\/LBB\/club-de-sports-sourds\/#primaryimage"},"thumbnailUrl":"https:\/\/lyonbondyblog.fr\/LBB\/wp-content\/uploads\/2021\/08\/43fd7f_25ffcace44e14e88b166cced3b3020a1-1.webp","datePublished":"2021-08-26T15:32:07+00:00","dateModified":"2021-08-26T16:09:35+00:00","description":"40 ans que (ASSL)gr\u00e2ce au sport venir f\u00eater l\u2019anniversaire Le pr\u00e9sident de l\u2019ASSL, Zoubir RILI, association sportive des sourds de lyon","inLanguage":"fr-FR","potentialAction":[{"@type":"ReadAction","target":["https:\/\/lyonbondyblog.fr\/LBB\/club-de-sports-sourds\/"]}]},{"@type":"ImageObject","inLanguage":"fr-FR","@id":"https:\/\/lyonbondyblog.fr\/LBB\/club-de-sports-sourds\/#primaryimage","url":"https:\/\/lyonbondyblog.fr\/LBB\/wp-content\/uploads\/2021\/08\/43fd7f_25ffcace44e14e88b166cced3b3020a1-1.webp","contentUrl":"https:\/\/lyonbondyblog.fr\/LBB\/wp-content\/uploads\/2021\/08\/43fd7f_25ffcace44e14e88b166cced3b3020a1-1.webp","width":813,"height":286},{"@type":"WebSite","@id":"https:\/\/lyonbondyblog.fr\/LBB\/#website","url":"https:\/\/lyonbondyblog.fr\/LBB\/","name":"Lyon Bondy Blog","description":"","publisher":{"@id":"https:\/\/lyonbondyblog.fr\/LBB\/#organization"},"potentialAction":[{"@type":"SearchAction","target":{"@type":"EntryPoint","urlTemplate":"https:\/\/lyonbondyblog.fr\/LBB\/?s={search_term_string}"},"query-input":"required name=search_term_string"}],"inLanguage":"fr-FR"},{"@type":"Organization","@id":"https:\/\/lyonbondyblog.fr\/LBB\/#organization","name":"LYON BONDY BLOG","url":"https:\/\/lyonbondyblog.fr\/LBB\/","logo":{"@type":"ImageObject","inLanguage":"fr-FR","@id":"https:\/\/lyonbondyblog.fr\/LBB\/#\/schema\/logo\/image\/","url":"http:\/\/lyonbondyblog.fr\/LBB\/wp-content\/uploads\/2014\/10\/logo-portable-144.png","contentUrl":"http:\/\/lyonbondyblog.fr\/LBB\/wp-content\/uploads\/2014\/10\/logo-portable-144.png","width":144,"height":123,"caption":"LYON BONDY BLOG"},"image":{"@id":"https:\/\/lyonbondyblog.fr\/LBB\/#\/schema\/logo\/image\/"},"sameAs":["https:\/\/www.facebook.com\/lyonbondyblog","https:\/\/x.com\/bondybloglyon"]},{"@type":"Person","@id":"https:\/\/lyonbondyblog.fr\/LBB\/#\/schema\/person\/b89f8481c4017638298de40fbc9afb68","name":"Amandine Leveneur","sameAs":["https:\/\/www.instagram.com\/amandine_leveneur\/?hl=fr"],"url":"https:\/\/lyonbondyblog.fr\/LBB\/author\/amandine\/"}]}},"_links":{"self":[{"href":"https:\/\/lyonbondyblog.fr\/LBB\/wp-json\/wp\/v2\/posts\/24800","targetHints":{"allow":["GET"]}}],"collection":[{"href":"https:\/\/lyonbondyblog.fr\/LBB\/wp-json\/wp\/v2\/posts"}],"about":[{"href":"https:\/\/lyonbondyblog.fr\/LBB\/wp-json\/wp\/v2\/types\/post"}],"author":[{"embeddable":true,"href":"https:\/\/lyonbondyblog.fr\/LBB\/wp-json\/wp\/v2\/users\/31857"}],"replies":[{"embeddable":true,"href":"https:\/\/lyonbondyblog.fr\/LBB\/wp-json\/wp\/v2\/comments?post=24800"}],"version-history":[{"count":4,"href":"https:\/\/lyonbondyblog.fr\/LBB\/wp-json\/wp\/v2\/posts\/24800\/revisions"}],"predecessor-version":[{"id":24808,"href":"https:\/\/lyonbondyblog.fr\/LBB\/wp-json\/wp\/v2\/posts\/24800\/revisions\/24808"}],"wp:featuredmedia":[{"embeddable":true,"href":"https:\/\/lyonbondyblog.fr\/LBB\/wp-json\/wp\/v2\/media\/24803"}],"wp:attachment":[{"href":"https:\/\/lyonbondyblog.fr\/LBB\/wp-json\/wp\/v2\/media?parent=24800"}],"wp:term":[{"taxonomy":"category","embeddable":true,"href":"https:\/\/lyonbondyblog.fr\/LBB\/wp-json\/wp\/v2\/categories?post=24800"},{"taxonomy":"post_tag","embeddable":true,"href":"https:\/\/lyonbondyblog.fr\/LBB\/wp-json\/wp\/v2\/tags?post=24800"}],"curies":[{"name":"wp","href":"https:\/\/api.w.org\/{rel}","templated":true}]}}