{"id":24644,"date":"2021-08-10T16:23:48","date_gmt":"2021-08-10T14:23:48","guid":{"rendered":"http:\/\/lyonbondyblog.fr\/LBB\/?p=24644"},"modified":"2021-08-10T17:42:51","modified_gmt":"2021-08-10T15:42:51","slug":"football-lyon-la-duchere-se-prepare-pour-la-nouvelle-saison","status":"publish","type":"post","link":"https:\/\/lyonbondyblog.fr\/LBB\/football-lyon-la-duchere-se-prepare-pour-la-nouvelle-saison\/","title":{"rendered":"Football : Lyon La Duch\u00e8re se pr\u00e9pare pour la nouvelle saison."},"content":{"rendered":"\n<figure class=\"wp-block-image size-large is-resized\"><img loading=\"lazy\" decoding=\"async\" src=\"https:\/\/lyonbondyblog.fr\/LBB\/wp-content\/uploads\/2021\/08\/duchere-lyon.jpeg\" alt=\"\" class=\"wp-image-24648\" width=\"655\" height=\"437\" srcset=\"https:\/\/lyonbondyblog.fr\/LBB\/wp-content\/uploads\/2021\/08\/duchere-lyon.jpeg 900w, https:\/\/lyonbondyblog.fr\/LBB\/wp-content\/uploads\/2021\/08\/duchere-lyon-768x512.jpeg 768w, https:\/\/lyonbondyblog.fr\/LBB\/wp-content\/uploads\/2021\/08\/duchere-lyon-272x182.jpeg 272w\" sizes=\"auto, (max-width: 655px) 100vw, 655px\" \/><figcaption>Logo du club \u00a9Lyon La Duch\u00e8re <\/figcaption><\/figure>\n\n\n\n<p><strong>L\u2019\u00e9p\u00e9e de Damocl\u00e8s qui s\u2019agitait jusque- l\u00e0, au dessus du club de Lyon La Duch\u00e8re, est d\u00e9finitivement tomb\u00e9e, la rel\u00e9gation a \u00e9t\u00e9 prononc\u00e9e. Pour y rem\u00e9dier, une toute nouvelle \u00e9quipe se pr\u00e9pare pour repr\u00e9senter le quartier de la Duch\u00e8re. Leur entra\u00eeneur, Nicolas Le Bellec, s\u2019est entretenu avec le Lyon Bondy Blog et r\u00e9v\u00e8le en exclue la pr\u00e9paration de l\u2019\u00e9quipe de Lyon La Duch\u00e8re pour cette nouvelle saison<\/strong>.<\/p>\n\n\n\n<p> C\u2019est officiel, <a href=\"http:\/\/lyonladuchere.fr\" target=\"_blank\" rel=\"noreferrer noopener\">l\u2019\u00e9quipe de Lyon la Duch\u00e8re<\/a> qui concourait en N1 l\u2019ann\u00e9e derni\u00e8re <a href=\"https:\/\/www.lyonmag.com\/article\/117185\/football-le-conseil-d-etat-confirme-la-relegation-de-lyon-la-duchere-en-n2\" target=\"_blank\" rel=\"noreferrer noopener\">a \u00e9t\u00e9 rel\u00e9gu\u00e9e<\/a>. Malgr\u00e9 l\u2019appel et<a href=\"https:\/\/www.lyonladuchere.fr\/communique-lettre-ouverte-a-noel-le-graet-president-de-la-fff\/\" target=\"_blank\" rel=\"noreferrer noopener\"> la lettre ouverte<\/a> de son <a href=\"https:\/\/fr.linkedin.com\/in\/vincentjc\" target=\"_blank\" rel=\"noreferrer noopener\">nouveau directeur Jean-Christophe Vincent,<\/a> le Conseil d\u2019Etat a confirm\u00e9 la semaine derni\u00e8re la d\u00e9cision initiale et a choisi <a href=\"https:\/\/www.cssedan-ardennes.com\/sedan\/\" target=\"_blank\" rel=\"noreferrer noopener\">le CS Sedan <\/a>au d\u00e9triment du club rhodanien. <\/p>\n\n\n\n<h2 class=\"wp-block-heading\">Un club en plein renouvellement <\/h2>\n\n\n\n<p>Un changement de pr\u00e9sident, un nom remplac\u00e9 pour le club autrefois appel\u00e9 le Sporting Club de Lyon et d\u00e9sormais une nouvelle \u00e9quipe. Apr\u00e8s une saison jug\u00e9e \u201ccatastrophique\u201d par <a href=\"https:\/\/www.lyonladuchere.fr\/communique-jean-christophe-vincent-prend-la-presidence-du-club\/\" target=\"_blank\" rel=\"noreferrer noopener\">le nouveau directeur<\/a> lui-m\u00eame, le club de Lyon la Duch\u00e8re a d\u00fb faire un grand m\u00e9nage. C\u2019est un chamboulement total que doit affronter le club apr\u00e8s <a href=\"https:\/\/www.franceactualite.fr\/lyon\/lyon-la-duchere-officiellement-relegue-en-n2\/\" target=\"_blank\" rel=\"noreferrer noopener\">s\u2019\u00eatre fait officiellement rel\u00e9gu\u00e9 en National 2<\/a>. Pour se pr\u00e9parer \u00e0 la nouvelle saison, l\u2019\u00e9quipe s\u2019est s\u00e9par\u00e9e d\u2019un grand nombre de son effectif et accueille de nouveaux joueurs.&nbsp;<\/p>\n\n\n\n<p>\u201cIl ne reste que quatre joueurs de l\u2019ann\u00e9e derni\u00e8re, il y a eu de nombreuses arriv\u00e9es et beaucoup sont prometteuses !\u201d, commente Nicolas Le Bellec. Pour former cette \u00e9quipe \u00e0 l\u2019image du nouveau club, le coach a emmen\u00e9 ses nouvelles recrues en stage de coh\u00e9sion.&nbsp;<\/p>\n\n\n\n<p>\u201c Sur le terrain, c\u2019est important d\u2019avoir l\u2019esprit d\u2019\u00e9quipe, explique l&rsquo;entra\u00eeneur. Pour former des liens et une confiance mutuelle essentiel lors d\u2019une comp\u00e9tition, les joueurs sont partis quinze jours dans <a href=\"https:\/\/www.tignes.net\/ski\/ski-ete\" target=\"_blank\" rel=\"noreferrer noopener\">une station de ski \u00e0 Tignes<\/a>.\u201d<\/p>\n\n\n\n<figure class=\"wp-block-image size-large is-resized\"><img loading=\"lazy\" decoding=\"async\" src=\"https:\/\/lyonbondyblog.fr\/LBB\/wp-content\/uploads\/2021\/08\/Entrainement-97-scaled-1-1920x1280.jpg\" alt=\"\" class=\"wp-image-24662\" width=\"738\" height=\"492\" srcset=\"https:\/\/lyonbondyblog.fr\/LBB\/wp-content\/uploads\/2021\/08\/Entrainement-97-scaled-1-1920x1280.jpg 1920w, https:\/\/lyonbondyblog.fr\/LBB\/wp-content\/uploads\/2021\/08\/Entrainement-97-scaled-1-1200x800.jpg 1200w, https:\/\/lyonbondyblog.fr\/LBB\/wp-content\/uploads\/2021\/08\/Entrainement-97-scaled-1-768x512.jpg 768w, https:\/\/lyonbondyblog.fr\/LBB\/wp-content\/uploads\/2021\/08\/Entrainement-97-scaled-1-1536x1024.jpg 1536w, https:\/\/lyonbondyblog.fr\/LBB\/wp-content\/uploads\/2021\/08\/Entrainement-97-scaled-1-2048x1366.jpg 2048w, https:\/\/lyonbondyblog.fr\/LBB\/wp-content\/uploads\/2021\/08\/Entrainement-97-scaled-1-272x182.jpg 272w\" sizes=\"auto, (max-width: 738px) 100vw, 738px\" \/><figcaption>Nicolas Le Bellec entraineur de cette toute nouvelle \u00e9quipe \u00a9Lyon La Duch\u00e8re <\/figcaption><\/figure>\n\n\n\n<h2 class=\"wp-block-heading\">De nouvelles recrues pour une nouvelle saison !<\/h2>\n\n\n\n<p>Parmi ses nouvelles recrues, l\u2019\u00e9quipe accueille notamment <a href=\"https:\/\/www.transfermarkt.fr\/amadou-sylla\/profil\/spieler\/390947\" target=\"_blank\" rel=\"noreferrer noopener\">Amadou Sylla<\/a>, <a href=\"https:\/\/www.lyonladuchere.fr\/national-signature-de-belarbi-mansour\/\" target=\"_blank\" rel=\"noreferrer noopener\">Belarbi Mansour<\/a> le nouveau milieu d\u00e9fensif, ou encore <a href=\"https:\/\/www.lyonladuchere.fr\/national-othmane-benhamza-devient-ducherois\/\" target=\"_blank\" rel=\"noreferrer noopener\">Othmane Benhamza<\/a> !  \u201cConcernant le recrutement, on cherchait des gar\u00e7ons revanchards qui ont connu des d\u00e9sillusions, qui sont pr\u00eats \u00e0 travailler plus pour \u00e9voluer. \u00c0 l&rsquo;image de notre derni\u00e8re saison, on veut \u00e9voluer et on voulait que nos joueurs puissent \u00e9galement vivre cette exp\u00e9rience plus personnellement.\u201d, explique leur coach.<\/p>\n\n\n\n<figure class=\"wp-block-embed aligncenter is-type-rich is-provider-twitter wp-block-embed-twitter\"><div class=\"wp-block-embed__wrapper\">\nhttps:\/\/twitter.com\/LyonLaDuchere\/status\/1417209759179083782?ref_src=twsrc%5Etfw%7Ctwcamp%5Etweetembed%7Ctwterm%5E1417209759179083782%7Ctwgr%5E%7Ctwcon%5Es1_&#038;ref_url=https%3A%2F%2Fwww.foot-national.com%2Fnational%2Flyon-la-duchere-une-nouvelle-recrue-officialisee-653819\n<\/div><\/figure>\n\n\n\n<div class=\"wp-block-group\"><div class=\"wp-block-group__inner-container is-layout-flow wp-block-group-is-layout-flow\">\n<figure class=\"wp-block-gallery columns-2 is-cropped wp-block-gallery-1 is-layout-flex wp-block-gallery-is-layout-flex\"><ul class=\"blocks-gallery-grid\"><li class=\"blocks-gallery-item\"><figure><img loading=\"lazy\" decoding=\"async\" width=\"1245\" height=\"830\" src=\"https:\/\/lyonbondyblog.fr\/LBB\/wp-content\/uploads\/2021\/08\/Belarbi-Mansour\u00a9-Lyon-La-Duchere.jpg\" alt=\"\" data-id=\"24645\" data-full-url=\"https:\/\/lyonbondyblog.fr\/LBB\/wp-content\/uploads\/2021\/08\/Belarbi-Mansour\u00a9-Lyon-La-Duchere.jpg\" data-link=\"https:\/\/lyonbondyblog.fr\/LBB\/?attachment_id=24645\" class=\"wp-image-24645\" srcset=\"https:\/\/lyonbondyblog.fr\/LBB\/wp-content\/uploads\/2021\/08\/Belarbi-Mansour\u00a9-Lyon-La-Duchere.jpg 1245w, https:\/\/lyonbondyblog.fr\/LBB\/wp-content\/uploads\/2021\/08\/Belarbi-Mansour\u00a9-Lyon-La-Duchere-1200x800.jpg 1200w, https:\/\/lyonbondyblog.fr\/LBB\/wp-content\/uploads\/2021\/08\/Belarbi-Mansour\u00a9-Lyon-La-Duchere-768x512.jpg 768w, https:\/\/lyonbondyblog.fr\/LBB\/wp-content\/uploads\/2021\/08\/Belarbi-Mansour\u00a9-Lyon-La-Duchere-272x182.jpg 272w\" sizes=\"auto, (max-width: 1245px) 100vw, 1245px\" \/><figcaption class=\"blocks-gallery-item__caption\">Belardi Mansour lors de sa signature au Lyon &#8211; La Duch\u00e8re \u00a9Lyon La Duch\u00e8re <\/figcaption><\/figure><\/li><li class=\"blocks-gallery-item\"><figure><img loading=\"lazy\" decoding=\"async\" width=\"1000\" height=\"500\" src=\"https:\/\/lyonbondyblog.fr\/LBB\/wp-content\/uploads\/2021\/08\/Othmane-Benhamza.jpg\" alt=\"\" data-id=\"24646\" data-full-url=\"https:\/\/lyonbondyblog.fr\/LBB\/wp-content\/uploads\/2021\/08\/Othmane-Benhamza.jpg\" data-link=\"https:\/\/lyonbondyblog.fr\/LBB\/?attachment_id=24646\" class=\"wp-image-24646\" srcset=\"https:\/\/lyonbondyblog.fr\/LBB\/wp-content\/uploads\/2021\/08\/Othmane-Benhamza.jpg 1000w, https:\/\/lyonbondyblog.fr\/LBB\/wp-content\/uploads\/2021\/08\/Othmane-Benhamza-768x384.jpg 768w\" sizes=\"auto, (max-width: 1000px) 100vw, 1000px\" \/><figcaption class=\"blocks-gallery-item__caption\">Othmane Benhamza lors de sa signature au Lyon &#8211; La Duch\u00e8re  \u00a9Lyon La Duch\u00e8re  <\/figcaption><\/figure><\/li><\/ul><\/figure>\n<\/div><\/div>\n\n\n\n<p>A l\u2019\u00e9vocation de la rel\u00e9gation en National 2, l&rsquo;entra\u00eeneur semble confiant. \u201c Lorsqu&rsquo;on a \u00e9t\u00e9 rel\u00e9gu\u00e9s en N2, on venait de conna\u00eetre une saison tr\u00e8s difficile. On est en reconstruction, on a chang\u00e9 toute l\u2019\u00e9quipe, il faut du temps. Le club a fait un constat des erreurs du pass\u00e9, et nous on travaille pour ne pas les reproduire\u201d<\/p>\n\n\n\n<p>Concernant son \u00e9tat d&rsquo;esprit pour la saison \u00e0 venir, il confie : \u201cOn a la malchance d\u2019\u00eatre rel\u00e9gu\u00e9, on a la malchance d\u2019\u00eatre<a href=\"https:\/\/www.leprogres.fr\/sport\/2021\/08\/07\/national-2-la-poule-du-sud-un-univers-impitoyable\" target=\"_blank\" rel=\"noreferrer noopener\"> dans l\u2019une des poules les plus compliqu\u00e9es : le Sud.<\/a> Le plus important c\u2019est ce qu\u2019on va proposer mais il y a des \u00e9quipes tr\u00e8s ambitieuses dans le tas, et chaque weekend s\u2019annonce \u00eatre un combat.\u201d&nbsp;<\/p>\n<!-- AddThis Advanced Settings generic via filter on the_content --><!-- AddThis Share Buttons generic via filter on the_content -->","protected":false},"excerpt":{"rendered":"<p>L\u2019\u00e9p\u00e9e de Damocl\u00e8s qui s\u2019agitait jusque- l\u00e0, au dessus du club de Lyon La Duch\u00e8re, est d\u00e9finitivement tomb\u00e9e, la rel\u00e9gation a \u00e9t\u00e9 prononc\u00e9e. Pour y &hellip; <!-- AddThis Advanced Settings generic via filter on wp_trim_excerpt --><!-- AddThis Share Buttons generic via filter on wp_trim_excerpt --><\/p>\n","protected":false},"author":31857,"featured_media":24661,"comment_status":"open","ping_status":"open","sticky":true,"template":"","format":"standard","meta":{"_FSMCFIC_featured_image_caption":"","_FSMCFIC_featured_image_nocaption":"","_FSMCFIC_featured_image_hide":"","footnotes":""},"categories":[22233,3888,4],"tags":[27066,624,707,10,1864,27063],"class_list":["post-24644","post","type-post","status-publish","format-standard","has-post-thumbnail","hentry","category-duchere","category-football","category-lyon","tag-equipe","tag-football","tag-la-duchere","tag-lyon-2","tag-lyon-la-duchere","tag-national-2"],"yoast_head":"<!-- This site is optimized with the Yoast SEO plugin v22.8 - https:\/\/yoast.com\/wordpress\/plugins\/seo\/ -->\n<title>Football : Lyon La Duch\u00e8re se pr\u00e9pare pour la nouvelle saison. - Lyon Bondy Blog<\/title>\n<meta name=\"description\" content=\"Une nouvelle \u00e9quipe en pr\u00e9paration au sein du club Lyon La Duch\u00e8re pour une nouvelle saison o\u00f9 le club doit relever des d\u00e9fis...\" \/>\n<meta name=\"robots\" content=\"index, follow, max-snippet:-1, max-image-preview:large, max-video-preview:-1\" \/>\n<link rel=\"canonical\" href=\"https:\/\/lyonbondyblog.fr\/LBB\/football-lyon-la-duchere-se-prepare-pour-la-nouvelle-saison\/\" \/>\n<meta property=\"og:locale\" content=\"fr_FR\" \/>\n<meta property=\"og:type\" content=\"article\" \/>\n<meta property=\"og:title\" content=\"Football : Lyon La Duch\u00e8re se pr\u00e9pare pour la nouvelle saison. - Lyon Bondy Blog\" \/>\n<meta property=\"og:description\" content=\"Une nouvelle \u00e9quipe en pr\u00e9paration au sein du club Lyon La Duch\u00e8re pour une nouvelle saison o\u00f9 le club doit relever des d\u00e9fis...\" \/>\n<meta property=\"og:url\" content=\"https:\/\/lyonbondyblog.fr\/LBB\/football-lyon-la-duchere-se-prepare-pour-la-nouvelle-saison\/\" \/>\n<meta property=\"og:site_name\" content=\"Lyon Bondy Blog\" \/>\n<meta property=\"article:publisher\" content=\"https:\/\/www.facebook.com\/lyonbondyblog\" \/>\n<meta property=\"article:published_time\" content=\"2021-08-10T14:23:48+00:00\" \/>\n<meta property=\"article:modified_time\" content=\"2021-08-10T15:42:51+00:00\" \/>\n<meta property=\"og:image\" content=\"https:\/\/lyonbondyblog.fr\/LBB\/wp-content\/uploads\/2021\/08\/rando-retouche.png\" \/>\n\t<meta property=\"og:image:width\" content=\"1605\" \/>\n\t<meta property=\"og:image:height\" content=\"1080\" \/>\n\t<meta property=\"og:image:type\" content=\"image\/png\" \/>\n<meta name=\"author\" content=\"Amandine Leveneur\" \/>\n<meta name=\"twitter:card\" content=\"summary_large_image\" \/>\n<meta name=\"twitter:creator\" content=\"@bondybloglyon\" \/>\n<meta name=\"twitter:site\" content=\"@bondybloglyon\" \/>\n<script type=\"application\/ld+json\" class=\"yoast-schema-graph\">{\"@context\":\"https:\/\/schema.org\",\"@graph\":[{\"@type\":\"Article\",\"@id\":\"https:\/\/lyonbondyblog.fr\/LBB\/football-lyon-la-duchere-se-prepare-pour-la-nouvelle-saison\/#article\",\"isPartOf\":{\"@id\":\"https:\/\/lyonbondyblog.fr\/LBB\/football-lyon-la-duchere-se-prepare-pour-la-nouvelle-saison\/\"},\"author\":{\"name\":\"Amandine Leveneur\",\"@id\":\"https:\/\/lyonbondyblog.fr\/LBB\/#\/schema\/person\/b89f8481c4017638298de40fbc9afb68\"},\"headline\":\"Football : Lyon La Duch\u00e8re se pr\u00e9pare pour la nouvelle saison.\",\"datePublished\":\"2021-08-10T14:23:48+00:00\",\"dateModified\":\"2021-08-10T15:42:51+00:00\",\"mainEntityOfPage\":{\"@id\":\"https:\/\/lyonbondyblog.fr\/LBB\/football-lyon-la-duchere-se-prepare-pour-la-nouvelle-saison\/\"},\"wordCount\":643,\"commentCount\":0,\"publisher\":{\"@id\":\"https:\/\/lyonbondyblog.fr\/LBB\/#organization\"},\"image\":{\"@id\":\"https:\/\/lyonbondyblog.fr\/LBB\/football-lyon-la-duchere-se-prepare-pour-la-nouvelle-saison\/#primaryimage\"},\"thumbnailUrl\":\"https:\/\/lyonbondyblog.fr\/LBB\/wp-content\/uploads\/2021\/08\/rando-retouche.png\",\"keywords\":[\"\u00e9quipe\",\"Football\",\"la Duch\u00e8re\",\"lyon\",\"Lyon La Duch\u00e8re\",\"National 2\"],\"articleSection\":[\"Duch\u00e8re\",\"Football\",\"Lyon\"],\"inLanguage\":\"fr-FR\",\"potentialAction\":[{\"@type\":\"CommentAction\",\"name\":\"Comment\",\"target\":[\"https:\/\/lyonbondyblog.fr\/LBB\/football-lyon-la-duchere-se-prepare-pour-la-nouvelle-saison\/#respond\"]}]},{\"@type\":\"WebPage\",\"@id\":\"https:\/\/lyonbondyblog.fr\/LBB\/football-lyon-la-duchere-se-prepare-pour-la-nouvelle-saison\/\",\"url\":\"https:\/\/lyonbondyblog.fr\/LBB\/football-lyon-la-duchere-se-prepare-pour-la-nouvelle-saison\/\",\"name\":\"Football : Lyon La Duch\u00e8re se pr\u00e9pare pour la nouvelle saison. - Lyon Bondy Blog\",\"isPartOf\":{\"@id\":\"https:\/\/lyonbondyblog.fr\/LBB\/#website\"},\"primaryImageOfPage\":{\"@id\":\"https:\/\/lyonbondyblog.fr\/LBB\/football-lyon-la-duchere-se-prepare-pour-la-nouvelle-saison\/#primaryimage\"},\"image\":{\"@id\":\"https:\/\/lyonbondyblog.fr\/LBB\/football-lyon-la-duchere-se-prepare-pour-la-nouvelle-saison\/#primaryimage\"},\"thumbnailUrl\":\"https:\/\/lyonbondyblog.fr\/LBB\/wp-content\/uploads\/2021\/08\/rando-retouche.png\",\"datePublished\":\"2021-08-10T14:23:48+00:00\",\"dateModified\":\"2021-08-10T15:42:51+00:00\",\"description\":\"Une nouvelle \u00e9quipe en pr\u00e9paration au sein du club Lyon La Duch\u00e8re pour une nouvelle saison o\u00f9 le club doit relever des d\u00e9fis...\",\"inLanguage\":\"fr-FR\",\"potentialAction\":[{\"@type\":\"ReadAction\",\"target\":[\"https:\/\/lyonbondyblog.fr\/LBB\/football-lyon-la-duchere-se-prepare-pour-la-nouvelle-saison\/\"]}]},{\"@type\":\"ImageObject\",\"inLanguage\":\"fr-FR\",\"@id\":\"https:\/\/lyonbondyblog.fr\/LBB\/football-lyon-la-duchere-se-prepare-pour-la-nouvelle-saison\/#primaryimage\",\"url\":\"https:\/\/lyonbondyblog.fr\/LBB\/wp-content\/uploads\/2021\/08\/rando-retouche.png\",\"contentUrl\":\"https:\/\/lyonbondyblog.fr\/LBB\/wp-content\/uploads\/2021\/08\/rando-retouche.png\",\"width\":1605,\"height\":1080,\"caption\":\"L'\u00e9quipe r\u00e9unis lors du stage de pr\u00e9paration \u00e0 Tignes \u00a9Lyon - La Duch\u00e8re\"},{\"@type\":\"WebSite\",\"@id\":\"https:\/\/lyonbondyblog.fr\/LBB\/#website\",\"url\":\"https:\/\/lyonbondyblog.fr\/LBB\/\",\"name\":\"Lyon Bondy Blog\",\"description\":\"\",\"publisher\":{\"@id\":\"https:\/\/lyonbondyblog.fr\/LBB\/#organization\"},\"potentialAction\":[{\"@type\":\"SearchAction\",\"target\":{\"@type\":\"EntryPoint\",\"urlTemplate\":\"https:\/\/lyonbondyblog.fr\/LBB\/?s={search_term_string}\"},\"query-input\":\"required name=search_term_string\"}],\"inLanguage\":\"fr-FR\"},{\"@type\":\"Organization\",\"@id\":\"https:\/\/lyonbondyblog.fr\/LBB\/#organization\",\"name\":\"LYON BONDY BLOG\",\"url\":\"https:\/\/lyonbondyblog.fr\/LBB\/\",\"logo\":{\"@type\":\"ImageObject\",\"inLanguage\":\"fr-FR\",\"@id\":\"https:\/\/lyonbondyblog.fr\/LBB\/#\/schema\/logo\/image\/\",\"url\":\"http:\/\/lyonbondyblog.fr\/LBB\/wp-content\/uploads\/2014\/10\/logo-portable-144.png\",\"contentUrl\":\"http:\/\/lyonbondyblog.fr\/LBB\/wp-content\/uploads\/2014\/10\/logo-portable-144.png\",\"width\":144,\"height\":123,\"caption\":\"LYON BONDY BLOG\"},\"image\":{\"@id\":\"https:\/\/lyonbondyblog.fr\/LBB\/#\/schema\/logo\/image\/\"},\"sameAs\":[\"https:\/\/www.facebook.com\/lyonbondyblog\",\"https:\/\/x.com\/bondybloglyon\"]},{\"@type\":\"Person\",\"@id\":\"https:\/\/lyonbondyblog.fr\/LBB\/#\/schema\/person\/b89f8481c4017638298de40fbc9afb68\",\"name\":\"Amandine Leveneur\",\"sameAs\":[\"https:\/\/www.instagram.com\/amandine_leveneur\/?hl=fr\"],\"url\":\"https:\/\/lyonbondyblog.fr\/LBB\/author\/amandine\/\"}]}<\/script>\n<!-- \/ Yoast SEO plugin. -->","yoast_head_json":{"title":"Football : Lyon La Duch\u00e8re se pr\u00e9pare pour la nouvelle saison. - Lyon Bondy Blog","description":"Une nouvelle \u00e9quipe en pr\u00e9paration au sein du club Lyon La Duch\u00e8re pour une nouvelle saison o\u00f9 le club doit relever des d\u00e9fis...","robots":{"index":"index","follow":"follow","max-snippet":"max-snippet:-1","max-image-preview":"max-image-preview:large","max-video-preview":"max-video-preview:-1"},"canonical":"https:\/\/lyonbondyblog.fr\/LBB\/football-lyon-la-duchere-se-prepare-pour-la-nouvelle-saison\/","og_locale":"fr_FR","og_type":"article","og_title":"Football : Lyon La Duch\u00e8re se pr\u00e9pare pour la nouvelle saison. - Lyon Bondy Blog","og_description":"Une nouvelle \u00e9quipe en pr\u00e9paration au sein du club Lyon La Duch\u00e8re pour une nouvelle saison o\u00f9 le club doit relever des d\u00e9fis...","og_url":"https:\/\/lyonbondyblog.fr\/LBB\/football-lyon-la-duchere-se-prepare-pour-la-nouvelle-saison\/","og_site_name":"Lyon Bondy Blog","article_publisher":"https:\/\/www.facebook.com\/lyonbondyblog","article_published_time":"2021-08-10T14:23:48+00:00","article_modified_time":"2021-08-10T15:42:51+00:00","og_image":[{"width":1605,"height":1080,"url":"https:\/\/lyonbondyblog.fr\/LBB\/wp-content\/uploads\/2021\/08\/rando-retouche.png","type":"image\/png"}],"author":"Amandine Leveneur","twitter_card":"summary_large_image","twitter_creator":"@bondybloglyon","twitter_site":"@bondybloglyon","schema":{"@context":"https:\/\/schema.org","@graph":[{"@type":"Article","@id":"https:\/\/lyonbondyblog.fr\/LBB\/football-lyon-la-duchere-se-prepare-pour-la-nouvelle-saison\/#article","isPartOf":{"@id":"https:\/\/lyonbondyblog.fr\/LBB\/football-lyon-la-duchere-se-prepare-pour-la-nouvelle-saison\/"},"author":{"name":"Amandine Leveneur","@id":"https:\/\/lyonbondyblog.fr\/LBB\/#\/schema\/person\/b89f8481c4017638298de40fbc9afb68"},"headline":"Football : Lyon La Duch\u00e8re se pr\u00e9pare pour la nouvelle saison.","datePublished":"2021-08-10T14:23:48+00:00","dateModified":"2021-08-10T15:42:51+00:00","mainEntityOfPage":{"@id":"https:\/\/lyonbondyblog.fr\/LBB\/football-lyon-la-duchere-se-prepare-pour-la-nouvelle-saison\/"},"wordCount":643,"commentCount":0,"publisher":{"@id":"https:\/\/lyonbondyblog.fr\/LBB\/#organization"},"image":{"@id":"https:\/\/lyonbondyblog.fr\/LBB\/football-lyon-la-duchere-se-prepare-pour-la-nouvelle-saison\/#primaryimage"},"thumbnailUrl":"https:\/\/lyonbondyblog.fr\/LBB\/wp-content\/uploads\/2021\/08\/rando-retouche.png","keywords":["\u00e9quipe","Football","la Duch\u00e8re","lyon","Lyon La Duch\u00e8re","National 2"],"articleSection":["Duch\u00e8re","Football","Lyon"],"inLanguage":"fr-FR","potentialAction":[{"@type":"CommentAction","name":"Comment","target":["https:\/\/lyonbondyblog.fr\/LBB\/football-lyon-la-duchere-se-prepare-pour-la-nouvelle-saison\/#respond"]}]},{"@type":"WebPage","@id":"https:\/\/lyonbondyblog.fr\/LBB\/football-lyon-la-duchere-se-prepare-pour-la-nouvelle-saison\/","url":"https:\/\/lyonbondyblog.fr\/LBB\/football-lyon-la-duchere-se-prepare-pour-la-nouvelle-saison\/","name":"Football : Lyon La Duch\u00e8re se pr\u00e9pare pour la nouvelle saison. - Lyon Bondy Blog","isPartOf":{"@id":"https:\/\/lyonbondyblog.fr\/LBB\/#website"},"primaryImageOfPage":{"@id":"https:\/\/lyonbondyblog.fr\/LBB\/football-lyon-la-duchere-se-prepare-pour-la-nouvelle-saison\/#primaryimage"},"image":{"@id":"https:\/\/lyonbondyblog.fr\/LBB\/football-lyon-la-duchere-se-prepare-pour-la-nouvelle-saison\/#primaryimage"},"thumbnailUrl":"https:\/\/lyonbondyblog.fr\/LBB\/wp-content\/uploads\/2021\/08\/rando-retouche.png","datePublished":"2021-08-10T14:23:48+00:00","dateModified":"2021-08-10T15:42:51+00:00","description":"Une nouvelle \u00e9quipe en pr\u00e9paration au sein du club Lyon La Duch\u00e8re pour une nouvelle saison o\u00f9 le club doit relever des d\u00e9fis...","inLanguage":"fr-FR","potentialAction":[{"@type":"ReadAction","target":["https:\/\/lyonbondyblog.fr\/LBB\/football-lyon-la-duchere-se-prepare-pour-la-nouvelle-saison\/"]}]},{"@type":"ImageObject","inLanguage":"fr-FR","@id":"https:\/\/lyonbondyblog.fr\/LBB\/football-lyon-la-duchere-se-prepare-pour-la-nouvelle-saison\/#primaryimage","url":"https:\/\/lyonbondyblog.fr\/LBB\/wp-content\/uploads\/2021\/08\/rando-retouche.png","contentUrl":"https:\/\/lyonbondyblog.fr\/LBB\/wp-content\/uploads\/2021\/08\/rando-retouche.png","width":1605,"height":1080,"caption":"L'\u00e9quipe r\u00e9unis lors du stage de pr\u00e9paration \u00e0 Tignes \u00a9Lyon - La Duch\u00e8re"},{"@type":"WebSite","@id":"https:\/\/lyonbondyblog.fr\/LBB\/#website","url":"https:\/\/lyonbondyblog.fr\/LBB\/","name":"Lyon Bondy Blog","description":"","publisher":{"@id":"https:\/\/lyonbondyblog.fr\/LBB\/#organization"},"potentialAction":[{"@type":"SearchAction","target":{"@type":"EntryPoint","urlTemplate":"https:\/\/lyonbondyblog.fr\/LBB\/?s={search_term_string}"},"query-input":"required name=search_term_string"}],"inLanguage":"fr-FR"},{"@type":"Organization","@id":"https:\/\/lyonbondyblog.fr\/LBB\/#organization","name":"LYON BONDY BLOG","url":"https:\/\/lyonbondyblog.fr\/LBB\/","logo":{"@type":"ImageObject","inLanguage":"fr-FR","@id":"https:\/\/lyonbondyblog.fr\/LBB\/#\/schema\/logo\/image\/","url":"http:\/\/lyonbondyblog.fr\/LBB\/wp-content\/uploads\/2014\/10\/logo-portable-144.png","contentUrl":"http:\/\/lyonbondyblog.fr\/LBB\/wp-content\/uploads\/2014\/10\/logo-portable-144.png","width":144,"height":123,"caption":"LYON BONDY BLOG"},"image":{"@id":"https:\/\/lyonbondyblog.fr\/LBB\/#\/schema\/logo\/image\/"},"sameAs":["https:\/\/www.facebook.com\/lyonbondyblog","https:\/\/x.com\/bondybloglyon"]},{"@type":"Person","@id":"https:\/\/lyonbondyblog.fr\/LBB\/#\/schema\/person\/b89f8481c4017638298de40fbc9afb68","name":"Amandine Leveneur","sameAs":["https:\/\/www.instagram.com\/amandine_leveneur\/?hl=fr"],"url":"https:\/\/lyonbondyblog.fr\/LBB\/author\/amandine\/"}]}},"_links":{"self":[{"href":"https:\/\/lyonbondyblog.fr\/LBB\/wp-json\/wp\/v2\/posts\/24644","targetHints":{"allow":["GET"]}}],"collection":[{"href":"https:\/\/lyonbondyblog.fr\/LBB\/wp-json\/wp\/v2\/posts"}],"about":[{"href":"https:\/\/lyonbondyblog.fr\/LBB\/wp-json\/wp\/v2\/types\/post"}],"author":[{"embeddable":true,"href":"https:\/\/lyonbondyblog.fr\/LBB\/wp-json\/wp\/v2\/users\/31857"}],"replies":[{"embeddable":true,"href":"https:\/\/lyonbondyblog.fr\/LBB\/wp-json\/wp\/v2\/comments?post=24644"}],"version-history":[{"count":19,"href":"https:\/\/lyonbondyblog.fr\/LBB\/wp-json\/wp\/v2\/posts\/24644\/revisions"}],"predecessor-version":[{"id":24671,"href":"https:\/\/lyonbondyblog.fr\/LBB\/wp-json\/wp\/v2\/posts\/24644\/revisions\/24671"}],"wp:featuredmedia":[{"embeddable":true,"href":"https:\/\/lyonbondyblog.fr\/LBB\/wp-json\/wp\/v2\/media\/24661"}],"wp:attachment":[{"href":"https:\/\/lyonbondyblog.fr\/LBB\/wp-json\/wp\/v2\/media?parent=24644"}],"wp:term":[{"taxonomy":"category","embeddable":true,"href":"https:\/\/lyonbondyblog.fr\/LBB\/wp-json\/wp\/v2\/categories?post=24644"},{"taxonomy":"post_tag","embeddable":true,"href":"https:\/\/lyonbondyblog.fr\/LBB\/wp-json\/wp\/v2\/tags?post=24644"}],"curies":[{"name":"wp","href":"https:\/\/api.w.org\/{rel}","templated":true}]}}