{"id":24593,"date":"2021-08-06T17:08:58","date_gmt":"2021-08-06T15:08:58","guid":{"rendered":"http:\/\/lyonbondyblog.fr\/LBB\/?p=24593"},"modified":"2021-08-06T17:09:00","modified_gmt":"2021-08-06T15:09:00","slug":"les-ehpads-resonnent-aux-rythmes-du-jazz","status":"publish","type":"post","link":"https:\/\/lyonbondyblog.fr\/LBB\/les-ehpads-resonnent-aux-rythmes-du-jazz\/","title":{"rendered":"Les Ehpads r\u00e9sonnent aux rythmes du Jazz"},"content":{"rendered":"\n<p><strong>Organis\u00e9s par <a href=\"https:\/\/jazzsra.fr\/\">Jazz(s) Rh\u00f4ne-Alpes<\/a> et <a href=\"https:\/\/www.grandlyon.com\/\">la M\u00e9tropole de Lyon<\/a>, depuis le 21 juin et jusqu\u2019au 15 septembre, 32 musiciennes et musiciens professionnels se produisent au sein des \u00e9tablissement d\u2019h\u00e9bergement pour personnes \u00e2g\u00e9es d\u00e9pendantes de la M\u00e9tropole. Leur but&nbsp;: \u00e9gayer, divertir et surtout rendre la culture accessible \u00e0 tous.<\/strong><\/p>\n\n\n\n<p>Consid\u00e9r\u00e9s comme un public particuli\u00e8rement \u00e9loign\u00e9 de la culture, ces sessions donnent acc\u00e8s \u00e0 la musique aux pensionnaires des Ehpads. \u00ab&nbsp;Ces concerts sont l\u2019occasion pour les r\u00e9sidents de retrouver du lien social au travers de moments festifs et conviviaux apr\u00e8s ces derniers mois difficiles \u00bb d\u00e9clare Pascal Blanchard, Vice-Pr\u00e9sident en charge de la sant\u00e9, des personnes \u00e2g\u00e9es et des personnes en situation de handicap.<\/p>\n\n\n\n<p>La m\u00e9tropole de Lyon fait de <a href=\"https:\/\/www.grandlyon.com\/services\/personnes-agees.html\">l&rsquo;inclusion sociale des personnes \u00e2g\u00e9es <\/a>l&rsquo;un des axes forts de ses politiques de solidarit\u00e9s m\u00e9tropolitaines. Pour faire vivre ces actions dans les \u00e9tablissements sp\u00e9cialis\u00e9s du territoire, la M\u00e9tropole&nbsp;les accompagnent financi\u00e8rement. L\u2019initiative port\u00e9e par JAZZ(s) Rh\u00f4ne-Alpes a donc \u00e9t\u00e9 soutenue \u00e0 hauteur de 5 000\u20ac : ce dispositif a permis d\u2019organiser tout au long de l\u2019\u00e9t\u00e9 14 concerts.<\/p>\n\n\n\n<p>Les Jazz concerts repr\u00e9sentent une v\u00e9ritable occasion pour recr\u00e9er les liens sociaux qui ont \u00e9t\u00e9 fortement impact\u00e9s par la crise sanitaire, dans ce contexte, il est question des liens sociaux entre les seniors des Ehpads. \u00c0 ce jour, de nombreux concerts sur le territoire ont \u00e9t\u00e9 organis\u00e9s, d\u2019autres vont suivre d\u2019ici mi-septembre.<\/p>\n\n\n\n<p>Au programme&nbsp;:<\/p>\n\n\n\n<p>\u2022 Givors : le 10 ao\u00fbt \u00e0 St-Vincent<\/p>\n\n\n\n<p>\u2022 Caluire-et-Cuire : le 11 ao\u00fbt \u00e0 l\u2019Ehpad Le Manoir<\/p>\n\n\n\n<p>\u2022 Meyzieu : le 18 ao\u00fbt \u00e0 l\u2019Ehpad Jean-Courjon<\/p>\n\n\n\n<p>\u2022 Feyzin : le 21 ao\u00fbt \u00e0 l\u2019Ehpad Maison Fleurie<\/p>\n\n\n\n<p>\u2022 Neuville-sur-Sa\u00f4ne : le 1er septembre \u00e0 l\u2019Ehpad rattach\u00e9 \u00e0 l\u2019h\u00f4pital Intercommunal de Neuville-sur-Sa\u00f4ne<\/p>\n\n\n\n<p>\u2022 Albigny-sur-Sa\u00f4ne : le 15 septembre \u00e0 l\u2019Ehpad Jacques Chauvir\u00e9<\/p>\n\n\n\n<p>C\u00e9dric Van Styvendael, vice-pr\u00e9sident en charge de la culture \u00e0 la M\u00e9tropole, rappelle qu\u2019il est primordial de lutter contre les in\u00e9galit\u00e9s d\u2019acc\u00e8s \u00e0 la culture pour en faire un levier d\u2019inclusion sociale. &nbsp;\u00ab&nbsp;Pour cela nous nous appuyons sur les ressources culturelles du territoire m\u00e9tropolitain en soutenant les initiatives comme Ehpad(s) en Jazz(s) \u00bb explique-t-il.<\/p>\n\n\n\n<p>La culture est l&rsquo;un des secteurs ayant souffert de la fermeture des lieux d&rsquo;accueil, l&rsquo;id\u00e9e donc est aussi de soutenir les acteurs de la culture, en leur proposant un espace sur lequel ils peuvent se produire, le temps d&rsquo;un concert. <\/p>\n<!-- AddThis Advanced Settings generic via filter on the_content --><!-- AddThis Share Buttons generic via filter on the_content -->","protected":false},"excerpt":{"rendered":"<p>Organis\u00e9s par Jazz(s) Rh\u00f4ne-Alpes et la M\u00e9tropole de Lyon, depuis le 21 juin et jusqu\u2019au 15 septembre, 32 musiciennes et musiciens professionnels se produisent au &hellip; <!-- AddThis Advanced Settings generic via filter on wp_trim_excerpt --><!-- AddThis Share Buttons generic via filter on wp_trim_excerpt --><\/p>\n","protected":false},"author":1,"featured_media":24600,"comment_status":"open","ping_status":"open","sticky":true,"template":"","format":"standard","meta":{"_FSMCFIC_featured_image_caption":"","_FSMCFIC_featured_image_nocaption":"","_FSMCFIC_featured_image_hide":"","footnotes":""},"categories":[4,22015,13697],"tags":[],"class_list":["post-24593","post","type-post","status-publish","format-standard","has-post-thumbnail","hentry","category-lyon","category-metropole","category-spectacle"],"yoast_head":"<!-- This site is optimized with the Yoast SEO plugin v22.8 - https:\/\/yoast.com\/wordpress\/plugins\/seo\/ -->\n<title>Les Ehpads r\u00e9sonnent aux rythmes du Jazz - Lyon Bondy Blog<\/title>\n<meta name=\"robots\" content=\"index, follow, max-snippet:-1, max-image-preview:large, max-video-preview:-1\" \/>\n<link rel=\"canonical\" href=\"https:\/\/lyonbondyblog.fr\/LBB\/les-ehpads-resonnent-aux-rythmes-du-jazz\/\" \/>\n<meta property=\"og:locale\" content=\"fr_FR\" \/>\n<meta property=\"og:type\" content=\"article\" \/>\n<meta property=\"og:title\" content=\"Les Ehpads r\u00e9sonnent aux rythmes du Jazz - Lyon Bondy Blog\" \/>\n<meta property=\"og:description\" content=\"Organis\u00e9s par Jazz(s) Rh\u00f4ne-Alpes et la M\u00e9tropole de Lyon, depuis le 21 juin et jusqu\u2019au 15 septembre, 32 musiciennes et musiciens professionnels se produisent au &hellip;\" \/>\n<meta property=\"og:url\" content=\"https:\/\/lyonbondyblog.fr\/LBB\/les-ehpads-resonnent-aux-rythmes-du-jazz\/\" \/>\n<meta property=\"og:site_name\" content=\"Lyon Bondy Blog\" \/>\n<meta property=\"article:publisher\" content=\"https:\/\/www.facebook.com\/lyonbondyblog\" \/>\n<meta property=\"article:author\" content=\"https:\/\/www.facebook.com\/lyonbondyblog\" \/>\n<meta property=\"article:published_time\" content=\"2021-08-06T15:08:58+00:00\" \/>\n<meta property=\"article:modified_time\" content=\"2021-08-06T15:09:00+00:00\" \/>\n<meta property=\"og:image\" content=\"https:\/\/lyonbondyblog.fr\/LBB\/wp-content\/uploads\/2021\/08\/082bf2dc3a52b370e67885dfaecd6f5d-e1628243873912.jpeg\" \/>\n\t<meta property=\"og:image:width\" content=\"600\" \/>\n\t<meta property=\"og:image:height\" content=\"338\" \/>\n\t<meta property=\"og:image:type\" content=\"image\/jpeg\" \/>\n<meta name=\"author\" content=\"La r\u00e9daction\" \/>\n<meta name=\"twitter:card\" content=\"summary_large_image\" \/>\n<meta name=\"twitter:creator\" content=\"@BondyBlogLyon\" \/>\n<meta name=\"twitter:site\" content=\"@bondybloglyon\" \/>\n<script type=\"application\/ld+json\" class=\"yoast-schema-graph\">{\"@context\":\"https:\/\/schema.org\",\"@graph\":[{\"@type\":\"Article\",\"@id\":\"https:\/\/lyonbondyblog.fr\/LBB\/les-ehpads-resonnent-aux-rythmes-du-jazz\/#article\",\"isPartOf\":{\"@id\":\"https:\/\/lyonbondyblog.fr\/LBB\/les-ehpads-resonnent-aux-rythmes-du-jazz\/\"},\"author\":{\"name\":\"La r\u00e9daction\",\"@id\":\"https:\/\/lyonbondyblog.fr\/LBB\/#\/schema\/person\/e45f8d27baac75072daa0be50c409b25\"},\"headline\":\"Les Ehpads r\u00e9sonnent aux rythmes du Jazz\",\"datePublished\":\"2021-08-06T15:08:58+00:00\",\"dateModified\":\"2021-08-06T15:09:00+00:00\",\"mainEntityOfPage\":{\"@id\":\"https:\/\/lyonbondyblog.fr\/LBB\/les-ehpads-resonnent-aux-rythmes-du-jazz\/\"},\"wordCount\":428,\"commentCount\":0,\"publisher\":{\"@id\":\"https:\/\/lyonbondyblog.fr\/LBB\/#organization\"},\"image\":{\"@id\":\"https:\/\/lyonbondyblog.fr\/LBB\/les-ehpads-resonnent-aux-rythmes-du-jazz\/#primaryimage\"},\"thumbnailUrl\":\"https:\/\/lyonbondyblog.fr\/LBB\/wp-content\/uploads\/2021\/08\/082bf2dc3a52b370e67885dfaecd6f5d-e1628243873912.jpeg\",\"articleSection\":[\"Lyon\",\"M\u00e9tropole\",\"Spectacle\"],\"inLanguage\":\"fr-FR\",\"potentialAction\":[{\"@type\":\"CommentAction\",\"name\":\"Comment\",\"target\":[\"https:\/\/lyonbondyblog.fr\/LBB\/les-ehpads-resonnent-aux-rythmes-du-jazz\/#respond\"]}]},{\"@type\":\"WebPage\",\"@id\":\"https:\/\/lyonbondyblog.fr\/LBB\/les-ehpads-resonnent-aux-rythmes-du-jazz\/\",\"url\":\"https:\/\/lyonbondyblog.fr\/LBB\/les-ehpads-resonnent-aux-rythmes-du-jazz\/\",\"name\":\"Les Ehpads r\u00e9sonnent aux rythmes du Jazz - Lyon Bondy Blog\",\"isPartOf\":{\"@id\":\"https:\/\/lyonbondyblog.fr\/LBB\/#website\"},\"primaryImageOfPage\":{\"@id\":\"https:\/\/lyonbondyblog.fr\/LBB\/les-ehpads-resonnent-aux-rythmes-du-jazz\/#primaryimage\"},\"image\":{\"@id\":\"https:\/\/lyonbondyblog.fr\/LBB\/les-ehpads-resonnent-aux-rythmes-du-jazz\/#primaryimage\"},\"thumbnailUrl\":\"https:\/\/lyonbondyblog.fr\/LBB\/wp-content\/uploads\/2021\/08\/082bf2dc3a52b370e67885dfaecd6f5d-e1628243873912.jpeg\",\"datePublished\":\"2021-08-06T15:08:58+00:00\",\"dateModified\":\"2021-08-06T15:09:00+00:00\",\"inLanguage\":\"fr-FR\",\"potentialAction\":[{\"@type\":\"ReadAction\",\"target\":[\"https:\/\/lyonbondyblog.fr\/LBB\/les-ehpads-resonnent-aux-rythmes-du-jazz\/\"]}]},{\"@type\":\"ImageObject\",\"inLanguage\":\"fr-FR\",\"@id\":\"https:\/\/lyonbondyblog.fr\/LBB\/les-ehpads-resonnent-aux-rythmes-du-jazz\/#primaryimage\",\"url\":\"https:\/\/lyonbondyblog.fr\/LBB\/wp-content\/uploads\/2021\/08\/082bf2dc3a52b370e67885dfaecd6f5d-e1628243873912.jpeg\",\"contentUrl\":\"https:\/\/lyonbondyblog.fr\/LBB\/wp-content\/uploads\/2021\/08\/082bf2dc3a52b370e67885dfaecd6f5d-e1628243873912.jpeg\",\"width\":600,\"height\":338,\"caption\":\"DR\"},{\"@type\":\"WebSite\",\"@id\":\"https:\/\/lyonbondyblog.fr\/LBB\/#website\",\"url\":\"https:\/\/lyonbondyblog.fr\/LBB\/\",\"name\":\"Lyon Bondy Blog\",\"description\":\"\",\"publisher\":{\"@id\":\"https:\/\/lyonbondyblog.fr\/LBB\/#organization\"},\"potentialAction\":[{\"@type\":\"SearchAction\",\"target\":{\"@type\":\"EntryPoint\",\"urlTemplate\":\"https:\/\/lyonbondyblog.fr\/LBB\/?s={search_term_string}\"},\"query-input\":\"required name=search_term_string\"}],\"inLanguage\":\"fr-FR\"},{\"@type\":\"Organization\",\"@id\":\"https:\/\/lyonbondyblog.fr\/LBB\/#organization\",\"name\":\"LYON BONDY BLOG\",\"url\":\"https:\/\/lyonbondyblog.fr\/LBB\/\",\"logo\":{\"@type\":\"ImageObject\",\"inLanguage\":\"fr-FR\",\"@id\":\"https:\/\/lyonbondyblog.fr\/LBB\/#\/schema\/logo\/image\/\",\"url\":\"http:\/\/lyonbondyblog.fr\/LBB\/wp-content\/uploads\/2014\/10\/logo-portable-144.png\",\"contentUrl\":\"http:\/\/lyonbondyblog.fr\/LBB\/wp-content\/uploads\/2014\/10\/logo-portable-144.png\",\"width\":144,\"height\":123,\"caption\":\"LYON BONDY BLOG\"},\"image\":{\"@id\":\"https:\/\/lyonbondyblog.fr\/LBB\/#\/schema\/logo\/image\/\"},\"sameAs\":[\"https:\/\/www.facebook.com\/lyonbondyblog\",\"https:\/\/x.com\/bondybloglyon\"]},{\"@type\":\"Person\",\"@id\":\"https:\/\/lyonbondyblog.fr\/LBB\/#\/schema\/person\/e45f8d27baac75072daa0be50c409b25\",\"name\":\"La r\u00e9daction\",\"description\":\"Cr\u00e9e en 2008, la r\u00e9daction du Lyon Bondy Blog s'applique \u00e0 proposer une information locale diff\u00e9rente et compl\u00e9mentaire des m\u00e9dias traditionnels.\",\"sameAs\":[\"https:\/\/www.facebook.com\/lyonbondyblog\",\"https:\/\/x.com\/BondyBlogLyon\"],\"url\":\"https:\/\/lyonbondyblog.fr\/LBB\/author\/admin\/\"}]}<\/script>\n<!-- \/ Yoast SEO plugin. -->","yoast_head_json":{"title":"Les Ehpads r\u00e9sonnent aux rythmes du Jazz - Lyon Bondy Blog","robots":{"index":"index","follow":"follow","max-snippet":"max-snippet:-1","max-image-preview":"max-image-preview:large","max-video-preview":"max-video-preview:-1"},"canonical":"https:\/\/lyonbondyblog.fr\/LBB\/les-ehpads-resonnent-aux-rythmes-du-jazz\/","og_locale":"fr_FR","og_type":"article","og_title":"Les Ehpads r\u00e9sonnent aux rythmes du Jazz - Lyon Bondy Blog","og_description":"Organis\u00e9s par Jazz(s) Rh\u00f4ne-Alpes et la M\u00e9tropole de Lyon, depuis le 21 juin et jusqu\u2019au 15 septembre, 32 musiciennes et musiciens professionnels se produisent au &hellip;","og_url":"https:\/\/lyonbondyblog.fr\/LBB\/les-ehpads-resonnent-aux-rythmes-du-jazz\/","og_site_name":"Lyon Bondy Blog","article_publisher":"https:\/\/www.facebook.com\/lyonbondyblog","article_author":"https:\/\/www.facebook.com\/lyonbondyblog","article_published_time":"2021-08-06T15:08:58+00:00","article_modified_time":"2021-08-06T15:09:00+00:00","og_image":[{"width":600,"height":338,"url":"https:\/\/lyonbondyblog.fr\/LBB\/wp-content\/uploads\/2021\/08\/082bf2dc3a52b370e67885dfaecd6f5d-e1628243873912.jpeg","type":"image\/jpeg"}],"author":"La r\u00e9daction","twitter_card":"summary_large_image","twitter_creator":"@BondyBlogLyon","twitter_site":"@bondybloglyon","schema":{"@context":"https:\/\/schema.org","@graph":[{"@type":"Article","@id":"https:\/\/lyonbondyblog.fr\/LBB\/les-ehpads-resonnent-aux-rythmes-du-jazz\/#article","isPartOf":{"@id":"https:\/\/lyonbondyblog.fr\/LBB\/les-ehpads-resonnent-aux-rythmes-du-jazz\/"},"author":{"name":"La r\u00e9daction","@id":"https:\/\/lyonbondyblog.fr\/LBB\/#\/schema\/person\/e45f8d27baac75072daa0be50c409b25"},"headline":"Les Ehpads r\u00e9sonnent aux rythmes du Jazz","datePublished":"2021-08-06T15:08:58+00:00","dateModified":"2021-08-06T15:09:00+00:00","mainEntityOfPage":{"@id":"https:\/\/lyonbondyblog.fr\/LBB\/les-ehpads-resonnent-aux-rythmes-du-jazz\/"},"wordCount":428,"commentCount":0,"publisher":{"@id":"https:\/\/lyonbondyblog.fr\/LBB\/#organization"},"image":{"@id":"https:\/\/lyonbondyblog.fr\/LBB\/les-ehpads-resonnent-aux-rythmes-du-jazz\/#primaryimage"},"thumbnailUrl":"https:\/\/lyonbondyblog.fr\/LBB\/wp-content\/uploads\/2021\/08\/082bf2dc3a52b370e67885dfaecd6f5d-e1628243873912.jpeg","articleSection":["Lyon","M\u00e9tropole","Spectacle"],"inLanguage":"fr-FR","potentialAction":[{"@type":"CommentAction","name":"Comment","target":["https:\/\/lyonbondyblog.fr\/LBB\/les-ehpads-resonnent-aux-rythmes-du-jazz\/#respond"]}]},{"@type":"WebPage","@id":"https:\/\/lyonbondyblog.fr\/LBB\/les-ehpads-resonnent-aux-rythmes-du-jazz\/","url":"https:\/\/lyonbondyblog.fr\/LBB\/les-ehpads-resonnent-aux-rythmes-du-jazz\/","name":"Les Ehpads r\u00e9sonnent aux rythmes du Jazz - Lyon Bondy Blog","isPartOf":{"@id":"https:\/\/lyonbondyblog.fr\/LBB\/#website"},"primaryImageOfPage":{"@id":"https:\/\/lyonbondyblog.fr\/LBB\/les-ehpads-resonnent-aux-rythmes-du-jazz\/#primaryimage"},"image":{"@id":"https:\/\/lyonbondyblog.fr\/LBB\/les-ehpads-resonnent-aux-rythmes-du-jazz\/#primaryimage"},"thumbnailUrl":"https:\/\/lyonbondyblog.fr\/LBB\/wp-content\/uploads\/2021\/08\/082bf2dc3a52b370e67885dfaecd6f5d-e1628243873912.jpeg","datePublished":"2021-08-06T15:08:58+00:00","dateModified":"2021-08-06T15:09:00+00:00","inLanguage":"fr-FR","potentialAction":[{"@type":"ReadAction","target":["https:\/\/lyonbondyblog.fr\/LBB\/les-ehpads-resonnent-aux-rythmes-du-jazz\/"]}]},{"@type":"ImageObject","inLanguage":"fr-FR","@id":"https:\/\/lyonbondyblog.fr\/LBB\/les-ehpads-resonnent-aux-rythmes-du-jazz\/#primaryimage","url":"https:\/\/lyonbondyblog.fr\/LBB\/wp-content\/uploads\/2021\/08\/082bf2dc3a52b370e67885dfaecd6f5d-e1628243873912.jpeg","contentUrl":"https:\/\/lyonbondyblog.fr\/LBB\/wp-content\/uploads\/2021\/08\/082bf2dc3a52b370e67885dfaecd6f5d-e1628243873912.jpeg","width":600,"height":338,"caption":"DR"},{"@type":"WebSite","@id":"https:\/\/lyonbondyblog.fr\/LBB\/#website","url":"https:\/\/lyonbondyblog.fr\/LBB\/","name":"Lyon Bondy Blog","description":"","publisher":{"@id":"https:\/\/lyonbondyblog.fr\/LBB\/#organization"},"potentialAction":[{"@type":"SearchAction","target":{"@type":"EntryPoint","urlTemplate":"https:\/\/lyonbondyblog.fr\/LBB\/?s={search_term_string}"},"query-input":"required name=search_term_string"}],"inLanguage":"fr-FR"},{"@type":"Organization","@id":"https:\/\/lyonbondyblog.fr\/LBB\/#organization","name":"LYON BONDY BLOG","url":"https:\/\/lyonbondyblog.fr\/LBB\/","logo":{"@type":"ImageObject","inLanguage":"fr-FR","@id":"https:\/\/lyonbondyblog.fr\/LBB\/#\/schema\/logo\/image\/","url":"http:\/\/lyonbondyblog.fr\/LBB\/wp-content\/uploads\/2014\/10\/logo-portable-144.png","contentUrl":"http:\/\/lyonbondyblog.fr\/LBB\/wp-content\/uploads\/2014\/10\/logo-portable-144.png","width":144,"height":123,"caption":"LYON BONDY BLOG"},"image":{"@id":"https:\/\/lyonbondyblog.fr\/LBB\/#\/schema\/logo\/image\/"},"sameAs":["https:\/\/www.facebook.com\/lyonbondyblog","https:\/\/x.com\/bondybloglyon"]},{"@type":"Person","@id":"https:\/\/lyonbondyblog.fr\/LBB\/#\/schema\/person\/e45f8d27baac75072daa0be50c409b25","name":"La r\u00e9daction","description":"Cr\u00e9e en 2008, la r\u00e9daction du Lyon Bondy Blog s'applique \u00e0 proposer une information locale diff\u00e9rente et compl\u00e9mentaire des m\u00e9dias traditionnels.","sameAs":["https:\/\/www.facebook.com\/lyonbondyblog","https:\/\/x.com\/BondyBlogLyon"],"url":"https:\/\/lyonbondyblog.fr\/LBB\/author\/admin\/"}]}},"_links":{"self":[{"href":"https:\/\/lyonbondyblog.fr\/LBB\/wp-json\/wp\/v2\/posts\/24593","targetHints":{"allow":["GET"]}}],"collection":[{"href":"https:\/\/lyonbondyblog.fr\/LBB\/wp-json\/wp\/v2\/posts"}],"about":[{"href":"https:\/\/lyonbondyblog.fr\/LBB\/wp-json\/wp\/v2\/types\/post"}],"author":[{"embeddable":true,"href":"https:\/\/lyonbondyblog.fr\/LBB\/wp-json\/wp\/v2\/users\/1"}],"replies":[{"embeddable":true,"href":"https:\/\/lyonbondyblog.fr\/LBB\/wp-json\/wp\/v2\/comments?post=24593"}],"version-history":[{"count":6,"href":"https:\/\/lyonbondyblog.fr\/LBB\/wp-json\/wp\/v2\/posts\/24593\/revisions"}],"predecessor-version":[{"id":24599,"href":"https:\/\/lyonbondyblog.fr\/LBB\/wp-json\/wp\/v2\/posts\/24593\/revisions\/24599"}],"wp:featuredmedia":[{"embeddable":true,"href":"https:\/\/lyonbondyblog.fr\/LBB\/wp-json\/wp\/v2\/media\/24600"}],"wp:attachment":[{"href":"https:\/\/lyonbondyblog.fr\/LBB\/wp-json\/wp\/v2\/media?parent=24593"}],"wp:term":[{"taxonomy":"category","embeddable":true,"href":"https:\/\/lyonbondyblog.fr\/LBB\/wp-json\/wp\/v2\/categories?post=24593"},{"taxonomy":"post_tag","embeddable":true,"href":"https:\/\/lyonbondyblog.fr\/LBB\/wp-json\/wp\/v2\/tags?post=24593"}],"curies":[{"name":"wp","href":"https:\/\/api.w.org\/{rel}","templated":true}]}}