{"id":2442,"date":"2010-10-25T12:25:34","date_gmt":"2010-10-25T10:25:34","guid":{"rendered":"http:\/\/lyonbondyblog.fr\/LBB\/?p=2442"},"modified":"2013-07-31T12:27:09","modified_gmt":"2013-07-31T10:27:09","slug":"agenda-de-la-semaine-5","status":"publish","type":"post","link":"https:\/\/lyonbondyblog.fr\/LBB\/agenda-de-la-semaine-5\/","title":{"rendered":"Agenda de la semaine # 5"},"content":{"rendered":"<p><strong>Chaque lundi, le LBB vous propose une s\u00e9lection des \u00e9v\u00e8nements culturels et sportifs de la semaine, \u00e0 Lyon et dans sa banlieue.<\/strong><\/p>\n<div>\u00a0<a href=\"https:\/\/lyonbondyblog.fr\/LBB\/wp-content\/uploads\/2013\/07\/agenda_semaine_LBB_t2.jpg\"><img loading=\"lazy\" decoding=\"async\" width=\"193\" height=\"145\" class=\"size-full wp-image-2421 alignright\" alt=\"agenda_semaine_LBB_t\" src=\"https:\/\/lyonbondyblog.fr\/LBB\/wp-content\/uploads\/2013\/07\/agenda_semaine_LBB_t2.jpg\" \/><\/a><\/div>\n<div><\/div>\n<p>En cette semaine de vacances de la Toussaint, ce sont les enfants qui sont \u00e0 l&rsquo;honneur avec de nombreuses animations\u00a0: sciences, lectures, cr\u00e9ation de blog&#8230; Pour les grands, nous vous recommandons l&rsquo;expo-photo de\u00a0James Nachtwey\u00a0\u00e0 la BM de la Part-Dieu.<br \/>\n<span style=\"text-decoration: underline;\"><b>Lundi<\/b><\/span><\/p>\n<p>V\u00e9nissieux\u00a0: Espace dans ma ville &#8211; du 25 au 29 octobre 2010. Pendant les vacances scolaires, l&rsquo;initiative \u00ab\u00a0Espace dans ma ville\u00a0\u00bb permet de s&rsquo;initier aux sciences et techniques spatiales. Durant toute la semaine, des animateurs scientifiques proposent diverses animations. &#8211; Renseignements\u00a0: 04 72 21 45 86<\/p>\n<p>Vaulx en Velin\u00a0: L\u2019eau, \u00a0de la peur au plaisir de nager. La piscine Jean-Gelet organise un stage pour des personnes souffrant d\u2019aquaphobie, du 25 au 27 octobre, de 14h30 \u00e0 16h ou du 26 au 28 octobre, de 10h30 \u00e0 12h. Encadr\u00e9 par l\u2019\u00e9quipe d\u2019A corps et accord et sept ma\u00eetres nageurs de Vaulx-en-Velin, il se d\u00e9roule en bassin r\u00e9serv\u00e9 et dans une eau \u00e0 32 degr\u00e9s. Tarif\u00a0: deux euros par demi-journ\u00e9e. Informations et inscriptions\u00a0: piscine Jean-Gelet au 04 78 80 73 01. www.acorpsetaccord.fr<\/p>\n<p>Bron\u00a0: Accueil de loisirs pendant les vacances de la Toussaint, du lundi au vendredi\u00a0du 25 octobre au 3 novembre, pour les\u00a03-9 ans\u00a0et les\u00a010-15 ans. Inscriptions \u00e0 la semaine. Contact\u00a0: <a href=\"http:\/\/www.ville-bron.fr\/editorial.php?Rub=319\">Maison de quartier des Gen\u00eats<\/a>\u00a0, 10 rue Jacques-Daligand\u00a0. T\u00e9l.\u00a004 78 54 26 15<\/p>\n<p>Lyon 9\u00a0: Festival d\u2019Improvisation, du samedi\u00a023 au samedi 30 octobre 2010 \u00e0 Lyon. Chaque ann\u00e9e, pendant les vacances de la Toussaint, le monde de l\u2019improvisation se retrouve pour\u00a0SPONTAN\u00e9OUS, le grand Festival des Arts Improvis\u00e9s. <a title=\"www.spontaneous-festival.com\" href=\"http:\/\/www.spontaneous-festival.com\/\">Site web du Festival<\/a><\/p>\n<p><span style=\"text-decoration: underline;\"><b>Mardi<\/b><\/span><\/p>\n<p>Vaulx en Velin\u00a0: Blog \u00e0 part\u00a0! Un atelier de cr\u00e9ation de blog d\u00e8s 12 ans. \u00a0A la biblioth\u00e8que de l\u2019Ecoin (promenade Lenine, \u00e9cole Makarenko B. T\u00e9l. 04 78 80 58 10)\u00a0: mardi 26, jeudi 28 et vendredi 29 octobre de 10h30 \u00e0 12h30. Dans les biblioth\u00e8ques Georges-Perec (rue Louis-Michoy. T\u00e9l. 04 72 97 03 50) et Paul-Eluard (p\u00f4le culturel, 55 rue de la R\u00e9publique. T\u00e9l. 04 78 79 51 46)\u00a0: mardi 26, jeudi 28 et vendredi 29 octobre de 13h30 \u00e0 15h30. A la biblioth\u00e8que Marie-Ghislaine Chassine (rue Joseph-Blein. T\u00e9l. 04 72 37 87 69)\u00a0: mardi 26, jeudi 28 et vendredi 29 octobre de 14h \u00e0 16h.<br \/>\n<a href=\"mailto:biblio.perec.adultes@ville-vaulx-en-velin.fr\" target=\"_self\">biblio.perec.adultes@ville-vaulx-en-velin.fr<\/a><\/p>\n<p>&nbsp;<br \/>\n<span style=\"text-decoration: underline;\"><b>Mercredi<\/b><\/span><\/p>\n<p>Lyon 3\u00a0: Exposition \u00e0 ne surtout pas manquer \u00e0 la Biblioth\u00e8que de la Part-Dieu Jusqu&rsquo;au 15 janvier 2011, du mardi au samedi de 10h \u00e0 19h. Cette expo pr\u00e9sente le travail du photo-reporter James Nachtwey dans le cadre du festival Lyon Septembre de la photographie. Des clich\u00e9s d\u2019un monde en guerre qui ne vous laisseront pas indiff\u00e9rents.<\/p>\n<p>&nbsp;<\/p>\n<p><span style=\"text-decoration: underline;\"><b>Jeudi<\/b><\/span><\/p>\n<p>Bron\u00a0: Cin\u00e9 bavette\/Cin\u00e9 buvette, avec \u201cEntre nos mains\u201d de Mariana Otero \u00e0 20h30 au cin\u00e9ma Les Aliz\u00e9s. Ce film raconte l\u2019histoire de femmes qui confront\u00e9es \u00e0 la faillite de leur entreprise de lingerie, tentent de la reprendre sous forme de coop\u00e9rative.\u00a0 Au fur et \u00e0 mesure que leur projet prend forme, ils se heurtent \u00e0 leur patron et \u00e0 la r\u00e9alit\u00e9 du \u00ab\u00a0march\u00e9\u00a0\u00bb.\u00a0 Le film sera suivi d&rsquo;un d\u00e9bat. <a href=\"http:\/\/bron.plan-veomap.com\/?target=101\" target=\"_blank\">Cin\u00e9ma Les Aliz\u00e9s<\/a>, 214, avenue Franklin-Roosevelt. T\u00e9l.\u00a004 78 41 05 55<\/p>\n<p><span style=\"text-decoration: underline;\"><b>Vendredi<\/b><\/span><\/p>\n<p>Vaulx en Velin\u00a0: Rentr\u00e9e litt\u00e9raire et histoires pour les petits avec \u201cCroc\u2019histoires\u00a0!\u201d. Moment de plaisir autour de comptines, chansons, contes et histoires\u2026 A la biblioth\u00e8que Georges-Perec\u00a0: \u00e0 17h s\u00e9ance pour les petits \u00e0 partir de 3 ans, \u00e0 18h s\u00e9ance pour les enfants \u00e0 partir de 6 ans. Et \u00e0 18h, c\u2019est la rentr\u00e9e litt\u00e9raire, toujours \u00e0 la biblioth\u00e8que Perec, avec des rencontres sp\u00e9ciales\u2026 Rue Louis-Michoy. 04 72 97 03 50 &#8211; biblio.perec.adultes@ville-vaulx-en-velin.fr<\/p>\n<p>&nbsp;<\/p>\n<p><span style=\"text-decoration: underline;\"><b>Samedi<\/b><\/span><\/p>\n<p>Villeurbanne\u00a0: Prehistoric tour continue cette semaine \u00e0 l\u2019Espace Double Mixte, 43, boulevard du 11 novembre.\u00a0 Une exposition de\u00a0Dinosaures XXL\u00a0pour toute la famille qui vous plongera dans l\u2019univers des dinosaures en compagnie du Dr Clark. Animations pour les enfants\u00a0: sites de fouilles, visite du village N\u00e9andertal, atelier peinture rupestre et quizz sur la pr\u00e9histoire avec remise de dipl\u00f4me. Renseignements\u00a0 au 04 72 69 57 61 &#8211; 04 72 44 60 17. Tous les jours, de 10h-19h sans interruption. Tarifs\u00a0: de 6 \u00e0 9 euros.<\/p>\n<!-- AddThis Advanced Settings generic via filter on the_content --><!-- AddThis Share Buttons generic via filter on the_content -->","protected":false},"excerpt":{"rendered":"<p>Chaque lundi, le LBB vous propose une s\u00e9lection des \u00e9v\u00e8nements culturels et sportifs de la semaine, \u00e0 Lyon et dans sa banlieue. \u00a0 En cette &hellip; <!-- AddThis Advanced Settings generic via filter on wp_trim_excerpt --><!-- AddThis Share Buttons generic via filter on wp_trim_excerpt --><\/p>\n","protected":false},"author":1,"featured_media":2421,"comment_status":"open","ping_status":"open","sticky":false,"template":"","format":"standard","meta":{"_FSMCFIC_featured_image_caption":"","_FSMCFIC_featured_image_nocaption":"","_FSMCFIC_featured_image_hide":"","footnotes":""},"categories":[4],"tags":[659,10,112],"class_list":["post-2442","post","type-post","status-publish","format-standard","has-post-thumbnail","hentry","category-lyon","tag-agenda","tag-lyon-2","tag-lyon-bondy-blog"],"yoast_head":"<!-- This site is optimized with the Yoast SEO plugin v22.8 - https:\/\/yoast.com\/wordpress\/plugins\/seo\/ -->\n<title>Agenda de la semaine # 5 - Lyon Bondy Blog<\/title>\n<meta name=\"robots\" content=\"index, follow, max-snippet:-1, max-image-preview:large, max-video-preview:-1\" \/>\n<link rel=\"canonical\" href=\"https:\/\/lyonbondyblog.fr\/LBB\/agenda-de-la-semaine-5\/\" \/>\n<meta property=\"og:locale\" content=\"fr_FR\" \/>\n<meta property=\"og:type\" content=\"article\" \/>\n<meta property=\"og:title\" content=\"Agenda de la semaine # 5 - Lyon Bondy Blog\" \/>\n<meta property=\"og:description\" content=\"Chaque lundi, le LBB vous propose une s\u00e9lection des \u00e9v\u00e8nements culturels et sportifs de la semaine, \u00e0 Lyon et dans sa banlieue. \u00a0 En cette &hellip;\" \/>\n<meta property=\"og:url\" content=\"https:\/\/lyonbondyblog.fr\/LBB\/agenda-de-la-semaine-5\/\" \/>\n<meta property=\"og:site_name\" content=\"Lyon Bondy Blog\" \/>\n<meta property=\"article:publisher\" content=\"https:\/\/www.facebook.com\/lyonbondyblog\" \/>\n<meta property=\"article:author\" content=\"https:\/\/www.facebook.com\/lyonbondyblog\" \/>\n<meta property=\"article:published_time\" content=\"2010-10-25T10:25:34+00:00\" \/>\n<meta property=\"article:modified_time\" content=\"2013-07-31T10:27:09+00:00\" \/>\n<meta property=\"og:image\" content=\"https:\/\/lyonbondyblog.fr\/LBB\/wp-content\/uploads\/2013\/07\/agenda_semaine_LBB_t2.jpg\" \/>\n\t<meta property=\"og:image:width\" content=\"193\" \/>\n\t<meta property=\"og:image:height\" content=\"145\" \/>\n\t<meta property=\"og:image:type\" content=\"image\/jpeg\" \/>\n<meta name=\"author\" content=\"La r\u00e9daction\" \/>\n<meta name=\"twitter:card\" content=\"summary_large_image\" \/>\n<meta name=\"twitter:creator\" content=\"@BondyBlogLyon\" \/>\n<meta name=\"twitter:site\" content=\"@bondybloglyon\" \/>\n<script type=\"application\/ld+json\" class=\"yoast-schema-graph\">{\"@context\":\"https:\/\/schema.org\",\"@graph\":[{\"@type\":\"Article\",\"@id\":\"https:\/\/lyonbondyblog.fr\/LBB\/agenda-de-la-semaine-5\/#article\",\"isPartOf\":{\"@id\":\"https:\/\/lyonbondyblog.fr\/LBB\/agenda-de-la-semaine-5\/\"},\"author\":{\"name\":\"La r\u00e9daction\",\"@id\":\"https:\/\/lyonbondyblog.fr\/LBB\/#\/schema\/person\/e45f8d27baac75072daa0be50c409b25\"},\"headline\":\"Agenda de la semaine # 5\",\"datePublished\":\"2010-10-25T10:25:34+00:00\",\"dateModified\":\"2013-07-31T10:27:09+00:00\",\"mainEntityOfPage\":{\"@id\":\"https:\/\/lyonbondyblog.fr\/LBB\/agenda-de-la-semaine-5\/\"},\"wordCount\":653,\"commentCount\":0,\"publisher\":{\"@id\":\"https:\/\/lyonbondyblog.fr\/LBB\/#organization\"},\"image\":{\"@id\":\"https:\/\/lyonbondyblog.fr\/LBB\/agenda-de-la-semaine-5\/#primaryimage\"},\"thumbnailUrl\":\"https:\/\/lyonbondyblog.fr\/LBB\/wp-content\/uploads\/2013\/07\/agenda_semaine_LBB_t2.jpg\",\"keywords\":[\"Agenda\",\"lyon\",\"Lyon Bondy Blog\"],\"articleSection\":[\"Lyon\"],\"inLanguage\":\"fr-FR\",\"potentialAction\":[{\"@type\":\"CommentAction\",\"name\":\"Comment\",\"target\":[\"https:\/\/lyonbondyblog.fr\/LBB\/agenda-de-la-semaine-5\/#respond\"]}]},{\"@type\":\"WebPage\",\"@id\":\"https:\/\/lyonbondyblog.fr\/LBB\/agenda-de-la-semaine-5\/\",\"url\":\"https:\/\/lyonbondyblog.fr\/LBB\/agenda-de-la-semaine-5\/\",\"name\":\"Agenda de la semaine # 5 - Lyon Bondy Blog\",\"isPartOf\":{\"@id\":\"https:\/\/lyonbondyblog.fr\/LBB\/#website\"},\"primaryImageOfPage\":{\"@id\":\"https:\/\/lyonbondyblog.fr\/LBB\/agenda-de-la-semaine-5\/#primaryimage\"},\"image\":{\"@id\":\"https:\/\/lyonbondyblog.fr\/LBB\/agenda-de-la-semaine-5\/#primaryimage\"},\"thumbnailUrl\":\"https:\/\/lyonbondyblog.fr\/LBB\/wp-content\/uploads\/2013\/07\/agenda_semaine_LBB_t2.jpg\",\"datePublished\":\"2010-10-25T10:25:34+00:00\",\"dateModified\":\"2013-07-31T10:27:09+00:00\",\"inLanguage\":\"fr-FR\",\"potentialAction\":[{\"@type\":\"ReadAction\",\"target\":[\"https:\/\/lyonbondyblog.fr\/LBB\/agenda-de-la-semaine-5\/\"]}]},{\"@type\":\"ImageObject\",\"inLanguage\":\"fr-FR\",\"@id\":\"https:\/\/lyonbondyblog.fr\/LBB\/agenda-de-la-semaine-5\/#primaryimage\",\"url\":\"https:\/\/lyonbondyblog.fr\/LBB\/wp-content\/uploads\/2013\/07\/agenda_semaine_LBB_t2.jpg\",\"contentUrl\":\"https:\/\/lyonbondyblog.fr\/LBB\/wp-content\/uploads\/2013\/07\/agenda_semaine_LBB_t2.jpg\",\"width\":193,\"height\":145},{\"@type\":\"WebSite\",\"@id\":\"https:\/\/lyonbondyblog.fr\/LBB\/#website\",\"url\":\"https:\/\/lyonbondyblog.fr\/LBB\/\",\"name\":\"Lyon Bondy Blog\",\"description\":\"\",\"publisher\":{\"@id\":\"https:\/\/lyonbondyblog.fr\/LBB\/#organization\"},\"potentialAction\":[{\"@type\":\"SearchAction\",\"target\":{\"@type\":\"EntryPoint\",\"urlTemplate\":\"https:\/\/lyonbondyblog.fr\/LBB\/?s={search_term_string}\"},\"query-input\":\"required name=search_term_string\"}],\"inLanguage\":\"fr-FR\"},{\"@type\":\"Organization\",\"@id\":\"https:\/\/lyonbondyblog.fr\/LBB\/#organization\",\"name\":\"LYON BONDY BLOG\",\"url\":\"https:\/\/lyonbondyblog.fr\/LBB\/\",\"logo\":{\"@type\":\"ImageObject\",\"inLanguage\":\"fr-FR\",\"@id\":\"https:\/\/lyonbondyblog.fr\/LBB\/#\/schema\/logo\/image\/\",\"url\":\"http:\/\/lyonbondyblog.fr\/LBB\/wp-content\/uploads\/2014\/10\/logo-portable-144.png\",\"contentUrl\":\"http:\/\/lyonbondyblog.fr\/LBB\/wp-content\/uploads\/2014\/10\/logo-portable-144.png\",\"width\":144,\"height\":123,\"caption\":\"LYON BONDY BLOG\"},\"image\":{\"@id\":\"https:\/\/lyonbondyblog.fr\/LBB\/#\/schema\/logo\/image\/\"},\"sameAs\":[\"https:\/\/www.facebook.com\/lyonbondyblog\",\"https:\/\/x.com\/bondybloglyon\"]},{\"@type\":\"Person\",\"@id\":\"https:\/\/lyonbondyblog.fr\/LBB\/#\/schema\/person\/e45f8d27baac75072daa0be50c409b25\",\"name\":\"La r\u00e9daction\",\"description\":\"Cr\u00e9e en 2008, la r\u00e9daction du Lyon Bondy Blog s'applique \u00e0 proposer une information locale diff\u00e9rente et compl\u00e9mentaire des m\u00e9dias traditionnels.\",\"sameAs\":[\"https:\/\/www.facebook.com\/lyonbondyblog\",\"https:\/\/x.com\/BondyBlogLyon\"],\"url\":\"https:\/\/lyonbondyblog.fr\/LBB\/author\/admin\/\"}]}<\/script>\n<!-- \/ Yoast SEO plugin. -->","yoast_head_json":{"title":"Agenda de la semaine # 5 - Lyon Bondy Blog","robots":{"index":"index","follow":"follow","max-snippet":"max-snippet:-1","max-image-preview":"max-image-preview:large","max-video-preview":"max-video-preview:-1"},"canonical":"https:\/\/lyonbondyblog.fr\/LBB\/agenda-de-la-semaine-5\/","og_locale":"fr_FR","og_type":"article","og_title":"Agenda de la semaine # 5 - Lyon Bondy Blog","og_description":"Chaque lundi, le LBB vous propose une s\u00e9lection des \u00e9v\u00e8nements culturels et sportifs de la semaine, \u00e0 Lyon et dans sa banlieue. \u00a0 En cette &hellip;","og_url":"https:\/\/lyonbondyblog.fr\/LBB\/agenda-de-la-semaine-5\/","og_site_name":"Lyon Bondy Blog","article_publisher":"https:\/\/www.facebook.com\/lyonbondyblog","article_author":"https:\/\/www.facebook.com\/lyonbondyblog","article_published_time":"2010-10-25T10:25:34+00:00","article_modified_time":"2013-07-31T10:27:09+00:00","og_image":[{"width":193,"height":145,"url":"https:\/\/lyonbondyblog.fr\/LBB\/wp-content\/uploads\/2013\/07\/agenda_semaine_LBB_t2.jpg","type":"image\/jpeg"}],"author":"La r\u00e9daction","twitter_card":"summary_large_image","twitter_creator":"@BondyBlogLyon","twitter_site":"@bondybloglyon","schema":{"@context":"https:\/\/schema.org","@graph":[{"@type":"Article","@id":"https:\/\/lyonbondyblog.fr\/LBB\/agenda-de-la-semaine-5\/#article","isPartOf":{"@id":"https:\/\/lyonbondyblog.fr\/LBB\/agenda-de-la-semaine-5\/"},"author":{"name":"La r\u00e9daction","@id":"https:\/\/lyonbondyblog.fr\/LBB\/#\/schema\/person\/e45f8d27baac75072daa0be50c409b25"},"headline":"Agenda de la semaine # 5","datePublished":"2010-10-25T10:25:34+00:00","dateModified":"2013-07-31T10:27:09+00:00","mainEntityOfPage":{"@id":"https:\/\/lyonbondyblog.fr\/LBB\/agenda-de-la-semaine-5\/"},"wordCount":653,"commentCount":0,"publisher":{"@id":"https:\/\/lyonbondyblog.fr\/LBB\/#organization"},"image":{"@id":"https:\/\/lyonbondyblog.fr\/LBB\/agenda-de-la-semaine-5\/#primaryimage"},"thumbnailUrl":"https:\/\/lyonbondyblog.fr\/LBB\/wp-content\/uploads\/2013\/07\/agenda_semaine_LBB_t2.jpg","keywords":["Agenda","lyon","Lyon Bondy Blog"],"articleSection":["Lyon"],"inLanguage":"fr-FR","potentialAction":[{"@type":"CommentAction","name":"Comment","target":["https:\/\/lyonbondyblog.fr\/LBB\/agenda-de-la-semaine-5\/#respond"]}]},{"@type":"WebPage","@id":"https:\/\/lyonbondyblog.fr\/LBB\/agenda-de-la-semaine-5\/","url":"https:\/\/lyonbondyblog.fr\/LBB\/agenda-de-la-semaine-5\/","name":"Agenda de la semaine # 5 - Lyon Bondy Blog","isPartOf":{"@id":"https:\/\/lyonbondyblog.fr\/LBB\/#website"},"primaryImageOfPage":{"@id":"https:\/\/lyonbondyblog.fr\/LBB\/agenda-de-la-semaine-5\/#primaryimage"},"image":{"@id":"https:\/\/lyonbondyblog.fr\/LBB\/agenda-de-la-semaine-5\/#primaryimage"},"thumbnailUrl":"https:\/\/lyonbondyblog.fr\/LBB\/wp-content\/uploads\/2013\/07\/agenda_semaine_LBB_t2.jpg","datePublished":"2010-10-25T10:25:34+00:00","dateModified":"2013-07-31T10:27:09+00:00","inLanguage":"fr-FR","potentialAction":[{"@type":"ReadAction","target":["https:\/\/lyonbondyblog.fr\/LBB\/agenda-de-la-semaine-5\/"]}]},{"@type":"ImageObject","inLanguage":"fr-FR","@id":"https:\/\/lyonbondyblog.fr\/LBB\/agenda-de-la-semaine-5\/#primaryimage","url":"https:\/\/lyonbondyblog.fr\/LBB\/wp-content\/uploads\/2013\/07\/agenda_semaine_LBB_t2.jpg","contentUrl":"https:\/\/lyonbondyblog.fr\/LBB\/wp-content\/uploads\/2013\/07\/agenda_semaine_LBB_t2.jpg","width":193,"height":145},{"@type":"WebSite","@id":"https:\/\/lyonbondyblog.fr\/LBB\/#website","url":"https:\/\/lyonbondyblog.fr\/LBB\/","name":"Lyon Bondy Blog","description":"","publisher":{"@id":"https:\/\/lyonbondyblog.fr\/LBB\/#organization"},"potentialAction":[{"@type":"SearchAction","target":{"@type":"EntryPoint","urlTemplate":"https:\/\/lyonbondyblog.fr\/LBB\/?s={search_term_string}"},"query-input":"required name=search_term_string"}],"inLanguage":"fr-FR"},{"@type":"Organization","@id":"https:\/\/lyonbondyblog.fr\/LBB\/#organization","name":"LYON BONDY BLOG","url":"https:\/\/lyonbondyblog.fr\/LBB\/","logo":{"@type":"ImageObject","inLanguage":"fr-FR","@id":"https:\/\/lyonbondyblog.fr\/LBB\/#\/schema\/logo\/image\/","url":"http:\/\/lyonbondyblog.fr\/LBB\/wp-content\/uploads\/2014\/10\/logo-portable-144.png","contentUrl":"http:\/\/lyonbondyblog.fr\/LBB\/wp-content\/uploads\/2014\/10\/logo-portable-144.png","width":144,"height":123,"caption":"LYON BONDY BLOG"},"image":{"@id":"https:\/\/lyonbondyblog.fr\/LBB\/#\/schema\/logo\/image\/"},"sameAs":["https:\/\/www.facebook.com\/lyonbondyblog","https:\/\/x.com\/bondybloglyon"]},{"@type":"Person","@id":"https:\/\/lyonbondyblog.fr\/LBB\/#\/schema\/person\/e45f8d27baac75072daa0be50c409b25","name":"La r\u00e9daction","description":"Cr\u00e9e en 2008, la r\u00e9daction du Lyon Bondy Blog s'applique \u00e0 proposer une information locale diff\u00e9rente et compl\u00e9mentaire des m\u00e9dias traditionnels.","sameAs":["https:\/\/www.facebook.com\/lyonbondyblog","https:\/\/x.com\/BondyBlogLyon"],"url":"https:\/\/lyonbondyblog.fr\/LBB\/author\/admin\/"}]}},"_links":{"self":[{"href":"https:\/\/lyonbondyblog.fr\/LBB\/wp-json\/wp\/v2\/posts\/2442","targetHints":{"allow":["GET"]}}],"collection":[{"href":"https:\/\/lyonbondyblog.fr\/LBB\/wp-json\/wp\/v2\/posts"}],"about":[{"href":"https:\/\/lyonbondyblog.fr\/LBB\/wp-json\/wp\/v2\/types\/post"}],"author":[{"embeddable":true,"href":"https:\/\/lyonbondyblog.fr\/LBB\/wp-json\/wp\/v2\/users\/1"}],"replies":[{"embeddable":true,"href":"https:\/\/lyonbondyblog.fr\/LBB\/wp-json\/wp\/v2\/comments?post=2442"}],"version-history":[{"count":0,"href":"https:\/\/lyonbondyblog.fr\/LBB\/wp-json\/wp\/v2\/posts\/2442\/revisions"}],"wp:featuredmedia":[{"embeddable":true,"href":"https:\/\/lyonbondyblog.fr\/LBB\/wp-json\/wp\/v2\/media\/2421"}],"wp:attachment":[{"href":"https:\/\/lyonbondyblog.fr\/LBB\/wp-json\/wp\/v2\/media?parent=2442"}],"wp:term":[{"taxonomy":"category","embeddable":true,"href":"https:\/\/lyonbondyblog.fr\/LBB\/wp-json\/wp\/v2\/categories?post=2442"},{"taxonomy":"post_tag","embeddable":true,"href":"https:\/\/lyonbondyblog.fr\/LBB\/wp-json\/wp\/v2\/tags?post=2442"}],"curies":[{"name":"wp","href":"https:\/\/api.w.org\/{rel}","templated":true}]}}