{"id":24289,"date":"2021-07-17T17:00:00","date_gmt":"2021-07-17T15:00:00","guid":{"rendered":"http:\/\/lyonbondyblog.fr\/LBB\/?p=24289"},"modified":"2021-07-16T17:32:23","modified_gmt":"2021-07-16T15:32:23","slug":"tour-dhorizon-du-conseil-regional-aura-de-gauche-delitee-a-droite-securitaire-partie-2","status":"publish","type":"post","link":"https:\/\/lyonbondyblog.fr\/LBB\/tour-dhorizon-du-conseil-regional-aura-de-gauche-delitee-a-droite-securitaire-partie-2\/","title":{"rendered":"Tour d\u2019horizon du conseil r\u00e9gional Aura: de gauche d\u00e9lit\u00e9e \u00e0 droite s\u00e9curitaire [partie 2]"},"content":{"rendered":"\n<h4 class=\"wp-block-heading\">La prochaine assembl\u00e9 pl\u00e9ni\u00e8re du conseil r\u00e9gional aura lieu ce lundi 19 juillet. Lors de la pr\u00e9c\u00e9dente, la gauche s&rsquo;est pr\u00e9sent\u00e9e d\u00e9liter au conseil r\u00e9gional. La majorit\u00e9, quant a elle, a \u00e9voqu\u00e9 mettre en place une commission extraordinaire de s\u00e9curit\u00e9. Fer de lance de la campagne de Laurent Wauquiez, l&rsquo;opposition de gauche ne se dit pas favorable \u00e0 cette initiative.<\/h4>\n\n\n\n<p>Les forces d\u2019opposition de gauche se sont pr\u00e9sent\u00e9es s\u00e9par\u00e9ment lors de la premi\u00e8re session du conseil r\u00e9gional. L\u2019union qui a eu lieu lors du second tour ne semble plus d\u2019actualit\u00e9. En tant que t\u00eate de liste \u00e0 gauche lors du dernier scrutin, Fabienne Gr\u00e9bert du groupe EELV se dit \u00eatre int\u00e9ress\u00e9e par la d\u00e9marche d\u2019une gauche r\u00e9unie \u00ab\u2009<em>mais pas \u00e0 n\u2019importe quels prix et condition\u2009\u00bb<\/em>.&nbsp;<\/p>\n\n\n\n<p>Pour elle, \u00e0 travers les r\u00e9sultats des derni\u00e8res \u00e9lections pour son parti, \u00ab\u2009<em>les \u00e9lecteurs ont montr\u00e9 aujourd\u2019hui leur int\u00e9r\u00eat pour que la question \u00e9cologiste soit au coeur des pr\u00e9occupations<\/em>.\u2009\u00bb&nbsp;<\/p>\n\n\n\n<p>La composition des groupes de commissions se fera \u00e0 la prochaine s\u00e9ance du 19 juillet. Contact\u00e9, un cadre du Parti Socialiste nous affirme que \u00ab\u2009<em>il y aura \u00e0 minima au moins trois groupes des trois listes du premier tour. Un groupe socialiste, un groupe communiste, et un groupe \u00e9colo.<\/em>\u2009\u00bb Pour lui, les r\u00e9sultats du PS dans les diff\u00e9rentes r\u00e9gions montrent que \u00ab\u2009<em>quand les socialistes sont devant [la gauche] arrive \u00e0 imposer une force majoritaire<\/em>\u2009\u00bb et qu\u2019 \u00ab\u2009<em>aujourd\u2019hui, les \u00e9cologistes ne sont pas en mesure de faire gagner la gauche. <\/em>\u00bb&nbsp;<\/p>\n\n\n\n<h4 class=\"wp-block-heading\">La droite joue la carte de la s\u00e9curit\u00e9<\/h4>\n\n\n\n<p>L\u2019autre fait marquant de la premi\u00e8re assembl\u00e9e est la proposition de la majorit\u00e9 d&rsquo;une commission extraordinaire sur la s\u00e9curit\u00e9. Fer de lance de la campagne de Laurent Wauquiez, celle-ci n\u2019est pas une comp\u00e9tence de la r\u00e9gion. J\u00e9r\u00e9my Br\u00e9aud, \u00e9lu \u00e0 la r\u00e9gion LR et maire de Bron, va faire partie de cette commission.  Elle prendra place \u00e0 la prochaine assembl\u00e9e le 19 juillet. Selon lui, \u00ab\u2009<em>l\u2019essence de cette commission est de montrer \u00e0 la population que la prise en compte de la question de la s\u00e9curit\u00e9 en augmentant le budget et les moyens allou\u00e9s<\/em>\u2009\u00bb. <\/p>\n\n\n\n<p>Les r\u00e9publicains revendiquent un budget accord\u00e9 \u00e0 celle-ci de 160 millions d\u2019euros durant la pr\u00e9c\u00e9dente mandature. Pour celle-ci, le groupe de droite souhaite le doubler pour la prochaine. Il serait donc porter \u00e0 320 millions d&rsquo;euros. Cependant, comme l\u2019a montr\u00e9 <a href=\"https:\/\/www.liberation.fr\/checknews\/le-budget-securite-de-la-region-auvergne-rhone-alpes-a-t-il-augmente-de-160-millions-comme-le-pretend-laurent-wauquiez-20210610_BL4VYZKOLRFDXIUJLRFLKJOJOM\/\">un article<\/a> de la rubrique Checknews de lib\u00e9ration du 10 juin, l\u2019exactitude des chiffres annonc\u00e9s semble difficile \u00e0 v\u00e9rifier.<\/p>\n\n\n\n<p>Cette commission ne fait par ailleurs pas l\u2019unanimit\u00e9, notamment \u00e0 gauche.\u00a0 Pour Fabienne Gr\u00e9bert, \u00e9lu EELV, l\u2019urgence est \u00ab\u2009<em>surtout l\u2019urgence climatique, et l\u2019inconscience de ne rien faire face \u00e0 la situation actuelle.\u00a0 <\/em>On<em> a eu une premi\u00e8re session o\u00f9 l\u2019on parle de l\u2019urgence de cr\u00e9er une commission de s\u00e9curit\u00e9<\/em>.<em> Cela montre que nous n\u2019avons pas la m\u00eame notion des urgences et des priorit\u00e9s ni la m\u00eame la s\u00e9curit\u00e9. Nous souhaiterions parler de s\u00e9curit\u00e9 humaine, mais cela n\u2019est pas dans les d\u00e9bats actuels<\/em>. \u00bb C\u00e9cile Cukierman, quant \u00e0 elle, nous confie \u00ab\u2009<em>ne pas partager cette orientation-l\u00e0, surtout sans s\u2019interroger sur les causes de cette ins\u00e9curit\u00e9\u2009\u00bb<\/em> et pr\u00e9f\u00e9rerait \u00ab\u2009<em>recr\u00e9\u00e9 du contact et du lien social<\/em>\u2009\u00bb<\/p>\n\n\n\n<p>Lucas Sadowski<\/p>\n<!-- AddThis Advanced Settings generic via filter on the_content --><!-- AddThis Share Buttons generic via filter on the_content -->","protected":false},"excerpt":{"rendered":"<p>La prochaine assembl\u00e9 pl\u00e9ni\u00e8re du conseil r\u00e9gional aura lieu ce lundi 19 juillet. Lors de la pr\u00e9c\u00e9dente, la gauche s&rsquo;est pr\u00e9sent\u00e9e d\u00e9liter au conseil r\u00e9gional. &hellip; <!-- AddThis Advanced Settings generic via filter on wp_trim_excerpt --><!-- AddThis Share Buttons generic via filter on wp_trim_excerpt --><\/p>\n","protected":false},"author":1,"featured_media":24308,"comment_status":"open","ping_status":"open","sticky":true,"template":"","format":"standard","meta":{"_FSMCFIC_featured_image_caption":"","_FSMCFIC_featured_image_nocaption":"","_FSMCFIC_featured_image_hide":"","footnotes":""},"categories":[4,6,24454],"tags":[],"class_list":["post-24289","post","type-post","status-publish","format-standard","has-post-thumbnail","hentry","category-lyon","category-politique","category-regionales-2021"],"yoast_head":"<!-- This site is optimized with the Yoast SEO plugin v22.8 - https:\/\/yoast.com\/wordpress\/plugins\/seo\/ -->\n<title>Tour d\u2019horizon du conseil r\u00e9gional Aura: de gauche d\u00e9lit\u00e9e \u00e0 droite s\u00e9curitaire [partie 2] - Lyon Bondy Blog<\/title>\n<meta name=\"robots\" content=\"index, follow, max-snippet:-1, max-image-preview:large, max-video-preview:-1\" \/>\n<link rel=\"canonical\" href=\"https:\/\/lyonbondyblog.fr\/LBB\/tour-dhorizon-du-conseil-regional-aura-de-gauche-delitee-a-droite-securitaire-partie-2\/\" \/>\n<meta property=\"og:locale\" content=\"fr_FR\" \/>\n<meta property=\"og:type\" content=\"article\" \/>\n<meta property=\"og:title\" content=\"Tour d\u2019horizon du conseil r\u00e9gional Aura: de gauche d\u00e9lit\u00e9e \u00e0 droite s\u00e9curitaire [partie 2] - Lyon Bondy Blog\" \/>\n<meta property=\"og:description\" content=\"La prochaine assembl\u00e9 pl\u00e9ni\u00e8re du conseil r\u00e9gional aura lieu ce lundi 19 juillet. Lors de la pr\u00e9c\u00e9dente, la gauche s&rsquo;est pr\u00e9sent\u00e9e d\u00e9liter au conseil r\u00e9gional. &hellip;\" \/>\n<meta property=\"og:url\" content=\"https:\/\/lyonbondyblog.fr\/LBB\/tour-dhorizon-du-conseil-regional-aura-de-gauche-delitee-a-droite-securitaire-partie-2\/\" \/>\n<meta property=\"og:site_name\" content=\"Lyon Bondy Blog\" \/>\n<meta property=\"article:publisher\" content=\"https:\/\/www.facebook.com\/lyonbondyblog\" \/>\n<meta property=\"article:author\" content=\"https:\/\/www.facebook.com\/lyonbondyblog\" \/>\n<meta property=\"article:published_time\" content=\"2021-07-17T15:00:00+00:00\" \/>\n<meta property=\"article:modified_time\" content=\"2021-07-16T15:32:23+00:00\" \/>\n<meta property=\"og:image\" content=\"https:\/\/lyonbondyblog.fr\/LBB\/wp-content\/uploads\/2021\/07\/Capture-decran-2021-07-12-165632.png\" \/>\n\t<meta property=\"og:image:width\" content=\"1049\" \/>\n\t<meta property=\"og:image:height\" content=\"507\" \/>\n\t<meta property=\"og:image:type\" content=\"image\/png\" \/>\n<meta name=\"author\" content=\"La r\u00e9daction\" \/>\n<meta name=\"twitter:card\" content=\"summary_large_image\" \/>\n<meta name=\"twitter:creator\" content=\"@BondyBlogLyon\" \/>\n<meta name=\"twitter:site\" content=\"@bondybloglyon\" \/>\n<script type=\"application\/ld+json\" class=\"yoast-schema-graph\">{\"@context\":\"https:\/\/schema.org\",\"@graph\":[{\"@type\":\"Article\",\"@id\":\"https:\/\/lyonbondyblog.fr\/LBB\/tour-dhorizon-du-conseil-regional-aura-de-gauche-delitee-a-droite-securitaire-partie-2\/#article\",\"isPartOf\":{\"@id\":\"https:\/\/lyonbondyblog.fr\/LBB\/tour-dhorizon-du-conseil-regional-aura-de-gauche-delitee-a-droite-securitaire-partie-2\/\"},\"author\":{\"name\":\"La r\u00e9daction\",\"@id\":\"https:\/\/lyonbondyblog.fr\/LBB\/#\/schema\/person\/e45f8d27baac75072daa0be50c409b25\"},\"headline\":\"Tour d\u2019horizon du conseil r\u00e9gional Aura: de gauche d\u00e9lit\u00e9e \u00e0 droite s\u00e9curitaire [partie 2]\",\"datePublished\":\"2021-07-17T15:00:00+00:00\",\"dateModified\":\"2021-07-16T15:32:23+00:00\",\"mainEntityOfPage\":{\"@id\":\"https:\/\/lyonbondyblog.fr\/LBB\/tour-dhorizon-du-conseil-regional-aura-de-gauche-delitee-a-droite-securitaire-partie-2\/\"},\"wordCount\":602,\"commentCount\":0,\"publisher\":{\"@id\":\"https:\/\/lyonbondyblog.fr\/LBB\/#organization\"},\"image\":{\"@id\":\"https:\/\/lyonbondyblog.fr\/LBB\/tour-dhorizon-du-conseil-regional-aura-de-gauche-delitee-a-droite-securitaire-partie-2\/#primaryimage\"},\"thumbnailUrl\":\"https:\/\/lyonbondyblog.fr\/LBB\/wp-content\/uploads\/2021\/07\/Capture-decran-2021-07-12-165632.png\",\"articleSection\":[\"Lyon\",\"Politique\",\"R\u00e9gionales 2021\"],\"inLanguage\":\"fr-FR\",\"potentialAction\":[{\"@type\":\"CommentAction\",\"name\":\"Comment\",\"target\":[\"https:\/\/lyonbondyblog.fr\/LBB\/tour-dhorizon-du-conseil-regional-aura-de-gauche-delitee-a-droite-securitaire-partie-2\/#respond\"]}]},{\"@type\":\"WebPage\",\"@id\":\"https:\/\/lyonbondyblog.fr\/LBB\/tour-dhorizon-du-conseil-regional-aura-de-gauche-delitee-a-droite-securitaire-partie-2\/\",\"url\":\"https:\/\/lyonbondyblog.fr\/LBB\/tour-dhorizon-du-conseil-regional-aura-de-gauche-delitee-a-droite-securitaire-partie-2\/\",\"name\":\"Tour d\u2019horizon du conseil r\u00e9gional Aura: de gauche d\u00e9lit\u00e9e \u00e0 droite s\u00e9curitaire [partie 2] - Lyon Bondy Blog\",\"isPartOf\":{\"@id\":\"https:\/\/lyonbondyblog.fr\/LBB\/#website\"},\"primaryImageOfPage\":{\"@id\":\"https:\/\/lyonbondyblog.fr\/LBB\/tour-dhorizon-du-conseil-regional-aura-de-gauche-delitee-a-droite-securitaire-partie-2\/#primaryimage\"},\"image\":{\"@id\":\"https:\/\/lyonbondyblog.fr\/LBB\/tour-dhorizon-du-conseil-regional-aura-de-gauche-delitee-a-droite-securitaire-partie-2\/#primaryimage\"},\"thumbnailUrl\":\"https:\/\/lyonbondyblog.fr\/LBB\/wp-content\/uploads\/2021\/07\/Capture-decran-2021-07-12-165632.png\",\"datePublished\":\"2021-07-17T15:00:00+00:00\",\"dateModified\":\"2021-07-16T15:32:23+00:00\",\"inLanguage\":\"fr-FR\",\"potentialAction\":[{\"@type\":\"ReadAction\",\"target\":[\"https:\/\/lyonbondyblog.fr\/LBB\/tour-dhorizon-du-conseil-regional-aura-de-gauche-delitee-a-droite-securitaire-partie-2\/\"]}]},{\"@type\":\"ImageObject\",\"inLanguage\":\"fr-FR\",\"@id\":\"https:\/\/lyonbondyblog.fr\/LBB\/tour-dhorizon-du-conseil-regional-aura-de-gauche-delitee-a-droite-securitaire-partie-2\/#primaryimage\",\"url\":\"https:\/\/lyonbondyblog.fr\/LBB\/wp-content\/uploads\/2021\/07\/Capture-decran-2021-07-12-165632.png\",\"contentUrl\":\"https:\/\/lyonbondyblog.fr\/LBB\/wp-content\/uploads\/2021\/07\/Capture-decran-2021-07-12-165632.png\",\"width\":1049,\"height\":507,\"caption\":\"Conseil r\u00e9gional 2021\"},{\"@type\":\"WebSite\",\"@id\":\"https:\/\/lyonbondyblog.fr\/LBB\/#website\",\"url\":\"https:\/\/lyonbondyblog.fr\/LBB\/\",\"name\":\"Lyon Bondy Blog\",\"description\":\"\",\"publisher\":{\"@id\":\"https:\/\/lyonbondyblog.fr\/LBB\/#organization\"},\"potentialAction\":[{\"@type\":\"SearchAction\",\"target\":{\"@type\":\"EntryPoint\",\"urlTemplate\":\"https:\/\/lyonbondyblog.fr\/LBB\/?s={search_term_string}\"},\"query-input\":\"required name=search_term_string\"}],\"inLanguage\":\"fr-FR\"},{\"@type\":\"Organization\",\"@id\":\"https:\/\/lyonbondyblog.fr\/LBB\/#organization\",\"name\":\"LYON BONDY BLOG\",\"url\":\"https:\/\/lyonbondyblog.fr\/LBB\/\",\"logo\":{\"@type\":\"ImageObject\",\"inLanguage\":\"fr-FR\",\"@id\":\"https:\/\/lyonbondyblog.fr\/LBB\/#\/schema\/logo\/image\/\",\"url\":\"http:\/\/lyonbondyblog.fr\/LBB\/wp-content\/uploads\/2014\/10\/logo-portable-144.png\",\"contentUrl\":\"http:\/\/lyonbondyblog.fr\/LBB\/wp-content\/uploads\/2014\/10\/logo-portable-144.png\",\"width\":144,\"height\":123,\"caption\":\"LYON BONDY BLOG\"},\"image\":{\"@id\":\"https:\/\/lyonbondyblog.fr\/LBB\/#\/schema\/logo\/image\/\"},\"sameAs\":[\"https:\/\/www.facebook.com\/lyonbondyblog\",\"https:\/\/x.com\/bondybloglyon\"]},{\"@type\":\"Person\",\"@id\":\"https:\/\/lyonbondyblog.fr\/LBB\/#\/schema\/person\/e45f8d27baac75072daa0be50c409b25\",\"name\":\"La r\u00e9daction\",\"description\":\"Cr\u00e9e en 2008, la r\u00e9daction du Lyon Bondy Blog s'applique \u00e0 proposer une information locale diff\u00e9rente et compl\u00e9mentaire des m\u00e9dias traditionnels.\",\"sameAs\":[\"https:\/\/www.facebook.com\/lyonbondyblog\",\"https:\/\/x.com\/BondyBlogLyon\"],\"url\":\"https:\/\/lyonbondyblog.fr\/LBB\/author\/admin\/\"}]}<\/script>\n<!-- \/ Yoast SEO plugin. -->","yoast_head_json":{"title":"Tour d\u2019horizon du conseil r\u00e9gional Aura: de gauche d\u00e9lit\u00e9e \u00e0 droite s\u00e9curitaire [partie 2] - Lyon Bondy Blog","robots":{"index":"index","follow":"follow","max-snippet":"max-snippet:-1","max-image-preview":"max-image-preview:large","max-video-preview":"max-video-preview:-1"},"canonical":"https:\/\/lyonbondyblog.fr\/LBB\/tour-dhorizon-du-conseil-regional-aura-de-gauche-delitee-a-droite-securitaire-partie-2\/","og_locale":"fr_FR","og_type":"article","og_title":"Tour d\u2019horizon du conseil r\u00e9gional Aura: de gauche d\u00e9lit\u00e9e \u00e0 droite s\u00e9curitaire [partie 2] - Lyon Bondy Blog","og_description":"La prochaine assembl\u00e9 pl\u00e9ni\u00e8re du conseil r\u00e9gional aura lieu ce lundi 19 juillet. Lors de la pr\u00e9c\u00e9dente, la gauche s&rsquo;est pr\u00e9sent\u00e9e d\u00e9liter au conseil r\u00e9gional. &hellip;","og_url":"https:\/\/lyonbondyblog.fr\/LBB\/tour-dhorizon-du-conseil-regional-aura-de-gauche-delitee-a-droite-securitaire-partie-2\/","og_site_name":"Lyon Bondy Blog","article_publisher":"https:\/\/www.facebook.com\/lyonbondyblog","article_author":"https:\/\/www.facebook.com\/lyonbondyblog","article_published_time":"2021-07-17T15:00:00+00:00","article_modified_time":"2021-07-16T15:32:23+00:00","og_image":[{"width":1049,"height":507,"url":"https:\/\/lyonbondyblog.fr\/LBB\/wp-content\/uploads\/2021\/07\/Capture-decran-2021-07-12-165632.png","type":"image\/png"}],"author":"La r\u00e9daction","twitter_card":"summary_large_image","twitter_creator":"@BondyBlogLyon","twitter_site":"@bondybloglyon","schema":{"@context":"https:\/\/schema.org","@graph":[{"@type":"Article","@id":"https:\/\/lyonbondyblog.fr\/LBB\/tour-dhorizon-du-conseil-regional-aura-de-gauche-delitee-a-droite-securitaire-partie-2\/#article","isPartOf":{"@id":"https:\/\/lyonbondyblog.fr\/LBB\/tour-dhorizon-du-conseil-regional-aura-de-gauche-delitee-a-droite-securitaire-partie-2\/"},"author":{"name":"La r\u00e9daction","@id":"https:\/\/lyonbondyblog.fr\/LBB\/#\/schema\/person\/e45f8d27baac75072daa0be50c409b25"},"headline":"Tour d\u2019horizon du conseil r\u00e9gional Aura: de gauche d\u00e9lit\u00e9e \u00e0 droite s\u00e9curitaire [partie 2]","datePublished":"2021-07-17T15:00:00+00:00","dateModified":"2021-07-16T15:32:23+00:00","mainEntityOfPage":{"@id":"https:\/\/lyonbondyblog.fr\/LBB\/tour-dhorizon-du-conseil-regional-aura-de-gauche-delitee-a-droite-securitaire-partie-2\/"},"wordCount":602,"commentCount":0,"publisher":{"@id":"https:\/\/lyonbondyblog.fr\/LBB\/#organization"},"image":{"@id":"https:\/\/lyonbondyblog.fr\/LBB\/tour-dhorizon-du-conseil-regional-aura-de-gauche-delitee-a-droite-securitaire-partie-2\/#primaryimage"},"thumbnailUrl":"https:\/\/lyonbondyblog.fr\/LBB\/wp-content\/uploads\/2021\/07\/Capture-decran-2021-07-12-165632.png","articleSection":["Lyon","Politique","R\u00e9gionales 2021"],"inLanguage":"fr-FR","potentialAction":[{"@type":"CommentAction","name":"Comment","target":["https:\/\/lyonbondyblog.fr\/LBB\/tour-dhorizon-du-conseil-regional-aura-de-gauche-delitee-a-droite-securitaire-partie-2\/#respond"]}]},{"@type":"WebPage","@id":"https:\/\/lyonbondyblog.fr\/LBB\/tour-dhorizon-du-conseil-regional-aura-de-gauche-delitee-a-droite-securitaire-partie-2\/","url":"https:\/\/lyonbondyblog.fr\/LBB\/tour-dhorizon-du-conseil-regional-aura-de-gauche-delitee-a-droite-securitaire-partie-2\/","name":"Tour d\u2019horizon du conseil r\u00e9gional Aura: de gauche d\u00e9lit\u00e9e \u00e0 droite s\u00e9curitaire [partie 2] - Lyon Bondy Blog","isPartOf":{"@id":"https:\/\/lyonbondyblog.fr\/LBB\/#website"},"primaryImageOfPage":{"@id":"https:\/\/lyonbondyblog.fr\/LBB\/tour-dhorizon-du-conseil-regional-aura-de-gauche-delitee-a-droite-securitaire-partie-2\/#primaryimage"},"image":{"@id":"https:\/\/lyonbondyblog.fr\/LBB\/tour-dhorizon-du-conseil-regional-aura-de-gauche-delitee-a-droite-securitaire-partie-2\/#primaryimage"},"thumbnailUrl":"https:\/\/lyonbondyblog.fr\/LBB\/wp-content\/uploads\/2021\/07\/Capture-decran-2021-07-12-165632.png","datePublished":"2021-07-17T15:00:00+00:00","dateModified":"2021-07-16T15:32:23+00:00","inLanguage":"fr-FR","potentialAction":[{"@type":"ReadAction","target":["https:\/\/lyonbondyblog.fr\/LBB\/tour-dhorizon-du-conseil-regional-aura-de-gauche-delitee-a-droite-securitaire-partie-2\/"]}]},{"@type":"ImageObject","inLanguage":"fr-FR","@id":"https:\/\/lyonbondyblog.fr\/LBB\/tour-dhorizon-du-conseil-regional-aura-de-gauche-delitee-a-droite-securitaire-partie-2\/#primaryimage","url":"https:\/\/lyonbondyblog.fr\/LBB\/wp-content\/uploads\/2021\/07\/Capture-decran-2021-07-12-165632.png","contentUrl":"https:\/\/lyonbondyblog.fr\/LBB\/wp-content\/uploads\/2021\/07\/Capture-decran-2021-07-12-165632.png","width":1049,"height":507,"caption":"Conseil r\u00e9gional 2021"},{"@type":"WebSite","@id":"https:\/\/lyonbondyblog.fr\/LBB\/#website","url":"https:\/\/lyonbondyblog.fr\/LBB\/","name":"Lyon Bondy Blog","description":"","publisher":{"@id":"https:\/\/lyonbondyblog.fr\/LBB\/#organization"},"potentialAction":[{"@type":"SearchAction","target":{"@type":"EntryPoint","urlTemplate":"https:\/\/lyonbondyblog.fr\/LBB\/?s={search_term_string}"},"query-input":"required name=search_term_string"}],"inLanguage":"fr-FR"},{"@type":"Organization","@id":"https:\/\/lyonbondyblog.fr\/LBB\/#organization","name":"LYON BONDY BLOG","url":"https:\/\/lyonbondyblog.fr\/LBB\/","logo":{"@type":"ImageObject","inLanguage":"fr-FR","@id":"https:\/\/lyonbondyblog.fr\/LBB\/#\/schema\/logo\/image\/","url":"http:\/\/lyonbondyblog.fr\/LBB\/wp-content\/uploads\/2014\/10\/logo-portable-144.png","contentUrl":"http:\/\/lyonbondyblog.fr\/LBB\/wp-content\/uploads\/2014\/10\/logo-portable-144.png","width":144,"height":123,"caption":"LYON BONDY BLOG"},"image":{"@id":"https:\/\/lyonbondyblog.fr\/LBB\/#\/schema\/logo\/image\/"},"sameAs":["https:\/\/www.facebook.com\/lyonbondyblog","https:\/\/x.com\/bondybloglyon"]},{"@type":"Person","@id":"https:\/\/lyonbondyblog.fr\/LBB\/#\/schema\/person\/e45f8d27baac75072daa0be50c409b25","name":"La r\u00e9daction","description":"Cr\u00e9e en 2008, la r\u00e9daction du Lyon Bondy Blog s'applique \u00e0 proposer une information locale diff\u00e9rente et compl\u00e9mentaire des m\u00e9dias traditionnels.","sameAs":["https:\/\/www.facebook.com\/lyonbondyblog","https:\/\/x.com\/BondyBlogLyon"],"url":"https:\/\/lyonbondyblog.fr\/LBB\/author\/admin\/"}]}},"_links":{"self":[{"href":"https:\/\/lyonbondyblog.fr\/LBB\/wp-json\/wp\/v2\/posts\/24289","targetHints":{"allow":["GET"]}}],"collection":[{"href":"https:\/\/lyonbondyblog.fr\/LBB\/wp-json\/wp\/v2\/posts"}],"about":[{"href":"https:\/\/lyonbondyblog.fr\/LBB\/wp-json\/wp\/v2\/types\/post"}],"author":[{"embeddable":true,"href":"https:\/\/lyonbondyblog.fr\/LBB\/wp-json\/wp\/v2\/users\/1"}],"replies":[{"embeddable":true,"href":"https:\/\/lyonbondyblog.fr\/LBB\/wp-json\/wp\/v2\/comments?post=24289"}],"version-history":[{"count":6,"href":"https:\/\/lyonbondyblog.fr\/LBB\/wp-json\/wp\/v2\/posts\/24289\/revisions"}],"predecessor-version":[{"id":24414,"href":"https:\/\/lyonbondyblog.fr\/LBB\/wp-json\/wp\/v2\/posts\/24289\/revisions\/24414"}],"wp:featuredmedia":[{"embeddable":true,"href":"https:\/\/lyonbondyblog.fr\/LBB\/wp-json\/wp\/v2\/media\/24308"}],"wp:attachment":[{"href":"https:\/\/lyonbondyblog.fr\/LBB\/wp-json\/wp\/v2\/media?parent=24289"}],"wp:term":[{"taxonomy":"category","embeddable":true,"href":"https:\/\/lyonbondyblog.fr\/LBB\/wp-json\/wp\/v2\/categories?post=24289"},{"taxonomy":"post_tag","embeddable":true,"href":"https:\/\/lyonbondyblog.fr\/LBB\/wp-json\/wp\/v2\/tags?post=24289"}],"curies":[{"name":"wp","href":"https:\/\/api.w.org\/{rel}","templated":true}]}}