{"id":24277,"date":"2021-07-15T17:00:00","date_gmt":"2021-07-15T15:00:00","guid":{"rendered":"http:\/\/lyonbondyblog.fr\/LBB\/?p=24277"},"modified":"2021-07-15T16:58:37","modified_gmt":"2021-07-15T14:58:37","slug":"dispositif-passeurs-dimages-le-cinema-en-plein-air-debarque-a-la-duchere","status":"publish","type":"post","link":"https:\/\/lyonbondyblog.fr\/LBB\/dispositif-passeurs-dimages-le-cinema-en-plein-air-debarque-a-la-duchere\/","title":{"rendered":"Le cin\u00e9ma en plein air d\u00e9barque \u00e0 la Duch\u00e8re !"},"content":{"rendered":"\n<h4 class=\"wp-block-heading\"><em>Cet \u00e9t\u00e9 dans le neuvi\u00e8me \u00e0 Lyon, plusieurs films seront projet\u00e9s en plein air.  <em>Le<a href=\"http:\/\/www.cineduchere.fr\/\"> Cin\u00e9ma de la Duch\u00e8re<\/a><\/em><\/em> <em>propose une belle initiative apr\u00e8s une ann\u00e9e de confinement. En effet, plusieurs s\u00e9ances sur les mois de juillet \u00e0 ao\u00fbt  sont organis\u00e9es dans le cadre du <a href=\"http:\/\/passeursdimages.fr\">dispositif Passeurs d\u2019Images<\/a>. L\u2019invitation semble \u00eatre l\u2019occasion parfaite pour se retrouver par une nuit d\u2019\u00e9t\u00e9, devant un beau film de cin\u00e9ma.<\/em><\/h4>\n\n\n\n<figure class=\"wp-block-image size-large\"><img loading=\"lazy\" decoding=\"async\" width=\"494\" height=\"454\" src=\"https:\/\/lyonbondyblog.fr\/LBB\/wp-content\/uploads\/2021\/07\/Capture.png\" alt=\"\" class=\"wp-image-24278\"\/><figcaption>https:\/\/www.facebook.com\/events\/280748880496027\/<\/figcaption><\/figure>\n\n\n\n<p>Cette ann\u00e9e<a href=\"http:\/\/www.cineduchere.fr\/\"> le Cin\u00e9Duch\u00e8re<\/a> participe \u00e0 nouveau au dispositif<em><a href=\"http:\/\/passeursdimages.fr\"> Passeurs d\u2019Images<\/a><\/em>. Initiative \u00e0 l\u2019\u00e9chelle nationale, dans le secteur Rh\u00f4ne-Alpes c\u2019est l<a href=\"https:\/\/www.acrira.org\/\">\u2019Acrira, l\u2019association cin\u00e9matographique de Grenoble<\/a>, qui l\u2019organise. A Lyon ce sera le cin\u00e9ma du quartier de la Duch\u00e8re qui invitera d\u00e8s la semaine prochaine les lyonnais \u00e0 profiter de multiples projections en plein air.<\/p>\n\n\n\n<p>De Vaise \u00e0 la Duch\u00e8re, de juillet \u00e0 ao\u00fbt&nbsp; <a href=\"https:\/\/www.polville.lyon.fr\/agenda\/cine-duchere-passeurs-dimages-dans-le-cadre-de-tout-lmonde-dehors-cinema-gratuit-en-plein-air\">les points de rendez-vous sont nombreux<\/a> dans le neuvi\u00e8me arrondissement de Lyon: l\u2019occasion parfaite pour passer un moment convivial et culturel !<\/p>\n\n\n\n<p><em>Passeurs d\u2019images<\/em> est un dispositif qui invite \u00e0 la d\u00e9couverte et propose une initiation au <a href=\"https:\/\/www.linternaute.fr\/dictionnaire\/fr\/definition\/septieme-art\/\">septi\u00e8me art<\/a>. De plus, cette op\u00e9ration encourage l\u2019acc\u00e8s \u00e0 l\u2019\u00e9ducation cin\u00e9matographique  aupr\u00e8s de publics \u00e9loign\u00e9s des pratiques culturelles. Pour sensibiliser le public aux codes cin\u00e9matographiques, des s\u00e9ances de projections suivies de d\u00e9bats seront organis\u00e9es. Ainsi, les plus jeunes spectateurs seront invit\u00e9s \u00e0 discuter autour d\u2019une th\u00e9matique pos\u00e9e par le film diffus\u00e9, ou au sujet du choix des acteurs, de leur jeu, du sc\u00e9nario ou encore des images\u2026<\/p>\n\n\n\n<figure class=\"wp-block-image size-large\"><img loading=\"lazy\" decoding=\"async\" width=\"212\" height=\"300\" src=\"https:\/\/lyonbondyblog.fr\/LBB\/wp-content\/uploads\/2021\/07\/Lyon-duchere.jpg\" alt=\"\" class=\"wp-image-24280\"\/><figcaption>Le film <em>Lion <\/em>a re\u00e7u 6 nominations aux Oscars dont celle du meilleur film<\/figcaption><\/figure>\n\n\n\n<p>Du film <a href=\"https:\/\/www.gpvlyonduchere.org\/agenda\/cine-plein-air\/\"><em>Lion <\/em>de Garth Davis<\/a> \u00e0 <em><a href=\"https:\/\/www.gpvlyonduchere.org\/agenda\/cinema-en-plein-air-cineduchere-passeurs-dimages\/\">Azur et Asmar<\/a><\/em>, les films pr\u00e9vus sont vari\u00e9s, de tout \u00e2ge et pens\u00e9s pour \u00eatre vus en famille. Les s\u00e9ances seront gratuites et sans restrictions de places. Cependant, les organisateurs invitent tout de m\u00eame chacun \u00e0 respecter<a href=\"https:\/\/solidarites-sante.gouv.fr\/IMG\/pdf\/affiche_gestes_barriere.pdf\"> les gestes barri\u00e8res et distanciations n\u00e9cessaires <\/a>au vu de la situation sanitaire actuelle.<\/p>\n\n\n\n<p class=\"has-text-align-center\"><strong>Silence, \u00e7a tourne \u00e0 la Duch\u00e8re !<\/strong><\/p>\n\n\n\n<p>En partenariat avec <a href=\"https:\/\/www.centre-social-sauvegarde.com\/\">le centre social de la Sauvegarde<\/a>, le Cin\u00e9 Duch\u00e8re propose ce mois-ci un atelier de r\u00e9alisation de film. Gr\u00e2ce \u00e0 l&rsquo;aide d\u2019une r\u00e9alisatrice venue pour l\u2019occasion, les jeunes du quartier de la Duch\u00e8re et ceux du centre pourront monter de A \u00e0 Z leur propre film.&nbsp;<\/p>\n\n\n\n<p>\u201c<em>De la soumission d&rsquo;id\u00e9es, en passant par l\u2019\u00e9criture du script, le tournage, le jeu d\u2019acteur et le montage, ils vont tout faire, d\u00e9bute Jeremy l\u2019un des organisateurs du projet. Les jeunes vont pouvoir suivre leurs envies, leurs styles et surtout s\u2019amuser tout en participant \u00e0 un projet s\u00e9rieux. Ils vont pouvoir d\u00e9velopper de nouveaux acquis. Apprendre \u00e0 g\u00e9rer une cam\u00e9ra, jouer un r\u00f4le devant, \u00e7a booste leur confiance en eux. Et qui sait, \u00e7a peut r\u00e9v\u00e9ler des vocations. On esp\u00e8re surtout partager avec eux notre passion pour le cin\u00e9ma et les int\u00e9resser r\u00e9ellement \u00e0 cet art et \u00e0 ses subtilit\u00e9s.<\/em>\u201d<\/p>\n\n\n\n<figure class=\"wp-block-image size-large\"><img loading=\"lazy\" decoding=\"async\" width=\"768\" height=\"512\" src=\"https:\/\/lyonbondyblog.fr\/LBB\/wp-content\/uploads\/2021\/07\/cine-duchere-lyon-9.jpg\" alt=\"\" class=\"wp-image-24281\" srcset=\"https:\/\/lyonbondyblog.fr\/LBB\/wp-content\/uploads\/2021\/07\/cine-duchere-lyon-9.jpg 768w, https:\/\/lyonbondyblog.fr\/LBB\/wp-content\/uploads\/2021\/07\/cine-duchere-lyon-9-272x182.jpg 272w\" sizes=\"auto, (max-width: 768px) 100vw, 768px\" \/><figcaption>Les enfants fr\u00e9quentant le centre de la Sauvegarde pourront profiter de cet atelier pour d\u00e9couvrir les diverses professions du monde du cin\u00e9ma.<\/figcaption><\/figure>\n\n\n\n<p>Les enfants de la Duch\u00e8re travailleront normalement aux c\u00f4t\u00e9s de la r\u00e9alisatrice Anne Girard-Blanc, habitu\u00e9e aux formats courts-m\u00e9trages.<\/p>\n\n\n\n<p>Le Cin\u00e9ma a \u00e9galement annonc\u00e9 participer au <a href=\"https:\/\/www.gpvlyonduchere.org\/agenda\/les-jeudi-de-lete\/\">Jeudis de l\u2019\u00e9t\u00e9 <\/a>organis\u00e9 par le centre social de la Sauvegarde. Lors de cet \u00e9v\u00e8nement, les habitants ont l&rsquo;occasion de se rencontrer et de d\u00e9couvrir les structures du quartier. Ils se retrouveront autour d&rsquo;animations festives, sportives, culturelles et artistiques. Des projections en plein air y sont bien s\u00fbr pr\u00e9vues.<\/p>\n\n\n\n<p>Contact et infos : Cin\u00e9Duch\u00e8re, 308 avenue Andre\u00ef Sakharov Lyon 09. T\u00e9l : 04 72 17 00 21. Mail : cineduchere@orange.fr. Site : <a href=\"http:\/\/www.cineduchere.fr\/\">www.cineduchere.fr<\/a><\/p>\n<!-- AddThis Advanced Settings generic via filter on the_content --><!-- AddThis Share Buttons generic via filter on the_content -->","protected":false},"excerpt":{"rendered":"<p>Cet \u00e9t\u00e9 dans le neuvi\u00e8me \u00e0 Lyon, plusieurs films seront projet\u00e9s en plein air. Le Cin\u00e9ma de la Duch\u00e8re propose une belle initiative apr\u00e8s une &hellip; <!-- AddThis Advanced Settings generic via filter on wp_trim_excerpt --><!-- AddThis Share Buttons generic via filter on wp_trim_excerpt --><\/p>\n","protected":false},"author":31857,"featured_media":24334,"comment_status":"open","ping_status":"open","sticky":true,"template":"","format":"standard","meta":{"_FSMCFIC_featured_image_caption":"","_FSMCFIC_featured_image_nocaption":"","_FSMCFIC_featured_image_hide":"","footnotes":""},"categories":[13114,4],"tags":[27040,1952,665,408,27041,522,320,27042],"class_list":["post-24277","post","type-post","status-publish","format-standard","has-post-thumbnail","hentry","category-cinema","category-lyon","tag-cinema-en-plein-air","tag-culture","tag-duchere","tag-ete","tag-films","tag-jeunesse","tag-rencontre","tag-septieme-art"],"yoast_head":"<!-- This site is optimized with the Yoast SEO plugin v22.8 - https:\/\/yoast.com\/wordpress\/plugins\/seo\/ -->\n<title>Le cin\u00e9ma en plein air d\u00e9barque \u00e0 la Duch\u00e8re ! - Lyon Bondy Blog<\/title>\n<meta name=\"description\" content=\"Dispositif- Passeurs d&#039;images. Le Cin\u00e9ma de la Duch\u00e8re propose des films en plein air dans le cadre du dispositif Passeurs d\u2019Images.\" \/>\n<meta name=\"robots\" content=\"index, follow, max-snippet:-1, max-image-preview:large, max-video-preview:-1\" \/>\n<link rel=\"canonical\" href=\"https:\/\/lyonbondyblog.fr\/LBB\/dispositif-passeurs-dimages-le-cinema-en-plein-air-debarque-a-la-duchere\/\" \/>\n<meta property=\"og:locale\" content=\"fr_FR\" \/>\n<meta property=\"og:type\" content=\"article\" \/>\n<meta property=\"og:title\" content=\"Le cin\u00e9ma en plein air d\u00e9barque \u00e0 la Duch\u00e8re ! - Lyon Bondy Blog\" \/>\n<meta property=\"og:description\" content=\"Dispositif- Passeurs d&#039;images. Le Cin\u00e9ma de la Duch\u00e8re propose des films en plein air dans le cadre du dispositif Passeurs d\u2019Images.\" \/>\n<meta property=\"og:url\" content=\"https:\/\/lyonbondyblog.fr\/LBB\/dispositif-passeurs-dimages-le-cinema-en-plein-air-debarque-a-la-duchere\/\" \/>\n<meta property=\"og:site_name\" content=\"Lyon Bondy Blog\" \/>\n<meta property=\"article:publisher\" content=\"https:\/\/www.facebook.com\/lyonbondyblog\" \/>\n<meta property=\"article:published_time\" content=\"2021-07-15T15:00:00+00:00\" \/>\n<meta property=\"article:modified_time\" content=\"2021-07-15T14:58:37+00:00\" \/>\n<meta property=\"og:image\" content=\"https:\/\/lyonbondyblog.fr\/LBB\/wp-content\/uploads\/2021\/07\/les-seances-cinema-plein-air-pas-louper-cet-ete-750x410-1.jpg\" \/>\n\t<meta property=\"og:image:width\" content=\"750\" \/>\n\t<meta property=\"og:image:height\" content=\"410\" \/>\n\t<meta property=\"og:image:type\" content=\"image\/jpeg\" \/>\n<meta name=\"author\" content=\"Amandine Leveneur\" \/>\n<meta name=\"twitter:card\" content=\"summary_large_image\" \/>\n<meta name=\"twitter:creator\" content=\"@bondybloglyon\" \/>\n<meta name=\"twitter:site\" content=\"@bondybloglyon\" \/>\n<script type=\"application\/ld+json\" class=\"yoast-schema-graph\">{\"@context\":\"https:\/\/schema.org\",\"@graph\":[{\"@type\":\"Article\",\"@id\":\"https:\/\/lyonbondyblog.fr\/LBB\/dispositif-passeurs-dimages-le-cinema-en-plein-air-debarque-a-la-duchere\/#article\",\"isPartOf\":{\"@id\":\"https:\/\/lyonbondyblog.fr\/LBB\/dispositif-passeurs-dimages-le-cinema-en-plein-air-debarque-a-la-duchere\/\"},\"author\":{\"name\":\"Amandine Leveneur\",\"@id\":\"https:\/\/lyonbondyblog.fr\/LBB\/#\/schema\/person\/b89f8481c4017638298de40fbc9afb68\"},\"headline\":\"Le cin\u00e9ma en plein air d\u00e9barque \u00e0 la Duch\u00e8re !\",\"datePublished\":\"2021-07-15T15:00:00+00:00\",\"dateModified\":\"2021-07-15T14:58:37+00:00\",\"mainEntityOfPage\":{\"@id\":\"https:\/\/lyonbondyblog.fr\/LBB\/dispositif-passeurs-dimages-le-cinema-en-plein-air-debarque-a-la-duchere\/\"},\"wordCount\":672,\"commentCount\":0,\"publisher\":{\"@id\":\"https:\/\/lyonbondyblog.fr\/LBB\/#organization\"},\"image\":{\"@id\":\"https:\/\/lyonbondyblog.fr\/LBB\/dispositif-passeurs-dimages-le-cinema-en-plein-air-debarque-a-la-duchere\/#primaryimage\"},\"thumbnailUrl\":\"https:\/\/lyonbondyblog.fr\/LBB\/wp-content\/uploads\/2021\/07\/les-seances-cinema-plein-air-pas-louper-cet-ete-750x410-1.jpg\",\"keywords\":[\"cin\u00e9ma en plein air\",\"Culture\",\"Duch\u00e8re\",\"\u00e9t\u00e9\",\"films\",\"jeunesse\",\"rencontre\",\"septi\u00e8me art\"],\"articleSection\":[\"Cin\u00e9ma\",\"Lyon\"],\"inLanguage\":\"fr-FR\",\"potentialAction\":[{\"@type\":\"CommentAction\",\"name\":\"Comment\",\"target\":[\"https:\/\/lyonbondyblog.fr\/LBB\/dispositif-passeurs-dimages-le-cinema-en-plein-air-debarque-a-la-duchere\/#respond\"]}]},{\"@type\":\"WebPage\",\"@id\":\"https:\/\/lyonbondyblog.fr\/LBB\/dispositif-passeurs-dimages-le-cinema-en-plein-air-debarque-a-la-duchere\/\",\"url\":\"https:\/\/lyonbondyblog.fr\/LBB\/dispositif-passeurs-dimages-le-cinema-en-plein-air-debarque-a-la-duchere\/\",\"name\":\"Le cin\u00e9ma en plein air d\u00e9barque \u00e0 la Duch\u00e8re ! - Lyon Bondy Blog\",\"isPartOf\":{\"@id\":\"https:\/\/lyonbondyblog.fr\/LBB\/#website\"},\"primaryImageOfPage\":{\"@id\":\"https:\/\/lyonbondyblog.fr\/LBB\/dispositif-passeurs-dimages-le-cinema-en-plein-air-debarque-a-la-duchere\/#primaryimage\"},\"image\":{\"@id\":\"https:\/\/lyonbondyblog.fr\/LBB\/dispositif-passeurs-dimages-le-cinema-en-plein-air-debarque-a-la-duchere\/#primaryimage\"},\"thumbnailUrl\":\"https:\/\/lyonbondyblog.fr\/LBB\/wp-content\/uploads\/2021\/07\/les-seances-cinema-plein-air-pas-louper-cet-ete-750x410-1.jpg\",\"datePublished\":\"2021-07-15T15:00:00+00:00\",\"dateModified\":\"2021-07-15T14:58:37+00:00\",\"description\":\"Dispositif- Passeurs d'images. Le Cin\u00e9ma de la Duch\u00e8re propose des films en plein air dans le cadre du dispositif Passeurs d\u2019Images.\",\"inLanguage\":\"fr-FR\",\"potentialAction\":[{\"@type\":\"ReadAction\",\"target\":[\"https:\/\/lyonbondyblog.fr\/LBB\/dispositif-passeurs-dimages-le-cinema-en-plein-air-debarque-a-la-duchere\/\"]}]},{\"@type\":\"ImageObject\",\"inLanguage\":\"fr-FR\",\"@id\":\"https:\/\/lyonbondyblog.fr\/LBB\/dispositif-passeurs-dimages-le-cinema-en-plein-air-debarque-a-la-duchere\/#primaryimage\",\"url\":\"https:\/\/lyonbondyblog.fr\/LBB\/wp-content\/uploads\/2021\/07\/les-seances-cinema-plein-air-pas-louper-cet-ete-750x410-1.jpg\",\"contentUrl\":\"https:\/\/lyonbondyblog.fr\/LBB\/wp-content\/uploads\/2021\/07\/les-seances-cinema-plein-air-pas-louper-cet-ete-750x410-1.jpg\",\"width\":750,\"height\":410},{\"@type\":\"WebSite\",\"@id\":\"https:\/\/lyonbondyblog.fr\/LBB\/#website\",\"url\":\"https:\/\/lyonbondyblog.fr\/LBB\/\",\"name\":\"Lyon Bondy Blog\",\"description\":\"\",\"publisher\":{\"@id\":\"https:\/\/lyonbondyblog.fr\/LBB\/#organization\"},\"potentialAction\":[{\"@type\":\"SearchAction\",\"target\":{\"@type\":\"EntryPoint\",\"urlTemplate\":\"https:\/\/lyonbondyblog.fr\/LBB\/?s={search_term_string}\"},\"query-input\":\"required name=search_term_string\"}],\"inLanguage\":\"fr-FR\"},{\"@type\":\"Organization\",\"@id\":\"https:\/\/lyonbondyblog.fr\/LBB\/#organization\",\"name\":\"LYON BONDY BLOG\",\"url\":\"https:\/\/lyonbondyblog.fr\/LBB\/\",\"logo\":{\"@type\":\"ImageObject\",\"inLanguage\":\"fr-FR\",\"@id\":\"https:\/\/lyonbondyblog.fr\/LBB\/#\/schema\/logo\/image\/\",\"url\":\"http:\/\/lyonbondyblog.fr\/LBB\/wp-content\/uploads\/2014\/10\/logo-portable-144.png\",\"contentUrl\":\"http:\/\/lyonbondyblog.fr\/LBB\/wp-content\/uploads\/2014\/10\/logo-portable-144.png\",\"width\":144,\"height\":123,\"caption\":\"LYON BONDY BLOG\"},\"image\":{\"@id\":\"https:\/\/lyonbondyblog.fr\/LBB\/#\/schema\/logo\/image\/\"},\"sameAs\":[\"https:\/\/www.facebook.com\/lyonbondyblog\",\"https:\/\/x.com\/bondybloglyon\"]},{\"@type\":\"Person\",\"@id\":\"https:\/\/lyonbondyblog.fr\/LBB\/#\/schema\/person\/b89f8481c4017638298de40fbc9afb68\",\"name\":\"Amandine Leveneur\",\"sameAs\":[\"https:\/\/www.instagram.com\/amandine_leveneur\/?hl=fr\"],\"url\":\"https:\/\/lyonbondyblog.fr\/LBB\/author\/amandine\/\"}]}<\/script>\n<!-- \/ Yoast SEO plugin. -->","yoast_head_json":{"title":"Le cin\u00e9ma en plein air d\u00e9barque \u00e0 la Duch\u00e8re ! - Lyon Bondy Blog","description":"Dispositif- Passeurs d'images. Le Cin\u00e9ma de la Duch\u00e8re propose des films en plein air dans le cadre du dispositif Passeurs d\u2019Images.","robots":{"index":"index","follow":"follow","max-snippet":"max-snippet:-1","max-image-preview":"max-image-preview:large","max-video-preview":"max-video-preview:-1"},"canonical":"https:\/\/lyonbondyblog.fr\/LBB\/dispositif-passeurs-dimages-le-cinema-en-plein-air-debarque-a-la-duchere\/","og_locale":"fr_FR","og_type":"article","og_title":"Le cin\u00e9ma en plein air d\u00e9barque \u00e0 la Duch\u00e8re ! - Lyon Bondy Blog","og_description":"Dispositif- Passeurs d'images. Le Cin\u00e9ma de la Duch\u00e8re propose des films en plein air dans le cadre du dispositif Passeurs d\u2019Images.","og_url":"https:\/\/lyonbondyblog.fr\/LBB\/dispositif-passeurs-dimages-le-cinema-en-plein-air-debarque-a-la-duchere\/","og_site_name":"Lyon Bondy Blog","article_publisher":"https:\/\/www.facebook.com\/lyonbondyblog","article_published_time":"2021-07-15T15:00:00+00:00","article_modified_time":"2021-07-15T14:58:37+00:00","og_image":[{"width":750,"height":410,"url":"https:\/\/lyonbondyblog.fr\/LBB\/wp-content\/uploads\/2021\/07\/les-seances-cinema-plein-air-pas-louper-cet-ete-750x410-1.jpg","type":"image\/jpeg"}],"author":"Amandine Leveneur","twitter_card":"summary_large_image","twitter_creator":"@bondybloglyon","twitter_site":"@bondybloglyon","schema":{"@context":"https:\/\/schema.org","@graph":[{"@type":"Article","@id":"https:\/\/lyonbondyblog.fr\/LBB\/dispositif-passeurs-dimages-le-cinema-en-plein-air-debarque-a-la-duchere\/#article","isPartOf":{"@id":"https:\/\/lyonbondyblog.fr\/LBB\/dispositif-passeurs-dimages-le-cinema-en-plein-air-debarque-a-la-duchere\/"},"author":{"name":"Amandine Leveneur","@id":"https:\/\/lyonbondyblog.fr\/LBB\/#\/schema\/person\/b89f8481c4017638298de40fbc9afb68"},"headline":"Le cin\u00e9ma en plein air d\u00e9barque \u00e0 la Duch\u00e8re !","datePublished":"2021-07-15T15:00:00+00:00","dateModified":"2021-07-15T14:58:37+00:00","mainEntityOfPage":{"@id":"https:\/\/lyonbondyblog.fr\/LBB\/dispositif-passeurs-dimages-le-cinema-en-plein-air-debarque-a-la-duchere\/"},"wordCount":672,"commentCount":0,"publisher":{"@id":"https:\/\/lyonbondyblog.fr\/LBB\/#organization"},"image":{"@id":"https:\/\/lyonbondyblog.fr\/LBB\/dispositif-passeurs-dimages-le-cinema-en-plein-air-debarque-a-la-duchere\/#primaryimage"},"thumbnailUrl":"https:\/\/lyonbondyblog.fr\/LBB\/wp-content\/uploads\/2021\/07\/les-seances-cinema-plein-air-pas-louper-cet-ete-750x410-1.jpg","keywords":["cin\u00e9ma en plein air","Culture","Duch\u00e8re","\u00e9t\u00e9","films","jeunesse","rencontre","septi\u00e8me art"],"articleSection":["Cin\u00e9ma","Lyon"],"inLanguage":"fr-FR","potentialAction":[{"@type":"CommentAction","name":"Comment","target":["https:\/\/lyonbondyblog.fr\/LBB\/dispositif-passeurs-dimages-le-cinema-en-plein-air-debarque-a-la-duchere\/#respond"]}]},{"@type":"WebPage","@id":"https:\/\/lyonbondyblog.fr\/LBB\/dispositif-passeurs-dimages-le-cinema-en-plein-air-debarque-a-la-duchere\/","url":"https:\/\/lyonbondyblog.fr\/LBB\/dispositif-passeurs-dimages-le-cinema-en-plein-air-debarque-a-la-duchere\/","name":"Le cin\u00e9ma en plein air d\u00e9barque \u00e0 la Duch\u00e8re ! - Lyon Bondy Blog","isPartOf":{"@id":"https:\/\/lyonbondyblog.fr\/LBB\/#website"},"primaryImageOfPage":{"@id":"https:\/\/lyonbondyblog.fr\/LBB\/dispositif-passeurs-dimages-le-cinema-en-plein-air-debarque-a-la-duchere\/#primaryimage"},"image":{"@id":"https:\/\/lyonbondyblog.fr\/LBB\/dispositif-passeurs-dimages-le-cinema-en-plein-air-debarque-a-la-duchere\/#primaryimage"},"thumbnailUrl":"https:\/\/lyonbondyblog.fr\/LBB\/wp-content\/uploads\/2021\/07\/les-seances-cinema-plein-air-pas-louper-cet-ete-750x410-1.jpg","datePublished":"2021-07-15T15:00:00+00:00","dateModified":"2021-07-15T14:58:37+00:00","description":"Dispositif- Passeurs d'images. Le Cin\u00e9ma de la Duch\u00e8re propose des films en plein air dans le cadre du dispositif Passeurs d\u2019Images.","inLanguage":"fr-FR","potentialAction":[{"@type":"ReadAction","target":["https:\/\/lyonbondyblog.fr\/LBB\/dispositif-passeurs-dimages-le-cinema-en-plein-air-debarque-a-la-duchere\/"]}]},{"@type":"ImageObject","inLanguage":"fr-FR","@id":"https:\/\/lyonbondyblog.fr\/LBB\/dispositif-passeurs-dimages-le-cinema-en-plein-air-debarque-a-la-duchere\/#primaryimage","url":"https:\/\/lyonbondyblog.fr\/LBB\/wp-content\/uploads\/2021\/07\/les-seances-cinema-plein-air-pas-louper-cet-ete-750x410-1.jpg","contentUrl":"https:\/\/lyonbondyblog.fr\/LBB\/wp-content\/uploads\/2021\/07\/les-seances-cinema-plein-air-pas-louper-cet-ete-750x410-1.jpg","width":750,"height":410},{"@type":"WebSite","@id":"https:\/\/lyonbondyblog.fr\/LBB\/#website","url":"https:\/\/lyonbondyblog.fr\/LBB\/","name":"Lyon Bondy Blog","description":"","publisher":{"@id":"https:\/\/lyonbondyblog.fr\/LBB\/#organization"},"potentialAction":[{"@type":"SearchAction","target":{"@type":"EntryPoint","urlTemplate":"https:\/\/lyonbondyblog.fr\/LBB\/?s={search_term_string}"},"query-input":"required name=search_term_string"}],"inLanguage":"fr-FR"},{"@type":"Organization","@id":"https:\/\/lyonbondyblog.fr\/LBB\/#organization","name":"LYON BONDY BLOG","url":"https:\/\/lyonbondyblog.fr\/LBB\/","logo":{"@type":"ImageObject","inLanguage":"fr-FR","@id":"https:\/\/lyonbondyblog.fr\/LBB\/#\/schema\/logo\/image\/","url":"http:\/\/lyonbondyblog.fr\/LBB\/wp-content\/uploads\/2014\/10\/logo-portable-144.png","contentUrl":"http:\/\/lyonbondyblog.fr\/LBB\/wp-content\/uploads\/2014\/10\/logo-portable-144.png","width":144,"height":123,"caption":"LYON BONDY BLOG"},"image":{"@id":"https:\/\/lyonbondyblog.fr\/LBB\/#\/schema\/logo\/image\/"},"sameAs":["https:\/\/www.facebook.com\/lyonbondyblog","https:\/\/x.com\/bondybloglyon"]},{"@type":"Person","@id":"https:\/\/lyonbondyblog.fr\/LBB\/#\/schema\/person\/b89f8481c4017638298de40fbc9afb68","name":"Amandine Leveneur","sameAs":["https:\/\/www.instagram.com\/amandine_leveneur\/?hl=fr"],"url":"https:\/\/lyonbondyblog.fr\/LBB\/author\/amandine\/"}]}},"_links":{"self":[{"href":"https:\/\/lyonbondyblog.fr\/LBB\/wp-json\/wp\/v2\/posts\/24277","targetHints":{"allow":["GET"]}}],"collection":[{"href":"https:\/\/lyonbondyblog.fr\/LBB\/wp-json\/wp\/v2\/posts"}],"about":[{"href":"https:\/\/lyonbondyblog.fr\/LBB\/wp-json\/wp\/v2\/types\/post"}],"author":[{"embeddable":true,"href":"https:\/\/lyonbondyblog.fr\/LBB\/wp-json\/wp\/v2\/users\/31857"}],"replies":[{"embeddable":true,"href":"https:\/\/lyonbondyblog.fr\/LBB\/wp-json\/wp\/v2\/comments?post=24277"}],"version-history":[{"count":8,"href":"https:\/\/lyonbondyblog.fr\/LBB\/wp-json\/wp\/v2\/posts\/24277\/revisions"}],"predecessor-version":[{"id":24365,"href":"https:\/\/lyonbondyblog.fr\/LBB\/wp-json\/wp\/v2\/posts\/24277\/revisions\/24365"}],"wp:featuredmedia":[{"embeddable":true,"href":"https:\/\/lyonbondyblog.fr\/LBB\/wp-json\/wp\/v2\/media\/24334"}],"wp:attachment":[{"href":"https:\/\/lyonbondyblog.fr\/LBB\/wp-json\/wp\/v2\/media?parent=24277"}],"wp:term":[{"taxonomy":"category","embeddable":true,"href":"https:\/\/lyonbondyblog.fr\/LBB\/wp-json\/wp\/v2\/categories?post=24277"},{"taxonomy":"post_tag","embeddable":true,"href":"https:\/\/lyonbondyblog.fr\/LBB\/wp-json\/wp\/v2\/tags?post=24277"}],"curies":[{"name":"wp","href":"https:\/\/api.w.org\/{rel}","templated":true}]}}