{"id":2427,"date":"2010-10-19T12:08:42","date_gmt":"2010-10-19T10:08:42","guid":{"rendered":"http:\/\/lyonbondyblog.fr\/LBB\/?p=2427"},"modified":"2013-07-31T12:11:55","modified_gmt":"2013-07-31T10:11:55","slug":"he-hop-une-semaine-de-blocus-xd","status":"publish","type":"post","link":"https:\/\/lyonbondyblog.fr\/LBB\/he-hop-une-semaine-de-blocus-xd\/","title":{"rendered":"\u00ab H\u00e9 hop ! Une semaine de blocus xD ! \u00bb"},"content":{"rendered":"<p><strong>Lydia continue de suivre le mouvement lyc\u00e9en. Entre faits et interrogations, elle nous incite \u00e0 r\u00e9fl\u00e9chir sur l&rsquo;implication de ces jeunes dans les mouvements de protestations.<\/strong><\/p>\n<div><\/div>\n<div>\u00a0<a href=\"https:\/\/lyonbondyblog.fr\/LBB\/wp-content\/uploads\/2013\/07\/pompier.jpg\"><img loading=\"lazy\" decoding=\"async\" width=\"194\" height=\"258\" class=\"size-full wp-image-2428 alignleft\" alt=\"pompier\" src=\"https:\/\/lyonbondyblog.fr\/LBB\/wp-content\/uploads\/2013\/07\/pompier.jpg\" \/><\/a><\/div>\n<p><b>\u00a0<b>\u00c7a<\/b> chauffe, \u00e7a chauffe en direct de la Croix Rousse<\/b> ce lundi 18 octobre 2010. Souvenez-vous, jeudi dernier, les lyc\u00e9ens avaient d\u00e9cid\u00e9 de manifester en bloquant les lyc\u00e9es et en faisant de nombreux d\u00e9g\u00e2ts. Hier, ils ont d\u00e9cid\u00e9 de retourner dans la rue et de br\u00fbler les voitures de toute une rue\u00a0: la rue de Flesselles.<\/p>\n<p><b>La rue en a pris un sacr\u00e9 coup<\/b> et ce ne sont ni les habitants ni les propri\u00e9taires des voitures br\u00fbl\u00e9s qui diront le contraire. Elle a d\u2019ailleurs \u00e9t\u00e9 bloqu\u00e9e par les CRS, les habitants eux-m\u00eames ne pouvaient rentrer chez eux. L\u2019intervention des pompiers a dur\u00e9 environ 45 minutes et les cours du lyc\u00e9e Jacques Flesselles ont \u00e9t\u00e9 suspendus pour la journ\u00e9e. .<\/p>\n<p><b>LCI a compt\u00e9 environ 2 000 lyc\u00e9ens manifestants<\/b> dans les rues de Lyon. 28 d\u2019entres eux ont \u00e9t\u00e9 interpell\u00e9s selon un communiqu\u00e9 de la pr\u00e9fecture du Rh\u00f4ne. Ces blocus sont annonc\u00e9s pour toute la semaine.<\/p>\n<div>\n<p><a href=\"https:\/\/lyonbondyblog.fr\/LBB\/wp-content\/uploads\/2013\/07\/P1050109.jpg\"><img loading=\"lazy\" decoding=\"async\" width=\"512\" height=\"384\" class=\"aligncenter size-full wp-image-2429\" alt=\"P1050109\" src=\"https:\/\/lyonbondyblog.fr\/LBB\/wp-content\/uploads\/2013\/07\/P1050109.jpg\" srcset=\"https:\/\/lyonbondyblog.fr\/LBB\/wp-content\/uploads\/2013\/07\/P1050109.jpg 512w, https:\/\/lyonbondyblog.fr\/LBB\/wp-content\/uploads\/2013\/07\/P1050109-300x225.jpg 300w\" sizes=\"auto, (max-width: 512px) 100vw, 512px\" \/><\/a>\n<\/div>\n<div>\n<\/div>\n<p><b>Face \u00e0 toute cette agitation, Nicolas Sarkozy reste de marbre<\/b>. Au fond, on peut comprendre cette violence. Le gouvernement ne r\u00e9pond pas \u00e0 ces manifestations qu\u2019elles soient pacifiques ou non, alors autant frapper fort.\u00a0Oui mais\u2026 \u00a0Je constate tout de m\u00eame qu&rsquo;il est difficile d\u2019avoir une opinion tranch\u00e9e face \u00e0 l\u2019implication des lyc\u00e9ens dans cette manifestation. Je me demandais, dans mon <a href=\"http:\/\/yahoo.lyon.bondyblog.fr\/news\/c-la-trik-les-blocus-ma-tete\"><b>pr\u00e9c\u00e9dent reportage<\/b><\/a>, s\u2019ils \u00e9taient assez matures pour r\u00e9ellement s\u2019engager contre cette r\u00e9forme. Il est s\u00fbr que beaucoup d&rsquo;entres eux ne le sont pas car ils sont tout simplement loin de s\u2019int\u00e9resser \u00e0 la politique. En m\u00eame temps, cela les touche et nous touche directement\u00a0: c\u2019est de notre avenir dont il s\u2019agit. Et beaucoup de jeunes restent sinc\u00e8rement engag\u00e9s contre cette r\u00e9forme. Cela dit, les jeunes sont et seront toujours une cible facile car s\u2019ils ne disent rien \u00ab\u00a0c\u2019est qu\u2019ils sont trop b\u00eates\u00a0\u00bb et s\u2019ils disent quelque chose, \u00ab\u00a0ils ne sont pas assez matures pour \u00eatre pris au s\u00e9rieux.\u00a0\u00bb.\u00a0La question qu\u2019il faut se poser est finalement celle-l\u00e0\u00a0:\u00a0 \u00ab\u00a0<i>O\u00f9 en est la d\u00e9mocratie (demos cratos = le pouvoir du peuple) dans tout \u00e7a\u00a0?<\/i>\u00a0\u00bb<\/p>\n<p style=\"text-align: right;\"><span style=\"text-decoration: underline;\">Lydia Benaouda<\/span><\/p>\n<!-- AddThis Advanced Settings generic via filter on the_content --><!-- AddThis Share Buttons generic via filter on the_content -->","protected":false},"excerpt":{"rendered":"<p>Lydia continue de suivre le mouvement lyc\u00e9en. Entre faits et interrogations, elle nous incite \u00e0 r\u00e9fl\u00e9chir sur l&rsquo;implication de ces jeunes dans les mouvements de &hellip; <!-- AddThis Advanced Settings generic via filter on wp_trim_excerpt --><!-- AddThis Share Buttons generic via filter on wp_trim_excerpt --><\/p>\n","protected":false},"author":1,"featured_media":2428,"comment_status":"open","ping_status":"open","sticky":false,"template":"","format":"standard","meta":{"_FSMCFIC_featured_image_caption":"","_FSMCFIC_featured_image_nocaption":"","_FSMCFIC_featured_image_hide":"","footnotes":""},"categories":[4],"tags":[10,112,668],"class_list":["post-2427","post","type-post","status-publish","format-standard","has-post-thumbnail","hentry","category-lyon","tag-lyon-2","tag-lyon-bondy-blog","tag-manifestations"],"yoast_head":"<!-- This site is optimized with the Yoast SEO plugin v22.8 - https:\/\/yoast.com\/wordpress\/plugins\/seo\/ -->\n<title>\u00ab H\u00e9 hop ! Une semaine de blocus xD ! \u00bb - Lyon Bondy Blog<\/title>\n<meta name=\"robots\" content=\"index, follow, max-snippet:-1, max-image-preview:large, max-video-preview:-1\" \/>\n<link rel=\"canonical\" href=\"https:\/\/lyonbondyblog.fr\/LBB\/he-hop-une-semaine-de-blocus-xd\/\" \/>\n<meta property=\"og:locale\" content=\"fr_FR\" \/>\n<meta property=\"og:type\" content=\"article\" \/>\n<meta property=\"og:title\" content=\"\u00ab H\u00e9 hop ! Une semaine de blocus xD ! \u00bb - Lyon Bondy Blog\" \/>\n<meta property=\"og:description\" content=\"Lydia continue de suivre le mouvement lyc\u00e9en. Entre faits et interrogations, elle nous incite \u00e0 r\u00e9fl\u00e9chir sur l&rsquo;implication de ces jeunes dans les mouvements de &hellip;\" \/>\n<meta property=\"og:url\" content=\"https:\/\/lyonbondyblog.fr\/LBB\/he-hop-une-semaine-de-blocus-xd\/\" \/>\n<meta property=\"og:site_name\" content=\"Lyon Bondy Blog\" \/>\n<meta property=\"article:publisher\" content=\"https:\/\/www.facebook.com\/lyonbondyblog\" \/>\n<meta property=\"article:author\" content=\"https:\/\/www.facebook.com\/lyonbondyblog\" \/>\n<meta property=\"article:published_time\" content=\"2010-10-19T10:08:42+00:00\" \/>\n<meta property=\"article:modified_time\" content=\"2013-07-31T10:11:55+00:00\" \/>\n<meta property=\"og:image\" content=\"https:\/\/lyonbondyblog.fr\/LBB\/wp-content\/uploads\/2013\/07\/pompier.jpg\" \/>\n\t<meta property=\"og:image:width\" content=\"194\" \/>\n\t<meta property=\"og:image:height\" content=\"258\" \/>\n\t<meta property=\"og:image:type\" content=\"image\/jpeg\" \/>\n<meta name=\"author\" content=\"La r\u00e9daction\" \/>\n<meta name=\"twitter:card\" content=\"summary_large_image\" \/>\n<meta name=\"twitter:creator\" content=\"@BondyBlogLyon\" \/>\n<meta name=\"twitter:site\" content=\"@bondybloglyon\" \/>\n<script type=\"application\/ld+json\" class=\"yoast-schema-graph\">{\"@context\":\"https:\/\/schema.org\",\"@graph\":[{\"@type\":\"Article\",\"@id\":\"https:\/\/lyonbondyblog.fr\/LBB\/he-hop-une-semaine-de-blocus-xd\/#article\",\"isPartOf\":{\"@id\":\"https:\/\/lyonbondyblog.fr\/LBB\/he-hop-une-semaine-de-blocus-xd\/\"},\"author\":{\"name\":\"La r\u00e9daction\",\"@id\":\"https:\/\/lyonbondyblog.fr\/LBB\/#\/schema\/person\/e45f8d27baac75072daa0be50c409b25\"},\"headline\":\"\u00ab H\u00e9 hop ! Une semaine de blocus xD ! \u00bb\",\"datePublished\":\"2010-10-19T10:08:42+00:00\",\"dateModified\":\"2013-07-31T10:11:55+00:00\",\"mainEntityOfPage\":{\"@id\":\"https:\/\/lyonbondyblog.fr\/LBB\/he-hop-une-semaine-de-blocus-xd\/\"},\"wordCount\":414,\"commentCount\":0,\"publisher\":{\"@id\":\"https:\/\/lyonbondyblog.fr\/LBB\/#organization\"},\"image\":{\"@id\":\"https:\/\/lyonbondyblog.fr\/LBB\/he-hop-une-semaine-de-blocus-xd\/#primaryimage\"},\"thumbnailUrl\":\"https:\/\/lyonbondyblog.fr\/LBB\/wp-content\/uploads\/2013\/07\/pompier.jpg\",\"keywords\":[\"lyon\",\"Lyon Bondy Blog\",\"manifestations\"],\"articleSection\":[\"Lyon\"],\"inLanguage\":\"fr-FR\",\"potentialAction\":[{\"@type\":\"CommentAction\",\"name\":\"Comment\",\"target\":[\"https:\/\/lyonbondyblog.fr\/LBB\/he-hop-une-semaine-de-blocus-xd\/#respond\"]}]},{\"@type\":\"WebPage\",\"@id\":\"https:\/\/lyonbondyblog.fr\/LBB\/he-hop-une-semaine-de-blocus-xd\/\",\"url\":\"https:\/\/lyonbondyblog.fr\/LBB\/he-hop-une-semaine-de-blocus-xd\/\",\"name\":\"\u00ab H\u00e9 hop ! Une semaine de blocus xD ! \u00bb - Lyon Bondy Blog\",\"isPartOf\":{\"@id\":\"https:\/\/lyonbondyblog.fr\/LBB\/#website\"},\"primaryImageOfPage\":{\"@id\":\"https:\/\/lyonbondyblog.fr\/LBB\/he-hop-une-semaine-de-blocus-xd\/#primaryimage\"},\"image\":{\"@id\":\"https:\/\/lyonbondyblog.fr\/LBB\/he-hop-une-semaine-de-blocus-xd\/#primaryimage\"},\"thumbnailUrl\":\"https:\/\/lyonbondyblog.fr\/LBB\/wp-content\/uploads\/2013\/07\/pompier.jpg\",\"datePublished\":\"2010-10-19T10:08:42+00:00\",\"dateModified\":\"2013-07-31T10:11:55+00:00\",\"inLanguage\":\"fr-FR\",\"potentialAction\":[{\"@type\":\"ReadAction\",\"target\":[\"https:\/\/lyonbondyblog.fr\/LBB\/he-hop-une-semaine-de-blocus-xd\/\"]}]},{\"@type\":\"ImageObject\",\"inLanguage\":\"fr-FR\",\"@id\":\"https:\/\/lyonbondyblog.fr\/LBB\/he-hop-une-semaine-de-blocus-xd\/#primaryimage\",\"url\":\"https:\/\/lyonbondyblog.fr\/LBB\/wp-content\/uploads\/2013\/07\/pompier.jpg\",\"contentUrl\":\"https:\/\/lyonbondyblog.fr\/LBB\/wp-content\/uploads\/2013\/07\/pompier.jpg\",\"width\":194,\"height\":258},{\"@type\":\"WebSite\",\"@id\":\"https:\/\/lyonbondyblog.fr\/LBB\/#website\",\"url\":\"https:\/\/lyonbondyblog.fr\/LBB\/\",\"name\":\"Lyon Bondy Blog\",\"description\":\"\",\"publisher\":{\"@id\":\"https:\/\/lyonbondyblog.fr\/LBB\/#organization\"},\"potentialAction\":[{\"@type\":\"SearchAction\",\"target\":{\"@type\":\"EntryPoint\",\"urlTemplate\":\"https:\/\/lyonbondyblog.fr\/LBB\/?s={search_term_string}\"},\"query-input\":\"required name=search_term_string\"}],\"inLanguage\":\"fr-FR\"},{\"@type\":\"Organization\",\"@id\":\"https:\/\/lyonbondyblog.fr\/LBB\/#organization\",\"name\":\"LYON BONDY BLOG\",\"url\":\"https:\/\/lyonbondyblog.fr\/LBB\/\",\"logo\":{\"@type\":\"ImageObject\",\"inLanguage\":\"fr-FR\",\"@id\":\"https:\/\/lyonbondyblog.fr\/LBB\/#\/schema\/logo\/image\/\",\"url\":\"http:\/\/lyonbondyblog.fr\/LBB\/wp-content\/uploads\/2014\/10\/logo-portable-144.png\",\"contentUrl\":\"http:\/\/lyonbondyblog.fr\/LBB\/wp-content\/uploads\/2014\/10\/logo-portable-144.png\",\"width\":144,\"height\":123,\"caption\":\"LYON BONDY BLOG\"},\"image\":{\"@id\":\"https:\/\/lyonbondyblog.fr\/LBB\/#\/schema\/logo\/image\/\"},\"sameAs\":[\"https:\/\/www.facebook.com\/lyonbondyblog\",\"https:\/\/x.com\/bondybloglyon\"]},{\"@type\":\"Person\",\"@id\":\"https:\/\/lyonbondyblog.fr\/LBB\/#\/schema\/person\/e45f8d27baac75072daa0be50c409b25\",\"name\":\"La r\u00e9daction\",\"description\":\"Cr\u00e9e en 2008, la r\u00e9daction du Lyon Bondy Blog s'applique \u00e0 proposer une information locale diff\u00e9rente et compl\u00e9mentaire des m\u00e9dias traditionnels.\",\"sameAs\":[\"https:\/\/www.facebook.com\/lyonbondyblog\",\"https:\/\/x.com\/BondyBlogLyon\"],\"url\":\"https:\/\/lyonbondyblog.fr\/LBB\/author\/admin\/\"}]}<\/script>\n<!-- \/ Yoast SEO plugin. -->","yoast_head_json":{"title":"\u00ab H\u00e9 hop ! Une semaine de blocus xD ! \u00bb - Lyon Bondy Blog","robots":{"index":"index","follow":"follow","max-snippet":"max-snippet:-1","max-image-preview":"max-image-preview:large","max-video-preview":"max-video-preview:-1"},"canonical":"https:\/\/lyonbondyblog.fr\/LBB\/he-hop-une-semaine-de-blocus-xd\/","og_locale":"fr_FR","og_type":"article","og_title":"\u00ab H\u00e9 hop ! Une semaine de blocus xD ! \u00bb - Lyon Bondy Blog","og_description":"Lydia continue de suivre le mouvement lyc\u00e9en. Entre faits et interrogations, elle nous incite \u00e0 r\u00e9fl\u00e9chir sur l&rsquo;implication de ces jeunes dans les mouvements de &hellip;","og_url":"https:\/\/lyonbondyblog.fr\/LBB\/he-hop-une-semaine-de-blocus-xd\/","og_site_name":"Lyon Bondy Blog","article_publisher":"https:\/\/www.facebook.com\/lyonbondyblog","article_author":"https:\/\/www.facebook.com\/lyonbondyblog","article_published_time":"2010-10-19T10:08:42+00:00","article_modified_time":"2013-07-31T10:11:55+00:00","og_image":[{"width":194,"height":258,"url":"https:\/\/lyonbondyblog.fr\/LBB\/wp-content\/uploads\/2013\/07\/pompier.jpg","type":"image\/jpeg"}],"author":"La r\u00e9daction","twitter_card":"summary_large_image","twitter_creator":"@BondyBlogLyon","twitter_site":"@bondybloglyon","schema":{"@context":"https:\/\/schema.org","@graph":[{"@type":"Article","@id":"https:\/\/lyonbondyblog.fr\/LBB\/he-hop-une-semaine-de-blocus-xd\/#article","isPartOf":{"@id":"https:\/\/lyonbondyblog.fr\/LBB\/he-hop-une-semaine-de-blocus-xd\/"},"author":{"name":"La r\u00e9daction","@id":"https:\/\/lyonbondyblog.fr\/LBB\/#\/schema\/person\/e45f8d27baac75072daa0be50c409b25"},"headline":"\u00ab H\u00e9 hop ! Une semaine de blocus xD ! \u00bb","datePublished":"2010-10-19T10:08:42+00:00","dateModified":"2013-07-31T10:11:55+00:00","mainEntityOfPage":{"@id":"https:\/\/lyonbondyblog.fr\/LBB\/he-hop-une-semaine-de-blocus-xd\/"},"wordCount":414,"commentCount":0,"publisher":{"@id":"https:\/\/lyonbondyblog.fr\/LBB\/#organization"},"image":{"@id":"https:\/\/lyonbondyblog.fr\/LBB\/he-hop-une-semaine-de-blocus-xd\/#primaryimage"},"thumbnailUrl":"https:\/\/lyonbondyblog.fr\/LBB\/wp-content\/uploads\/2013\/07\/pompier.jpg","keywords":["lyon","Lyon Bondy Blog","manifestations"],"articleSection":["Lyon"],"inLanguage":"fr-FR","potentialAction":[{"@type":"CommentAction","name":"Comment","target":["https:\/\/lyonbondyblog.fr\/LBB\/he-hop-une-semaine-de-blocus-xd\/#respond"]}]},{"@type":"WebPage","@id":"https:\/\/lyonbondyblog.fr\/LBB\/he-hop-une-semaine-de-blocus-xd\/","url":"https:\/\/lyonbondyblog.fr\/LBB\/he-hop-une-semaine-de-blocus-xd\/","name":"\u00ab H\u00e9 hop ! Une semaine de blocus xD ! \u00bb - Lyon Bondy Blog","isPartOf":{"@id":"https:\/\/lyonbondyblog.fr\/LBB\/#website"},"primaryImageOfPage":{"@id":"https:\/\/lyonbondyblog.fr\/LBB\/he-hop-une-semaine-de-blocus-xd\/#primaryimage"},"image":{"@id":"https:\/\/lyonbondyblog.fr\/LBB\/he-hop-une-semaine-de-blocus-xd\/#primaryimage"},"thumbnailUrl":"https:\/\/lyonbondyblog.fr\/LBB\/wp-content\/uploads\/2013\/07\/pompier.jpg","datePublished":"2010-10-19T10:08:42+00:00","dateModified":"2013-07-31T10:11:55+00:00","inLanguage":"fr-FR","potentialAction":[{"@type":"ReadAction","target":["https:\/\/lyonbondyblog.fr\/LBB\/he-hop-une-semaine-de-blocus-xd\/"]}]},{"@type":"ImageObject","inLanguage":"fr-FR","@id":"https:\/\/lyonbondyblog.fr\/LBB\/he-hop-une-semaine-de-blocus-xd\/#primaryimage","url":"https:\/\/lyonbondyblog.fr\/LBB\/wp-content\/uploads\/2013\/07\/pompier.jpg","contentUrl":"https:\/\/lyonbondyblog.fr\/LBB\/wp-content\/uploads\/2013\/07\/pompier.jpg","width":194,"height":258},{"@type":"WebSite","@id":"https:\/\/lyonbondyblog.fr\/LBB\/#website","url":"https:\/\/lyonbondyblog.fr\/LBB\/","name":"Lyon Bondy Blog","description":"","publisher":{"@id":"https:\/\/lyonbondyblog.fr\/LBB\/#organization"},"potentialAction":[{"@type":"SearchAction","target":{"@type":"EntryPoint","urlTemplate":"https:\/\/lyonbondyblog.fr\/LBB\/?s={search_term_string}"},"query-input":"required name=search_term_string"}],"inLanguage":"fr-FR"},{"@type":"Organization","@id":"https:\/\/lyonbondyblog.fr\/LBB\/#organization","name":"LYON BONDY BLOG","url":"https:\/\/lyonbondyblog.fr\/LBB\/","logo":{"@type":"ImageObject","inLanguage":"fr-FR","@id":"https:\/\/lyonbondyblog.fr\/LBB\/#\/schema\/logo\/image\/","url":"http:\/\/lyonbondyblog.fr\/LBB\/wp-content\/uploads\/2014\/10\/logo-portable-144.png","contentUrl":"http:\/\/lyonbondyblog.fr\/LBB\/wp-content\/uploads\/2014\/10\/logo-portable-144.png","width":144,"height":123,"caption":"LYON BONDY BLOG"},"image":{"@id":"https:\/\/lyonbondyblog.fr\/LBB\/#\/schema\/logo\/image\/"},"sameAs":["https:\/\/www.facebook.com\/lyonbondyblog","https:\/\/x.com\/bondybloglyon"]},{"@type":"Person","@id":"https:\/\/lyonbondyblog.fr\/LBB\/#\/schema\/person\/e45f8d27baac75072daa0be50c409b25","name":"La r\u00e9daction","description":"Cr\u00e9e en 2008, la r\u00e9daction du Lyon Bondy Blog s'applique \u00e0 proposer une information locale diff\u00e9rente et compl\u00e9mentaire des m\u00e9dias traditionnels.","sameAs":["https:\/\/www.facebook.com\/lyonbondyblog","https:\/\/x.com\/BondyBlogLyon"],"url":"https:\/\/lyonbondyblog.fr\/LBB\/author\/admin\/"}]}},"_links":{"self":[{"href":"https:\/\/lyonbondyblog.fr\/LBB\/wp-json\/wp\/v2\/posts\/2427","targetHints":{"allow":["GET"]}}],"collection":[{"href":"https:\/\/lyonbondyblog.fr\/LBB\/wp-json\/wp\/v2\/posts"}],"about":[{"href":"https:\/\/lyonbondyblog.fr\/LBB\/wp-json\/wp\/v2\/types\/post"}],"author":[{"embeddable":true,"href":"https:\/\/lyonbondyblog.fr\/LBB\/wp-json\/wp\/v2\/users\/1"}],"replies":[{"embeddable":true,"href":"https:\/\/lyonbondyblog.fr\/LBB\/wp-json\/wp\/v2\/comments?post=2427"}],"version-history":[{"count":0,"href":"https:\/\/lyonbondyblog.fr\/LBB\/wp-json\/wp\/v2\/posts\/2427\/revisions"}],"wp:featuredmedia":[{"embeddable":true,"href":"https:\/\/lyonbondyblog.fr\/LBB\/wp-json\/wp\/v2\/media\/2428"}],"wp:attachment":[{"href":"https:\/\/lyonbondyblog.fr\/LBB\/wp-json\/wp\/v2\/media?parent=2427"}],"wp:term":[{"taxonomy":"category","embeddable":true,"href":"https:\/\/lyonbondyblog.fr\/LBB\/wp-json\/wp\/v2\/categories?post=2427"},{"taxonomy":"post_tag","embeddable":true,"href":"https:\/\/lyonbondyblog.fr\/LBB\/wp-json\/wp\/v2\/tags?post=2427"}],"curies":[{"name":"wp","href":"https:\/\/api.w.org\/{rel}","templated":true}]}}