{"id":2420,"date":"2010-10-18T12:04:21","date_gmt":"2010-10-18T10:04:21","guid":{"rendered":"http:\/\/lyonbondyblog.fr\/LBB\/?p=2420"},"modified":"2013-07-31T12:06:21","modified_gmt":"2013-07-31T10:06:21","slug":"agenda-de-la-semaine-4","status":"publish","type":"post","link":"https:\/\/lyonbondyblog.fr\/LBB\/agenda-de-la-semaine-4\/","title":{"rendered":"Agenda de la semaine # 4"},"content":{"rendered":"<p><strong>Chaque lundi, le LBB vous propose une s\u00e9lection des \u00e9v\u00e8nements culturels et sportifs de la semaine, \u00e0 Lyon et dans sa banlieue<\/strong>.<\/p>\n<div>\u00a0<a href=\"https:\/\/lyonbondyblog.fr\/LBB\/wp-content\/uploads\/2013\/07\/agenda_semaine_LBB_t2.jpg\"><img loading=\"lazy\" decoding=\"async\" width=\"193\" height=\"145\" class=\"size-full wp-image-2421 alignright\" alt=\"agenda_semaine_LBB_t\" src=\"https:\/\/lyonbondyblog.fr\/LBB\/wp-content\/uploads\/2013\/07\/agenda_semaine_LBB_t2.jpg\" \/><\/a><\/div>\n<p>Au menu, cette semaine, de l&rsquo;histoire, de la science, du disco, une course et un forum pour l&#8217;emploi.<\/p>\n<p><span style=\"text-decoration: underline;\"><b>Lundi<\/b><\/span><\/p>\n<p>L\u2019Espace projets interassociatifs (Epi) de Vaulx-en-Velin organise un programme de c\u00e9l\u00e9bration du 49e anniversaire de la r\u00e9pression du 17 octobre 1961 \u00e0 Paris. Cette r\u00e9pression a frapp\u00e9 une manifestation organis\u00e9e par le Front de lib\u00e9ration nationale (FLN) alg\u00e9rien en faveur de l\u2019ind\u00e9pendance de l\u2019Alg\u00e9rie, faisant de nombreux morts. Ce lundi, \u00a0\u00e0 18 heures, \u00e0 l\u2019espace Beno\u00eet-Frachon (3, avenue Maurice-Thorez) : d\u00e9bat anim\u00e9 par Mostefa Boudina, s\u00e9nateur en Alg\u00e9rie et ancien condamn\u00e9 \u00e0 mort \u00e0 Lyon durant la guerre.\u00a0 04 78 79 52 79.<\/p>\n<p><span style=\"text-decoration: underline;\"><b>Mardi<\/b><\/span><\/p>\n<p>Vaulx-en-velin. Mardi 19 \u00e0 20 heures, au cin\u00e9ma Les Amphis (rue Pierre-Cot) : le com\u00e9dien Bernard Gerland joue sa pi\u00e8ce \u201cMa guerre d\u2019Alg\u00e9rie\u201d.<\/p>\n<p>Vaulx-en-Velin\u00a0:\u00a0Gala des sportifs de moins de 18 ans au Centre culturel communal Charlie Chaplin. Remise de r\u00e9compense. Sur invitation. 04 72 04 80 83 service.sports@vaulx.sitiv.fr<\/p>\n<p>A Bron, deuxi\u00e8me soir\u00e9e du Festival de danse hip-hop le mardi 19 octobre \u00e0 partir de 20h30 \u00e0 l&rsquo;Espace Albert-Camus.<br \/>\nCie Trafic de Styles\u00a0\/ Attention travaux \/ dur\u00e9e 25 mn<br \/>\nCie Par Terre\u00a0\/ Yonder Woman \/ dur\u00e9e\u00a030 mn<br \/>\nCie Malka\u00a0\/ Meia Lua \/ dur\u00e9e 1h<\/p>\n<p>&nbsp;<\/p>\n<p><span style=\"text-decoration: underline;\"><b>Mercredi<\/b><\/span><\/p>\n<p>Forum \u201cLes jeunes et l\u2019emploi\u201d \u00e0 Vaulx-en-Velin. Ce mardi, un grand job dating pour les jeunes se tiendra \u00e0 la salle des F\u00eates et des Familles. Un forum de recrutement intitul\u00e9 \u201cLes jeunes et l\u2019emploi\u201d et organis\u00e9e par les P\u00f4les emploi de Vaulx-en-Velin, Villeurbanne et Meyzieu en partenariat avec la Ville, son service Economique et la Mission locale. La rencontre s\u2019inscrit dans le cadre de la manifestation nationale \u201c1 semaine pour 1 emploi\u201d, qui vise \u00e0 promouvoir l\u2019emploi et la formation mais aussi les secteurs qui recrutent.\u00a0A la salle des F\u00eates et des Familles (1, rue Louis-Saillant).<\/p>\n<p>&nbsp;<\/p>\n<p><span style=\"text-decoration: underline;\"><b>Jeudi<\/b><\/span><\/p>\n<p>Vaulx-en-Velin\u00a0:\u00a0L\u2019Etablissement fran\u00e7ais du sang (EFS) organise une collecte de sang de 16h \u00e0 19h au centre communal Jean-Moulin (1, rue Jean-Moulin) \u00e0 La Grappini\u00e8re.<\/p>\n<p>Au plan\u00e9tarium de Vaulx-en-Velin, l&rsquo;on c\u00e9l\u00e8bre la f\u00eate de la science. Au programme\u00a0: s\u00e9ances d&rsquo;astronomie et conf\u00e9rence.\u00a0Bienvenue sous la vo\u00fbte du plan\u00e9tarium \u00e0 la d\u00e9couverte de quelques-uns des secrets de l\u2019Univers. Pour adultes et enfants.<\/p>\n<p>&nbsp;<\/p>\n<p><span style=\"text-decoration: underline;\"><b>Vendredi<\/b><\/span><\/p>\n<p>A Bron, soir\u00e9e disco\u00a0\u00e0 21h \u00e0 la MJC Louis-Aragon.Pour red\u00e9couvrir les classiques du disco et danser tout au long de cette soir\u00e9e endiabl\u00e9e.\u00a0Entr\u00e9e libre.<\/p>\n<p>&nbsp;<\/p>\n<p><span style=\"text-decoration: underline;\"><b>Samedi<\/b><\/span><\/p>\n<p>A Bron, 2e \u00e9dition des \u00ab\u00a0Associations en mouvement\u00a0\u00bb \u00e0 partir de 9h \u00e0 l&rsquo;Espace Jacques-Duret.\u00a0Les b\u00e9n\u00e9voles&#8230; Quelles sont leurs motivations\u00a0? Y a-t-il un partage des comp\u00e9tences d\u2019une association \u00e0 l\u2019autre\u00a0? Comment faire le lien entre jeunesse et associations\u00a0? Autant de questions qui seront pos\u00e9es\u00a0samedi 23 octobre, lors de la seconde \u00e9dition \u201cLes associations en mouvement\u201d.<\/p>\n<p>&nbsp;<\/p>\n<p><span style=\"text-decoration: underline;\"><b>Dimanche<\/b><\/span><\/p>\n<p>A Vaulx-en-Velin, Course solidaire \u00abLes Boucles de la Soie\u00bb.\u00a0L\u2019op\u00e9ration \u00abLes Boucles de la Soie\u00bb est une course solidaire organis\u00e9e par l\u2019association Habitat et Humanisme Rh\u00f4ne dans le cadre de sa journ\u00e9e nationale de lutte contre le mal logement.\u00a0Bulletin d\u2019inscription et r\u00e9glement t\u00e9l\u00e9chargeable sur\u00a0<a href=\"http:\/\/www.habitat-humanisme.org\/\" target=\"_self\">www.habitat-humanisme.org<\/a>\u00a0et\u00a0<a href=\"http:\/\/www.carredesoie.com\/\" target=\"_self\">www.carredesoie.com<\/p>\n<p><\/a><\/p>\n<p><a href=\"http:\/\/www.carredesoie.com\/\" target=\"_self\">*<\/a><a href=\"http:\/\/www.flickr.com\/photos\/24293932@N00\/3719157266\/\">Cr\u00e9dit photo<\/a><\/p>\n<p><b><i>\u00a0NDRL\u00a0: cet agenda pourra \u00eatre modifi\u00e9 et compl\u00e9t\u00e9 tout au long de la semaine. Si vous souhaitez nous transmettre une information concernant un \u00e9v\u00e8nement lyonnais, villeurbannais, vaudais&#8230; contactez-vous sur\u00a0: lyonbondyblog@yahoo.fr.<br \/>\n<\/i><\/b><\/p>\n<!-- AddThis Advanced Settings generic via filter on the_content --><!-- AddThis Share Buttons generic via filter on the_content -->","protected":false},"excerpt":{"rendered":"<p>Chaque lundi, le LBB vous propose une s\u00e9lection des \u00e9v\u00e8nements culturels et sportifs de la semaine, \u00e0 Lyon et dans sa banlieue. \u00a0 Au menu, &hellip; <!-- AddThis Advanced Settings generic via filter on wp_trim_excerpt --><!-- AddThis Share Buttons generic via filter on wp_trim_excerpt --><\/p>\n","protected":false},"author":1,"featured_media":2421,"comment_status":"open","ping_status":"open","sticky":false,"template":"","format":"standard","meta":{"_FSMCFIC_featured_image_caption":"","_FSMCFIC_featured_image_nocaption":"","_FSMCFIC_featured_image_hide":"","footnotes":""},"categories":[4],"tags":[659,10,112],"class_list":["post-2420","post","type-post","status-publish","format-standard","has-post-thumbnail","hentry","category-lyon","tag-agenda","tag-lyon-2","tag-lyon-bondy-blog"],"yoast_head":"<!-- This site is optimized with the Yoast SEO plugin v22.8 - https:\/\/yoast.com\/wordpress\/plugins\/seo\/ -->\n<title>Agenda de la semaine # 4 - Lyon Bondy Blog<\/title>\n<meta name=\"robots\" content=\"index, follow, max-snippet:-1, max-image-preview:large, max-video-preview:-1\" \/>\n<link rel=\"canonical\" href=\"https:\/\/lyonbondyblog.fr\/LBB\/agenda-de-la-semaine-4\/\" \/>\n<meta property=\"og:locale\" content=\"fr_FR\" \/>\n<meta property=\"og:type\" content=\"article\" \/>\n<meta property=\"og:title\" content=\"Agenda de la semaine # 4 - Lyon Bondy Blog\" \/>\n<meta property=\"og:description\" content=\"Chaque lundi, le LBB vous propose une s\u00e9lection des \u00e9v\u00e8nements culturels et sportifs de la semaine, \u00e0 Lyon et dans sa banlieue. \u00a0 Au menu, &hellip;\" \/>\n<meta property=\"og:url\" content=\"https:\/\/lyonbondyblog.fr\/LBB\/agenda-de-la-semaine-4\/\" \/>\n<meta property=\"og:site_name\" content=\"Lyon Bondy Blog\" \/>\n<meta property=\"article:publisher\" content=\"https:\/\/www.facebook.com\/lyonbondyblog\" \/>\n<meta property=\"article:author\" content=\"https:\/\/www.facebook.com\/lyonbondyblog\" \/>\n<meta property=\"article:published_time\" content=\"2010-10-18T10:04:21+00:00\" \/>\n<meta property=\"article:modified_time\" content=\"2013-07-31T10:06:21+00:00\" \/>\n<meta property=\"og:image\" content=\"https:\/\/lyonbondyblog.fr\/LBB\/wp-content\/uploads\/2013\/07\/agenda_semaine_LBB_t2.jpg\" \/>\n\t<meta property=\"og:image:width\" content=\"193\" \/>\n\t<meta property=\"og:image:height\" content=\"145\" \/>\n\t<meta property=\"og:image:type\" content=\"image\/jpeg\" \/>\n<meta name=\"author\" content=\"La r\u00e9daction\" \/>\n<meta name=\"twitter:card\" content=\"summary_large_image\" \/>\n<meta name=\"twitter:creator\" content=\"@BondyBlogLyon\" \/>\n<meta name=\"twitter:site\" content=\"@bondybloglyon\" \/>\n<script type=\"application\/ld+json\" class=\"yoast-schema-graph\">{\"@context\":\"https:\/\/schema.org\",\"@graph\":[{\"@type\":\"Article\",\"@id\":\"https:\/\/lyonbondyblog.fr\/LBB\/agenda-de-la-semaine-4\/#article\",\"isPartOf\":{\"@id\":\"https:\/\/lyonbondyblog.fr\/LBB\/agenda-de-la-semaine-4\/\"},\"author\":{\"name\":\"La r\u00e9daction\",\"@id\":\"https:\/\/lyonbondyblog.fr\/LBB\/#\/schema\/person\/e45f8d27baac75072daa0be50c409b25\"},\"headline\":\"Agenda de la semaine # 4\",\"datePublished\":\"2010-10-18T10:04:21+00:00\",\"dateModified\":\"2013-07-31T10:06:21+00:00\",\"mainEntityOfPage\":{\"@id\":\"https:\/\/lyonbondyblog.fr\/LBB\/agenda-de-la-semaine-4\/\"},\"wordCount\":592,\"commentCount\":0,\"publisher\":{\"@id\":\"https:\/\/lyonbondyblog.fr\/LBB\/#organization\"},\"image\":{\"@id\":\"https:\/\/lyonbondyblog.fr\/LBB\/agenda-de-la-semaine-4\/#primaryimage\"},\"thumbnailUrl\":\"https:\/\/lyonbondyblog.fr\/LBB\/wp-content\/uploads\/2013\/07\/agenda_semaine_LBB_t2.jpg\",\"keywords\":[\"Agenda\",\"lyon\",\"Lyon Bondy Blog\"],\"articleSection\":[\"Lyon\"],\"inLanguage\":\"fr-FR\",\"potentialAction\":[{\"@type\":\"CommentAction\",\"name\":\"Comment\",\"target\":[\"https:\/\/lyonbondyblog.fr\/LBB\/agenda-de-la-semaine-4\/#respond\"]}]},{\"@type\":\"WebPage\",\"@id\":\"https:\/\/lyonbondyblog.fr\/LBB\/agenda-de-la-semaine-4\/\",\"url\":\"https:\/\/lyonbondyblog.fr\/LBB\/agenda-de-la-semaine-4\/\",\"name\":\"Agenda de la semaine # 4 - Lyon Bondy Blog\",\"isPartOf\":{\"@id\":\"https:\/\/lyonbondyblog.fr\/LBB\/#website\"},\"primaryImageOfPage\":{\"@id\":\"https:\/\/lyonbondyblog.fr\/LBB\/agenda-de-la-semaine-4\/#primaryimage\"},\"image\":{\"@id\":\"https:\/\/lyonbondyblog.fr\/LBB\/agenda-de-la-semaine-4\/#primaryimage\"},\"thumbnailUrl\":\"https:\/\/lyonbondyblog.fr\/LBB\/wp-content\/uploads\/2013\/07\/agenda_semaine_LBB_t2.jpg\",\"datePublished\":\"2010-10-18T10:04:21+00:00\",\"dateModified\":\"2013-07-31T10:06:21+00:00\",\"inLanguage\":\"fr-FR\",\"potentialAction\":[{\"@type\":\"ReadAction\",\"target\":[\"https:\/\/lyonbondyblog.fr\/LBB\/agenda-de-la-semaine-4\/\"]}]},{\"@type\":\"ImageObject\",\"inLanguage\":\"fr-FR\",\"@id\":\"https:\/\/lyonbondyblog.fr\/LBB\/agenda-de-la-semaine-4\/#primaryimage\",\"url\":\"https:\/\/lyonbondyblog.fr\/LBB\/wp-content\/uploads\/2013\/07\/agenda_semaine_LBB_t2.jpg\",\"contentUrl\":\"https:\/\/lyonbondyblog.fr\/LBB\/wp-content\/uploads\/2013\/07\/agenda_semaine_LBB_t2.jpg\",\"width\":193,\"height\":145},{\"@type\":\"WebSite\",\"@id\":\"https:\/\/lyonbondyblog.fr\/LBB\/#website\",\"url\":\"https:\/\/lyonbondyblog.fr\/LBB\/\",\"name\":\"Lyon Bondy Blog\",\"description\":\"\",\"publisher\":{\"@id\":\"https:\/\/lyonbondyblog.fr\/LBB\/#organization\"},\"potentialAction\":[{\"@type\":\"SearchAction\",\"target\":{\"@type\":\"EntryPoint\",\"urlTemplate\":\"https:\/\/lyonbondyblog.fr\/LBB\/?s={search_term_string}\"},\"query-input\":\"required name=search_term_string\"}],\"inLanguage\":\"fr-FR\"},{\"@type\":\"Organization\",\"@id\":\"https:\/\/lyonbondyblog.fr\/LBB\/#organization\",\"name\":\"LYON BONDY BLOG\",\"url\":\"https:\/\/lyonbondyblog.fr\/LBB\/\",\"logo\":{\"@type\":\"ImageObject\",\"inLanguage\":\"fr-FR\",\"@id\":\"https:\/\/lyonbondyblog.fr\/LBB\/#\/schema\/logo\/image\/\",\"url\":\"http:\/\/lyonbondyblog.fr\/LBB\/wp-content\/uploads\/2014\/10\/logo-portable-144.png\",\"contentUrl\":\"http:\/\/lyonbondyblog.fr\/LBB\/wp-content\/uploads\/2014\/10\/logo-portable-144.png\",\"width\":144,\"height\":123,\"caption\":\"LYON BONDY BLOG\"},\"image\":{\"@id\":\"https:\/\/lyonbondyblog.fr\/LBB\/#\/schema\/logo\/image\/\"},\"sameAs\":[\"https:\/\/www.facebook.com\/lyonbondyblog\",\"https:\/\/x.com\/bondybloglyon\"]},{\"@type\":\"Person\",\"@id\":\"https:\/\/lyonbondyblog.fr\/LBB\/#\/schema\/person\/e45f8d27baac75072daa0be50c409b25\",\"name\":\"La r\u00e9daction\",\"description\":\"Cr\u00e9e en 2008, la r\u00e9daction du Lyon Bondy Blog s'applique \u00e0 proposer une information locale diff\u00e9rente et compl\u00e9mentaire des m\u00e9dias traditionnels.\",\"sameAs\":[\"https:\/\/www.facebook.com\/lyonbondyblog\",\"https:\/\/x.com\/BondyBlogLyon\"],\"url\":\"https:\/\/lyonbondyblog.fr\/LBB\/author\/admin\/\"}]}<\/script>\n<!-- \/ Yoast SEO plugin. -->","yoast_head_json":{"title":"Agenda de la semaine # 4 - Lyon Bondy Blog","robots":{"index":"index","follow":"follow","max-snippet":"max-snippet:-1","max-image-preview":"max-image-preview:large","max-video-preview":"max-video-preview:-1"},"canonical":"https:\/\/lyonbondyblog.fr\/LBB\/agenda-de-la-semaine-4\/","og_locale":"fr_FR","og_type":"article","og_title":"Agenda de la semaine # 4 - Lyon Bondy Blog","og_description":"Chaque lundi, le LBB vous propose une s\u00e9lection des \u00e9v\u00e8nements culturels et sportifs de la semaine, \u00e0 Lyon et dans sa banlieue. \u00a0 Au menu, &hellip;","og_url":"https:\/\/lyonbondyblog.fr\/LBB\/agenda-de-la-semaine-4\/","og_site_name":"Lyon Bondy Blog","article_publisher":"https:\/\/www.facebook.com\/lyonbondyblog","article_author":"https:\/\/www.facebook.com\/lyonbondyblog","article_published_time":"2010-10-18T10:04:21+00:00","article_modified_time":"2013-07-31T10:06:21+00:00","og_image":[{"width":193,"height":145,"url":"https:\/\/lyonbondyblog.fr\/LBB\/wp-content\/uploads\/2013\/07\/agenda_semaine_LBB_t2.jpg","type":"image\/jpeg"}],"author":"La r\u00e9daction","twitter_card":"summary_large_image","twitter_creator":"@BondyBlogLyon","twitter_site":"@bondybloglyon","schema":{"@context":"https:\/\/schema.org","@graph":[{"@type":"Article","@id":"https:\/\/lyonbondyblog.fr\/LBB\/agenda-de-la-semaine-4\/#article","isPartOf":{"@id":"https:\/\/lyonbondyblog.fr\/LBB\/agenda-de-la-semaine-4\/"},"author":{"name":"La r\u00e9daction","@id":"https:\/\/lyonbondyblog.fr\/LBB\/#\/schema\/person\/e45f8d27baac75072daa0be50c409b25"},"headline":"Agenda de la semaine # 4","datePublished":"2010-10-18T10:04:21+00:00","dateModified":"2013-07-31T10:06:21+00:00","mainEntityOfPage":{"@id":"https:\/\/lyonbondyblog.fr\/LBB\/agenda-de-la-semaine-4\/"},"wordCount":592,"commentCount":0,"publisher":{"@id":"https:\/\/lyonbondyblog.fr\/LBB\/#organization"},"image":{"@id":"https:\/\/lyonbondyblog.fr\/LBB\/agenda-de-la-semaine-4\/#primaryimage"},"thumbnailUrl":"https:\/\/lyonbondyblog.fr\/LBB\/wp-content\/uploads\/2013\/07\/agenda_semaine_LBB_t2.jpg","keywords":["Agenda","lyon","Lyon Bondy Blog"],"articleSection":["Lyon"],"inLanguage":"fr-FR","potentialAction":[{"@type":"CommentAction","name":"Comment","target":["https:\/\/lyonbondyblog.fr\/LBB\/agenda-de-la-semaine-4\/#respond"]}]},{"@type":"WebPage","@id":"https:\/\/lyonbondyblog.fr\/LBB\/agenda-de-la-semaine-4\/","url":"https:\/\/lyonbondyblog.fr\/LBB\/agenda-de-la-semaine-4\/","name":"Agenda de la semaine # 4 - Lyon Bondy Blog","isPartOf":{"@id":"https:\/\/lyonbondyblog.fr\/LBB\/#website"},"primaryImageOfPage":{"@id":"https:\/\/lyonbondyblog.fr\/LBB\/agenda-de-la-semaine-4\/#primaryimage"},"image":{"@id":"https:\/\/lyonbondyblog.fr\/LBB\/agenda-de-la-semaine-4\/#primaryimage"},"thumbnailUrl":"https:\/\/lyonbondyblog.fr\/LBB\/wp-content\/uploads\/2013\/07\/agenda_semaine_LBB_t2.jpg","datePublished":"2010-10-18T10:04:21+00:00","dateModified":"2013-07-31T10:06:21+00:00","inLanguage":"fr-FR","potentialAction":[{"@type":"ReadAction","target":["https:\/\/lyonbondyblog.fr\/LBB\/agenda-de-la-semaine-4\/"]}]},{"@type":"ImageObject","inLanguage":"fr-FR","@id":"https:\/\/lyonbondyblog.fr\/LBB\/agenda-de-la-semaine-4\/#primaryimage","url":"https:\/\/lyonbondyblog.fr\/LBB\/wp-content\/uploads\/2013\/07\/agenda_semaine_LBB_t2.jpg","contentUrl":"https:\/\/lyonbondyblog.fr\/LBB\/wp-content\/uploads\/2013\/07\/agenda_semaine_LBB_t2.jpg","width":193,"height":145},{"@type":"WebSite","@id":"https:\/\/lyonbondyblog.fr\/LBB\/#website","url":"https:\/\/lyonbondyblog.fr\/LBB\/","name":"Lyon Bondy Blog","description":"","publisher":{"@id":"https:\/\/lyonbondyblog.fr\/LBB\/#organization"},"potentialAction":[{"@type":"SearchAction","target":{"@type":"EntryPoint","urlTemplate":"https:\/\/lyonbondyblog.fr\/LBB\/?s={search_term_string}"},"query-input":"required name=search_term_string"}],"inLanguage":"fr-FR"},{"@type":"Organization","@id":"https:\/\/lyonbondyblog.fr\/LBB\/#organization","name":"LYON BONDY BLOG","url":"https:\/\/lyonbondyblog.fr\/LBB\/","logo":{"@type":"ImageObject","inLanguage":"fr-FR","@id":"https:\/\/lyonbondyblog.fr\/LBB\/#\/schema\/logo\/image\/","url":"http:\/\/lyonbondyblog.fr\/LBB\/wp-content\/uploads\/2014\/10\/logo-portable-144.png","contentUrl":"http:\/\/lyonbondyblog.fr\/LBB\/wp-content\/uploads\/2014\/10\/logo-portable-144.png","width":144,"height":123,"caption":"LYON BONDY BLOG"},"image":{"@id":"https:\/\/lyonbondyblog.fr\/LBB\/#\/schema\/logo\/image\/"},"sameAs":["https:\/\/www.facebook.com\/lyonbondyblog","https:\/\/x.com\/bondybloglyon"]},{"@type":"Person","@id":"https:\/\/lyonbondyblog.fr\/LBB\/#\/schema\/person\/e45f8d27baac75072daa0be50c409b25","name":"La r\u00e9daction","description":"Cr\u00e9e en 2008, la r\u00e9daction du Lyon Bondy Blog s'applique \u00e0 proposer une information locale diff\u00e9rente et compl\u00e9mentaire des m\u00e9dias traditionnels.","sameAs":["https:\/\/www.facebook.com\/lyonbondyblog","https:\/\/x.com\/BondyBlogLyon"],"url":"https:\/\/lyonbondyblog.fr\/LBB\/author\/admin\/"}]}},"_links":{"self":[{"href":"https:\/\/lyonbondyblog.fr\/LBB\/wp-json\/wp\/v2\/posts\/2420","targetHints":{"allow":["GET"]}}],"collection":[{"href":"https:\/\/lyonbondyblog.fr\/LBB\/wp-json\/wp\/v2\/posts"}],"about":[{"href":"https:\/\/lyonbondyblog.fr\/LBB\/wp-json\/wp\/v2\/types\/post"}],"author":[{"embeddable":true,"href":"https:\/\/lyonbondyblog.fr\/LBB\/wp-json\/wp\/v2\/users\/1"}],"replies":[{"embeddable":true,"href":"https:\/\/lyonbondyblog.fr\/LBB\/wp-json\/wp\/v2\/comments?post=2420"}],"version-history":[{"count":0,"href":"https:\/\/lyonbondyblog.fr\/LBB\/wp-json\/wp\/v2\/posts\/2420\/revisions"}],"wp:featuredmedia":[{"embeddable":true,"href":"https:\/\/lyonbondyblog.fr\/LBB\/wp-json\/wp\/v2\/media\/2421"}],"wp:attachment":[{"href":"https:\/\/lyonbondyblog.fr\/LBB\/wp-json\/wp\/v2\/media?parent=2420"}],"wp:term":[{"taxonomy":"category","embeddable":true,"href":"https:\/\/lyonbondyblog.fr\/LBB\/wp-json\/wp\/v2\/categories?post=2420"},{"taxonomy":"post_tag","embeddable":true,"href":"https:\/\/lyonbondyblog.fr\/LBB\/wp-json\/wp\/v2\/tags?post=2420"}],"curies":[{"name":"wp","href":"https:\/\/api.w.org\/{rel}","templated":true}]}}