{"id":24170,"date":"2021-07-02T17:04:22","date_gmt":"2021-07-02T15:04:22","guid":{"rendered":"http:\/\/lyonbondyblog.fr\/LBB\/?p=24170"},"modified":"2021-07-15T17:14:16","modified_gmt":"2021-07-15T15:14:16","slug":"analyse-regionales-2021-pourquoi-autant-dabstention-2","status":"publish","type":"post","link":"https:\/\/lyonbondyblog.fr\/LBB\/analyse-regionales-2021-pourquoi-autant-dabstention-2\/","title":{"rendered":"[Analyse] R\u00e9gionales 2021:  Pourquoi autant d&rsquo;abstention ?"},"content":{"rendered":"\n<h4 class=\"wp-block-heading\">L\u2019abstention a \u00e9t\u00e9 record aux \u00e9lections r\u00e9gionales 2021, particuli\u00e8rement dans les milieux populaires. Paul Bacot, politologue et professeur \u00e0 Science-Po Lyon, revient sur les facteurs qui ont pouss\u00e9 l\u2019abstention ainsi que sur le vote obligatoire.<\/h4>\n\n\n\n<p>C\u2019est un abstentionnisme record pour la 5e r\u00e9publique aura marqu\u00e9 les \u00e9lections r\u00e9gionales 2021. La participation s\u2019est \u00e9lev\u00e9e \u00e0 seulement 34,69% pour le second tour, et 33,28&nbsp;% pour le premier. Respectivement, c\u2019est 25 et 15 points de moins que pour 2015. D\u00e9cryptage avec Paul Bacot, Professeur \u00e9m\u00e9rite de Science politique \u00e0 l\u2019IEP de Lyon et ancien membre du Conseil national des universit\u00e9s.<\/p>\n\n\n\n<p>Si en moyenne en France, deux \u00e9lecteurs sur trois ne sont pas all\u00e9s aux urnes, ce chiffre est plus \u00e9lev\u00e9 dans les villes et quartiers o\u00f9 les classes populaires sont le plus pr\u00e9sentes. Par exemple, dans la m\u00e9tropole de Lyon, des villes comme Vaulx-en-Velin ou Saint-Fonts ont eu une abstention record. Elle a \u00e9t\u00e9 de l\u2019ordre respectivement de 88,34&nbsp;% et 86,62&nbsp;%. Pour Paul Bacot, \u00ab\u2009<em>Il n\u2019y a fondamentalement rien de nouveau \u00e0 cela\u2009<\/em>\u00bb. Depuis les premi\u00e8res \u00e9tudes de sociologie politique parues dans les ann\u00e9es 1970, \u00ab&nbsp; c<em>e sont les groupes qui poss\u00e8dent moins de ressources financi\u00e8res, moins de ressource patrimoniale, scolaire et universitaire, relationnelle, etc<\/em>.\u2009\u00bb qui s\u2019abstiennent le plus. Celle-ci peut aussi venir par un manque d\u2019int\u00e9gration ou de parti pris dans la vie sociale. Plus g\u00e9n\u00e9ralement, ce sont \u00ab\u2009<em>les groupes que l\u2019on peut qualifier &nbsp;de \u201cdomin\u00e9s\u201d en terme sociologique. On remarque une plus forte abstention chez les jeunes, chez les cat\u00e9gories dites \u201cpopulaires\u201d, ou chez les femmes.\u2009\u00bb<\/em><\/p>\n\n\n\n<h4 class=\"wp-block-heading\">Entre manque d&rsquo;offre politique et d&rsquo;int\u00e9r\u00eat<\/h4>\n\n\n\n<p>Pour Paul Bacot, bien que ce ph\u00e9nom\u00e8ne qui n\u2019est pas nouveau semble \u00eatre amplifi\u00e9 actuellement, \u00ab\u2009<em>il faut [le] relativiser\u2009\u00bb<\/em>. Selon lui, il faut prendre en compte d\u2019une part les \u00e9v\u00e8nements particuliers qui ont fait baisser la participation comme \u00ab\u2009l<em>e scrutin qui a eu lieu en juin [et] une bonne partie de l\u2019\u00e9lectorat qui n\u2019a pas obtenu pas les professions de foi\u2009\u00bb. <\/em>D\u2019une autre part, les \u00e9lections r\u00e9gionales ont souvent \u00e9t\u00e9 des \u00e9lections avec moins de participation, en comparaison aux \u00e9lections pr\u00e9sidentielles&nbsp;: \u00ab\u2009<em>\u00c0 tort ou \u00e0 raison, les gens ne voient pas l\u2019utilit\u00e9 du conseil r\u00e9gional, ni si le changement d\u2019une majorit\u00e9 de gauche ou de droite change concr\u00e8tement quelque chose.\u2009<\/em>\u00bb Il rappelle de plus la responsabilit\u00e9 \u00ab\u2009<em>des politiciens et du d\u00e9bat publics que de montrer que voter est important et que cela peut changer \u2013 ou non \u2013 quelque chose.<\/em>\u2009\u00bb.<\/p>\n\n\n\n<p> Ces raisons de l\u2019abstention permettent par ailleurs d\u2019expliquer, en partie, le faible score du Rassemblement National pour ces \u00e9lections&nbsp;: \u00ab\u2009<em>C\u2019est \u00e0 la fois un \u00e9lectorat plus populaire que la moyenne et plus jeune que la moyenne.\u2009<\/em>\u00bb Par ailleurs, selon un sondage <a href=\"https:\/\/www.ipsos.com\/fr-fr\/regionales-2021\/2nd-tour-qui-sont-les-abstentionnistes\">Ipsos<\/a> du 27 juin, pour les abstentionnistes du second tour, les raisons principalement \u00e9voqu\u00e9es sont :<em> \u00ab<\/em> <em>le m\u00e9contentement par rapport \u00e0 l\u2019offre politique nationale et r\u00e9gionale, la m\u00e9connaissance de l\u2019institution r\u00e9gionale et manque d\u2019int\u00e9r\u00eat pour le scrutin<\/em>. \u00bb<\/p>\n\n\n\n<h4 class=\"wp-block-heading\">\u00ab<em>\u2009Si les gens ne veulent pas voter, ils ne votent pas\u2009<\/em>\u00bb<\/h4>\n\n\n\n<p>\u00c0 la suite des r\u00e9sultats des \u00e9lections et du taux de participation, plusieurs personnalit\u00e9s politiques ont relanc\u00e9 le d\u00e9bat sur le vote obligatoire, comme Louis Alliot (RN) et Fran\u00e7ois de Rugy (LREM). Celui-ci est d\u00e9j\u00e0 en vigueur en Belgique ou dans le Canton de Schaffhouse en Suisse.<\/p>\n\n\n\n<p>Certains politologues voient les avantages de ce principe comme R\u00e9gis Dandoy <a href=\"https:\/\/rmc.bfmtv.com\/emission\/le-vote-obligatoire-la-belgique-un-exemple-a-suivre-1617500.html\">au micro de RMC <\/a>. Paul Bacot, quant \u00e0 lui, se dit d\u00e9favorable \u00e0 cette mesure. Pour lui, si \u00ab\u2009<em>les \u00e9lecteurs ne veulent pas voter, il ne vote pas. Ce qu\u2019il faut, c\u2019est les convaincre<\/em>. P<em>uis qu\u2019est-ce que cela voudrait dire que les \u00e9lecteurs votent simplement, et sans conviction, parce que cela est obligatoire&nbsp;?<\/em>\u2009\u00bb. Pour lui, la dimension symbolique du vote serait remise en cause : \u00ab\u2009<em>Le jour du vote, c\u2019est le jour o\u00f9 le corps \u00e9lectoral et le citoyen se manifeste comme tel, \u00e0 ses propres yeux et aux yeux des autres\u2009<\/em>\u00bb. Il \u00e9voque aussi les inconv\u00e9nients d\u2019un vote \u00e0 distance \u00ab\u2009<em>sauf cas particulier\u2009<\/em>\u00bb. Les \u00e9tudes comparatives sur la question montreraient qu\u2019\u00ab\u2009<em>il n\u2019y a pas de preuves que cela am\u00e9liore la participation\u2009<\/em>\u00bb. De plus, il met en avant la question du \u00ab\u2009<em>secret du vote\u2009\u00bb<\/em> et de la \u00ab\u2009<em>sinc\u00e9rit\u00e9<\/em>\u2009\u00bb de celui-ci qui ne pourrait pas \u00eatre assur\u00e9e.<\/p>\n\n\n\n<p>Lucas Sadowski<\/p>\n<!-- AddThis Advanced Settings generic via filter on the_content --><!-- AddThis Share Buttons generic via filter on the_content -->","protected":false},"excerpt":{"rendered":"<p>L\u2019abstention a \u00e9t\u00e9 record aux \u00e9lections r\u00e9gionales 2021, particuli\u00e8rement dans les milieux populaires. Paul Bacot, politologue et professeur \u00e0 Science-Po Lyon, revient sur les facteurs &hellip; <!-- AddThis Advanced Settings generic via filter on wp_trim_excerpt --><!-- AddThis Share Buttons generic via filter on wp_trim_excerpt --><\/p>\n","protected":false},"author":1,"featured_media":24182,"comment_status":"open","ping_status":"open","sticky":false,"template":"","format":"standard","meta":{"_FSMCFIC_featured_image_caption":"","_FSMCFIC_featured_image_nocaption":"","_FSMCFIC_featured_image_hide":"","footnotes":""},"categories":[26299,4,6],"tags":[],"class_list":["post-24170","post","type-post","status-publish","format-standard","has-post-thumbnail","hentry","category-interview","category-lyon","category-politique"],"yoast_head":"<!-- This site is optimized with the Yoast SEO plugin v22.8 - https:\/\/yoast.com\/wordpress\/plugins\/seo\/ -->\n<title>[Analyse] R\u00e9gionales 2021: Pourquoi autant d&#039;abstention ? - Lyon Bondy Blog<\/title>\n<meta name=\"robots\" content=\"index, follow, max-snippet:-1, max-image-preview:large, max-video-preview:-1\" \/>\n<link rel=\"canonical\" href=\"https:\/\/lyonbondyblog.fr\/LBB\/analyse-regionales-2021-pourquoi-autant-dabstention-2\/\" \/>\n<meta property=\"og:locale\" content=\"fr_FR\" \/>\n<meta property=\"og:type\" content=\"article\" \/>\n<meta property=\"og:title\" content=\"[Analyse] R\u00e9gionales 2021: Pourquoi autant d&#039;abstention ? - Lyon Bondy Blog\" \/>\n<meta property=\"og:description\" content=\"L\u2019abstention a \u00e9t\u00e9 record aux \u00e9lections r\u00e9gionales 2021, particuli\u00e8rement dans les milieux populaires. Paul Bacot, politologue et professeur \u00e0 Science-Po Lyon, revient sur les facteurs &hellip;\" \/>\n<meta property=\"og:url\" content=\"https:\/\/lyonbondyblog.fr\/LBB\/analyse-regionales-2021-pourquoi-autant-dabstention-2\/\" \/>\n<meta property=\"og:site_name\" content=\"Lyon Bondy Blog\" \/>\n<meta property=\"article:publisher\" content=\"https:\/\/www.facebook.com\/lyonbondyblog\" \/>\n<meta property=\"article:author\" content=\"https:\/\/www.facebook.com\/lyonbondyblog\" \/>\n<meta property=\"article:published_time\" content=\"2021-07-02T15:04:22+00:00\" \/>\n<meta property=\"article:modified_time\" content=\"2021-07-15T15:14:16+00:00\" \/>\n<meta property=\"og:image\" content=\"https:\/\/lyonbondyblog.fr\/LBB\/wp-content\/uploads\/2021\/07\/Regionales-le-vote-electronique-est-il-vraiment-une-solution-a-l-abstention.jpeg\" \/>\n\t<meta property=\"og:image:width\" content=\"2000\" \/>\n\t<meta property=\"og:image:height\" content=\"1000\" \/>\n\t<meta property=\"og:image:type\" content=\"image\/jpeg\" \/>\n<meta name=\"author\" content=\"La r\u00e9daction\" \/>\n<meta name=\"twitter:card\" content=\"summary_large_image\" \/>\n<meta name=\"twitter:creator\" content=\"@BondyBlogLyon\" \/>\n<meta name=\"twitter:site\" content=\"@bondybloglyon\" \/>\n<script type=\"application\/ld+json\" class=\"yoast-schema-graph\">{\"@context\":\"https:\/\/schema.org\",\"@graph\":[{\"@type\":\"Article\",\"@id\":\"https:\/\/lyonbondyblog.fr\/LBB\/analyse-regionales-2021-pourquoi-autant-dabstention-2\/#article\",\"isPartOf\":{\"@id\":\"https:\/\/lyonbondyblog.fr\/LBB\/analyse-regionales-2021-pourquoi-autant-dabstention-2\/\"},\"author\":{\"name\":\"La r\u00e9daction\",\"@id\":\"https:\/\/lyonbondyblog.fr\/LBB\/#\/schema\/person\/e45f8d27baac75072daa0be50c409b25\"},\"headline\":\"[Analyse] R\u00e9gionales 2021: Pourquoi autant d&rsquo;abstention ?\",\"datePublished\":\"2021-07-02T15:04:22+00:00\",\"dateModified\":\"2021-07-15T15:14:16+00:00\",\"mainEntityOfPage\":{\"@id\":\"https:\/\/lyonbondyblog.fr\/LBB\/analyse-regionales-2021-pourquoi-autant-dabstention-2\/\"},\"wordCount\":760,\"commentCount\":0,\"publisher\":{\"@id\":\"https:\/\/lyonbondyblog.fr\/LBB\/#organization\"},\"image\":{\"@id\":\"https:\/\/lyonbondyblog.fr\/LBB\/analyse-regionales-2021-pourquoi-autant-dabstention-2\/#primaryimage\"},\"thumbnailUrl\":\"https:\/\/lyonbondyblog.fr\/LBB\/wp-content\/uploads\/2021\/07\/Regionales-le-vote-electronique-est-il-vraiment-une-solution-a-l-abstention.jpeg\",\"articleSection\":[\"Interview\",\"Lyon\",\"Politique\"],\"inLanguage\":\"fr-FR\",\"potentialAction\":[{\"@type\":\"CommentAction\",\"name\":\"Comment\",\"target\":[\"https:\/\/lyonbondyblog.fr\/LBB\/analyse-regionales-2021-pourquoi-autant-dabstention-2\/#respond\"]}]},{\"@type\":\"WebPage\",\"@id\":\"https:\/\/lyonbondyblog.fr\/LBB\/analyse-regionales-2021-pourquoi-autant-dabstention-2\/\",\"url\":\"https:\/\/lyonbondyblog.fr\/LBB\/analyse-regionales-2021-pourquoi-autant-dabstention-2\/\",\"name\":\"[Analyse] R\u00e9gionales 2021: Pourquoi autant d'abstention ? - Lyon Bondy Blog\",\"isPartOf\":{\"@id\":\"https:\/\/lyonbondyblog.fr\/LBB\/#website\"},\"primaryImageOfPage\":{\"@id\":\"https:\/\/lyonbondyblog.fr\/LBB\/analyse-regionales-2021-pourquoi-autant-dabstention-2\/#primaryimage\"},\"image\":{\"@id\":\"https:\/\/lyonbondyblog.fr\/LBB\/analyse-regionales-2021-pourquoi-autant-dabstention-2\/#primaryimage\"},\"thumbnailUrl\":\"https:\/\/lyonbondyblog.fr\/LBB\/wp-content\/uploads\/2021\/07\/Regionales-le-vote-electronique-est-il-vraiment-une-solution-a-l-abstention.jpeg\",\"datePublished\":\"2021-07-02T15:04:22+00:00\",\"dateModified\":\"2021-07-15T15:14:16+00:00\",\"inLanguage\":\"fr-FR\",\"potentialAction\":[{\"@type\":\"ReadAction\",\"target\":[\"https:\/\/lyonbondyblog.fr\/LBB\/analyse-regionales-2021-pourquoi-autant-dabstention-2\/\"]}]},{\"@type\":\"ImageObject\",\"inLanguage\":\"fr-FR\",\"@id\":\"https:\/\/lyonbondyblog.fr\/LBB\/analyse-regionales-2021-pourquoi-autant-dabstention-2\/#primaryimage\",\"url\":\"https:\/\/lyonbondyblog.fr\/LBB\/wp-content\/uploads\/2021\/07\/Regionales-le-vote-electronique-est-il-vraiment-une-solution-a-l-abstention.jpeg\",\"contentUrl\":\"https:\/\/lyonbondyblog.fr\/LBB\/wp-content\/uploads\/2021\/07\/Regionales-le-vote-electronique-est-il-vraiment-une-solution-a-l-abstention.jpeg\",\"width\":2000,\"height\":1000,\"caption\":\"DR\"},{\"@type\":\"WebSite\",\"@id\":\"https:\/\/lyonbondyblog.fr\/LBB\/#website\",\"url\":\"https:\/\/lyonbondyblog.fr\/LBB\/\",\"name\":\"Lyon Bondy Blog\",\"description\":\"\",\"publisher\":{\"@id\":\"https:\/\/lyonbondyblog.fr\/LBB\/#organization\"},\"potentialAction\":[{\"@type\":\"SearchAction\",\"target\":{\"@type\":\"EntryPoint\",\"urlTemplate\":\"https:\/\/lyonbondyblog.fr\/LBB\/?s={search_term_string}\"},\"query-input\":\"required name=search_term_string\"}],\"inLanguage\":\"fr-FR\"},{\"@type\":\"Organization\",\"@id\":\"https:\/\/lyonbondyblog.fr\/LBB\/#organization\",\"name\":\"LYON BONDY BLOG\",\"url\":\"https:\/\/lyonbondyblog.fr\/LBB\/\",\"logo\":{\"@type\":\"ImageObject\",\"inLanguage\":\"fr-FR\",\"@id\":\"https:\/\/lyonbondyblog.fr\/LBB\/#\/schema\/logo\/image\/\",\"url\":\"http:\/\/lyonbondyblog.fr\/LBB\/wp-content\/uploads\/2014\/10\/logo-portable-144.png\",\"contentUrl\":\"http:\/\/lyonbondyblog.fr\/LBB\/wp-content\/uploads\/2014\/10\/logo-portable-144.png\",\"width\":144,\"height\":123,\"caption\":\"LYON BONDY BLOG\"},\"image\":{\"@id\":\"https:\/\/lyonbondyblog.fr\/LBB\/#\/schema\/logo\/image\/\"},\"sameAs\":[\"https:\/\/www.facebook.com\/lyonbondyblog\",\"https:\/\/x.com\/bondybloglyon\"]},{\"@type\":\"Person\",\"@id\":\"https:\/\/lyonbondyblog.fr\/LBB\/#\/schema\/person\/e45f8d27baac75072daa0be50c409b25\",\"name\":\"La r\u00e9daction\",\"description\":\"Cr\u00e9e en 2008, la r\u00e9daction du Lyon Bondy Blog s'applique \u00e0 proposer une information locale diff\u00e9rente et compl\u00e9mentaire des m\u00e9dias traditionnels.\",\"sameAs\":[\"https:\/\/www.facebook.com\/lyonbondyblog\",\"https:\/\/x.com\/BondyBlogLyon\"],\"url\":\"https:\/\/lyonbondyblog.fr\/LBB\/author\/admin\/\"}]}<\/script>\n<!-- \/ Yoast SEO plugin. -->","yoast_head_json":{"title":"[Analyse] R\u00e9gionales 2021: Pourquoi autant d'abstention ? - Lyon Bondy Blog","robots":{"index":"index","follow":"follow","max-snippet":"max-snippet:-1","max-image-preview":"max-image-preview:large","max-video-preview":"max-video-preview:-1"},"canonical":"https:\/\/lyonbondyblog.fr\/LBB\/analyse-regionales-2021-pourquoi-autant-dabstention-2\/","og_locale":"fr_FR","og_type":"article","og_title":"[Analyse] R\u00e9gionales 2021: Pourquoi autant d'abstention ? - Lyon Bondy Blog","og_description":"L\u2019abstention a \u00e9t\u00e9 record aux \u00e9lections r\u00e9gionales 2021, particuli\u00e8rement dans les milieux populaires. Paul Bacot, politologue et professeur \u00e0 Science-Po Lyon, revient sur les facteurs &hellip;","og_url":"https:\/\/lyonbondyblog.fr\/LBB\/analyse-regionales-2021-pourquoi-autant-dabstention-2\/","og_site_name":"Lyon Bondy Blog","article_publisher":"https:\/\/www.facebook.com\/lyonbondyblog","article_author":"https:\/\/www.facebook.com\/lyonbondyblog","article_published_time":"2021-07-02T15:04:22+00:00","article_modified_time":"2021-07-15T15:14:16+00:00","og_image":[{"width":2000,"height":1000,"url":"https:\/\/lyonbondyblog.fr\/LBB\/wp-content\/uploads\/2021\/07\/Regionales-le-vote-electronique-est-il-vraiment-une-solution-a-l-abstention.jpeg","type":"image\/jpeg"}],"author":"La r\u00e9daction","twitter_card":"summary_large_image","twitter_creator":"@BondyBlogLyon","twitter_site":"@bondybloglyon","schema":{"@context":"https:\/\/schema.org","@graph":[{"@type":"Article","@id":"https:\/\/lyonbondyblog.fr\/LBB\/analyse-regionales-2021-pourquoi-autant-dabstention-2\/#article","isPartOf":{"@id":"https:\/\/lyonbondyblog.fr\/LBB\/analyse-regionales-2021-pourquoi-autant-dabstention-2\/"},"author":{"name":"La r\u00e9daction","@id":"https:\/\/lyonbondyblog.fr\/LBB\/#\/schema\/person\/e45f8d27baac75072daa0be50c409b25"},"headline":"[Analyse] R\u00e9gionales 2021: Pourquoi autant d&rsquo;abstention ?","datePublished":"2021-07-02T15:04:22+00:00","dateModified":"2021-07-15T15:14:16+00:00","mainEntityOfPage":{"@id":"https:\/\/lyonbondyblog.fr\/LBB\/analyse-regionales-2021-pourquoi-autant-dabstention-2\/"},"wordCount":760,"commentCount":0,"publisher":{"@id":"https:\/\/lyonbondyblog.fr\/LBB\/#organization"},"image":{"@id":"https:\/\/lyonbondyblog.fr\/LBB\/analyse-regionales-2021-pourquoi-autant-dabstention-2\/#primaryimage"},"thumbnailUrl":"https:\/\/lyonbondyblog.fr\/LBB\/wp-content\/uploads\/2021\/07\/Regionales-le-vote-electronique-est-il-vraiment-une-solution-a-l-abstention.jpeg","articleSection":["Interview","Lyon","Politique"],"inLanguage":"fr-FR","potentialAction":[{"@type":"CommentAction","name":"Comment","target":["https:\/\/lyonbondyblog.fr\/LBB\/analyse-regionales-2021-pourquoi-autant-dabstention-2\/#respond"]}]},{"@type":"WebPage","@id":"https:\/\/lyonbondyblog.fr\/LBB\/analyse-regionales-2021-pourquoi-autant-dabstention-2\/","url":"https:\/\/lyonbondyblog.fr\/LBB\/analyse-regionales-2021-pourquoi-autant-dabstention-2\/","name":"[Analyse] R\u00e9gionales 2021: Pourquoi autant d'abstention ? - Lyon Bondy Blog","isPartOf":{"@id":"https:\/\/lyonbondyblog.fr\/LBB\/#website"},"primaryImageOfPage":{"@id":"https:\/\/lyonbondyblog.fr\/LBB\/analyse-regionales-2021-pourquoi-autant-dabstention-2\/#primaryimage"},"image":{"@id":"https:\/\/lyonbondyblog.fr\/LBB\/analyse-regionales-2021-pourquoi-autant-dabstention-2\/#primaryimage"},"thumbnailUrl":"https:\/\/lyonbondyblog.fr\/LBB\/wp-content\/uploads\/2021\/07\/Regionales-le-vote-electronique-est-il-vraiment-une-solution-a-l-abstention.jpeg","datePublished":"2021-07-02T15:04:22+00:00","dateModified":"2021-07-15T15:14:16+00:00","inLanguage":"fr-FR","potentialAction":[{"@type":"ReadAction","target":["https:\/\/lyonbondyblog.fr\/LBB\/analyse-regionales-2021-pourquoi-autant-dabstention-2\/"]}]},{"@type":"ImageObject","inLanguage":"fr-FR","@id":"https:\/\/lyonbondyblog.fr\/LBB\/analyse-regionales-2021-pourquoi-autant-dabstention-2\/#primaryimage","url":"https:\/\/lyonbondyblog.fr\/LBB\/wp-content\/uploads\/2021\/07\/Regionales-le-vote-electronique-est-il-vraiment-une-solution-a-l-abstention.jpeg","contentUrl":"https:\/\/lyonbondyblog.fr\/LBB\/wp-content\/uploads\/2021\/07\/Regionales-le-vote-electronique-est-il-vraiment-une-solution-a-l-abstention.jpeg","width":2000,"height":1000,"caption":"DR"},{"@type":"WebSite","@id":"https:\/\/lyonbondyblog.fr\/LBB\/#website","url":"https:\/\/lyonbondyblog.fr\/LBB\/","name":"Lyon Bondy Blog","description":"","publisher":{"@id":"https:\/\/lyonbondyblog.fr\/LBB\/#organization"},"potentialAction":[{"@type":"SearchAction","target":{"@type":"EntryPoint","urlTemplate":"https:\/\/lyonbondyblog.fr\/LBB\/?s={search_term_string}"},"query-input":"required name=search_term_string"}],"inLanguage":"fr-FR"},{"@type":"Organization","@id":"https:\/\/lyonbondyblog.fr\/LBB\/#organization","name":"LYON BONDY BLOG","url":"https:\/\/lyonbondyblog.fr\/LBB\/","logo":{"@type":"ImageObject","inLanguage":"fr-FR","@id":"https:\/\/lyonbondyblog.fr\/LBB\/#\/schema\/logo\/image\/","url":"http:\/\/lyonbondyblog.fr\/LBB\/wp-content\/uploads\/2014\/10\/logo-portable-144.png","contentUrl":"http:\/\/lyonbondyblog.fr\/LBB\/wp-content\/uploads\/2014\/10\/logo-portable-144.png","width":144,"height":123,"caption":"LYON BONDY BLOG"},"image":{"@id":"https:\/\/lyonbondyblog.fr\/LBB\/#\/schema\/logo\/image\/"},"sameAs":["https:\/\/www.facebook.com\/lyonbondyblog","https:\/\/x.com\/bondybloglyon"]},{"@type":"Person","@id":"https:\/\/lyonbondyblog.fr\/LBB\/#\/schema\/person\/e45f8d27baac75072daa0be50c409b25","name":"La r\u00e9daction","description":"Cr\u00e9e en 2008, la r\u00e9daction du Lyon Bondy Blog s'applique \u00e0 proposer une information locale diff\u00e9rente et compl\u00e9mentaire des m\u00e9dias traditionnels.","sameAs":["https:\/\/www.facebook.com\/lyonbondyblog","https:\/\/x.com\/BondyBlogLyon"],"url":"https:\/\/lyonbondyblog.fr\/LBB\/author\/admin\/"}]}},"_links":{"self":[{"href":"https:\/\/lyonbondyblog.fr\/LBB\/wp-json\/wp\/v2\/posts\/24170","targetHints":{"allow":["GET"]}}],"collection":[{"href":"https:\/\/lyonbondyblog.fr\/LBB\/wp-json\/wp\/v2\/posts"}],"about":[{"href":"https:\/\/lyonbondyblog.fr\/LBB\/wp-json\/wp\/v2\/types\/post"}],"author":[{"embeddable":true,"href":"https:\/\/lyonbondyblog.fr\/LBB\/wp-json\/wp\/v2\/users\/1"}],"replies":[{"embeddable":true,"href":"https:\/\/lyonbondyblog.fr\/LBB\/wp-json\/wp\/v2\/comments?post=24170"}],"version-history":[{"count":10,"href":"https:\/\/lyonbondyblog.fr\/LBB\/wp-json\/wp\/v2\/posts\/24170\/revisions"}],"predecessor-version":[{"id":24194,"href":"https:\/\/lyonbondyblog.fr\/LBB\/wp-json\/wp\/v2\/posts\/24170\/revisions\/24194"}],"wp:featuredmedia":[{"embeddable":true,"href":"https:\/\/lyonbondyblog.fr\/LBB\/wp-json\/wp\/v2\/media\/24182"}],"wp:attachment":[{"href":"https:\/\/lyonbondyblog.fr\/LBB\/wp-json\/wp\/v2\/media?parent=24170"}],"wp:term":[{"taxonomy":"category","embeddable":true,"href":"https:\/\/lyonbondyblog.fr\/LBB\/wp-json\/wp\/v2\/categories?post=24170"},{"taxonomy":"post_tag","embeddable":true,"href":"https:\/\/lyonbondyblog.fr\/LBB\/wp-json\/wp\/v2\/tags?post=24170"}],"curies":[{"name":"wp","href":"https:\/\/api.w.org\/{rel}","templated":true}]}}