{"id":24151,"date":"2021-06-30T17:03:31","date_gmt":"2021-06-30T15:03:31","guid":{"rendered":"http:\/\/lyonbondyblog.fr\/LBB\/?p=24151"},"modified":"2021-07-05T15:39:14","modified_gmt":"2021-07-05T13:39:14","slug":"villeurbanne-des-assemblees-de-quartiers-pour-se-faire-entendre","status":"publish","type":"post","link":"https:\/\/lyonbondyblog.fr\/LBB\/villeurbanne-des-assemblees-de-quartiers-pour-se-faire-entendre\/","title":{"rendered":"Villeurbanne : des assembl\u00e9es de quartiers pour se faire entendre"},"content":{"rendered":"\n<h4 class=\"wp-block-heading\"><strong>Le 11 mai dernier, apr\u00e8s des assembl\u00e9es de quartiers et n\u00e9gociations directes avec les cadres d\u2019Alliade Habitat, les habitants du quartier Frappaz \u00e0 Villeurbanne ont eu gain de cause. Le bailleur social s\u2019est engag\u00e9 \u00e0 l\u2019avancement des r\u00e9novations thermiques ainsi qu\u2019au changement des radiateurs de leurs appartements. \u00c0 Villeurbanne, les quartiers Monod et Baratin se mobilisent aussi.<\/strong><\/h4>\n\n\n\n<p>Se rassembler et se mobiliser pour se faire entendre quand les voies classiques ne fonctionnent plus. C\u2019est dans cette optique que des assembl\u00e9es ont \u00e9t\u00e9 mis en place par les habitants dans les quartiers de Monod, Frappaz et Baratin \u00e0 Villeurbanne. Accompagn\u00e9s par l\u2019association Alliance Citoyenne, les habitants se structurent en \u00ab\u00a0syndicat de quartier\u00a0\u00bb pour discuter ensemble des probl\u00e9matiques de logements et d\u2019am\u00e9nagement pour les faire remonter aux bailleurs sociaux Alliade Habitat, premier bailleur de la r\u00e9gion AuRA.<\/p>\n\n\n\n<p>Cette initiative fait suite aux difficult\u00e9s face auxquelles les habitants sont confront\u00e9s pour faire remonter ces questions au bailleur social. Avec le syst\u00e8me de sous-traitance des plateformes de communication mise en place par celui-ci, les demandes prennent beaucoup plus de temps \u00e0 \u00eatre trait\u00e9es, dont certaines connues depuis des ann\u00e9es selon les habitants.&nbsp;En mars dernier, dans une mobilisation que nous avons suivie, certains des habitants du quartier Monod avaient choisi collectivement d\u2019aller manifester jusque devant la M\u00e9tropole pour interpeller les \u00e9lus sur la situation. Aucun n\u2019\u00e9tait sortis. Pour le quartier Frappaz, la possibilit\u00e9 de n\u00e9gocier directement avec les porte-parole du bailleur s\u2019est av\u00e9r\u00e9e payante.<\/p>\n\n\n\n<h4 class=\"wp-block-heading\">Des r\u00e9novations pour 2022<\/h4>\n\n\n\n<p>Le 24 f\u00e9vrier, l\u2019alliance Frappaz est cr\u00e9\u00e9e. Ce syndicat de quartier, apr\u00e8s avoir \u00e9lu un comit\u00e9 compos\u00e9 de certains des habitants jouant le r\u00f4le de porte-parole, a ensuite fait tourner une p\u00e9tition ou plus de 150 signatures sont r\u00e9colt\u00e9es. \u00c9quip\u00e9s de chauffage au sol, les logements d\u2019une centaine de familles du quartier ne d\u00e9passent pas les 17\u00b0C en p\u00e9riode de froid, et beaucoup utilisent un chauffage d\u2019appoint. Le mercredi 24 mars, pendant une assembl\u00e9e, les habitants d\u00e9cident de passer collectivement \u00e0 l&rsquo;action. Le jeudi 8 avril \u00e0 9h30, une dizaine d&rsquo;habitants portent collectivement la p\u00e9tition au si\u00e8ge d&rsquo;Alliade Habitat apr\u00e8s les avoir pr\u00e9venus.<\/p>\n\n\n\n<p>Au terme des n\u00e9gociations avec les porte-parole du bailleur social, c\u2019est une petite victoire pour l\u2019Alliance Frappaz. Les habitants ont pu directement n\u00e9gocier avec le bailleur social Alliade Habitat. Cela a permis d&rsquo;obtenir le changement des radiateurs de leurs appartements, l\u2019am\u00e9lioration de la communication avec Alliade Habitat, l\u2019am\u00e9lioration du service rendu par les diff\u00e9rents prestataires responsables de leur r\u00e9sidence ainsi que l\u2019avancement des travaux de r\u00e9novations thermiques pour l\u2019ensemble des immeubles de 2 ans pour d\u00e9buter d\u00e8s 2022. Il rentre dans le cadre de la Loi Climat vot\u00e9e en 2019 qui fixe la neutralit\u00e9 carbone pour 2050 et l\u2019obligation les travaux \u00e0 l\u2019\u00e9ch\u00e9ance de 2028. Ils concernent tous les logements consid\u00e9r\u00e9s comme \u00ab passoire thermique \u00bb, c\u2019est-\u00e0-dire de cat\u00e9gorie \u00e9nerg\u00e9tique F et G le projet \u00e9crit devrait \u00eatre sign\u00e9 d\u2019ici la rentr\u00e9e.<\/p>\n\n\n\n<h4 class=\"wp-block-heading\">\u00ab&nbsp;\u00c7a permet de mettre en mots des choses que l\u2019on avait tous en t\u00eate&nbsp;\u00bb<\/h4>\n\n\n\n<p>Au quartier Baratin, on se mobilise aussi. Une assembl\u00e9e de quartier s\u2019est tenue dans les locaux de l\u2019espace du centre social ce mardi 29 juin, en co-organisation avec le comit\u00e9 de quartier et Alliance citoyenne. Inform\u00e9s par une simple affiche sur le hall de l\u2019immeuble, une trentaine d\u2019habitants sont venus. Un point a \u00e9t\u00e9 fait sur la p\u00e9tition envoy\u00e9e au bailleur, qui a r\u00e9colt\u00e9 pr\u00e8s de 190 signatures en 48 heures.<\/p>\n\n\n\n<p>Pour Sabrina, 23 ans, habitante du quartier, cela \u00ab&nbsp;<em>apporte un plus aux habitants, car cela permet de mettre en mots des choses que l\u2019on avait tous en t\u00eate. On a tous ces m\u00eames probl\u00e8mes, mais on ne s\u2019\u00e9tait jamais mis en commun pour en parler. Depuis que ce syndicat existe, on voit des gens que l\u2019on n\u2019avait jamais vus et on finit enfin par avoir une mobilisation&nbsp;\u00bb.<\/em><\/p>\n\n\n\n<p>Un jour apr\u00e8s que la p\u00e9tition ait \u00e9t\u00e9 port\u00e9e au bailleur, celui-ci a r\u00e9pondu qu\u2019une \u00e9tude sur les diff\u00e9rentes probl\u00e9matiques port\u00e9es par les habitants a \u00e9t\u00e9 faite. Un rendez-vous est pr\u00e9vu aujourd\u2019hui entre des membres du comit\u00e9 du quartier et les porte-parole d\u2019Alliade Habitat.<\/p>\n\n\n\n<p>Une assembl\u00e9e de quartier se tiendra le 22 juillet &nbsp;au quartier Monod en compagnie du maire C\u00e9dric van Styvendael et des habitants volontaires de Monod, Baratin et Frappaz.<\/p>\n\n\n\n<figure class=\"wp-block-gallery columns-2 is-cropped wp-block-gallery-1 is-layout-flex wp-block-gallery-is-layout-flex\"><ul class=\"blocks-gallery-grid\"><li class=\"blocks-gallery-item\"><figure><img loading=\"lazy\" decoding=\"async\" width=\"1920\" height=\"1280\" src=\"https:\/\/lyonbondyblog.fr\/LBB\/wp-content\/uploads\/2021\/06\/DSC02829-1920x1280.jpg\" alt=\"\" data-id=\"24152\" data-full-url=\"https:\/\/lyonbondyblog.fr\/LBB\/wp-content\/uploads\/2021\/06\/DSC02829-scaled.jpg\" data-link=\"https:\/\/lyonbondyblog.fr\/LBB\/?attachment_id=24152\" class=\"wp-image-24152\" srcset=\"https:\/\/lyonbondyblog.fr\/LBB\/wp-content\/uploads\/2021\/06\/DSC02829-1920x1280.jpg 1920w, https:\/\/lyonbondyblog.fr\/LBB\/wp-content\/uploads\/2021\/06\/DSC02829-1200x800.jpg 1200w, https:\/\/lyonbondyblog.fr\/LBB\/wp-content\/uploads\/2021\/06\/DSC02829-768x512.jpg 768w, https:\/\/lyonbondyblog.fr\/LBB\/wp-content\/uploads\/2021\/06\/DSC02829-1536x1024.jpg 1536w, https:\/\/lyonbondyblog.fr\/LBB\/wp-content\/uploads\/2021\/06\/DSC02829-2048x1365.jpg 2048w, https:\/\/lyonbondyblog.fr\/LBB\/wp-content\/uploads\/2021\/06\/DSC02829-272x182.jpg 272w\" sizes=\"auto, (max-width: 1920px) 100vw, 1920px\" \/><figcaption class=\"blocks-gallery-item__caption\">R\u00e9union des habitants de Baratin, le 29\/06\/2020.<br>Cr\u00e9dit : Lucas Sadowski<\/figcaption><\/figure><\/li><li class=\"blocks-gallery-item\"><figure><img loading=\"lazy\" decoding=\"async\" width=\"1920\" height=\"1280\" src=\"https:\/\/lyonbondyblog.fr\/LBB\/wp-content\/uploads\/2021\/06\/DSC02832-1920x1280.jpg\" alt=\"\" data-id=\"24153\" data-full-url=\"https:\/\/lyonbondyblog.fr\/LBB\/wp-content\/uploads\/2021\/06\/DSC02832-scaled.jpg\" data-link=\"https:\/\/lyonbondyblog.fr\/LBB\/?attachment_id=24153\" class=\"wp-image-24153\" srcset=\"https:\/\/lyonbondyblog.fr\/LBB\/wp-content\/uploads\/2021\/06\/DSC02832-1920x1280.jpg 1920w, https:\/\/lyonbondyblog.fr\/LBB\/wp-content\/uploads\/2021\/06\/DSC02832-1200x800.jpg 1200w, https:\/\/lyonbondyblog.fr\/LBB\/wp-content\/uploads\/2021\/06\/DSC02832-768x512.jpg 768w, https:\/\/lyonbondyblog.fr\/LBB\/wp-content\/uploads\/2021\/06\/DSC02832-1536x1024.jpg 1536w, https:\/\/lyonbondyblog.fr\/LBB\/wp-content\/uploads\/2021\/06\/DSC02832-2048x1365.jpg 2048w, https:\/\/lyonbondyblog.fr\/LBB\/wp-content\/uploads\/2021\/06\/DSC02832-272x182.jpg 272w\" sizes=\"auto, (max-width: 1920px) 100vw, 1920px\" \/><figcaption class=\"blocks-gallery-item__caption\">Photo de groupe des habitants de Baratin, sous le slogan : \u00a0\u00bb Pour mieux vivre \u00e0 Baratin, agissons ensemble pour demain\u00a0\u00bb.<br>Cr\u00e9dit : Lucas Sadowski<\/figcaption><\/figure><\/li><\/ul><\/figure>\n\n\n\n<p>Lucas Sadowski<\/p>\n<!-- AddThis Advanced Settings generic via filter on the_content --><!-- AddThis Share Buttons generic via filter on the_content -->","protected":false},"excerpt":{"rendered":"<p>Le 11 mai dernier, apr\u00e8s des assembl\u00e9es de quartiers et n\u00e9gociations directes avec les cadres d\u2019Alliade Habitat, les habitants du quartier Frappaz \u00e0 Villeurbanne ont &hellip; <!-- AddThis Advanced Settings generic via filter on wp_trim_excerpt --><!-- AddThis Share Buttons generic via filter on wp_trim_excerpt --><\/p>\n","protected":false},"author":1,"featured_media":24153,"comment_status":"open","ping_status":"open","sticky":false,"template":"","format":"standard","meta":{"_FSMCFIC_featured_image_caption":"","_FSMCFIC_featured_image_nocaption":"","_FSMCFIC_featured_image_hide":"","footnotes":""},"categories":[6443,4,13738,2,22676,10388],"tags":[27031,1171,128],"class_list":["post-24151","post","type-post","status-publish","format-standard","has-post-thumbnail","hentry","category-association","category-lyon","category-projet-urbain","category-societe","category-syndicat","category-villeurbanne","tag-alliance-citoyenne","tag-quartiers-populaires","tag-villeurbanne"],"yoast_head":"<!-- This site is optimized with the Yoast SEO plugin v22.8 - https:\/\/yoast.com\/wordpress\/plugins\/seo\/ -->\n<title>Villeurbanne : des assembl\u00e9es de quartiers pour se faire entendre - Lyon Bondy Blog<\/title>\n<meta name=\"robots\" content=\"index, follow, max-snippet:-1, max-image-preview:large, max-video-preview:-1\" \/>\n<link rel=\"canonical\" href=\"https:\/\/lyonbondyblog.fr\/LBB\/villeurbanne-des-assemblees-de-quartiers-pour-se-faire-entendre\/\" \/>\n<meta property=\"og:locale\" content=\"fr_FR\" \/>\n<meta property=\"og:type\" content=\"article\" \/>\n<meta property=\"og:title\" content=\"Villeurbanne : des assembl\u00e9es de quartiers pour se faire entendre - Lyon Bondy Blog\" \/>\n<meta property=\"og:description\" content=\"Le 11 mai dernier, apr\u00e8s des assembl\u00e9es de quartiers et n\u00e9gociations directes avec les cadres d\u2019Alliade Habitat, les habitants du quartier Frappaz \u00e0 Villeurbanne ont &hellip;\" \/>\n<meta property=\"og:url\" content=\"https:\/\/lyonbondyblog.fr\/LBB\/villeurbanne-des-assemblees-de-quartiers-pour-se-faire-entendre\/\" \/>\n<meta property=\"og:site_name\" content=\"Lyon Bondy Blog\" \/>\n<meta property=\"article:publisher\" content=\"https:\/\/www.facebook.com\/lyonbondyblog\" \/>\n<meta property=\"article:author\" content=\"https:\/\/www.facebook.com\/lyonbondyblog\" \/>\n<meta property=\"article:published_time\" content=\"2021-06-30T15:03:31+00:00\" \/>\n<meta property=\"article:modified_time\" content=\"2021-07-05T13:39:14+00:00\" \/>\n<meta property=\"og:image\" content=\"https:\/\/lyonbondyblog.fr\/LBB\/wp-content\/uploads\/2021\/06\/DSC02832-scaled.jpg\" \/>\n\t<meta property=\"og:image:width\" content=\"2560\" \/>\n\t<meta property=\"og:image:height\" content=\"1707\" \/>\n\t<meta property=\"og:image:type\" content=\"image\/jpeg\" \/>\n<meta name=\"author\" content=\"La r\u00e9daction\" \/>\n<meta name=\"twitter:card\" content=\"summary_large_image\" \/>\n<meta name=\"twitter:creator\" content=\"@BondyBlogLyon\" \/>\n<meta name=\"twitter:site\" content=\"@bondybloglyon\" \/>\n<script type=\"application\/ld+json\" class=\"yoast-schema-graph\">{\"@context\":\"https:\/\/schema.org\",\"@graph\":[{\"@type\":\"Article\",\"@id\":\"https:\/\/lyonbondyblog.fr\/LBB\/villeurbanne-des-assemblees-de-quartiers-pour-se-faire-entendre\/#article\",\"isPartOf\":{\"@id\":\"https:\/\/lyonbondyblog.fr\/LBB\/villeurbanne-des-assemblees-de-quartiers-pour-se-faire-entendre\/\"},\"author\":{\"name\":\"La r\u00e9daction\",\"@id\":\"https:\/\/lyonbondyblog.fr\/LBB\/#\/schema\/person\/e45f8d27baac75072daa0be50c409b25\"},\"headline\":\"Villeurbanne : des assembl\u00e9es de quartiers pour se faire entendre\",\"datePublished\":\"2021-06-30T15:03:31+00:00\",\"dateModified\":\"2021-07-05T13:39:14+00:00\",\"mainEntityOfPage\":{\"@id\":\"https:\/\/lyonbondyblog.fr\/LBB\/villeurbanne-des-assemblees-de-quartiers-pour-se-faire-entendre\/\"},\"wordCount\":835,\"commentCount\":0,\"publisher\":{\"@id\":\"https:\/\/lyonbondyblog.fr\/LBB\/#organization\"},\"image\":{\"@id\":\"https:\/\/lyonbondyblog.fr\/LBB\/villeurbanne-des-assemblees-de-quartiers-pour-se-faire-entendre\/#primaryimage\"},\"thumbnailUrl\":\"https:\/\/lyonbondyblog.fr\/LBB\/wp-content\/uploads\/2021\/06\/DSC02832-scaled.jpg\",\"keywords\":[\"alliance citoyenne\",\"quartiers populaires\",\"Villeurbanne\"],\"articleSection\":[\"Association\",\"Lyon\",\"Projet Urbain\",\"Soci\u00e9t\u00e9\",\"Syndicat\",\"Villeurbanne\"],\"inLanguage\":\"fr-FR\",\"potentialAction\":[{\"@type\":\"CommentAction\",\"name\":\"Comment\",\"target\":[\"https:\/\/lyonbondyblog.fr\/LBB\/villeurbanne-des-assemblees-de-quartiers-pour-se-faire-entendre\/#respond\"]}]},{\"@type\":\"WebPage\",\"@id\":\"https:\/\/lyonbondyblog.fr\/LBB\/villeurbanne-des-assemblees-de-quartiers-pour-se-faire-entendre\/\",\"url\":\"https:\/\/lyonbondyblog.fr\/LBB\/villeurbanne-des-assemblees-de-quartiers-pour-se-faire-entendre\/\",\"name\":\"Villeurbanne : des assembl\u00e9es de quartiers pour se faire entendre - Lyon Bondy Blog\",\"isPartOf\":{\"@id\":\"https:\/\/lyonbondyblog.fr\/LBB\/#website\"},\"primaryImageOfPage\":{\"@id\":\"https:\/\/lyonbondyblog.fr\/LBB\/villeurbanne-des-assemblees-de-quartiers-pour-se-faire-entendre\/#primaryimage\"},\"image\":{\"@id\":\"https:\/\/lyonbondyblog.fr\/LBB\/villeurbanne-des-assemblees-de-quartiers-pour-se-faire-entendre\/#primaryimage\"},\"thumbnailUrl\":\"https:\/\/lyonbondyblog.fr\/LBB\/wp-content\/uploads\/2021\/06\/DSC02832-scaled.jpg\",\"datePublished\":\"2021-06-30T15:03:31+00:00\",\"dateModified\":\"2021-07-05T13:39:14+00:00\",\"inLanguage\":\"fr-FR\",\"potentialAction\":[{\"@type\":\"ReadAction\",\"target\":[\"https:\/\/lyonbondyblog.fr\/LBB\/villeurbanne-des-assemblees-de-quartiers-pour-se-faire-entendre\/\"]}]},{\"@type\":\"ImageObject\",\"inLanguage\":\"fr-FR\",\"@id\":\"https:\/\/lyonbondyblog.fr\/LBB\/villeurbanne-des-assemblees-de-quartiers-pour-se-faire-entendre\/#primaryimage\",\"url\":\"https:\/\/lyonbondyblog.fr\/LBB\/wp-content\/uploads\/2021\/06\/DSC02832-scaled.jpg\",\"contentUrl\":\"https:\/\/lyonbondyblog.fr\/LBB\/wp-content\/uploads\/2021\/06\/DSC02832-scaled.jpg\",\"width\":2560,\"height\":1707,\"caption\":\"Photo de groupe des habitants de Baratin. Cr\u00e9dit : Lucas Sadowski\"},{\"@type\":\"WebSite\",\"@id\":\"https:\/\/lyonbondyblog.fr\/LBB\/#website\",\"url\":\"https:\/\/lyonbondyblog.fr\/LBB\/\",\"name\":\"Lyon Bondy Blog\",\"description\":\"\",\"publisher\":{\"@id\":\"https:\/\/lyonbondyblog.fr\/LBB\/#organization\"},\"potentialAction\":[{\"@type\":\"SearchAction\",\"target\":{\"@type\":\"EntryPoint\",\"urlTemplate\":\"https:\/\/lyonbondyblog.fr\/LBB\/?s={search_term_string}\"},\"query-input\":\"required name=search_term_string\"}],\"inLanguage\":\"fr-FR\"},{\"@type\":\"Organization\",\"@id\":\"https:\/\/lyonbondyblog.fr\/LBB\/#organization\",\"name\":\"LYON BONDY BLOG\",\"url\":\"https:\/\/lyonbondyblog.fr\/LBB\/\",\"logo\":{\"@type\":\"ImageObject\",\"inLanguage\":\"fr-FR\",\"@id\":\"https:\/\/lyonbondyblog.fr\/LBB\/#\/schema\/logo\/image\/\",\"url\":\"http:\/\/lyonbondyblog.fr\/LBB\/wp-content\/uploads\/2014\/10\/logo-portable-144.png\",\"contentUrl\":\"http:\/\/lyonbondyblog.fr\/LBB\/wp-content\/uploads\/2014\/10\/logo-portable-144.png\",\"width\":144,\"height\":123,\"caption\":\"LYON BONDY BLOG\"},\"image\":{\"@id\":\"https:\/\/lyonbondyblog.fr\/LBB\/#\/schema\/logo\/image\/\"},\"sameAs\":[\"https:\/\/www.facebook.com\/lyonbondyblog\",\"https:\/\/x.com\/bondybloglyon\"]},{\"@type\":\"Person\",\"@id\":\"https:\/\/lyonbondyblog.fr\/LBB\/#\/schema\/person\/e45f8d27baac75072daa0be50c409b25\",\"name\":\"La r\u00e9daction\",\"description\":\"Cr\u00e9e en 2008, la r\u00e9daction du Lyon Bondy Blog s'applique \u00e0 proposer une information locale diff\u00e9rente et compl\u00e9mentaire des m\u00e9dias traditionnels.\",\"sameAs\":[\"https:\/\/www.facebook.com\/lyonbondyblog\",\"https:\/\/x.com\/BondyBlogLyon\"],\"url\":\"https:\/\/lyonbondyblog.fr\/LBB\/author\/admin\/\"}]}<\/script>\n<!-- \/ Yoast SEO plugin. -->","yoast_head_json":{"title":"Villeurbanne : des assembl\u00e9es de quartiers pour se faire entendre - Lyon Bondy Blog","robots":{"index":"index","follow":"follow","max-snippet":"max-snippet:-1","max-image-preview":"max-image-preview:large","max-video-preview":"max-video-preview:-1"},"canonical":"https:\/\/lyonbondyblog.fr\/LBB\/villeurbanne-des-assemblees-de-quartiers-pour-se-faire-entendre\/","og_locale":"fr_FR","og_type":"article","og_title":"Villeurbanne : des assembl\u00e9es de quartiers pour se faire entendre - Lyon Bondy Blog","og_description":"Le 11 mai dernier, apr\u00e8s des assembl\u00e9es de quartiers et n\u00e9gociations directes avec les cadres d\u2019Alliade Habitat, les habitants du quartier Frappaz \u00e0 Villeurbanne ont &hellip;","og_url":"https:\/\/lyonbondyblog.fr\/LBB\/villeurbanne-des-assemblees-de-quartiers-pour-se-faire-entendre\/","og_site_name":"Lyon Bondy Blog","article_publisher":"https:\/\/www.facebook.com\/lyonbondyblog","article_author":"https:\/\/www.facebook.com\/lyonbondyblog","article_published_time":"2021-06-30T15:03:31+00:00","article_modified_time":"2021-07-05T13:39:14+00:00","og_image":[{"width":2560,"height":1707,"url":"https:\/\/lyonbondyblog.fr\/LBB\/wp-content\/uploads\/2021\/06\/DSC02832-scaled.jpg","type":"image\/jpeg"}],"author":"La r\u00e9daction","twitter_card":"summary_large_image","twitter_creator":"@BondyBlogLyon","twitter_site":"@bondybloglyon","schema":{"@context":"https:\/\/schema.org","@graph":[{"@type":"Article","@id":"https:\/\/lyonbondyblog.fr\/LBB\/villeurbanne-des-assemblees-de-quartiers-pour-se-faire-entendre\/#article","isPartOf":{"@id":"https:\/\/lyonbondyblog.fr\/LBB\/villeurbanne-des-assemblees-de-quartiers-pour-se-faire-entendre\/"},"author":{"name":"La r\u00e9daction","@id":"https:\/\/lyonbondyblog.fr\/LBB\/#\/schema\/person\/e45f8d27baac75072daa0be50c409b25"},"headline":"Villeurbanne : des assembl\u00e9es de quartiers pour se faire entendre","datePublished":"2021-06-30T15:03:31+00:00","dateModified":"2021-07-05T13:39:14+00:00","mainEntityOfPage":{"@id":"https:\/\/lyonbondyblog.fr\/LBB\/villeurbanne-des-assemblees-de-quartiers-pour-se-faire-entendre\/"},"wordCount":835,"commentCount":0,"publisher":{"@id":"https:\/\/lyonbondyblog.fr\/LBB\/#organization"},"image":{"@id":"https:\/\/lyonbondyblog.fr\/LBB\/villeurbanne-des-assemblees-de-quartiers-pour-se-faire-entendre\/#primaryimage"},"thumbnailUrl":"https:\/\/lyonbondyblog.fr\/LBB\/wp-content\/uploads\/2021\/06\/DSC02832-scaled.jpg","keywords":["alliance citoyenne","quartiers populaires","Villeurbanne"],"articleSection":["Association","Lyon","Projet Urbain","Soci\u00e9t\u00e9","Syndicat","Villeurbanne"],"inLanguage":"fr-FR","potentialAction":[{"@type":"CommentAction","name":"Comment","target":["https:\/\/lyonbondyblog.fr\/LBB\/villeurbanne-des-assemblees-de-quartiers-pour-se-faire-entendre\/#respond"]}]},{"@type":"WebPage","@id":"https:\/\/lyonbondyblog.fr\/LBB\/villeurbanne-des-assemblees-de-quartiers-pour-se-faire-entendre\/","url":"https:\/\/lyonbondyblog.fr\/LBB\/villeurbanne-des-assemblees-de-quartiers-pour-se-faire-entendre\/","name":"Villeurbanne : des assembl\u00e9es de quartiers pour se faire entendre - Lyon Bondy Blog","isPartOf":{"@id":"https:\/\/lyonbondyblog.fr\/LBB\/#website"},"primaryImageOfPage":{"@id":"https:\/\/lyonbondyblog.fr\/LBB\/villeurbanne-des-assemblees-de-quartiers-pour-se-faire-entendre\/#primaryimage"},"image":{"@id":"https:\/\/lyonbondyblog.fr\/LBB\/villeurbanne-des-assemblees-de-quartiers-pour-se-faire-entendre\/#primaryimage"},"thumbnailUrl":"https:\/\/lyonbondyblog.fr\/LBB\/wp-content\/uploads\/2021\/06\/DSC02832-scaled.jpg","datePublished":"2021-06-30T15:03:31+00:00","dateModified":"2021-07-05T13:39:14+00:00","inLanguage":"fr-FR","potentialAction":[{"@type":"ReadAction","target":["https:\/\/lyonbondyblog.fr\/LBB\/villeurbanne-des-assemblees-de-quartiers-pour-se-faire-entendre\/"]}]},{"@type":"ImageObject","inLanguage":"fr-FR","@id":"https:\/\/lyonbondyblog.fr\/LBB\/villeurbanne-des-assemblees-de-quartiers-pour-se-faire-entendre\/#primaryimage","url":"https:\/\/lyonbondyblog.fr\/LBB\/wp-content\/uploads\/2021\/06\/DSC02832-scaled.jpg","contentUrl":"https:\/\/lyonbondyblog.fr\/LBB\/wp-content\/uploads\/2021\/06\/DSC02832-scaled.jpg","width":2560,"height":1707,"caption":"Photo de groupe des habitants de Baratin. Cr\u00e9dit : Lucas Sadowski"},{"@type":"WebSite","@id":"https:\/\/lyonbondyblog.fr\/LBB\/#website","url":"https:\/\/lyonbondyblog.fr\/LBB\/","name":"Lyon Bondy Blog","description":"","publisher":{"@id":"https:\/\/lyonbondyblog.fr\/LBB\/#organization"},"potentialAction":[{"@type":"SearchAction","target":{"@type":"EntryPoint","urlTemplate":"https:\/\/lyonbondyblog.fr\/LBB\/?s={search_term_string}"},"query-input":"required name=search_term_string"}],"inLanguage":"fr-FR"},{"@type":"Organization","@id":"https:\/\/lyonbondyblog.fr\/LBB\/#organization","name":"LYON BONDY BLOG","url":"https:\/\/lyonbondyblog.fr\/LBB\/","logo":{"@type":"ImageObject","inLanguage":"fr-FR","@id":"https:\/\/lyonbondyblog.fr\/LBB\/#\/schema\/logo\/image\/","url":"http:\/\/lyonbondyblog.fr\/LBB\/wp-content\/uploads\/2014\/10\/logo-portable-144.png","contentUrl":"http:\/\/lyonbondyblog.fr\/LBB\/wp-content\/uploads\/2014\/10\/logo-portable-144.png","width":144,"height":123,"caption":"LYON BONDY BLOG"},"image":{"@id":"https:\/\/lyonbondyblog.fr\/LBB\/#\/schema\/logo\/image\/"},"sameAs":["https:\/\/www.facebook.com\/lyonbondyblog","https:\/\/x.com\/bondybloglyon"]},{"@type":"Person","@id":"https:\/\/lyonbondyblog.fr\/LBB\/#\/schema\/person\/e45f8d27baac75072daa0be50c409b25","name":"La r\u00e9daction","description":"Cr\u00e9e en 2008, la r\u00e9daction du Lyon Bondy Blog s'applique \u00e0 proposer une information locale diff\u00e9rente et compl\u00e9mentaire des m\u00e9dias traditionnels.","sameAs":["https:\/\/www.facebook.com\/lyonbondyblog","https:\/\/x.com\/BondyBlogLyon"],"url":"https:\/\/lyonbondyblog.fr\/LBB\/author\/admin\/"}]}},"_links":{"self":[{"href":"https:\/\/lyonbondyblog.fr\/LBB\/wp-json\/wp\/v2\/posts\/24151","targetHints":{"allow":["GET"]}}],"collection":[{"href":"https:\/\/lyonbondyblog.fr\/LBB\/wp-json\/wp\/v2\/posts"}],"about":[{"href":"https:\/\/lyonbondyblog.fr\/LBB\/wp-json\/wp\/v2\/types\/post"}],"author":[{"embeddable":true,"href":"https:\/\/lyonbondyblog.fr\/LBB\/wp-json\/wp\/v2\/users\/1"}],"replies":[{"embeddable":true,"href":"https:\/\/lyonbondyblog.fr\/LBB\/wp-json\/wp\/v2\/comments?post=24151"}],"version-history":[{"count":8,"href":"https:\/\/lyonbondyblog.fr\/LBB\/wp-json\/wp\/v2\/posts\/24151\/revisions"}],"predecessor-version":[{"id":24195,"href":"https:\/\/lyonbondyblog.fr\/LBB\/wp-json\/wp\/v2\/posts\/24151\/revisions\/24195"}],"wp:featuredmedia":[{"embeddable":true,"href":"https:\/\/lyonbondyblog.fr\/LBB\/wp-json\/wp\/v2\/media\/24153"}],"wp:attachment":[{"href":"https:\/\/lyonbondyblog.fr\/LBB\/wp-json\/wp\/v2\/media?parent=24151"}],"wp:term":[{"taxonomy":"category","embeddable":true,"href":"https:\/\/lyonbondyblog.fr\/LBB\/wp-json\/wp\/v2\/categories?post=24151"},{"taxonomy":"post_tag","embeddable":true,"href":"https:\/\/lyonbondyblog.fr\/LBB\/wp-json\/wp\/v2\/tags?post=24151"}],"curies":[{"name":"wp","href":"https:\/\/api.w.org\/{rel}","templated":true}]}}