{"id":2413,"date":"2010-10-15T11:58:20","date_gmt":"2010-10-15T09:58:20","guid":{"rendered":"http:\/\/lyonbondyblog.fr\/LBB\/?p=2413"},"modified":"2013-07-31T11:59:56","modified_gmt":"2013-07-31T09:59:56","slug":"c-la-trik-les-blocus-ma-tete","status":"publish","type":"post","link":"https:\/\/lyonbondyblog.fr\/LBB\/c-la-trik-les-blocus-ma-tete\/","title":{"rendered":"\u00ab\u00a0C la trik les blocus, ma t\u00eate !\u00a0\u00bb"},"content":{"rendered":"<p><strong>Lydia, nouvelle r\u00e9dactrice au Lyon Bondy Blog, a suivi les manifestations lyonnaises des lyc\u00e9ens contre la r\u00e9forme de la retraite. C&rsquo;est en direct de la Croix-Rousse qu&rsquo;elle a pu suivre un mouvement compl\u00e8tement d\u00e9sorganis\u00e9&#8230;<\/strong><\/p>\n<div>\u00a0<a href=\"https:\/\/lyonbondyblog.fr\/LBB\/wp-content\/uploads\/2013\/07\/manif_t.jpg\"><img loading=\"lazy\" decoding=\"async\" width=\"193\" height=\"145\" class=\"size-full wp-image-2414 alignright\" alt=\"manif_t\" src=\"https:\/\/lyonbondyblog.fr\/LBB\/wp-content\/uploads\/2013\/07\/manif_t.jpg\" \/><\/a><\/div>\n<div><\/div>\n<p>En parlant de retraite, on \u00e9tait loin de penser que nos jeunes lyc\u00e9ens s\u2019en m\u00ealeraient. En effet, jusqu\u2019\u00e0 aujourd\u2019hui, les manifestants que l&rsquo;on voyait d\u00e9filer ressemblaient surtout \u00e0 des adultes d\u00e9termin\u00e9s aux c\u00f4t\u00e9s de leurs syndicats et r\u00e9citaient haut et fort leur slogan. En bref beaucoup d\u2019agitation en ce mardi 14 octobre 2010. Les lyc\u00e9ens se sont donn\u00e9s pour objectif de bloquer les lyc\u00e9es et surtout de frapper fort.<\/p>\n<p>Hier, c\u2019\u00e9tait une toute autre forme de manifestation que l\u2019on a pu voir sur Lyon et ses banlieues\u00a0: voitures cass\u00e9es, bus caillass\u00e9s, d\u00e9gradations\u2026<\/p>\n<p>Je me suis rendue \u00e0 13 heures au Lyc\u00e9e Jacques Flesselles \u00e0 la Croix-Rousse. A priori, ce n\u2019est pas \u00e0 la Croix-Rousse que l\u2019on pense\u00a0 voir des rang\u00e9es de policiers ou des voitures d\u00e9grad\u00e9es mais en montant progressivement jusqu\u2019au lyc\u00e9e j\u2019ai pu voir les traces de l\u2019agitation du matin.<\/p>\n<p>Reda, 16 ans, \u00e9l\u00e8ve au lyc\u00e9e Flesselles, m\u2019a racont\u00e9 ce qui s\u2019\u00e9tait pass\u00e9 durant la matin\u00e9e. A\u00a0\u00a0dix heures,\u00a0\u00a0des \u00e9l\u00e8ves du lyc\u00e9e voisin, le lyc\u00e9e Diderot, se sont rendus devant son lyc\u00e9e d\u2019abord pour\u00a0ameuter des \u00e9l\u00e8ves et ensuite pour chahuter de plus en plus violemment. Le lyc\u00e9e Flesselles a rapidement baiss\u00e9 les grillages en guise de protection. Le cort\u00e8ge, qui d\u00e9cide alors de bouger en d\u00e9gradant tout ce qui se trouve sur son passage, entame sa descente en ville entre 11h00 et 11h30 encercl\u00e9s par des CRS, des policiers et des vigiles. Ce groupe rejoint sur les Terreaux\u00a0\u00a0un autre rassemblement de lyc\u00e9ens venus d\u2019un peu partout et des environs de Lyon. Des Terreaux \u00e0 la Martini\u00e8re, cet amas de lyc\u00e9ens se fait entendre non sans quelques altercations avec les repr\u00e9sentants des forces de l\u2019ordre.<\/p>\n<p>Reda, mon t\u00e9moin du lyc\u00e9e Flesselles, m\u2019a racont\u00e9 avec effroi ce qu\u2019il a vu se passer \u00e0 c\u00f4t\u00e9 de lui\u00a0:<i> \u00ab\u00a0Je marchais en suivant les autres quand une fille \u00e0 c\u00f4t\u00e9 de moi a cass\u00e9 un panneau publicitaire. Un CRS l\u2019a vu et l\u2019a attrap\u00e9. Son copain qui a vu l\u2019action et qui voulait d\u00e9fendre sa ch\u00e9rie, s\u2019est re\u00e7u un coup de taser dans la poitrine\u00a0\u00bb<\/i><\/p>\n<p>Le cort\u00e8ge se disperse donc \u00e0 la Martini\u00e8re puis se retrouve \u00e0 St -Paul pour finalement stationner sur Bellecour une bonne vingtaine de minutes.\u00a0On peut imaginer dans quelle ambiance s\u2019est d\u00e9roul\u00e9 le mouvement. Mais au fond, ces jeunes savent-ils r\u00e9ellement pourquoi ils \u00e9taient dehors\u00a0?<\/p>\n<p>C\u2019est ce que j&rsquo;ai voulu savoir en interrogeant quelques lyc\u00e9ens comme Charm\u00e8ne, 17 ans\u00a0:\u00a0\u00ab<i>\u00a0Je sais que c\u2019est par rapport \u00e0 ce qui s\u2019est pass\u00e9 mardi et par rapport \u00e0 la retraite. Mais sinc\u00e8rement, les jeunes que je connais et qui ont fait la manif\u2019 ne font pas \u00e7a pour les retraites, c\u2019est juste pour louper les cours et s\u2019amuser\u2026\u00bb<\/i><\/p>\n<p>Louper les cours et s\u2019amuser, c\u2019est peut-\u00eatre pour eux, leur forme de retraite. Une forme de mini retraite sur les cours qu\u2019ils prendraient par le biais de manifestations comme celle-ci. En justifiant cela, tout simplement par l\u2019agitation sociale du moment, l\u2019agitation qui concerne, elle, la r\u00e9forme des retraites.<\/p>\n<p>D&rsquo;autres \u00e9tablissements du second degr\u00e9 ont connu des perturbations. Du cot\u00e9 de Saint-Priest, ce jeudi 14 octobre, des d\u00e9bordements ont aussi eu lieu. Des el\u00e8ves du lyc\u00e9e Forest sont venus \u00ab\u00a0mobiliser\u00a0\u00bb ceux du lyc\u00e9e Condorcet\u00a0: jets de pierre, tentatives d&rsquo;intrusion dans l&rsquo;\u00e9tablissement. Le lyc\u00e9e Condorcet avait \u00e9galement pris la d\u00e9cision de baisser le rideau de la porte d&rsquo;entr\u00e9e pour \u00e9viter tout incident. Dans les classes, les professeurs ont \u00e9loign\u00e9 les \u00e9l\u00e8ves install\u00e9s pr\u00e8s des fen\u00eatres pour pr\u00e9venir bris de glace et autres projectiles. Des membres du personnel du lyc\u00e9e Condorcet ont eu a essuyer des jets de pierre&#8230; Par mesure de s\u00e9curit\u00e9, la Direction a fini par prendre la d\u00e9cision de supprimer les cours de l&rsquo;apr\u00e8s-midi.<\/p>\n<p>Peut-on n\u00e9anmoins dire que ces jeunes lyc\u00e9ens ont une v\u00e9ritable vocation \u00e0 faire entendre leur voix du peuple\u00a0? Apr\u00e8s avoir interrog\u00e9 quelques jeunes, ce n\u2019est pas ce que l\u2019on peut affirmer.\u00a0\u00a0Encore moins, apr\u00e8s m\u2019\u00eatre balad\u00e9e sur plusieurs murs de Facebook o\u00f9 l\u2019on peut lire\u00a0\u00a0texto\u00a0:\u00a0\u00a0<i>\u00ab\u00a0 c la trik les blocus ma t\u00eate\u00a0\u00bb<\/i>\u00a0ou encore\u00a0<i>\u00ab\u00a0w\u00e9 w\u00e9 w\u00e9 tt bloquer pas de cours dans lame\u00a0\u00bb.<\/i><\/p>\n<p>Madame Duperet, 89 ans, \u00e0 la retraite, pense que ces jeunes ont encore le temps de penser \u00e0 leur retraite\u00a0:\u00a0<i>\u00ab\u00a0 d\u2019ici l\u00e0, dites moi combien de fois le r\u00e9gime va changer\u00a0? En tout cas moi, \u00e7a ne me d\u00e9range pas mais il serait pr\u00e9f\u00e9rable qu\u2019ils s\u2019occupent d\u2019abord de leurs \u00e9tudes\u00a0\u00bb.<\/i><\/p>\n<p>J\u2019ai \u00e9galement pos\u00e9 cette question \u00e0 une habitante de la rue Flesselles qui se tenait \u00e0 sa fen\u00eatre. Quand je lui ai demand\u00e9 si elle pensait que les jeunes manifestaient contre la r\u00e9forme des retraites, elle a eu un rire \u00e9touff\u00e9\u2026<\/p>\n<p>En bref,\u00a0\u00a0les lyc\u00e9ens sont-ils assez matures pour s\u2019engager s\u00e9rieusement contre cette r\u00e9forme\u00a0?En voyant les d\u00e9g\u00e2ts caus\u00e9s et la violence de leur mouvement, rien n\u2019est moins s\u00fbr&#8230;<\/p>\n<p>&nbsp;<\/p>\n<p style=\"text-align: right;\"><span style=\"text-decoration: underline;\">Lydia Benaouda<\/span><\/p>\n<!-- AddThis Advanced Settings generic via filter on the_content --><!-- AddThis Share Buttons generic via filter on the_content -->","protected":false},"excerpt":{"rendered":"<p>Lydia, nouvelle r\u00e9dactrice au Lyon Bondy Blog, a suivi les manifestations lyonnaises des lyc\u00e9ens contre la r\u00e9forme de la retraite. C&rsquo;est en direct de la &hellip; <!-- AddThis Advanced Settings generic via filter on wp_trim_excerpt --><!-- AddThis Share Buttons generic via filter on wp_trim_excerpt --><\/p>\n","protected":false},"author":1,"featured_media":2414,"comment_status":"open","ping_status":"open","sticky":false,"template":"","format":"standard","meta":{"_FSMCFIC_featured_image_caption":"","_FSMCFIC_featured_image_nocaption":"","_FSMCFIC_featured_image_hide":"","footnotes":""},"categories":[4],"tags":[10,112,668],"class_list":["post-2413","post","type-post","status-publish","format-standard","has-post-thumbnail","hentry","category-lyon","tag-lyon-2","tag-lyon-bondy-blog","tag-manifestations"],"yoast_head":"<!-- This site is optimized with the Yoast SEO plugin v22.8 - https:\/\/yoast.com\/wordpress\/plugins\/seo\/ -->\n<title>&quot;C la trik les blocus, ma t\u00eate !&quot; - Lyon Bondy Blog<\/title>\n<meta name=\"robots\" content=\"index, follow, max-snippet:-1, max-image-preview:large, max-video-preview:-1\" \/>\n<link rel=\"canonical\" href=\"https:\/\/lyonbondyblog.fr\/LBB\/c-la-trik-les-blocus-ma-tete\/\" \/>\n<meta property=\"og:locale\" content=\"fr_FR\" \/>\n<meta property=\"og:type\" content=\"article\" \/>\n<meta property=\"og:title\" content=\"&quot;C la trik les blocus, ma t\u00eate !&quot; - Lyon Bondy Blog\" \/>\n<meta property=\"og:description\" content=\"Lydia, nouvelle r\u00e9dactrice au Lyon Bondy Blog, a suivi les manifestations lyonnaises des lyc\u00e9ens contre la r\u00e9forme de la retraite. C&rsquo;est en direct de la &hellip;\" \/>\n<meta property=\"og:url\" content=\"https:\/\/lyonbondyblog.fr\/LBB\/c-la-trik-les-blocus-ma-tete\/\" \/>\n<meta property=\"og:site_name\" content=\"Lyon Bondy Blog\" \/>\n<meta property=\"article:publisher\" content=\"https:\/\/www.facebook.com\/lyonbondyblog\" \/>\n<meta property=\"article:author\" content=\"https:\/\/www.facebook.com\/lyonbondyblog\" \/>\n<meta property=\"article:published_time\" content=\"2010-10-15T09:58:20+00:00\" \/>\n<meta property=\"article:modified_time\" content=\"2013-07-31T09:59:56+00:00\" \/>\n<meta property=\"og:image\" content=\"https:\/\/lyonbondyblog.fr\/LBB\/wp-content\/uploads\/2013\/07\/manif_t.jpg\" \/>\n\t<meta property=\"og:image:width\" content=\"193\" \/>\n\t<meta property=\"og:image:height\" content=\"145\" \/>\n\t<meta property=\"og:image:type\" content=\"image\/jpeg\" \/>\n<meta name=\"author\" content=\"La r\u00e9daction\" \/>\n<meta name=\"twitter:card\" content=\"summary_large_image\" \/>\n<meta name=\"twitter:creator\" content=\"@BondyBlogLyon\" \/>\n<meta name=\"twitter:site\" content=\"@bondybloglyon\" \/>\n<script type=\"application\/ld+json\" class=\"yoast-schema-graph\">{\"@context\":\"https:\/\/schema.org\",\"@graph\":[{\"@type\":\"Article\",\"@id\":\"https:\/\/lyonbondyblog.fr\/LBB\/c-la-trik-les-blocus-ma-tete\/#article\",\"isPartOf\":{\"@id\":\"https:\/\/lyonbondyblog.fr\/LBB\/c-la-trik-les-blocus-ma-tete\/\"},\"author\":{\"name\":\"La r\u00e9daction\",\"@id\":\"https:\/\/lyonbondyblog.fr\/LBB\/#\/schema\/person\/e45f8d27baac75072daa0be50c409b25\"},\"headline\":\"\u00ab\u00a0C la trik les blocus, ma t\u00eate !\u00a0\u00bb\",\"datePublished\":\"2010-10-15T09:58:20+00:00\",\"dateModified\":\"2013-07-31T09:59:56+00:00\",\"mainEntityOfPage\":{\"@id\":\"https:\/\/lyonbondyblog.fr\/LBB\/c-la-trik-les-blocus-ma-tete\/\"},\"wordCount\":956,\"commentCount\":0,\"publisher\":{\"@id\":\"https:\/\/lyonbondyblog.fr\/LBB\/#organization\"},\"image\":{\"@id\":\"https:\/\/lyonbondyblog.fr\/LBB\/c-la-trik-les-blocus-ma-tete\/#primaryimage\"},\"thumbnailUrl\":\"https:\/\/lyonbondyblog.fr\/LBB\/wp-content\/uploads\/2013\/07\/manif_t.jpg\",\"keywords\":[\"lyon\",\"Lyon Bondy Blog\",\"manifestations\"],\"articleSection\":[\"Lyon\"],\"inLanguage\":\"fr-FR\",\"potentialAction\":[{\"@type\":\"CommentAction\",\"name\":\"Comment\",\"target\":[\"https:\/\/lyonbondyblog.fr\/LBB\/c-la-trik-les-blocus-ma-tete\/#respond\"]}]},{\"@type\":\"WebPage\",\"@id\":\"https:\/\/lyonbondyblog.fr\/LBB\/c-la-trik-les-blocus-ma-tete\/\",\"url\":\"https:\/\/lyonbondyblog.fr\/LBB\/c-la-trik-les-blocus-ma-tete\/\",\"name\":\"\\\"C la trik les blocus, ma t\u00eate !\\\" - Lyon Bondy Blog\",\"isPartOf\":{\"@id\":\"https:\/\/lyonbondyblog.fr\/LBB\/#website\"},\"primaryImageOfPage\":{\"@id\":\"https:\/\/lyonbondyblog.fr\/LBB\/c-la-trik-les-blocus-ma-tete\/#primaryimage\"},\"image\":{\"@id\":\"https:\/\/lyonbondyblog.fr\/LBB\/c-la-trik-les-blocus-ma-tete\/#primaryimage\"},\"thumbnailUrl\":\"https:\/\/lyonbondyblog.fr\/LBB\/wp-content\/uploads\/2013\/07\/manif_t.jpg\",\"datePublished\":\"2010-10-15T09:58:20+00:00\",\"dateModified\":\"2013-07-31T09:59:56+00:00\",\"inLanguage\":\"fr-FR\",\"potentialAction\":[{\"@type\":\"ReadAction\",\"target\":[\"https:\/\/lyonbondyblog.fr\/LBB\/c-la-trik-les-blocus-ma-tete\/\"]}]},{\"@type\":\"ImageObject\",\"inLanguage\":\"fr-FR\",\"@id\":\"https:\/\/lyonbondyblog.fr\/LBB\/c-la-trik-les-blocus-ma-tete\/#primaryimage\",\"url\":\"https:\/\/lyonbondyblog.fr\/LBB\/wp-content\/uploads\/2013\/07\/manif_t.jpg\",\"contentUrl\":\"https:\/\/lyonbondyblog.fr\/LBB\/wp-content\/uploads\/2013\/07\/manif_t.jpg\",\"width\":193,\"height\":145},{\"@type\":\"WebSite\",\"@id\":\"https:\/\/lyonbondyblog.fr\/LBB\/#website\",\"url\":\"https:\/\/lyonbondyblog.fr\/LBB\/\",\"name\":\"Lyon Bondy Blog\",\"description\":\"\",\"publisher\":{\"@id\":\"https:\/\/lyonbondyblog.fr\/LBB\/#organization\"},\"potentialAction\":[{\"@type\":\"SearchAction\",\"target\":{\"@type\":\"EntryPoint\",\"urlTemplate\":\"https:\/\/lyonbondyblog.fr\/LBB\/?s={search_term_string}\"},\"query-input\":\"required name=search_term_string\"}],\"inLanguage\":\"fr-FR\"},{\"@type\":\"Organization\",\"@id\":\"https:\/\/lyonbondyblog.fr\/LBB\/#organization\",\"name\":\"LYON BONDY BLOG\",\"url\":\"https:\/\/lyonbondyblog.fr\/LBB\/\",\"logo\":{\"@type\":\"ImageObject\",\"inLanguage\":\"fr-FR\",\"@id\":\"https:\/\/lyonbondyblog.fr\/LBB\/#\/schema\/logo\/image\/\",\"url\":\"http:\/\/lyonbondyblog.fr\/LBB\/wp-content\/uploads\/2014\/10\/logo-portable-144.png\",\"contentUrl\":\"http:\/\/lyonbondyblog.fr\/LBB\/wp-content\/uploads\/2014\/10\/logo-portable-144.png\",\"width\":144,\"height\":123,\"caption\":\"LYON BONDY BLOG\"},\"image\":{\"@id\":\"https:\/\/lyonbondyblog.fr\/LBB\/#\/schema\/logo\/image\/\"},\"sameAs\":[\"https:\/\/www.facebook.com\/lyonbondyblog\",\"https:\/\/x.com\/bondybloglyon\"]},{\"@type\":\"Person\",\"@id\":\"https:\/\/lyonbondyblog.fr\/LBB\/#\/schema\/person\/e45f8d27baac75072daa0be50c409b25\",\"name\":\"La r\u00e9daction\",\"description\":\"Cr\u00e9e en 2008, la r\u00e9daction du Lyon Bondy Blog s'applique \u00e0 proposer une information locale diff\u00e9rente et compl\u00e9mentaire des m\u00e9dias traditionnels.\",\"sameAs\":[\"https:\/\/www.facebook.com\/lyonbondyblog\",\"https:\/\/x.com\/BondyBlogLyon\"],\"url\":\"https:\/\/lyonbondyblog.fr\/LBB\/author\/admin\/\"}]}<\/script>\n<!-- \/ Yoast SEO plugin. -->","yoast_head_json":{"title":"\"C la trik les blocus, ma t\u00eate !\" - Lyon Bondy Blog","robots":{"index":"index","follow":"follow","max-snippet":"max-snippet:-1","max-image-preview":"max-image-preview:large","max-video-preview":"max-video-preview:-1"},"canonical":"https:\/\/lyonbondyblog.fr\/LBB\/c-la-trik-les-blocus-ma-tete\/","og_locale":"fr_FR","og_type":"article","og_title":"\"C la trik les blocus, ma t\u00eate !\" - Lyon Bondy Blog","og_description":"Lydia, nouvelle r\u00e9dactrice au Lyon Bondy Blog, a suivi les manifestations lyonnaises des lyc\u00e9ens contre la r\u00e9forme de la retraite. C&rsquo;est en direct de la &hellip;","og_url":"https:\/\/lyonbondyblog.fr\/LBB\/c-la-trik-les-blocus-ma-tete\/","og_site_name":"Lyon Bondy Blog","article_publisher":"https:\/\/www.facebook.com\/lyonbondyblog","article_author":"https:\/\/www.facebook.com\/lyonbondyblog","article_published_time":"2010-10-15T09:58:20+00:00","article_modified_time":"2013-07-31T09:59:56+00:00","og_image":[{"width":193,"height":145,"url":"https:\/\/lyonbondyblog.fr\/LBB\/wp-content\/uploads\/2013\/07\/manif_t.jpg","type":"image\/jpeg"}],"author":"La r\u00e9daction","twitter_card":"summary_large_image","twitter_creator":"@BondyBlogLyon","twitter_site":"@bondybloglyon","schema":{"@context":"https:\/\/schema.org","@graph":[{"@type":"Article","@id":"https:\/\/lyonbondyblog.fr\/LBB\/c-la-trik-les-blocus-ma-tete\/#article","isPartOf":{"@id":"https:\/\/lyonbondyblog.fr\/LBB\/c-la-trik-les-blocus-ma-tete\/"},"author":{"name":"La r\u00e9daction","@id":"https:\/\/lyonbondyblog.fr\/LBB\/#\/schema\/person\/e45f8d27baac75072daa0be50c409b25"},"headline":"\u00ab\u00a0C la trik les blocus, ma t\u00eate !\u00a0\u00bb","datePublished":"2010-10-15T09:58:20+00:00","dateModified":"2013-07-31T09:59:56+00:00","mainEntityOfPage":{"@id":"https:\/\/lyonbondyblog.fr\/LBB\/c-la-trik-les-blocus-ma-tete\/"},"wordCount":956,"commentCount":0,"publisher":{"@id":"https:\/\/lyonbondyblog.fr\/LBB\/#organization"},"image":{"@id":"https:\/\/lyonbondyblog.fr\/LBB\/c-la-trik-les-blocus-ma-tete\/#primaryimage"},"thumbnailUrl":"https:\/\/lyonbondyblog.fr\/LBB\/wp-content\/uploads\/2013\/07\/manif_t.jpg","keywords":["lyon","Lyon Bondy Blog","manifestations"],"articleSection":["Lyon"],"inLanguage":"fr-FR","potentialAction":[{"@type":"CommentAction","name":"Comment","target":["https:\/\/lyonbondyblog.fr\/LBB\/c-la-trik-les-blocus-ma-tete\/#respond"]}]},{"@type":"WebPage","@id":"https:\/\/lyonbondyblog.fr\/LBB\/c-la-trik-les-blocus-ma-tete\/","url":"https:\/\/lyonbondyblog.fr\/LBB\/c-la-trik-les-blocus-ma-tete\/","name":"\"C la trik les blocus, ma t\u00eate !\" - Lyon Bondy Blog","isPartOf":{"@id":"https:\/\/lyonbondyblog.fr\/LBB\/#website"},"primaryImageOfPage":{"@id":"https:\/\/lyonbondyblog.fr\/LBB\/c-la-trik-les-blocus-ma-tete\/#primaryimage"},"image":{"@id":"https:\/\/lyonbondyblog.fr\/LBB\/c-la-trik-les-blocus-ma-tete\/#primaryimage"},"thumbnailUrl":"https:\/\/lyonbondyblog.fr\/LBB\/wp-content\/uploads\/2013\/07\/manif_t.jpg","datePublished":"2010-10-15T09:58:20+00:00","dateModified":"2013-07-31T09:59:56+00:00","inLanguage":"fr-FR","potentialAction":[{"@type":"ReadAction","target":["https:\/\/lyonbondyblog.fr\/LBB\/c-la-trik-les-blocus-ma-tete\/"]}]},{"@type":"ImageObject","inLanguage":"fr-FR","@id":"https:\/\/lyonbondyblog.fr\/LBB\/c-la-trik-les-blocus-ma-tete\/#primaryimage","url":"https:\/\/lyonbondyblog.fr\/LBB\/wp-content\/uploads\/2013\/07\/manif_t.jpg","contentUrl":"https:\/\/lyonbondyblog.fr\/LBB\/wp-content\/uploads\/2013\/07\/manif_t.jpg","width":193,"height":145},{"@type":"WebSite","@id":"https:\/\/lyonbondyblog.fr\/LBB\/#website","url":"https:\/\/lyonbondyblog.fr\/LBB\/","name":"Lyon Bondy Blog","description":"","publisher":{"@id":"https:\/\/lyonbondyblog.fr\/LBB\/#organization"},"potentialAction":[{"@type":"SearchAction","target":{"@type":"EntryPoint","urlTemplate":"https:\/\/lyonbondyblog.fr\/LBB\/?s={search_term_string}"},"query-input":"required name=search_term_string"}],"inLanguage":"fr-FR"},{"@type":"Organization","@id":"https:\/\/lyonbondyblog.fr\/LBB\/#organization","name":"LYON BONDY BLOG","url":"https:\/\/lyonbondyblog.fr\/LBB\/","logo":{"@type":"ImageObject","inLanguage":"fr-FR","@id":"https:\/\/lyonbondyblog.fr\/LBB\/#\/schema\/logo\/image\/","url":"http:\/\/lyonbondyblog.fr\/LBB\/wp-content\/uploads\/2014\/10\/logo-portable-144.png","contentUrl":"http:\/\/lyonbondyblog.fr\/LBB\/wp-content\/uploads\/2014\/10\/logo-portable-144.png","width":144,"height":123,"caption":"LYON BONDY BLOG"},"image":{"@id":"https:\/\/lyonbondyblog.fr\/LBB\/#\/schema\/logo\/image\/"},"sameAs":["https:\/\/www.facebook.com\/lyonbondyblog","https:\/\/x.com\/bondybloglyon"]},{"@type":"Person","@id":"https:\/\/lyonbondyblog.fr\/LBB\/#\/schema\/person\/e45f8d27baac75072daa0be50c409b25","name":"La r\u00e9daction","description":"Cr\u00e9e en 2008, la r\u00e9daction du Lyon Bondy Blog s'applique \u00e0 proposer une information locale diff\u00e9rente et compl\u00e9mentaire des m\u00e9dias traditionnels.","sameAs":["https:\/\/www.facebook.com\/lyonbondyblog","https:\/\/x.com\/BondyBlogLyon"],"url":"https:\/\/lyonbondyblog.fr\/LBB\/author\/admin\/"}]}},"_links":{"self":[{"href":"https:\/\/lyonbondyblog.fr\/LBB\/wp-json\/wp\/v2\/posts\/2413","targetHints":{"allow":["GET"]}}],"collection":[{"href":"https:\/\/lyonbondyblog.fr\/LBB\/wp-json\/wp\/v2\/posts"}],"about":[{"href":"https:\/\/lyonbondyblog.fr\/LBB\/wp-json\/wp\/v2\/types\/post"}],"author":[{"embeddable":true,"href":"https:\/\/lyonbondyblog.fr\/LBB\/wp-json\/wp\/v2\/users\/1"}],"replies":[{"embeddable":true,"href":"https:\/\/lyonbondyblog.fr\/LBB\/wp-json\/wp\/v2\/comments?post=2413"}],"version-history":[{"count":0,"href":"https:\/\/lyonbondyblog.fr\/LBB\/wp-json\/wp\/v2\/posts\/2413\/revisions"}],"wp:featuredmedia":[{"embeddable":true,"href":"https:\/\/lyonbondyblog.fr\/LBB\/wp-json\/wp\/v2\/media\/2414"}],"wp:attachment":[{"href":"https:\/\/lyonbondyblog.fr\/LBB\/wp-json\/wp\/v2\/media?parent=2413"}],"wp:term":[{"taxonomy":"category","embeddable":true,"href":"https:\/\/lyonbondyblog.fr\/LBB\/wp-json\/wp\/v2\/categories?post=2413"},{"taxonomy":"post_tag","embeddable":true,"href":"https:\/\/lyonbondyblog.fr\/LBB\/wp-json\/wp\/v2\/tags?post=2413"}],"curies":[{"name":"wp","href":"https:\/\/api.w.org\/{rel}","templated":true}]}}