{"id":24116,"date":"2021-06-29T17:00:36","date_gmt":"2021-06-29T15:00:36","guid":{"rendered":"http:\/\/lyonbondyblog.fr\/LBB\/?p=24116"},"modified":"2021-07-05T14:25:14","modified_gmt":"2021-07-05T12:25:14","slug":"le-metier-deboueur-sur-twitter","status":"publish","type":"post","link":"https:\/\/lyonbondyblog.fr\/LBB\/le-metier-deboueur-sur-twitter\/","title":{"rendered":"Le quotidien d\u2019un \u00e9boueur lyonnais sur Twitter"},"content":{"rendered":"\n<h4 class=\"wp-block-heading\">Apr\u00e8s le d\u00e9confinement et la lev\u00e9e des restrictions, les Lyonnais ont tout naturellement repris leur rythme de vie: festif, joyeux et vivant. Libert\u00e9 retrouv\u00e9e rime avec charge suppl\u00e9mentaire de d\u00e9chets, dont la collecte est assur\u00e9e par des agents de propret\u00e9 urbaine.<\/h4>\n\n\n\n<div class=\"wp-block-image\"><figure class=\"aligncenter size-large\"><img loading=\"lazy\" decoding=\"async\" width=\"768\" height=\"514\" src=\"https:\/\/lyonbondyblog.fr\/LBB\/wp-content\/uploads\/2021\/06\/ExFYifVWQAEGLxB-1.jpeg\" alt=\"\u00c9boueurs de la M\u00e9tropole de Lyon- Cr\u00e9dit : Twitter &quot;Eboueurs de Lyon&quot;\" class=\"wp-image-24124\" srcset=\"https:\/\/lyonbondyblog.fr\/LBB\/wp-content\/uploads\/2021\/06\/ExFYifVWQAEGLxB-1.jpeg 768w, https:\/\/lyonbondyblog.fr\/LBB\/wp-content\/uploads\/2021\/06\/ExFYifVWQAEGLxB-1-272x182.jpeg 272w\" sizes=\"auto, (max-width: 768px) 100vw, 768px\" \/><figcaption>Des \u00e9boueurs de la M\u00e9tropole de Lyon &#8211; Cr\u00e9dit : compte Twitter \u00ab\u00a0Eboueurs de Lyon\u00a0\u00bb<\/figcaption><\/figure><\/div>\n\n\n\n<p>Florian, 32 ans, jeune Lyonnais, \u00e9boueur depuis trois ans et propri\u00e9taire <a href=\"https:\/\/twitter.com\/eboueursdelyon?s=20\">du compte Twitter \u00ab\u00a0Eboueurs de Lyon\u00a0\u00bb <\/a>depuis le premier confinement. Il partage quotidiennement et de mani\u00e8re positive les diff\u00e9rents aspects de sa profession.<a href=\"https:\/\/twitter.com\/eboueursdelyon\/status\/1408359608415043584\"> Astuces et conseils pour faire un tri parfait<\/a>, coups de gueule quant aux d\u00e9chets d\u00e9laiss\u00e9s sur la voie publique ou encore des moments de bonheur, des clich\u00e9s avant et apr\u00e8s son passage.<\/p>\n\n\n\n<figure class=\"wp-block-embed aligncenter is-type-rich is-provider-twitter wp-block-embed-twitter\"><div class=\"wp-block-embed__wrapper\">\nhttps:\/\/twitter.com\/eboueursdelyon\/status\/1409779447096565763\n<\/div><\/figure>\n\n\n\n<h4 class=\"wp-block-heading\">\u00c9boueurs : en premi\u00e8re ligne face au Covid-19<\/h4>\n\n\n\n<p>Selon Florian, il y a eu deux temps. D\u00e9but de la pand\u00e9mie et premier d\u00e9confinement. \u00ab\u00a0Lors du premier confinement, les gens passaient davantage de temps chez eux. \u00c0 ce moment, ils \u00e9taient soucieux de l\u2019environnement, pr\u00e9occup\u00e9s par la collecte et le tri des d\u00e9chets, mais depuis \u00e7a s\u2019est d\u00e9grad\u00e9.\u00a0\u00bb La fin du\u00a0 premier confinement \u00e9tait un moment cl\u00e9 pour notre \u00e9boueur, \u00a0\u00ab\u00a0une prise de conscience a apparu pour aussit\u00f4t dispara\u00eetre avec le retour \u00e0 un semblable de normalit\u00e9 \u00bb\u00a0 affirme-t-il.<\/p>\n\n\n\n<p>Bien que le regard de la population sur les agents de propret\u00e9 ait chang\u00e9 au printemps dernier, le retour \u00e0 la r\u00e9alit\u00e9 \u00e9tait brutal, \u00ab\u00a0On a eu plus de \u00a0situations d&rsquo;accrochages ces derniers temps qu&rsquo;on pouvait avoir pendant ou avant la crise\u00a0sanitaire \u00bb regrette-t-il.<\/p>\n\n\n\n<p><br>\u00ab\u00a0Dans les lieux de regroupement, les gens ont peu envie de se casser la t\u00eate. En quittant les lieux, ils laissent tout sur place, notamment sur les quais du Rh\u00f4ne ou de la Sa\u00f4ne\u00a0\u00bb atteste Florian. En effet, <a href=\"https:\/\/twitter.com\/DavidKimelfeld\/status\/1267823196478124040\">ce fl\u00e9au d\u2019incivilit\u00e9 est particuli\u00e8rement pr\u00e9sent sur les quais<\/a>, et a fait l\u2019objet d\u2019une contestation pendant l\u2019\u00e9t\u00e9 2020. La m\u00e9tropole de Lyon avait publi\u00e9 un communiqu\u00e9 pour appeler \u00e0 l\u2019ordre, \u00ab\u00a0au-del\u00e0 de la l\u00e9gitime envie de profiter de sa libert\u00e9 retrouv\u00e9e, il est imp\u00e9ratif que chacun respecte les espaces publics\u00a0\u00bb,\u00a0 avait d\u00e9clar\u00e9 David Kimelfeld, l&rsquo;ancien pr\u00e9sident de la m\u00e9tropole.<\/p>\n\n\n\n<h4 class=\"wp-block-heading\">Twitter pour lutter contre la stigmatisation<\/h4>\n\n\n\n<p>Interrog\u00e9 sur l\u2019origine de son compte Twitter, Florian explique que le confinement a \u00e9t\u00e9 un vrai d\u00e9clic, \u00ab\u00a0lors du premier confinement, j&rsquo;\u00e9tais \u00e9tonn\u00e9 que <a href=\"https:\/\/www.expressions-venissieux.fr\/2020-03-27-les-eboueurs-en-premiere-ligne-desormais-certains-nous-applaudissent\/\">les gens nous applaudissent et nous remercient<\/a>, on nous donnait des bouteilles d\u2019eau, on avait droit \u00e0 des dessins, \u00e0 des sourires. C\u2019\u00e9tait la premi\u00e8re fois qu&rsquo;on parle de mani\u00e8re positive de notre m\u00e9tier et c\u2019est de l\u00e0 que l&rsquo;envie de partager mon quotidien est venue\u00a0\u00bb.<\/p>\n\n\n\n<p>Suivi par \u00e0 peu pr\u00e8s 729 abonn\u00e9s, l\u2019agent de collecte re\u00e7oit majoritairement des messages bienveillants et des questions en rapport avec le fonctionnement du m\u00e9tier. Cependant, il n\u2019\u00e9chappe pas aux sollicitations de citoyens jugeant que leur quartier n&rsquo;est pas assez propre.<\/p>\n\n\n\n<p>Se confiant sur son ressenti, l\u2019\u00e9cart entre r\u00e9actions virtuelles et \u00e9changes dans la vie r\u00e9elle est notable, \u00ab&nbsp;dans la rue, c\u2019est diff\u00e8rent.&nbsp; Il y a un regard, une stigmatisation du r\u00f4le de l\u2019\u00e9boueur qui est d\u00e9plaisante&nbsp;\u00bb d\u00e9plore le jeune trentenaire.<\/p>\n\n\n\n<p>Zineb El Mountassir<\/p>\n<!-- AddThis Advanced Settings generic via filter on the_content --><!-- AddThis Share Buttons generic via filter on the_content -->","protected":false},"excerpt":{"rendered":"<p>Apr\u00e8s le d\u00e9confinement et la lev\u00e9e des restrictions, les Lyonnais ont tout naturellement repris leur rythme de vie: festif, joyeux et vivant. Libert\u00e9 retrouv\u00e9e rime &hellip; <!-- AddThis Advanced Settings generic via filter on wp_trim_excerpt --><!-- AddThis Share Buttons generic via filter on wp_trim_excerpt --><\/p>\n","protected":false},"author":1,"featured_media":24124,"comment_status":"open","ping_status":"open","sticky":false,"template":"","format":"standard","meta":{"_FSMCFIC_featured_image_caption":"","_FSMCFIC_featured_image_nocaption":"","_FSMCFIC_featured_image_hide":"","footnotes":""},"categories":[6446,4,22015,2],"tags":[],"class_list":["post-24116","post","type-post","status-publish","format-standard","has-post-thumbnail","hentry","category-ecologie","category-lyon","category-metropole","category-societe"],"yoast_head":"<!-- This site is optimized with the Yoast SEO plugin v22.8 - https:\/\/yoast.com\/wordpress\/plugins\/seo\/ -->\n<title>Le quotidien d\u2019un \u00e9boueur lyonnais sur Twitter - Lyon Bondy Blog<\/title>\n<meta name=\"robots\" content=\"index, follow, max-snippet:-1, max-image-preview:large, max-video-preview:-1\" \/>\n<link rel=\"canonical\" href=\"https:\/\/lyonbondyblog.fr\/LBB\/le-metier-deboueur-sur-twitter\/\" \/>\n<meta property=\"og:locale\" content=\"fr_FR\" \/>\n<meta property=\"og:type\" content=\"article\" \/>\n<meta property=\"og:title\" content=\"Le quotidien d\u2019un \u00e9boueur lyonnais sur Twitter - Lyon Bondy Blog\" \/>\n<meta property=\"og:description\" content=\"Apr\u00e8s le d\u00e9confinement et la lev\u00e9e des restrictions, les Lyonnais ont tout naturellement repris leur rythme de vie: festif, joyeux et vivant. Libert\u00e9 retrouv\u00e9e rime &hellip;\" \/>\n<meta property=\"og:url\" content=\"https:\/\/lyonbondyblog.fr\/LBB\/le-metier-deboueur-sur-twitter\/\" \/>\n<meta property=\"og:site_name\" content=\"Lyon Bondy Blog\" \/>\n<meta property=\"article:publisher\" content=\"https:\/\/www.facebook.com\/lyonbondyblog\" \/>\n<meta property=\"article:author\" content=\"https:\/\/www.facebook.com\/lyonbondyblog\" \/>\n<meta property=\"article:published_time\" content=\"2021-06-29T15:00:36+00:00\" \/>\n<meta property=\"article:modified_time\" content=\"2021-07-05T12:25:14+00:00\" \/>\n<meta property=\"og:image\" content=\"https:\/\/lyonbondyblog.fr\/LBB\/wp-content\/uploads\/2021\/06\/ExFYifVWQAEGLxB-1.jpeg\" \/>\n\t<meta property=\"og:image:width\" content=\"768\" \/>\n\t<meta property=\"og:image:height\" content=\"514\" \/>\n\t<meta property=\"og:image:type\" content=\"image\/jpeg\" \/>\n<meta name=\"author\" content=\"La r\u00e9daction\" \/>\n<meta name=\"twitter:card\" content=\"summary_large_image\" \/>\n<meta name=\"twitter:creator\" content=\"@BondyBlogLyon\" \/>\n<meta name=\"twitter:site\" content=\"@bondybloglyon\" \/>\n<script type=\"application\/ld+json\" class=\"yoast-schema-graph\">{\"@context\":\"https:\/\/schema.org\",\"@graph\":[{\"@type\":\"Article\",\"@id\":\"https:\/\/lyonbondyblog.fr\/LBB\/le-metier-deboueur-sur-twitter\/#article\",\"isPartOf\":{\"@id\":\"https:\/\/lyonbondyblog.fr\/LBB\/le-metier-deboueur-sur-twitter\/\"},\"author\":{\"name\":\"La r\u00e9daction\",\"@id\":\"https:\/\/lyonbondyblog.fr\/LBB\/#\/schema\/person\/e45f8d27baac75072daa0be50c409b25\"},\"headline\":\"Le quotidien d\u2019un \u00e9boueur lyonnais sur Twitter\",\"datePublished\":\"2021-06-29T15:00:36+00:00\",\"dateModified\":\"2021-07-05T12:25:14+00:00\",\"mainEntityOfPage\":{\"@id\":\"https:\/\/lyonbondyblog.fr\/LBB\/le-metier-deboueur-sur-twitter\/\"},\"wordCount\":586,\"commentCount\":0,\"publisher\":{\"@id\":\"https:\/\/lyonbondyblog.fr\/LBB\/#organization\"},\"image\":{\"@id\":\"https:\/\/lyonbondyblog.fr\/LBB\/le-metier-deboueur-sur-twitter\/#primaryimage\"},\"thumbnailUrl\":\"https:\/\/lyonbondyblog.fr\/LBB\/wp-content\/uploads\/2021\/06\/ExFYifVWQAEGLxB-1.jpeg\",\"articleSection\":[\"\u00c9cologie\",\"Lyon\",\"M\u00e9tropole\",\"Soci\u00e9t\u00e9\"],\"inLanguage\":\"fr-FR\",\"potentialAction\":[{\"@type\":\"CommentAction\",\"name\":\"Comment\",\"target\":[\"https:\/\/lyonbondyblog.fr\/LBB\/le-metier-deboueur-sur-twitter\/#respond\"]}]},{\"@type\":\"WebPage\",\"@id\":\"https:\/\/lyonbondyblog.fr\/LBB\/le-metier-deboueur-sur-twitter\/\",\"url\":\"https:\/\/lyonbondyblog.fr\/LBB\/le-metier-deboueur-sur-twitter\/\",\"name\":\"Le quotidien d\u2019un \u00e9boueur lyonnais sur Twitter - Lyon Bondy Blog\",\"isPartOf\":{\"@id\":\"https:\/\/lyonbondyblog.fr\/LBB\/#website\"},\"primaryImageOfPage\":{\"@id\":\"https:\/\/lyonbondyblog.fr\/LBB\/le-metier-deboueur-sur-twitter\/#primaryimage\"},\"image\":{\"@id\":\"https:\/\/lyonbondyblog.fr\/LBB\/le-metier-deboueur-sur-twitter\/#primaryimage\"},\"thumbnailUrl\":\"https:\/\/lyonbondyblog.fr\/LBB\/wp-content\/uploads\/2021\/06\/ExFYifVWQAEGLxB-1.jpeg\",\"datePublished\":\"2021-06-29T15:00:36+00:00\",\"dateModified\":\"2021-07-05T12:25:14+00:00\",\"inLanguage\":\"fr-FR\",\"potentialAction\":[{\"@type\":\"ReadAction\",\"target\":[\"https:\/\/lyonbondyblog.fr\/LBB\/le-metier-deboueur-sur-twitter\/\"]}]},{\"@type\":\"ImageObject\",\"inLanguage\":\"fr-FR\",\"@id\":\"https:\/\/lyonbondyblog.fr\/LBB\/le-metier-deboueur-sur-twitter\/#primaryimage\",\"url\":\"https:\/\/lyonbondyblog.fr\/LBB\/wp-content\/uploads\/2021\/06\/ExFYifVWQAEGLxB-1.jpeg\",\"contentUrl\":\"https:\/\/lyonbondyblog.fr\/LBB\/wp-content\/uploads\/2021\/06\/ExFYifVWQAEGLxB-1.jpeg\",\"width\":768,\"height\":514,\"caption\":\"DR\"},{\"@type\":\"WebSite\",\"@id\":\"https:\/\/lyonbondyblog.fr\/LBB\/#website\",\"url\":\"https:\/\/lyonbondyblog.fr\/LBB\/\",\"name\":\"Lyon Bondy Blog\",\"description\":\"\",\"publisher\":{\"@id\":\"https:\/\/lyonbondyblog.fr\/LBB\/#organization\"},\"potentialAction\":[{\"@type\":\"SearchAction\",\"target\":{\"@type\":\"EntryPoint\",\"urlTemplate\":\"https:\/\/lyonbondyblog.fr\/LBB\/?s={search_term_string}\"},\"query-input\":\"required name=search_term_string\"}],\"inLanguage\":\"fr-FR\"},{\"@type\":\"Organization\",\"@id\":\"https:\/\/lyonbondyblog.fr\/LBB\/#organization\",\"name\":\"LYON BONDY BLOG\",\"url\":\"https:\/\/lyonbondyblog.fr\/LBB\/\",\"logo\":{\"@type\":\"ImageObject\",\"inLanguage\":\"fr-FR\",\"@id\":\"https:\/\/lyonbondyblog.fr\/LBB\/#\/schema\/logo\/image\/\",\"url\":\"http:\/\/lyonbondyblog.fr\/LBB\/wp-content\/uploads\/2014\/10\/logo-portable-144.png\",\"contentUrl\":\"http:\/\/lyonbondyblog.fr\/LBB\/wp-content\/uploads\/2014\/10\/logo-portable-144.png\",\"width\":144,\"height\":123,\"caption\":\"LYON BONDY BLOG\"},\"image\":{\"@id\":\"https:\/\/lyonbondyblog.fr\/LBB\/#\/schema\/logo\/image\/\"},\"sameAs\":[\"https:\/\/www.facebook.com\/lyonbondyblog\",\"https:\/\/x.com\/bondybloglyon\"]},{\"@type\":\"Person\",\"@id\":\"https:\/\/lyonbondyblog.fr\/LBB\/#\/schema\/person\/e45f8d27baac75072daa0be50c409b25\",\"name\":\"La r\u00e9daction\",\"description\":\"Cr\u00e9e en 2008, la r\u00e9daction du Lyon Bondy Blog s'applique \u00e0 proposer une information locale diff\u00e9rente et compl\u00e9mentaire des m\u00e9dias traditionnels.\",\"sameAs\":[\"https:\/\/www.facebook.com\/lyonbondyblog\",\"https:\/\/x.com\/BondyBlogLyon\"],\"url\":\"https:\/\/lyonbondyblog.fr\/LBB\/author\/admin\/\"}]}<\/script>\n<!-- \/ Yoast SEO plugin. -->","yoast_head_json":{"title":"Le quotidien d\u2019un \u00e9boueur lyonnais sur Twitter - Lyon Bondy Blog","robots":{"index":"index","follow":"follow","max-snippet":"max-snippet:-1","max-image-preview":"max-image-preview:large","max-video-preview":"max-video-preview:-1"},"canonical":"https:\/\/lyonbondyblog.fr\/LBB\/le-metier-deboueur-sur-twitter\/","og_locale":"fr_FR","og_type":"article","og_title":"Le quotidien d\u2019un \u00e9boueur lyonnais sur Twitter - Lyon Bondy Blog","og_description":"Apr\u00e8s le d\u00e9confinement et la lev\u00e9e des restrictions, les Lyonnais ont tout naturellement repris leur rythme de vie: festif, joyeux et vivant. Libert\u00e9 retrouv\u00e9e rime &hellip;","og_url":"https:\/\/lyonbondyblog.fr\/LBB\/le-metier-deboueur-sur-twitter\/","og_site_name":"Lyon Bondy Blog","article_publisher":"https:\/\/www.facebook.com\/lyonbondyblog","article_author":"https:\/\/www.facebook.com\/lyonbondyblog","article_published_time":"2021-06-29T15:00:36+00:00","article_modified_time":"2021-07-05T12:25:14+00:00","og_image":[{"width":768,"height":514,"url":"https:\/\/lyonbondyblog.fr\/LBB\/wp-content\/uploads\/2021\/06\/ExFYifVWQAEGLxB-1.jpeg","type":"image\/jpeg"}],"author":"La r\u00e9daction","twitter_card":"summary_large_image","twitter_creator":"@BondyBlogLyon","twitter_site":"@bondybloglyon","schema":{"@context":"https:\/\/schema.org","@graph":[{"@type":"Article","@id":"https:\/\/lyonbondyblog.fr\/LBB\/le-metier-deboueur-sur-twitter\/#article","isPartOf":{"@id":"https:\/\/lyonbondyblog.fr\/LBB\/le-metier-deboueur-sur-twitter\/"},"author":{"name":"La r\u00e9daction","@id":"https:\/\/lyonbondyblog.fr\/LBB\/#\/schema\/person\/e45f8d27baac75072daa0be50c409b25"},"headline":"Le quotidien d\u2019un \u00e9boueur lyonnais sur Twitter","datePublished":"2021-06-29T15:00:36+00:00","dateModified":"2021-07-05T12:25:14+00:00","mainEntityOfPage":{"@id":"https:\/\/lyonbondyblog.fr\/LBB\/le-metier-deboueur-sur-twitter\/"},"wordCount":586,"commentCount":0,"publisher":{"@id":"https:\/\/lyonbondyblog.fr\/LBB\/#organization"},"image":{"@id":"https:\/\/lyonbondyblog.fr\/LBB\/le-metier-deboueur-sur-twitter\/#primaryimage"},"thumbnailUrl":"https:\/\/lyonbondyblog.fr\/LBB\/wp-content\/uploads\/2021\/06\/ExFYifVWQAEGLxB-1.jpeg","articleSection":["\u00c9cologie","Lyon","M\u00e9tropole","Soci\u00e9t\u00e9"],"inLanguage":"fr-FR","potentialAction":[{"@type":"CommentAction","name":"Comment","target":["https:\/\/lyonbondyblog.fr\/LBB\/le-metier-deboueur-sur-twitter\/#respond"]}]},{"@type":"WebPage","@id":"https:\/\/lyonbondyblog.fr\/LBB\/le-metier-deboueur-sur-twitter\/","url":"https:\/\/lyonbondyblog.fr\/LBB\/le-metier-deboueur-sur-twitter\/","name":"Le quotidien d\u2019un \u00e9boueur lyonnais sur Twitter - Lyon Bondy Blog","isPartOf":{"@id":"https:\/\/lyonbondyblog.fr\/LBB\/#website"},"primaryImageOfPage":{"@id":"https:\/\/lyonbondyblog.fr\/LBB\/le-metier-deboueur-sur-twitter\/#primaryimage"},"image":{"@id":"https:\/\/lyonbondyblog.fr\/LBB\/le-metier-deboueur-sur-twitter\/#primaryimage"},"thumbnailUrl":"https:\/\/lyonbondyblog.fr\/LBB\/wp-content\/uploads\/2021\/06\/ExFYifVWQAEGLxB-1.jpeg","datePublished":"2021-06-29T15:00:36+00:00","dateModified":"2021-07-05T12:25:14+00:00","inLanguage":"fr-FR","potentialAction":[{"@type":"ReadAction","target":["https:\/\/lyonbondyblog.fr\/LBB\/le-metier-deboueur-sur-twitter\/"]}]},{"@type":"ImageObject","inLanguage":"fr-FR","@id":"https:\/\/lyonbondyblog.fr\/LBB\/le-metier-deboueur-sur-twitter\/#primaryimage","url":"https:\/\/lyonbondyblog.fr\/LBB\/wp-content\/uploads\/2021\/06\/ExFYifVWQAEGLxB-1.jpeg","contentUrl":"https:\/\/lyonbondyblog.fr\/LBB\/wp-content\/uploads\/2021\/06\/ExFYifVWQAEGLxB-1.jpeg","width":768,"height":514,"caption":"DR"},{"@type":"WebSite","@id":"https:\/\/lyonbondyblog.fr\/LBB\/#website","url":"https:\/\/lyonbondyblog.fr\/LBB\/","name":"Lyon Bondy Blog","description":"","publisher":{"@id":"https:\/\/lyonbondyblog.fr\/LBB\/#organization"},"potentialAction":[{"@type":"SearchAction","target":{"@type":"EntryPoint","urlTemplate":"https:\/\/lyonbondyblog.fr\/LBB\/?s={search_term_string}"},"query-input":"required name=search_term_string"}],"inLanguage":"fr-FR"},{"@type":"Organization","@id":"https:\/\/lyonbondyblog.fr\/LBB\/#organization","name":"LYON BONDY BLOG","url":"https:\/\/lyonbondyblog.fr\/LBB\/","logo":{"@type":"ImageObject","inLanguage":"fr-FR","@id":"https:\/\/lyonbondyblog.fr\/LBB\/#\/schema\/logo\/image\/","url":"http:\/\/lyonbondyblog.fr\/LBB\/wp-content\/uploads\/2014\/10\/logo-portable-144.png","contentUrl":"http:\/\/lyonbondyblog.fr\/LBB\/wp-content\/uploads\/2014\/10\/logo-portable-144.png","width":144,"height":123,"caption":"LYON BONDY BLOG"},"image":{"@id":"https:\/\/lyonbondyblog.fr\/LBB\/#\/schema\/logo\/image\/"},"sameAs":["https:\/\/www.facebook.com\/lyonbondyblog","https:\/\/x.com\/bondybloglyon"]},{"@type":"Person","@id":"https:\/\/lyonbondyblog.fr\/LBB\/#\/schema\/person\/e45f8d27baac75072daa0be50c409b25","name":"La r\u00e9daction","description":"Cr\u00e9e en 2008, la r\u00e9daction du Lyon Bondy Blog s'applique \u00e0 proposer une information locale diff\u00e9rente et compl\u00e9mentaire des m\u00e9dias traditionnels.","sameAs":["https:\/\/www.facebook.com\/lyonbondyblog","https:\/\/x.com\/BondyBlogLyon"],"url":"https:\/\/lyonbondyblog.fr\/LBB\/author\/admin\/"}]}},"_links":{"self":[{"href":"https:\/\/lyonbondyblog.fr\/LBB\/wp-json\/wp\/v2\/posts\/24116","targetHints":{"allow":["GET"]}}],"collection":[{"href":"https:\/\/lyonbondyblog.fr\/LBB\/wp-json\/wp\/v2\/posts"}],"about":[{"href":"https:\/\/lyonbondyblog.fr\/LBB\/wp-json\/wp\/v2\/types\/post"}],"author":[{"embeddable":true,"href":"https:\/\/lyonbondyblog.fr\/LBB\/wp-json\/wp\/v2\/users\/1"}],"replies":[{"embeddable":true,"href":"https:\/\/lyonbondyblog.fr\/LBB\/wp-json\/wp\/v2\/comments?post=24116"}],"version-history":[{"count":27,"href":"https:\/\/lyonbondyblog.fr\/LBB\/wp-json\/wp\/v2\/posts\/24116\/revisions"}],"predecessor-version":[{"id":24150,"href":"https:\/\/lyonbondyblog.fr\/LBB\/wp-json\/wp\/v2\/posts\/24116\/revisions\/24150"}],"wp:featuredmedia":[{"embeddable":true,"href":"https:\/\/lyonbondyblog.fr\/LBB\/wp-json\/wp\/v2\/media\/24124"}],"wp:attachment":[{"href":"https:\/\/lyonbondyblog.fr\/LBB\/wp-json\/wp\/v2\/media?parent=24116"}],"wp:term":[{"taxonomy":"category","embeddable":true,"href":"https:\/\/lyonbondyblog.fr\/LBB\/wp-json\/wp\/v2\/categories?post=24116"},{"taxonomy":"post_tag","embeddable":true,"href":"https:\/\/lyonbondyblog.fr\/LBB\/wp-json\/wp\/v2\/tags?post=24116"}],"curies":[{"name":"wp","href":"https:\/\/api.w.org\/{rel}","templated":true}]}}