{"id":24055,"date":"2021-07-01T16:54:22","date_gmt":"2021-07-01T14:54:22","guid":{"rendered":"http:\/\/lyonbondyblog.fr\/LBB\/?p=24055"},"modified":"2021-07-05T14:24:32","modified_gmt":"2021-07-05T12:24:32","slug":"pre-de-venissieux-louverture-culturelle-pour-la-jeunesse-des-quartiers","status":"publish","type":"post","link":"https:\/\/lyonbondyblog.fr\/LBB\/pre-de-venissieux-louverture-culturelle-pour-la-jeunesse-des-quartiers\/","title":{"rendered":"PRE de V\u00e9nissieux : l&rsquo;ouverture culturelle pour la jeunesse des quartiers"},"content":{"rendered":"\n<h4 class=\"wp-block-heading\">Chaque ann\u00e9e, le Programme de R\u00e9ussite \u00c9ducative de V\u00e9nissieux accompagne entre 150 et 180 enfants des quartiers politiques. Entre ouverture culturelle, soutien \u00e0 la parentalit\u00e9, scolarit\u00e9 et accompagnement aux soins, il participe \u00e0 l\u2019\u00e9panouissement culturel de la jeunesse en difficult\u00e9 de la ville.<\/h4>\n\n\n\n<div class=\"wp-block-image\"><figure class=\"aligncenter size-large is-resized\"><img loading=\"lazy\" decoding=\"async\" src=\"https:\/\/lyonbondyblog.fr\/LBB\/wp-content\/uploads\/2021\/07\/209256244_873756739890309_1614956005881410876_n-1440x1920.jpg\" alt=\"Une jeune fille est assise sur un canap\u00e9 marron \u00e0 une table ronde verte basse dans une salle remplie de livres sur des \u00e9tag\u00e8res. PRE V\u00e9nissieux, 30 juin 2021\" class=\"wp-image-24160\" width=\"598\" height=\"797\" srcset=\"https:\/\/lyonbondyblog.fr\/LBB\/wp-content\/uploads\/2021\/07\/209256244_873756739890309_1614956005881410876_n-1440x1920.jpg 1440w, https:\/\/lyonbondyblog.fr\/LBB\/wp-content\/uploads\/2021\/07\/209256244_873756739890309_1614956005881410876_n-900x1200.jpg 900w, https:\/\/lyonbondyblog.fr\/LBB\/wp-content\/uploads\/2021\/07\/209256244_873756739890309_1614956005881410876_n-768x1024.jpg 768w, https:\/\/lyonbondyblog.fr\/LBB\/wp-content\/uploads\/2021\/07\/209256244_873756739890309_1614956005881410876_n-1152x1536.jpg 1152w, https:\/\/lyonbondyblog.fr\/LBB\/wp-content\/uploads\/2021\/07\/209256244_873756739890309_1614956005881410876_n-1536x2048.jpg 1536w, https:\/\/lyonbondyblog.fr\/LBB\/wp-content\/uploads\/2021\/07\/209256244_873756739890309_1614956005881410876_n-scaled.jpg 1920w\" sizes=\"auto, (max-width: 598px) 100vw, 598px\" \/><figcaption>Les enfants viennent au PRE de V\u00e9nissieux pour un soutien scolaire ou pour r\u00e9aliser des activit\u00e9s sportives et culturelles. Cr\u00e9dit : Kenza Sammari<\/figcaption><\/figure><\/div>\n\n\n\n<p>Mis en place en 2005 avec le plan de coh\u00e9sion Borloo, les <a href=\"https:\/\/agence-cohesion-territoires.gouv.fr\/programme-de-reussite-educative-35\">PRE<\/a> visent \u00e0 compl\u00e9ter les aides d\u00e9j\u00e0 mises en place dans le cadre de la politique de la ville sur le plan \u00e9ducatif. 550 programmes de r\u00e9ussite \u00e9ducative \u00e9taient d\u00e9nombr\u00e9s en France en 2020. Ces dispositifs apportent une approche plus individualis\u00e9e et globale pour des enfants rep\u00e9r\u00e9s fragiles sur un territoire. Le PRE de V\u00e9nissieux, au c\u0153ur des Minguettes, contribue \u00e0 la r\u00e9ussite \u00e9ducative d\u2019enfants de 2 \u00e0 16 ans qui ne b\u00e9n\u00e9ficient pas d\u2019un environnement social, culturel et familial favorable.<\/p>\n\n\n\n<p>D\u2019une ville \u00e0 l\u2019autre, les PRE peuvent \u00eatre diff\u00e9rents et avoir de vraies sp\u00e9cificit\u00e9s et des fonctionnements propres.\u00a0Ils cherchent en premier lieu \u00e0 associer les acteurs locaux : les parents des enfants suivis, l\u2019\u00c9ducation nationale, la M\u00e9tropole avec des travailleurs sociaux, le secteur de p\u00e9dopsychiatrie ainsi que les structures socio-\u00e9ducatives municipales ou associatives.<\/p>\n\n\n\n<h4 class=\"wp-block-heading\">L\u2019importance de l&rsquo;ouverture culturelle<\/h4>\n\n\n\n<p>Les PRE ont pour mission principale de lutter contre l&rsquo;\u00e9chec et le d\u00e9crochage scolaire. \u00c0 V\u00e9nissieux, le dispositif propose un soutien \u00e0 la scolarit\u00e9 mais pas seulement ; il offre aussi une ouverture culturelle. Les quartiers prioritaires de la ville concentrent g\u00e9n\u00e9ralement des familles cumulant les difficult\u00e9s (pr\u00e9carit\u00e9, isolation), rendant indispensable la question de l&rsquo;\u00e9ducation \u00e0 la culture.<\/p>\n\n\n\n<p>Cette ouverture culturelle a pour but de favoriser l\u2019\u00e9panouissement des enfants suivis en leur offrant un meilleur acc\u00e8s \u00e0 des activit\u00e9s p\u00e9riscolaires, permettant aussi aux familles d\u2019en comprendre les enjeux. Les accompagnants du PER mettent en place\u00a0des activit\u00e9s, des projets artistiques, des balades ou encore des sorties sportives et culturelles. Agn\u00e8s Foray, r\u00e9f\u00e9rente de parcours au PRE de V\u00e9nissieux explique que, comme pour beaucoup, la crise sanitaire a rendu difficile l\u2019organisation : <em>\u00ab<\/em>\u00a0<em>Avec le confinement, depuis mars 2020, \u00e7a a \u00e9t\u00e9 un gros changement. Nous n\u2019avons pas pu reprendre nos sorties. On commence tout juste \u00e0 le faire avec au moins une sortie par mois.\u00a0\u00bb<\/em>.<\/p>\n\n\n\n<h4 class=\"wp-block-heading\">Une organisation impact\u00e9e par le Covid-19<\/h4>\n\n\n\n<p>Avec les mesures sanitaires en vigueur cette ann\u00e9e, le PRE et ses accompagnants n\u2019\u00e9taient plus autoris\u00e9s \u00e0 intervenir au domicile des familles. <em>\u00ab<\/em>\u00a0<em>Dans un premier temps, il a fallu repenser nos activit\u00e9s et pouvoir faire un lien avec les familles ainsi que les activit\u00e9s en distanciel.<\/em>\u00a0<em>C\u2019\u00e9tait compliqu\u00e9 pour nous ; les familles n\u2019avaient pas forc\u00e9ment le mat\u00e9riel n\u00e9cessaire comme un ordinateur ou un t\u00e9l\u00e9phone\u00a0\u00bb<\/em>, pr\u00e9cise la r\u00e9f\u00e9rente de parcours. Cette nouvelle organisation a beaucoup impact\u00e9 les familles. Certaines positivement en recr\u00e9ant des solidarit\u00e9s et d\u2019autres moins en les isolant davantage. En effet, des enfants ont fait fi au niveau psychique ou ont commenc\u00e9 \u00e0 d\u00e9crocher au niveau de la scolarit\u00e9, ce qui a demand\u00e9 au PRE une vigilance suppl\u00e9mentaire.<\/p>\n\n\n\n<p>Pour l\u2019ann\u00e9e prochaine, le PRE de V\u00e9nissieux retrouvera un fonctionnement normal. Les membres du PRE pourront retourner chez les familles tout en retrouvant les sorties. Comme chaque ann\u00e9e, le programme prendra appui sur les besoins des enfants afin de proposer des actions cibl\u00e9es et efficaces.<\/p>\n\n\n\n<p>Kenza Sammari<\/p>\n<!-- AddThis Advanced Settings generic via filter on the_content --><!-- AddThis Share Buttons generic via filter on the_content -->","protected":false},"excerpt":{"rendered":"<p>Chaque ann\u00e9e, le Programme de R\u00e9ussite \u00c9ducative de V\u00e9nissieux accompagne entre 150 et 180 enfants des quartiers politiques. Entre ouverture culturelle, soutien \u00e0 la parentalit\u00e9, &hellip; <!-- AddThis Advanced Settings generic via filter on wp_trim_excerpt --><!-- AddThis Share Buttons generic via filter on wp_trim_excerpt --><\/p>\n","protected":false},"author":1,"featured_media":24160,"comment_status":"open","ping_status":"open","sticky":false,"template":"","format":"standard","meta":{"_FSMCFIC_featured_image_caption":"","_FSMCFIC_featured_image_nocaption":"","_FSMCFIC_featured_image_hide":"","footnotes":""},"categories":[3517,5324,6974],"tags":[],"class_list":["post-24055","post","type-post","status-publish","format-standard","has-post-thumbnail","hentry","category-education","category-jeunesse","category-venissieux"],"yoast_head":"<!-- This site is optimized with the Yoast SEO plugin v22.8 - https:\/\/yoast.com\/wordpress\/plugins\/seo\/ -->\n<title>PRE de V\u00e9nissieux : l&#039;ouverture culturelle pour la jeunesse des quartiers<\/title>\n<meta name=\"description\" content=\"Chaque ann\u00e9e, le Programme de R\u00e9ussite \u00c9ducative de V\u00e9nissieux accompagne entre 150 et 180 enfants des quartiers politiques.\" \/>\n<meta name=\"robots\" content=\"index, follow, max-snippet:-1, max-image-preview:large, max-video-preview:-1\" \/>\n<link rel=\"canonical\" href=\"https:\/\/lyonbondyblog.fr\/LBB\/pre-de-venissieux-louverture-culturelle-pour-la-jeunesse-des-quartiers\/\" \/>\n<meta property=\"og:locale\" content=\"fr_FR\" \/>\n<meta property=\"og:type\" content=\"article\" \/>\n<meta property=\"og:title\" content=\"PRE de V\u00e9nissieux : l&#039;ouverture culturelle pour la jeunesse des quartiers\" \/>\n<meta property=\"og:description\" content=\"Chaque ann\u00e9e, le Programme de R\u00e9ussite \u00c9ducative de V\u00e9nissieux accompagne entre 150 et 180 enfants des quartiers politiques.\" \/>\n<meta property=\"og:url\" content=\"https:\/\/lyonbondyblog.fr\/LBB\/pre-de-venissieux-louverture-culturelle-pour-la-jeunesse-des-quartiers\/\" \/>\n<meta property=\"og:site_name\" content=\"Lyon Bondy Blog\" \/>\n<meta property=\"article:publisher\" content=\"https:\/\/www.facebook.com\/lyonbondyblog\" \/>\n<meta property=\"article:author\" content=\"https:\/\/www.facebook.com\/lyonbondyblog\" \/>\n<meta property=\"article:published_time\" content=\"2021-07-01T14:54:22+00:00\" \/>\n<meta property=\"article:modified_time\" content=\"2021-07-05T12:24:32+00:00\" \/>\n<meta property=\"og:image\" content=\"https:\/\/lyonbondyblog.fr\/LBB\/wp-content\/uploads\/2021\/07\/209256244_873756739890309_1614956005881410876_n-scaled.jpg\" \/>\n\t<meta property=\"og:image:width\" content=\"1920\" \/>\n\t<meta property=\"og:image:height\" content=\"2560\" \/>\n\t<meta property=\"og:image:type\" content=\"image\/jpeg\" \/>\n<meta name=\"author\" content=\"La r\u00e9daction\" \/>\n<meta name=\"twitter:card\" content=\"summary_large_image\" \/>\n<meta name=\"twitter:creator\" content=\"@BondyBlogLyon\" \/>\n<meta name=\"twitter:site\" content=\"@bondybloglyon\" \/>\n<script type=\"application\/ld+json\" class=\"yoast-schema-graph\">{\"@context\":\"https:\/\/schema.org\",\"@graph\":[{\"@type\":\"Article\",\"@id\":\"https:\/\/lyonbondyblog.fr\/LBB\/pre-de-venissieux-louverture-culturelle-pour-la-jeunesse-des-quartiers\/#article\",\"isPartOf\":{\"@id\":\"https:\/\/lyonbondyblog.fr\/LBB\/pre-de-venissieux-louverture-culturelle-pour-la-jeunesse-des-quartiers\/\"},\"author\":{\"name\":\"La r\u00e9daction\",\"@id\":\"https:\/\/lyonbondyblog.fr\/LBB\/#\/schema\/person\/e45f8d27baac75072daa0be50c409b25\"},\"headline\":\"PRE de V\u00e9nissieux : l&rsquo;ouverture culturelle pour la jeunesse des quartiers\",\"datePublished\":\"2021-07-01T14:54:22+00:00\",\"dateModified\":\"2021-07-05T12:24:32+00:00\",\"mainEntityOfPage\":{\"@id\":\"https:\/\/lyonbondyblog.fr\/LBB\/pre-de-venissieux-louverture-culturelle-pour-la-jeunesse-des-quartiers\/\"},\"wordCount\":618,\"commentCount\":0,\"publisher\":{\"@id\":\"https:\/\/lyonbondyblog.fr\/LBB\/#organization\"},\"image\":{\"@id\":\"https:\/\/lyonbondyblog.fr\/LBB\/pre-de-venissieux-louverture-culturelle-pour-la-jeunesse-des-quartiers\/#primaryimage\"},\"thumbnailUrl\":\"https:\/\/lyonbondyblog.fr\/LBB\/wp-content\/uploads\/2021\/07\/209256244_873756739890309_1614956005881410876_n-scaled.jpg\",\"articleSection\":[\"Education\",\"Jeunesse\",\"V\u00e9nissieux\"],\"inLanguage\":\"fr-FR\",\"potentialAction\":[{\"@type\":\"CommentAction\",\"name\":\"Comment\",\"target\":[\"https:\/\/lyonbondyblog.fr\/LBB\/pre-de-venissieux-louverture-culturelle-pour-la-jeunesse-des-quartiers\/#respond\"]}]},{\"@type\":\"WebPage\",\"@id\":\"https:\/\/lyonbondyblog.fr\/LBB\/pre-de-venissieux-louverture-culturelle-pour-la-jeunesse-des-quartiers\/\",\"url\":\"https:\/\/lyonbondyblog.fr\/LBB\/pre-de-venissieux-louverture-culturelle-pour-la-jeunesse-des-quartiers\/\",\"name\":\"PRE de V\u00e9nissieux : l'ouverture culturelle pour la jeunesse des quartiers\",\"isPartOf\":{\"@id\":\"https:\/\/lyonbondyblog.fr\/LBB\/#website\"},\"primaryImageOfPage\":{\"@id\":\"https:\/\/lyonbondyblog.fr\/LBB\/pre-de-venissieux-louverture-culturelle-pour-la-jeunesse-des-quartiers\/#primaryimage\"},\"image\":{\"@id\":\"https:\/\/lyonbondyblog.fr\/LBB\/pre-de-venissieux-louverture-culturelle-pour-la-jeunesse-des-quartiers\/#primaryimage\"},\"thumbnailUrl\":\"https:\/\/lyonbondyblog.fr\/LBB\/wp-content\/uploads\/2021\/07\/209256244_873756739890309_1614956005881410876_n-scaled.jpg\",\"datePublished\":\"2021-07-01T14:54:22+00:00\",\"dateModified\":\"2021-07-05T12:24:32+00:00\",\"description\":\"Chaque ann\u00e9e, le Programme de R\u00e9ussite \u00c9ducative de V\u00e9nissieux accompagne entre 150 et 180 enfants des quartiers politiques.\",\"inLanguage\":\"fr-FR\",\"potentialAction\":[{\"@type\":\"ReadAction\",\"target\":[\"https:\/\/lyonbondyblog.fr\/LBB\/pre-de-venissieux-louverture-culturelle-pour-la-jeunesse-des-quartiers\/\"]}]},{\"@type\":\"ImageObject\",\"inLanguage\":\"fr-FR\",\"@id\":\"https:\/\/lyonbondyblog.fr\/LBB\/pre-de-venissieux-louverture-culturelle-pour-la-jeunesse-des-quartiers\/#primaryimage\",\"url\":\"https:\/\/lyonbondyblog.fr\/LBB\/wp-content\/uploads\/2021\/07\/209256244_873756739890309_1614956005881410876_n-scaled.jpg\",\"contentUrl\":\"https:\/\/lyonbondyblog.fr\/LBB\/wp-content\/uploads\/2021\/07\/209256244_873756739890309_1614956005881410876_n-scaled.jpg\",\"width\":1920,\"height\":2560,\"caption\":\"Les jeunes viennent\"},{\"@type\":\"WebSite\",\"@id\":\"https:\/\/lyonbondyblog.fr\/LBB\/#website\",\"url\":\"https:\/\/lyonbondyblog.fr\/LBB\/\",\"name\":\"Lyon Bondy Blog\",\"description\":\"\",\"publisher\":{\"@id\":\"https:\/\/lyonbondyblog.fr\/LBB\/#organization\"},\"potentialAction\":[{\"@type\":\"SearchAction\",\"target\":{\"@type\":\"EntryPoint\",\"urlTemplate\":\"https:\/\/lyonbondyblog.fr\/LBB\/?s={search_term_string}\"},\"query-input\":\"required name=search_term_string\"}],\"inLanguage\":\"fr-FR\"},{\"@type\":\"Organization\",\"@id\":\"https:\/\/lyonbondyblog.fr\/LBB\/#organization\",\"name\":\"LYON BONDY BLOG\",\"url\":\"https:\/\/lyonbondyblog.fr\/LBB\/\",\"logo\":{\"@type\":\"ImageObject\",\"inLanguage\":\"fr-FR\",\"@id\":\"https:\/\/lyonbondyblog.fr\/LBB\/#\/schema\/logo\/image\/\",\"url\":\"http:\/\/lyonbondyblog.fr\/LBB\/wp-content\/uploads\/2014\/10\/logo-portable-144.png\",\"contentUrl\":\"http:\/\/lyonbondyblog.fr\/LBB\/wp-content\/uploads\/2014\/10\/logo-portable-144.png\",\"width\":144,\"height\":123,\"caption\":\"LYON BONDY BLOG\"},\"image\":{\"@id\":\"https:\/\/lyonbondyblog.fr\/LBB\/#\/schema\/logo\/image\/\"},\"sameAs\":[\"https:\/\/www.facebook.com\/lyonbondyblog\",\"https:\/\/x.com\/bondybloglyon\"]},{\"@type\":\"Person\",\"@id\":\"https:\/\/lyonbondyblog.fr\/LBB\/#\/schema\/person\/e45f8d27baac75072daa0be50c409b25\",\"name\":\"La r\u00e9daction\",\"description\":\"Cr\u00e9e en 2008, la r\u00e9daction du Lyon Bondy Blog s'applique \u00e0 proposer une information locale diff\u00e9rente et compl\u00e9mentaire des m\u00e9dias traditionnels.\",\"sameAs\":[\"https:\/\/www.facebook.com\/lyonbondyblog\",\"https:\/\/x.com\/BondyBlogLyon\"],\"url\":\"https:\/\/lyonbondyblog.fr\/LBB\/author\/admin\/\"}]}<\/script>\n<!-- \/ Yoast SEO plugin. -->","yoast_head_json":{"title":"PRE de V\u00e9nissieux : l'ouverture culturelle pour la jeunesse des quartiers","description":"Chaque ann\u00e9e, le Programme de R\u00e9ussite \u00c9ducative de V\u00e9nissieux accompagne entre 150 et 180 enfants des quartiers politiques.","robots":{"index":"index","follow":"follow","max-snippet":"max-snippet:-1","max-image-preview":"max-image-preview:large","max-video-preview":"max-video-preview:-1"},"canonical":"https:\/\/lyonbondyblog.fr\/LBB\/pre-de-venissieux-louverture-culturelle-pour-la-jeunesse-des-quartiers\/","og_locale":"fr_FR","og_type":"article","og_title":"PRE de V\u00e9nissieux : l'ouverture culturelle pour la jeunesse des quartiers","og_description":"Chaque ann\u00e9e, le Programme de R\u00e9ussite \u00c9ducative de V\u00e9nissieux accompagne entre 150 et 180 enfants des quartiers politiques.","og_url":"https:\/\/lyonbondyblog.fr\/LBB\/pre-de-venissieux-louverture-culturelle-pour-la-jeunesse-des-quartiers\/","og_site_name":"Lyon Bondy Blog","article_publisher":"https:\/\/www.facebook.com\/lyonbondyblog","article_author":"https:\/\/www.facebook.com\/lyonbondyblog","article_published_time":"2021-07-01T14:54:22+00:00","article_modified_time":"2021-07-05T12:24:32+00:00","og_image":[{"width":1920,"height":2560,"url":"https:\/\/lyonbondyblog.fr\/LBB\/wp-content\/uploads\/2021\/07\/209256244_873756739890309_1614956005881410876_n-scaled.jpg","type":"image\/jpeg"}],"author":"La r\u00e9daction","twitter_card":"summary_large_image","twitter_creator":"@BondyBlogLyon","twitter_site":"@bondybloglyon","schema":{"@context":"https:\/\/schema.org","@graph":[{"@type":"Article","@id":"https:\/\/lyonbondyblog.fr\/LBB\/pre-de-venissieux-louverture-culturelle-pour-la-jeunesse-des-quartiers\/#article","isPartOf":{"@id":"https:\/\/lyonbondyblog.fr\/LBB\/pre-de-venissieux-louverture-culturelle-pour-la-jeunesse-des-quartiers\/"},"author":{"name":"La r\u00e9daction","@id":"https:\/\/lyonbondyblog.fr\/LBB\/#\/schema\/person\/e45f8d27baac75072daa0be50c409b25"},"headline":"PRE de V\u00e9nissieux : l&rsquo;ouverture culturelle pour la jeunesse des quartiers","datePublished":"2021-07-01T14:54:22+00:00","dateModified":"2021-07-05T12:24:32+00:00","mainEntityOfPage":{"@id":"https:\/\/lyonbondyblog.fr\/LBB\/pre-de-venissieux-louverture-culturelle-pour-la-jeunesse-des-quartiers\/"},"wordCount":618,"commentCount":0,"publisher":{"@id":"https:\/\/lyonbondyblog.fr\/LBB\/#organization"},"image":{"@id":"https:\/\/lyonbondyblog.fr\/LBB\/pre-de-venissieux-louverture-culturelle-pour-la-jeunesse-des-quartiers\/#primaryimage"},"thumbnailUrl":"https:\/\/lyonbondyblog.fr\/LBB\/wp-content\/uploads\/2021\/07\/209256244_873756739890309_1614956005881410876_n-scaled.jpg","articleSection":["Education","Jeunesse","V\u00e9nissieux"],"inLanguage":"fr-FR","potentialAction":[{"@type":"CommentAction","name":"Comment","target":["https:\/\/lyonbondyblog.fr\/LBB\/pre-de-venissieux-louverture-culturelle-pour-la-jeunesse-des-quartiers\/#respond"]}]},{"@type":"WebPage","@id":"https:\/\/lyonbondyblog.fr\/LBB\/pre-de-venissieux-louverture-culturelle-pour-la-jeunesse-des-quartiers\/","url":"https:\/\/lyonbondyblog.fr\/LBB\/pre-de-venissieux-louverture-culturelle-pour-la-jeunesse-des-quartiers\/","name":"PRE de V\u00e9nissieux : l'ouverture culturelle pour la jeunesse des quartiers","isPartOf":{"@id":"https:\/\/lyonbondyblog.fr\/LBB\/#website"},"primaryImageOfPage":{"@id":"https:\/\/lyonbondyblog.fr\/LBB\/pre-de-venissieux-louverture-culturelle-pour-la-jeunesse-des-quartiers\/#primaryimage"},"image":{"@id":"https:\/\/lyonbondyblog.fr\/LBB\/pre-de-venissieux-louverture-culturelle-pour-la-jeunesse-des-quartiers\/#primaryimage"},"thumbnailUrl":"https:\/\/lyonbondyblog.fr\/LBB\/wp-content\/uploads\/2021\/07\/209256244_873756739890309_1614956005881410876_n-scaled.jpg","datePublished":"2021-07-01T14:54:22+00:00","dateModified":"2021-07-05T12:24:32+00:00","description":"Chaque ann\u00e9e, le Programme de R\u00e9ussite \u00c9ducative de V\u00e9nissieux accompagne entre 150 et 180 enfants des quartiers politiques.","inLanguage":"fr-FR","potentialAction":[{"@type":"ReadAction","target":["https:\/\/lyonbondyblog.fr\/LBB\/pre-de-venissieux-louverture-culturelle-pour-la-jeunesse-des-quartiers\/"]}]},{"@type":"ImageObject","inLanguage":"fr-FR","@id":"https:\/\/lyonbondyblog.fr\/LBB\/pre-de-venissieux-louverture-culturelle-pour-la-jeunesse-des-quartiers\/#primaryimage","url":"https:\/\/lyonbondyblog.fr\/LBB\/wp-content\/uploads\/2021\/07\/209256244_873756739890309_1614956005881410876_n-scaled.jpg","contentUrl":"https:\/\/lyonbondyblog.fr\/LBB\/wp-content\/uploads\/2021\/07\/209256244_873756739890309_1614956005881410876_n-scaled.jpg","width":1920,"height":2560,"caption":"Les jeunes viennent"},{"@type":"WebSite","@id":"https:\/\/lyonbondyblog.fr\/LBB\/#website","url":"https:\/\/lyonbondyblog.fr\/LBB\/","name":"Lyon Bondy Blog","description":"","publisher":{"@id":"https:\/\/lyonbondyblog.fr\/LBB\/#organization"},"potentialAction":[{"@type":"SearchAction","target":{"@type":"EntryPoint","urlTemplate":"https:\/\/lyonbondyblog.fr\/LBB\/?s={search_term_string}"},"query-input":"required name=search_term_string"}],"inLanguage":"fr-FR"},{"@type":"Organization","@id":"https:\/\/lyonbondyblog.fr\/LBB\/#organization","name":"LYON BONDY BLOG","url":"https:\/\/lyonbondyblog.fr\/LBB\/","logo":{"@type":"ImageObject","inLanguage":"fr-FR","@id":"https:\/\/lyonbondyblog.fr\/LBB\/#\/schema\/logo\/image\/","url":"http:\/\/lyonbondyblog.fr\/LBB\/wp-content\/uploads\/2014\/10\/logo-portable-144.png","contentUrl":"http:\/\/lyonbondyblog.fr\/LBB\/wp-content\/uploads\/2014\/10\/logo-portable-144.png","width":144,"height":123,"caption":"LYON BONDY BLOG"},"image":{"@id":"https:\/\/lyonbondyblog.fr\/LBB\/#\/schema\/logo\/image\/"},"sameAs":["https:\/\/www.facebook.com\/lyonbondyblog","https:\/\/x.com\/bondybloglyon"]},{"@type":"Person","@id":"https:\/\/lyonbondyblog.fr\/LBB\/#\/schema\/person\/e45f8d27baac75072daa0be50c409b25","name":"La r\u00e9daction","description":"Cr\u00e9e en 2008, la r\u00e9daction du Lyon Bondy Blog s'applique \u00e0 proposer une information locale diff\u00e9rente et compl\u00e9mentaire des m\u00e9dias traditionnels.","sameAs":["https:\/\/www.facebook.com\/lyonbondyblog","https:\/\/x.com\/BondyBlogLyon"],"url":"https:\/\/lyonbondyblog.fr\/LBB\/author\/admin\/"}]}},"_links":{"self":[{"href":"https:\/\/lyonbondyblog.fr\/LBB\/wp-json\/wp\/v2\/posts\/24055","targetHints":{"allow":["GET"]}}],"collection":[{"href":"https:\/\/lyonbondyblog.fr\/LBB\/wp-json\/wp\/v2\/posts"}],"about":[{"href":"https:\/\/lyonbondyblog.fr\/LBB\/wp-json\/wp\/v2\/types\/post"}],"author":[{"embeddable":true,"href":"https:\/\/lyonbondyblog.fr\/LBB\/wp-json\/wp\/v2\/users\/1"}],"replies":[{"embeddable":true,"href":"https:\/\/lyonbondyblog.fr\/LBB\/wp-json\/wp\/v2\/comments?post=24055"}],"version-history":[{"count":39,"href":"https:\/\/lyonbondyblog.fr\/LBB\/wp-json\/wp\/v2\/posts\/24055\/revisions"}],"predecessor-version":[{"id":24176,"href":"https:\/\/lyonbondyblog.fr\/LBB\/wp-json\/wp\/v2\/posts\/24055\/revisions\/24176"}],"wp:featuredmedia":[{"embeddable":true,"href":"https:\/\/lyonbondyblog.fr\/LBB\/wp-json\/wp\/v2\/media\/24160"}],"wp:attachment":[{"href":"https:\/\/lyonbondyblog.fr\/LBB\/wp-json\/wp\/v2\/media?parent=24055"}],"wp:term":[{"taxonomy":"category","embeddable":true,"href":"https:\/\/lyonbondyblog.fr\/LBB\/wp-json\/wp\/v2\/categories?post=24055"},{"taxonomy":"post_tag","embeddable":true,"href":"https:\/\/lyonbondyblog.fr\/LBB\/wp-json\/wp\/v2\/tags?post=24055"}],"curies":[{"name":"wp","href":"https:\/\/api.w.org\/{rel}","templated":true}]}}