{"id":23755,"date":"2021-06-25T16:54:56","date_gmt":"2021-06-25T14:54:56","guid":{"rendered":"http:\/\/lyonbondyblog.fr\/LBB\/?p=23755"},"modified":"2021-06-25T17:31:09","modified_gmt":"2021-06-25T15:31:09","slug":"point-de-lentre-deux-tours-des-elections-regionales","status":"publish","type":"post","link":"https:\/\/lyonbondyblog.fr\/LBB\/point-de-lentre-deux-tours-des-elections-regionales\/","title":{"rendered":"Point de l\u2019entre-deux tours des \u00e9lections r\u00e9gionales"},"content":{"rendered":"\n<h4 class=\"wp-block-heading\">Au regard de l\u2019abstention record dimanche 20 juin, le LBB a d\u00e9cid\u00e9 de faire le point sur les \u00e9lections r\u00e9gionales. Comp\u00e9tences de R\u00e9gion, mode de scrutin, r\u00e9sum\u00e9 du programme des t\u00eates de liste, la r\u00e9daction vous explique tout pour le deuxi\u00e8me tour. <br><\/h4>\n\n\n\n<figure class=\"wp-block-image size-large\"><img loading=\"lazy\" decoding=\"async\" width=\"768\" height=\"360\" src=\"https:\/\/lyonbondyblog.fr\/LBB\/wp-content\/uploads\/2021\/06\/conseil-regional-768x360-1.jpg\" alt=\"\" class=\"wp-image-24009\"\/><figcaption>L\u2019h\u00f4tel de r\u00e9gion, si\u00e8ge du conseil r\u00e9gional. Cr\u00e9dits : R\u00e9gion Auvergne-Rh\u00f4ne-Alpes \/ Michel P\u00e9r\u00e8s<\/figcaption><\/figure>\n\n\n\n<h4 class=\"wp-block-heading\">Le conseil r\u00e9gional, \u00e0 quoi sert-il ?<\/h4>\n\n\n\n<p> Il permet de soutenir la R\u00e9gion financi\u00e8rement, sur ses politiques \u00e9conomiques, culturelles et sociales. Dans <a href=\"https:\/\/lyonbondyblog.fr\/LBB\/petit-guide-des-elections-regionales-1-les-competences\/\" target=\"_blank\" rel=\"noreferrer noopener\">notre premier volet du petit guide des \u00e9lections r\u00e9gionales<\/a>, nous \u00e9tions revenus sur l\u2019ensemble des comp\u00e9tences de la R\u00e9gion. Entre l&rsquo;am\u00e9nagement du territoire, les transports, les lyc\u00e9es et la formation professionnelle, l&rsquo;environnement et le d\u00e9veloppement \u00e9conomique, la R\u00e9gion agit directement sur notre quotidien. <\/p>\n\n\n\n<ul class=\"wp-block-list\"><li>Am\u00e9nagement du territoire<\/li><\/ul>\n\n\n\n<p>En premier lieu, les politiques d&rsquo;am\u00e9nagement du territoire ont pour objectif d\u2019\u00e9quilibrer les diff\u00e9rents territoires de la R\u00e9gion.  L&rsquo;Auvergne-Rh\u00f4ne-Alpes est la deuxi\u00e8me r\u00e9gion de France, elle est compos\u00e9e d&rsquo;une diversit\u00e9 de territoires (massifs montagneux, territoires ruraux, grandes m\u00e9tropoles&#8230;). Le conseil r\u00e9gional se doit aussi de g\u00e9rer <a href=\"https:\/\/www.auvergnerhonealpes.fr\/dossier\/8\/24-tout-savoir-sur-les-10-parcs-naturels-regionaux-d-auvergne-rhone-alpes.htm\" target=\"_blank\" rel=\"noreferrer noopener\">les nombreux parcs naturels<\/a> r\u00e9gionaux. Elles ont aussi pour vocation  d&rsquo;am\u00e9liorer l&rsquo;habitat en finan\u00e7ant certaines r\u00e9novations urbaines.<\/p>\n\n\n\n<ul class=\"wp-block-list\"><li>Transports <\/li><\/ul>\n\n\n\n<p>La R\u00e9gion s&rsquo;occupe et finance la mobilit\u00e9 sur le  territoire. Cela concerne la gestion des a\u00e9roports, des TER (Trains Express R\u00e9gionaux), des gares routi\u00e8res, mais aussi la gestion des transports routiers interurbains et scolaires. En AuRA, le Pr\u00e9sident sortant Laurent Wauquiez souhaite mettre en place un syst\u00e8me de <a href=\"https:\/\/www.wauquiez2021.fr\/wp-content\/uploads\/2021\/06\/Projet-Laurent-Wauquiez-La-region-avec-toutes-ses-forces.pdf\" target=\"_blank\" rel=\"noreferrer noopener\">RER m\u00e9tropolitains<\/a> tandis que la candidate EELV <a href=\"https:\/\/lyonbondyblog.fr\/LBB\/fabienne-grebert-1-2-mettons-largent-au-bon-endroit\/\" target=\"_blank\" rel=\"noreferrer noopener\">Fabienne Gr\u00e9bert<\/a> pr\u00f4ne la gratuit\u00e9 des transports scolaires et une <a href=\"https:\/\/static1.squarespace.com\/static\/60a340d95982af4e5b09a5c3\/t\/60bf506fcd3b5649e82f0add\/1623150709739\/Programme-EELV-AuRA.pdf\" target=\"_blank\" rel=\"noreferrer noopener\">r\u00e9duction tarifaire des TER pour les 16-25 ans. <\/a><\/p>\n\n\n\n<ul class=\"wp-block-list\"><li>Les lyc\u00e9es <\/li><\/ul>\n\n\n\n<p>Autre comp\u00e9tences importantes pour la R\u00e9gion : la construction et l&rsquo;entretien des lyc\u00e9es d&rsquo;enseignement g\u00e9n\u00e9ral ainsi que les lyc\u00e9es et les \u00e9tablissements agricoles. Si elle n&rsquo;a pas de de pouvoirs sur l&rsquo;enseignement elle finance tous les projets relatifs \u00e0 la r\u00e9novation, aux \u00e9quipements et la restauration. Pour le candidat LR, la priorit\u00e9 est la s\u00e9curit\u00e9. Laurent Wauquiez souhaite en effet cr\u00e9er <a href=\"https:\/\/www.wauquiez2021.fr\/wp-content\/uploads\/2021\/06\/Projet-Laurent-Wauquiez-La-region-avec-toutes-ses-forces.pdf\" target=\"_blank\" rel=\"noreferrer noopener\">une brigade r\u00e9gionale de s\u00e9curit\u00e9 dans les lyc\u00e9es et \u00e0 leurs abords.<\/a> Le Pr\u00e9sident sortant veut aussi construire 6 nouveaux lyc\u00e9es dans la r\u00e9gion. Pour l&rsquo;\u00e9lue EELV, la priorit\u00e9 est mise sur la r\u00e9novation : <a href=\"https:\/\/static1.squarespace.com\/static\/60a340d95982af4e5b09a5c3\/t\/60cccbbfa9202f72b0d964c2\/1624034245062\/brochure-8P-mesures-phares_FALC.pdf\" target=\"_blank\" rel=\"noreferrer noopener\">576 lyc\u00e9es de la r\u00e9gion auront une r\u00e9novation \u00e9nerg\u00e9tique.<\/a> <\/p>\n\n\n\n<ul class=\"wp-block-list\"><li>La formation professionnelle <\/li><\/ul>\n\n\n\n<p>La R\u00e9gion g\u00e8re l&rsquo;insertion des jeunes en difficult\u00e9, la formation des demandeurs d&#8217;emploi, la gestion des formations en alternance ainsi que les possibilit\u00e9s de reconversions professionnelles &#8230; Avec le pr\u00e9fet, le Pr\u00e9sident de R\u00e9gion \u00e9tablit une strat\u00e9gie en mati\u00e8re d&#8217;emploi et d&rsquo;orientation professionnelle. <\/p>\n\n\n\n<h4 class=\"wp-block-heading\">Comment se passent les \u00e9lections r\u00e9gionales ?<\/h4>\n\n\n\n<figure class=\"wp-block-embed is-type-video is-provider-youtube wp-block-embed-youtube wp-embed-aspect-16-9 wp-has-aspect-ratio\"><div class=\"wp-block-embed__wrapper\">\n<iframe loading=\"lazy\" title=\"Le scrutin des \u00e9lections r\u00e9gionales : 3 minutes pour comprendre\" width=\"1200\" height=\"675\" src=\"https:\/\/www.youtube.com\/embed\/2jPlqXP8fmU?feature=oembed\" frameborder=\"0\" allow=\"accelerometer; autoplay; clipboard-write; encrypted-media; gyroscope; picture-in-picture\" allowfullscreen><\/iframe>\n<\/div><\/figure>\n\n\n\n<h4 class=\"wp-block-heading\">Triangulaire au second tour<\/h4>\n\n\n\n<p>Pour le second tour, les listes en dessous de 10% ne sont pas qualifi\u00e9es. Les diff\u00e9rentes listes de gauches se sont rassembl\u00e9es autour de la liste EELV de Fabienne Gr\u00e9bert. Les listes de Laurent Wauquiez et Andr\u00e9a Kotarac sont encore en lice. De son c\u00f4t\u00e9, Bruno Bonnel, t\u00eate de liste LREM, n&rsquo;a pas encore apport\u00e9 son soutien \u00e0 une des listes. <\/p>\n\n\n\n<figure class=\"wp-block-image size-large\"><img loading=\"lazy\" decoding=\"async\" width=\"1920\" height=\"1536\" src=\"https:\/\/lyonbondyblog.fr\/LBB\/wp-content\/uploads\/2021\/06\/resultat_auvergnerhonealpes-1920x1536.png\" alt=\"\" class=\"wp-image-23999\" srcset=\"https:\/\/lyonbondyblog.fr\/LBB\/wp-content\/uploads\/2021\/06\/resultat_auvergnerhonealpes-1920x1536.png 1920w, https:\/\/lyonbondyblog.fr\/LBB\/wp-content\/uploads\/2021\/06\/resultat_auvergnerhonealpes-1200x960.png 1200w, https:\/\/lyonbondyblog.fr\/LBB\/wp-content\/uploads\/2021\/06\/resultat_auvergnerhonealpes-768x614.png 768w, https:\/\/lyonbondyblog.fr\/LBB\/wp-content\/uploads\/2021\/06\/resultat_auvergnerhonealpes-1536x1229.png 1536w, https:\/\/lyonbondyblog.fr\/LBB\/wp-content\/uploads\/2021\/06\/resultat_auvergnerhonealpes-2048x1638.png 2048w\" sizes=\"auto, (max-width: 1920px) 100vw, 1920px\" \/><figcaption>R\u00e9sultat du premier tour sur les votes exprim\u00e9s. Infographie des r\u00e9sultats du premier tour des \u00e9lections r\u00e9gionales en Auvergne-Rh\u00f4ne-Alpes <\/figcaption><\/figure>\n\n\n\n<h4 class=\"wp-block-heading\">Trois questions aux repr\u00e9sentants des listes <\/h4>\n\n\n\n<h5 class=\"wp-block-heading\">Comment avez-vous abord\u00e9 l\u2019entre-deux tours ?<\/h5>\n\n\n\n<p>Fabienne Gr\u00e9bert : \u00ab&nbsp;<em>Tr\u00e8s bien, nous avons fait ce que nous avions pr\u00e9vu, c&rsquo;est-\u00e0-dire une union avec les forces de gauche. Nous faisons campagne avec C\u00e9cile Cukierman et Najat Vallaud-Belkacem tout en allant chercher les abstentionnistes. L&rsquo;id\u00e9e \u00e9tait de trouver un accord qui ne laisse personne de c\u00f4t\u00e9. Il est important pour nos partenaires que chacun trouve sa place dans cette union pour former un \u00e9quilibre. Nous devons incarner l&rsquo;intelligence collective.<\/em>&nbsp;\u00bb<\/p>\n\n\n\n<p>Andr\u00e9a Kotarac : \u00ab<em>&nbsp;On a remarqu\u00e9 une abstention record, avec beaucoup de gens qui ne savaient pas qu&rsquo;il y avait une \u00e9lection dimanche dernier, des professions de foi qui ne sont jamais arriv\u00e9es dans les bo\u00eetes aux lettres des habitants, alors que les lettres des maires LR ont, quant \u00e0 elles, \u00e9t\u00e9 re\u00e7ues et appellent \u00e0 voter pour Laurent Wauquiez. Finalement, c&rsquo;est une chance d&rsquo;avoir deux tours dans cette \u00e9lection. Beaucoup de personnes se sont aper\u00e7ues qu&rsquo;ils pouvaient encore voter, principalement des jeunes.<\/em>&nbsp;\u00bb<\/p>\n\n\n\n<p>Laurence Fautra : \u00ab <em>Tr\u00e8s bien, on ne l\u00e2che rien. On mobilise nos sympathisants, on informe notre population et on dit : venez voter le 27 juin. <\/em>\u00bb<\/p>\n\n\n\n<h5 class=\"wp-block-heading\">Au regard de l&rsquo;abstention record dimanche dernier, comment avez-vous mobilis\u00e9 votre \u00e9lectorat pour ce deuxi\u00e8me tour ?<\/h5>\n\n\n\n<p>Fabienne Gr\u00e9bert : \u00ab<em>&nbsp;Je pense qu&rsquo;il faut expliquer aux \u00e9lecteurs que soit nous partons dans un syst\u00e8me de surveillance g\u00e9n\u00e9ralis\u00e9 avec une inflation du budget sur la s\u00e9curit\u00e9, soit nous pr\u00e9parons l&rsquo;avenir avec la jeunesse pour leur garantir de bonnes conditions de vie. Laurent Wauquiez avait le m\u00eame programme en 2015 et aujourd&rsquo;hui on constate son \u00e9chec. Je souhaite d&rsquo;abord m&rsquo;attaquer au d\u00e9r\u00e8glement climatique , c&rsquo;est l&rsquo;urgence absolue et cette s\u00e9curit\u00e9 \u00e0 laquelle je veux r\u00e9pondre.<\/em>&nbsp;\u00bb<\/p>\n\n\n\n<p>Andr\u00e9 Kotarac : \u00ab\u00a0<em>On a remobilis\u00e9 le plus possible notre \u00e9lectorat, par le t\u00e9l\u00e9phone, le tractage, avec de la documentation, de l&rsquo;affichage&#8230; Par tous les moyens possibles pour essayer d&rsquo;inciter les gens \u00e0 all\u00e9s voter. Il y a<\/em><a href=\"https:\/\/www.lemonde.fr\/politique\/live\/2021\/06\/23\/elections-regionales-et-departementales-comment-expliquer-une-telle-abstention-chez-les-jeunes_6085375_823448.html\" target=\"_blank\" rel=\"noreferrer noopener\"> 87% des 18-24 ans qui ne sont pas aller voter<\/a><em>, tout cela n&rsquo;est pas normal. Cela pose la question de la l\u00e9gitimit\u00e9 des \u00e9lus de demain. Il faut qu&rsquo;il y ait le plus grand nombre d&rsquo;\u00e9lecteurs dimanche prochain pour assurer une l\u00e9gitimit\u00e9 au conseil r\u00e9gional de demain.<\/em>\u00a0\u00bb<\/p>\n\n\n\n<p>Laurence Fautra : \u00ab <em>On a notre r\u00e9seau. On tracte sur les march\u00e9s, du boitages, on passe des coups de file et on est mobilis\u00e9s sur les r\u00e9seaux sociaux. On ne s\u2019arr\u00eate pas<\/em> ! \u00bb<\/p>\n\n\n\n<h5 class=\"wp-block-heading\">Quelles sont vos attentes au niveau des r\u00e9sultats de dimanche ?<\/h5>\n\n\n\n<p>Fabienne Gr\u00e9bert : \u00ab&nbsp;<em>Mes attentes sont de gagner la r\u00e9gion !<\/em>&nbsp;\u00bb<\/p>\n\n\n\n<p>Andr\u00e9a Kotarac : \u00ab&nbsp;<em>Je pense qu&rsquo;aujourd&rsquo;hui, nous devons \u00eatre la premi\u00e8re opposition au conseil r\u00e9gional et former une opposition claire repr\u00e9sent\u00e9e par le Rassemblement National. On voit que l&rsquo;union de la gauche forme une union de divorc\u00e9s, une union qui n&rsquo;a ni cap ni colonne vert\u00e9brale.<\/em>&nbsp;\u00bb<\/p>\n\n\n\n<p>Laurence Fautra : \u00ab <em>Il ne faut pas vendre la peau de l\u2019ours avant de l\u2019avoir tu\u00e9. On fait notre job et on reste humble. Pour moi, le n\u00e9cessaire est fait. Apr\u00e8s cela d\u00e9pend de la mobilisation. J\u2019esp\u00e8re qu\u2019elle sera importante au deuxi\u00e8me tour. J\u2019esp\u00e8re \u00e9videmment que Laurent Wauquiez sera donn\u00e9 largement vainqueur. <\/em>\u00bb<\/p>\n\n\n\n<p>La r\u00e9daction<\/p>\n<!-- AddThis Advanced Settings generic via filter on the_content --><!-- AddThis Share Buttons generic via filter on the_content -->","protected":false},"excerpt":{"rendered":"<p>Au regard de l\u2019abstention record dimanche 20 juin, le LBB a d\u00e9cid\u00e9 de faire le point sur les \u00e9lections r\u00e9gionales. Comp\u00e9tences de R\u00e9gion, mode de &hellip; <!-- AddThis Advanced Settings generic via filter on wp_trim_excerpt --><!-- AddThis Share Buttons generic via filter on wp_trim_excerpt --><\/p>\n","protected":false},"author":1,"featured_media":24009,"comment_status":"open","ping_status":"open","sticky":false,"template":"","format":"standard","meta":{"_FSMCFIC_featured_image_caption":"","_FSMCFIC_featured_image_nocaption":"","_FSMCFIC_featured_image_hide":"","footnotes":""},"categories":[4,6,24454],"tags":[],"class_list":["post-23755","post","type-post","status-publish","format-standard","has-post-thumbnail","hentry","category-lyon","category-politique","category-regionales-2021"],"yoast_head":"<!-- This site is optimized with the Yoast SEO plugin v22.8 - https:\/\/yoast.com\/wordpress\/plugins\/seo\/ -->\n<title>Point de l\u2019entre-deux tours des \u00e9lections r\u00e9gionales - Lyon Bondy Blog<\/title>\n<meta name=\"description\" content=\"Au regard de l\u2019abstention record dimanche 20 juin, le LBB a d\u00e9cid\u00e9 de faire le point sur les \u00e9lections r\u00e9gionales.\" \/>\n<meta name=\"robots\" content=\"index, follow, max-snippet:-1, max-image-preview:large, max-video-preview:-1\" \/>\n<link rel=\"canonical\" href=\"https:\/\/lyonbondyblog.fr\/LBB\/point-de-lentre-deux-tours-des-elections-regionales\/\" \/>\n<meta property=\"og:locale\" content=\"fr_FR\" \/>\n<meta property=\"og:type\" content=\"article\" \/>\n<meta property=\"og:title\" content=\"Point de l\u2019entre-deux tours des \u00e9lections r\u00e9gionales - Lyon Bondy Blog\" \/>\n<meta property=\"og:description\" content=\"Au regard de l\u2019abstention record dimanche 20 juin, le LBB a d\u00e9cid\u00e9 de faire le point sur les \u00e9lections r\u00e9gionales.\" \/>\n<meta property=\"og:url\" content=\"https:\/\/lyonbondyblog.fr\/LBB\/point-de-lentre-deux-tours-des-elections-regionales\/\" \/>\n<meta property=\"og:site_name\" content=\"Lyon Bondy Blog\" \/>\n<meta property=\"article:publisher\" content=\"https:\/\/www.facebook.com\/lyonbondyblog\" \/>\n<meta property=\"article:author\" content=\"https:\/\/www.facebook.com\/lyonbondyblog\" \/>\n<meta property=\"article:published_time\" content=\"2021-06-25T14:54:56+00:00\" \/>\n<meta property=\"article:modified_time\" content=\"2021-06-25T15:31:09+00:00\" \/>\n<meta property=\"og:image\" content=\"https:\/\/lyonbondyblog.fr\/LBB\/wp-content\/uploads\/2021\/06\/conseil-regional-768x360-1.jpg\" \/>\n\t<meta property=\"og:image:width\" content=\"768\" \/>\n\t<meta property=\"og:image:height\" content=\"360\" \/>\n\t<meta property=\"og:image:type\" content=\"image\/jpeg\" \/>\n<meta name=\"author\" content=\"La r\u00e9daction\" \/>\n<meta name=\"twitter:card\" content=\"summary_large_image\" \/>\n<meta name=\"twitter:creator\" content=\"@BondyBlogLyon\" \/>\n<meta name=\"twitter:site\" content=\"@bondybloglyon\" \/>\n<script type=\"application\/ld+json\" class=\"yoast-schema-graph\">{\"@context\":\"https:\/\/schema.org\",\"@graph\":[{\"@type\":\"Article\",\"@id\":\"https:\/\/lyonbondyblog.fr\/LBB\/point-de-lentre-deux-tours-des-elections-regionales\/#article\",\"isPartOf\":{\"@id\":\"https:\/\/lyonbondyblog.fr\/LBB\/point-de-lentre-deux-tours-des-elections-regionales\/\"},\"author\":{\"name\":\"La r\u00e9daction\",\"@id\":\"https:\/\/lyonbondyblog.fr\/LBB\/#\/schema\/person\/e45f8d27baac75072daa0be50c409b25\"},\"headline\":\"Point de l\u2019entre-deux tours des \u00e9lections r\u00e9gionales\",\"datePublished\":\"2021-06-25T14:54:56+00:00\",\"dateModified\":\"2021-06-25T15:31:09+00:00\",\"mainEntityOfPage\":{\"@id\":\"https:\/\/lyonbondyblog.fr\/LBB\/point-de-lentre-deux-tours-des-elections-regionales\/\"},\"wordCount\":1188,\"commentCount\":0,\"publisher\":{\"@id\":\"https:\/\/lyonbondyblog.fr\/LBB\/#organization\"},\"image\":{\"@id\":\"https:\/\/lyonbondyblog.fr\/LBB\/point-de-lentre-deux-tours-des-elections-regionales\/#primaryimage\"},\"thumbnailUrl\":\"https:\/\/lyonbondyblog.fr\/LBB\/wp-content\/uploads\/2021\/06\/conseil-regional-768x360-1.jpg\",\"articleSection\":[\"Lyon\",\"Politique\",\"R\u00e9gionales 2021\"],\"inLanguage\":\"fr-FR\",\"potentialAction\":[{\"@type\":\"CommentAction\",\"name\":\"Comment\",\"target\":[\"https:\/\/lyonbondyblog.fr\/LBB\/point-de-lentre-deux-tours-des-elections-regionales\/#respond\"]}]},{\"@type\":\"WebPage\",\"@id\":\"https:\/\/lyonbondyblog.fr\/LBB\/point-de-lentre-deux-tours-des-elections-regionales\/\",\"url\":\"https:\/\/lyonbondyblog.fr\/LBB\/point-de-lentre-deux-tours-des-elections-regionales\/\",\"name\":\"Point de l\u2019entre-deux tours des \u00e9lections r\u00e9gionales - Lyon Bondy Blog\",\"isPartOf\":{\"@id\":\"https:\/\/lyonbondyblog.fr\/LBB\/#website\"},\"primaryImageOfPage\":{\"@id\":\"https:\/\/lyonbondyblog.fr\/LBB\/point-de-lentre-deux-tours-des-elections-regionales\/#primaryimage\"},\"image\":{\"@id\":\"https:\/\/lyonbondyblog.fr\/LBB\/point-de-lentre-deux-tours-des-elections-regionales\/#primaryimage\"},\"thumbnailUrl\":\"https:\/\/lyonbondyblog.fr\/LBB\/wp-content\/uploads\/2021\/06\/conseil-regional-768x360-1.jpg\",\"datePublished\":\"2021-06-25T14:54:56+00:00\",\"dateModified\":\"2021-06-25T15:31:09+00:00\",\"description\":\"Au regard de l\u2019abstention record dimanche 20 juin, le LBB a d\u00e9cid\u00e9 de faire le point sur les \u00e9lections r\u00e9gionales.\",\"inLanguage\":\"fr-FR\",\"potentialAction\":[{\"@type\":\"ReadAction\",\"target\":[\"https:\/\/lyonbondyblog.fr\/LBB\/point-de-lentre-deux-tours-des-elections-regionales\/\"]}]},{\"@type\":\"ImageObject\",\"inLanguage\":\"fr-FR\",\"@id\":\"https:\/\/lyonbondyblog.fr\/LBB\/point-de-lentre-deux-tours-des-elections-regionales\/#primaryimage\",\"url\":\"https:\/\/lyonbondyblog.fr\/LBB\/wp-content\/uploads\/2021\/06\/conseil-regional-768x360-1.jpg\",\"contentUrl\":\"https:\/\/lyonbondyblog.fr\/LBB\/wp-content\/uploads\/2021\/06\/conseil-regional-768x360-1.jpg\",\"width\":768,\"height\":360},{\"@type\":\"WebSite\",\"@id\":\"https:\/\/lyonbondyblog.fr\/LBB\/#website\",\"url\":\"https:\/\/lyonbondyblog.fr\/LBB\/\",\"name\":\"Lyon Bondy Blog\",\"description\":\"\",\"publisher\":{\"@id\":\"https:\/\/lyonbondyblog.fr\/LBB\/#organization\"},\"potentialAction\":[{\"@type\":\"SearchAction\",\"target\":{\"@type\":\"EntryPoint\",\"urlTemplate\":\"https:\/\/lyonbondyblog.fr\/LBB\/?s={search_term_string}\"},\"query-input\":\"required name=search_term_string\"}],\"inLanguage\":\"fr-FR\"},{\"@type\":\"Organization\",\"@id\":\"https:\/\/lyonbondyblog.fr\/LBB\/#organization\",\"name\":\"LYON BONDY BLOG\",\"url\":\"https:\/\/lyonbondyblog.fr\/LBB\/\",\"logo\":{\"@type\":\"ImageObject\",\"inLanguage\":\"fr-FR\",\"@id\":\"https:\/\/lyonbondyblog.fr\/LBB\/#\/schema\/logo\/image\/\",\"url\":\"http:\/\/lyonbondyblog.fr\/LBB\/wp-content\/uploads\/2014\/10\/logo-portable-144.png\",\"contentUrl\":\"http:\/\/lyonbondyblog.fr\/LBB\/wp-content\/uploads\/2014\/10\/logo-portable-144.png\",\"width\":144,\"height\":123,\"caption\":\"LYON BONDY BLOG\"},\"image\":{\"@id\":\"https:\/\/lyonbondyblog.fr\/LBB\/#\/schema\/logo\/image\/\"},\"sameAs\":[\"https:\/\/www.facebook.com\/lyonbondyblog\",\"https:\/\/x.com\/bondybloglyon\"]},{\"@type\":\"Person\",\"@id\":\"https:\/\/lyonbondyblog.fr\/LBB\/#\/schema\/person\/e45f8d27baac75072daa0be50c409b25\",\"name\":\"La r\u00e9daction\",\"description\":\"Cr\u00e9e en 2008, la r\u00e9daction du Lyon Bondy Blog s'applique \u00e0 proposer une information locale diff\u00e9rente et compl\u00e9mentaire des m\u00e9dias traditionnels.\",\"sameAs\":[\"https:\/\/www.facebook.com\/lyonbondyblog\",\"https:\/\/x.com\/BondyBlogLyon\"],\"url\":\"https:\/\/lyonbondyblog.fr\/LBB\/author\/admin\/\"}]}<\/script>\n<!-- \/ Yoast SEO plugin. -->","yoast_head_json":{"title":"Point de l\u2019entre-deux tours des \u00e9lections r\u00e9gionales - Lyon Bondy Blog","description":"Au regard de l\u2019abstention record dimanche 20 juin, le LBB a d\u00e9cid\u00e9 de faire le point sur les \u00e9lections r\u00e9gionales.","robots":{"index":"index","follow":"follow","max-snippet":"max-snippet:-1","max-image-preview":"max-image-preview:large","max-video-preview":"max-video-preview:-1"},"canonical":"https:\/\/lyonbondyblog.fr\/LBB\/point-de-lentre-deux-tours-des-elections-regionales\/","og_locale":"fr_FR","og_type":"article","og_title":"Point de l\u2019entre-deux tours des \u00e9lections r\u00e9gionales - Lyon Bondy Blog","og_description":"Au regard de l\u2019abstention record dimanche 20 juin, le LBB a d\u00e9cid\u00e9 de faire le point sur les \u00e9lections r\u00e9gionales.","og_url":"https:\/\/lyonbondyblog.fr\/LBB\/point-de-lentre-deux-tours-des-elections-regionales\/","og_site_name":"Lyon Bondy Blog","article_publisher":"https:\/\/www.facebook.com\/lyonbondyblog","article_author":"https:\/\/www.facebook.com\/lyonbondyblog","article_published_time":"2021-06-25T14:54:56+00:00","article_modified_time":"2021-06-25T15:31:09+00:00","og_image":[{"width":768,"height":360,"url":"https:\/\/lyonbondyblog.fr\/LBB\/wp-content\/uploads\/2021\/06\/conseil-regional-768x360-1.jpg","type":"image\/jpeg"}],"author":"La r\u00e9daction","twitter_card":"summary_large_image","twitter_creator":"@BondyBlogLyon","twitter_site":"@bondybloglyon","schema":{"@context":"https:\/\/schema.org","@graph":[{"@type":"Article","@id":"https:\/\/lyonbondyblog.fr\/LBB\/point-de-lentre-deux-tours-des-elections-regionales\/#article","isPartOf":{"@id":"https:\/\/lyonbondyblog.fr\/LBB\/point-de-lentre-deux-tours-des-elections-regionales\/"},"author":{"name":"La r\u00e9daction","@id":"https:\/\/lyonbondyblog.fr\/LBB\/#\/schema\/person\/e45f8d27baac75072daa0be50c409b25"},"headline":"Point de l\u2019entre-deux tours des \u00e9lections r\u00e9gionales","datePublished":"2021-06-25T14:54:56+00:00","dateModified":"2021-06-25T15:31:09+00:00","mainEntityOfPage":{"@id":"https:\/\/lyonbondyblog.fr\/LBB\/point-de-lentre-deux-tours-des-elections-regionales\/"},"wordCount":1188,"commentCount":0,"publisher":{"@id":"https:\/\/lyonbondyblog.fr\/LBB\/#organization"},"image":{"@id":"https:\/\/lyonbondyblog.fr\/LBB\/point-de-lentre-deux-tours-des-elections-regionales\/#primaryimage"},"thumbnailUrl":"https:\/\/lyonbondyblog.fr\/LBB\/wp-content\/uploads\/2021\/06\/conseil-regional-768x360-1.jpg","articleSection":["Lyon","Politique","R\u00e9gionales 2021"],"inLanguage":"fr-FR","potentialAction":[{"@type":"CommentAction","name":"Comment","target":["https:\/\/lyonbondyblog.fr\/LBB\/point-de-lentre-deux-tours-des-elections-regionales\/#respond"]}]},{"@type":"WebPage","@id":"https:\/\/lyonbondyblog.fr\/LBB\/point-de-lentre-deux-tours-des-elections-regionales\/","url":"https:\/\/lyonbondyblog.fr\/LBB\/point-de-lentre-deux-tours-des-elections-regionales\/","name":"Point de l\u2019entre-deux tours des \u00e9lections r\u00e9gionales - Lyon Bondy Blog","isPartOf":{"@id":"https:\/\/lyonbondyblog.fr\/LBB\/#website"},"primaryImageOfPage":{"@id":"https:\/\/lyonbondyblog.fr\/LBB\/point-de-lentre-deux-tours-des-elections-regionales\/#primaryimage"},"image":{"@id":"https:\/\/lyonbondyblog.fr\/LBB\/point-de-lentre-deux-tours-des-elections-regionales\/#primaryimage"},"thumbnailUrl":"https:\/\/lyonbondyblog.fr\/LBB\/wp-content\/uploads\/2021\/06\/conseil-regional-768x360-1.jpg","datePublished":"2021-06-25T14:54:56+00:00","dateModified":"2021-06-25T15:31:09+00:00","description":"Au regard de l\u2019abstention record dimanche 20 juin, le LBB a d\u00e9cid\u00e9 de faire le point sur les \u00e9lections r\u00e9gionales.","inLanguage":"fr-FR","potentialAction":[{"@type":"ReadAction","target":["https:\/\/lyonbondyblog.fr\/LBB\/point-de-lentre-deux-tours-des-elections-regionales\/"]}]},{"@type":"ImageObject","inLanguage":"fr-FR","@id":"https:\/\/lyonbondyblog.fr\/LBB\/point-de-lentre-deux-tours-des-elections-regionales\/#primaryimage","url":"https:\/\/lyonbondyblog.fr\/LBB\/wp-content\/uploads\/2021\/06\/conseil-regional-768x360-1.jpg","contentUrl":"https:\/\/lyonbondyblog.fr\/LBB\/wp-content\/uploads\/2021\/06\/conseil-regional-768x360-1.jpg","width":768,"height":360},{"@type":"WebSite","@id":"https:\/\/lyonbondyblog.fr\/LBB\/#website","url":"https:\/\/lyonbondyblog.fr\/LBB\/","name":"Lyon Bondy Blog","description":"","publisher":{"@id":"https:\/\/lyonbondyblog.fr\/LBB\/#organization"},"potentialAction":[{"@type":"SearchAction","target":{"@type":"EntryPoint","urlTemplate":"https:\/\/lyonbondyblog.fr\/LBB\/?s={search_term_string}"},"query-input":"required name=search_term_string"}],"inLanguage":"fr-FR"},{"@type":"Organization","@id":"https:\/\/lyonbondyblog.fr\/LBB\/#organization","name":"LYON BONDY BLOG","url":"https:\/\/lyonbondyblog.fr\/LBB\/","logo":{"@type":"ImageObject","inLanguage":"fr-FR","@id":"https:\/\/lyonbondyblog.fr\/LBB\/#\/schema\/logo\/image\/","url":"http:\/\/lyonbondyblog.fr\/LBB\/wp-content\/uploads\/2014\/10\/logo-portable-144.png","contentUrl":"http:\/\/lyonbondyblog.fr\/LBB\/wp-content\/uploads\/2014\/10\/logo-portable-144.png","width":144,"height":123,"caption":"LYON BONDY BLOG"},"image":{"@id":"https:\/\/lyonbondyblog.fr\/LBB\/#\/schema\/logo\/image\/"},"sameAs":["https:\/\/www.facebook.com\/lyonbondyblog","https:\/\/x.com\/bondybloglyon"]},{"@type":"Person","@id":"https:\/\/lyonbondyblog.fr\/LBB\/#\/schema\/person\/e45f8d27baac75072daa0be50c409b25","name":"La r\u00e9daction","description":"Cr\u00e9e en 2008, la r\u00e9daction du Lyon Bondy Blog s'applique \u00e0 proposer une information locale diff\u00e9rente et compl\u00e9mentaire des m\u00e9dias traditionnels.","sameAs":["https:\/\/www.facebook.com\/lyonbondyblog","https:\/\/x.com\/BondyBlogLyon"],"url":"https:\/\/lyonbondyblog.fr\/LBB\/author\/admin\/"}]}},"_links":{"self":[{"href":"https:\/\/lyonbondyblog.fr\/LBB\/wp-json\/wp\/v2\/posts\/23755","targetHints":{"allow":["GET"]}}],"collection":[{"href":"https:\/\/lyonbondyblog.fr\/LBB\/wp-json\/wp\/v2\/posts"}],"about":[{"href":"https:\/\/lyonbondyblog.fr\/LBB\/wp-json\/wp\/v2\/types\/post"}],"author":[{"embeddable":true,"href":"https:\/\/lyonbondyblog.fr\/LBB\/wp-json\/wp\/v2\/users\/1"}],"replies":[{"embeddable":true,"href":"https:\/\/lyonbondyblog.fr\/LBB\/wp-json\/wp\/v2\/comments?post=23755"}],"version-history":[{"count":48,"href":"https:\/\/lyonbondyblog.fr\/LBB\/wp-json\/wp\/v2\/posts\/23755\/revisions"}],"predecessor-version":[{"id":24054,"href":"https:\/\/lyonbondyblog.fr\/LBB\/wp-json\/wp\/v2\/posts\/23755\/revisions\/24054"}],"wp:featuredmedia":[{"embeddable":true,"href":"https:\/\/lyonbondyblog.fr\/LBB\/wp-json\/wp\/v2\/media\/24009"}],"wp:attachment":[{"href":"https:\/\/lyonbondyblog.fr\/LBB\/wp-json\/wp\/v2\/media?parent=23755"}],"wp:term":[{"taxonomy":"category","embeddable":true,"href":"https:\/\/lyonbondyblog.fr\/LBB\/wp-json\/wp\/v2\/categories?post=23755"},{"taxonomy":"post_tag","embeddable":true,"href":"https:\/\/lyonbondyblog.fr\/LBB\/wp-json\/wp\/v2\/tags?post=23755"}],"curies":[{"name":"wp","href":"https:\/\/api.w.org\/{rel}","templated":true}]}}