{"id":2374,"date":"2010-11-17T11:06:38","date_gmt":"2010-11-17T10:06:38","guid":{"rendered":"http:\/\/lyonbondyblog.fr\/LBB\/?p=2374"},"modified":"2013-07-31T11:10:09","modified_gmt":"2013-07-31T09:10:09","slug":"j-nachtwey-la-guerre-en-images","status":"publish","type":"post","link":"https:\/\/lyonbondyblog.fr\/LBB\/j-nachtwey-la-guerre-en-images\/","title":{"rendered":"J. Nachtwey : la guerre en images"},"content":{"rendered":"<p><strong>Darfour, Afghanistan, Roumanie, Somalie, Rwanda&#8230;autant de pays parcourus par le photographe James Nachtwey que de conflits de notre temps. L\u2019exposition qui se tient actuellement \u00e0 la biblioth\u00e8que municipale de Lyon agit comme une d\u00e9charge\u00a0: les photographies t\u00e9moignent de l\u2019horreur de la guerre, de l\u2019effroi des populations touch\u00e9es par les conflits.<\/strong><\/p>\n<div><\/div>\n<div>\u00a0<a href=\"https:\/\/lyonbondyblog.fr\/LBB\/wp-content\/uploads\/2013\/07\/J_Nachtwey_t.jpg\"><img loading=\"lazy\" decoding=\"async\" width=\"193\" height=\"127\" class=\"size-full wp-image-2375 alignright\" alt=\"J_Nachtwey_t\" src=\"https:\/\/lyonbondyblog.fr\/LBB\/wp-content\/uploads\/2013\/07\/J_Nachtwey_t.jpg\" \/><\/a><\/div>\n<p>&nbsp;<\/p>\n<p><span style=\"font-size: small;\">Le m\u00e9tier de photojournaliste prend ici tout son sens\u00a0: J.Nachtwey, par la force de ses cadrages, de ses compositions, par sa distance \u2013 tr\u00e8s proche \u2013 avec ses personnages, rapporte des \u00e9motions, des situations, la d\u00e9tresse des peuples.<\/span><\/p>\n<p><span style=\"font-size: small;\">\u00a0\u00a0\u00a0\u00a0\u00a0\u00a0\u00a0\u00a0\u00a0\u00a0\u00a0 James Nachtwey\u00a0 est \u2018\u2019au bon endroit, au bon moment\u2019\u2019 comme l\u2019\u00e9tait Robert Capa, premier grand photographe de guerre, mort sur le terrain. Aucune h\u00e9sitation dans ses choix, il va l\u00e0 o\u00f9 il faut t\u00e9moigner, et c\u2019est en cela qu\u2019il est exceptionnel\u00a0: dans cette poursuite de l\u2019\u00e9v\u00e9nement, dans le cri qu\u2019il d\u00e9peint au spectateur.<\/span><\/p>\n<p><span style=\"font-size: small;\">\u00a0\u00a0\u00a0\u00a0\u00a0\u00a0\u00a0\u00a0\u00a0\u00a0\u00a0 A premi\u00e8re vue, on peine \u00e0 comprendre l\u2019\u0153uvre de Nachtwey, qui en met plein la vue, renvoie l\u2019homme \u00e0 sa cruaut\u00e9. Les conflits, les catastrophes naturelles, les h\u00f4pitaux, le photographe est partout o\u00f9 le chaos r\u00e8gne. Les images agissent comme une prise de conscience et permettent de d\u00e9noncer l\u2019horreur qui r\u00e8gne en certains pays. Aussi, plus on avance dans l\u2019exposition, plus on survole les conflits, plus on est touch\u00e9, forc\u00e9ment, mais pas pour autant s\u00fbr d\u2019avoir toutes les cl\u00e9s en main pour comprendre ces images.<br \/>\n<\/span><\/p>\n<p><span style=\"font-size: small;\">\u00a0\u00a0\u00a0\u00a0\u00a0\u00a0\u00a0\u00a0\u00a0\u00a0\u00a0 Quelques allers-retours dans le couloir de l\u2019exposition, des coups d\u2019\u0153il aux l\u00e9gendes des images permettent de d\u00e9celer un positionnement de Nachtwey, notamment sur la fresque d\u2019images de soldats am\u00e9ricains hospitalis\u00e9s en Irak nomm\u00e9e \u2018\u2019Le Sacrifice\u2019\u2019. Le photographe ne semble pas \u00e9riger les soldats en h\u00e9ros, mais c\u2019est la seule s\u00e9rie de l\u2019exposition qui poss\u00e8de un titre plus subjectif (compar\u00e9 aux \u2018\u2019Famine\u2019\u2019, \u2018\u2019G\u00e9nocide\u2019\u2019, \u2018\u2019faits de guerre\u2019\u2019&#8230;), et qui intervient \u00e0 la fin du trajet dans l\u2019exposition, apr\u00e8s avoir vu toutes les horreurs de la guerre, au moment o\u00f9 les visiteurs courbent le dos, particuli\u00e8rement touch\u00e9s, nous faisons face \u00e0 ce mur d\u2019hommes bless\u00e9s.<\/p>\n<p>Ainsi l\u2019on peut se questionner sur le positionnement que peut avoir J.Nachtwey, en tant que photographe am\u00e9ricain, sur les conflits qu\u2019il traverse partout dans le monde. De la m\u00eame mani\u00e8re il s\u2019est pli\u00e9 \u00e0 l\u2019interdiction de prendre en photos les corps du World Trade Center, quant on peut voir une dizaine de cadavres somaliens ou rwandais dans l\u2019exposition. C\u2019est un positionnement que l\u2019on peut attendre de sa part, grand reporter libre et reconnu, mais que l\u2019on regrette en sortant de l\u2019exposition.<\/span><\/p>\n<p><span style=\"font-size: small;\">\u00a0\u00a0\u00a0\u00a0\u00a0\u00a0\u00a0\u00a0\u00a0\u00a0\u00a0 C\u2019est dans tout les cas, une exposition qui est \u00e0 voir, pour d\u00e9couvrir le travail du photographe, ce qu\u2019\u00eatre photographe peut vouloir dire, analyser les images et leurs r\u00e9percutions&#8230; et se faire son propre avis sur le travail du photographe\u00a0!!<\/span><\/p>\n<p><span>-prochaine visite comment\u00e9e le 30 novembre, \u00e0 17h, par la commissaire de l&rsquo;exposition, dur\u00e9e\u00a0: 1h, sans inscription, gratuit<\/span><span style=\"font-size: small;\">.<\/span><\/p>\n<p style=\"text-align: right;\"><span style=\"text-decoration: underline;\">Laura Tangre<\/span><\/p>\n<!-- AddThis Advanced Settings generic via filter on the_content --><!-- AddThis Share Buttons generic via filter on the_content -->","protected":false},"excerpt":{"rendered":"<p>Darfour, Afghanistan, Roumanie, Somalie, Rwanda&#8230;autant de pays parcourus par le photographe James Nachtwey que de conflits de notre temps. L\u2019exposition qui se tient actuellement \u00e0 &hellip; <!-- AddThis Advanced Settings generic via filter on wp_trim_excerpt --><!-- AddThis Share Buttons generic via filter on wp_trim_excerpt --><\/p>\n","protected":false},"author":1,"featured_media":2375,"comment_status":"open","ping_status":"open","sticky":false,"template":"","format":"standard","meta":{"_FSMCFIC_featured_image_caption":"","_FSMCFIC_featured_image_nocaption":"","_FSMCFIC_featured_image_hide":"","footnotes":""},"categories":[4],"tags":[10,112],"class_list":["post-2374","post","type-post","status-publish","format-standard","has-post-thumbnail","hentry","category-lyon","tag-lyon-2","tag-lyon-bondy-blog"],"yoast_head":"<!-- This site is optimized with the Yoast SEO plugin v22.8 - https:\/\/yoast.com\/wordpress\/plugins\/seo\/ -->\n<title>J. Nachtwey : la guerre en images - Lyon Bondy Blog<\/title>\n<meta name=\"robots\" content=\"index, follow, max-snippet:-1, max-image-preview:large, max-video-preview:-1\" \/>\n<link rel=\"canonical\" href=\"https:\/\/lyonbondyblog.fr\/LBB\/j-nachtwey-la-guerre-en-images\/\" \/>\n<meta property=\"og:locale\" content=\"fr_FR\" \/>\n<meta property=\"og:type\" content=\"article\" \/>\n<meta property=\"og:title\" content=\"J. Nachtwey : la guerre en images - Lyon Bondy Blog\" \/>\n<meta property=\"og:description\" content=\"Darfour, Afghanistan, Roumanie, Somalie, Rwanda&#8230;autant de pays parcourus par le photographe James Nachtwey que de conflits de notre temps. L\u2019exposition qui se tient actuellement \u00e0 &hellip;\" \/>\n<meta property=\"og:url\" content=\"https:\/\/lyonbondyblog.fr\/LBB\/j-nachtwey-la-guerre-en-images\/\" \/>\n<meta property=\"og:site_name\" content=\"Lyon Bondy Blog\" \/>\n<meta property=\"article:publisher\" content=\"https:\/\/www.facebook.com\/lyonbondyblog\" \/>\n<meta property=\"article:author\" content=\"https:\/\/www.facebook.com\/lyonbondyblog\" \/>\n<meta property=\"article:published_time\" content=\"2010-11-17T10:06:38+00:00\" \/>\n<meta property=\"article:modified_time\" content=\"2013-07-31T09:10:09+00:00\" \/>\n<meta property=\"og:image\" content=\"https:\/\/lyonbondyblog.fr\/LBB\/wp-content\/uploads\/2013\/07\/J_Nachtwey_t.jpg\" \/>\n\t<meta property=\"og:image:width\" content=\"193\" \/>\n\t<meta property=\"og:image:height\" content=\"127\" \/>\n\t<meta property=\"og:image:type\" content=\"image\/jpeg\" \/>\n<meta name=\"author\" content=\"La r\u00e9daction\" \/>\n<meta name=\"twitter:card\" content=\"summary_large_image\" \/>\n<meta name=\"twitter:creator\" content=\"@BondyBlogLyon\" \/>\n<meta name=\"twitter:site\" content=\"@bondybloglyon\" \/>\n<script type=\"application\/ld+json\" class=\"yoast-schema-graph\">{\"@context\":\"https:\/\/schema.org\",\"@graph\":[{\"@type\":\"Article\",\"@id\":\"https:\/\/lyonbondyblog.fr\/LBB\/j-nachtwey-la-guerre-en-images\/#article\",\"isPartOf\":{\"@id\":\"https:\/\/lyonbondyblog.fr\/LBB\/j-nachtwey-la-guerre-en-images\/\"},\"author\":{\"name\":\"La r\u00e9daction\",\"@id\":\"https:\/\/lyonbondyblog.fr\/LBB\/#\/schema\/person\/e45f8d27baac75072daa0be50c409b25\"},\"headline\":\"J. Nachtwey : la guerre en images\",\"datePublished\":\"2010-11-17T10:06:38+00:00\",\"dateModified\":\"2013-07-31T09:10:09+00:00\",\"mainEntityOfPage\":{\"@id\":\"https:\/\/lyonbondyblog.fr\/LBB\/j-nachtwey-la-guerre-en-images\/\"},\"wordCount\":538,\"commentCount\":0,\"publisher\":{\"@id\":\"https:\/\/lyonbondyblog.fr\/LBB\/#organization\"},\"image\":{\"@id\":\"https:\/\/lyonbondyblog.fr\/LBB\/j-nachtwey-la-guerre-en-images\/#primaryimage\"},\"thumbnailUrl\":\"https:\/\/lyonbondyblog.fr\/LBB\/wp-content\/uploads\/2013\/07\/J_Nachtwey_t.jpg\",\"keywords\":[\"lyon\",\"Lyon Bondy Blog\"],\"articleSection\":[\"Lyon\"],\"inLanguage\":\"fr-FR\",\"potentialAction\":[{\"@type\":\"CommentAction\",\"name\":\"Comment\",\"target\":[\"https:\/\/lyonbondyblog.fr\/LBB\/j-nachtwey-la-guerre-en-images\/#respond\"]}]},{\"@type\":\"WebPage\",\"@id\":\"https:\/\/lyonbondyblog.fr\/LBB\/j-nachtwey-la-guerre-en-images\/\",\"url\":\"https:\/\/lyonbondyblog.fr\/LBB\/j-nachtwey-la-guerre-en-images\/\",\"name\":\"J. Nachtwey : la guerre en images - Lyon Bondy Blog\",\"isPartOf\":{\"@id\":\"https:\/\/lyonbondyblog.fr\/LBB\/#website\"},\"primaryImageOfPage\":{\"@id\":\"https:\/\/lyonbondyblog.fr\/LBB\/j-nachtwey-la-guerre-en-images\/#primaryimage\"},\"image\":{\"@id\":\"https:\/\/lyonbondyblog.fr\/LBB\/j-nachtwey-la-guerre-en-images\/#primaryimage\"},\"thumbnailUrl\":\"https:\/\/lyonbondyblog.fr\/LBB\/wp-content\/uploads\/2013\/07\/J_Nachtwey_t.jpg\",\"datePublished\":\"2010-11-17T10:06:38+00:00\",\"dateModified\":\"2013-07-31T09:10:09+00:00\",\"inLanguage\":\"fr-FR\",\"potentialAction\":[{\"@type\":\"ReadAction\",\"target\":[\"https:\/\/lyonbondyblog.fr\/LBB\/j-nachtwey-la-guerre-en-images\/\"]}]},{\"@type\":\"ImageObject\",\"inLanguage\":\"fr-FR\",\"@id\":\"https:\/\/lyonbondyblog.fr\/LBB\/j-nachtwey-la-guerre-en-images\/#primaryimage\",\"url\":\"https:\/\/lyonbondyblog.fr\/LBB\/wp-content\/uploads\/2013\/07\/J_Nachtwey_t.jpg\",\"contentUrl\":\"https:\/\/lyonbondyblog.fr\/LBB\/wp-content\/uploads\/2013\/07\/J_Nachtwey_t.jpg\",\"width\":193,\"height\":127},{\"@type\":\"WebSite\",\"@id\":\"https:\/\/lyonbondyblog.fr\/LBB\/#website\",\"url\":\"https:\/\/lyonbondyblog.fr\/LBB\/\",\"name\":\"Lyon Bondy Blog\",\"description\":\"\",\"publisher\":{\"@id\":\"https:\/\/lyonbondyblog.fr\/LBB\/#organization\"},\"potentialAction\":[{\"@type\":\"SearchAction\",\"target\":{\"@type\":\"EntryPoint\",\"urlTemplate\":\"https:\/\/lyonbondyblog.fr\/LBB\/?s={search_term_string}\"},\"query-input\":\"required name=search_term_string\"}],\"inLanguage\":\"fr-FR\"},{\"@type\":\"Organization\",\"@id\":\"https:\/\/lyonbondyblog.fr\/LBB\/#organization\",\"name\":\"LYON BONDY BLOG\",\"url\":\"https:\/\/lyonbondyblog.fr\/LBB\/\",\"logo\":{\"@type\":\"ImageObject\",\"inLanguage\":\"fr-FR\",\"@id\":\"https:\/\/lyonbondyblog.fr\/LBB\/#\/schema\/logo\/image\/\",\"url\":\"http:\/\/lyonbondyblog.fr\/LBB\/wp-content\/uploads\/2014\/10\/logo-portable-144.png\",\"contentUrl\":\"http:\/\/lyonbondyblog.fr\/LBB\/wp-content\/uploads\/2014\/10\/logo-portable-144.png\",\"width\":144,\"height\":123,\"caption\":\"LYON BONDY BLOG\"},\"image\":{\"@id\":\"https:\/\/lyonbondyblog.fr\/LBB\/#\/schema\/logo\/image\/\"},\"sameAs\":[\"https:\/\/www.facebook.com\/lyonbondyblog\",\"https:\/\/x.com\/bondybloglyon\"]},{\"@type\":\"Person\",\"@id\":\"https:\/\/lyonbondyblog.fr\/LBB\/#\/schema\/person\/e45f8d27baac75072daa0be50c409b25\",\"name\":\"La r\u00e9daction\",\"description\":\"Cr\u00e9e en 2008, la r\u00e9daction du Lyon Bondy Blog s'applique \u00e0 proposer une information locale diff\u00e9rente et compl\u00e9mentaire des m\u00e9dias traditionnels.\",\"sameAs\":[\"https:\/\/www.facebook.com\/lyonbondyblog\",\"https:\/\/x.com\/BondyBlogLyon\"],\"url\":\"https:\/\/lyonbondyblog.fr\/LBB\/author\/admin\/\"}]}<\/script>\n<!-- \/ Yoast SEO plugin. -->","yoast_head_json":{"title":"J. Nachtwey : la guerre en images - Lyon Bondy Blog","robots":{"index":"index","follow":"follow","max-snippet":"max-snippet:-1","max-image-preview":"max-image-preview:large","max-video-preview":"max-video-preview:-1"},"canonical":"https:\/\/lyonbondyblog.fr\/LBB\/j-nachtwey-la-guerre-en-images\/","og_locale":"fr_FR","og_type":"article","og_title":"J. Nachtwey : la guerre en images - Lyon Bondy Blog","og_description":"Darfour, Afghanistan, Roumanie, Somalie, Rwanda&#8230;autant de pays parcourus par le photographe James Nachtwey que de conflits de notre temps. L\u2019exposition qui se tient actuellement \u00e0 &hellip;","og_url":"https:\/\/lyonbondyblog.fr\/LBB\/j-nachtwey-la-guerre-en-images\/","og_site_name":"Lyon Bondy Blog","article_publisher":"https:\/\/www.facebook.com\/lyonbondyblog","article_author":"https:\/\/www.facebook.com\/lyonbondyblog","article_published_time":"2010-11-17T10:06:38+00:00","article_modified_time":"2013-07-31T09:10:09+00:00","og_image":[{"width":193,"height":127,"url":"https:\/\/lyonbondyblog.fr\/LBB\/wp-content\/uploads\/2013\/07\/J_Nachtwey_t.jpg","type":"image\/jpeg"}],"author":"La r\u00e9daction","twitter_card":"summary_large_image","twitter_creator":"@BondyBlogLyon","twitter_site":"@bondybloglyon","schema":{"@context":"https:\/\/schema.org","@graph":[{"@type":"Article","@id":"https:\/\/lyonbondyblog.fr\/LBB\/j-nachtwey-la-guerre-en-images\/#article","isPartOf":{"@id":"https:\/\/lyonbondyblog.fr\/LBB\/j-nachtwey-la-guerre-en-images\/"},"author":{"name":"La r\u00e9daction","@id":"https:\/\/lyonbondyblog.fr\/LBB\/#\/schema\/person\/e45f8d27baac75072daa0be50c409b25"},"headline":"J. Nachtwey : la guerre en images","datePublished":"2010-11-17T10:06:38+00:00","dateModified":"2013-07-31T09:10:09+00:00","mainEntityOfPage":{"@id":"https:\/\/lyonbondyblog.fr\/LBB\/j-nachtwey-la-guerre-en-images\/"},"wordCount":538,"commentCount":0,"publisher":{"@id":"https:\/\/lyonbondyblog.fr\/LBB\/#organization"},"image":{"@id":"https:\/\/lyonbondyblog.fr\/LBB\/j-nachtwey-la-guerre-en-images\/#primaryimage"},"thumbnailUrl":"https:\/\/lyonbondyblog.fr\/LBB\/wp-content\/uploads\/2013\/07\/J_Nachtwey_t.jpg","keywords":["lyon","Lyon Bondy Blog"],"articleSection":["Lyon"],"inLanguage":"fr-FR","potentialAction":[{"@type":"CommentAction","name":"Comment","target":["https:\/\/lyonbondyblog.fr\/LBB\/j-nachtwey-la-guerre-en-images\/#respond"]}]},{"@type":"WebPage","@id":"https:\/\/lyonbondyblog.fr\/LBB\/j-nachtwey-la-guerre-en-images\/","url":"https:\/\/lyonbondyblog.fr\/LBB\/j-nachtwey-la-guerre-en-images\/","name":"J. Nachtwey : la guerre en images - Lyon Bondy Blog","isPartOf":{"@id":"https:\/\/lyonbondyblog.fr\/LBB\/#website"},"primaryImageOfPage":{"@id":"https:\/\/lyonbondyblog.fr\/LBB\/j-nachtwey-la-guerre-en-images\/#primaryimage"},"image":{"@id":"https:\/\/lyonbondyblog.fr\/LBB\/j-nachtwey-la-guerre-en-images\/#primaryimage"},"thumbnailUrl":"https:\/\/lyonbondyblog.fr\/LBB\/wp-content\/uploads\/2013\/07\/J_Nachtwey_t.jpg","datePublished":"2010-11-17T10:06:38+00:00","dateModified":"2013-07-31T09:10:09+00:00","inLanguage":"fr-FR","potentialAction":[{"@type":"ReadAction","target":["https:\/\/lyonbondyblog.fr\/LBB\/j-nachtwey-la-guerre-en-images\/"]}]},{"@type":"ImageObject","inLanguage":"fr-FR","@id":"https:\/\/lyonbondyblog.fr\/LBB\/j-nachtwey-la-guerre-en-images\/#primaryimage","url":"https:\/\/lyonbondyblog.fr\/LBB\/wp-content\/uploads\/2013\/07\/J_Nachtwey_t.jpg","contentUrl":"https:\/\/lyonbondyblog.fr\/LBB\/wp-content\/uploads\/2013\/07\/J_Nachtwey_t.jpg","width":193,"height":127},{"@type":"WebSite","@id":"https:\/\/lyonbondyblog.fr\/LBB\/#website","url":"https:\/\/lyonbondyblog.fr\/LBB\/","name":"Lyon Bondy Blog","description":"","publisher":{"@id":"https:\/\/lyonbondyblog.fr\/LBB\/#organization"},"potentialAction":[{"@type":"SearchAction","target":{"@type":"EntryPoint","urlTemplate":"https:\/\/lyonbondyblog.fr\/LBB\/?s={search_term_string}"},"query-input":"required name=search_term_string"}],"inLanguage":"fr-FR"},{"@type":"Organization","@id":"https:\/\/lyonbondyblog.fr\/LBB\/#organization","name":"LYON BONDY BLOG","url":"https:\/\/lyonbondyblog.fr\/LBB\/","logo":{"@type":"ImageObject","inLanguage":"fr-FR","@id":"https:\/\/lyonbondyblog.fr\/LBB\/#\/schema\/logo\/image\/","url":"http:\/\/lyonbondyblog.fr\/LBB\/wp-content\/uploads\/2014\/10\/logo-portable-144.png","contentUrl":"http:\/\/lyonbondyblog.fr\/LBB\/wp-content\/uploads\/2014\/10\/logo-portable-144.png","width":144,"height":123,"caption":"LYON BONDY BLOG"},"image":{"@id":"https:\/\/lyonbondyblog.fr\/LBB\/#\/schema\/logo\/image\/"},"sameAs":["https:\/\/www.facebook.com\/lyonbondyblog","https:\/\/x.com\/bondybloglyon"]},{"@type":"Person","@id":"https:\/\/lyonbondyblog.fr\/LBB\/#\/schema\/person\/e45f8d27baac75072daa0be50c409b25","name":"La r\u00e9daction","description":"Cr\u00e9e en 2008, la r\u00e9daction du Lyon Bondy Blog s'applique \u00e0 proposer une information locale diff\u00e9rente et compl\u00e9mentaire des m\u00e9dias traditionnels.","sameAs":["https:\/\/www.facebook.com\/lyonbondyblog","https:\/\/x.com\/BondyBlogLyon"],"url":"https:\/\/lyonbondyblog.fr\/LBB\/author\/admin\/"}]}},"_links":{"self":[{"href":"https:\/\/lyonbondyblog.fr\/LBB\/wp-json\/wp\/v2\/posts\/2374","targetHints":{"allow":["GET"]}}],"collection":[{"href":"https:\/\/lyonbondyblog.fr\/LBB\/wp-json\/wp\/v2\/posts"}],"about":[{"href":"https:\/\/lyonbondyblog.fr\/LBB\/wp-json\/wp\/v2\/types\/post"}],"author":[{"embeddable":true,"href":"https:\/\/lyonbondyblog.fr\/LBB\/wp-json\/wp\/v2\/users\/1"}],"replies":[{"embeddable":true,"href":"https:\/\/lyonbondyblog.fr\/LBB\/wp-json\/wp\/v2\/comments?post=2374"}],"version-history":[{"count":0,"href":"https:\/\/lyonbondyblog.fr\/LBB\/wp-json\/wp\/v2\/posts\/2374\/revisions"}],"wp:featuredmedia":[{"embeddable":true,"href":"https:\/\/lyonbondyblog.fr\/LBB\/wp-json\/wp\/v2\/media\/2375"}],"wp:attachment":[{"href":"https:\/\/lyonbondyblog.fr\/LBB\/wp-json\/wp\/v2\/media?parent=2374"}],"wp:term":[{"taxonomy":"category","embeddable":true,"href":"https:\/\/lyonbondyblog.fr\/LBB\/wp-json\/wp\/v2\/categories?post=2374"},{"taxonomy":"post_tag","embeddable":true,"href":"https:\/\/lyonbondyblog.fr\/LBB\/wp-json\/wp\/v2\/tags?post=2374"}],"curies":[{"name":"wp","href":"https:\/\/api.w.org\/{rel}","templated":true}]}}