{"id":2368,"date":"2010-11-15T11:01:18","date_gmt":"2010-11-15T10:01:18","guid":{"rendered":"http:\/\/lyonbondyblog.fr\/LBB\/?p=2368"},"modified":"2013-07-31T11:03:33","modified_gmt":"2013-07-31T09:03:33","slug":"agenda-de-la-semaine-6","status":"publish","type":"post","link":"https:\/\/lyonbondyblog.fr\/LBB\/agenda-de-la-semaine-6\/","title":{"rendered":"Agenda de la semaine # 6"},"content":{"rendered":"<p><strong>Chaque lundi, le LBB vous propose une s\u00e9lection des \u00e9v\u00e8nements culturels et sportifs de la semaine, \u00e0 Lyon et dans sa banlieue.<\/strong><\/p>\n<div>\u00a0<a href=\"https:\/\/lyonbondyblog.fr\/LBB\/wp-content\/uploads\/2013\/07\/agenda_semaine_LBB_t1.jpg\"><img loading=\"lazy\" decoding=\"async\" width=\"193\" height=\"145\" class=\"size-full wp-image-2369 alignright\" alt=\"agenda_semaine_LBB_t\" src=\"https:\/\/lyonbondyblog.fr\/LBB\/wp-content\/uploads\/2013\/07\/agenda_semaine_LBB_t1.jpg\" \/><\/a><\/div>\n<div><\/div>\n<p>Au menu, cette semaine, de la Guitare, des contes pour enfants, un peu de culture tzigane et un documentaire sur la banlieue\u00a0!<\/p>\n<p><span style=\"text-decoration: underline;\"><b>Mercredi\u00a0:\u00a0<\/b><\/span><\/p>\n<p>A Villeurbanne, du 17 novembre au 4 d\u00e9cembre, Festival Guitares. Cette ann\u00e9e, musiques du sud, flamenco et latino feront vibrer les spectateurs. Django Reinhardt, virtuose \u00e9ternel, aurait pu f\u00eater ses cent ans en janvier dernier\u2026 Les musiques du sud seront tr\u00e8s pr\u00e9sentes pour cette \u00e9dition 2010, qui se d\u00e9roulera \u00e0 Villeurbanne et ailleurs (Lyon, Bron, Caluire, Miribel\u2026).<\/p>\n<p>&nbsp;<\/p>\n<p>Bron.\u00a0Du 17 au 23 novembre, une semaine de contes et musique est propos\u00e9e aux tout-petits \u00e0 la m\u00e9diath\u00e8que et \u00e0 son annexe ainsi que dans les \u00e9tablissements Petite Enfance. La Semaine de la Petite Enfance, financ\u00e9e par la Ville de Bron, ce sont des contes et de la musique \u201cpour les tout-petits&#8230; et un peu pour leurs parents\u00a0!\u201d.\u00a0Informations\u00a0:<br \/>\n<a href=\"http:\/\/www.ville-bron.fr\/editorial.php?Rub=312\">C.C.A.S &#8211; Service Petite Enfance<\/a><br \/>\n152 bis, av. Franklin-Roosevelt<br \/>\nT\u00e9l.\u00a004 72 36 13 71<br \/>\n<span style=\"text-decoration: underline;\"><b><br \/>\nJeudi\u00a0:\u00a0<\/b><\/span><\/p>\n<p>Vaulx-en-Velin. Th\u00e9\u00e2tre. Entre loufoquerie et sensibilit\u00e9, le texte fait surgir la difficult\u00e9 d\u2019un homme \u00e0 vivre dans un monde o\u00f9 la r\u00e9alit\u00e9 ne devrait pas \u00eatre celle que nous vivons mais celle qu\u2019il ressent.\u00a0Spectacle accompagn\u00e9 d\u2019une conf\u00e9rence organis\u00e9e avec le Plan\u00e9tarium de Vaulx en Velin, pour plus d\u2019informations, consulter le site Internet du Centre Charlie Chaplin.\u00a0Centre culturel communal Charlie Chaplin \u00a004 72 04 81 18<br \/>\n<a href=\"http:\/\/www.centrecharliechaplin.com\/\" target=\"_self\">www.centrecharliechaplin.com<\/a><br \/>\n<a href=\"mailto:chaplin@centrecharliechaplin.com\" target=\"_self\">chaplin@centrecharliechaplin.com<\/a><\/p>\n<p>&nbsp;<\/p>\n<p>Vaulx en Velin.\u00a0 \u00ab\u00a0Cultures Tsiganes\u00a0\u00bb, \u00e0 partir de 18h30, rencontre avec Alain Reyniers, ethnologue, professeur au d\u00e9partement de communication et \u00e0 l\u2019unit\u00e9 d\u2019anthropologie et de sociologie de l\u2019Universit\u00e9 Catholique de Louvain (Belgique), directeur de la revue\u00a0Etudes Tsiganes\u00a0.\u00a0Qui sont les tsiganes\u00a0?\u00a0 Nomades, gens du voyage, gitans\u2026\u00a0 Un peuple souvent victime des clich\u00e9s et du rejet de l\u2019autre. A la biblioth\u00e8que G. Perec.<\/p>\n<p>Rillieux.\u00a0Zen Zila est en concert \u00e0 la MJC \u00d4 Totem\u00a0! Retrouvez des textes singuliers \u00e9nergiquement berc\u00e9s d&rsquo;accords Franco-orientaux.\u00a0 Sur sc\u00e8ne\u00a0:\u00a0Wahid Chaib, Laurent Benitah, Martial Macauley et Pierre Grandjean. A 20 h 30, 9 bis, avenue G\u00e9n\u00e9ral Leclerc. R\u00e9servez vos places au 04 37 85 01 50.\u00a0 Tarif\u00a0: de 4,45 \u00e0 14,35 euros.<br \/>\n<span style=\"text-decoration: underline;\"><b>Vendredi\u00a0:\u00a0<\/b><\/span><\/p>\n<p>Villeurbanne.\u00a0Du 19 au 28 novembre, place au festival du film court et au meilleur de la production fran\u00e7aise et europ\u00e9enne, avec une soixantaine de courts-m\u00e9trages pr\u00e9sent\u00e9s en comp\u00e9tition. Tout le programme sur\u00a0<a href=\"http:\/\/www.festcourt-villeurbanne.com\/\">http:\/\/www.festcourt-villeurbanne.com\/<\/a>.<\/p>\n<p>&nbsp;<\/p>\n<p>Saint Fons.\u00a0Apr\u00e8s la s\u00e9rie des Bup,\u00a0une nouvelle saga d\u00e9bute \u00e0 Saint-Fons\u00a0pour\u00a0Nicolas Boone.\u00a0Invit\u00e9 par le\u00a0Centre d&rsquo;arts plastiques de Saint-Fons\u00a0pendant un an avec son comp\u00e8re\u00a0Olivier Bosson, ils ont tourn\u00e9 en 2010 leur nouveau long m\u00e9trage dont le sujet central est la banlieue.\u00a0Cette fiction imagine un \u00ab\u00a0monde banlieue\u00a0\u00bb (tourisme banlieue, centre-ville banlieue, campagne banlieue) travers\u00e9 par de multiples histoires et personnages. \u00a0Avant premi\u00e8re \u00e0 19h au Centre de Formation du Grand Lyon, Centre L\u00e9on Blum\u00a0(place des Palabres).<br \/>\nUne navette gratuite partira depuis la mairie \u00e0 18h30.<br \/>\nContact pour plus d&rsquo;informations\u00a0:<br \/>\n200pr100@free.fr \/ 06 63 42 90 85<\/p>\n<p><span style=\"text-decoration: underline;\"><b>Samedi\u00a0:<\/b><\/span><\/p>\n<p>St Priest. Inauguration du nouveau cin\u00e9ma le \u00ab\u00a0Sc\u00e9nario\u00a0\u00bb. Apr\u00e8s deux mois de travaux de r\u00e9novation, le cin\u00e9ma de Saint-Priest a rouvert ses portes. \u00c0 partir de 17h, vous \u00eates attendus au Sc\u00e9nario pour une visite du cin\u00e9ma r\u00e9nov\u00e9 et des d\u00e9monstrations de 3D. 04 72 23 60 40<\/p>\n<p>&nbsp;<\/p>\n<p>V\u00e9nissieux.\u00a0Dans le cadre de la Journ\u00e9e des Droits de l\u2019Enfant,\u00a0V\u00e9nissieux d\u00e9cline depuis des d\u00e9cennies ce concept de l\u2019\u00e9ducation populaire dans sa politique \u00e9ducative concernant les loisirs des enfants et des jeunes.\u00a0La journ\u00e9e du 20 novembre 2010 se donne comme objectif de contribuer \u00e0 la r\u00e9flexion sur le fond, au regard des exp\u00e9riences et des nouveaux enjeux de notre soci\u00e9t\u00e9.<br \/>\n&#8211; Renseignements\u00a0: Pascal Giraudon &#8211; 04 72 21 44 44<\/p>\n<p>&nbsp;<\/p>\n<p>Miribel Jonage,\u00a0de 14h \u00e0 16h30.\u00a0Les oiseaux du lac.\u00a0Avec 220 esp\u00e8ces d\u2019oiseaux r\u00e9pertori\u00e9es, le Grand Parc Miribel Jonage b\u00e9n\u00e9ficie d\u2019une position privil\u00e9gi\u00e9e pour l\u2019observation des oiseaux. Le belv\u00e9d\u00e8re des Grands Vernes, l\u2019observatoire de la presqu\u2019\u00eele et celui du Vieux Rh\u00f4ne nous permettront d\u2019\u00eatre au plus pr\u00e8s des oiseaux d\u2019eau pour d\u00e9couvrir la richesse des esp\u00e8ces s\u00e9dentaires ou migratrices gr\u00e2ce \u00e0 l\u2019utilisation de jumelles et longues-vues.\u00a0Tarif\u00a0: 8\u20ac par personne (1 enfant gratuit pour 1 adulte payant) \u2013 \u00e0 partir de 8 ans. Inscription pr\u00e9alable obligatoire. Attention pr\u00e9voir un d\u00e9placement suppl\u00e9mentaire en voiture \u00e0 partir de l\u2019accueil (Grands Vernes).\u00a004 78 80 56 20 &#8211; www.grand-parc.fr<\/p>\n<p><span style=\"text-decoration: underline;\"><b>Dimanche\u00a0:\u00a0<\/b><\/span><\/p>\n<p>Venissieux.\u00a0Foul\u00e9e v\u00e9nissiane 2010 &#8211; 21 novembre 2010. Les amoureux de la course \u00e0 pied pourront tester leur endurance sur le parcours deleur choix. Ils pourront (re)d\u00e9couvrir les rues du quartier de Parilly et les plaisirs de la course en pleine nature dans le cadre du Parc de parilly.<br \/>\n&#8211; Renseignements\u00a0: 04 72 50 00 12 &#8211;\u00a0<a href=\"http:\/\/www.omsvenissieux.asso.fr\/\" target=\"_blank\">www.omsvenissieux.asso.fr<\/a><\/p>\n<!-- AddThis Advanced Settings generic via filter on the_content --><!-- AddThis Share Buttons generic via filter on the_content -->","protected":false},"excerpt":{"rendered":"<p>Chaque lundi, le LBB vous propose une s\u00e9lection des \u00e9v\u00e8nements culturels et sportifs de la semaine, \u00e0 Lyon et dans sa banlieue. \u00a0 Au menu, &hellip; <!-- AddThis Advanced Settings generic via filter on wp_trim_excerpt --><!-- AddThis Share Buttons generic via filter on wp_trim_excerpt --><\/p>\n","protected":false},"author":1,"featured_media":2369,"comment_status":"open","ping_status":"open","sticky":false,"template":"","format":"standard","meta":{"_FSMCFIC_featured_image_caption":"","_FSMCFIC_featured_image_nocaption":"","_FSMCFIC_featured_image_hide":"","footnotes":""},"categories":[4],"tags":[659,10,112],"class_list":["post-2368","post","type-post","status-publish","format-standard","has-post-thumbnail","hentry","category-lyon","tag-agenda","tag-lyon-2","tag-lyon-bondy-blog"],"yoast_head":"<!-- This site is optimized with the Yoast SEO plugin v22.8 - https:\/\/yoast.com\/wordpress\/plugins\/seo\/ -->\n<title>Agenda de la semaine # 6 - Lyon Bondy Blog<\/title>\n<meta name=\"robots\" content=\"index, follow, max-snippet:-1, max-image-preview:large, max-video-preview:-1\" \/>\n<link rel=\"canonical\" href=\"https:\/\/lyonbondyblog.fr\/LBB\/agenda-de-la-semaine-6\/\" \/>\n<meta property=\"og:locale\" content=\"fr_FR\" \/>\n<meta property=\"og:type\" content=\"article\" \/>\n<meta property=\"og:title\" content=\"Agenda de la semaine # 6 - Lyon Bondy Blog\" \/>\n<meta property=\"og:description\" content=\"Chaque lundi, le LBB vous propose une s\u00e9lection des \u00e9v\u00e8nements culturels et sportifs de la semaine, \u00e0 Lyon et dans sa banlieue. \u00a0 Au menu, &hellip;\" \/>\n<meta property=\"og:url\" content=\"https:\/\/lyonbondyblog.fr\/LBB\/agenda-de-la-semaine-6\/\" \/>\n<meta property=\"og:site_name\" content=\"Lyon Bondy Blog\" \/>\n<meta property=\"article:publisher\" content=\"https:\/\/www.facebook.com\/lyonbondyblog\" \/>\n<meta property=\"article:author\" content=\"https:\/\/www.facebook.com\/lyonbondyblog\" \/>\n<meta property=\"article:published_time\" content=\"2010-11-15T10:01:18+00:00\" \/>\n<meta property=\"article:modified_time\" content=\"2013-07-31T09:03:33+00:00\" \/>\n<meta property=\"og:image\" content=\"https:\/\/lyonbondyblog.fr\/LBB\/wp-content\/uploads\/2013\/07\/agenda_semaine_LBB_t1.jpg\" \/>\n\t<meta property=\"og:image:width\" content=\"193\" \/>\n\t<meta property=\"og:image:height\" content=\"145\" \/>\n\t<meta property=\"og:image:type\" content=\"image\/jpeg\" \/>\n<meta name=\"author\" content=\"La r\u00e9daction\" \/>\n<meta name=\"twitter:card\" content=\"summary_large_image\" \/>\n<meta name=\"twitter:creator\" content=\"@BondyBlogLyon\" \/>\n<meta name=\"twitter:site\" content=\"@bondybloglyon\" \/>\n<script type=\"application\/ld+json\" class=\"yoast-schema-graph\">{\"@context\":\"https:\/\/schema.org\",\"@graph\":[{\"@type\":\"Article\",\"@id\":\"https:\/\/lyonbondyblog.fr\/LBB\/agenda-de-la-semaine-6\/#article\",\"isPartOf\":{\"@id\":\"https:\/\/lyonbondyblog.fr\/LBB\/agenda-de-la-semaine-6\/\"},\"author\":{\"name\":\"La r\u00e9daction\",\"@id\":\"https:\/\/lyonbondyblog.fr\/LBB\/#\/schema\/person\/e45f8d27baac75072daa0be50c409b25\"},\"headline\":\"Agenda de la semaine # 6\",\"datePublished\":\"2010-11-15T10:01:18+00:00\",\"dateModified\":\"2013-07-31T09:03:33+00:00\",\"mainEntityOfPage\":{\"@id\":\"https:\/\/lyonbondyblog.fr\/LBB\/agenda-de-la-semaine-6\/\"},\"wordCount\":829,\"commentCount\":0,\"publisher\":{\"@id\":\"https:\/\/lyonbondyblog.fr\/LBB\/#organization\"},\"image\":{\"@id\":\"https:\/\/lyonbondyblog.fr\/LBB\/agenda-de-la-semaine-6\/#primaryimage\"},\"thumbnailUrl\":\"https:\/\/lyonbondyblog.fr\/LBB\/wp-content\/uploads\/2013\/07\/agenda_semaine_LBB_t1.jpg\",\"keywords\":[\"Agenda\",\"lyon\",\"Lyon Bondy Blog\"],\"articleSection\":[\"Lyon\"],\"inLanguage\":\"fr-FR\",\"potentialAction\":[{\"@type\":\"CommentAction\",\"name\":\"Comment\",\"target\":[\"https:\/\/lyonbondyblog.fr\/LBB\/agenda-de-la-semaine-6\/#respond\"]}]},{\"@type\":\"WebPage\",\"@id\":\"https:\/\/lyonbondyblog.fr\/LBB\/agenda-de-la-semaine-6\/\",\"url\":\"https:\/\/lyonbondyblog.fr\/LBB\/agenda-de-la-semaine-6\/\",\"name\":\"Agenda de la semaine # 6 - Lyon Bondy Blog\",\"isPartOf\":{\"@id\":\"https:\/\/lyonbondyblog.fr\/LBB\/#website\"},\"primaryImageOfPage\":{\"@id\":\"https:\/\/lyonbondyblog.fr\/LBB\/agenda-de-la-semaine-6\/#primaryimage\"},\"image\":{\"@id\":\"https:\/\/lyonbondyblog.fr\/LBB\/agenda-de-la-semaine-6\/#primaryimage\"},\"thumbnailUrl\":\"https:\/\/lyonbondyblog.fr\/LBB\/wp-content\/uploads\/2013\/07\/agenda_semaine_LBB_t1.jpg\",\"datePublished\":\"2010-11-15T10:01:18+00:00\",\"dateModified\":\"2013-07-31T09:03:33+00:00\",\"inLanguage\":\"fr-FR\",\"potentialAction\":[{\"@type\":\"ReadAction\",\"target\":[\"https:\/\/lyonbondyblog.fr\/LBB\/agenda-de-la-semaine-6\/\"]}]},{\"@type\":\"ImageObject\",\"inLanguage\":\"fr-FR\",\"@id\":\"https:\/\/lyonbondyblog.fr\/LBB\/agenda-de-la-semaine-6\/#primaryimage\",\"url\":\"https:\/\/lyonbondyblog.fr\/LBB\/wp-content\/uploads\/2013\/07\/agenda_semaine_LBB_t1.jpg\",\"contentUrl\":\"https:\/\/lyonbondyblog.fr\/LBB\/wp-content\/uploads\/2013\/07\/agenda_semaine_LBB_t1.jpg\",\"width\":193,\"height\":145},{\"@type\":\"WebSite\",\"@id\":\"https:\/\/lyonbondyblog.fr\/LBB\/#website\",\"url\":\"https:\/\/lyonbondyblog.fr\/LBB\/\",\"name\":\"Lyon Bondy Blog\",\"description\":\"\",\"publisher\":{\"@id\":\"https:\/\/lyonbondyblog.fr\/LBB\/#organization\"},\"potentialAction\":[{\"@type\":\"SearchAction\",\"target\":{\"@type\":\"EntryPoint\",\"urlTemplate\":\"https:\/\/lyonbondyblog.fr\/LBB\/?s={search_term_string}\"},\"query-input\":\"required name=search_term_string\"}],\"inLanguage\":\"fr-FR\"},{\"@type\":\"Organization\",\"@id\":\"https:\/\/lyonbondyblog.fr\/LBB\/#organization\",\"name\":\"LYON BONDY BLOG\",\"url\":\"https:\/\/lyonbondyblog.fr\/LBB\/\",\"logo\":{\"@type\":\"ImageObject\",\"inLanguage\":\"fr-FR\",\"@id\":\"https:\/\/lyonbondyblog.fr\/LBB\/#\/schema\/logo\/image\/\",\"url\":\"http:\/\/lyonbondyblog.fr\/LBB\/wp-content\/uploads\/2014\/10\/logo-portable-144.png\",\"contentUrl\":\"http:\/\/lyonbondyblog.fr\/LBB\/wp-content\/uploads\/2014\/10\/logo-portable-144.png\",\"width\":144,\"height\":123,\"caption\":\"LYON BONDY BLOG\"},\"image\":{\"@id\":\"https:\/\/lyonbondyblog.fr\/LBB\/#\/schema\/logo\/image\/\"},\"sameAs\":[\"https:\/\/www.facebook.com\/lyonbondyblog\",\"https:\/\/x.com\/bondybloglyon\"]},{\"@type\":\"Person\",\"@id\":\"https:\/\/lyonbondyblog.fr\/LBB\/#\/schema\/person\/e45f8d27baac75072daa0be50c409b25\",\"name\":\"La r\u00e9daction\",\"description\":\"Cr\u00e9e en 2008, la r\u00e9daction du Lyon Bondy Blog s'applique \u00e0 proposer une information locale diff\u00e9rente et compl\u00e9mentaire des m\u00e9dias traditionnels.\",\"sameAs\":[\"https:\/\/www.facebook.com\/lyonbondyblog\",\"https:\/\/x.com\/BondyBlogLyon\"],\"url\":\"https:\/\/lyonbondyblog.fr\/LBB\/author\/admin\/\"}]}<\/script>\n<!-- \/ Yoast SEO plugin. -->","yoast_head_json":{"title":"Agenda de la semaine # 6 - Lyon Bondy Blog","robots":{"index":"index","follow":"follow","max-snippet":"max-snippet:-1","max-image-preview":"max-image-preview:large","max-video-preview":"max-video-preview:-1"},"canonical":"https:\/\/lyonbondyblog.fr\/LBB\/agenda-de-la-semaine-6\/","og_locale":"fr_FR","og_type":"article","og_title":"Agenda de la semaine # 6 - Lyon Bondy Blog","og_description":"Chaque lundi, le LBB vous propose une s\u00e9lection des \u00e9v\u00e8nements culturels et sportifs de la semaine, \u00e0 Lyon et dans sa banlieue. \u00a0 Au menu, &hellip;","og_url":"https:\/\/lyonbondyblog.fr\/LBB\/agenda-de-la-semaine-6\/","og_site_name":"Lyon Bondy Blog","article_publisher":"https:\/\/www.facebook.com\/lyonbondyblog","article_author":"https:\/\/www.facebook.com\/lyonbondyblog","article_published_time":"2010-11-15T10:01:18+00:00","article_modified_time":"2013-07-31T09:03:33+00:00","og_image":[{"width":193,"height":145,"url":"https:\/\/lyonbondyblog.fr\/LBB\/wp-content\/uploads\/2013\/07\/agenda_semaine_LBB_t1.jpg","type":"image\/jpeg"}],"author":"La r\u00e9daction","twitter_card":"summary_large_image","twitter_creator":"@BondyBlogLyon","twitter_site":"@bondybloglyon","schema":{"@context":"https:\/\/schema.org","@graph":[{"@type":"Article","@id":"https:\/\/lyonbondyblog.fr\/LBB\/agenda-de-la-semaine-6\/#article","isPartOf":{"@id":"https:\/\/lyonbondyblog.fr\/LBB\/agenda-de-la-semaine-6\/"},"author":{"name":"La r\u00e9daction","@id":"https:\/\/lyonbondyblog.fr\/LBB\/#\/schema\/person\/e45f8d27baac75072daa0be50c409b25"},"headline":"Agenda de la semaine # 6","datePublished":"2010-11-15T10:01:18+00:00","dateModified":"2013-07-31T09:03:33+00:00","mainEntityOfPage":{"@id":"https:\/\/lyonbondyblog.fr\/LBB\/agenda-de-la-semaine-6\/"},"wordCount":829,"commentCount":0,"publisher":{"@id":"https:\/\/lyonbondyblog.fr\/LBB\/#organization"},"image":{"@id":"https:\/\/lyonbondyblog.fr\/LBB\/agenda-de-la-semaine-6\/#primaryimage"},"thumbnailUrl":"https:\/\/lyonbondyblog.fr\/LBB\/wp-content\/uploads\/2013\/07\/agenda_semaine_LBB_t1.jpg","keywords":["Agenda","lyon","Lyon Bondy Blog"],"articleSection":["Lyon"],"inLanguage":"fr-FR","potentialAction":[{"@type":"CommentAction","name":"Comment","target":["https:\/\/lyonbondyblog.fr\/LBB\/agenda-de-la-semaine-6\/#respond"]}]},{"@type":"WebPage","@id":"https:\/\/lyonbondyblog.fr\/LBB\/agenda-de-la-semaine-6\/","url":"https:\/\/lyonbondyblog.fr\/LBB\/agenda-de-la-semaine-6\/","name":"Agenda de la semaine # 6 - Lyon Bondy Blog","isPartOf":{"@id":"https:\/\/lyonbondyblog.fr\/LBB\/#website"},"primaryImageOfPage":{"@id":"https:\/\/lyonbondyblog.fr\/LBB\/agenda-de-la-semaine-6\/#primaryimage"},"image":{"@id":"https:\/\/lyonbondyblog.fr\/LBB\/agenda-de-la-semaine-6\/#primaryimage"},"thumbnailUrl":"https:\/\/lyonbondyblog.fr\/LBB\/wp-content\/uploads\/2013\/07\/agenda_semaine_LBB_t1.jpg","datePublished":"2010-11-15T10:01:18+00:00","dateModified":"2013-07-31T09:03:33+00:00","inLanguage":"fr-FR","potentialAction":[{"@type":"ReadAction","target":["https:\/\/lyonbondyblog.fr\/LBB\/agenda-de-la-semaine-6\/"]}]},{"@type":"ImageObject","inLanguage":"fr-FR","@id":"https:\/\/lyonbondyblog.fr\/LBB\/agenda-de-la-semaine-6\/#primaryimage","url":"https:\/\/lyonbondyblog.fr\/LBB\/wp-content\/uploads\/2013\/07\/agenda_semaine_LBB_t1.jpg","contentUrl":"https:\/\/lyonbondyblog.fr\/LBB\/wp-content\/uploads\/2013\/07\/agenda_semaine_LBB_t1.jpg","width":193,"height":145},{"@type":"WebSite","@id":"https:\/\/lyonbondyblog.fr\/LBB\/#website","url":"https:\/\/lyonbondyblog.fr\/LBB\/","name":"Lyon Bondy Blog","description":"","publisher":{"@id":"https:\/\/lyonbondyblog.fr\/LBB\/#organization"},"potentialAction":[{"@type":"SearchAction","target":{"@type":"EntryPoint","urlTemplate":"https:\/\/lyonbondyblog.fr\/LBB\/?s={search_term_string}"},"query-input":"required name=search_term_string"}],"inLanguage":"fr-FR"},{"@type":"Organization","@id":"https:\/\/lyonbondyblog.fr\/LBB\/#organization","name":"LYON BONDY BLOG","url":"https:\/\/lyonbondyblog.fr\/LBB\/","logo":{"@type":"ImageObject","inLanguage":"fr-FR","@id":"https:\/\/lyonbondyblog.fr\/LBB\/#\/schema\/logo\/image\/","url":"http:\/\/lyonbondyblog.fr\/LBB\/wp-content\/uploads\/2014\/10\/logo-portable-144.png","contentUrl":"http:\/\/lyonbondyblog.fr\/LBB\/wp-content\/uploads\/2014\/10\/logo-portable-144.png","width":144,"height":123,"caption":"LYON BONDY BLOG"},"image":{"@id":"https:\/\/lyonbondyblog.fr\/LBB\/#\/schema\/logo\/image\/"},"sameAs":["https:\/\/www.facebook.com\/lyonbondyblog","https:\/\/x.com\/bondybloglyon"]},{"@type":"Person","@id":"https:\/\/lyonbondyblog.fr\/LBB\/#\/schema\/person\/e45f8d27baac75072daa0be50c409b25","name":"La r\u00e9daction","description":"Cr\u00e9e en 2008, la r\u00e9daction du Lyon Bondy Blog s'applique \u00e0 proposer une information locale diff\u00e9rente et compl\u00e9mentaire des m\u00e9dias traditionnels.","sameAs":["https:\/\/www.facebook.com\/lyonbondyblog","https:\/\/x.com\/BondyBlogLyon"],"url":"https:\/\/lyonbondyblog.fr\/LBB\/author\/admin\/"}]}},"_links":{"self":[{"href":"https:\/\/lyonbondyblog.fr\/LBB\/wp-json\/wp\/v2\/posts\/2368","targetHints":{"allow":["GET"]}}],"collection":[{"href":"https:\/\/lyonbondyblog.fr\/LBB\/wp-json\/wp\/v2\/posts"}],"about":[{"href":"https:\/\/lyonbondyblog.fr\/LBB\/wp-json\/wp\/v2\/types\/post"}],"author":[{"embeddable":true,"href":"https:\/\/lyonbondyblog.fr\/LBB\/wp-json\/wp\/v2\/users\/1"}],"replies":[{"embeddable":true,"href":"https:\/\/lyonbondyblog.fr\/LBB\/wp-json\/wp\/v2\/comments?post=2368"}],"version-history":[{"count":0,"href":"https:\/\/lyonbondyblog.fr\/LBB\/wp-json\/wp\/v2\/posts\/2368\/revisions"}],"wp:featuredmedia":[{"embeddable":true,"href":"https:\/\/lyonbondyblog.fr\/LBB\/wp-json\/wp\/v2\/media\/2369"}],"wp:attachment":[{"href":"https:\/\/lyonbondyblog.fr\/LBB\/wp-json\/wp\/v2\/media?parent=2368"}],"wp:term":[{"taxonomy":"category","embeddable":true,"href":"https:\/\/lyonbondyblog.fr\/LBB\/wp-json\/wp\/v2\/categories?post=2368"},{"taxonomy":"post_tag","embeddable":true,"href":"https:\/\/lyonbondyblog.fr\/LBB\/wp-json\/wp\/v2\/tags?post=2368"}],"curies":[{"name":"wp","href":"https:\/\/api.w.org\/{rel}","templated":true}]}}