{"id":23675,"date":"2021-07-20T17:01:48","date_gmt":"2021-07-20T15:01:48","guid":{"rendered":"http:\/\/lyonbondyblog.fr\/LBB\/?p=23675"},"modified":"2021-10-25T10:17:27","modified_gmt":"2021-10-25T08:17:27","slug":"viree-entre-filles-avec-copines-de-sorties","status":"publish","type":"post","link":"https:\/\/lyonbondyblog.fr\/LBB\/viree-entre-filles-avec-copines-de-sorties\/","title":{"rendered":"Vir\u00e9e entre filles avec \u00ab copines de sorties \u00bb"},"content":{"rendered":"\n<h4 class=\"wp-block-heading\">Trouver des copines pour sortir, aller boire un verre, se balader ou partir en week-end, c\u2019est l\u2019objectif de cette page Facebook qui regroupe plus de 5000 Lyonnaises. Cr\u00e9\u00e9e en 2019 par Sonia S., la jeune femme continue d\u2019initier et de participer \u00e0 des \u00e9v\u00e8nements, comme ce lundi apr\u00e8s-midi.<\/h4>\n\n\n\n<p>17h50 au Etienne Caf\u00e9 \u00e0 Villeurbanne, il fait chaud et quatre femmes sirotent des boissons en terrasse. Elles se connaissent \u00e0 peine mais discussions et \u00e9clats de rires animent la petite table. L\u2019origine de cette entrevue, une publication Facebook sur le groupe \u201cCopines de sortie Lyon\u201d. \u00ab Hello les filles,&nbsp;qui est dispo pour un after work autour d\u2019un caf\u00e9 lundi&nbsp;?&nbsp;\u00bb, assortie d\u2019une photo d\u2019un jus de fruit et d\u2019un smiley souriant. Des publications comme celles-ci, il y en a plusieurs par jour sur ce groupe. Des filles proposent et d\u2019autres les rejoignent, selon les envies, pour un verre, une s\u00e9ance de cin\u00e9ma, une randonn\u00e9e ou m\u00eame pour un week-end ou des vacances.<\/p>\n\n\n\n<p>Autour de la table, ce jour-l\u00e0, Sonia S., 29 ans, la cr\u00e9atrice de la page, sa s\u0153ur Souad, 45 ans et deux autres filles qui ont vu pass\u00e9 la proposition de Sonia. \u00ab\u00a0J\u2019ai r\u00e9pondu au dernier moment, j\u2019avais envie de m\u2019a\u00e9rer apr\u00e8s ma journ\u00e9e \u00e0 travailler\u00a0\u00bb, justifie Sana, 36 ans, auto-entrepreneuse, install\u00e9e \u00e0 Lyon depuis deux ans. Obnubil\u00e9e par son travail en ind\u00e9pendante, elle ne conna\u00eet pas grand monde dans la Capitale des Gaules. Il y a une semaine, elle a d\u00e9cid\u00e9 de sauter le pas, c\u2019est d\u00e9j\u00e0 sa troisi\u00e8me sortie\u00a0: \u00ab\u00a0Je me suis rendu compte que j\u2019\u00e9tais dans une ville qui bouge et que je n\u2019en profitais pas. En une semaine, j\u2019ai fait une sortie au lac de Miribel, je suis all\u00e9e boire un verre et aujourd\u2019hui je suis l\u00e0. C\u2019est g\u00e9nial parce qu\u2019on rencontre plein de personnes de tous les milieux \u00bb, se r\u00e9jouit la jeune entrepreneuse en buvant son smoothie.<\/p>\n\n\n\n<h4 class=\"wp-block-heading\">\u00ab&nbsp;J\u2019ai rencontr\u00e9 environ 500 personnes en deux ans&nbsp;\u00bb<\/h4>\n\n\n\n<p>Femmes actives install\u00e9es depuis peu \u00e0 Lyon, comme Sana, femmes s\u00e9par\u00e9es ou c\u00e9libataires, ou simplement pour rencontrer du monde, le groupe Facebook agr\u00e8ge des femmes de tout \u00e2ge et de toute profession. Toutes recherchent la m\u00eame chose&nbsp;: rencontrer et partager de bons moments entre filles. \u00ab&nbsp;J\u2019ai d\u00fb rencontrer 500 filles en deux ans&nbsp;\u00bb, indique Sonia, la cr\u00e9atrice de la page.<\/p>\n\n\n\n<div class=\"wp-block-image\"><figure class=\"aligncenter size-large is-resized\"><img loading=\"lazy\" decoding=\"async\" src=\"https:\/\/lyonbondyblog.fr\/LBB\/wp-content\/uploads\/2021\/06\/Capture-decran-157-1.jpg\" alt=\"\" class=\"wp-image-23681\" width=\"284\" height=\"407\"\/><figcaption>Quotidiennement plusieurs publications comme celle-ci sont publi\u00e9es sur la page. <\/figcaption><\/figure><\/div>\n\n\n\n<p>L\u2019id\u00e9e de ce groupe, lui vient en 2019. La jeune femme divorce, ses amies sont toutes cas\u00e9es et la Lyonnaise a envie de sortir mais plus personne pour l\u2019accompagner&nbsp;: \u00ab&nbsp;Je me suis retrouv\u00e9e seule dans ma propre ville&nbsp;\u00bb, explique-t-elle en jouant avec sa paille dans son milkshake. Un soir, alors qu\u2019elle s\u2019appr\u00eatait \u00e0 sortir avec sa s\u0153ur, cette derni\u00e8re annule au dernier moment. C\u2019est la d\u00e9convenue de trop pour Sonia&nbsp;: \u00ab&nbsp;Je n\u2019avais plus envie d\u2019attendre que quelqu\u2019un de mon entourage soit disponible pour profiter de ma vie. Et j\u2019\u00e9tais persuad\u00e9e que je n\u2019\u00e9tais pas la seule \u00e0 \u00eatre seule&nbsp;\u00bb. Les filles autour de la table hochent la t\u00eate. La charg\u00e9e d\u2019assistance en assurance d\u00e9cide alors de cr\u00e9er ce groupe Facebook en ao\u00fbt 2019&nbsp;pour trouver des \u201ccopines de sortie\u201c : \u00ab&nbsp;Il existait d\u00e9j\u00e0 des groupes de sortie et de rencontre sur le r\u00e9seau social mais entre les dragueurs et les mecs bizarres, \u00e7a ne me convenait pas. L\u00e0, c\u2019est uniquement r\u00e9serv\u00e9 aux femmes&nbsp;\u00bb.<\/p>\n\n\n\n<h4 class=\"wp-block-heading\">\u00ab&nbsp;Il y aura toujours des personnes motiv\u00e9es \u00e0 bouger \u00bb<\/h4>\n\n\n\n<p>Aujourd\u2019hui le groupe compte pr\u00e8s de 5000 membres, mais derni\u00e8rement beaucoup de femmes ont saut\u00e9 le pas. \u00ab\u00a0Depuis le deuxi\u00e8me confinement, il y a eu 4000 membres de plus. Il y a un vrai effet Covid\u00a0\u00bb, expose Sonia. L\u2019envie de profiter apr\u00e8s cette p\u00e9riode difficile est partag\u00e9e par beaucoup. C\u2019est le cas de Sihem, 40 ans, une habitu\u00e9e du groupe\u00a0: \u00ab Je travaille dans l\u2019informatique et tous mes coll\u00e8gues sont des hommes\u00a0\u00bb. Elle conna\u00eet Sonia et Souad, qu\u2019elle a rencontr\u00e9 \u00e0 plusieurs reprises\u00a0: \u00ab\u00a0La premi\u00e8re fois que tu es venue, c\u2019\u00e9tait en novembre 2019, quand on faisait le tour du monde des saveurs, au resto libanais. On n\u2019avait tellement pas envie de partir que la soir\u00e9e a fini \u00e0 3h du matin\u00a0\u00bb, se souvient la cr\u00e9atrice de la page, tout sourire. Au d\u00e9but, Sihem \u00e9tait h\u00e9sitante\u00a0: \u00ab\u00a0Je me disais \u2018\u00e7a va faire la meuf qui n\u2019a pas d\u2019amis\u2019, mais au final c\u2019\u00e9tait g\u00e9nial. Maintenant d\u00e8s que j\u2019ai envie de me changer les id\u00e9es j\u2019y vais, et je sais qu\u2019il y aura toujours des filles motiv\u00e9es \u00e0 bouger\u00a0\u00bb.<\/p>\n\n\n\n<figure class=\"wp-block-image size-large\"><img loading=\"lazy\" decoding=\"async\" width=\"960\" height=\"720\" src=\"https:\/\/lyonbondyblog.fr\/LBB\/wp-content\/uploads\/2021\/06\/sortie-parc-1.jpg\" alt=\"\" class=\"wp-image-23678\" srcset=\"https:\/\/lyonbondyblog.fr\/LBB\/wp-content\/uploads\/2021\/06\/sortie-parc-1.jpg 960w, https:\/\/lyonbondyblog.fr\/LBB\/wp-content\/uploads\/2021\/06\/sortie-parc-1-768x576.jpg 768w\" sizes=\"auto, (max-width: 960px) 100vw, 960px\" \/><figcaption>Pour un pique-nique au parc, un verre ou un cin\u00e9ma, chaque \u00ab\u00a0mini-\u00e9v\u00e8nement\u00a0\u00bb rassemble du monde.<\/figcaption><\/figure>\n\n\n\n<h4 class=\"wp-block-heading\">\u00ab&nbsp;Deux filles sont devenues meilleures amies&nbsp;\u00bb<\/h4>\n\n\n\n<p>Journ\u00e9e spa \u00e0 Aix-les-Bains pour Sihem, week-end \u00e0 Barcelone pour Souad ou nouvel an endiabl\u00e9 pour Sonia, chacune s\u2019est forg\u00e9e de beaux souvenirs. Certaines rencontres ont m\u00eame conduit \u00e0 de fortes amiti\u00e9s : \u00ab Deux filles se sont rencontr\u00e9es lors d\u2019un voyage en Cr\u00e8te et elles sont devenus meilleures amies, elles passent tout leur temps ensemble et ont m\u00eame pass\u00e9 le premier confinement ensemble \u00bb, raconte la charg\u00e9e d\u2019assistance en assurance.<\/p>\n\n\n\n<p>Etant donn\u00e9 l\u2019ampleur du ph\u00e9nom\u00e8ne du groupe, Sonia S. a d\u00e9cid\u00e9 de cr\u00e9er une association de loisir \u00ab\u00a0Sahbi\u00a0\u00bb, notamment \u00ab\u00a0pour \u00eatre mieux cadr\u00e9 au niveau de la responsabilit\u00e9 sur certains \u00e9v\u00e8nements\u00a0\u00bb. Elle a aussi profit\u00e9 de l\u2019engouement de la page pour mobiliser des femmes volontaires pour devenir b\u00e9n\u00e9vole pour faire des maraudes pendant le confinement au profit d\u2019une association.\u00a0\u00ab\u00a0Les gens avaient envie de s\u2019engager et de servir \u00e0 quelque chose pendant cette p\u00e9riode et c\u2019\u00e9tait aussi l\u2019occasion de se rencontrer\u00a0\u00bb.\u00a0 En ce moment, elle s\u2019organise pour pr\u00e9voir des \u00e9v\u00e8nements durant tout l\u2019\u00e9t\u00e9\u00a0: \u00ab\u00a0J\u2019ai d\u00e9j\u00e0 bloqu\u00e9 tous mes week-end, le programme risque d\u2019\u00eatre charg\u00e9\u00a0\u00bb, sourit-elle. Juste avant de se quitter, d\u2019autres projets de sortie se profilent pour la petite bande\u00a0:\u00a0\u00ab\u00a0J\u2019ai trop envie d\u2019aller \u00e0 Marseille, les Calanques c\u2019est magnifique\u00a0\u00bb, souffle l\u2019une d\u2019elle. Peut-\u00eatre la future destination d\u2019un voyage entre copines\u00a0?<\/p>\n\n\n\n<p>Iris BRONNER<\/p>\n<!-- AddThis Advanced Settings generic via filter on the_content --><!-- AddThis Share Buttons generic via filter on the_content -->","protected":false},"excerpt":{"rendered":"<p>Trouver des copines pour sortir, aller boire un verre, se balader ou partir en week-end, c\u2019est l\u2019objectif de cette page Facebook qui regroupe plus de &hellip; <!-- AddThis Advanced Settings generic via filter on wp_trim_excerpt --><!-- AddThis Share Buttons generic via filter on wp_trim_excerpt --><\/p>\n","protected":false},"author":1,"featured_media":24430,"comment_status":"open","ping_status":"open","sticky":true,"template":"","format":"standard","meta":{"_FSMCFIC_featured_image_caption":"","_FSMCFIC_featured_image_nocaption":"","_FSMCFIC_featured_image_hide":"","footnotes":""},"categories":[4],"tags":[],"class_list":["post-23675","post","type-post","status-publish","format-standard","has-post-thumbnail","hentry","category-lyon"],"yoast_head":"<!-- This site is optimized with the Yoast SEO plugin v22.8 - https:\/\/yoast.com\/wordpress\/plugins\/seo\/ -->\n<title>Vir\u00e9e entre filles avec \u00ab copines de sorties \u00bb - Lyon Bondy Blog<\/title>\n<meta name=\"robots\" content=\"index, follow, max-snippet:-1, max-image-preview:large, max-video-preview:-1\" \/>\n<link rel=\"canonical\" href=\"https:\/\/lyonbondyblog.fr\/LBB\/viree-entre-filles-avec-copines-de-sorties\/\" \/>\n<meta property=\"og:locale\" content=\"fr_FR\" \/>\n<meta property=\"og:type\" content=\"article\" \/>\n<meta property=\"og:title\" content=\"Vir\u00e9e entre filles avec \u00ab copines de sorties \u00bb - Lyon Bondy Blog\" \/>\n<meta property=\"og:description\" content=\"Trouver des copines pour sortir, aller boire un verre, se balader ou partir en week-end, c\u2019est l\u2019objectif de cette page Facebook qui regroupe plus de &hellip;\" \/>\n<meta property=\"og:url\" content=\"https:\/\/lyonbondyblog.fr\/LBB\/viree-entre-filles-avec-copines-de-sorties\/\" \/>\n<meta property=\"og:site_name\" content=\"Lyon Bondy Blog\" \/>\n<meta property=\"article:publisher\" content=\"https:\/\/www.facebook.com\/lyonbondyblog\" \/>\n<meta property=\"article:author\" content=\"https:\/\/www.facebook.com\/lyonbondyblog\" \/>\n<meta property=\"article:published_time\" content=\"2021-07-20T15:01:48+00:00\" \/>\n<meta property=\"article:modified_time\" content=\"2021-10-25T08:17:27+00:00\" \/>\n<meta property=\"og:image\" content=\"https:\/\/lyonbondyblog.fr\/LBB\/wp-content\/uploads\/2021\/06\/sortie-parc-1-e1626789734486.jpeg\" \/>\n\t<meta property=\"og:image:width\" content=\"600\" \/>\n\t<meta property=\"og:image:height\" content=\"450\" \/>\n\t<meta property=\"og:image:type\" content=\"image\/jpeg\" \/>\n<meta name=\"author\" content=\"La r\u00e9daction\" \/>\n<meta name=\"twitter:card\" content=\"summary_large_image\" \/>\n<meta name=\"twitter:creator\" content=\"@BondyBlogLyon\" \/>\n<meta name=\"twitter:site\" content=\"@bondybloglyon\" \/>\n<script type=\"application\/ld+json\" class=\"yoast-schema-graph\">{\"@context\":\"https:\/\/schema.org\",\"@graph\":[{\"@type\":\"Article\",\"@id\":\"https:\/\/lyonbondyblog.fr\/LBB\/viree-entre-filles-avec-copines-de-sorties\/#article\",\"isPartOf\":{\"@id\":\"https:\/\/lyonbondyblog.fr\/LBB\/viree-entre-filles-avec-copines-de-sorties\/\"},\"author\":{\"name\":\"La r\u00e9daction\",\"@id\":\"https:\/\/lyonbondyblog.fr\/LBB\/#\/schema\/person\/e45f8d27baac75072daa0be50c409b25\"},\"headline\":\"Vir\u00e9e entre filles avec \u00ab copines de sorties \u00bb\",\"datePublished\":\"2021-07-20T15:01:48+00:00\",\"dateModified\":\"2021-10-25T08:17:27+00:00\",\"mainEntityOfPage\":{\"@id\":\"https:\/\/lyonbondyblog.fr\/LBB\/viree-entre-filles-avec-copines-de-sorties\/\"},\"wordCount\":1122,\"commentCount\":0,\"publisher\":{\"@id\":\"https:\/\/lyonbondyblog.fr\/LBB\/#organization\"},\"image\":{\"@id\":\"https:\/\/lyonbondyblog.fr\/LBB\/viree-entre-filles-avec-copines-de-sorties\/#primaryimage\"},\"thumbnailUrl\":\"https:\/\/lyonbondyblog.fr\/LBB\/wp-content\/uploads\/2021\/06\/sortie-parc-1-e1626789734486.jpeg\",\"articleSection\":[\"Lyon\"],\"inLanguage\":\"fr-FR\",\"potentialAction\":[{\"@type\":\"CommentAction\",\"name\":\"Comment\",\"target\":[\"https:\/\/lyonbondyblog.fr\/LBB\/viree-entre-filles-avec-copines-de-sorties\/#respond\"]}]},{\"@type\":\"WebPage\",\"@id\":\"https:\/\/lyonbondyblog.fr\/LBB\/viree-entre-filles-avec-copines-de-sorties\/\",\"url\":\"https:\/\/lyonbondyblog.fr\/LBB\/viree-entre-filles-avec-copines-de-sorties\/\",\"name\":\"Vir\u00e9e entre filles avec \u00ab copines de sorties \u00bb - Lyon Bondy Blog\",\"isPartOf\":{\"@id\":\"https:\/\/lyonbondyblog.fr\/LBB\/#website\"},\"primaryImageOfPage\":{\"@id\":\"https:\/\/lyonbondyblog.fr\/LBB\/viree-entre-filles-avec-copines-de-sorties\/#primaryimage\"},\"image\":{\"@id\":\"https:\/\/lyonbondyblog.fr\/LBB\/viree-entre-filles-avec-copines-de-sorties\/#primaryimage\"},\"thumbnailUrl\":\"https:\/\/lyonbondyblog.fr\/LBB\/wp-content\/uploads\/2021\/06\/sortie-parc-1-e1626789734486.jpeg\",\"datePublished\":\"2021-07-20T15:01:48+00:00\",\"dateModified\":\"2021-10-25T08:17:27+00:00\",\"inLanguage\":\"fr-FR\",\"potentialAction\":[{\"@type\":\"ReadAction\",\"target\":[\"https:\/\/lyonbondyblog.fr\/LBB\/viree-entre-filles-avec-copines-de-sorties\/\"]}]},{\"@type\":\"ImageObject\",\"inLanguage\":\"fr-FR\",\"@id\":\"https:\/\/lyonbondyblog.fr\/LBB\/viree-entre-filles-avec-copines-de-sorties\/#primaryimage\",\"url\":\"https:\/\/lyonbondyblog.fr\/LBB\/wp-content\/uploads\/2021\/06\/sortie-parc-1-e1626789734486.jpeg\",\"contentUrl\":\"https:\/\/lyonbondyblog.fr\/LBB\/wp-content\/uploads\/2021\/06\/sortie-parc-1-e1626789734486.jpeg\",\"width\":600,\"height\":450,\"caption\":\"Sorties entre filles. Cr\u00e9dits: Lyon Bondy Blog\"},{\"@type\":\"WebSite\",\"@id\":\"https:\/\/lyonbondyblog.fr\/LBB\/#website\",\"url\":\"https:\/\/lyonbondyblog.fr\/LBB\/\",\"name\":\"Lyon Bondy Blog\",\"description\":\"\",\"publisher\":{\"@id\":\"https:\/\/lyonbondyblog.fr\/LBB\/#organization\"},\"potentialAction\":[{\"@type\":\"SearchAction\",\"target\":{\"@type\":\"EntryPoint\",\"urlTemplate\":\"https:\/\/lyonbondyblog.fr\/LBB\/?s={search_term_string}\"},\"query-input\":\"required name=search_term_string\"}],\"inLanguage\":\"fr-FR\"},{\"@type\":\"Organization\",\"@id\":\"https:\/\/lyonbondyblog.fr\/LBB\/#organization\",\"name\":\"LYON BONDY BLOG\",\"url\":\"https:\/\/lyonbondyblog.fr\/LBB\/\",\"logo\":{\"@type\":\"ImageObject\",\"inLanguage\":\"fr-FR\",\"@id\":\"https:\/\/lyonbondyblog.fr\/LBB\/#\/schema\/logo\/image\/\",\"url\":\"http:\/\/lyonbondyblog.fr\/LBB\/wp-content\/uploads\/2014\/10\/logo-portable-144.png\",\"contentUrl\":\"http:\/\/lyonbondyblog.fr\/LBB\/wp-content\/uploads\/2014\/10\/logo-portable-144.png\",\"width\":144,\"height\":123,\"caption\":\"LYON BONDY BLOG\"},\"image\":{\"@id\":\"https:\/\/lyonbondyblog.fr\/LBB\/#\/schema\/logo\/image\/\"},\"sameAs\":[\"https:\/\/www.facebook.com\/lyonbondyblog\",\"https:\/\/x.com\/bondybloglyon\"]},{\"@type\":\"Person\",\"@id\":\"https:\/\/lyonbondyblog.fr\/LBB\/#\/schema\/person\/e45f8d27baac75072daa0be50c409b25\",\"name\":\"La r\u00e9daction\",\"description\":\"Cr\u00e9e en 2008, la r\u00e9daction du Lyon Bondy Blog s'applique \u00e0 proposer une information locale diff\u00e9rente et compl\u00e9mentaire des m\u00e9dias traditionnels.\",\"sameAs\":[\"https:\/\/www.facebook.com\/lyonbondyblog\",\"https:\/\/x.com\/BondyBlogLyon\"],\"url\":\"https:\/\/lyonbondyblog.fr\/LBB\/author\/admin\/\"}]}<\/script>\n<!-- \/ Yoast SEO plugin. -->","yoast_head_json":{"title":"Vir\u00e9e entre filles avec \u00ab copines de sorties \u00bb - Lyon Bondy Blog","robots":{"index":"index","follow":"follow","max-snippet":"max-snippet:-1","max-image-preview":"max-image-preview:large","max-video-preview":"max-video-preview:-1"},"canonical":"https:\/\/lyonbondyblog.fr\/LBB\/viree-entre-filles-avec-copines-de-sorties\/","og_locale":"fr_FR","og_type":"article","og_title":"Vir\u00e9e entre filles avec \u00ab copines de sorties \u00bb - Lyon Bondy Blog","og_description":"Trouver des copines pour sortir, aller boire un verre, se balader ou partir en week-end, c\u2019est l\u2019objectif de cette page Facebook qui regroupe plus de &hellip;","og_url":"https:\/\/lyonbondyblog.fr\/LBB\/viree-entre-filles-avec-copines-de-sorties\/","og_site_name":"Lyon Bondy Blog","article_publisher":"https:\/\/www.facebook.com\/lyonbondyblog","article_author":"https:\/\/www.facebook.com\/lyonbondyblog","article_published_time":"2021-07-20T15:01:48+00:00","article_modified_time":"2021-10-25T08:17:27+00:00","og_image":[{"width":600,"height":450,"url":"https:\/\/lyonbondyblog.fr\/LBB\/wp-content\/uploads\/2021\/06\/sortie-parc-1-e1626789734486.jpeg","type":"image\/jpeg"}],"author":"La r\u00e9daction","twitter_card":"summary_large_image","twitter_creator":"@BondyBlogLyon","twitter_site":"@bondybloglyon","schema":{"@context":"https:\/\/schema.org","@graph":[{"@type":"Article","@id":"https:\/\/lyonbondyblog.fr\/LBB\/viree-entre-filles-avec-copines-de-sorties\/#article","isPartOf":{"@id":"https:\/\/lyonbondyblog.fr\/LBB\/viree-entre-filles-avec-copines-de-sorties\/"},"author":{"name":"La r\u00e9daction","@id":"https:\/\/lyonbondyblog.fr\/LBB\/#\/schema\/person\/e45f8d27baac75072daa0be50c409b25"},"headline":"Vir\u00e9e entre filles avec \u00ab copines de sorties \u00bb","datePublished":"2021-07-20T15:01:48+00:00","dateModified":"2021-10-25T08:17:27+00:00","mainEntityOfPage":{"@id":"https:\/\/lyonbondyblog.fr\/LBB\/viree-entre-filles-avec-copines-de-sorties\/"},"wordCount":1122,"commentCount":0,"publisher":{"@id":"https:\/\/lyonbondyblog.fr\/LBB\/#organization"},"image":{"@id":"https:\/\/lyonbondyblog.fr\/LBB\/viree-entre-filles-avec-copines-de-sorties\/#primaryimage"},"thumbnailUrl":"https:\/\/lyonbondyblog.fr\/LBB\/wp-content\/uploads\/2021\/06\/sortie-parc-1-e1626789734486.jpeg","articleSection":["Lyon"],"inLanguage":"fr-FR","potentialAction":[{"@type":"CommentAction","name":"Comment","target":["https:\/\/lyonbondyblog.fr\/LBB\/viree-entre-filles-avec-copines-de-sorties\/#respond"]}]},{"@type":"WebPage","@id":"https:\/\/lyonbondyblog.fr\/LBB\/viree-entre-filles-avec-copines-de-sorties\/","url":"https:\/\/lyonbondyblog.fr\/LBB\/viree-entre-filles-avec-copines-de-sorties\/","name":"Vir\u00e9e entre filles avec \u00ab copines de sorties \u00bb - Lyon Bondy Blog","isPartOf":{"@id":"https:\/\/lyonbondyblog.fr\/LBB\/#website"},"primaryImageOfPage":{"@id":"https:\/\/lyonbondyblog.fr\/LBB\/viree-entre-filles-avec-copines-de-sorties\/#primaryimage"},"image":{"@id":"https:\/\/lyonbondyblog.fr\/LBB\/viree-entre-filles-avec-copines-de-sorties\/#primaryimage"},"thumbnailUrl":"https:\/\/lyonbondyblog.fr\/LBB\/wp-content\/uploads\/2021\/06\/sortie-parc-1-e1626789734486.jpeg","datePublished":"2021-07-20T15:01:48+00:00","dateModified":"2021-10-25T08:17:27+00:00","inLanguage":"fr-FR","potentialAction":[{"@type":"ReadAction","target":["https:\/\/lyonbondyblog.fr\/LBB\/viree-entre-filles-avec-copines-de-sorties\/"]}]},{"@type":"ImageObject","inLanguage":"fr-FR","@id":"https:\/\/lyonbondyblog.fr\/LBB\/viree-entre-filles-avec-copines-de-sorties\/#primaryimage","url":"https:\/\/lyonbondyblog.fr\/LBB\/wp-content\/uploads\/2021\/06\/sortie-parc-1-e1626789734486.jpeg","contentUrl":"https:\/\/lyonbondyblog.fr\/LBB\/wp-content\/uploads\/2021\/06\/sortie-parc-1-e1626789734486.jpeg","width":600,"height":450,"caption":"Sorties entre filles. Cr\u00e9dits: Lyon Bondy Blog"},{"@type":"WebSite","@id":"https:\/\/lyonbondyblog.fr\/LBB\/#website","url":"https:\/\/lyonbondyblog.fr\/LBB\/","name":"Lyon Bondy Blog","description":"","publisher":{"@id":"https:\/\/lyonbondyblog.fr\/LBB\/#organization"},"potentialAction":[{"@type":"SearchAction","target":{"@type":"EntryPoint","urlTemplate":"https:\/\/lyonbondyblog.fr\/LBB\/?s={search_term_string}"},"query-input":"required name=search_term_string"}],"inLanguage":"fr-FR"},{"@type":"Organization","@id":"https:\/\/lyonbondyblog.fr\/LBB\/#organization","name":"LYON BONDY BLOG","url":"https:\/\/lyonbondyblog.fr\/LBB\/","logo":{"@type":"ImageObject","inLanguage":"fr-FR","@id":"https:\/\/lyonbondyblog.fr\/LBB\/#\/schema\/logo\/image\/","url":"http:\/\/lyonbondyblog.fr\/LBB\/wp-content\/uploads\/2014\/10\/logo-portable-144.png","contentUrl":"http:\/\/lyonbondyblog.fr\/LBB\/wp-content\/uploads\/2014\/10\/logo-portable-144.png","width":144,"height":123,"caption":"LYON BONDY BLOG"},"image":{"@id":"https:\/\/lyonbondyblog.fr\/LBB\/#\/schema\/logo\/image\/"},"sameAs":["https:\/\/www.facebook.com\/lyonbondyblog","https:\/\/x.com\/bondybloglyon"]},{"@type":"Person","@id":"https:\/\/lyonbondyblog.fr\/LBB\/#\/schema\/person\/e45f8d27baac75072daa0be50c409b25","name":"La r\u00e9daction","description":"Cr\u00e9e en 2008, la r\u00e9daction du Lyon Bondy Blog s'applique \u00e0 proposer une information locale diff\u00e9rente et compl\u00e9mentaire des m\u00e9dias traditionnels.","sameAs":["https:\/\/www.facebook.com\/lyonbondyblog","https:\/\/x.com\/BondyBlogLyon"],"url":"https:\/\/lyonbondyblog.fr\/LBB\/author\/admin\/"}]}},"_links":{"self":[{"href":"https:\/\/lyonbondyblog.fr\/LBB\/wp-json\/wp\/v2\/posts\/23675","targetHints":{"allow":["GET"]}}],"collection":[{"href":"https:\/\/lyonbondyblog.fr\/LBB\/wp-json\/wp\/v2\/posts"}],"about":[{"href":"https:\/\/lyonbondyblog.fr\/LBB\/wp-json\/wp\/v2\/types\/post"}],"author":[{"embeddable":true,"href":"https:\/\/lyonbondyblog.fr\/LBB\/wp-json\/wp\/v2\/users\/1"}],"replies":[{"embeddable":true,"href":"https:\/\/lyonbondyblog.fr\/LBB\/wp-json\/wp\/v2\/comments?post=23675"}],"version-history":[{"count":8,"href":"https:\/\/lyonbondyblog.fr\/LBB\/wp-json\/wp\/v2\/posts\/23675\/revisions"}],"predecessor-version":[{"id":25164,"href":"https:\/\/lyonbondyblog.fr\/LBB\/wp-json\/wp\/v2\/posts\/23675\/revisions\/25164"}],"wp:featuredmedia":[{"embeddable":true,"href":"https:\/\/lyonbondyblog.fr\/LBB\/wp-json\/wp\/v2\/media\/24430"}],"wp:attachment":[{"href":"https:\/\/lyonbondyblog.fr\/LBB\/wp-json\/wp\/v2\/media?parent=23675"}],"wp:term":[{"taxonomy":"category","embeddable":true,"href":"https:\/\/lyonbondyblog.fr\/LBB\/wp-json\/wp\/v2\/categories?post=23675"},{"taxonomy":"post_tag","embeddable":true,"href":"https:\/\/lyonbondyblog.fr\/LBB\/wp-json\/wp\/v2\/tags?post=23675"}],"curies":[{"name":"wp","href":"https:\/\/api.w.org\/{rel}","templated":true}]}}