{"id":23663,"date":"2021-06-17T18:24:42","date_gmt":"2021-06-17T16:24:42","guid":{"rendered":"http:\/\/lyonbondyblog.fr\/LBB\/?p=23663"},"modified":"2021-06-17T18:24:44","modified_gmt":"2021-06-17T16:24:44","slug":"regionales-2021-dernier-meeting-politique-de-la-liste-lfi-pcf","status":"publish","type":"post","link":"https:\/\/lyonbondyblog.fr\/LBB\/regionales-2021-dernier-meeting-politique-de-la-liste-lfi-pcf\/","title":{"rendered":"R\u00c9GIONALES 2021 : Dernier meeting politique de la liste LFI-PCF"},"content":{"rendered":"\n<figure class=\"wp-block-image size-large\"><img loading=\"lazy\" decoding=\"async\" width=\"1024\" height=\"624\" src=\"https:\/\/lyonbondyblog.fr\/LBB\/wp-content\/uploads\/2021\/06\/LFI-PCF-.jpeg\" alt=\"\" class=\"wp-image-23674\" srcset=\"https:\/\/lyonbondyblog.fr\/LBB\/wp-content\/uploads\/2021\/06\/LFI-PCF-.jpeg 1024w, https:\/\/lyonbondyblog.fr\/LBB\/wp-content\/uploads\/2021\/06\/LFI-PCF--768x468.jpeg 768w\" sizes=\"auto, (max-width: 1024px) 100vw, 1024px\" \/><figcaption>Militants et candidats de la liste \u00ab Ensemble pour notre r\u00e9gion avec C\u00e9cile Cukierman \u00bb. DR<\/figcaption><\/figure>\n\n\n\n<h4 class=\"wp-block-heading\">\u00c0 quelques jours seulement des \u00e9lections r\u00e9gionales, la liste soutenue par G\u00e9n\u00e9ration Climat et le mouvement Ensemble s\u2019est donn\u00e9e rendez-vous hier Place Guichard ( Lyon 3e).<\/h4>\n\n\n\n<p>Ils sont \u00e0 peu pr\u00e8s 200 militants issus de toute la France \u00e0 avoir fait le d\u00e9placement pour interroger, encourager ou encore rencontrer les candidats de la liste \u00ab Ensemble pour notre r\u00e9gion avec C\u00e9cile Cukierman \u00bb.<\/p>\n\n\n\n<p>Sant\u00e9, mobilit\u00e9, environnement et culture ont \u00e9t\u00e9 les mots d\u2019ordre de cette rencontre. Parmi les propositions pr\u00e9sent\u00e9es par les candidats, la question de la mobilit\u00e9 a resurgi \u00e0 chaque prise de parole. Ils r\u00e9clament la r\u00e9ouverture des lignes SNCF ferm\u00e9es et la mise en place d\u2019un syst\u00e8me de gratuit\u00e9 sur le r\u00e9seau ferroviaire pour les moins de 25 ans.<\/p>\n\n\n\n<p>\u00c0 l\u2019image des \u00e9lections municipales de l\u2019ann\u00e9e derni\u00e8re pendant lesquelles 58,4 % des \u00e9lecteurs ne s\u2019\u00e9taient pas d\u00e9plac\u00e9s pour voter, la crainte d\u2019une abstention massive est ressentie. Cependant, les troupes du LFI et du PCF sont d\u00e9termin\u00e9es \u00e0 continuer la mobilisation des \u00e9lecteurs, et cela jusqu\u2019\u00e0 dimanche.<\/p>\n\n\n\n<p>Dans le m\u00eame contexte, C\u00e9cile Cukierman a d\u00e9clar\u00e9 vouloir se focaliser sur la date du 20 juin dans un premier temps, car selon elle, \u00ab en se concentrant uniquement sur le deuxi\u00e8me tour, on finit par ne pas y \u00eatre&nbsp;\u00bb.<\/p>\n\n\n\n<figure class=\"wp-block-embed is-type-rich is-provider-soundcloud wp-block-embed-soundcloud wp-embed-aspect-4-3 wp-has-aspect-ratio\"><div class=\"wp-block-embed__wrapper\">\n<iframe loading=\"lazy\" title=\"C\u00e9cile Cukierman : &quot; Il y aura une tr\u00e8s forte abstention&quot; by LyonBondyBlog\" width=\"1200\" height=\"400\" scrolling=\"no\" frameborder=\"no\" src=\"https:\/\/w.soundcloud.com\/player\/?visual=true&#038;url=https%3A%2F%2Fapi.soundcloud.com%2Ftracks%2F1070359873&#038;show_artwork=true&#038;maxwidth=1200&#038;maxheight=1000&#038;dnt=1\"><\/iframe>\n<\/div><\/figure>\n\n\n\n<p>Zineb El Mountassir<\/p>\n<!-- AddThis Advanced Settings generic via filter on the_content --><!-- AddThis Share Buttons generic via filter on the_content -->","protected":false},"excerpt":{"rendered":"<p>\u00c0 quelques jours seulement des \u00e9lections r\u00e9gionales, la liste soutenue par G\u00e9n\u00e9ration Climat et le mouvement Ensemble s\u2019est donn\u00e9e rendez-vous hier Place Guichard ( Lyon &hellip; <!-- AddThis Advanced Settings generic via filter on wp_trim_excerpt --><!-- AddThis Share Buttons generic via filter on wp_trim_excerpt --><\/p>\n","protected":false},"author":1,"featured_media":23674,"comment_status":"open","ping_status":"open","sticky":false,"template":"","format":"standard","meta":{"_FSMCFIC_featured_image_caption":"","_FSMCFIC_featured_image_nocaption":"","_FSMCFIC_featured_image_hide":"","footnotes":""},"categories":[4,13120,6,24454],"tags":[],"class_list":["post-23663","post","type-post","status-publish","format-standard","has-post-thumbnail","hentry","category-lyon","category-municipales-2020","category-politique","category-regionales-2021"],"yoast_head":"<!-- This site is optimized with the Yoast SEO plugin v22.8 - https:\/\/yoast.com\/wordpress\/plugins\/seo\/ -->\n<title>R\u00c9GIONALES 2021 : Dernier meeting politique de la liste LFI-PCF - Lyon Bondy Blog<\/title>\n<meta name=\"robots\" content=\"index, follow, max-snippet:-1, max-image-preview:large, max-video-preview:-1\" \/>\n<link rel=\"canonical\" href=\"https:\/\/lyonbondyblog.fr\/LBB\/regionales-2021-dernier-meeting-politique-de-la-liste-lfi-pcf\/\" \/>\n<meta property=\"og:locale\" content=\"fr_FR\" \/>\n<meta property=\"og:type\" content=\"article\" \/>\n<meta property=\"og:title\" content=\"R\u00c9GIONALES 2021 : Dernier meeting politique de la liste LFI-PCF - Lyon Bondy Blog\" \/>\n<meta property=\"og:description\" content=\"\u00c0 quelques jours seulement des \u00e9lections r\u00e9gionales, la liste soutenue par G\u00e9n\u00e9ration Climat et le mouvement Ensemble s\u2019est donn\u00e9e rendez-vous hier Place Guichard ( Lyon &hellip;\" \/>\n<meta property=\"og:url\" content=\"https:\/\/lyonbondyblog.fr\/LBB\/regionales-2021-dernier-meeting-politique-de-la-liste-lfi-pcf\/\" \/>\n<meta property=\"og:site_name\" content=\"Lyon Bondy Blog\" \/>\n<meta property=\"article:publisher\" content=\"https:\/\/www.facebook.com\/lyonbondyblog\" \/>\n<meta property=\"article:author\" content=\"https:\/\/www.facebook.com\/lyonbondyblog\" \/>\n<meta property=\"article:published_time\" content=\"2021-06-17T16:24:42+00:00\" \/>\n<meta property=\"article:modified_time\" content=\"2021-06-17T16:24:44+00:00\" \/>\n<meta property=\"og:image\" content=\"https:\/\/lyonbondyblog.fr\/LBB\/wp-content\/uploads\/2021\/06\/LFI-PCF-.jpeg\" \/>\n\t<meta property=\"og:image:width\" content=\"1024\" \/>\n\t<meta property=\"og:image:height\" content=\"624\" \/>\n\t<meta property=\"og:image:type\" content=\"image\/jpeg\" \/>\n<meta name=\"author\" content=\"La r\u00e9daction\" \/>\n<meta name=\"twitter:card\" content=\"summary_large_image\" \/>\n<meta name=\"twitter:creator\" content=\"@BondyBlogLyon\" \/>\n<meta name=\"twitter:site\" content=\"@bondybloglyon\" \/>\n<script type=\"application\/ld+json\" class=\"yoast-schema-graph\">{\"@context\":\"https:\/\/schema.org\",\"@graph\":[{\"@type\":\"Article\",\"@id\":\"https:\/\/lyonbondyblog.fr\/LBB\/regionales-2021-dernier-meeting-politique-de-la-liste-lfi-pcf\/#article\",\"isPartOf\":{\"@id\":\"https:\/\/lyonbondyblog.fr\/LBB\/regionales-2021-dernier-meeting-politique-de-la-liste-lfi-pcf\/\"},\"author\":{\"name\":\"La r\u00e9daction\",\"@id\":\"https:\/\/lyonbondyblog.fr\/LBB\/#\/schema\/person\/e45f8d27baac75072daa0be50c409b25\"},\"headline\":\"R\u00c9GIONALES 2021 : Dernier meeting politique de la liste LFI-PCF\",\"datePublished\":\"2021-06-17T16:24:42+00:00\",\"dateModified\":\"2021-06-17T16:24:44+00:00\",\"mainEntityOfPage\":{\"@id\":\"https:\/\/lyonbondyblog.fr\/LBB\/regionales-2021-dernier-meeting-politique-de-la-liste-lfi-pcf\/\"},\"wordCount\":260,\"commentCount\":0,\"publisher\":{\"@id\":\"https:\/\/lyonbondyblog.fr\/LBB\/#organization\"},\"image\":{\"@id\":\"https:\/\/lyonbondyblog.fr\/LBB\/regionales-2021-dernier-meeting-politique-de-la-liste-lfi-pcf\/#primaryimage\"},\"thumbnailUrl\":\"https:\/\/lyonbondyblog.fr\/LBB\/wp-content\/uploads\/2021\/06\/LFI-PCF-.jpeg\",\"articleSection\":[\"Lyon\",\"Municipales 2020\",\"Politique\",\"R\u00e9gionales 2021\"],\"inLanguage\":\"fr-FR\",\"potentialAction\":[{\"@type\":\"CommentAction\",\"name\":\"Comment\",\"target\":[\"https:\/\/lyonbondyblog.fr\/LBB\/regionales-2021-dernier-meeting-politique-de-la-liste-lfi-pcf\/#respond\"]}]},{\"@type\":\"WebPage\",\"@id\":\"https:\/\/lyonbondyblog.fr\/LBB\/regionales-2021-dernier-meeting-politique-de-la-liste-lfi-pcf\/\",\"url\":\"https:\/\/lyonbondyblog.fr\/LBB\/regionales-2021-dernier-meeting-politique-de-la-liste-lfi-pcf\/\",\"name\":\"R\u00c9GIONALES 2021 : Dernier meeting politique de la liste LFI-PCF - Lyon Bondy Blog\",\"isPartOf\":{\"@id\":\"https:\/\/lyonbondyblog.fr\/LBB\/#website\"},\"primaryImageOfPage\":{\"@id\":\"https:\/\/lyonbondyblog.fr\/LBB\/regionales-2021-dernier-meeting-politique-de-la-liste-lfi-pcf\/#primaryimage\"},\"image\":{\"@id\":\"https:\/\/lyonbondyblog.fr\/LBB\/regionales-2021-dernier-meeting-politique-de-la-liste-lfi-pcf\/#primaryimage\"},\"thumbnailUrl\":\"https:\/\/lyonbondyblog.fr\/LBB\/wp-content\/uploads\/2021\/06\/LFI-PCF-.jpeg\",\"datePublished\":\"2021-06-17T16:24:42+00:00\",\"dateModified\":\"2021-06-17T16:24:44+00:00\",\"inLanguage\":\"fr-FR\",\"potentialAction\":[{\"@type\":\"ReadAction\",\"target\":[\"https:\/\/lyonbondyblog.fr\/LBB\/regionales-2021-dernier-meeting-politique-de-la-liste-lfi-pcf\/\"]}]},{\"@type\":\"ImageObject\",\"inLanguage\":\"fr-FR\",\"@id\":\"https:\/\/lyonbondyblog.fr\/LBB\/regionales-2021-dernier-meeting-politique-de-la-liste-lfi-pcf\/#primaryimage\",\"url\":\"https:\/\/lyonbondyblog.fr\/LBB\/wp-content\/uploads\/2021\/06\/LFI-PCF-.jpeg\",\"contentUrl\":\"https:\/\/lyonbondyblog.fr\/LBB\/wp-content\/uploads\/2021\/06\/LFI-PCF-.jpeg\",\"width\":1024,\"height\":624,\"caption\":\"DR\"},{\"@type\":\"WebSite\",\"@id\":\"https:\/\/lyonbondyblog.fr\/LBB\/#website\",\"url\":\"https:\/\/lyonbondyblog.fr\/LBB\/\",\"name\":\"Lyon Bondy Blog\",\"description\":\"\",\"publisher\":{\"@id\":\"https:\/\/lyonbondyblog.fr\/LBB\/#organization\"},\"potentialAction\":[{\"@type\":\"SearchAction\",\"target\":{\"@type\":\"EntryPoint\",\"urlTemplate\":\"https:\/\/lyonbondyblog.fr\/LBB\/?s={search_term_string}\"},\"query-input\":\"required name=search_term_string\"}],\"inLanguage\":\"fr-FR\"},{\"@type\":\"Organization\",\"@id\":\"https:\/\/lyonbondyblog.fr\/LBB\/#organization\",\"name\":\"LYON BONDY BLOG\",\"url\":\"https:\/\/lyonbondyblog.fr\/LBB\/\",\"logo\":{\"@type\":\"ImageObject\",\"inLanguage\":\"fr-FR\",\"@id\":\"https:\/\/lyonbondyblog.fr\/LBB\/#\/schema\/logo\/image\/\",\"url\":\"http:\/\/lyonbondyblog.fr\/LBB\/wp-content\/uploads\/2014\/10\/logo-portable-144.png\",\"contentUrl\":\"http:\/\/lyonbondyblog.fr\/LBB\/wp-content\/uploads\/2014\/10\/logo-portable-144.png\",\"width\":144,\"height\":123,\"caption\":\"LYON BONDY BLOG\"},\"image\":{\"@id\":\"https:\/\/lyonbondyblog.fr\/LBB\/#\/schema\/logo\/image\/\"},\"sameAs\":[\"https:\/\/www.facebook.com\/lyonbondyblog\",\"https:\/\/x.com\/bondybloglyon\"]},{\"@type\":\"Person\",\"@id\":\"https:\/\/lyonbondyblog.fr\/LBB\/#\/schema\/person\/e45f8d27baac75072daa0be50c409b25\",\"name\":\"La r\u00e9daction\",\"description\":\"Cr\u00e9e en 2008, la r\u00e9daction du Lyon Bondy Blog s'applique \u00e0 proposer une information locale diff\u00e9rente et compl\u00e9mentaire des m\u00e9dias traditionnels.\",\"sameAs\":[\"https:\/\/www.facebook.com\/lyonbondyblog\",\"https:\/\/x.com\/BondyBlogLyon\"],\"url\":\"https:\/\/lyonbondyblog.fr\/LBB\/author\/admin\/\"}]}<\/script>\n<!-- \/ Yoast SEO plugin. -->","yoast_head_json":{"title":"R\u00c9GIONALES 2021 : Dernier meeting politique de la liste LFI-PCF - Lyon Bondy Blog","robots":{"index":"index","follow":"follow","max-snippet":"max-snippet:-1","max-image-preview":"max-image-preview:large","max-video-preview":"max-video-preview:-1"},"canonical":"https:\/\/lyonbondyblog.fr\/LBB\/regionales-2021-dernier-meeting-politique-de-la-liste-lfi-pcf\/","og_locale":"fr_FR","og_type":"article","og_title":"R\u00c9GIONALES 2021 : Dernier meeting politique de la liste LFI-PCF - Lyon Bondy Blog","og_description":"\u00c0 quelques jours seulement des \u00e9lections r\u00e9gionales, la liste soutenue par G\u00e9n\u00e9ration Climat et le mouvement Ensemble s\u2019est donn\u00e9e rendez-vous hier Place Guichard ( Lyon &hellip;","og_url":"https:\/\/lyonbondyblog.fr\/LBB\/regionales-2021-dernier-meeting-politique-de-la-liste-lfi-pcf\/","og_site_name":"Lyon Bondy Blog","article_publisher":"https:\/\/www.facebook.com\/lyonbondyblog","article_author":"https:\/\/www.facebook.com\/lyonbondyblog","article_published_time":"2021-06-17T16:24:42+00:00","article_modified_time":"2021-06-17T16:24:44+00:00","og_image":[{"width":1024,"height":624,"url":"https:\/\/lyonbondyblog.fr\/LBB\/wp-content\/uploads\/2021\/06\/LFI-PCF-.jpeg","type":"image\/jpeg"}],"author":"La r\u00e9daction","twitter_card":"summary_large_image","twitter_creator":"@BondyBlogLyon","twitter_site":"@bondybloglyon","schema":{"@context":"https:\/\/schema.org","@graph":[{"@type":"Article","@id":"https:\/\/lyonbondyblog.fr\/LBB\/regionales-2021-dernier-meeting-politique-de-la-liste-lfi-pcf\/#article","isPartOf":{"@id":"https:\/\/lyonbondyblog.fr\/LBB\/regionales-2021-dernier-meeting-politique-de-la-liste-lfi-pcf\/"},"author":{"name":"La r\u00e9daction","@id":"https:\/\/lyonbondyblog.fr\/LBB\/#\/schema\/person\/e45f8d27baac75072daa0be50c409b25"},"headline":"R\u00c9GIONALES 2021 : Dernier meeting politique de la liste LFI-PCF","datePublished":"2021-06-17T16:24:42+00:00","dateModified":"2021-06-17T16:24:44+00:00","mainEntityOfPage":{"@id":"https:\/\/lyonbondyblog.fr\/LBB\/regionales-2021-dernier-meeting-politique-de-la-liste-lfi-pcf\/"},"wordCount":260,"commentCount":0,"publisher":{"@id":"https:\/\/lyonbondyblog.fr\/LBB\/#organization"},"image":{"@id":"https:\/\/lyonbondyblog.fr\/LBB\/regionales-2021-dernier-meeting-politique-de-la-liste-lfi-pcf\/#primaryimage"},"thumbnailUrl":"https:\/\/lyonbondyblog.fr\/LBB\/wp-content\/uploads\/2021\/06\/LFI-PCF-.jpeg","articleSection":["Lyon","Municipales 2020","Politique","R\u00e9gionales 2021"],"inLanguage":"fr-FR","potentialAction":[{"@type":"CommentAction","name":"Comment","target":["https:\/\/lyonbondyblog.fr\/LBB\/regionales-2021-dernier-meeting-politique-de-la-liste-lfi-pcf\/#respond"]}]},{"@type":"WebPage","@id":"https:\/\/lyonbondyblog.fr\/LBB\/regionales-2021-dernier-meeting-politique-de-la-liste-lfi-pcf\/","url":"https:\/\/lyonbondyblog.fr\/LBB\/regionales-2021-dernier-meeting-politique-de-la-liste-lfi-pcf\/","name":"R\u00c9GIONALES 2021 : Dernier meeting politique de la liste LFI-PCF - Lyon Bondy Blog","isPartOf":{"@id":"https:\/\/lyonbondyblog.fr\/LBB\/#website"},"primaryImageOfPage":{"@id":"https:\/\/lyonbondyblog.fr\/LBB\/regionales-2021-dernier-meeting-politique-de-la-liste-lfi-pcf\/#primaryimage"},"image":{"@id":"https:\/\/lyonbondyblog.fr\/LBB\/regionales-2021-dernier-meeting-politique-de-la-liste-lfi-pcf\/#primaryimage"},"thumbnailUrl":"https:\/\/lyonbondyblog.fr\/LBB\/wp-content\/uploads\/2021\/06\/LFI-PCF-.jpeg","datePublished":"2021-06-17T16:24:42+00:00","dateModified":"2021-06-17T16:24:44+00:00","inLanguage":"fr-FR","potentialAction":[{"@type":"ReadAction","target":["https:\/\/lyonbondyblog.fr\/LBB\/regionales-2021-dernier-meeting-politique-de-la-liste-lfi-pcf\/"]}]},{"@type":"ImageObject","inLanguage":"fr-FR","@id":"https:\/\/lyonbondyblog.fr\/LBB\/regionales-2021-dernier-meeting-politique-de-la-liste-lfi-pcf\/#primaryimage","url":"https:\/\/lyonbondyblog.fr\/LBB\/wp-content\/uploads\/2021\/06\/LFI-PCF-.jpeg","contentUrl":"https:\/\/lyonbondyblog.fr\/LBB\/wp-content\/uploads\/2021\/06\/LFI-PCF-.jpeg","width":1024,"height":624,"caption":"DR"},{"@type":"WebSite","@id":"https:\/\/lyonbondyblog.fr\/LBB\/#website","url":"https:\/\/lyonbondyblog.fr\/LBB\/","name":"Lyon Bondy Blog","description":"","publisher":{"@id":"https:\/\/lyonbondyblog.fr\/LBB\/#organization"},"potentialAction":[{"@type":"SearchAction","target":{"@type":"EntryPoint","urlTemplate":"https:\/\/lyonbondyblog.fr\/LBB\/?s={search_term_string}"},"query-input":"required name=search_term_string"}],"inLanguage":"fr-FR"},{"@type":"Organization","@id":"https:\/\/lyonbondyblog.fr\/LBB\/#organization","name":"LYON BONDY BLOG","url":"https:\/\/lyonbondyblog.fr\/LBB\/","logo":{"@type":"ImageObject","inLanguage":"fr-FR","@id":"https:\/\/lyonbondyblog.fr\/LBB\/#\/schema\/logo\/image\/","url":"http:\/\/lyonbondyblog.fr\/LBB\/wp-content\/uploads\/2014\/10\/logo-portable-144.png","contentUrl":"http:\/\/lyonbondyblog.fr\/LBB\/wp-content\/uploads\/2014\/10\/logo-portable-144.png","width":144,"height":123,"caption":"LYON BONDY BLOG"},"image":{"@id":"https:\/\/lyonbondyblog.fr\/LBB\/#\/schema\/logo\/image\/"},"sameAs":["https:\/\/www.facebook.com\/lyonbondyblog","https:\/\/x.com\/bondybloglyon"]},{"@type":"Person","@id":"https:\/\/lyonbondyblog.fr\/LBB\/#\/schema\/person\/e45f8d27baac75072daa0be50c409b25","name":"La r\u00e9daction","description":"Cr\u00e9e en 2008, la r\u00e9daction du Lyon Bondy Blog s'applique \u00e0 proposer une information locale diff\u00e9rente et compl\u00e9mentaire des m\u00e9dias traditionnels.","sameAs":["https:\/\/www.facebook.com\/lyonbondyblog","https:\/\/x.com\/BondyBlogLyon"],"url":"https:\/\/lyonbondyblog.fr\/LBB\/author\/admin\/"}]}},"_links":{"self":[{"href":"https:\/\/lyonbondyblog.fr\/LBB\/wp-json\/wp\/v2\/posts\/23663","targetHints":{"allow":["GET"]}}],"collection":[{"href":"https:\/\/lyonbondyblog.fr\/LBB\/wp-json\/wp\/v2\/posts"}],"about":[{"href":"https:\/\/lyonbondyblog.fr\/LBB\/wp-json\/wp\/v2\/types\/post"}],"author":[{"embeddable":true,"href":"https:\/\/lyonbondyblog.fr\/LBB\/wp-json\/wp\/v2\/users\/1"}],"replies":[{"embeddable":true,"href":"https:\/\/lyonbondyblog.fr\/LBB\/wp-json\/wp\/v2\/comments?post=23663"}],"version-history":[{"count":8,"href":"https:\/\/lyonbondyblog.fr\/LBB\/wp-json\/wp\/v2\/posts\/23663\/revisions"}],"predecessor-version":[{"id":23699,"href":"https:\/\/lyonbondyblog.fr\/LBB\/wp-json\/wp\/v2\/posts\/23663\/revisions\/23699"}],"wp:featuredmedia":[{"embeddable":true,"href":"https:\/\/lyonbondyblog.fr\/LBB\/wp-json\/wp\/v2\/media\/23674"}],"wp:attachment":[{"href":"https:\/\/lyonbondyblog.fr\/LBB\/wp-json\/wp\/v2\/media?parent=23663"}],"wp:term":[{"taxonomy":"category","embeddable":true,"href":"https:\/\/lyonbondyblog.fr\/LBB\/wp-json\/wp\/v2\/categories?post=23663"},{"taxonomy":"post_tag","embeddable":true,"href":"https:\/\/lyonbondyblog.fr\/LBB\/wp-json\/wp\/v2\/tags?post=23663"}],"curies":[{"name":"wp","href":"https:\/\/api.w.org\/{rel}","templated":true}]}}