{"id":23610,"date":"2021-06-15T10:00:02","date_gmt":"2021-06-15T08:00:02","guid":{"rendered":"http:\/\/lyonbondyblog.fr\/LBB\/?p=23610"},"modified":"2021-06-15T13:30:39","modified_gmt":"2021-06-15T11:30:39","slug":"vos-reves-entrepreneuriaux-se-realisent-avec-les-determines","status":"publish","type":"post","link":"https:\/\/lyonbondyblog.fr\/LBB\/vos-reves-entrepreneuriaux-se-realisent-avec-les-determines\/","title":{"rendered":"Vos r\u00eaves entrepreneuriaux se r\u00e9alisent avec \u00ab Les D\u00e9termin\u00e9s \u00bb"},"content":{"rendered":"\n<h4 class=\"wp-block-heading\">L\u2019association \u00ab&nbsp;Les D\u00e9termin\u00e9s&nbsp;\u00bb lance une nouvelle promotion \u00e0 Lyon le 21 juin pour accompagner gratuitement les personnes issues de banlieues, d&rsquo;espaces ruraux et de quartiers prioritaires lyonnais, \u00e0 entreprendre et \u00e0 s\u2019int\u00e9grer dans le milieu professionnel.<\/h4>\n\n\n\n<figure class=\"wp-block-image size-large\"><img loading=\"lazy\" decoding=\"async\" width=\"1600\" height=\"1066\" src=\"https:\/\/lyonbondyblog.fr\/LBB\/wp-content\/uploads\/2021\/06\/Moussa-Camara-photo.jpg\" alt=\"\" class=\"wp-image-23611\" srcset=\"https:\/\/lyonbondyblog.fr\/LBB\/wp-content\/uploads\/2021\/06\/Moussa-Camara-photo.jpg 1600w, https:\/\/lyonbondyblog.fr\/LBB\/wp-content\/uploads\/2021\/06\/Moussa-Camara-photo-1200x800.jpg 1200w, https:\/\/lyonbondyblog.fr\/LBB\/wp-content\/uploads\/2021\/06\/Moussa-Camara-photo-768x512.jpg 768w, https:\/\/lyonbondyblog.fr\/LBB\/wp-content\/uploads\/2021\/06\/Moussa-Camara-photo-1536x1023.jpg 1536w, https:\/\/lyonbondyblog.fr\/LBB\/wp-content\/uploads\/2021\/06\/Moussa-Camara-photo-272x182.jpg 272w\" sizes=\"auto, (max-width: 1600px) 100vw, 1600px\" \/><figcaption>Moussa Camara, pr\u00e9sident de l&rsquo;association \u00ab\u00a0Les D\u00e9termin\u00e9s\u00a0\u00bb et d\u00e9tenteur de L&rsquo;Ordre nationale du M\u00e9rite<\/figcaption><\/figure>\n\n\n\n<p>40%, c\u2019est le taux de ch\u00f4mage chez les jeunes dans certaines banlieues en France. La crise sanitaire n\u2019a pas aid\u00e9 la situation&nbsp;: selon l\u2019Insee, le taux d\u2019emploi chez les 25 ans en 2020 a diminu\u00e9 de trois point \u00e0 26,6%, son plus bas niveau depuis 1975.&nbsp; Moussa Camara a donc cr\u00e9\u00e9 son association en 2015 dans le but de donner \u00e0 tous la chance de r\u00e9ussir. L\u2019association demande simplement une vraie envie et motivation, aux personnes voulant postuler dans leur programme d\u2019accompagnement. Pendant 5 mois, des intervenants de qualit\u00e9s, venant des quatre coins de la France, donnent gratuitement des cours de communication, de strat\u00e9gie, de management et de marketing commercial. &nbsp;\u00ab&nbsp;<em>On a de plus en plus de porteurs de projets et de personnes qui ont envie de changer de vie. La pand\u00e9mie aurait pu casser notre rythme de travail mais au contraire, \u00e7a a \u00e9t\u00e9 un gros coup de boost<\/em> \u00bb, explique Ang\u00e9line Tansini, charg\u00e9e de communication chez \u00ab&nbsp;Les D\u00e9termin\u00e9s \u00bb. Pr\u00e9cisant que l\u2019association a un panel de personnes tr\u00e8s h\u00e9t\u00e9rog\u00e8ne, la jeune femme souligne que la diversit\u00e9 est au c\u0153ur de leur formation&nbsp;: \u00ab&nbsp;<em>On a tous les milieux, tous les \u00e2ges. Le seul crit\u00e8re pour entrer, c\u2019est d\u2019\u00eatre d\u00e9termin\u00e9 et disponible <\/em>\u00bb. La responsable indique que leur association permet de donner acc\u00e8s \u00e0 un r\u00e9seau, que les personnes issues de banlieues n\u2019ont pas forc\u00e9ment&nbsp;: \u00ab&nbsp;<em>Ils ont des comp\u00e9tences et des savoir-faire ; nous, notre travail est de les mettre en avant<\/em> \u00bb.&nbsp;Si l\u2019association marche aussi bien, c\u2019est aussi parce que son pr\u00e9sident vient d\u2019un quartier difficile.<\/p>\n\n\n\n<h4 class=\"wp-block-heading\">De Cergy \u00e0 la m\u00e9daille de Chevalier de l&rsquo;Ordre du m\u00e9rite<\/h4>\n\n\n\n<p>N\u00e9 \u00e0 Cergy dans un quartier populaire, Moussa Camara, pr\u00e9sident de l\u2019association \u00ab&nbsp;<em>Les D\u00e9termin\u00e9s<\/em> \u00bb, a d\u00e9marr\u00e9 sa carri\u00e8re professionnelle en 2007. Ayant cr\u00e9\u00e9 sa premi\u00e8re entreprise en informatique et t\u00e9l\u00e9communication sans r\u00e9seau et sans financement, le jeune homme \u00e9tait d\u00e9termin\u00e9 \u00e0 r\u00e9ussir. En 2012, il fait un voyage aux \u00c9tats-Unis&nbsp;: \u00ab&nbsp;<em>C\u2019est l\u2019\u00e9l\u00e9ment d\u00e9clencheur de sa vie. Il a rencontr\u00e9 des chefs d\u2019entreprise engag\u00e9s qui lui ont donn\u00e9 envie de travailler plus sur un volet \u00e9conomique. Il s\u2019est dit qu\u2019il avait envie d\u2019aider les gens et l\u2019association est n\u00e9e quelques ann\u00e9es plus tard<\/em> \u00bb, raconte Ang\u00e9line Tansini. Depuis 2015, \u00ab&nbsp;Les D\u00e9termin\u00e9s \u00bb ont aid\u00e9 la cr\u00e9ation de 200 entreprises et accueille 61% de femmes. Avec ses 2 millions d\u2019euros de budget financ\u00e9 par des subventions publiques et des dons priv\u00e9s, l\u2019association et son pr\u00e9sident se d\u00e9marquent des autres. Moussa Camara a m\u00eame re\u00e7u en janvier la m\u00e9daille de Chevalier de l\u2019Ordre du m\u00e9rite, un ruban bleu qui permet d&rsquo;honorer les citoyens fran\u00e7ais pour avoir rendu des services distingu\u00e9s. Moussa Camara a ainsi partag\u00e9 sa r\u00e9ussite sur Twitter avec ses 5,714 followers.<\/p>\n\n\n\n<div class=\"wp-block-image\"><figure class=\"aligncenter size-large\"><img loading=\"lazy\" decoding=\"async\" width=\"678\" height=\"573\" src=\"https:\/\/lyonbondyblog.fr\/LBB\/wp-content\/uploads\/2021\/06\/La-medaille-de-Chevalier-de-lOrdre-du-merit.png\" alt=\"\" class=\"wp-image-23612\"\/><\/figure><\/div>\n\n\n\n<p>Le succ\u00e8s du jeune homme vient de ses ambitions et de sa d\u00e9termination. C\u2019est le message que l\u2019association veut faire passer&nbsp;: la r\u00e9ussite se m\u00e9rite.<\/p>\n\n\n\n<h4 class=\"wp-block-heading\">&nbsp;\u00ab&nbsp;Quand l\u2019opportunit\u00e9 ne frappe pas, il faut cr\u00e9er une porte \u00bb<\/h4>\n\n\n\n<p>\u00ab\u00a0Les D\u00e9termin\u00e9s\u00a0\u00bb invitent tous les lecteurs du Lyon Bondy Blog qui ont envie de se lancer dans un projet entrepreneurial \u00e0 candidater sur leur <a href=\"https:\/\/letour.lesdetermines.fr\/lyon\/\" target=\"_blank\" rel=\"noreferrer noopener\">site<\/a>. \u00ab\u00a0<em>Chez les d\u00e9termin\u00e9s, on aime bien une citation\u00a0: quand l\u2019opportunit\u00e9 ne frappe pas, il faut cr\u00e9er une porte. L\u2019id\u00e9e c\u2019est vraiment d\u2019aller plus loin et d\u2019acc\u00e9l\u00e9rer la r\u00e9ussite. On aimerait dire aux lecteurs du Lyon Bondy Blog qu\u2019il ne faut pas st\u00e9r\u00e9otyper qui on est et qu&rsquo;il faut croire en ses r\u00eaves et en ce qu\u2019on est. Ce n\u2019est pas parce qu\u2019on vient d\u2019un quartier ou d\u2019une banlieue, qu\u2019on n&rsquo;a pas les m\u00eames droits, qu\u2019on n&rsquo;a pas les m\u00eames acc\u00e8s<\/em> \u00bb, assure la charg\u00e9e de communication. La fin de l\u2019appel \u00e0 candidature se fait le 21 juin ; la s\u00e9lection des candidats est pr\u00e9vue entre le 28 et le 30 juin. Une formation intensive est programm\u00e9e entre le 5 et le 23 juillet et l\u2019accompagnement se fait \u00e0 partir de septembre, 2 jours par semaine sur 5 mois.<\/p>\n\n\n\n<p>\u00ab&nbsp;<em>Qu\u2019elle que soit la nature du projet, aboutit, pas aboutit, nous voulons vraiment donner toutes les clefs \u00e0 une personne qui a envie. On veut lib\u00e9rer la cr\u00e9ativit\u00e9 chez les porteurs de projets. L\u2019id\u00e9e, c\u2019est de ne pas se mettre de barri\u00e8res&nbsp;\u00bb<\/em>, explique la jeune femme.<\/p>\n\n\n\n<p>Sude Sena Yilmaz<\/p>\n<!-- AddThis Advanced Settings generic via filter on the_content --><!-- AddThis Share Buttons generic via filter on the_content -->","protected":false},"excerpt":{"rendered":"<p>L\u2019association \u00ab&nbsp;Les D\u00e9termin\u00e9s&nbsp;\u00bb lance une nouvelle promotion \u00e0 Lyon le 21 juin pour accompagner gratuitement les personnes issues de banlieues, d&rsquo;espaces ruraux et de quartiers &hellip; <!-- AddThis Advanced Settings generic via filter on wp_trim_excerpt --><!-- AddThis Share Buttons generic via filter on wp_trim_excerpt --><\/p>\n","protected":false},"author":1,"featured_media":23611,"comment_status":"open","ping_status":"open","sticky":false,"template":"","format":"standard","meta":{"_FSMCFIC_featured_image_caption":"","_FSMCFIC_featured_image_nocaption":"","_FSMCFIC_featured_image_hide":"","footnotes":""},"categories":[6443,4,6190],"tags":[],"class_list":["post-23610","post","type-post","status-publish","format-standard","has-post-thumbnail","hentry","category-association","category-lyon","category-travail"],"yoast_head":"<!-- This site is optimized with the Yoast SEO plugin v22.8 - https:\/\/yoast.com\/wordpress\/plugins\/seo\/ -->\n<title>Vos r\u00eaves entrepreneuriaux se r\u00e9alisent avec \u00ab Les D\u00e9termin\u00e9s \u00bb - Lyon Bondy Blog<\/title>\n<meta name=\"robots\" content=\"index, follow, max-snippet:-1, max-image-preview:large, max-video-preview:-1\" \/>\n<link rel=\"canonical\" href=\"https:\/\/lyonbondyblog.fr\/LBB\/vos-reves-entrepreneuriaux-se-realisent-avec-les-determines\/\" \/>\n<meta property=\"og:locale\" content=\"fr_FR\" \/>\n<meta property=\"og:type\" content=\"article\" \/>\n<meta property=\"og:title\" content=\"Vos r\u00eaves entrepreneuriaux se r\u00e9alisent avec \u00ab Les D\u00e9termin\u00e9s \u00bb - Lyon Bondy Blog\" \/>\n<meta property=\"og:description\" content=\"L\u2019association \u00ab&nbsp;Les D\u00e9termin\u00e9s&nbsp;\u00bb lance une nouvelle promotion \u00e0 Lyon le 21 juin pour accompagner gratuitement les personnes issues de banlieues, d&rsquo;espaces ruraux et de quartiers &hellip;\" \/>\n<meta property=\"og:url\" content=\"https:\/\/lyonbondyblog.fr\/LBB\/vos-reves-entrepreneuriaux-se-realisent-avec-les-determines\/\" \/>\n<meta property=\"og:site_name\" content=\"Lyon Bondy Blog\" \/>\n<meta property=\"article:publisher\" content=\"https:\/\/www.facebook.com\/lyonbondyblog\" \/>\n<meta property=\"article:author\" content=\"https:\/\/www.facebook.com\/lyonbondyblog\" \/>\n<meta property=\"article:published_time\" content=\"2021-06-15T08:00:02+00:00\" \/>\n<meta property=\"article:modified_time\" content=\"2021-06-15T11:30:39+00:00\" \/>\n<meta property=\"og:image\" content=\"https:\/\/lyonbondyblog.fr\/LBB\/wp-content\/uploads\/2021\/06\/Moussa-Camara-photo.jpg\" \/>\n\t<meta property=\"og:image:width\" content=\"1600\" \/>\n\t<meta property=\"og:image:height\" content=\"1066\" \/>\n\t<meta property=\"og:image:type\" content=\"image\/jpeg\" \/>\n<meta name=\"author\" content=\"La r\u00e9daction\" \/>\n<meta name=\"twitter:card\" content=\"summary_large_image\" \/>\n<meta name=\"twitter:creator\" content=\"@BondyBlogLyon\" \/>\n<meta name=\"twitter:site\" content=\"@bondybloglyon\" \/>\n<script type=\"application\/ld+json\" class=\"yoast-schema-graph\">{\"@context\":\"https:\/\/schema.org\",\"@graph\":[{\"@type\":\"Article\",\"@id\":\"https:\/\/lyonbondyblog.fr\/LBB\/vos-reves-entrepreneuriaux-se-realisent-avec-les-determines\/#article\",\"isPartOf\":{\"@id\":\"https:\/\/lyonbondyblog.fr\/LBB\/vos-reves-entrepreneuriaux-se-realisent-avec-les-determines\/\"},\"author\":{\"name\":\"La r\u00e9daction\",\"@id\":\"https:\/\/lyonbondyblog.fr\/LBB\/#\/schema\/person\/e45f8d27baac75072daa0be50c409b25\"},\"headline\":\"Vos r\u00eaves entrepreneuriaux se r\u00e9alisent avec \u00ab Les D\u00e9termin\u00e9s \u00bb\",\"datePublished\":\"2021-06-15T08:00:02+00:00\",\"dateModified\":\"2021-06-15T11:30:39+00:00\",\"mainEntityOfPage\":{\"@id\":\"https:\/\/lyonbondyblog.fr\/LBB\/vos-reves-entrepreneuriaux-se-realisent-avec-les-determines\/\"},\"wordCount\":872,\"commentCount\":0,\"publisher\":{\"@id\":\"https:\/\/lyonbondyblog.fr\/LBB\/#organization\"},\"image\":{\"@id\":\"https:\/\/lyonbondyblog.fr\/LBB\/vos-reves-entrepreneuriaux-se-realisent-avec-les-determines\/#primaryimage\"},\"thumbnailUrl\":\"https:\/\/lyonbondyblog.fr\/LBB\/wp-content\/uploads\/2021\/06\/Moussa-Camara-photo.jpg\",\"articleSection\":[\"Association\",\"Lyon\",\"Travail\"],\"inLanguage\":\"fr-FR\",\"potentialAction\":[{\"@type\":\"CommentAction\",\"name\":\"Comment\",\"target\":[\"https:\/\/lyonbondyblog.fr\/LBB\/vos-reves-entrepreneuriaux-se-realisent-avec-les-determines\/#respond\"]}]},{\"@type\":\"WebPage\",\"@id\":\"https:\/\/lyonbondyblog.fr\/LBB\/vos-reves-entrepreneuriaux-se-realisent-avec-les-determines\/\",\"url\":\"https:\/\/lyonbondyblog.fr\/LBB\/vos-reves-entrepreneuriaux-se-realisent-avec-les-determines\/\",\"name\":\"Vos r\u00eaves entrepreneuriaux se r\u00e9alisent avec \u00ab Les D\u00e9termin\u00e9s \u00bb - Lyon Bondy Blog\",\"isPartOf\":{\"@id\":\"https:\/\/lyonbondyblog.fr\/LBB\/#website\"},\"primaryImageOfPage\":{\"@id\":\"https:\/\/lyonbondyblog.fr\/LBB\/vos-reves-entrepreneuriaux-se-realisent-avec-les-determines\/#primaryimage\"},\"image\":{\"@id\":\"https:\/\/lyonbondyblog.fr\/LBB\/vos-reves-entrepreneuriaux-se-realisent-avec-les-determines\/#primaryimage\"},\"thumbnailUrl\":\"https:\/\/lyonbondyblog.fr\/LBB\/wp-content\/uploads\/2021\/06\/Moussa-Camara-photo.jpg\",\"datePublished\":\"2021-06-15T08:00:02+00:00\",\"dateModified\":\"2021-06-15T11:30:39+00:00\",\"inLanguage\":\"fr-FR\",\"potentialAction\":[{\"@type\":\"ReadAction\",\"target\":[\"https:\/\/lyonbondyblog.fr\/LBB\/vos-reves-entrepreneuriaux-se-realisent-avec-les-determines\/\"]}]},{\"@type\":\"ImageObject\",\"inLanguage\":\"fr-FR\",\"@id\":\"https:\/\/lyonbondyblog.fr\/LBB\/vos-reves-entrepreneuriaux-se-realisent-avec-les-determines\/#primaryimage\",\"url\":\"https:\/\/lyonbondyblog.fr\/LBB\/wp-content\/uploads\/2021\/06\/Moussa-Camara-photo.jpg\",\"contentUrl\":\"https:\/\/lyonbondyblog.fr\/LBB\/wp-content\/uploads\/2021\/06\/Moussa-Camara-photo.jpg\",\"width\":1600,\"height\":1066,\"caption\":\"Moussa Camara, pr\u00e9sident de l'association \\\"Les D\u00e9termin\u00e9s\\\" et d\u00e9tenteur de L'Ordre nationale du M\u00e9rite\"},{\"@type\":\"WebSite\",\"@id\":\"https:\/\/lyonbondyblog.fr\/LBB\/#website\",\"url\":\"https:\/\/lyonbondyblog.fr\/LBB\/\",\"name\":\"Lyon Bondy Blog\",\"description\":\"\",\"publisher\":{\"@id\":\"https:\/\/lyonbondyblog.fr\/LBB\/#organization\"},\"potentialAction\":[{\"@type\":\"SearchAction\",\"target\":{\"@type\":\"EntryPoint\",\"urlTemplate\":\"https:\/\/lyonbondyblog.fr\/LBB\/?s={search_term_string}\"},\"query-input\":\"required name=search_term_string\"}],\"inLanguage\":\"fr-FR\"},{\"@type\":\"Organization\",\"@id\":\"https:\/\/lyonbondyblog.fr\/LBB\/#organization\",\"name\":\"LYON BONDY BLOG\",\"url\":\"https:\/\/lyonbondyblog.fr\/LBB\/\",\"logo\":{\"@type\":\"ImageObject\",\"inLanguage\":\"fr-FR\",\"@id\":\"https:\/\/lyonbondyblog.fr\/LBB\/#\/schema\/logo\/image\/\",\"url\":\"http:\/\/lyonbondyblog.fr\/LBB\/wp-content\/uploads\/2014\/10\/logo-portable-144.png\",\"contentUrl\":\"http:\/\/lyonbondyblog.fr\/LBB\/wp-content\/uploads\/2014\/10\/logo-portable-144.png\",\"width\":144,\"height\":123,\"caption\":\"LYON BONDY BLOG\"},\"image\":{\"@id\":\"https:\/\/lyonbondyblog.fr\/LBB\/#\/schema\/logo\/image\/\"},\"sameAs\":[\"https:\/\/www.facebook.com\/lyonbondyblog\",\"https:\/\/x.com\/bondybloglyon\"]},{\"@type\":\"Person\",\"@id\":\"https:\/\/lyonbondyblog.fr\/LBB\/#\/schema\/person\/e45f8d27baac75072daa0be50c409b25\",\"name\":\"La r\u00e9daction\",\"description\":\"Cr\u00e9e en 2008, la r\u00e9daction du Lyon Bondy Blog s'applique \u00e0 proposer une information locale diff\u00e9rente et compl\u00e9mentaire des m\u00e9dias traditionnels.\",\"sameAs\":[\"https:\/\/www.facebook.com\/lyonbondyblog\",\"https:\/\/x.com\/BondyBlogLyon\"],\"url\":\"https:\/\/lyonbondyblog.fr\/LBB\/author\/admin\/\"}]}<\/script>\n<!-- \/ Yoast SEO plugin. -->","yoast_head_json":{"title":"Vos r\u00eaves entrepreneuriaux se r\u00e9alisent avec \u00ab Les D\u00e9termin\u00e9s \u00bb - Lyon Bondy Blog","robots":{"index":"index","follow":"follow","max-snippet":"max-snippet:-1","max-image-preview":"max-image-preview:large","max-video-preview":"max-video-preview:-1"},"canonical":"https:\/\/lyonbondyblog.fr\/LBB\/vos-reves-entrepreneuriaux-se-realisent-avec-les-determines\/","og_locale":"fr_FR","og_type":"article","og_title":"Vos r\u00eaves entrepreneuriaux se r\u00e9alisent avec \u00ab Les D\u00e9termin\u00e9s \u00bb - Lyon Bondy Blog","og_description":"L\u2019association \u00ab&nbsp;Les D\u00e9termin\u00e9s&nbsp;\u00bb lance une nouvelle promotion \u00e0 Lyon le 21 juin pour accompagner gratuitement les personnes issues de banlieues, d&rsquo;espaces ruraux et de quartiers &hellip;","og_url":"https:\/\/lyonbondyblog.fr\/LBB\/vos-reves-entrepreneuriaux-se-realisent-avec-les-determines\/","og_site_name":"Lyon Bondy Blog","article_publisher":"https:\/\/www.facebook.com\/lyonbondyblog","article_author":"https:\/\/www.facebook.com\/lyonbondyblog","article_published_time":"2021-06-15T08:00:02+00:00","article_modified_time":"2021-06-15T11:30:39+00:00","og_image":[{"width":1600,"height":1066,"url":"https:\/\/lyonbondyblog.fr\/LBB\/wp-content\/uploads\/2021\/06\/Moussa-Camara-photo.jpg","type":"image\/jpeg"}],"author":"La r\u00e9daction","twitter_card":"summary_large_image","twitter_creator":"@BondyBlogLyon","twitter_site":"@bondybloglyon","schema":{"@context":"https:\/\/schema.org","@graph":[{"@type":"Article","@id":"https:\/\/lyonbondyblog.fr\/LBB\/vos-reves-entrepreneuriaux-se-realisent-avec-les-determines\/#article","isPartOf":{"@id":"https:\/\/lyonbondyblog.fr\/LBB\/vos-reves-entrepreneuriaux-se-realisent-avec-les-determines\/"},"author":{"name":"La r\u00e9daction","@id":"https:\/\/lyonbondyblog.fr\/LBB\/#\/schema\/person\/e45f8d27baac75072daa0be50c409b25"},"headline":"Vos r\u00eaves entrepreneuriaux se r\u00e9alisent avec \u00ab Les D\u00e9termin\u00e9s \u00bb","datePublished":"2021-06-15T08:00:02+00:00","dateModified":"2021-06-15T11:30:39+00:00","mainEntityOfPage":{"@id":"https:\/\/lyonbondyblog.fr\/LBB\/vos-reves-entrepreneuriaux-se-realisent-avec-les-determines\/"},"wordCount":872,"commentCount":0,"publisher":{"@id":"https:\/\/lyonbondyblog.fr\/LBB\/#organization"},"image":{"@id":"https:\/\/lyonbondyblog.fr\/LBB\/vos-reves-entrepreneuriaux-se-realisent-avec-les-determines\/#primaryimage"},"thumbnailUrl":"https:\/\/lyonbondyblog.fr\/LBB\/wp-content\/uploads\/2021\/06\/Moussa-Camara-photo.jpg","articleSection":["Association","Lyon","Travail"],"inLanguage":"fr-FR","potentialAction":[{"@type":"CommentAction","name":"Comment","target":["https:\/\/lyonbondyblog.fr\/LBB\/vos-reves-entrepreneuriaux-se-realisent-avec-les-determines\/#respond"]}]},{"@type":"WebPage","@id":"https:\/\/lyonbondyblog.fr\/LBB\/vos-reves-entrepreneuriaux-se-realisent-avec-les-determines\/","url":"https:\/\/lyonbondyblog.fr\/LBB\/vos-reves-entrepreneuriaux-se-realisent-avec-les-determines\/","name":"Vos r\u00eaves entrepreneuriaux se r\u00e9alisent avec \u00ab Les D\u00e9termin\u00e9s \u00bb - Lyon Bondy Blog","isPartOf":{"@id":"https:\/\/lyonbondyblog.fr\/LBB\/#website"},"primaryImageOfPage":{"@id":"https:\/\/lyonbondyblog.fr\/LBB\/vos-reves-entrepreneuriaux-se-realisent-avec-les-determines\/#primaryimage"},"image":{"@id":"https:\/\/lyonbondyblog.fr\/LBB\/vos-reves-entrepreneuriaux-se-realisent-avec-les-determines\/#primaryimage"},"thumbnailUrl":"https:\/\/lyonbondyblog.fr\/LBB\/wp-content\/uploads\/2021\/06\/Moussa-Camara-photo.jpg","datePublished":"2021-06-15T08:00:02+00:00","dateModified":"2021-06-15T11:30:39+00:00","inLanguage":"fr-FR","potentialAction":[{"@type":"ReadAction","target":["https:\/\/lyonbondyblog.fr\/LBB\/vos-reves-entrepreneuriaux-se-realisent-avec-les-determines\/"]}]},{"@type":"ImageObject","inLanguage":"fr-FR","@id":"https:\/\/lyonbondyblog.fr\/LBB\/vos-reves-entrepreneuriaux-se-realisent-avec-les-determines\/#primaryimage","url":"https:\/\/lyonbondyblog.fr\/LBB\/wp-content\/uploads\/2021\/06\/Moussa-Camara-photo.jpg","contentUrl":"https:\/\/lyonbondyblog.fr\/LBB\/wp-content\/uploads\/2021\/06\/Moussa-Camara-photo.jpg","width":1600,"height":1066,"caption":"Moussa Camara, pr\u00e9sident de l'association \"Les D\u00e9termin\u00e9s\" et d\u00e9tenteur de L'Ordre nationale du M\u00e9rite"},{"@type":"WebSite","@id":"https:\/\/lyonbondyblog.fr\/LBB\/#website","url":"https:\/\/lyonbondyblog.fr\/LBB\/","name":"Lyon Bondy Blog","description":"","publisher":{"@id":"https:\/\/lyonbondyblog.fr\/LBB\/#organization"},"potentialAction":[{"@type":"SearchAction","target":{"@type":"EntryPoint","urlTemplate":"https:\/\/lyonbondyblog.fr\/LBB\/?s={search_term_string}"},"query-input":"required name=search_term_string"}],"inLanguage":"fr-FR"},{"@type":"Organization","@id":"https:\/\/lyonbondyblog.fr\/LBB\/#organization","name":"LYON BONDY BLOG","url":"https:\/\/lyonbondyblog.fr\/LBB\/","logo":{"@type":"ImageObject","inLanguage":"fr-FR","@id":"https:\/\/lyonbondyblog.fr\/LBB\/#\/schema\/logo\/image\/","url":"http:\/\/lyonbondyblog.fr\/LBB\/wp-content\/uploads\/2014\/10\/logo-portable-144.png","contentUrl":"http:\/\/lyonbondyblog.fr\/LBB\/wp-content\/uploads\/2014\/10\/logo-portable-144.png","width":144,"height":123,"caption":"LYON BONDY BLOG"},"image":{"@id":"https:\/\/lyonbondyblog.fr\/LBB\/#\/schema\/logo\/image\/"},"sameAs":["https:\/\/www.facebook.com\/lyonbondyblog","https:\/\/x.com\/bondybloglyon"]},{"@type":"Person","@id":"https:\/\/lyonbondyblog.fr\/LBB\/#\/schema\/person\/e45f8d27baac75072daa0be50c409b25","name":"La r\u00e9daction","description":"Cr\u00e9e en 2008, la r\u00e9daction du Lyon Bondy Blog s'applique \u00e0 proposer une information locale diff\u00e9rente et compl\u00e9mentaire des m\u00e9dias traditionnels.","sameAs":["https:\/\/www.facebook.com\/lyonbondyblog","https:\/\/x.com\/BondyBlogLyon"],"url":"https:\/\/lyonbondyblog.fr\/LBB\/author\/admin\/"}]}},"_links":{"self":[{"href":"https:\/\/lyonbondyblog.fr\/LBB\/wp-json\/wp\/v2\/posts\/23610","targetHints":{"allow":["GET"]}}],"collection":[{"href":"https:\/\/lyonbondyblog.fr\/LBB\/wp-json\/wp\/v2\/posts"}],"about":[{"href":"https:\/\/lyonbondyblog.fr\/LBB\/wp-json\/wp\/v2\/types\/post"}],"author":[{"embeddable":true,"href":"https:\/\/lyonbondyblog.fr\/LBB\/wp-json\/wp\/v2\/users\/1"}],"replies":[{"embeddable":true,"href":"https:\/\/lyonbondyblog.fr\/LBB\/wp-json\/wp\/v2\/comments?post=23610"}],"version-history":[{"count":37,"href":"https:\/\/lyonbondyblog.fr\/LBB\/wp-json\/wp\/v2\/posts\/23610\/revisions"}],"predecessor-version":[{"id":23650,"href":"https:\/\/lyonbondyblog.fr\/LBB\/wp-json\/wp\/v2\/posts\/23610\/revisions\/23650"}],"wp:featuredmedia":[{"embeddable":true,"href":"https:\/\/lyonbondyblog.fr\/LBB\/wp-json\/wp\/v2\/media\/23611"}],"wp:attachment":[{"href":"https:\/\/lyonbondyblog.fr\/LBB\/wp-json\/wp\/v2\/media?parent=23610"}],"wp:term":[{"taxonomy":"category","embeddable":true,"href":"https:\/\/lyonbondyblog.fr\/LBB\/wp-json\/wp\/v2\/categories?post=23610"},{"taxonomy":"post_tag","embeddable":true,"href":"https:\/\/lyonbondyblog.fr\/LBB\/wp-json\/wp\/v2\/tags?post=23610"}],"curies":[{"name":"wp","href":"https:\/\/api.w.org\/{rel}","templated":true}]}}