{"id":23479,"date":"2021-06-04T17:13:00","date_gmt":"2021-06-04T15:13:00","guid":{"rendered":"http:\/\/lyonbondyblog.fr\/LBB\/?p=23479"},"modified":"2021-06-04T18:06:13","modified_gmt":"2021-06-04T16:06:13","slug":"cecile-cukierman-il-faut-remettre-au-coeur-des-territoires-la-valorisation-des-savoirs-faire-partie-2","status":"publish","type":"post","link":"https:\/\/lyonbondyblog.fr\/LBB\/cecile-cukierman-il-faut-remettre-au-coeur-des-territoires-la-valorisation-des-savoirs-faire-partie-2\/","title":{"rendered":"C\u00e9cile Cukierman : \u00ab Il faut remettre au c\u0153ur des territoires la valorisation des savoirs faire \u00bb &#8211; Partie 2"},"content":{"rendered":"\n<h4 class=\"wp-block-heading\">\u00c0 la t\u00eate de la liste \u00ab Ensemble \u00bb qui regroupe le Parti Communiste et La France Insoumise, C\u00e9cile Cukierman repr\u00e9sente une gauche d\u00e9termin\u00e9e \u00e0 d\u00e9tr\u00f4ner Laurent Wauquiez. La s\u00e9natrice de la Loire souhaite plus de justice sociale et le retour d\u2019un lien entre l\u2019ensemble des territoires r\u00e9gionaux.<\/h4>\n\n\n\n<figure class=\"wp-block-image size-large is-resized\"><img loading=\"lazy\" decoding=\"async\" src=\"https:\/\/lyonbondyblog.fr\/LBB\/wp-content\/uploads\/2021\/06\/C\u00e9cile-Cukierman-1-1920x1731.jpg\" alt=\"\" class=\"wp-image-23446\" width=\"840\" height=\"757\"\/><figcaption>C\u00e9cile Cukierman, candidate aux \u00e9lections r\u00e9gionales 2021 avec la liste \u00ab&nbsp;Ensemble&nbsp;\u00bb regroupant le PCF, LFI, G\u00e9n\u00e9ration Climat et le mouvement Ensemble.<\/figcaption><\/figure>\n\n\n\n<h4 class=\"wp-block-heading\">Retrouvez la premi\u00e8re partie de l&rsquo;interview <a href=\"https:\/\/lyonbondyblog.fr\/LBB\/cecile-cukierman-je-pense-que-nous-sommes-en-capacite-de-reconstruire-au-plus-proche-partie-1\/?fbclid=IwAR3ARq3qZvFszB_065L5SKSscRAOfgRGO9x-OLp09lkg38iNqZXBajdOJfM\" target=\"_blank\" rel=\"noreferrer noopener\">ici<\/a>.<\/h4>\n\n\n\n<h5 class=\"wp-block-heading\">Avec la crise sanitaire, les lyc\u00e9es ont du fermer un certain temps. Le d\u00e9crochage scolaire a fortement augment\u00e9, plus encore pour les milieux d\u00e9favoris\u00e9s. Comment le PCF et LFI veulent lutter contre ce fl\u00e9au ?<\/h5>\n\n\n\n<p>Tout d&rsquo;abord, cette crise sanitaire nous est tomb\u00e9e dessus et personne ne l&rsquo;a vu venir. In\u00e9vitablement, cette crise r\u00e9v\u00e8le d&rsquo;autres probl\u00e9matiques. Malheureusement, le d\u00e9crochage scolaire existait avant la crise, il n&rsquo;a pu donc que s&rsquo;aggraver fortement. Quand on est au pic d&rsquo;une crise, il y a des adaptations \u00e0 faire et nous n&rsquo;\u00e9tions pas en mesure de laisser les lyc\u00e9es ouverts. Le probl\u00e8me est qu&rsquo;il n&rsquo;y a pas eu anticipation pour la suite. Il y a eu une d\u00e9faillance de l\u2019\u00c9ducation Nationale.<\/p>\n\n\n\n<p>Dans ce mandat r\u00e9gional, je pense qu&rsquo;il fallait se poser la question de l&rsquo;\u00e9quipement : pourquoi ne pas \u00e9quiper chaque lyc\u00e9e d&rsquo;une tablette ou d&rsquo;un ordinateur ? Cette action serait \u00e0 travailler avec la communaut\u00e9 \u00e9ducative pour que chacun ne soit pas en rupture avec ces outils du num\u00e9rique que certaines familles ne poss\u00e8dent pas. Aujourd&rsquo;hui, on a des \u00e9l\u00e8ves d\u00e9crocheurs. Cela veut dire qu&rsquo;on a besoin de renforcer le travail avec les missions locales afin de reprendre une m\u00e9diation et raccrocher les jeunes qui ont \u00e9t\u00e9 exclus. Il faudrait commencer par un v\u00e9ritable recensement, faire des partenariats entre les missions locales et l\u2019\u00c9ducation Nationale pour d\u00e9velopper les dispositifs n\u00e9cessaires. On peut aussi financer moins de cam\u00e9ras pour financer plus d&rsquo;\u00e9quipement pour les lyc\u00e9ens.<\/p>\n\n\n\n<h5 class=\"wp-block-heading\">R\u00e9cemment, Farouk Ababsa, t\u00eate de liste \u00e0 la m\u00e9tropole de Lyon, a d\u00e9nonc\u00e9 l&rsquo;absence de moyens pour la formation professionnelle, notamment pour l&rsquo;AFPA et la CNAM. Il souhaite injecter plus d&rsquo;argent dans le secteur public que Monsieur Wauquiez. Pourquoi est-ce important pour vous d&rsquo;agir en ce sens ?<\/h5>\n\n\n\n<p>Pour la formation professionnelle, le probl\u00e8me est la multitude d&rsquo;acteurs. Depuis plusieurs ann\u00e9es et la mandature pr\u00e9c\u00e9dente le confirme, la formation professionnelle est mise \u00e0 mal par des politiques nationales et r\u00e9gionales en cascade.&nbsp; Le choix qui a \u00e9t\u00e9 fait lors de cette mandature \u00e9tait de r\u00e9duire de plus de la moiti\u00e9 ce budget sp\u00e9cifiquement r\u00e9gional pour les diff\u00e9rents organismes de la R\u00e9gion. On a besoin de consolider une formation professionnelle publique, car c&rsquo;est la formation qui est la moins regardante sur la rentabilit\u00e9. Ce qui ne veut pas dire qu&rsquo;elle doit \u00eatre d\u00e9ficitaire. De plus, elle s&rsquo;inscrit dans un crit\u00e8re d&rsquo;\u00e9quilibre et est capable de r\u00e9pondre aux besoins de formation des individus sur tous les territoires.<\/p>\n\n\n\n<p>Quand on parle de formation, on parle de celui qui a besoin de retrouver un emploi mais aussi de celui qui a besoin de changer de voie, ou encore de celui qui a besoin de \u00ab monter en gamme \u00bb pour r\u00e9pondre au changement du m\u00e9tier, sans forc\u00e9ment changer d&#8217;emploi. La formation est \u00e0 la fois tout cela. L\u2019accompagnement n&rsquo;est pas le m\u00eame pour quelqu&rsquo;un qui n&rsquo;a pas travaill\u00e9 pendant plusieurs ann\u00e9es que pour quelqu&rsquo;un qui envisage un changement d&rsquo;entreprise. On doit pouvoir contractualiser avec les organismes sur l&rsquo;efficacit\u00e9 de l&rsquo;offre de formation et sur la territorialisation de celle-ci, pour r\u00e9pondre \u00e0 tous les d\u00e9fis de demain.<\/p>\n\n\n\n<h5 class=\"wp-block-heading\">Comment la R\u00e9gion peut-elle participer \u00e0 la valorisation de l&rsquo;apprentissage, et surtout, aider les jeunes \u00e0 se tourner vers un travail plus manuel ?<\/h5>\n\n\n\n<p>Il est vrai que cela reste un dossier compliqu\u00e9. Mais la R\u00e9gion doit contribuer \u00e0 favoriser le temps de l&rsquo;apprentissage en lien avec les acteurs sociaux. Je crois qu&rsquo;il y a des r\u00e9volutions de mentalit\u00e9s et de soci\u00e9t\u00e9 qu&rsquo;il faut accompagner en profondeur. On relancera l&rsquo;apprentissage quand on redonnera toute sa place aux industries. Nous savons aujourd&rsquo;hui et je vais rester sur les emplois industriels marquant de notre r\u00e9gion, que dans une PME de m\u00e9tallurgie, de textile ou de plasturgie, les m\u00e9tiers de demain seront tr\u00e8s diff\u00e9rents des m\u00e9tiers actuels, \u00e0 cause de la num\u00e9risation ou la m\u00e9canisation. Nous n&rsquo;aurons plus les m\u00eames besoins pour travailler sur une machine demain.<\/p>\n\n\n\n<p>On assiste aussi depuis plusieurs ann\u00e9es au d\u00e9part de nos savoirs faire. Il faut remettre au c\u0153ur des territoires la valorisation de ses savoirs faire et redynamiser l&#8217;emploi. Il faut \u00eatre sinc\u00e8re en politique et aujourd&rsquo;hui nous avons de vraies difficult\u00e9s. Il faut relancer l&rsquo;\u00e9conomie pour relancer l&rsquo;apprentissage.<\/p>\n\n\n\n<h5 class=\"wp-block-heading\">Au niveau des structures sanitaires, elles ont \u00e9t\u00e9 fragilis\u00e9es par la pand\u00e9mie de COVID-19. Avec les moyens restreints dont dispose le Conseil R\u00e9gional, comment accompagner les centres de soins ?<\/h5>\n\n\n\n<p>J&rsquo;esp\u00e8re que la prochaine mandature ne revivra pas une p\u00e9riode de crise comme celle-ci. Mais il faut \u00eatre clair, les difficult\u00e9s existaient avant la crise sanitaire, il y avait des services hospitaliers qui fermaient, des d\u00e9serts m\u00e9dicaux qui gagnaient du terrain dans tous les territoires, des plus urbains aux plus ruraux. Il y a de plus en plus de citoyens qui n&rsquo;ont plus de m\u00e9decin traitant et qui n&rsquo;ont plus acc\u00e8s au parcours de soin. C&rsquo;\u00e9tait une r\u00e9alit\u00e9 avant la crise COVID. Je suis convaincue que l\u2019h\u00f4pital public structure et maille un territoire. M\u00eame un m\u00e9decin lib\u00e9ral vous dira qu&rsquo;il pr\u00e9f\u00e8re s&rsquo;installer \u00e0 c\u00f4t\u00e9 d&rsquo;un h\u00f4pital.<\/p>\n\n\n\n<p>La crise sanitaire r\u00e9v\u00e8le que la R\u00e9gion doit former plus de personnel dans les professions dites sanitaires. Si l&rsquo;on veut permettre aux personnels soignants de mieux travailler en ayant des temps de travail plus respectueux, il faut qu&rsquo;ils soient plus nombreux. Ensuite, j&rsquo;ai not\u00e9 une v\u00e9ritable souffrance entendue dans les diff\u00e9rents h\u00f4pitaux o\u00f9 je me suis rendue. J&rsquo;ai rencontr\u00e9 diff\u00e9rents personnels soignants, de l&rsquo;ambulancier \u00e0 la secr\u00e9taire administrative, car \u00e0 la diff\u00e9rence du gouvernement, je ne fais pas de distinction entre les diff\u00e9rents acteurs de la crise. Je pense que face \u00e0 l&rsquo;inaction de l&rsquo;Agence R\u00e9gionale Sant\u00e9, on se doit de mettre en place un certain nombre de psychologues pour que le personnel de sant\u00e9 soit soutenu, le temps qu&rsquo;il faudra. Cela ne r\u00e8gle pas la charge de travail, mais les psychologues permettront de rendre compte de la r\u00e9alit\u00e9 des soignants. Je veux pr\u00e9server la vie de chacun notamment de ceux qui nous ont permis de pr\u00e9server la n\u00f4tre pendant cette situation sanitaire.<\/p>\n\n\n\n<p>Troisi\u00e8mement, il y a besoin d&rsquo;accompagner d&rsquo;avantage sur la cr\u00e9ation de centre de sant\u00e9. Pour se faire, il faut travailler avec les d\u00e9partements et les intercommunalit\u00e9s qui le souhaite. Il faudrait avoir un v\u00e9ritable maillage des douze d\u00e9partements en mati\u00e8re d&rsquo;acc\u00e8s au soin pour notre population. Je pense aussi, que la R\u00e9gion pourrait financer les \u00e9tudes m\u00e9dicales de plein de jeunes.&nbsp; Je suis pour que l&rsquo;on adopte un \u00ab gagnant-gagnant \u00bb. Pr\u00f4nons des bourses avec un engagement, en fonction des besoins que font remonter les d\u00e9partements, pour que ce jeune soit embauch\u00e9 par le d\u00e9partement. Je pense qu&rsquo;il faut donner \u00e0 voir cette compl\u00e9mentarit\u00e9, cette capacit\u00e9 \u00e0 travailler ensemble entre la R\u00e9gion, le D\u00e9partement et les jeunes. Accompagnons les d\u00e9partements dans leur volont\u00e9 de recrutement. On peut agir tr\u00e8s vite pour faire venir des m\u00e9decins, y compris ceux qui vont avoir leurs concours d&rsquo;internat et des stages dans les d\u00e9partements concern\u00e9s par exemple. Travaillons tous ensemble et je suis s\u00fbre que l&rsquo;on peut d&rsquo;ici deux ou trois ans apporter une r\u00e9ponse \u00e0 l&rsquo;ensemble de nos territoires, en mati\u00e8re de pr\u00e9sence m\u00e9dicale.<\/p>\n\n\n\n<h5 class=\"wp-block-heading\">Un autre secteur a \u00e9t\u00e9 tr\u00e8s fortement touch\u00e9 par la crise sanitaire, celui de la culture. Laiss\u00e9 en suspend et sinistr\u00e9e depuis plus d&rsquo;un an, que proposez-vous pour relancer le monde culturel et tout particuli\u00e8rement les structures de proximit\u00e9&nbsp;?<\/h5>\n\n\n\n<p>La culture vient de vivre une ann\u00e9e catastrophique. Sur cette question, il y a l\u00e0 aussi des \u00e9l\u00e9ments qui ont \u00e9merg\u00e9s maintenant. Il faut remettre \u00e0 plat. Ce que je propose, c&rsquo;est l&rsquo;id\u00e9e d&rsquo;un panier culturel que l&rsquo;on peut faire tr\u00e8s vite. Le panier culturel est une aide que la R\u00e9gion pourrait mettre en place d&rsquo;ici l&rsquo;\u00e9t\u00e9 2022 pour les m\u00e9tiers de la culture, puisque pour nous, c&rsquo;est une activit\u00e9 essentielle. Les gens ont besoin d&rsquo;en vivre et d&rsquo;\u00eatre pay\u00e9 correctement, pas en fonction des contrats. Tout ce syst\u00e8me d&rsquo;appel \u00e0 projet ne permet pas de construire la m\u00e9diation culturelle indispensable avec les diff\u00e9rentes populations.<\/p>\n\n\n\n<p>Le panier culturel donnerait trois jours pay\u00e9s aux acteurs de la culture pour qu&rsquo;ils se mettent \u00e0 plusieurs (\u00e9crivains, musiciens, joueur de cirque etc..) sur un projet, ensuite l\u2019\u0153uvre devrait avoir quatre ou cinq repr\u00e9sentations dans des lieux que l&rsquo;on d\u00e9finit ensemble. Il ne faut pas seulement des \u0153uvres pour les grandes structures, mais aussi pour les villages, dans les EPHAD, les lyc\u00e9es, dans des lieux de proximit\u00e9 o\u00f9 les gens sont r\u00e9unis.<\/p>\n\n\n\n<p>Au niveau des structures, elles ont besoin d&rsquo;\u00eatre aid\u00e9es si elles forment des lieux de rayonnement et de ruissellement de la politique culturelle dans tous les milieux sociaux et sur tous les territoires. A titre d&rsquo;exemple, l&rsquo;op\u00e9ra de Lyon, a re\u00e7u une aide parce qu&rsquo;il y a un ruissellement social. Il faut r\u00e9fl\u00e9chir sur comment faire pour qu&rsquo;il y ait des tourn\u00e9es r\u00e9gionales de ces \u0153uvres sur la montagne ard\u00e9choise ou dans l&rsquo;ouest de la Haute-Loire ? Bien \u00e9videmment, cette \u0153uvre n&rsquo;a pas la m\u00eame dimension, mais la culture est faite pour partir de la r\u00e9alit\u00e9 des gens. Ce sont des choses nouvelles qu&rsquo;il faut accompagner.<\/p>\n\n\n\n<p>Il faut enfin travailler la culture pour qu&rsquo;elle ne soit pas la reproduction d&rsquo;un mod\u00e8le d&rsquo;entre-soi. Je souhaite qu&rsquo;elle continue par sa cr\u00e9ation et dans toute sa diversit\u00e9 des esth\u00e9tismes, \u00e0 former un apport de richesse pour l&rsquo;humanit\u00e9.<\/p>\n\n\n\n<h5 class=\"wp-block-heading\">On a le sentiment que les \u00e9lections r\u00e9gionales sont les pr\u00e9mices des \u00e9lections pr\u00e9sidentielles. Comment vous positionnez-vous par rapport \u00e0 cela ? Pensez-vous que les probl\u00e9matiques sont mises au second plan par rapport aux enjeux nationaux ?<\/h5>\n\n\n\n<p>En toute humilit\u00e9, je n&rsquo;ai qu&rsquo;un objectif. Je souhaite devenir Pr\u00e9sidente de la R\u00e9gion Auvergne-Rh\u00f4ne-Alpes. Je ne m\u00e9lange pas tout. On sent effectivement le temps de la pr\u00e9sidentielle se rapprocher. Il me semble tout de m\u00eame que pour les trois semaines qui nous reste avant le premier tour, on reste sur les enjeux r\u00e9gionaux. Je n&rsquo;en suis pas a ma premi\u00e8re \u00e9lection r\u00e9gionale, cela a toujours \u00e9t\u00e9 ainsi. Je pense que nous avons besoin de r\u00e9concilier la population avec les \u00e9lus. Ce qui peut \u00eatre d\u00e9rangeant, c&rsquo;est quand les d\u00e9bats de politiciens viennent polluer les d\u00e9bats des \u00e9lections r\u00e9gionales. Pour l&rsquo;instant, nous en sommes pr\u00e9serv\u00e9, quelque soit les listes en pr\u00e9sence.<\/p>\n\n\n\n<h5 class=\"wp-block-heading\">Pourquoi il n&rsquo;y a pas eu d&rsquo;union de la gauche ? Quelles ont \u00e9t\u00e9 les d\u00e9saccords avec Madame Vallaud-Belkacem ainsi que Madame Gr\u00e9bert ?<\/h5>\n\n\n\n<p>La gauche est diverse dans notre pays. Elle a aussi une histoire diverse. Je crois que ce n&rsquo;est pas en niant cette histoire que la gauche se renforcera. En 2004, en 2010 et en 2015, il y a toujours eu plusieurs listes. Les institutions sont bien faites, puisque nous avons des \u00e9lections \u00e0 deux tours qui permettent justement une diversit\u00e9 de listes au premier tour. C&rsquo;est une dynamique. Quand je regarde dans d&rsquo;autres R\u00e9gions, je n&rsquo;ai pas le sentiment que d&rsquo;avoir une seule liste de gauche est gage d&rsquo;efficacit\u00e9 pour gagner. La probl\u00e9matique de l&rsquo;efficacit\u00e9 et de la r\u00e9ussite d&rsquo;une politique de gauche va bien au del\u00e0 de savoir combien de liste il y a.<\/p>\n\n\n\n<p>En tout cas, je d\u00e9fends une gauche sinc\u00e8re, une gauche qui ne renonce pas, une gauche sociale, une gauche qui met l&rsquo;\u00e9galit\u00e9 sociale et territoriale au c\u0153ur de mon programme. Nous n&rsquo;avons pas trouv\u00e9 de point d&rsquo;\u00e9quilibre pour porter suffisamment fort ces exigences d&rsquo;un ancrage visc\u00e9ralement \u00e0 gauche.&nbsp; L&rsquo;heure n&rsquo;est pas \u00e0 la pol\u00e9mique, le rassemblement ne peut pas se faire et cela n&rsquo;est pas grave.<\/p>\n\n\n\n<h5 class=\"wp-block-heading\">&nbsp;Sur quelles bases avez-vous n\u00e9goci\u00e9 avec LFI ?<\/h5>\n\n\n\n<p>Sur les bases qui sont celles face aux quelles nous nous pr\u00e9sentons aux habitants. Ce programme a \u00e9t\u00e9 discut\u00e9 avec LFI, avec Ensemble et avec G\u00e9n\u00e9ration Climat, mais aussi avec des citoyens qui ne sont pas forc\u00e9ment adh\u00e9rents de notre parti.&nbsp; Ils nous ont permis de nous retrouver pleinement dans l&rsquo;\u00e9criture d&rsquo;un programme et dans l&rsquo;organisation d&rsquo;une liste.<\/p>\n\n\n\n<h5 class=\"wp-block-heading\">Comment anticipez-vous le second tour ? Pensez-vous d\u00e9j\u00e0&nbsp; de potentielles alliances ?<\/h5>\n\n\n\n<p>Il y aura d\u00e9j\u00e0 un premier tour et ensuite, de fa\u00e7on d\u00e9mocratique, il y aura une fusion qui respecte le poids et le r\u00f4le ainsi que les qualit\u00e9s de chacune et chacun.<\/p>\n\n\n\n<figure class=\"wp-block-embed is-type-video is-provider-youtube wp-block-embed-youtube wp-embed-aspect-4-3 wp-has-aspect-ratio\"><div class=\"wp-block-embed__wrapper\">\n<iframe loading=\"lazy\" title=\"R\u00e9gionales 2021 : C\u00e9cile Cukierman, t\u00eate de liste Ensemble en Auvergne-Rh\u00f4ne-Alpes\" width=\"1200\" height=\"900\" src=\"https:\/\/www.youtube.com\/embed\/6gNPJKX2n3E?feature=oembed\" frameborder=\"0\" allow=\"accelerometer; autoplay; clipboard-write; encrypted-media; gyroscope; picture-in-picture\" allowfullscreen><\/iframe>\n<\/div><\/figure>\n\n\n\n<p>In\u00e8s Apetovi<\/p>\n<!-- AddThis Advanced Settings generic via filter on the_content --><!-- AddThis Share Buttons generic via filter on the_content -->","protected":false},"excerpt":{"rendered":"<p>\u00c0 la t\u00eate de la liste \u00ab Ensemble \u00bb qui regroupe le Parti Communiste et La France Insoumise, C\u00e9cile Cukierman repr\u00e9sente une gauche d\u00e9termin\u00e9e \u00e0 &hellip; <!-- AddThis Advanced Settings generic via filter on wp_trim_excerpt --><!-- AddThis Share Buttons generic via filter on wp_trim_excerpt --><\/p>\n","protected":false},"author":1,"featured_media":23446,"comment_status":"open","ping_status":"open","sticky":false,"template":"","format":"standard","meta":{"_FSMCFIC_featured_image_caption":"","_FSMCFIC_featured_image_nocaption":"","_FSMCFIC_featured_image_hide":"","footnotes":""},"categories":[4,6,24454,4097],"tags":[],"class_list":["post-23479","post","type-post","status-publish","format-standard","has-post-thumbnail","hentry","category-lyon","category-politique","category-regionales-2021","category-rencontre"],"yoast_head":"<!-- This site is optimized with the Yoast SEO plugin v22.8 - https:\/\/yoast.com\/wordpress\/plugins\/seo\/ -->\n<title>C\u00e9cile Cukierman : \u00ab Il faut remettre au c\u0153ur des territoires la valorisation des savoirs faire \u00bb - Partie 2 - Lyon Bondy Blog<\/title>\n<meta name=\"robots\" content=\"index, follow, max-snippet:-1, max-image-preview:large, max-video-preview:-1\" \/>\n<link rel=\"canonical\" href=\"https:\/\/lyonbondyblog.fr\/LBB\/cecile-cukierman-il-faut-remettre-au-coeur-des-territoires-la-valorisation-des-savoirs-faire-partie-2\/\" \/>\n<meta property=\"og:locale\" content=\"fr_FR\" \/>\n<meta property=\"og:type\" content=\"article\" \/>\n<meta property=\"og:title\" content=\"C\u00e9cile Cukierman : \u00ab Il faut remettre au c\u0153ur des territoires la valorisation des savoirs faire \u00bb - Partie 2 - Lyon Bondy Blog\" \/>\n<meta property=\"og:description\" content=\"\u00c0 la t\u00eate de la liste \u00ab Ensemble \u00bb qui regroupe le Parti Communiste et La France Insoumise, C\u00e9cile Cukierman repr\u00e9sente une gauche d\u00e9termin\u00e9e \u00e0 &hellip;\" \/>\n<meta property=\"og:url\" content=\"https:\/\/lyonbondyblog.fr\/LBB\/cecile-cukierman-il-faut-remettre-au-coeur-des-territoires-la-valorisation-des-savoirs-faire-partie-2\/\" \/>\n<meta property=\"og:site_name\" content=\"Lyon Bondy Blog\" \/>\n<meta property=\"article:publisher\" content=\"https:\/\/www.facebook.com\/lyonbondyblog\" \/>\n<meta property=\"article:author\" content=\"https:\/\/www.facebook.com\/lyonbondyblog\" \/>\n<meta property=\"article:published_time\" content=\"2021-06-04T15:13:00+00:00\" \/>\n<meta property=\"article:modified_time\" content=\"2021-06-04T16:06:13+00:00\" \/>\n<meta property=\"og:image\" content=\"https:\/\/lyonbondyblog.fr\/LBB\/wp-content\/uploads\/2021\/06\/Ce\u0301cile-Cukierman-1-scaled.jpg\" \/>\n\t<meta property=\"og:image:width\" content=\"2560\" \/>\n\t<meta property=\"og:image:height\" content=\"2308\" \/>\n\t<meta property=\"og:image:type\" content=\"image\/jpeg\" \/>\n<meta name=\"author\" content=\"La r\u00e9daction\" \/>\n<meta name=\"twitter:card\" content=\"summary_large_image\" \/>\n<meta name=\"twitter:creator\" content=\"@BondyBlogLyon\" \/>\n<meta name=\"twitter:site\" content=\"@bondybloglyon\" \/>\n<script type=\"application\/ld+json\" class=\"yoast-schema-graph\">{\"@context\":\"https:\/\/schema.org\",\"@graph\":[{\"@type\":\"Article\",\"@id\":\"https:\/\/lyonbondyblog.fr\/LBB\/cecile-cukierman-il-faut-remettre-au-coeur-des-territoires-la-valorisation-des-savoirs-faire-partie-2\/#article\",\"isPartOf\":{\"@id\":\"https:\/\/lyonbondyblog.fr\/LBB\/cecile-cukierman-il-faut-remettre-au-coeur-des-territoires-la-valorisation-des-savoirs-faire-partie-2\/\"},\"author\":{\"name\":\"La r\u00e9daction\",\"@id\":\"https:\/\/lyonbondyblog.fr\/LBB\/#\/schema\/person\/e45f8d27baac75072daa0be50c409b25\"},\"headline\":\"C\u00e9cile Cukierman : \u00ab Il faut remettre au c\u0153ur des territoires la valorisation des savoirs faire \u00bb &#8211; Partie 2\",\"datePublished\":\"2021-06-04T15:13:00+00:00\",\"dateModified\":\"2021-06-04T16:06:13+00:00\",\"mainEntityOfPage\":{\"@id\":\"https:\/\/lyonbondyblog.fr\/LBB\/cecile-cukierman-il-faut-remettre-au-coeur-des-territoires-la-valorisation-des-savoirs-faire-partie-2\/\"},\"wordCount\":2295,\"commentCount\":0,\"publisher\":{\"@id\":\"https:\/\/lyonbondyblog.fr\/LBB\/#organization\"},\"image\":{\"@id\":\"https:\/\/lyonbondyblog.fr\/LBB\/cecile-cukierman-il-faut-remettre-au-coeur-des-territoires-la-valorisation-des-savoirs-faire-partie-2\/#primaryimage\"},\"thumbnailUrl\":\"https:\/\/lyonbondyblog.fr\/LBB\/wp-content\/uploads\/2021\/06\/Ce\u0301cile-Cukierman-1-scaled.jpg\",\"articleSection\":[\"Lyon\",\"Politique\",\"R\u00e9gionales 2021\",\"Rencontre\"],\"inLanguage\":\"fr-FR\",\"potentialAction\":[{\"@type\":\"CommentAction\",\"name\":\"Comment\",\"target\":[\"https:\/\/lyonbondyblog.fr\/LBB\/cecile-cukierman-il-faut-remettre-au-coeur-des-territoires-la-valorisation-des-savoirs-faire-partie-2\/#respond\"]}]},{\"@type\":\"WebPage\",\"@id\":\"https:\/\/lyonbondyblog.fr\/LBB\/cecile-cukierman-il-faut-remettre-au-coeur-des-territoires-la-valorisation-des-savoirs-faire-partie-2\/\",\"url\":\"https:\/\/lyonbondyblog.fr\/LBB\/cecile-cukierman-il-faut-remettre-au-coeur-des-territoires-la-valorisation-des-savoirs-faire-partie-2\/\",\"name\":\"C\u00e9cile Cukierman : \u00ab Il faut remettre au c\u0153ur des territoires la valorisation des savoirs faire \u00bb - Partie 2 - Lyon Bondy Blog\",\"isPartOf\":{\"@id\":\"https:\/\/lyonbondyblog.fr\/LBB\/#website\"},\"primaryImageOfPage\":{\"@id\":\"https:\/\/lyonbondyblog.fr\/LBB\/cecile-cukierman-il-faut-remettre-au-coeur-des-territoires-la-valorisation-des-savoirs-faire-partie-2\/#primaryimage\"},\"image\":{\"@id\":\"https:\/\/lyonbondyblog.fr\/LBB\/cecile-cukierman-il-faut-remettre-au-coeur-des-territoires-la-valorisation-des-savoirs-faire-partie-2\/#primaryimage\"},\"thumbnailUrl\":\"https:\/\/lyonbondyblog.fr\/LBB\/wp-content\/uploads\/2021\/06\/Ce\u0301cile-Cukierman-1-scaled.jpg\",\"datePublished\":\"2021-06-04T15:13:00+00:00\",\"dateModified\":\"2021-06-04T16:06:13+00:00\",\"inLanguage\":\"fr-FR\",\"potentialAction\":[{\"@type\":\"ReadAction\",\"target\":[\"https:\/\/lyonbondyblog.fr\/LBB\/cecile-cukierman-il-faut-remettre-au-coeur-des-territoires-la-valorisation-des-savoirs-faire-partie-2\/\"]}]},{\"@type\":\"ImageObject\",\"inLanguage\":\"fr-FR\",\"@id\":\"https:\/\/lyonbondyblog.fr\/LBB\/cecile-cukierman-il-faut-remettre-au-coeur-des-territoires-la-valorisation-des-savoirs-faire-partie-2\/#primaryimage\",\"url\":\"https:\/\/lyonbondyblog.fr\/LBB\/wp-content\/uploads\/2021\/06\/Ce\u0301cile-Cukierman-1-scaled.jpg\",\"contentUrl\":\"https:\/\/lyonbondyblog.fr\/LBB\/wp-content\/uploads\/2021\/06\/Ce\u0301cile-Cukierman-1-scaled.jpg\",\"width\":2560,\"height\":2308},{\"@type\":\"WebSite\",\"@id\":\"https:\/\/lyonbondyblog.fr\/LBB\/#website\",\"url\":\"https:\/\/lyonbondyblog.fr\/LBB\/\",\"name\":\"Lyon Bondy Blog\",\"description\":\"\",\"publisher\":{\"@id\":\"https:\/\/lyonbondyblog.fr\/LBB\/#organization\"},\"potentialAction\":[{\"@type\":\"SearchAction\",\"target\":{\"@type\":\"EntryPoint\",\"urlTemplate\":\"https:\/\/lyonbondyblog.fr\/LBB\/?s={search_term_string}\"},\"query-input\":\"required name=search_term_string\"}],\"inLanguage\":\"fr-FR\"},{\"@type\":\"Organization\",\"@id\":\"https:\/\/lyonbondyblog.fr\/LBB\/#organization\",\"name\":\"LYON BONDY BLOG\",\"url\":\"https:\/\/lyonbondyblog.fr\/LBB\/\",\"logo\":{\"@type\":\"ImageObject\",\"inLanguage\":\"fr-FR\",\"@id\":\"https:\/\/lyonbondyblog.fr\/LBB\/#\/schema\/logo\/image\/\",\"url\":\"http:\/\/lyonbondyblog.fr\/LBB\/wp-content\/uploads\/2014\/10\/logo-portable-144.png\",\"contentUrl\":\"http:\/\/lyonbondyblog.fr\/LBB\/wp-content\/uploads\/2014\/10\/logo-portable-144.png\",\"width\":144,\"height\":123,\"caption\":\"LYON BONDY BLOG\"},\"image\":{\"@id\":\"https:\/\/lyonbondyblog.fr\/LBB\/#\/schema\/logo\/image\/\"},\"sameAs\":[\"https:\/\/www.facebook.com\/lyonbondyblog\",\"https:\/\/x.com\/bondybloglyon\"]},{\"@type\":\"Person\",\"@id\":\"https:\/\/lyonbondyblog.fr\/LBB\/#\/schema\/person\/e45f8d27baac75072daa0be50c409b25\",\"name\":\"La r\u00e9daction\",\"description\":\"Cr\u00e9e en 2008, la r\u00e9daction du Lyon Bondy Blog s'applique \u00e0 proposer une information locale diff\u00e9rente et compl\u00e9mentaire des m\u00e9dias traditionnels.\",\"sameAs\":[\"https:\/\/www.facebook.com\/lyonbondyblog\",\"https:\/\/x.com\/BondyBlogLyon\"],\"url\":\"https:\/\/lyonbondyblog.fr\/LBB\/author\/admin\/\"}]}<\/script>\n<!-- \/ Yoast SEO plugin. -->","yoast_head_json":{"title":"C\u00e9cile Cukierman : \u00ab Il faut remettre au c\u0153ur des territoires la valorisation des savoirs faire \u00bb - Partie 2 - Lyon Bondy Blog","robots":{"index":"index","follow":"follow","max-snippet":"max-snippet:-1","max-image-preview":"max-image-preview:large","max-video-preview":"max-video-preview:-1"},"canonical":"https:\/\/lyonbondyblog.fr\/LBB\/cecile-cukierman-il-faut-remettre-au-coeur-des-territoires-la-valorisation-des-savoirs-faire-partie-2\/","og_locale":"fr_FR","og_type":"article","og_title":"C\u00e9cile Cukierman : \u00ab Il faut remettre au c\u0153ur des territoires la valorisation des savoirs faire \u00bb - Partie 2 - Lyon Bondy Blog","og_description":"\u00c0 la t\u00eate de la liste \u00ab Ensemble \u00bb qui regroupe le Parti Communiste et La France Insoumise, C\u00e9cile Cukierman repr\u00e9sente une gauche d\u00e9termin\u00e9e \u00e0 &hellip;","og_url":"https:\/\/lyonbondyblog.fr\/LBB\/cecile-cukierman-il-faut-remettre-au-coeur-des-territoires-la-valorisation-des-savoirs-faire-partie-2\/","og_site_name":"Lyon Bondy Blog","article_publisher":"https:\/\/www.facebook.com\/lyonbondyblog","article_author":"https:\/\/www.facebook.com\/lyonbondyblog","article_published_time":"2021-06-04T15:13:00+00:00","article_modified_time":"2021-06-04T16:06:13+00:00","og_image":[{"width":2560,"height":2308,"url":"https:\/\/lyonbondyblog.fr\/LBB\/wp-content\/uploads\/2021\/06\/Ce\u0301cile-Cukierman-1-scaled.jpg","type":"image\/jpeg"}],"author":"La r\u00e9daction","twitter_card":"summary_large_image","twitter_creator":"@BondyBlogLyon","twitter_site":"@bondybloglyon","schema":{"@context":"https:\/\/schema.org","@graph":[{"@type":"Article","@id":"https:\/\/lyonbondyblog.fr\/LBB\/cecile-cukierman-il-faut-remettre-au-coeur-des-territoires-la-valorisation-des-savoirs-faire-partie-2\/#article","isPartOf":{"@id":"https:\/\/lyonbondyblog.fr\/LBB\/cecile-cukierman-il-faut-remettre-au-coeur-des-territoires-la-valorisation-des-savoirs-faire-partie-2\/"},"author":{"name":"La r\u00e9daction","@id":"https:\/\/lyonbondyblog.fr\/LBB\/#\/schema\/person\/e45f8d27baac75072daa0be50c409b25"},"headline":"C\u00e9cile Cukierman : \u00ab Il faut remettre au c\u0153ur des territoires la valorisation des savoirs faire \u00bb &#8211; Partie 2","datePublished":"2021-06-04T15:13:00+00:00","dateModified":"2021-06-04T16:06:13+00:00","mainEntityOfPage":{"@id":"https:\/\/lyonbondyblog.fr\/LBB\/cecile-cukierman-il-faut-remettre-au-coeur-des-territoires-la-valorisation-des-savoirs-faire-partie-2\/"},"wordCount":2295,"commentCount":0,"publisher":{"@id":"https:\/\/lyonbondyblog.fr\/LBB\/#organization"},"image":{"@id":"https:\/\/lyonbondyblog.fr\/LBB\/cecile-cukierman-il-faut-remettre-au-coeur-des-territoires-la-valorisation-des-savoirs-faire-partie-2\/#primaryimage"},"thumbnailUrl":"https:\/\/lyonbondyblog.fr\/LBB\/wp-content\/uploads\/2021\/06\/Ce\u0301cile-Cukierman-1-scaled.jpg","articleSection":["Lyon","Politique","R\u00e9gionales 2021","Rencontre"],"inLanguage":"fr-FR","potentialAction":[{"@type":"CommentAction","name":"Comment","target":["https:\/\/lyonbondyblog.fr\/LBB\/cecile-cukierman-il-faut-remettre-au-coeur-des-territoires-la-valorisation-des-savoirs-faire-partie-2\/#respond"]}]},{"@type":"WebPage","@id":"https:\/\/lyonbondyblog.fr\/LBB\/cecile-cukierman-il-faut-remettre-au-coeur-des-territoires-la-valorisation-des-savoirs-faire-partie-2\/","url":"https:\/\/lyonbondyblog.fr\/LBB\/cecile-cukierman-il-faut-remettre-au-coeur-des-territoires-la-valorisation-des-savoirs-faire-partie-2\/","name":"C\u00e9cile Cukierman : \u00ab Il faut remettre au c\u0153ur des territoires la valorisation des savoirs faire \u00bb - Partie 2 - Lyon Bondy Blog","isPartOf":{"@id":"https:\/\/lyonbondyblog.fr\/LBB\/#website"},"primaryImageOfPage":{"@id":"https:\/\/lyonbondyblog.fr\/LBB\/cecile-cukierman-il-faut-remettre-au-coeur-des-territoires-la-valorisation-des-savoirs-faire-partie-2\/#primaryimage"},"image":{"@id":"https:\/\/lyonbondyblog.fr\/LBB\/cecile-cukierman-il-faut-remettre-au-coeur-des-territoires-la-valorisation-des-savoirs-faire-partie-2\/#primaryimage"},"thumbnailUrl":"https:\/\/lyonbondyblog.fr\/LBB\/wp-content\/uploads\/2021\/06\/Ce\u0301cile-Cukierman-1-scaled.jpg","datePublished":"2021-06-04T15:13:00+00:00","dateModified":"2021-06-04T16:06:13+00:00","inLanguage":"fr-FR","potentialAction":[{"@type":"ReadAction","target":["https:\/\/lyonbondyblog.fr\/LBB\/cecile-cukierman-il-faut-remettre-au-coeur-des-territoires-la-valorisation-des-savoirs-faire-partie-2\/"]}]},{"@type":"ImageObject","inLanguage":"fr-FR","@id":"https:\/\/lyonbondyblog.fr\/LBB\/cecile-cukierman-il-faut-remettre-au-coeur-des-territoires-la-valorisation-des-savoirs-faire-partie-2\/#primaryimage","url":"https:\/\/lyonbondyblog.fr\/LBB\/wp-content\/uploads\/2021\/06\/Ce\u0301cile-Cukierman-1-scaled.jpg","contentUrl":"https:\/\/lyonbondyblog.fr\/LBB\/wp-content\/uploads\/2021\/06\/Ce\u0301cile-Cukierman-1-scaled.jpg","width":2560,"height":2308},{"@type":"WebSite","@id":"https:\/\/lyonbondyblog.fr\/LBB\/#website","url":"https:\/\/lyonbondyblog.fr\/LBB\/","name":"Lyon Bondy Blog","description":"","publisher":{"@id":"https:\/\/lyonbondyblog.fr\/LBB\/#organization"},"potentialAction":[{"@type":"SearchAction","target":{"@type":"EntryPoint","urlTemplate":"https:\/\/lyonbondyblog.fr\/LBB\/?s={search_term_string}"},"query-input":"required name=search_term_string"}],"inLanguage":"fr-FR"},{"@type":"Organization","@id":"https:\/\/lyonbondyblog.fr\/LBB\/#organization","name":"LYON BONDY BLOG","url":"https:\/\/lyonbondyblog.fr\/LBB\/","logo":{"@type":"ImageObject","inLanguage":"fr-FR","@id":"https:\/\/lyonbondyblog.fr\/LBB\/#\/schema\/logo\/image\/","url":"http:\/\/lyonbondyblog.fr\/LBB\/wp-content\/uploads\/2014\/10\/logo-portable-144.png","contentUrl":"http:\/\/lyonbondyblog.fr\/LBB\/wp-content\/uploads\/2014\/10\/logo-portable-144.png","width":144,"height":123,"caption":"LYON BONDY BLOG"},"image":{"@id":"https:\/\/lyonbondyblog.fr\/LBB\/#\/schema\/logo\/image\/"},"sameAs":["https:\/\/www.facebook.com\/lyonbondyblog","https:\/\/x.com\/bondybloglyon"]},{"@type":"Person","@id":"https:\/\/lyonbondyblog.fr\/LBB\/#\/schema\/person\/e45f8d27baac75072daa0be50c409b25","name":"La r\u00e9daction","description":"Cr\u00e9e en 2008, la r\u00e9daction du Lyon Bondy Blog s'applique \u00e0 proposer une information locale diff\u00e9rente et compl\u00e9mentaire des m\u00e9dias traditionnels.","sameAs":["https:\/\/www.facebook.com\/lyonbondyblog","https:\/\/x.com\/BondyBlogLyon"],"url":"https:\/\/lyonbondyblog.fr\/LBB\/author\/admin\/"}]}},"_links":{"self":[{"href":"https:\/\/lyonbondyblog.fr\/LBB\/wp-json\/wp\/v2\/posts\/23479","targetHints":{"allow":["GET"]}}],"collection":[{"href":"https:\/\/lyonbondyblog.fr\/LBB\/wp-json\/wp\/v2\/posts"}],"about":[{"href":"https:\/\/lyonbondyblog.fr\/LBB\/wp-json\/wp\/v2\/types\/post"}],"author":[{"embeddable":true,"href":"https:\/\/lyonbondyblog.fr\/LBB\/wp-json\/wp\/v2\/users\/1"}],"replies":[{"embeddable":true,"href":"https:\/\/lyonbondyblog.fr\/LBB\/wp-json\/wp\/v2\/comments?post=23479"}],"version-history":[{"count":8,"href":"https:\/\/lyonbondyblog.fr\/LBB\/wp-json\/wp\/v2\/posts\/23479\/revisions"}],"predecessor-version":[{"id":23488,"href":"https:\/\/lyonbondyblog.fr\/LBB\/wp-json\/wp\/v2\/posts\/23479\/revisions\/23488"}],"wp:featuredmedia":[{"embeddable":true,"href":"https:\/\/lyonbondyblog.fr\/LBB\/wp-json\/wp\/v2\/media\/23446"}],"wp:attachment":[{"href":"https:\/\/lyonbondyblog.fr\/LBB\/wp-json\/wp\/v2\/media?parent=23479"}],"wp:term":[{"taxonomy":"category","embeddable":true,"href":"https:\/\/lyonbondyblog.fr\/LBB\/wp-json\/wp\/v2\/categories?post=23479"},{"taxonomy":"post_tag","embeddable":true,"href":"https:\/\/lyonbondyblog.fr\/LBB\/wp-json\/wp\/v2\/tags?post=23479"}],"curies":[{"name":"wp","href":"https:\/\/api.w.org\/{rel}","templated":true}]}}