{"id":2345,"date":"2010-10-28T10:41:46","date_gmt":"2010-10-28T08:41:46","guid":{"rendered":"http:\/\/lyonbondyblog.fr\/LBB\/?p=2345"},"modified":"2013-07-31T10:43:20","modified_gmt":"2013-07-31T08:43:20","slug":"segolene-royal-elue-a-la-tete-de-lassociation-internationale-des-regions-francophones","status":"publish","type":"post","link":"https:\/\/lyonbondyblog.fr\/LBB\/segolene-royal-elue-a-la-tete-de-lassociation-internationale-des-regions-francophones\/","title":{"rendered":"S\u00e9gol\u00e8ne Royal \u00e9lue \u00e0 la t\u00eate de l&rsquo;Association Internationale des R\u00e9gions Francophones"},"content":{"rendered":"<p><strong>La pr\u00e9sidente de la r\u00e9gion Poitou-Charentes a \u00e9t\u00e9 choisie \u00e0 l&rsquo;unanimit\u00e9 des membres de l&rsquo;AIRF pour pr\u00e9sider l&rsquo;association, ce jeudi \u00e0 la Chambre de commerce et d&rsquo;Industrie de Lyon. La m\u00e9tropole lyonnaise recevait cette semaine les 1er Etats g\u00e9n\u00e9raux de la Francophonie d\u00e9centralis\u00e9e.<\/strong><\/p>\n<div><a title=\" -- Cliquez pour voir l'image en entier\" href=\"http:\/\/yahoo.lyon.bondyblog.fr\/images\/ETATS_generaux.jpg\" target=\"_blank\"> <img decoding=\"async\" class=\"alignright\" alt=\" -- Cliquez pour voir l'image en entier\" src=\"http:\/\/yahoo.lyon.bondyblog.fr\/images\/ETATS_generaux_t.jpg\" border=\"0\" \/> <\/a><\/div>\n<div><\/div>\n<p>Les 26 et 27 octobre 2010 se tenaient \u00e0 Lyon les 1er \u00ab\u00a0Etats g\u00e9n\u00e9raux de la Francophonie d\u00e9centralis\u00e9e\u00a0\u00bb. Ce fut donc l&rsquo;occasion pour les repr\u00e9sentants des r\u00e9gions francophones de se r\u00e9unir et d&rsquo;\u00e9changer autour d&rsquo;ateliers tels que\u00a0<i>\u00ab\u00a0Langue fran\u00e7aise, multilinguisme, diversit\u00e9 et industries culturelles<\/i>\u00a0\u00bb ou encore le \u00ab\u00a0<i>D\u00e9veloppement \u00e9conomique et Durable\u00a0\u00bb<\/i>. Moins connu en France, le r\u00e9seau de la Francophonie est l&rsquo;un des plus d\u00e9velopp\u00e9 \u00e0 l&rsquo;\u00e9chelle internationale, r\u00e9unissant 75 Etats et 220 millions de locuteurs francophones dans le monde, dont les actions sont men\u00e9es par l&rsquo;<a href=\"http:\/\/www.francophonie.org\/\">Organisation Internationale de la Francophonie<\/a> (OIF).<\/p>\n<p>Ce jeudi matin, se tenait l&rsquo;Assembl\u00e9e g\u00e9n\u00e9rale de l&rsquo;Association Internationale des r\u00e9gions francophones (AIRF), organisation non gouvernementale accr\u00e9dit\u00e9e aupr\u00e8s de l&rsquo;OIF. L&rsquo;association, qui proc\u00e9dait au renouvellement de son Conseil d&rsquo;administration et de son bureau, a \u00e9lu \u00e0 l&rsquo;unanimit\u00e9 S\u00e9gol\u00e8ne Royal \u00e0 sa pr\u00e9sidence, succ\u00e9dant ainsi \u00e0 Thierry Cornillet, pr\u00e9sident depuis la cr\u00e9ation de l&rsquo;AIRF en 2002.<\/p>\n<p>Fran\u00e7ois Bita, pr\u00e9sident du Conseil g\u00e9n\u00e9ral La Lekoumou au Congo-Brazzaville indique les raisons de son choix\u00a0: <i>\u00ab\u00a0Vis-\u00e0-vis de la francophonie et de la d\u00e9centralisation, il s&rsquo;agit d&rsquo;une personnalit\u00e9 forte qui va apporter plus \u00e0 notre association. je suis tr\u00e8s satisfait de son \u00e9lection, du fait \u00e9galement de son exp\u00e9rience \u00e0 l&rsquo;internationale n\u00e9cessaire pour aider les collectivit\u00e9s locales francophones. Il faut que les gens soient plus imaginatifs pour cr\u00e9er une dynamique de d\u00e9veloppement\u00a0 pour donner vie aux collectivit\u00e9s\u00a0\u00bb<\/i>.<\/p>\n<p>Si les repr\u00e9sentants des r\u00e9gions francophones ont \u00e9lu <i>\u00ab\u00a0une personnalit\u00e9 forte\u00a0\u00bb<\/i> \u00e0 la t\u00eate de l&rsquo;association, l&rsquo;\u00e9chec significatif du Sommet pour le climat de Conpenhague de juin 2010, a davantage motiv\u00e9 cette d\u00e9cision. Le d\u00e9f\u00e9cit de volont\u00e9 politique de la part des Etats d\u00e9velopp\u00e9s, quant aux engagement pris pour lutter contre le r\u00e9chauffement climatique (au d\u00e9triment des pays du Sud plus durement touch\u00e9s par les changements climatiques) a concaincu l&rsquo;ONU de se rapprocher des collectivit\u00e9s locales afin de mettre en place des dispositifs de d\u00e9veloppement durable.<br \/>\nC&rsquo;est pourquoi, un repr\u00e9sentant du Programme des Nations Unies pour le D\u00e9veloppement (PNUD) \u00e9tait pr\u00e9sent. En clair, l&rsquo;association se propose de mettre en place des solutions locales pour un probl\u00e8me mondial, en d\u00e9veloppant les solidarit\u00e9s entre r\u00e9gions et les \u00e9changes de savoir-faire, d\u00e9passant ainsi les diff\u00e9rences politiques:<\/p>\n<p><i>\u00ab\u00a0Dans notre association, nous n&rsquo;avons pas de clivage politique. S\u00e9gol\u00e8ne Royal est socialiste et moi lib\u00e9ral.\u00a0 Je crois qu&rsquo;elle a la personnalit\u00e9 pour mener \u00e0 bien nos projets, c&rsquo;est pourquoi elle a \u00e9t\u00e9 \u00e9lue \u00e0 l&rsquo;unanimit\u00e9. Je suis fier que ce soit elle d&rsquo;autant plus que c&rsquo;est une femme. Nous pensons qu&rsquo;elle sera \u00e0 la hauteur de sa t\u00e2che pour aider les r\u00e9gions du Sud \u00e0 relever le d\u00e9fit climatique\u00a0\u00bb<\/i> raconte Mamadou Saliou Ba, pr\u00e9sident de la r\u00e9gion Tambacounda au S\u00e9n\u00e9gal.<\/p>\n<p><a href=\"http:\/\/www.regions-francophones.com\/index.html\">Association Internationale des R\u00e9gions Francophones<\/a><\/p>\n<p style=\"text-align: right;\"><span style=\"text-decoration: underline;\">Rafika Bendermel<\/span><\/p>\n<!-- AddThis Advanced Settings generic via filter on the_content --><!-- AddThis Share Buttons generic via filter on the_content -->","protected":false},"excerpt":{"rendered":"<p>La pr\u00e9sidente de la r\u00e9gion Poitou-Charentes a \u00e9t\u00e9 choisie \u00e0 l&rsquo;unanimit\u00e9 des membres de l&rsquo;AIRF pour pr\u00e9sider l&rsquo;association, ce jeudi \u00e0 la Chambre de commerce &hellip; <!-- AddThis Advanced Settings generic via filter on wp_trim_excerpt --><!-- AddThis Share Buttons generic via filter on wp_trim_excerpt --><\/p>\n","protected":false},"author":1,"featured_media":2346,"comment_status":"open","ping_status":"open","sticky":false,"template":"","format":"standard","meta":{"_FSMCFIC_featured_image_caption":"","_FSMCFIC_featured_image_nocaption":"","_FSMCFIC_featured_image_hide":"","footnotes":""},"categories":[6],"tags":[10,112,664],"class_list":["post-2345","post","type-post","status-publish","format-standard","has-post-thumbnail","hentry","category-politique","tag-lyon-2","tag-lyon-bondy-blog","tag-segolene-royal"],"yoast_head":"<!-- This site is optimized with the Yoast SEO plugin v22.8 - https:\/\/yoast.com\/wordpress\/plugins\/seo\/ -->\n<title>S\u00e9gol\u00e8ne Royal \u00e9lue \u00e0 la t\u00eate de l&#039;Association Internationale des R\u00e9gions Francophones - Lyon Bondy Blog<\/title>\n<meta name=\"robots\" content=\"index, follow, max-snippet:-1, max-image-preview:large, max-video-preview:-1\" \/>\n<link rel=\"canonical\" href=\"https:\/\/lyonbondyblog.fr\/LBB\/segolene-royal-elue-a-la-tete-de-lassociation-internationale-des-regions-francophones\/\" \/>\n<meta property=\"og:locale\" content=\"fr_FR\" \/>\n<meta property=\"og:type\" content=\"article\" \/>\n<meta property=\"og:title\" content=\"S\u00e9gol\u00e8ne Royal \u00e9lue \u00e0 la t\u00eate de l&#039;Association Internationale des R\u00e9gions Francophones - Lyon Bondy Blog\" \/>\n<meta property=\"og:description\" content=\"La pr\u00e9sidente de la r\u00e9gion Poitou-Charentes a \u00e9t\u00e9 choisie \u00e0 l&rsquo;unanimit\u00e9 des membres de l&rsquo;AIRF pour pr\u00e9sider l&rsquo;association, ce jeudi \u00e0 la Chambre de commerce &hellip;\" \/>\n<meta property=\"og:url\" content=\"https:\/\/lyonbondyblog.fr\/LBB\/segolene-royal-elue-a-la-tete-de-lassociation-internationale-des-regions-francophones\/\" \/>\n<meta property=\"og:site_name\" content=\"Lyon Bondy Blog\" \/>\n<meta property=\"article:publisher\" content=\"https:\/\/www.facebook.com\/lyonbondyblog\" \/>\n<meta property=\"article:author\" content=\"https:\/\/www.facebook.com\/lyonbondyblog\" \/>\n<meta property=\"article:published_time\" content=\"2010-10-28T08:41:46+00:00\" \/>\n<meta property=\"article:modified_time\" content=\"2013-07-31T08:43:20+00:00\" \/>\n<meta property=\"og:image\" content=\"https:\/\/lyonbondyblog.fr\/LBB\/wp-content\/uploads\/2013\/07\/ETATS_generaux_t.jpg\" \/>\n\t<meta property=\"og:image:width\" content=\"194\" \/>\n\t<meta property=\"og:image:height\" content=\"274\" \/>\n\t<meta property=\"og:image:type\" content=\"image\/jpeg\" \/>\n<meta name=\"author\" content=\"La r\u00e9daction\" \/>\n<meta name=\"twitter:card\" content=\"summary_large_image\" \/>\n<meta name=\"twitter:creator\" content=\"@BondyBlogLyon\" \/>\n<meta name=\"twitter:site\" content=\"@bondybloglyon\" \/>\n<script type=\"application\/ld+json\" class=\"yoast-schema-graph\">{\"@context\":\"https:\/\/schema.org\",\"@graph\":[{\"@type\":\"Article\",\"@id\":\"https:\/\/lyonbondyblog.fr\/LBB\/segolene-royal-elue-a-la-tete-de-lassociation-internationale-des-regions-francophones\/#article\",\"isPartOf\":{\"@id\":\"https:\/\/lyonbondyblog.fr\/LBB\/segolene-royal-elue-a-la-tete-de-lassociation-internationale-des-regions-francophones\/\"},\"author\":{\"name\":\"La r\u00e9daction\",\"@id\":\"https:\/\/lyonbondyblog.fr\/LBB\/#\/schema\/person\/e45f8d27baac75072daa0be50c409b25\"},\"headline\":\"S\u00e9gol\u00e8ne Royal \u00e9lue \u00e0 la t\u00eate de l&rsquo;Association Internationale des R\u00e9gions Francophones\",\"datePublished\":\"2010-10-28T08:41:46+00:00\",\"dateModified\":\"2013-07-31T08:43:20+00:00\",\"mainEntityOfPage\":{\"@id\":\"https:\/\/lyonbondyblog.fr\/LBB\/segolene-royal-elue-a-la-tete-de-lassociation-internationale-des-regions-francophones\/\"},\"wordCount\":567,\"commentCount\":0,\"publisher\":{\"@id\":\"https:\/\/lyonbondyblog.fr\/LBB\/#organization\"},\"image\":{\"@id\":\"https:\/\/lyonbondyblog.fr\/LBB\/segolene-royal-elue-a-la-tete-de-lassociation-internationale-des-regions-francophones\/#primaryimage\"},\"thumbnailUrl\":\"https:\/\/lyonbondyblog.fr\/LBB\/wp-content\/uploads\/2013\/07\/ETATS_generaux_t.jpg\",\"keywords\":[\"lyon\",\"Lyon Bondy Blog\",\"S\u00e9gol\u00e8ne Royal\"],\"articleSection\":[\"Politique\"],\"inLanguage\":\"fr-FR\",\"potentialAction\":[{\"@type\":\"CommentAction\",\"name\":\"Comment\",\"target\":[\"https:\/\/lyonbondyblog.fr\/LBB\/segolene-royal-elue-a-la-tete-de-lassociation-internationale-des-regions-francophones\/#respond\"]}]},{\"@type\":\"WebPage\",\"@id\":\"https:\/\/lyonbondyblog.fr\/LBB\/segolene-royal-elue-a-la-tete-de-lassociation-internationale-des-regions-francophones\/\",\"url\":\"https:\/\/lyonbondyblog.fr\/LBB\/segolene-royal-elue-a-la-tete-de-lassociation-internationale-des-regions-francophones\/\",\"name\":\"S\u00e9gol\u00e8ne Royal \u00e9lue \u00e0 la t\u00eate de l'Association Internationale des R\u00e9gions Francophones - Lyon Bondy Blog\",\"isPartOf\":{\"@id\":\"https:\/\/lyonbondyblog.fr\/LBB\/#website\"},\"primaryImageOfPage\":{\"@id\":\"https:\/\/lyonbondyblog.fr\/LBB\/segolene-royal-elue-a-la-tete-de-lassociation-internationale-des-regions-francophones\/#primaryimage\"},\"image\":{\"@id\":\"https:\/\/lyonbondyblog.fr\/LBB\/segolene-royal-elue-a-la-tete-de-lassociation-internationale-des-regions-francophones\/#primaryimage\"},\"thumbnailUrl\":\"https:\/\/lyonbondyblog.fr\/LBB\/wp-content\/uploads\/2013\/07\/ETATS_generaux_t.jpg\",\"datePublished\":\"2010-10-28T08:41:46+00:00\",\"dateModified\":\"2013-07-31T08:43:20+00:00\",\"inLanguage\":\"fr-FR\",\"potentialAction\":[{\"@type\":\"ReadAction\",\"target\":[\"https:\/\/lyonbondyblog.fr\/LBB\/segolene-royal-elue-a-la-tete-de-lassociation-internationale-des-regions-francophones\/\"]}]},{\"@type\":\"ImageObject\",\"inLanguage\":\"fr-FR\",\"@id\":\"https:\/\/lyonbondyblog.fr\/LBB\/segolene-royal-elue-a-la-tete-de-lassociation-internationale-des-regions-francophones\/#primaryimage\",\"url\":\"https:\/\/lyonbondyblog.fr\/LBB\/wp-content\/uploads\/2013\/07\/ETATS_generaux_t.jpg\",\"contentUrl\":\"https:\/\/lyonbondyblog.fr\/LBB\/wp-content\/uploads\/2013\/07\/ETATS_generaux_t.jpg\",\"width\":194,\"height\":274},{\"@type\":\"WebSite\",\"@id\":\"https:\/\/lyonbondyblog.fr\/LBB\/#website\",\"url\":\"https:\/\/lyonbondyblog.fr\/LBB\/\",\"name\":\"Lyon Bondy Blog\",\"description\":\"\",\"publisher\":{\"@id\":\"https:\/\/lyonbondyblog.fr\/LBB\/#organization\"},\"potentialAction\":[{\"@type\":\"SearchAction\",\"target\":{\"@type\":\"EntryPoint\",\"urlTemplate\":\"https:\/\/lyonbondyblog.fr\/LBB\/?s={search_term_string}\"},\"query-input\":\"required name=search_term_string\"}],\"inLanguage\":\"fr-FR\"},{\"@type\":\"Organization\",\"@id\":\"https:\/\/lyonbondyblog.fr\/LBB\/#organization\",\"name\":\"LYON BONDY BLOG\",\"url\":\"https:\/\/lyonbondyblog.fr\/LBB\/\",\"logo\":{\"@type\":\"ImageObject\",\"inLanguage\":\"fr-FR\",\"@id\":\"https:\/\/lyonbondyblog.fr\/LBB\/#\/schema\/logo\/image\/\",\"url\":\"http:\/\/lyonbondyblog.fr\/LBB\/wp-content\/uploads\/2014\/10\/logo-portable-144.png\",\"contentUrl\":\"http:\/\/lyonbondyblog.fr\/LBB\/wp-content\/uploads\/2014\/10\/logo-portable-144.png\",\"width\":144,\"height\":123,\"caption\":\"LYON BONDY BLOG\"},\"image\":{\"@id\":\"https:\/\/lyonbondyblog.fr\/LBB\/#\/schema\/logo\/image\/\"},\"sameAs\":[\"https:\/\/www.facebook.com\/lyonbondyblog\",\"https:\/\/x.com\/bondybloglyon\"]},{\"@type\":\"Person\",\"@id\":\"https:\/\/lyonbondyblog.fr\/LBB\/#\/schema\/person\/e45f8d27baac75072daa0be50c409b25\",\"name\":\"La r\u00e9daction\",\"description\":\"Cr\u00e9e en 2008, la r\u00e9daction du Lyon Bondy Blog s'applique \u00e0 proposer une information locale diff\u00e9rente et compl\u00e9mentaire des m\u00e9dias traditionnels.\",\"sameAs\":[\"https:\/\/www.facebook.com\/lyonbondyblog\",\"https:\/\/x.com\/BondyBlogLyon\"],\"url\":\"https:\/\/lyonbondyblog.fr\/LBB\/author\/admin\/\"}]}<\/script>\n<!-- \/ Yoast SEO plugin. -->","yoast_head_json":{"title":"S\u00e9gol\u00e8ne Royal \u00e9lue \u00e0 la t\u00eate de l'Association Internationale des R\u00e9gions Francophones - Lyon Bondy Blog","robots":{"index":"index","follow":"follow","max-snippet":"max-snippet:-1","max-image-preview":"max-image-preview:large","max-video-preview":"max-video-preview:-1"},"canonical":"https:\/\/lyonbondyblog.fr\/LBB\/segolene-royal-elue-a-la-tete-de-lassociation-internationale-des-regions-francophones\/","og_locale":"fr_FR","og_type":"article","og_title":"S\u00e9gol\u00e8ne Royal \u00e9lue \u00e0 la t\u00eate de l'Association Internationale des R\u00e9gions Francophones - Lyon Bondy Blog","og_description":"La pr\u00e9sidente de la r\u00e9gion Poitou-Charentes a \u00e9t\u00e9 choisie \u00e0 l&rsquo;unanimit\u00e9 des membres de l&rsquo;AIRF pour pr\u00e9sider l&rsquo;association, ce jeudi \u00e0 la Chambre de commerce &hellip;","og_url":"https:\/\/lyonbondyblog.fr\/LBB\/segolene-royal-elue-a-la-tete-de-lassociation-internationale-des-regions-francophones\/","og_site_name":"Lyon Bondy Blog","article_publisher":"https:\/\/www.facebook.com\/lyonbondyblog","article_author":"https:\/\/www.facebook.com\/lyonbondyblog","article_published_time":"2010-10-28T08:41:46+00:00","article_modified_time":"2013-07-31T08:43:20+00:00","og_image":[{"width":194,"height":274,"url":"https:\/\/lyonbondyblog.fr\/LBB\/wp-content\/uploads\/2013\/07\/ETATS_generaux_t.jpg","type":"image\/jpeg"}],"author":"La r\u00e9daction","twitter_card":"summary_large_image","twitter_creator":"@BondyBlogLyon","twitter_site":"@bondybloglyon","schema":{"@context":"https:\/\/schema.org","@graph":[{"@type":"Article","@id":"https:\/\/lyonbondyblog.fr\/LBB\/segolene-royal-elue-a-la-tete-de-lassociation-internationale-des-regions-francophones\/#article","isPartOf":{"@id":"https:\/\/lyonbondyblog.fr\/LBB\/segolene-royal-elue-a-la-tete-de-lassociation-internationale-des-regions-francophones\/"},"author":{"name":"La r\u00e9daction","@id":"https:\/\/lyonbondyblog.fr\/LBB\/#\/schema\/person\/e45f8d27baac75072daa0be50c409b25"},"headline":"S\u00e9gol\u00e8ne Royal \u00e9lue \u00e0 la t\u00eate de l&rsquo;Association Internationale des R\u00e9gions Francophones","datePublished":"2010-10-28T08:41:46+00:00","dateModified":"2013-07-31T08:43:20+00:00","mainEntityOfPage":{"@id":"https:\/\/lyonbondyblog.fr\/LBB\/segolene-royal-elue-a-la-tete-de-lassociation-internationale-des-regions-francophones\/"},"wordCount":567,"commentCount":0,"publisher":{"@id":"https:\/\/lyonbondyblog.fr\/LBB\/#organization"},"image":{"@id":"https:\/\/lyonbondyblog.fr\/LBB\/segolene-royal-elue-a-la-tete-de-lassociation-internationale-des-regions-francophones\/#primaryimage"},"thumbnailUrl":"https:\/\/lyonbondyblog.fr\/LBB\/wp-content\/uploads\/2013\/07\/ETATS_generaux_t.jpg","keywords":["lyon","Lyon Bondy Blog","S\u00e9gol\u00e8ne Royal"],"articleSection":["Politique"],"inLanguage":"fr-FR","potentialAction":[{"@type":"CommentAction","name":"Comment","target":["https:\/\/lyonbondyblog.fr\/LBB\/segolene-royal-elue-a-la-tete-de-lassociation-internationale-des-regions-francophones\/#respond"]}]},{"@type":"WebPage","@id":"https:\/\/lyonbondyblog.fr\/LBB\/segolene-royal-elue-a-la-tete-de-lassociation-internationale-des-regions-francophones\/","url":"https:\/\/lyonbondyblog.fr\/LBB\/segolene-royal-elue-a-la-tete-de-lassociation-internationale-des-regions-francophones\/","name":"S\u00e9gol\u00e8ne Royal \u00e9lue \u00e0 la t\u00eate de l'Association Internationale des R\u00e9gions Francophones - Lyon Bondy Blog","isPartOf":{"@id":"https:\/\/lyonbondyblog.fr\/LBB\/#website"},"primaryImageOfPage":{"@id":"https:\/\/lyonbondyblog.fr\/LBB\/segolene-royal-elue-a-la-tete-de-lassociation-internationale-des-regions-francophones\/#primaryimage"},"image":{"@id":"https:\/\/lyonbondyblog.fr\/LBB\/segolene-royal-elue-a-la-tete-de-lassociation-internationale-des-regions-francophones\/#primaryimage"},"thumbnailUrl":"https:\/\/lyonbondyblog.fr\/LBB\/wp-content\/uploads\/2013\/07\/ETATS_generaux_t.jpg","datePublished":"2010-10-28T08:41:46+00:00","dateModified":"2013-07-31T08:43:20+00:00","inLanguage":"fr-FR","potentialAction":[{"@type":"ReadAction","target":["https:\/\/lyonbondyblog.fr\/LBB\/segolene-royal-elue-a-la-tete-de-lassociation-internationale-des-regions-francophones\/"]}]},{"@type":"ImageObject","inLanguage":"fr-FR","@id":"https:\/\/lyonbondyblog.fr\/LBB\/segolene-royal-elue-a-la-tete-de-lassociation-internationale-des-regions-francophones\/#primaryimage","url":"https:\/\/lyonbondyblog.fr\/LBB\/wp-content\/uploads\/2013\/07\/ETATS_generaux_t.jpg","contentUrl":"https:\/\/lyonbondyblog.fr\/LBB\/wp-content\/uploads\/2013\/07\/ETATS_generaux_t.jpg","width":194,"height":274},{"@type":"WebSite","@id":"https:\/\/lyonbondyblog.fr\/LBB\/#website","url":"https:\/\/lyonbondyblog.fr\/LBB\/","name":"Lyon Bondy Blog","description":"","publisher":{"@id":"https:\/\/lyonbondyblog.fr\/LBB\/#organization"},"potentialAction":[{"@type":"SearchAction","target":{"@type":"EntryPoint","urlTemplate":"https:\/\/lyonbondyblog.fr\/LBB\/?s={search_term_string}"},"query-input":"required name=search_term_string"}],"inLanguage":"fr-FR"},{"@type":"Organization","@id":"https:\/\/lyonbondyblog.fr\/LBB\/#organization","name":"LYON BONDY BLOG","url":"https:\/\/lyonbondyblog.fr\/LBB\/","logo":{"@type":"ImageObject","inLanguage":"fr-FR","@id":"https:\/\/lyonbondyblog.fr\/LBB\/#\/schema\/logo\/image\/","url":"http:\/\/lyonbondyblog.fr\/LBB\/wp-content\/uploads\/2014\/10\/logo-portable-144.png","contentUrl":"http:\/\/lyonbondyblog.fr\/LBB\/wp-content\/uploads\/2014\/10\/logo-portable-144.png","width":144,"height":123,"caption":"LYON BONDY BLOG"},"image":{"@id":"https:\/\/lyonbondyblog.fr\/LBB\/#\/schema\/logo\/image\/"},"sameAs":["https:\/\/www.facebook.com\/lyonbondyblog","https:\/\/x.com\/bondybloglyon"]},{"@type":"Person","@id":"https:\/\/lyonbondyblog.fr\/LBB\/#\/schema\/person\/e45f8d27baac75072daa0be50c409b25","name":"La r\u00e9daction","description":"Cr\u00e9e en 2008, la r\u00e9daction du Lyon Bondy Blog s'applique \u00e0 proposer une information locale diff\u00e9rente et compl\u00e9mentaire des m\u00e9dias traditionnels.","sameAs":["https:\/\/www.facebook.com\/lyonbondyblog","https:\/\/x.com\/BondyBlogLyon"],"url":"https:\/\/lyonbondyblog.fr\/LBB\/author\/admin\/"}]}},"_links":{"self":[{"href":"https:\/\/lyonbondyblog.fr\/LBB\/wp-json\/wp\/v2\/posts\/2345","targetHints":{"allow":["GET"]}}],"collection":[{"href":"https:\/\/lyonbondyblog.fr\/LBB\/wp-json\/wp\/v2\/posts"}],"about":[{"href":"https:\/\/lyonbondyblog.fr\/LBB\/wp-json\/wp\/v2\/types\/post"}],"author":[{"embeddable":true,"href":"https:\/\/lyonbondyblog.fr\/LBB\/wp-json\/wp\/v2\/users\/1"}],"replies":[{"embeddable":true,"href":"https:\/\/lyonbondyblog.fr\/LBB\/wp-json\/wp\/v2\/comments?post=2345"}],"version-history":[{"count":0,"href":"https:\/\/lyonbondyblog.fr\/LBB\/wp-json\/wp\/v2\/posts\/2345\/revisions"}],"wp:featuredmedia":[{"embeddable":true,"href":"https:\/\/lyonbondyblog.fr\/LBB\/wp-json\/wp\/v2\/media\/2346"}],"wp:attachment":[{"href":"https:\/\/lyonbondyblog.fr\/LBB\/wp-json\/wp\/v2\/media?parent=2345"}],"wp:term":[{"taxonomy":"category","embeddable":true,"href":"https:\/\/lyonbondyblog.fr\/LBB\/wp-json\/wp\/v2\/categories?post=2345"},{"taxonomy":"post_tag","embeddable":true,"href":"https:\/\/lyonbondyblog.fr\/LBB\/wp-json\/wp\/v2\/tags?post=2345"}],"curies":[{"name":"wp","href":"https:\/\/api.w.org\/{rel}","templated":true}]}}