{"id":23439,"date":"2021-06-13T19:32:07","date_gmt":"2021-06-13T17:32:07","guid":{"rendered":"http:\/\/lyonbondyblog.fr\/LBB\/?p=23439"},"modified":"2021-07-02T17:10:15","modified_gmt":"2021-07-02T15:10:15","slug":"podcast-lyon-7eme-une-eleve-scolarisee-et-sa-famille-bientot-a-la-rue%e2%80%89","status":"publish","type":"post","link":"https:\/\/lyonbondyblog.fr\/LBB\/podcast-lyon-7eme-une-eleve-scolarisee-et-sa-famille-bientot-a-la-rue%e2%80%89\/","title":{"rendered":"[Podcast] Lyon 7\u00e8me, une \u00e9l\u00e8ve scolaris\u00e9e et sa famille bient\u00f4t \u00e0 la rue\u2009?"},"content":{"rendered":"\n<h4 class=\"wp-block-heading\">La FCPE et les associations appellent au rassemblement devant l\u2019\u00e9cole primaire Gilbert Dru dans le 7\u00e8me arrondissement tous les lundis \u00e0 17h pour une \u00e9l\u00e8ve scolaris\u00e9e dans l\u2019\u00e9tablissement. Sa famille, d\u00e9bout\u00e9e du droit d\u2019asile, risque de se retrouver sans solution d\u2019h\u00e9bergement.<\/h4>\n\n\n<p><iframe loading=\"lazy\" src=\"https:\/\/w.soundcloud.com\/player\/?url=https%3A\/\/api.soundcloud.com\/tracks\/1067672488&amp;color=%23ff5500&amp;auto_play=false&amp;hide_related=false&amp;show_comments=true&amp;show_user=true&amp;show_reposts=false&amp;show_teaser=true&amp;visual=false\" scrolling=\"no\" width=\"100%\" height=\"200\" frameborder=\"no\"><\/iframe><\/p>\n<div style=\"font-size: 10px; color: #cccccc; line-break: anywhere; word-break: normal; overflow: hidden; white-space: nowrap; text-overflow: ellipsis; font-family: Interstate,Lucida Grande,Lucida Sans Unicode,Lucida Sans,Garuda,Verdana,Tahoma,sans-serif; font-weight: 100;\"><a style=\"color: #cccccc; text-decoration: none;\" title=\"LyonBondyBlog\" href=\"https:\/\/soundcloud.com\/lyonbondyblog\" target=\"_blank\" rel=\"noopener\">LyonBondyBlog<\/a> \u00b7 <a style=\"color: #cccccc; text-decoration: none;\" title=\"[Podcast] Lyon 7\u00e8me, une \u00e9l\u00e8ve scolaris\u00e9e et sa famille bient\u00f4t \u00e0 la rue ?\" href=\"https:\/\/soundcloud.com\/lyonbondyblog\/podcast-lyon-7eme-une-eleve-scolarisee-et-sa-famille-bientot-a-la-rue\" target=\"_blank\" rel=\"noopener\">[Podcast] Lyon 7\u00e8me, une \u00e9l\u00e8ve scolaris\u00e9e et sa famille bient\u00f4t \u00e0 la rue ?<\/a><\/div>\n\n\n<p>Lundi&nbsp;7 juin, le LBB \u00e9tait pr\u00e9sent au square devant l\u2019\u00e9cole primaire Gilbert Dru, pr\u00e8s de Guilloti\u00e8re. En compagnie de Jamais sans Toit, les associations de parent d\u2019\u00e9l\u00e8ves comme la FCPE ou Solidru, ont appel\u00e9es au rassemblement pour soutenir une \u00e9l\u00e8ve et sa famille d\u00e9bout\u00e9s du droit d\u2019asile. Apr\u00e8s cette d\u00e9cision de l\u2019administration, la famille va perdre son logement en CADA, centre d\u2019h\u00e9bergement d\u2019urgence. Le deuxi\u00e8me enfant de la famille, qui vient d\u2019avoir trois ans, ne fait plus partie du dispositif de protection de l\u2019enfance de la M\u00e9tropole. Celle-ci est effective pour les enfants en dessous de cet \u00e2ge.<\/p>\n\n\n\n<p>Allan Maria, directeur de l\u2019\u00e9tablissement, se dit \u00ab\u2009<em>inquiet de la situation<\/em>\u2009\u00bb. L\u2019administration de l\u2019\u00e9tablissement a rapport\u00e9, via le service m\u00e9dico-social, \u00e0 la M\u00e9tropole la situation afin qu\u2019une solution soit propos\u00e9e.<\/p>\n\n\n\n<p>Pour Cyril Perdrau, en tant que parent d\u2019\u00e9l\u00e8ves membre de la FCPE, \u00ab\u2009<em>on ne peut pas accepter que des \u00e9l\u00e8ves soient en situation de pr\u00e9carit\u00e9, notamment dans le logement, et soient priv\u00e9s de leur droit de suivre leur scolarit\u00e9 dans des conditions dignes<\/em>\u2009\u2009\u00bb. Pour lui, \u00ab\u2009<em>des logements, dans une m\u00e9tropole comme Lyon, il y en a<\/em>\u2009\u00bb. Il esp\u00e8re qu\u2019\u00e0 terme des rassemblements, une solution sera trouv\u00e9 pour la famille par les services publics.<\/p>\n\n\n\n<p>D\u2019apr\u00e8s l\u2019association Jamais sans Toit, les familles qui se retrouvent sans solution de logement suite \u00e0 une demande d\u2019asile d\u00e9bout\u00e9 est une situation r\u00e9currente. Allan Maria, en tant que membre jamais sans Toit, rappelle que le ministre du Logement a d\u00e9clar\u00e9 \u00ab\u2009<em>p\u00e9renniser<\/em>\u2009\u00bb les places en h\u00e9bergement d\u2019urgence cr\u00e9\u00e9es depuis un an \u00ab\u2009<em>jusqu&rsquo;\u00e0 la fin du mois de mars 2022<\/em>\u2009\u00bb. Bien que cela puisse \u00eatre b\u00e9n\u00e9fique pour les \u00e9l\u00e8ves qui se trouvent dans cette situation, \u00ab\u2009<em>ceux qui ne sont pas rentr\u00e9s dans le dispositif, ou les situations nouvelles comme celle [de l\u2019\u00e9cole], vont \u00eatre oblig\u00e9 d\u2019attendre les mesures du plan hivernal qui aura lieu la fin octobre<\/em>.\u2009\u00bb<\/p>\n\n\n\n<p>Lucas Sadowski<\/p>\n<!-- AddThis Advanced Settings generic via filter on the_content --><!-- AddThis Share Buttons generic via filter on the_content -->","protected":false},"excerpt":{"rendered":"<p>La FCPE et les associations appellent au rassemblement devant l\u2019\u00e9cole primaire Gilbert Dru dans le 7\u00e8me arrondissement tous les lundis \u00e0 17h pour une \u00e9l\u00e8ve &hellip; <!-- AddThis Advanced Settings generic via filter on wp_trim_excerpt --><!-- AddThis Share Buttons generic via filter on wp_trim_excerpt --><\/p>\n","protected":false},"author":1,"featured_media":23597,"comment_status":"open","ping_status":"open","sticky":false,"template":"","format":"standard","meta":{"_FSMCFIC_featured_image_caption":"","_FSMCFIC_featured_image_nocaption":"","_FSMCFIC_featured_image_hide":"","footnotes":""},"categories":[4,6506],"tags":[],"class_list":["post-23439","post","type-post","status-publish","format-standard","has-post-thumbnail","hentry","category-lyon","category-solidarite"],"yoast_head":"<!-- This site is optimized with the Yoast SEO plugin v22.8 - https:\/\/yoast.com\/wordpress\/plugins\/seo\/ -->\n<title>[Podcast] Lyon 7\u00e8me, une \u00e9l\u00e8ve scolaris\u00e9e et sa famille bient\u00f4t \u00e0 la rue\u2009? - Lyon Bondy Blog<\/title>\n<meta name=\"robots\" content=\"index, follow, max-snippet:-1, max-image-preview:large, max-video-preview:-1\" \/>\n<link rel=\"canonical\" href=\"https:\/\/lyonbondyblog.fr\/LBB\/podcast-lyon-7eme-une-eleve-scolarisee-et-sa-famille-bientot-a-la-rue\u2009\/\" \/>\n<meta property=\"og:locale\" content=\"fr_FR\" \/>\n<meta property=\"og:type\" content=\"article\" \/>\n<meta property=\"og:title\" content=\"[Podcast] Lyon 7\u00e8me, une \u00e9l\u00e8ve scolaris\u00e9e et sa famille bient\u00f4t \u00e0 la rue\u2009? - Lyon Bondy Blog\" \/>\n<meta property=\"og:description\" content=\"La FCPE et les associations appellent au rassemblement devant l\u2019\u00e9cole primaire Gilbert Dru dans le 7\u00e8me arrondissement tous les lundis \u00e0 17h pour une \u00e9l\u00e8ve &hellip;\" \/>\n<meta property=\"og:url\" content=\"https:\/\/lyonbondyblog.fr\/LBB\/podcast-lyon-7eme-une-eleve-scolarisee-et-sa-famille-bientot-a-la-rue\u2009\/\" \/>\n<meta property=\"og:site_name\" content=\"Lyon Bondy Blog\" \/>\n<meta property=\"article:publisher\" content=\"https:\/\/www.facebook.com\/lyonbondyblog\" \/>\n<meta property=\"article:author\" content=\"https:\/\/www.facebook.com\/lyonbondyblog\" \/>\n<meta property=\"article:published_time\" content=\"2021-06-13T17:32:07+00:00\" \/>\n<meta property=\"article:modified_time\" content=\"2021-07-02T15:10:15+00:00\" \/>\n<meta property=\"og:image\" content=\"https:\/\/lyonbondyblog.fr\/LBB\/wp-content\/uploads\/2021\/06\/DSC02825_01-1.jpg\" \/>\n\t<meta property=\"og:image:width\" content=\"1280\" \/>\n\t<meta property=\"og:image:height\" content=\"923\" \/>\n\t<meta property=\"og:image:type\" content=\"image\/jpeg\" \/>\n<meta name=\"author\" content=\"La r\u00e9daction\" \/>\n<meta name=\"twitter:card\" content=\"summary_large_image\" \/>\n<meta name=\"twitter:creator\" content=\"@BondyBlogLyon\" \/>\n<meta name=\"twitter:site\" content=\"@bondybloglyon\" \/>\n<script type=\"application\/ld+json\" class=\"yoast-schema-graph\">{\"@context\":\"https:\/\/schema.org\",\"@graph\":[{\"@type\":\"Article\",\"@id\":\"https:\/\/lyonbondyblog.fr\/LBB\/podcast-lyon-7eme-une-eleve-scolarisee-et-sa-famille-bientot-a-la-rue%e2%80%89\/#article\",\"isPartOf\":{\"@id\":\"https:\/\/lyonbondyblog.fr\/LBB\/podcast-lyon-7eme-une-eleve-scolarisee-et-sa-famille-bientot-a-la-rue%e2%80%89\/\"},\"author\":{\"name\":\"La r\u00e9daction\",\"@id\":\"https:\/\/lyonbondyblog.fr\/LBB\/#\/schema\/person\/e45f8d27baac75072daa0be50c409b25\"},\"headline\":\"[Podcast] Lyon 7\u00e8me, une \u00e9l\u00e8ve scolaris\u00e9e et sa famille bient\u00f4t \u00e0 la rue\u2009?\",\"datePublished\":\"2021-06-13T17:32:07+00:00\",\"dateModified\":\"2021-07-02T15:10:15+00:00\",\"mainEntityOfPage\":{\"@id\":\"https:\/\/lyonbondyblog.fr\/LBB\/podcast-lyon-7eme-une-eleve-scolarisee-et-sa-famille-bientot-a-la-rue%e2%80%89\/\"},\"wordCount\":439,\"commentCount\":0,\"publisher\":{\"@id\":\"https:\/\/lyonbondyblog.fr\/LBB\/#organization\"},\"image\":{\"@id\":\"https:\/\/lyonbondyblog.fr\/LBB\/podcast-lyon-7eme-une-eleve-scolarisee-et-sa-famille-bientot-a-la-rue%e2%80%89\/#primaryimage\"},\"thumbnailUrl\":\"https:\/\/lyonbondyblog.fr\/LBB\/wp-content\/uploads\/2021\/06\/DSC02825_01-1.jpg\",\"articleSection\":[\"Lyon\",\"Solidarit\u00e9\"],\"inLanguage\":\"fr-FR\",\"potentialAction\":[{\"@type\":\"CommentAction\",\"name\":\"Comment\",\"target\":[\"https:\/\/lyonbondyblog.fr\/LBB\/podcast-lyon-7eme-une-eleve-scolarisee-et-sa-famille-bientot-a-la-rue%e2%80%89\/#respond\"]}]},{\"@type\":\"WebPage\",\"@id\":\"https:\/\/lyonbondyblog.fr\/LBB\/podcast-lyon-7eme-une-eleve-scolarisee-et-sa-famille-bientot-a-la-rue%e2%80%89\/\",\"url\":\"https:\/\/lyonbondyblog.fr\/LBB\/podcast-lyon-7eme-une-eleve-scolarisee-et-sa-famille-bientot-a-la-rue%e2%80%89\/\",\"name\":\"[Podcast] Lyon 7\u00e8me, une \u00e9l\u00e8ve scolaris\u00e9e et sa famille bient\u00f4t \u00e0 la rue\u2009? - Lyon Bondy Blog\",\"isPartOf\":{\"@id\":\"https:\/\/lyonbondyblog.fr\/LBB\/#website\"},\"primaryImageOfPage\":{\"@id\":\"https:\/\/lyonbondyblog.fr\/LBB\/podcast-lyon-7eme-une-eleve-scolarisee-et-sa-famille-bientot-a-la-rue%e2%80%89\/#primaryimage\"},\"image\":{\"@id\":\"https:\/\/lyonbondyblog.fr\/LBB\/podcast-lyon-7eme-une-eleve-scolarisee-et-sa-famille-bientot-a-la-rue%e2%80%89\/#primaryimage\"},\"thumbnailUrl\":\"https:\/\/lyonbondyblog.fr\/LBB\/wp-content\/uploads\/2021\/06\/DSC02825_01-1.jpg\",\"datePublished\":\"2021-06-13T17:32:07+00:00\",\"dateModified\":\"2021-07-02T15:10:15+00:00\",\"inLanguage\":\"fr-FR\",\"potentialAction\":[{\"@type\":\"ReadAction\",\"target\":[\"https:\/\/lyonbondyblog.fr\/LBB\/podcast-lyon-7eme-une-eleve-scolarisee-et-sa-famille-bientot-a-la-rue%e2%80%89\/\"]}]},{\"@type\":\"ImageObject\",\"inLanguage\":\"fr-FR\",\"@id\":\"https:\/\/lyonbondyblog.fr\/LBB\/podcast-lyon-7eme-une-eleve-scolarisee-et-sa-famille-bientot-a-la-rue%e2%80%89\/#primaryimage\",\"url\":\"https:\/\/lyonbondyblog.fr\/LBB\/wp-content\/uploads\/2021\/06\/DSC02825_01-1.jpg\",\"contentUrl\":\"https:\/\/lyonbondyblog.fr\/LBB\/wp-content\/uploads\/2021\/06\/DSC02825_01-1.jpg\",\"width\":1280,\"height\":923},{\"@type\":\"WebSite\",\"@id\":\"https:\/\/lyonbondyblog.fr\/LBB\/#website\",\"url\":\"https:\/\/lyonbondyblog.fr\/LBB\/\",\"name\":\"Lyon Bondy Blog\",\"description\":\"\",\"publisher\":{\"@id\":\"https:\/\/lyonbondyblog.fr\/LBB\/#organization\"},\"potentialAction\":[{\"@type\":\"SearchAction\",\"target\":{\"@type\":\"EntryPoint\",\"urlTemplate\":\"https:\/\/lyonbondyblog.fr\/LBB\/?s={search_term_string}\"},\"query-input\":\"required name=search_term_string\"}],\"inLanguage\":\"fr-FR\"},{\"@type\":\"Organization\",\"@id\":\"https:\/\/lyonbondyblog.fr\/LBB\/#organization\",\"name\":\"LYON BONDY BLOG\",\"url\":\"https:\/\/lyonbondyblog.fr\/LBB\/\",\"logo\":{\"@type\":\"ImageObject\",\"inLanguage\":\"fr-FR\",\"@id\":\"https:\/\/lyonbondyblog.fr\/LBB\/#\/schema\/logo\/image\/\",\"url\":\"http:\/\/lyonbondyblog.fr\/LBB\/wp-content\/uploads\/2014\/10\/logo-portable-144.png\",\"contentUrl\":\"http:\/\/lyonbondyblog.fr\/LBB\/wp-content\/uploads\/2014\/10\/logo-portable-144.png\",\"width\":144,\"height\":123,\"caption\":\"LYON BONDY BLOG\"},\"image\":{\"@id\":\"https:\/\/lyonbondyblog.fr\/LBB\/#\/schema\/logo\/image\/\"},\"sameAs\":[\"https:\/\/www.facebook.com\/lyonbondyblog\",\"https:\/\/x.com\/bondybloglyon\"]},{\"@type\":\"Person\",\"@id\":\"https:\/\/lyonbondyblog.fr\/LBB\/#\/schema\/person\/e45f8d27baac75072daa0be50c409b25\",\"name\":\"La r\u00e9daction\",\"description\":\"Cr\u00e9e en 2008, la r\u00e9daction du Lyon Bondy Blog s'applique \u00e0 proposer une information locale diff\u00e9rente et compl\u00e9mentaire des m\u00e9dias traditionnels.\",\"sameAs\":[\"https:\/\/www.facebook.com\/lyonbondyblog\",\"https:\/\/x.com\/BondyBlogLyon\"],\"url\":\"https:\/\/lyonbondyblog.fr\/LBB\/author\/admin\/\"}]}<\/script>\n<!-- \/ Yoast SEO plugin. -->","yoast_head_json":{"title":"[Podcast] Lyon 7\u00e8me, une \u00e9l\u00e8ve scolaris\u00e9e et sa famille bient\u00f4t \u00e0 la rue\u2009? - Lyon Bondy Blog","robots":{"index":"index","follow":"follow","max-snippet":"max-snippet:-1","max-image-preview":"max-image-preview:large","max-video-preview":"max-video-preview:-1"},"canonical":"https:\/\/lyonbondyblog.fr\/LBB\/podcast-lyon-7eme-une-eleve-scolarisee-et-sa-famille-bientot-a-la-rue\u2009\/","og_locale":"fr_FR","og_type":"article","og_title":"[Podcast] Lyon 7\u00e8me, une \u00e9l\u00e8ve scolaris\u00e9e et sa famille bient\u00f4t \u00e0 la rue\u2009? - Lyon Bondy Blog","og_description":"La FCPE et les associations appellent au rassemblement devant l\u2019\u00e9cole primaire Gilbert Dru dans le 7\u00e8me arrondissement tous les lundis \u00e0 17h pour une \u00e9l\u00e8ve &hellip;","og_url":"https:\/\/lyonbondyblog.fr\/LBB\/podcast-lyon-7eme-une-eleve-scolarisee-et-sa-famille-bientot-a-la-rue\u2009\/","og_site_name":"Lyon Bondy Blog","article_publisher":"https:\/\/www.facebook.com\/lyonbondyblog","article_author":"https:\/\/www.facebook.com\/lyonbondyblog","article_published_time":"2021-06-13T17:32:07+00:00","article_modified_time":"2021-07-02T15:10:15+00:00","og_image":[{"width":1280,"height":923,"url":"https:\/\/lyonbondyblog.fr\/LBB\/wp-content\/uploads\/2021\/06\/DSC02825_01-1.jpg","type":"image\/jpeg"}],"author":"La r\u00e9daction","twitter_card":"summary_large_image","twitter_creator":"@BondyBlogLyon","twitter_site":"@bondybloglyon","schema":{"@context":"https:\/\/schema.org","@graph":[{"@type":"Article","@id":"https:\/\/lyonbondyblog.fr\/LBB\/podcast-lyon-7eme-une-eleve-scolarisee-et-sa-famille-bientot-a-la-rue%e2%80%89\/#article","isPartOf":{"@id":"https:\/\/lyonbondyblog.fr\/LBB\/podcast-lyon-7eme-une-eleve-scolarisee-et-sa-famille-bientot-a-la-rue%e2%80%89\/"},"author":{"name":"La r\u00e9daction","@id":"https:\/\/lyonbondyblog.fr\/LBB\/#\/schema\/person\/e45f8d27baac75072daa0be50c409b25"},"headline":"[Podcast] Lyon 7\u00e8me, une \u00e9l\u00e8ve scolaris\u00e9e et sa famille bient\u00f4t \u00e0 la rue\u2009?","datePublished":"2021-06-13T17:32:07+00:00","dateModified":"2021-07-02T15:10:15+00:00","mainEntityOfPage":{"@id":"https:\/\/lyonbondyblog.fr\/LBB\/podcast-lyon-7eme-une-eleve-scolarisee-et-sa-famille-bientot-a-la-rue%e2%80%89\/"},"wordCount":439,"commentCount":0,"publisher":{"@id":"https:\/\/lyonbondyblog.fr\/LBB\/#organization"},"image":{"@id":"https:\/\/lyonbondyblog.fr\/LBB\/podcast-lyon-7eme-une-eleve-scolarisee-et-sa-famille-bientot-a-la-rue%e2%80%89\/#primaryimage"},"thumbnailUrl":"https:\/\/lyonbondyblog.fr\/LBB\/wp-content\/uploads\/2021\/06\/DSC02825_01-1.jpg","articleSection":["Lyon","Solidarit\u00e9"],"inLanguage":"fr-FR","potentialAction":[{"@type":"CommentAction","name":"Comment","target":["https:\/\/lyonbondyblog.fr\/LBB\/podcast-lyon-7eme-une-eleve-scolarisee-et-sa-famille-bientot-a-la-rue%e2%80%89\/#respond"]}]},{"@type":"WebPage","@id":"https:\/\/lyonbondyblog.fr\/LBB\/podcast-lyon-7eme-une-eleve-scolarisee-et-sa-famille-bientot-a-la-rue%e2%80%89\/","url":"https:\/\/lyonbondyblog.fr\/LBB\/podcast-lyon-7eme-une-eleve-scolarisee-et-sa-famille-bientot-a-la-rue%e2%80%89\/","name":"[Podcast] Lyon 7\u00e8me, une \u00e9l\u00e8ve scolaris\u00e9e et sa famille bient\u00f4t \u00e0 la rue\u2009? - Lyon Bondy Blog","isPartOf":{"@id":"https:\/\/lyonbondyblog.fr\/LBB\/#website"},"primaryImageOfPage":{"@id":"https:\/\/lyonbondyblog.fr\/LBB\/podcast-lyon-7eme-une-eleve-scolarisee-et-sa-famille-bientot-a-la-rue%e2%80%89\/#primaryimage"},"image":{"@id":"https:\/\/lyonbondyblog.fr\/LBB\/podcast-lyon-7eme-une-eleve-scolarisee-et-sa-famille-bientot-a-la-rue%e2%80%89\/#primaryimage"},"thumbnailUrl":"https:\/\/lyonbondyblog.fr\/LBB\/wp-content\/uploads\/2021\/06\/DSC02825_01-1.jpg","datePublished":"2021-06-13T17:32:07+00:00","dateModified":"2021-07-02T15:10:15+00:00","inLanguage":"fr-FR","potentialAction":[{"@type":"ReadAction","target":["https:\/\/lyonbondyblog.fr\/LBB\/podcast-lyon-7eme-une-eleve-scolarisee-et-sa-famille-bientot-a-la-rue%e2%80%89\/"]}]},{"@type":"ImageObject","inLanguage":"fr-FR","@id":"https:\/\/lyonbondyblog.fr\/LBB\/podcast-lyon-7eme-une-eleve-scolarisee-et-sa-famille-bientot-a-la-rue%e2%80%89\/#primaryimage","url":"https:\/\/lyonbondyblog.fr\/LBB\/wp-content\/uploads\/2021\/06\/DSC02825_01-1.jpg","contentUrl":"https:\/\/lyonbondyblog.fr\/LBB\/wp-content\/uploads\/2021\/06\/DSC02825_01-1.jpg","width":1280,"height":923},{"@type":"WebSite","@id":"https:\/\/lyonbondyblog.fr\/LBB\/#website","url":"https:\/\/lyonbondyblog.fr\/LBB\/","name":"Lyon Bondy Blog","description":"","publisher":{"@id":"https:\/\/lyonbondyblog.fr\/LBB\/#organization"},"potentialAction":[{"@type":"SearchAction","target":{"@type":"EntryPoint","urlTemplate":"https:\/\/lyonbondyblog.fr\/LBB\/?s={search_term_string}"},"query-input":"required name=search_term_string"}],"inLanguage":"fr-FR"},{"@type":"Organization","@id":"https:\/\/lyonbondyblog.fr\/LBB\/#organization","name":"LYON BONDY BLOG","url":"https:\/\/lyonbondyblog.fr\/LBB\/","logo":{"@type":"ImageObject","inLanguage":"fr-FR","@id":"https:\/\/lyonbondyblog.fr\/LBB\/#\/schema\/logo\/image\/","url":"http:\/\/lyonbondyblog.fr\/LBB\/wp-content\/uploads\/2014\/10\/logo-portable-144.png","contentUrl":"http:\/\/lyonbondyblog.fr\/LBB\/wp-content\/uploads\/2014\/10\/logo-portable-144.png","width":144,"height":123,"caption":"LYON BONDY BLOG"},"image":{"@id":"https:\/\/lyonbondyblog.fr\/LBB\/#\/schema\/logo\/image\/"},"sameAs":["https:\/\/www.facebook.com\/lyonbondyblog","https:\/\/x.com\/bondybloglyon"]},{"@type":"Person","@id":"https:\/\/lyonbondyblog.fr\/LBB\/#\/schema\/person\/e45f8d27baac75072daa0be50c409b25","name":"La r\u00e9daction","description":"Cr\u00e9e en 2008, la r\u00e9daction du Lyon Bondy Blog s'applique \u00e0 proposer une information locale diff\u00e9rente et compl\u00e9mentaire des m\u00e9dias traditionnels.","sameAs":["https:\/\/www.facebook.com\/lyonbondyblog","https:\/\/x.com\/BondyBlogLyon"],"url":"https:\/\/lyonbondyblog.fr\/LBB\/author\/admin\/"}]}},"_links":{"self":[{"href":"https:\/\/lyonbondyblog.fr\/LBB\/wp-json\/wp\/v2\/posts\/23439","targetHints":{"allow":["GET"]}}],"collection":[{"href":"https:\/\/lyonbondyblog.fr\/LBB\/wp-json\/wp\/v2\/posts"}],"about":[{"href":"https:\/\/lyonbondyblog.fr\/LBB\/wp-json\/wp\/v2\/types\/post"}],"author":[{"embeddable":true,"href":"https:\/\/lyonbondyblog.fr\/LBB\/wp-json\/wp\/v2\/users\/1"}],"replies":[{"embeddable":true,"href":"https:\/\/lyonbondyblog.fr\/LBB\/wp-json\/wp\/v2\/comments?post=23439"}],"version-history":[{"count":13,"href":"https:\/\/lyonbondyblog.fr\/LBB\/wp-json\/wp\/v2\/posts\/23439\/revisions"}],"predecessor-version":[{"id":24189,"href":"https:\/\/lyonbondyblog.fr\/LBB\/wp-json\/wp\/v2\/posts\/23439\/revisions\/24189"}],"wp:featuredmedia":[{"embeddable":true,"href":"https:\/\/lyonbondyblog.fr\/LBB\/wp-json\/wp\/v2\/media\/23597"}],"wp:attachment":[{"href":"https:\/\/lyonbondyblog.fr\/LBB\/wp-json\/wp\/v2\/media?parent=23439"}],"wp:term":[{"taxonomy":"category","embeddable":true,"href":"https:\/\/lyonbondyblog.fr\/LBB\/wp-json\/wp\/v2\/categories?post=23439"},{"taxonomy":"post_tag","embeddable":true,"href":"https:\/\/lyonbondyblog.fr\/LBB\/wp-json\/wp\/v2\/tags?post=23439"}],"curies":[{"name":"wp","href":"https:\/\/api.w.org\/{rel}","templated":true}]}}