{"id":2322,"date":"2011-11-30T16:57:57","date_gmt":"2011-11-30T15:57:57","guid":{"rendered":"http:\/\/lyonbondyblog.fr\/LBB\/?p=2322"},"modified":"2013-07-30T17:04:01","modified_gmt":"2013-07-30T15:04:01","slug":"93-la-belle-rebelle-chronique-dune-histoire-de-france","status":"publish","type":"post","link":"https:\/\/lyonbondyblog.fr\/LBB\/93-la-belle-rebelle-chronique-dune-histoire-de-france\/","title":{"rendered":"93, la belle rebelle : chronique d&rsquo;une histoire de France"},"content":{"rendered":"<p><strong>Le cin\u00e9ma d\u2019art et d\u2019essai le Comoedia projetait vendredi 26 novembre pour la premi\u00e8re fois sur grand \u00e9cran le nouveau documentaire de Jean Pierre Thorn, \u00ab\u00a093, la belle rebelle\u00a0\u00bb dans le cadre des 20 ans de Banlieues d\u2019Europe. Le film sortira en salles le 26 janvier 2011. En attendant, une version courte est disponible sur le site d\u2019Arte.<\/strong><\/p>\n<div><a title=\" -- Cliquez pour voir l'image en entier\" href=\"http:\/\/yahoo.lyon.bondyblog.fr\/images\/93.jpg\" target=\"_blank\"> <img loading=\"lazy\" decoding=\"async\" class=\"alignleft\" style=\"border: 0px none;\" alt=\" -- Cliquez pour voir l'image en entier\" src=\"http:\/\/yahoo.lyon.bondyblog.fr\/images\/93_t.jpg\" width=\"193\" height=\"255\" border=\"0\" \/> <\/a><\/div>\n<div>\u00a0Un territoire d\u00e9favoris\u00e9 au ban d\u2019une soci\u00e9t\u00e9 o\u00f9 tout s\u2019acc\u00e9l\u00e8re. Un territoire en constante mutation o\u00f9 seules les amiti\u00e9s et les solidarit\u00e9s se sont solidifi\u00e9es face \u00e0 la morosit\u00e9 et la fatalit\u00e9. Emergence d\u2019un monde en parall\u00e8le du monde r\u00e9el pour oublier que la vie est plus grise que rose derri\u00e8re le p\u00e9riph\u2019. Un monde en musique.<\/div>\n<p>Cin\u00e9aste engag\u00e9, Jean Pierre Thorn a beaucoup travaill\u00e9 sur la culture Hip Hop. Cette fois-ci, il propose une vision plus large de la naissance des mouvements musicaux dans le d\u00e9partement de la Seine-Saint-Denis. Du rock des ann\u00e9es 1960 au slam en passant par le rap et le punk, le r\u00e9alisateur donne la parole \u00e0 des artistes embl\u00e9matiques du 93, acteurs de la contre-culture.<\/p>\n<p>Pendant environ une heure, le spectateur voyage \u00e0 travers le temps, au gr\u00e9 des histoires et des extraits de concerts d\u2019artistes tels que Daniel Baudon (batteur d\u2019un groupe de rock des sixties), l\u2019accord\u00e9oniste po\u00e8te Marc Perrone, Loran des B\u00e9ruriers noirs, DJ Dee Nasty et D\u2019 de Kabal, slameur des temps modernes. Le documentaire est \u00e9galement ponctu\u00e9 d\u2019images d\u2019archives qui rappellent des \u00e9v\u00e9nements qui ont \u00e9maill\u00e9 la vie des banlieues.<\/p>\n<p>La musique omnipr\u00e9sente durant le film exprime \u00e0 la fois la nostalgie d\u2019une \u00e9poque r\u00e9volue et la col\u00e8re (voire la rage) d\u2019une population stigmatis\u00e9e. Les sonorit\u00e9s punks des B\u00e9ruriers noirs et celles des rappeurs de NTM ou encore de Casey sont les plus percutantes. Elles sugg\u00e8rent que ce territoire o\u00f9 on a l\u2019impression que <i>\u00ab\u00a0rien ne peut faire patrimoine\u00a0\u00bb<\/i>, selon la formule de Marc Perrone, est en perp\u00e9tuelle qu\u00eate de reconnaissance. C\u2019est cette m\u00eame qu\u00eate qui meut les artistes et fait le patrimoine culturel du 93.<\/p>\n<p>En d\u00e9finitive, <i>93, la belle rebelle<\/i> brise les clich\u00e9s trop r\u00e9pandus sur la banlieue. Il suffit d\u2019ouvrir les yeux pour voir que celle-ci rec\u00e8le de talents qui tentent d\u2019insuffler quelque chose de nouveau \u00e0 ce monde.<\/p>\n<p><span style=\"text-decoration: underline;\">Auteur : Amandine Fournier<\/span><\/p>\n<!-- AddThis Advanced Settings generic via filter on the_content --><!-- AddThis Share Buttons generic via filter on the_content -->","protected":false},"excerpt":{"rendered":"<p>Le cin\u00e9ma d\u2019art et d\u2019essai le Comoedia projetait vendredi 26 novembre pour la premi\u00e8re fois sur grand \u00e9cran le nouveau documentaire de Jean Pierre Thorn, &hellip; <!-- AddThis Advanced Settings generic via filter on wp_trim_excerpt --><!-- AddThis Share Buttons generic via filter on wp_trim_excerpt --><\/p>\n","protected":false},"author":1,"featured_media":2328,"comment_status":"open","ping_status":"open","sticky":false,"template":"","format":"standard","meta":{"_FSMCFIC_featured_image_caption":"","_FSMCFIC_featured_image_nocaption":"","_FSMCFIC_featured_image_hide":"","footnotes":""},"categories":[3],"tags":[10,112],"class_list":["post-2322","post","type-post","status-publish","format-standard","has-post-thumbnail","hentry","category-culture","tag-lyon-2","tag-lyon-bondy-blog"],"yoast_head":"<!-- This site is optimized with the Yoast SEO plugin v22.8 - https:\/\/yoast.com\/wordpress\/plugins\/seo\/ -->\n<title>93, la belle rebelle : chronique d&#039;une histoire de France - Lyon Bondy Blog<\/title>\n<meta name=\"robots\" content=\"index, follow, max-snippet:-1, max-image-preview:large, max-video-preview:-1\" \/>\n<link rel=\"canonical\" href=\"https:\/\/lyonbondyblog.fr\/LBB\/93-la-belle-rebelle-chronique-dune-histoire-de-france\/\" \/>\n<meta property=\"og:locale\" content=\"fr_FR\" \/>\n<meta property=\"og:type\" content=\"article\" \/>\n<meta property=\"og:title\" content=\"93, la belle rebelle : chronique d&#039;une histoire de France - Lyon Bondy Blog\" \/>\n<meta property=\"og:description\" content=\"Le cin\u00e9ma d\u2019art et d\u2019essai le Comoedia projetait vendredi 26 novembre pour la premi\u00e8re fois sur grand \u00e9cran le nouveau documentaire de Jean Pierre Thorn, &hellip;\" \/>\n<meta property=\"og:url\" content=\"https:\/\/lyonbondyblog.fr\/LBB\/93-la-belle-rebelle-chronique-dune-histoire-de-france\/\" \/>\n<meta property=\"og:site_name\" content=\"Lyon Bondy Blog\" \/>\n<meta property=\"article:publisher\" content=\"https:\/\/www.facebook.com\/lyonbondyblog\" \/>\n<meta property=\"article:author\" content=\"https:\/\/www.facebook.com\/lyonbondyblog\" \/>\n<meta property=\"article:published_time\" content=\"2011-11-30T15:57:57+00:00\" \/>\n<meta property=\"article:modified_time\" content=\"2013-07-30T15:04:01+00:00\" \/>\n<meta property=\"og:image\" content=\"https:\/\/lyonbondyblog.fr\/LBB\/wp-content\/uploads\/2013\/07\/93_t.jpg\" \/>\n\t<meta property=\"og:image:width\" content=\"193\" \/>\n\t<meta property=\"og:image:height\" content=\"255\" \/>\n\t<meta property=\"og:image:type\" content=\"image\/jpeg\" \/>\n<meta name=\"author\" content=\"La r\u00e9daction\" \/>\n<meta name=\"twitter:card\" content=\"summary_large_image\" \/>\n<meta name=\"twitter:creator\" content=\"@BondyBlogLyon\" \/>\n<meta name=\"twitter:site\" content=\"@bondybloglyon\" \/>\n<script type=\"application\/ld+json\" class=\"yoast-schema-graph\">{\"@context\":\"https:\/\/schema.org\",\"@graph\":[{\"@type\":\"Article\",\"@id\":\"https:\/\/lyonbondyblog.fr\/LBB\/93-la-belle-rebelle-chronique-dune-histoire-de-france\/#article\",\"isPartOf\":{\"@id\":\"https:\/\/lyonbondyblog.fr\/LBB\/93-la-belle-rebelle-chronique-dune-histoire-de-france\/\"},\"author\":{\"name\":\"La r\u00e9daction\",\"@id\":\"https:\/\/lyonbondyblog.fr\/LBB\/#\/schema\/person\/e45f8d27baac75072daa0be50c409b25\"},\"headline\":\"93, la belle rebelle : chronique d&rsquo;une histoire de France\",\"datePublished\":\"2011-11-30T15:57:57+00:00\",\"dateModified\":\"2013-07-30T15:04:01+00:00\",\"mainEntityOfPage\":{\"@id\":\"https:\/\/lyonbondyblog.fr\/LBB\/93-la-belle-rebelle-chronique-dune-histoire-de-france\/\"},\"wordCount\":421,\"commentCount\":0,\"publisher\":{\"@id\":\"https:\/\/lyonbondyblog.fr\/LBB\/#organization\"},\"image\":{\"@id\":\"https:\/\/lyonbondyblog.fr\/LBB\/93-la-belle-rebelle-chronique-dune-histoire-de-france\/#primaryimage\"},\"thumbnailUrl\":\"https:\/\/lyonbondyblog.fr\/LBB\/wp-content\/uploads\/2013\/07\/93_t.jpg\",\"keywords\":[\"lyon\",\"Lyon Bondy Blog\"],\"articleSection\":[\"Culture\"],\"inLanguage\":\"fr-FR\",\"potentialAction\":[{\"@type\":\"CommentAction\",\"name\":\"Comment\",\"target\":[\"https:\/\/lyonbondyblog.fr\/LBB\/93-la-belle-rebelle-chronique-dune-histoire-de-france\/#respond\"]}]},{\"@type\":\"WebPage\",\"@id\":\"https:\/\/lyonbondyblog.fr\/LBB\/93-la-belle-rebelle-chronique-dune-histoire-de-france\/\",\"url\":\"https:\/\/lyonbondyblog.fr\/LBB\/93-la-belle-rebelle-chronique-dune-histoire-de-france\/\",\"name\":\"93, la belle rebelle : chronique d'une histoire de France - Lyon Bondy Blog\",\"isPartOf\":{\"@id\":\"https:\/\/lyonbondyblog.fr\/LBB\/#website\"},\"primaryImageOfPage\":{\"@id\":\"https:\/\/lyonbondyblog.fr\/LBB\/93-la-belle-rebelle-chronique-dune-histoire-de-france\/#primaryimage\"},\"image\":{\"@id\":\"https:\/\/lyonbondyblog.fr\/LBB\/93-la-belle-rebelle-chronique-dune-histoire-de-france\/#primaryimage\"},\"thumbnailUrl\":\"https:\/\/lyonbondyblog.fr\/LBB\/wp-content\/uploads\/2013\/07\/93_t.jpg\",\"datePublished\":\"2011-11-30T15:57:57+00:00\",\"dateModified\":\"2013-07-30T15:04:01+00:00\",\"inLanguage\":\"fr-FR\",\"potentialAction\":[{\"@type\":\"ReadAction\",\"target\":[\"https:\/\/lyonbondyblog.fr\/LBB\/93-la-belle-rebelle-chronique-dune-histoire-de-france\/\"]}]},{\"@type\":\"ImageObject\",\"inLanguage\":\"fr-FR\",\"@id\":\"https:\/\/lyonbondyblog.fr\/LBB\/93-la-belle-rebelle-chronique-dune-histoire-de-france\/#primaryimage\",\"url\":\"https:\/\/lyonbondyblog.fr\/LBB\/wp-content\/uploads\/2013\/07\/93_t.jpg\",\"contentUrl\":\"https:\/\/lyonbondyblog.fr\/LBB\/wp-content\/uploads\/2013\/07\/93_t.jpg\",\"width\":193,\"height\":255},{\"@type\":\"WebSite\",\"@id\":\"https:\/\/lyonbondyblog.fr\/LBB\/#website\",\"url\":\"https:\/\/lyonbondyblog.fr\/LBB\/\",\"name\":\"Lyon Bondy Blog\",\"description\":\"\",\"publisher\":{\"@id\":\"https:\/\/lyonbondyblog.fr\/LBB\/#organization\"},\"potentialAction\":[{\"@type\":\"SearchAction\",\"target\":{\"@type\":\"EntryPoint\",\"urlTemplate\":\"https:\/\/lyonbondyblog.fr\/LBB\/?s={search_term_string}\"},\"query-input\":\"required name=search_term_string\"}],\"inLanguage\":\"fr-FR\"},{\"@type\":\"Organization\",\"@id\":\"https:\/\/lyonbondyblog.fr\/LBB\/#organization\",\"name\":\"LYON BONDY BLOG\",\"url\":\"https:\/\/lyonbondyblog.fr\/LBB\/\",\"logo\":{\"@type\":\"ImageObject\",\"inLanguage\":\"fr-FR\",\"@id\":\"https:\/\/lyonbondyblog.fr\/LBB\/#\/schema\/logo\/image\/\",\"url\":\"http:\/\/lyonbondyblog.fr\/LBB\/wp-content\/uploads\/2014\/10\/logo-portable-144.png\",\"contentUrl\":\"http:\/\/lyonbondyblog.fr\/LBB\/wp-content\/uploads\/2014\/10\/logo-portable-144.png\",\"width\":144,\"height\":123,\"caption\":\"LYON BONDY BLOG\"},\"image\":{\"@id\":\"https:\/\/lyonbondyblog.fr\/LBB\/#\/schema\/logo\/image\/\"},\"sameAs\":[\"https:\/\/www.facebook.com\/lyonbondyblog\",\"https:\/\/x.com\/bondybloglyon\"]},{\"@type\":\"Person\",\"@id\":\"https:\/\/lyonbondyblog.fr\/LBB\/#\/schema\/person\/e45f8d27baac75072daa0be50c409b25\",\"name\":\"La r\u00e9daction\",\"description\":\"Cr\u00e9e en 2008, la r\u00e9daction du Lyon Bondy Blog s'applique \u00e0 proposer une information locale diff\u00e9rente et compl\u00e9mentaire des m\u00e9dias traditionnels.\",\"sameAs\":[\"https:\/\/www.facebook.com\/lyonbondyblog\",\"https:\/\/x.com\/BondyBlogLyon\"],\"url\":\"https:\/\/lyonbondyblog.fr\/LBB\/author\/admin\/\"}]}<\/script>\n<!-- \/ Yoast SEO plugin. -->","yoast_head_json":{"title":"93, la belle rebelle : chronique d'une histoire de France - Lyon Bondy Blog","robots":{"index":"index","follow":"follow","max-snippet":"max-snippet:-1","max-image-preview":"max-image-preview:large","max-video-preview":"max-video-preview:-1"},"canonical":"https:\/\/lyonbondyblog.fr\/LBB\/93-la-belle-rebelle-chronique-dune-histoire-de-france\/","og_locale":"fr_FR","og_type":"article","og_title":"93, la belle rebelle : chronique d'une histoire de France - Lyon Bondy Blog","og_description":"Le cin\u00e9ma d\u2019art et d\u2019essai le Comoedia projetait vendredi 26 novembre pour la premi\u00e8re fois sur grand \u00e9cran le nouveau documentaire de Jean Pierre Thorn, &hellip;","og_url":"https:\/\/lyonbondyblog.fr\/LBB\/93-la-belle-rebelle-chronique-dune-histoire-de-france\/","og_site_name":"Lyon Bondy Blog","article_publisher":"https:\/\/www.facebook.com\/lyonbondyblog","article_author":"https:\/\/www.facebook.com\/lyonbondyblog","article_published_time":"2011-11-30T15:57:57+00:00","article_modified_time":"2013-07-30T15:04:01+00:00","og_image":[{"width":193,"height":255,"url":"https:\/\/lyonbondyblog.fr\/LBB\/wp-content\/uploads\/2013\/07\/93_t.jpg","type":"image\/jpeg"}],"author":"La r\u00e9daction","twitter_card":"summary_large_image","twitter_creator":"@BondyBlogLyon","twitter_site":"@bondybloglyon","schema":{"@context":"https:\/\/schema.org","@graph":[{"@type":"Article","@id":"https:\/\/lyonbondyblog.fr\/LBB\/93-la-belle-rebelle-chronique-dune-histoire-de-france\/#article","isPartOf":{"@id":"https:\/\/lyonbondyblog.fr\/LBB\/93-la-belle-rebelle-chronique-dune-histoire-de-france\/"},"author":{"name":"La r\u00e9daction","@id":"https:\/\/lyonbondyblog.fr\/LBB\/#\/schema\/person\/e45f8d27baac75072daa0be50c409b25"},"headline":"93, la belle rebelle : chronique d&rsquo;une histoire de France","datePublished":"2011-11-30T15:57:57+00:00","dateModified":"2013-07-30T15:04:01+00:00","mainEntityOfPage":{"@id":"https:\/\/lyonbondyblog.fr\/LBB\/93-la-belle-rebelle-chronique-dune-histoire-de-france\/"},"wordCount":421,"commentCount":0,"publisher":{"@id":"https:\/\/lyonbondyblog.fr\/LBB\/#organization"},"image":{"@id":"https:\/\/lyonbondyblog.fr\/LBB\/93-la-belle-rebelle-chronique-dune-histoire-de-france\/#primaryimage"},"thumbnailUrl":"https:\/\/lyonbondyblog.fr\/LBB\/wp-content\/uploads\/2013\/07\/93_t.jpg","keywords":["lyon","Lyon Bondy Blog"],"articleSection":["Culture"],"inLanguage":"fr-FR","potentialAction":[{"@type":"CommentAction","name":"Comment","target":["https:\/\/lyonbondyblog.fr\/LBB\/93-la-belle-rebelle-chronique-dune-histoire-de-france\/#respond"]}]},{"@type":"WebPage","@id":"https:\/\/lyonbondyblog.fr\/LBB\/93-la-belle-rebelle-chronique-dune-histoire-de-france\/","url":"https:\/\/lyonbondyblog.fr\/LBB\/93-la-belle-rebelle-chronique-dune-histoire-de-france\/","name":"93, la belle rebelle : chronique d'une histoire de France - Lyon Bondy Blog","isPartOf":{"@id":"https:\/\/lyonbondyblog.fr\/LBB\/#website"},"primaryImageOfPage":{"@id":"https:\/\/lyonbondyblog.fr\/LBB\/93-la-belle-rebelle-chronique-dune-histoire-de-france\/#primaryimage"},"image":{"@id":"https:\/\/lyonbondyblog.fr\/LBB\/93-la-belle-rebelle-chronique-dune-histoire-de-france\/#primaryimage"},"thumbnailUrl":"https:\/\/lyonbondyblog.fr\/LBB\/wp-content\/uploads\/2013\/07\/93_t.jpg","datePublished":"2011-11-30T15:57:57+00:00","dateModified":"2013-07-30T15:04:01+00:00","inLanguage":"fr-FR","potentialAction":[{"@type":"ReadAction","target":["https:\/\/lyonbondyblog.fr\/LBB\/93-la-belle-rebelle-chronique-dune-histoire-de-france\/"]}]},{"@type":"ImageObject","inLanguage":"fr-FR","@id":"https:\/\/lyonbondyblog.fr\/LBB\/93-la-belle-rebelle-chronique-dune-histoire-de-france\/#primaryimage","url":"https:\/\/lyonbondyblog.fr\/LBB\/wp-content\/uploads\/2013\/07\/93_t.jpg","contentUrl":"https:\/\/lyonbondyblog.fr\/LBB\/wp-content\/uploads\/2013\/07\/93_t.jpg","width":193,"height":255},{"@type":"WebSite","@id":"https:\/\/lyonbondyblog.fr\/LBB\/#website","url":"https:\/\/lyonbondyblog.fr\/LBB\/","name":"Lyon Bondy Blog","description":"","publisher":{"@id":"https:\/\/lyonbondyblog.fr\/LBB\/#organization"},"potentialAction":[{"@type":"SearchAction","target":{"@type":"EntryPoint","urlTemplate":"https:\/\/lyonbondyblog.fr\/LBB\/?s={search_term_string}"},"query-input":"required name=search_term_string"}],"inLanguage":"fr-FR"},{"@type":"Organization","@id":"https:\/\/lyonbondyblog.fr\/LBB\/#organization","name":"LYON BONDY BLOG","url":"https:\/\/lyonbondyblog.fr\/LBB\/","logo":{"@type":"ImageObject","inLanguage":"fr-FR","@id":"https:\/\/lyonbondyblog.fr\/LBB\/#\/schema\/logo\/image\/","url":"http:\/\/lyonbondyblog.fr\/LBB\/wp-content\/uploads\/2014\/10\/logo-portable-144.png","contentUrl":"http:\/\/lyonbondyblog.fr\/LBB\/wp-content\/uploads\/2014\/10\/logo-portable-144.png","width":144,"height":123,"caption":"LYON BONDY BLOG"},"image":{"@id":"https:\/\/lyonbondyblog.fr\/LBB\/#\/schema\/logo\/image\/"},"sameAs":["https:\/\/www.facebook.com\/lyonbondyblog","https:\/\/x.com\/bondybloglyon"]},{"@type":"Person","@id":"https:\/\/lyonbondyblog.fr\/LBB\/#\/schema\/person\/e45f8d27baac75072daa0be50c409b25","name":"La r\u00e9daction","description":"Cr\u00e9e en 2008, la r\u00e9daction du Lyon Bondy Blog s'applique \u00e0 proposer une information locale diff\u00e9rente et compl\u00e9mentaire des m\u00e9dias traditionnels.","sameAs":["https:\/\/www.facebook.com\/lyonbondyblog","https:\/\/x.com\/BondyBlogLyon"],"url":"https:\/\/lyonbondyblog.fr\/LBB\/author\/admin\/"}]}},"_links":{"self":[{"href":"https:\/\/lyonbondyblog.fr\/LBB\/wp-json\/wp\/v2\/posts\/2322","targetHints":{"allow":["GET"]}}],"collection":[{"href":"https:\/\/lyonbondyblog.fr\/LBB\/wp-json\/wp\/v2\/posts"}],"about":[{"href":"https:\/\/lyonbondyblog.fr\/LBB\/wp-json\/wp\/v2\/types\/post"}],"author":[{"embeddable":true,"href":"https:\/\/lyonbondyblog.fr\/LBB\/wp-json\/wp\/v2\/users\/1"}],"replies":[{"embeddable":true,"href":"https:\/\/lyonbondyblog.fr\/LBB\/wp-json\/wp\/v2\/comments?post=2322"}],"version-history":[{"count":0,"href":"https:\/\/lyonbondyblog.fr\/LBB\/wp-json\/wp\/v2\/posts\/2322\/revisions"}],"wp:featuredmedia":[{"embeddable":true,"href":"https:\/\/lyonbondyblog.fr\/LBB\/wp-json\/wp\/v2\/media\/2328"}],"wp:attachment":[{"href":"https:\/\/lyonbondyblog.fr\/LBB\/wp-json\/wp\/v2\/media?parent=2322"}],"wp:term":[{"taxonomy":"category","embeddable":true,"href":"https:\/\/lyonbondyblog.fr\/LBB\/wp-json\/wp\/v2\/categories?post=2322"},{"taxonomy":"post_tag","embeddable":true,"href":"https:\/\/lyonbondyblog.fr\/LBB\/wp-json\/wp\/v2\/tags?post=2322"}],"curies":[{"name":"wp","href":"https:\/\/api.w.org\/{rel}","templated":true}]}}