{"id":23204,"date":"2021-05-23T17:12:59","date_gmt":"2021-05-23T15:12:59","guid":{"rendered":"http:\/\/lyonbondyblog.fr\/LBB\/?p=23204"},"modified":"2021-05-23T17:51:38","modified_gmt":"2021-05-23T15:51:38","slug":"d2-hand-feminin-lasul-reste-a-quai-face-au-havre","status":"publish","type":"post","link":"https:\/\/lyonbondyblog.fr\/LBB\/d2-hand-feminin-lasul-reste-a-quai-face-au-havre\/","title":{"rendered":"D2 Hand f\u00e9minin : L\u2019ASUL reste \u00e0 quai face au Havre"},"content":{"rendered":"\n<h4 class=\"wp-block-heading\"><strong>L\u2019ASUL de Vaulx en Velin recevait hier soir le Havre pour le compte de la 3<sup>\u00e8me<\/sup> journ\u00e9e des Play-offs. Apr\u00e8s la victoire du Havre la semaine derni\u00e8re chez elle 32-22, face aux Vaudaises, les joueuses du HAC sont toujours en course pour la mont\u00e9e. Les Asulites, quant \u00e0 elles, avaient \u00e0 c\u0153ur de mieux faire devant leur public, enfin de retour dans le palais des sports.<\/strong><\/h4>\n\n\n\n<p>Les Vaudaises avaient perdu le match aller, apr\u00e8s une fin de rencontre difficile, batteries \u00e0 plat. Ce match ne rev\u00eatait aucun enjeu pour les Asulites, contrairement aux Havraises qui devaient garantir leur victoire pour jouer la mont\u00e9e face \u00e0 Celles Sur Belle. Ce match, marqu\u00e9 par la pr\u00e9sence du public en chair et en os, \u00e9tait le dernier \u00e0 domicile pour le collectif de Vaulx en Velin. L\u2019\u00e9quipe de Ludovic Seutchie \u00e9tait p\u00e9nalis\u00e9e par deux absences pour blessures, celles d\u2019Adelina Ajdarpasic et d\u2019Hillary Ikondo. Apr\u00e8s une rencontre pleine d\u2019intensit\u00e9 et malheureusement \u00e9maill\u00e9e de nombreux rat\u00e9s au tir, les lionnes se sont inclin\u00e9es 21-30.<\/p>\n\n\n\n<h4 class=\"wp-block-heading\"><strong>Les Vaudaises s\u2019accrochent<\/strong><\/h4>\n\n\n\n<figure class=\"wp-block-image size-large\"><img loading=\"lazy\" decoding=\"async\" width=\"1730\" height=\"1280\" src=\"https:\/\/lyonbondyblog.fr\/LBB\/wp-content\/uploads\/2021\/05\/DSC_4112_redimensionner-2.jpg\" alt=\"\" class=\"wp-image-23206\" srcset=\"https:\/\/lyonbondyblog.fr\/LBB\/wp-content\/uploads\/2021\/05\/DSC_4112_redimensionner-2.jpg 1730w, https:\/\/lyonbondyblog.fr\/LBB\/wp-content\/uploads\/2021\/05\/DSC_4112_redimensionner-2-1200x888.jpg 1200w, https:\/\/lyonbondyblog.fr\/LBB\/wp-content\/uploads\/2021\/05\/DSC_4112_redimensionner-2-768x568.jpg 768w, https:\/\/lyonbondyblog.fr\/LBB\/wp-content\/uploads\/2021\/05\/DSC_4112_redimensionner-2-1536x1136.jpg 1536w\" sizes=\"auto, (max-width: 1730px) 100vw, 1730px\" \/><\/figure>\n\n\n\n<p>Apr\u00e8s un d\u00e9but de match plut\u00f4t \u00e9quilibr\u00e9, Le Havre ouvre le bal des exclusions d\u00e8s la 6<sup>\u00e8me<\/sup> minute avec la n\u00b079, Sharon Dorson pour antijeu. Cette sortie permet aux Vaudaises de passer devant les Havraises (4-3, 8<sup>\u00e8me<\/sup>). La pluie de 2 minutes d\u2019exclusion continue de tomber sur les deux \u00e9quipes, ce qui met en difficult\u00e9 chacune d\u2019elles (6-6, 13<sup>\u00e8me<\/sup>). L\u2019exclusion de Marion Theys \u00e0 la 18<sup>\u00e8me<\/sup> minute est le symbole d\u2019une \u00e9quipe de l\u2019ASUL qui traverse alors un premier trou d\u2019air en encaissant un 3-0 en 3 minutes. L\u2019\u00e9cart continue ensuite \u00e0 se creuser, le HAC prend les devants et augmente l\u2019intensit\u00e9, (8-13, 22<sup>\u00e8me<\/sup>). Malgr\u00e9 une magnifique roucoulette de Sarah Baudeneau, la n\u00b021 de l\u2019ASUL et une exclusion temporaire du c\u00f4t\u00e9 du Havre, les lionnes n\u2019arrivent pas \u00e0 remonter au score, (9-14, 25<sup>\u00e8me<\/sup>). La premi\u00e8re mi-temps se termine avec une avance notable du c\u00f4t\u00e9 des Havraises, (11-16).<\/p>\n\n\n\n<h4 class=\"wp-block-heading\"><strong>Le Havre creuse l\u2019\u00e9cart &nbsp;<\/strong><\/h4>\n\n\n\n<p>La pression, exerc\u00e9e par les co\u00e9quipi\u00e8res de L\u00e9a Fargues, se fait sentir d\u00e8s le d\u00e9but de la deuxi\u00e8me mi-temps. Les tensions entre les deux \u00e9quipes recommencent \u00e0 se faire sentir. Les entra\u00eeneurs des deux \u00e9quipes \u00e9copent de cartons jaunes de la part des arbitres, \u00e0 la 34<sup>\u00e8me <\/sup>et 36<sup>\u00e8me<\/sup> minute. Les lionnes retrouvent de l\u2019allant et remontent au score (15-18, 37<sup>\u00e8me<\/sup>). Les tensions sont \u00e9galement pr\u00e9sentes sur le terrain\u00a0: les arbitres tentent tant bien que mal de calmer une \u00e9chauffour\u00e9e entre deux joueuses. Toutefois, m\u00eame si les joueuses de l\u2019ASUL augmentent l\u2019intensit\u00e9, elles ne parviennent pas \u00e0 vaincre le dernier rempart que repr\u00e9sente la gardienne Victoria Alric, auteur d\u2019une performance exceptionnelle avec 8 arr\u00eats dans le dernier quart d\u2019heure du match. De nombreux tirs rat\u00e9s finissent par les p\u00e9naliser. Les Vaudaises ont connu de nouveaux passages \u00e0 vide, notamment de la 36<sup>\u00e8me<\/sup> \u00e0 la 41<sup>\u00e8me<\/sup> minute o\u00f9 elles encaissent quatre buts sans r\u00e9pondre. Leur dernier but sera marqu\u00e9 \u00e0 la 54<sup>\u00e8me<\/sup> minute, et les lionnes devront se contenter de ces 21 buts jusqu\u2019\u00e0 la fin du match. Score final\u00a0: 21-30 pour le club du Havre.<\/p>\n\n\n\n<figure class=\"wp-block-image size-large\"><a href=\"https:\/\/www.ffhandball.fr\/api\/s3\/fdm\/P\/A\/D\/M\/PADMTXA.pdf\" target=\"_blank\" rel=\"noopener\"><img loading=\"lazy\" decoding=\"async\" width=\"1027\" height=\"575\" src=\"https:\/\/lyonbondyblog.fr\/LBB\/wp-content\/uploads\/2021\/05\/Capture-decran-2021-05-23-163137.png\" alt=\"\" class=\"wp-image-23208\" srcset=\"https:\/\/lyonbondyblog.fr\/LBB\/wp-content\/uploads\/2021\/05\/Capture-decran-2021-05-23-163137.png 1027w, https:\/\/lyonbondyblog.fr\/LBB\/wp-content\/uploads\/2021\/05\/Capture-decran-2021-05-23-163137-768x430.png 768w, https:\/\/lyonbondyblog.fr\/LBB\/wp-content\/uploads\/2021\/05\/Capture-decran-2021-05-23-163137-750x420.png 750w\" sizes=\"auto, (max-width: 1027px) 100vw, 1027px\" \/><\/a><\/figure>\n\n\n\n<p>Sarah Baudeneau, aili\u00e8re gauche, \u00e9lue MVP pour sa combativit\u00e9 sans rel\u00e2che. C\u00f4t\u00e9 du Havre, le titre est pour la gardienne Victoria Alric et sa prestation dans la cage.<\/p>\n\n\n\n<h4 class=\"wp-block-heading\"><strong>Les r\u00e9actions&nbsp;d\u2019apr\u00e8s-match :&nbsp;<\/strong><\/h4>\n\n\n\n<figure class=\"wp-block-embed is-type-rich is-provider-soundcloud wp-block-embed-soundcloud wp-embed-aspect-4-3 wp-has-aspect-ratio\"><div class=\"wp-block-embed__wrapper\">\n<iframe loading=\"lazy\" title=\"St\u00e9phane Pellan, entra\u00eeneur du Havre : &quot;c&#039;\u00e9tait vraiment les montagnes russes en terme de rythme&quot; by LyonBondyBlog\" width=\"1200\" height=\"400\" scrolling=\"no\" frameborder=\"no\" src=\"https:\/\/w.soundcloud.com\/player\/?visual=true&#038;url=https%3A%2F%2Fapi.soundcloud.com%2Ftracks%2F1054019638&#038;show_artwork=true&#038;maxwidth=1200&#038;maxheight=1000&#038;dnt=1\"><\/iframe>\n<\/div><\/figure>\n\n\n\n<figure class=\"wp-block-embed is-type-rich is-provider-soundcloud wp-block-embed-soundcloud wp-embed-aspect-4-3 wp-has-aspect-ratio\"><div class=\"wp-block-embed__wrapper\">\n<iframe loading=\"lazy\" title=\"Ludovic Seutchie, coach de l&#039;ASUL : &quot;on \u00e9tait en panne de r\u00e9sussite dans les duels tireuse-gardien&quot;. by LyonBondyBlog\" width=\"1200\" height=\"400\" scrolling=\"no\" frameborder=\"no\" src=\"https:\/\/w.soundcloud.com\/player\/?visual=true&#038;url=https%3A%2F%2Fapi.soundcloud.com%2Ftracks%2F1054021036&#038;show_artwork=true&#038;maxwidth=1200&#038;maxheight=1000&#038;dnt=1\"><\/iframe>\n<\/div><\/figure>\n\n\n\n<figure class=\"wp-block-embed is-type-rich is-provider-soundcloud wp-block-embed-soundcloud wp-embed-aspect-4-3 wp-has-aspect-ratio\"><div class=\"wp-block-embed__wrapper\">\n<iframe loading=\"lazy\" title=\"Marina Pantic, gardienne du HAC : &quot;on travaille beaucoup ensemble&quot;. by LyonBondyBlog\" width=\"1200\" height=\"400\" scrolling=\"no\" frameborder=\"no\" src=\"https:\/\/w.soundcloud.com\/player\/?visual=true&#038;url=https%3A%2F%2Fapi.soundcloud.com%2Ftracks%2F1054022053&#038;show_artwork=true&#038;maxwidth=1200&#038;maxheight=1000&#038;dnt=1\"><\/iframe>\n<\/div><\/figure>\n\n\n\n<figure class=\"wp-block-embed is-type-rich is-provider-soundcloud wp-block-embed-soundcloud wp-embed-aspect-4-3 wp-has-aspect-ratio\"><div class=\"wp-block-embed__wrapper\">\n<iframe loading=\"lazy\" title=\"Esm\u00e9ralda Saldhana, arri\u00e8re droite de l&#039;ASUL : &quot;on manquait d&#039;exp\u00e9rience&quot;. by LyonBondyBlog\" width=\"1200\" height=\"400\" scrolling=\"no\" frameborder=\"no\" src=\"https:\/\/w.soundcloud.com\/player\/?visual=true&#038;url=https%3A%2F%2Fapi.soundcloud.com%2Ftracks%2F1054023433&#038;show_artwork=true&#038;maxwidth=1200&#038;maxheight=1000&#038;dnt=1\"><\/iframe>\n<\/div><\/figure>\n\n\n\n<p>Cr\u00e9dit photo: Roger Capra<\/p>\n\n\n\n<p>Carmen Buecher<\/p>\n<!-- AddThis Advanced Settings generic via filter on the_content --><!-- AddThis Share Buttons generic via filter on the_content -->","protected":false},"excerpt":{"rendered":"<p>L\u2019ASUL de Vaulx en Velin recevait hier soir le Havre pour le compte de la 3\u00e8me journ\u00e9e des Play-offs. Apr\u00e8s la victoire du Havre la &hellip; <!-- AddThis Advanced Settings generic via filter on wp_trim_excerpt --><!-- AddThis Share Buttons generic via filter on wp_trim_excerpt --><\/p>\n","protected":false},"author":1,"featured_media":23209,"comment_status":"open","ping_status":"open","sticky":false,"template":"","format":"standard","meta":{"_FSMCFIC_featured_image_caption":"","_FSMCFIC_featured_image_nocaption":"","_FSMCFIC_featured_image_hide":"","footnotes":""},"categories":[3890,4,2862,22674,3891],"tags":[],"class_list":["post-23204","post","type-post","status-publish","format-standard","has-post-thumbnail","hentry","category-handball","category-lyon","category-sport","category-sport-feminin","category-vaulx-en-velin"],"yoast_head":"<!-- This site is optimized with the Yoast SEO plugin v22.8 - https:\/\/yoast.com\/wordpress\/plugins\/seo\/ -->\n<title>D2 Hand f\u00e9minin : L\u2019ASUL reste \u00e0 quai face au Havre - Lyon Bondy Blog<\/title>\n<meta name=\"robots\" content=\"index, follow, max-snippet:-1, max-image-preview:large, max-video-preview:-1\" \/>\n<link rel=\"canonical\" href=\"https:\/\/lyonbondyblog.fr\/LBB\/d2-hand-feminin-lasul-reste-a-quai-face-au-havre\/\" \/>\n<meta property=\"og:locale\" content=\"fr_FR\" \/>\n<meta property=\"og:type\" content=\"article\" \/>\n<meta property=\"og:title\" content=\"D2 Hand f\u00e9minin : L\u2019ASUL reste \u00e0 quai face au Havre - Lyon Bondy Blog\" \/>\n<meta property=\"og:description\" content=\"L\u2019ASUL de Vaulx en Velin recevait hier soir le Havre pour le compte de la 3\u00e8me journ\u00e9e des Play-offs. Apr\u00e8s la victoire du Havre la &hellip;\" \/>\n<meta property=\"og:url\" content=\"https:\/\/lyonbondyblog.fr\/LBB\/d2-hand-feminin-lasul-reste-a-quai-face-au-havre\/\" \/>\n<meta property=\"og:site_name\" content=\"Lyon Bondy Blog\" \/>\n<meta property=\"article:publisher\" content=\"https:\/\/www.facebook.com\/lyonbondyblog\" \/>\n<meta property=\"article:author\" content=\"https:\/\/www.facebook.com\/lyonbondyblog\" \/>\n<meta property=\"article:published_time\" content=\"2021-05-23T15:12:59+00:00\" \/>\n<meta property=\"article:modified_time\" content=\"2021-05-23T15:51:38+00:00\" \/>\n<meta property=\"og:image\" content=\"https:\/\/lyonbondyblog.fr\/LBB\/wp-content\/uploads\/2021\/05\/DSC_4178_redimensionner-2.jpg\" \/>\n\t<meta property=\"og:image:width\" content=\"1917\" \/>\n\t<meta property=\"og:image:height\" content=\"1280\" \/>\n\t<meta property=\"og:image:type\" content=\"image\/jpeg\" \/>\n<meta name=\"author\" content=\"La r\u00e9daction\" \/>\n<meta name=\"twitter:card\" content=\"summary_large_image\" \/>\n<meta name=\"twitter:creator\" content=\"@BondyBlogLyon\" \/>\n<meta name=\"twitter:site\" content=\"@bondybloglyon\" \/>\n<script type=\"application\/ld+json\" class=\"yoast-schema-graph\">{\"@context\":\"https:\/\/schema.org\",\"@graph\":[{\"@type\":\"Article\",\"@id\":\"https:\/\/lyonbondyblog.fr\/LBB\/d2-hand-feminin-lasul-reste-a-quai-face-au-havre\/#article\",\"isPartOf\":{\"@id\":\"https:\/\/lyonbondyblog.fr\/LBB\/d2-hand-feminin-lasul-reste-a-quai-face-au-havre\/\"},\"author\":{\"name\":\"La r\u00e9daction\",\"@id\":\"https:\/\/lyonbondyblog.fr\/LBB\/#\/schema\/person\/e45f8d27baac75072daa0be50c409b25\"},\"headline\":\"D2 Hand f\u00e9minin : L\u2019ASUL reste \u00e0 quai face au Havre\",\"datePublished\":\"2021-05-23T15:12:59+00:00\",\"dateModified\":\"2021-05-23T15:51:38+00:00\",\"mainEntityOfPage\":{\"@id\":\"https:\/\/lyonbondyblog.fr\/LBB\/d2-hand-feminin-lasul-reste-a-quai-face-au-havre\/\"},\"wordCount\":628,\"commentCount\":1,\"publisher\":{\"@id\":\"https:\/\/lyonbondyblog.fr\/LBB\/#organization\"},\"image\":{\"@id\":\"https:\/\/lyonbondyblog.fr\/LBB\/d2-hand-feminin-lasul-reste-a-quai-face-au-havre\/#primaryimage\"},\"thumbnailUrl\":\"https:\/\/lyonbondyblog.fr\/LBB\/wp-content\/uploads\/2021\/05\/DSC_4178_redimensionner-2.jpg\",\"articleSection\":[\"Handball\",\"Lyon\",\"Sport\",\"Sport f\u00e9minin\",\"Vaulx-en-Velin\"],\"inLanguage\":\"fr-FR\",\"potentialAction\":[{\"@type\":\"CommentAction\",\"name\":\"Comment\",\"target\":[\"https:\/\/lyonbondyblog.fr\/LBB\/d2-hand-feminin-lasul-reste-a-quai-face-au-havre\/#respond\"]}]},{\"@type\":\"WebPage\",\"@id\":\"https:\/\/lyonbondyblog.fr\/LBB\/d2-hand-feminin-lasul-reste-a-quai-face-au-havre\/\",\"url\":\"https:\/\/lyonbondyblog.fr\/LBB\/d2-hand-feminin-lasul-reste-a-quai-face-au-havre\/\",\"name\":\"D2 Hand f\u00e9minin : L\u2019ASUL reste \u00e0 quai face au Havre - Lyon Bondy Blog\",\"isPartOf\":{\"@id\":\"https:\/\/lyonbondyblog.fr\/LBB\/#website\"},\"primaryImageOfPage\":{\"@id\":\"https:\/\/lyonbondyblog.fr\/LBB\/d2-hand-feminin-lasul-reste-a-quai-face-au-havre\/#primaryimage\"},\"image\":{\"@id\":\"https:\/\/lyonbondyblog.fr\/LBB\/d2-hand-feminin-lasul-reste-a-quai-face-au-havre\/#primaryimage\"},\"thumbnailUrl\":\"https:\/\/lyonbondyblog.fr\/LBB\/wp-content\/uploads\/2021\/05\/DSC_4178_redimensionner-2.jpg\",\"datePublished\":\"2021-05-23T15:12:59+00:00\",\"dateModified\":\"2021-05-23T15:51:38+00:00\",\"inLanguage\":\"fr-FR\",\"potentialAction\":[{\"@type\":\"ReadAction\",\"target\":[\"https:\/\/lyonbondyblog.fr\/LBB\/d2-hand-feminin-lasul-reste-a-quai-face-au-havre\/\"]}]},{\"@type\":\"ImageObject\",\"inLanguage\":\"fr-FR\",\"@id\":\"https:\/\/lyonbondyblog.fr\/LBB\/d2-hand-feminin-lasul-reste-a-quai-face-au-havre\/#primaryimage\",\"url\":\"https:\/\/lyonbondyblog.fr\/LBB\/wp-content\/uploads\/2021\/05\/DSC_4178_redimensionner-2.jpg\",\"contentUrl\":\"https:\/\/lyonbondyblog.fr\/LBB\/wp-content\/uploads\/2021\/05\/DSC_4178_redimensionner-2.jpg\",\"width\":1917,\"height\":1280},{\"@type\":\"WebSite\",\"@id\":\"https:\/\/lyonbondyblog.fr\/LBB\/#website\",\"url\":\"https:\/\/lyonbondyblog.fr\/LBB\/\",\"name\":\"Lyon Bondy Blog\",\"description\":\"\",\"publisher\":{\"@id\":\"https:\/\/lyonbondyblog.fr\/LBB\/#organization\"},\"potentialAction\":[{\"@type\":\"SearchAction\",\"target\":{\"@type\":\"EntryPoint\",\"urlTemplate\":\"https:\/\/lyonbondyblog.fr\/LBB\/?s={search_term_string}\"},\"query-input\":\"required name=search_term_string\"}],\"inLanguage\":\"fr-FR\"},{\"@type\":\"Organization\",\"@id\":\"https:\/\/lyonbondyblog.fr\/LBB\/#organization\",\"name\":\"LYON BONDY BLOG\",\"url\":\"https:\/\/lyonbondyblog.fr\/LBB\/\",\"logo\":{\"@type\":\"ImageObject\",\"inLanguage\":\"fr-FR\",\"@id\":\"https:\/\/lyonbondyblog.fr\/LBB\/#\/schema\/logo\/image\/\",\"url\":\"http:\/\/lyonbondyblog.fr\/LBB\/wp-content\/uploads\/2014\/10\/logo-portable-144.png\",\"contentUrl\":\"http:\/\/lyonbondyblog.fr\/LBB\/wp-content\/uploads\/2014\/10\/logo-portable-144.png\",\"width\":144,\"height\":123,\"caption\":\"LYON BONDY BLOG\"},\"image\":{\"@id\":\"https:\/\/lyonbondyblog.fr\/LBB\/#\/schema\/logo\/image\/\"},\"sameAs\":[\"https:\/\/www.facebook.com\/lyonbondyblog\",\"https:\/\/x.com\/bondybloglyon\"]},{\"@type\":\"Person\",\"@id\":\"https:\/\/lyonbondyblog.fr\/LBB\/#\/schema\/person\/e45f8d27baac75072daa0be50c409b25\",\"name\":\"La r\u00e9daction\",\"description\":\"Cr\u00e9e en 2008, la r\u00e9daction du Lyon Bondy Blog s'applique \u00e0 proposer une information locale diff\u00e9rente et compl\u00e9mentaire des m\u00e9dias traditionnels.\",\"sameAs\":[\"https:\/\/www.facebook.com\/lyonbondyblog\",\"https:\/\/x.com\/BondyBlogLyon\"],\"url\":\"https:\/\/lyonbondyblog.fr\/LBB\/author\/admin\/\"}]}<\/script>\n<!-- \/ Yoast SEO plugin. -->","yoast_head_json":{"title":"D2 Hand f\u00e9minin : L\u2019ASUL reste \u00e0 quai face au Havre - Lyon Bondy Blog","robots":{"index":"index","follow":"follow","max-snippet":"max-snippet:-1","max-image-preview":"max-image-preview:large","max-video-preview":"max-video-preview:-1"},"canonical":"https:\/\/lyonbondyblog.fr\/LBB\/d2-hand-feminin-lasul-reste-a-quai-face-au-havre\/","og_locale":"fr_FR","og_type":"article","og_title":"D2 Hand f\u00e9minin : L\u2019ASUL reste \u00e0 quai face au Havre - Lyon Bondy Blog","og_description":"L\u2019ASUL de Vaulx en Velin recevait hier soir le Havre pour le compte de la 3\u00e8me journ\u00e9e des Play-offs. Apr\u00e8s la victoire du Havre la &hellip;","og_url":"https:\/\/lyonbondyblog.fr\/LBB\/d2-hand-feminin-lasul-reste-a-quai-face-au-havre\/","og_site_name":"Lyon Bondy Blog","article_publisher":"https:\/\/www.facebook.com\/lyonbondyblog","article_author":"https:\/\/www.facebook.com\/lyonbondyblog","article_published_time":"2021-05-23T15:12:59+00:00","article_modified_time":"2021-05-23T15:51:38+00:00","og_image":[{"width":1917,"height":1280,"url":"https:\/\/lyonbondyblog.fr\/LBB\/wp-content\/uploads\/2021\/05\/DSC_4178_redimensionner-2.jpg","type":"image\/jpeg"}],"author":"La r\u00e9daction","twitter_card":"summary_large_image","twitter_creator":"@BondyBlogLyon","twitter_site":"@bondybloglyon","schema":{"@context":"https:\/\/schema.org","@graph":[{"@type":"Article","@id":"https:\/\/lyonbondyblog.fr\/LBB\/d2-hand-feminin-lasul-reste-a-quai-face-au-havre\/#article","isPartOf":{"@id":"https:\/\/lyonbondyblog.fr\/LBB\/d2-hand-feminin-lasul-reste-a-quai-face-au-havre\/"},"author":{"name":"La r\u00e9daction","@id":"https:\/\/lyonbondyblog.fr\/LBB\/#\/schema\/person\/e45f8d27baac75072daa0be50c409b25"},"headline":"D2 Hand f\u00e9minin : L\u2019ASUL reste \u00e0 quai face au Havre","datePublished":"2021-05-23T15:12:59+00:00","dateModified":"2021-05-23T15:51:38+00:00","mainEntityOfPage":{"@id":"https:\/\/lyonbondyblog.fr\/LBB\/d2-hand-feminin-lasul-reste-a-quai-face-au-havre\/"},"wordCount":628,"commentCount":1,"publisher":{"@id":"https:\/\/lyonbondyblog.fr\/LBB\/#organization"},"image":{"@id":"https:\/\/lyonbondyblog.fr\/LBB\/d2-hand-feminin-lasul-reste-a-quai-face-au-havre\/#primaryimage"},"thumbnailUrl":"https:\/\/lyonbondyblog.fr\/LBB\/wp-content\/uploads\/2021\/05\/DSC_4178_redimensionner-2.jpg","articleSection":["Handball","Lyon","Sport","Sport f\u00e9minin","Vaulx-en-Velin"],"inLanguage":"fr-FR","potentialAction":[{"@type":"CommentAction","name":"Comment","target":["https:\/\/lyonbondyblog.fr\/LBB\/d2-hand-feminin-lasul-reste-a-quai-face-au-havre\/#respond"]}]},{"@type":"WebPage","@id":"https:\/\/lyonbondyblog.fr\/LBB\/d2-hand-feminin-lasul-reste-a-quai-face-au-havre\/","url":"https:\/\/lyonbondyblog.fr\/LBB\/d2-hand-feminin-lasul-reste-a-quai-face-au-havre\/","name":"D2 Hand f\u00e9minin : L\u2019ASUL reste \u00e0 quai face au Havre - Lyon Bondy Blog","isPartOf":{"@id":"https:\/\/lyonbondyblog.fr\/LBB\/#website"},"primaryImageOfPage":{"@id":"https:\/\/lyonbondyblog.fr\/LBB\/d2-hand-feminin-lasul-reste-a-quai-face-au-havre\/#primaryimage"},"image":{"@id":"https:\/\/lyonbondyblog.fr\/LBB\/d2-hand-feminin-lasul-reste-a-quai-face-au-havre\/#primaryimage"},"thumbnailUrl":"https:\/\/lyonbondyblog.fr\/LBB\/wp-content\/uploads\/2021\/05\/DSC_4178_redimensionner-2.jpg","datePublished":"2021-05-23T15:12:59+00:00","dateModified":"2021-05-23T15:51:38+00:00","inLanguage":"fr-FR","potentialAction":[{"@type":"ReadAction","target":["https:\/\/lyonbondyblog.fr\/LBB\/d2-hand-feminin-lasul-reste-a-quai-face-au-havre\/"]}]},{"@type":"ImageObject","inLanguage":"fr-FR","@id":"https:\/\/lyonbondyblog.fr\/LBB\/d2-hand-feminin-lasul-reste-a-quai-face-au-havre\/#primaryimage","url":"https:\/\/lyonbondyblog.fr\/LBB\/wp-content\/uploads\/2021\/05\/DSC_4178_redimensionner-2.jpg","contentUrl":"https:\/\/lyonbondyblog.fr\/LBB\/wp-content\/uploads\/2021\/05\/DSC_4178_redimensionner-2.jpg","width":1917,"height":1280},{"@type":"WebSite","@id":"https:\/\/lyonbondyblog.fr\/LBB\/#website","url":"https:\/\/lyonbondyblog.fr\/LBB\/","name":"Lyon Bondy Blog","description":"","publisher":{"@id":"https:\/\/lyonbondyblog.fr\/LBB\/#organization"},"potentialAction":[{"@type":"SearchAction","target":{"@type":"EntryPoint","urlTemplate":"https:\/\/lyonbondyblog.fr\/LBB\/?s={search_term_string}"},"query-input":"required name=search_term_string"}],"inLanguage":"fr-FR"},{"@type":"Organization","@id":"https:\/\/lyonbondyblog.fr\/LBB\/#organization","name":"LYON BONDY BLOG","url":"https:\/\/lyonbondyblog.fr\/LBB\/","logo":{"@type":"ImageObject","inLanguage":"fr-FR","@id":"https:\/\/lyonbondyblog.fr\/LBB\/#\/schema\/logo\/image\/","url":"http:\/\/lyonbondyblog.fr\/LBB\/wp-content\/uploads\/2014\/10\/logo-portable-144.png","contentUrl":"http:\/\/lyonbondyblog.fr\/LBB\/wp-content\/uploads\/2014\/10\/logo-portable-144.png","width":144,"height":123,"caption":"LYON BONDY BLOG"},"image":{"@id":"https:\/\/lyonbondyblog.fr\/LBB\/#\/schema\/logo\/image\/"},"sameAs":["https:\/\/www.facebook.com\/lyonbondyblog","https:\/\/x.com\/bondybloglyon"]},{"@type":"Person","@id":"https:\/\/lyonbondyblog.fr\/LBB\/#\/schema\/person\/e45f8d27baac75072daa0be50c409b25","name":"La r\u00e9daction","description":"Cr\u00e9e en 2008, la r\u00e9daction du Lyon Bondy Blog s'applique \u00e0 proposer une information locale diff\u00e9rente et compl\u00e9mentaire des m\u00e9dias traditionnels.","sameAs":["https:\/\/www.facebook.com\/lyonbondyblog","https:\/\/x.com\/BondyBlogLyon"],"url":"https:\/\/lyonbondyblog.fr\/LBB\/author\/admin\/"}]}},"_links":{"self":[{"href":"https:\/\/lyonbondyblog.fr\/LBB\/wp-json\/wp\/v2\/posts\/23204","targetHints":{"allow":["GET"]}}],"collection":[{"href":"https:\/\/lyonbondyblog.fr\/LBB\/wp-json\/wp\/v2\/posts"}],"about":[{"href":"https:\/\/lyonbondyblog.fr\/LBB\/wp-json\/wp\/v2\/types\/post"}],"author":[{"embeddable":true,"href":"https:\/\/lyonbondyblog.fr\/LBB\/wp-json\/wp\/v2\/users\/1"}],"replies":[{"embeddable":true,"href":"https:\/\/lyonbondyblog.fr\/LBB\/wp-json\/wp\/v2\/comments?post=23204"}],"version-history":[{"count":7,"href":"https:\/\/lyonbondyblog.fr\/LBB\/wp-json\/wp\/v2\/posts\/23204\/revisions"}],"predecessor-version":[{"id":23216,"href":"https:\/\/lyonbondyblog.fr\/LBB\/wp-json\/wp\/v2\/posts\/23204\/revisions\/23216"}],"wp:featuredmedia":[{"embeddable":true,"href":"https:\/\/lyonbondyblog.fr\/LBB\/wp-json\/wp\/v2\/media\/23209"}],"wp:attachment":[{"href":"https:\/\/lyonbondyblog.fr\/LBB\/wp-json\/wp\/v2\/media?parent=23204"}],"wp:term":[{"taxonomy":"category","embeddable":true,"href":"https:\/\/lyonbondyblog.fr\/LBB\/wp-json\/wp\/v2\/categories?post=23204"},{"taxonomy":"post_tag","embeddable":true,"href":"https:\/\/lyonbondyblog.fr\/LBB\/wp-json\/wp\/v2\/tags?post=23204"}],"curies":[{"name":"wp","href":"https:\/\/api.w.org\/{rel}","templated":true}]}}