{"id":2312,"date":"2010-12-03T16:52:35","date_gmt":"2010-12-03T15:52:35","guid":{"rendered":"http:\/\/lyonbondyblog.fr\/LBB\/?p=2312"},"modified":"2013-07-30T16:57:28","modified_gmt":"2013-07-30T14:57:28","slug":"marseille-bondy-blog-quelles-voies-pour-quelles-voix","status":"publish","type":"post","link":"https:\/\/lyonbondyblog.fr\/LBB\/marseille-bondy-blog-quelles-voies-pour-quelles-voix\/","title":{"rendered":"Marseille Bondy Blog: Quelles voies pour quelles voix ?"},"content":{"rendered":"<p><strong>Le Marseille Bondy Blog c\u2019est des histoires de quartiers, de gens, et des outils mis \u00e0 disposition des blogueurs pour mieux raconter leurs histoires. Peut-\u00eatre par la suite certains blogueurs prendront leur envol en tant que reporter. En attendant le principal d\u00e9fi pour le Marseille Bondy Blog est de survivre face \u00e0 la mauvaise nouvelle des emplois aid\u00e9s supprim\u00e9s.<\/strong><\/p>\n<div><a title=\" -- Cliquez pour voir l'image en entier\" href=\"http:\/\/yahoo.lyon.bondyblog.fr\/images\/mbb.jpg\" target=\"_blank\"> <img loading=\"lazy\" decoding=\"async\" class=\"alignleft\" style=\"border: 0px none;\" alt=\" -- Cliquez pour voir l'image en entier\" src=\"http:\/\/yahoo.lyon.bondyblog.fr\/images\/mbb_t.jpg\" width=\"193\" height=\"145\" border=\"0\" \/> <\/a><\/div>\n<div>A Marseille aussi on blog et on bondit &#8230;.le bondy blog marseillais est n\u00e9 en d\u00e9cembre 2007, il va f\u00eater ses 3 ans. Comme un enfant qui n&rsquo;est d\u00e9j\u00e0 plus un b\u00e9b\u00e9 le bondy blog marche bien, pousse, grandit, apprend mais a peur&#8230;peur de dispara\u00eetre.<\/div>\n<p>Les deux emplois CAE (contrats d&rsquo;accompagnement \u00e0 l&#8217;emploi) (1) g\u00e9n\u00e9r\u00e9s par le Marseille Bondy Blog sont menac\u00e9s, c&rsquo;est une nouvelle pression qui s&rsquo;ajoute sur les \u00e9paules de Micha\u00ebl Couvret responsable \u00e9ditorial et Charly Carr\u00e9 coordinatrice.<\/p>\n<p><i>\u00ab\u00a0Si faut dans six mois on est au ch\u00f4mage\u00a0\u00bb<\/i>. Pour autant Micha\u00ebl n&rsquo;est pas du tout d\u00e9courag\u00e9 et pr\u00e9f\u00e8re se concentrer sur la mission premi\u00e8re du Bondy Blog\u00a0: donner la parole \u00e0 ceux qui ne l&rsquo;ont pas <i>\u00ab\u00a0aujourd&rsquo;hui, nous tentons de revenir aux sources de ce blog, c&rsquo;est \u00e0 dire qu&rsquo;il faut se rappeler que nous sommes dans une d\u00e9marche citoyenne et participative, les gens qui bloguent sont l\u00e0 parce qu&rsquo;ils ont envie de parler, de s&rsquo;engager dans une aventure, de partager des id\u00e9es et de les faire conna\u00eetre. Ch\u00f4meurs ou pas, nous continuerons \u00e0 nous exprimer\u00a0\u00bb.<\/i><\/p>\n<p><i>\u00ab\u00a0On est \u00e0 une p\u00e9riode charni\u00e8re de l&rsquo;information sur internet\u00a0\u00bb<\/i>. Et Micha\u00ebl n&rsquo;a pas qu&rsquo;un peu raison, \u00e0 l&rsquo;heure du lever de rideau sur internet des secrets jadis les mieux gard\u00e9s avec Wikileaks, \u00e0 l&rsquo;heure de la d\u00e9mocratie participative, la p\u00e9riode est plus que charni\u00e8re, elle est r\u00e9volutionnaire. Et les r\u00e9volutions demandent des armes: permettre \u00e0 ses blogueurs d&rsquo;\u00eatre mieux arm\u00e9s, c&rsquo;est la mission que privil\u00e9gie Micha\u00ebl aujourd&rsquo;hui.<\/p>\n<p>En plus de se retrouver chaque lundi \u00e0 18h30 dans les locaux de l&rsquo;association l&rsquo;ACTE (2) pour la conf\u00e9rence de r\u00e9daction, la dizaine de blogueurs r\u00e9currents du Marseille Bondy Blog aura chaque mois une s\u00e9ance de travail \u00ab\u00a0Masterclass\u00a0\u00bb avec un journaliste sp\u00e9cialis\u00e9 qui viendra les former sur un th\u00e8me pr\u00e9cis. Les blogueurs int\u00e9ress\u00e9s par le journalisme auront r\u00e9guli\u00e8rement des \u00e9l\u00e9ments techniques qui viendront enrichir leur travail. Et ce n&rsquo;est pas tout.<\/p>\n<p>Organis\u00e9 par l&rsquo;association l&rsquo;ACTE , un atelier d&rsquo;\u00e9criture gratuit sera ouvert \u00e0 tous, blogueurs ou pas, pour que chaque personne qui a envie de raconter son quartier, sa vie, puisse le faire avec les bons outils et apprenne \u00e0 donner forme \u00e0 ses papiers. Ecrire, rapporter, dire, transmettre, c&rsquo;est l&rsquo;\u00e9cole populaire du journalisme qui se met en place. Cet atelier d&rsquo;\u00e9criture est une vraie formation et vient de d\u00e9marrer ce mois-ci (novembre) pour l&rsquo;ann\u00e9e 2010-2011. Les jeunes sont tenus de s&rsquo;engager sur tout le cursus, au bout d&rsquo;un an ils auront acquis les fondamentaux du m\u00e9tier de r\u00e9dacteur de presse \u00e9crite et un bagage cr\u00e9dible pour peut-\u00eatre, d\u00e9marcher plus tard d&rsquo;autres m\u00e9dias. C&rsquo;est une r\u00e9ponse \u00e0 une demande citoyenne\u00a0: \u00e9crire et raconter avec pr\u00e9cision des anecdotes qui se transforment en reportages.<\/p>\n<p>L&rsquo;ann\u00e9e prochaine Micha\u00ebl a aussi l&rsquo;ambition de sortir une \u00e9dition papier du Bondy Blog et qui r\u00e9unirait entre autres, les sujets marquants de l&rsquo;ann\u00e9e des blogueurs marseillais. De belles perspectives pour les jeunes qu&rsquo;il faut encore et toujours recruter et fid\u00e9liser car le nerf de la guerre c&rsquo;est l&rsquo;humain\u00a0: les nouveaux membres se font rares ces derniers temps. Mais au moins les jeunes, pendant leur passage au blog, auront appris \u00e0 s&rsquo;approprier l&rsquo;information. <i>\u00ab\u00a0Pour ma\u00eetriser l&rsquo;environnement m\u00e9diatique, les gens doivent apprendre \u00e0 produire et \u00e0 recevoir de l&rsquo;information. Et quoi qu&rsquo;il advienne avec les gens qui transitent par notre blog, les journalistes professionnels doivent continuer \u00e0 veiller \u00e0 cela, c&rsquo;est notre seul but\u00a0\u00bb.<\/i><\/p>\n<p>&nbsp;<\/p>\n<p>(1) Les signatures de CAE Contrat d&rsquo;Accompagnement \u00e0 l&rsquo;Emploi et CUI Contrats Uniques d&rsquo;Insertion sont suspendus depuis d\u00e9but octobre suite \u00e0 une d\u00e9cision du minist\u00e8re du travail relay\u00e9 par la pr\u00e9fecture du Rh\u00f4ne. Le p\u00f4le emploi a aussi re\u00e7u l&rsquo;ordre d&rsquo;arr\u00eater les CUI du jour au lendemain. \u00ab\u00a0Les CUI ne seront pas renouvel\u00e9s, alors qu\u2019ils peuvent l\u2019\u00eatre trois fois, et qu\u2019aucun nouveau contrat ne sera sign\u00e9. C\u2019est dramatique d\u2019interrompre ainsi l\u2019insertion\u00a0\u00bb.<\/p>\n<p>http:\/\/www.documentissime.fr\/profil\/documentissime\/article-847-le-rhone-prive-de-contrats-aides-jusqu-au-mois-de-janvier-2011.html<\/p>\n<p>\u00ab\u00a0Des milliers de salari\u00e9s se retrouvent aujourd\u2019hui au ch\u00f4mage et les ch\u00f4meurs \u2013 souvent en fin de droit &#8211; qui esp\u00e9raient une signature de contrat, sont dans une situation plus que pr\u00e9caire\u00a0\u00bb<\/p>\n<p><a href=\"http:\/\/you.leparisien.fr\/actu\/2010\/11\/29\/fin-des-contrats-en-cae-cui-nous-devons-reagir-5095.html\">http:\/\/you.leparisien.fr\/actu\/2010\/11\/29\/fin-des-contrats-en-cae-cui-nous-devons-reagir-5095.html<\/a><\/p>\n<p>&nbsp;<\/p>\n<p>(2)L&rsquo;association ACTE qui a ses locaux au 2 rue de la biblioth\u00e8que \u00e0 Marseille met en place des actions d&rsquo;\u00e9ducation des jeunes aux m\u00e9dias et de valorisation des jeunes dans les m\u00e9dias.<\/p>\n<p><span style=\"text-decoration: underline;\">Auteur : G\u00e9raldine Germani<\/span><\/p>\n<!-- AddThis Advanced Settings generic via filter on the_content --><!-- AddThis Share Buttons generic via filter on the_content -->","protected":false},"excerpt":{"rendered":"<p>Le Marseille Bondy Blog c\u2019est des histoires de quartiers, de gens, et des outils mis \u00e0 disposition des blogueurs pour mieux raconter leurs histoires. Peut-\u00eatre &hellip; <!-- AddThis Advanced Settings generic via filter on wp_trim_excerpt --><!-- AddThis Share Buttons generic via filter on wp_trim_excerpt --><\/p>\n","protected":false},"author":1,"featured_media":2320,"comment_status":"open","ping_status":"open","sticky":false,"template":"","format":"standard","meta":{"_FSMCFIC_featured_image_caption":"","_FSMCFIC_featured_image_nocaption":"","_FSMCFIC_featured_image_hide":"","footnotes":""},"categories":[5],"tags":[10,112],"class_list":["post-2312","post","type-post","status-publish","format-standard","has-post-thumbnail","hentry","category-ambiance","tag-lyon-2","tag-lyon-bondy-blog"],"yoast_head":"<!-- This site is optimized with the Yoast SEO plugin v22.8 - https:\/\/yoast.com\/wordpress\/plugins\/seo\/ -->\n<title>Marseille Bondy Blog: Quelles voies pour quelles voix ? - Lyon Bondy Blog<\/title>\n<meta name=\"robots\" content=\"index, follow, max-snippet:-1, max-image-preview:large, max-video-preview:-1\" \/>\n<link rel=\"canonical\" href=\"https:\/\/lyonbondyblog.fr\/LBB\/marseille-bondy-blog-quelles-voies-pour-quelles-voix\/\" \/>\n<meta property=\"og:locale\" content=\"fr_FR\" \/>\n<meta property=\"og:type\" content=\"article\" \/>\n<meta property=\"og:title\" content=\"Marseille Bondy Blog: Quelles voies pour quelles voix ? - Lyon Bondy Blog\" \/>\n<meta property=\"og:description\" content=\"Le Marseille Bondy Blog c\u2019est des histoires de quartiers, de gens, et des outils mis \u00e0 disposition des blogueurs pour mieux raconter leurs histoires. Peut-\u00eatre &hellip;\" \/>\n<meta property=\"og:url\" content=\"https:\/\/lyonbondyblog.fr\/LBB\/marseille-bondy-blog-quelles-voies-pour-quelles-voix\/\" \/>\n<meta property=\"og:site_name\" content=\"Lyon Bondy Blog\" \/>\n<meta property=\"article:publisher\" content=\"https:\/\/www.facebook.com\/lyonbondyblog\" \/>\n<meta property=\"article:author\" content=\"https:\/\/www.facebook.com\/lyonbondyblog\" \/>\n<meta property=\"article:published_time\" content=\"2010-12-03T15:52:35+00:00\" \/>\n<meta property=\"article:modified_time\" content=\"2013-07-30T14:57:28+00:00\" \/>\n<meta property=\"og:image\" content=\"https:\/\/lyonbondyblog.fr\/LBB\/wp-content\/uploads\/2013\/07\/mbb_t.jpg\" \/>\n\t<meta property=\"og:image:width\" content=\"193\" \/>\n\t<meta property=\"og:image:height\" content=\"145\" \/>\n\t<meta property=\"og:image:type\" content=\"image\/jpeg\" \/>\n<meta name=\"author\" content=\"La r\u00e9daction\" \/>\n<meta name=\"twitter:card\" content=\"summary_large_image\" \/>\n<meta name=\"twitter:creator\" content=\"@BondyBlogLyon\" \/>\n<meta name=\"twitter:site\" content=\"@bondybloglyon\" \/>\n<script type=\"application\/ld+json\" class=\"yoast-schema-graph\">{\"@context\":\"https:\/\/schema.org\",\"@graph\":[{\"@type\":\"Article\",\"@id\":\"https:\/\/lyonbondyblog.fr\/LBB\/marseille-bondy-blog-quelles-voies-pour-quelles-voix\/#article\",\"isPartOf\":{\"@id\":\"https:\/\/lyonbondyblog.fr\/LBB\/marseille-bondy-blog-quelles-voies-pour-quelles-voix\/\"},\"author\":{\"name\":\"La r\u00e9daction\",\"@id\":\"https:\/\/lyonbondyblog.fr\/LBB\/#\/schema\/person\/e45f8d27baac75072daa0be50c409b25\"},\"headline\":\"Marseille Bondy Blog: Quelles voies pour quelles voix ?\",\"datePublished\":\"2010-12-03T15:52:35+00:00\",\"dateModified\":\"2013-07-30T14:57:28+00:00\",\"mainEntityOfPage\":{\"@id\":\"https:\/\/lyonbondyblog.fr\/LBB\/marseille-bondy-blog-quelles-voies-pour-quelles-voix\/\"},\"wordCount\":849,\"commentCount\":0,\"publisher\":{\"@id\":\"https:\/\/lyonbondyblog.fr\/LBB\/#organization\"},\"image\":{\"@id\":\"https:\/\/lyonbondyblog.fr\/LBB\/marseille-bondy-blog-quelles-voies-pour-quelles-voix\/#primaryimage\"},\"thumbnailUrl\":\"https:\/\/lyonbondyblog.fr\/LBB\/wp-content\/uploads\/2013\/07\/mbb_t.jpg\",\"keywords\":[\"lyon\",\"Lyon Bondy Blog\"],\"articleSection\":[\"Ambiance\"],\"inLanguage\":\"fr-FR\",\"potentialAction\":[{\"@type\":\"CommentAction\",\"name\":\"Comment\",\"target\":[\"https:\/\/lyonbondyblog.fr\/LBB\/marseille-bondy-blog-quelles-voies-pour-quelles-voix\/#respond\"]}]},{\"@type\":\"WebPage\",\"@id\":\"https:\/\/lyonbondyblog.fr\/LBB\/marseille-bondy-blog-quelles-voies-pour-quelles-voix\/\",\"url\":\"https:\/\/lyonbondyblog.fr\/LBB\/marseille-bondy-blog-quelles-voies-pour-quelles-voix\/\",\"name\":\"Marseille Bondy Blog: Quelles voies pour quelles voix ? - Lyon Bondy Blog\",\"isPartOf\":{\"@id\":\"https:\/\/lyonbondyblog.fr\/LBB\/#website\"},\"primaryImageOfPage\":{\"@id\":\"https:\/\/lyonbondyblog.fr\/LBB\/marseille-bondy-blog-quelles-voies-pour-quelles-voix\/#primaryimage\"},\"image\":{\"@id\":\"https:\/\/lyonbondyblog.fr\/LBB\/marseille-bondy-blog-quelles-voies-pour-quelles-voix\/#primaryimage\"},\"thumbnailUrl\":\"https:\/\/lyonbondyblog.fr\/LBB\/wp-content\/uploads\/2013\/07\/mbb_t.jpg\",\"datePublished\":\"2010-12-03T15:52:35+00:00\",\"dateModified\":\"2013-07-30T14:57:28+00:00\",\"inLanguage\":\"fr-FR\",\"potentialAction\":[{\"@type\":\"ReadAction\",\"target\":[\"https:\/\/lyonbondyblog.fr\/LBB\/marseille-bondy-blog-quelles-voies-pour-quelles-voix\/\"]}]},{\"@type\":\"ImageObject\",\"inLanguage\":\"fr-FR\",\"@id\":\"https:\/\/lyonbondyblog.fr\/LBB\/marseille-bondy-blog-quelles-voies-pour-quelles-voix\/#primaryimage\",\"url\":\"https:\/\/lyonbondyblog.fr\/LBB\/wp-content\/uploads\/2013\/07\/mbb_t.jpg\",\"contentUrl\":\"https:\/\/lyonbondyblog.fr\/LBB\/wp-content\/uploads\/2013\/07\/mbb_t.jpg\",\"width\":193,\"height\":145},{\"@type\":\"WebSite\",\"@id\":\"https:\/\/lyonbondyblog.fr\/LBB\/#website\",\"url\":\"https:\/\/lyonbondyblog.fr\/LBB\/\",\"name\":\"Lyon Bondy Blog\",\"description\":\"\",\"publisher\":{\"@id\":\"https:\/\/lyonbondyblog.fr\/LBB\/#organization\"},\"potentialAction\":[{\"@type\":\"SearchAction\",\"target\":{\"@type\":\"EntryPoint\",\"urlTemplate\":\"https:\/\/lyonbondyblog.fr\/LBB\/?s={search_term_string}\"},\"query-input\":\"required name=search_term_string\"}],\"inLanguage\":\"fr-FR\"},{\"@type\":\"Organization\",\"@id\":\"https:\/\/lyonbondyblog.fr\/LBB\/#organization\",\"name\":\"LYON BONDY BLOG\",\"url\":\"https:\/\/lyonbondyblog.fr\/LBB\/\",\"logo\":{\"@type\":\"ImageObject\",\"inLanguage\":\"fr-FR\",\"@id\":\"https:\/\/lyonbondyblog.fr\/LBB\/#\/schema\/logo\/image\/\",\"url\":\"http:\/\/lyonbondyblog.fr\/LBB\/wp-content\/uploads\/2014\/10\/logo-portable-144.png\",\"contentUrl\":\"http:\/\/lyonbondyblog.fr\/LBB\/wp-content\/uploads\/2014\/10\/logo-portable-144.png\",\"width\":144,\"height\":123,\"caption\":\"LYON BONDY BLOG\"},\"image\":{\"@id\":\"https:\/\/lyonbondyblog.fr\/LBB\/#\/schema\/logo\/image\/\"},\"sameAs\":[\"https:\/\/www.facebook.com\/lyonbondyblog\",\"https:\/\/x.com\/bondybloglyon\"]},{\"@type\":\"Person\",\"@id\":\"https:\/\/lyonbondyblog.fr\/LBB\/#\/schema\/person\/e45f8d27baac75072daa0be50c409b25\",\"name\":\"La r\u00e9daction\",\"description\":\"Cr\u00e9e en 2008, la r\u00e9daction du Lyon Bondy Blog s'applique \u00e0 proposer une information locale diff\u00e9rente et compl\u00e9mentaire des m\u00e9dias traditionnels.\",\"sameAs\":[\"https:\/\/www.facebook.com\/lyonbondyblog\",\"https:\/\/x.com\/BondyBlogLyon\"],\"url\":\"https:\/\/lyonbondyblog.fr\/LBB\/author\/admin\/\"}]}<\/script>\n<!-- \/ Yoast SEO plugin. -->","yoast_head_json":{"title":"Marseille Bondy Blog: Quelles voies pour quelles voix ? - Lyon Bondy Blog","robots":{"index":"index","follow":"follow","max-snippet":"max-snippet:-1","max-image-preview":"max-image-preview:large","max-video-preview":"max-video-preview:-1"},"canonical":"https:\/\/lyonbondyblog.fr\/LBB\/marseille-bondy-blog-quelles-voies-pour-quelles-voix\/","og_locale":"fr_FR","og_type":"article","og_title":"Marseille Bondy Blog: Quelles voies pour quelles voix ? - Lyon Bondy Blog","og_description":"Le Marseille Bondy Blog c\u2019est des histoires de quartiers, de gens, et des outils mis \u00e0 disposition des blogueurs pour mieux raconter leurs histoires. Peut-\u00eatre &hellip;","og_url":"https:\/\/lyonbondyblog.fr\/LBB\/marseille-bondy-blog-quelles-voies-pour-quelles-voix\/","og_site_name":"Lyon Bondy Blog","article_publisher":"https:\/\/www.facebook.com\/lyonbondyblog","article_author":"https:\/\/www.facebook.com\/lyonbondyblog","article_published_time":"2010-12-03T15:52:35+00:00","article_modified_time":"2013-07-30T14:57:28+00:00","og_image":[{"width":193,"height":145,"url":"https:\/\/lyonbondyblog.fr\/LBB\/wp-content\/uploads\/2013\/07\/mbb_t.jpg","type":"image\/jpeg"}],"author":"La r\u00e9daction","twitter_card":"summary_large_image","twitter_creator":"@BondyBlogLyon","twitter_site":"@bondybloglyon","schema":{"@context":"https:\/\/schema.org","@graph":[{"@type":"Article","@id":"https:\/\/lyonbondyblog.fr\/LBB\/marseille-bondy-blog-quelles-voies-pour-quelles-voix\/#article","isPartOf":{"@id":"https:\/\/lyonbondyblog.fr\/LBB\/marseille-bondy-blog-quelles-voies-pour-quelles-voix\/"},"author":{"name":"La r\u00e9daction","@id":"https:\/\/lyonbondyblog.fr\/LBB\/#\/schema\/person\/e45f8d27baac75072daa0be50c409b25"},"headline":"Marseille Bondy Blog: Quelles voies pour quelles voix ?","datePublished":"2010-12-03T15:52:35+00:00","dateModified":"2013-07-30T14:57:28+00:00","mainEntityOfPage":{"@id":"https:\/\/lyonbondyblog.fr\/LBB\/marseille-bondy-blog-quelles-voies-pour-quelles-voix\/"},"wordCount":849,"commentCount":0,"publisher":{"@id":"https:\/\/lyonbondyblog.fr\/LBB\/#organization"},"image":{"@id":"https:\/\/lyonbondyblog.fr\/LBB\/marseille-bondy-blog-quelles-voies-pour-quelles-voix\/#primaryimage"},"thumbnailUrl":"https:\/\/lyonbondyblog.fr\/LBB\/wp-content\/uploads\/2013\/07\/mbb_t.jpg","keywords":["lyon","Lyon Bondy Blog"],"articleSection":["Ambiance"],"inLanguage":"fr-FR","potentialAction":[{"@type":"CommentAction","name":"Comment","target":["https:\/\/lyonbondyblog.fr\/LBB\/marseille-bondy-blog-quelles-voies-pour-quelles-voix\/#respond"]}]},{"@type":"WebPage","@id":"https:\/\/lyonbondyblog.fr\/LBB\/marseille-bondy-blog-quelles-voies-pour-quelles-voix\/","url":"https:\/\/lyonbondyblog.fr\/LBB\/marseille-bondy-blog-quelles-voies-pour-quelles-voix\/","name":"Marseille Bondy Blog: Quelles voies pour quelles voix ? - Lyon Bondy Blog","isPartOf":{"@id":"https:\/\/lyonbondyblog.fr\/LBB\/#website"},"primaryImageOfPage":{"@id":"https:\/\/lyonbondyblog.fr\/LBB\/marseille-bondy-blog-quelles-voies-pour-quelles-voix\/#primaryimage"},"image":{"@id":"https:\/\/lyonbondyblog.fr\/LBB\/marseille-bondy-blog-quelles-voies-pour-quelles-voix\/#primaryimage"},"thumbnailUrl":"https:\/\/lyonbondyblog.fr\/LBB\/wp-content\/uploads\/2013\/07\/mbb_t.jpg","datePublished":"2010-12-03T15:52:35+00:00","dateModified":"2013-07-30T14:57:28+00:00","inLanguage":"fr-FR","potentialAction":[{"@type":"ReadAction","target":["https:\/\/lyonbondyblog.fr\/LBB\/marseille-bondy-blog-quelles-voies-pour-quelles-voix\/"]}]},{"@type":"ImageObject","inLanguage":"fr-FR","@id":"https:\/\/lyonbondyblog.fr\/LBB\/marseille-bondy-blog-quelles-voies-pour-quelles-voix\/#primaryimage","url":"https:\/\/lyonbondyblog.fr\/LBB\/wp-content\/uploads\/2013\/07\/mbb_t.jpg","contentUrl":"https:\/\/lyonbondyblog.fr\/LBB\/wp-content\/uploads\/2013\/07\/mbb_t.jpg","width":193,"height":145},{"@type":"WebSite","@id":"https:\/\/lyonbondyblog.fr\/LBB\/#website","url":"https:\/\/lyonbondyblog.fr\/LBB\/","name":"Lyon Bondy Blog","description":"","publisher":{"@id":"https:\/\/lyonbondyblog.fr\/LBB\/#organization"},"potentialAction":[{"@type":"SearchAction","target":{"@type":"EntryPoint","urlTemplate":"https:\/\/lyonbondyblog.fr\/LBB\/?s={search_term_string}"},"query-input":"required name=search_term_string"}],"inLanguage":"fr-FR"},{"@type":"Organization","@id":"https:\/\/lyonbondyblog.fr\/LBB\/#organization","name":"LYON BONDY BLOG","url":"https:\/\/lyonbondyblog.fr\/LBB\/","logo":{"@type":"ImageObject","inLanguage":"fr-FR","@id":"https:\/\/lyonbondyblog.fr\/LBB\/#\/schema\/logo\/image\/","url":"http:\/\/lyonbondyblog.fr\/LBB\/wp-content\/uploads\/2014\/10\/logo-portable-144.png","contentUrl":"http:\/\/lyonbondyblog.fr\/LBB\/wp-content\/uploads\/2014\/10\/logo-portable-144.png","width":144,"height":123,"caption":"LYON BONDY BLOG"},"image":{"@id":"https:\/\/lyonbondyblog.fr\/LBB\/#\/schema\/logo\/image\/"},"sameAs":["https:\/\/www.facebook.com\/lyonbondyblog","https:\/\/x.com\/bondybloglyon"]},{"@type":"Person","@id":"https:\/\/lyonbondyblog.fr\/LBB\/#\/schema\/person\/e45f8d27baac75072daa0be50c409b25","name":"La r\u00e9daction","description":"Cr\u00e9e en 2008, la r\u00e9daction du Lyon Bondy Blog s'applique \u00e0 proposer une information locale diff\u00e9rente et compl\u00e9mentaire des m\u00e9dias traditionnels.","sameAs":["https:\/\/www.facebook.com\/lyonbondyblog","https:\/\/x.com\/BondyBlogLyon"],"url":"https:\/\/lyonbondyblog.fr\/LBB\/author\/admin\/"}]}},"_links":{"self":[{"href":"https:\/\/lyonbondyblog.fr\/LBB\/wp-json\/wp\/v2\/posts\/2312","targetHints":{"allow":["GET"]}}],"collection":[{"href":"https:\/\/lyonbondyblog.fr\/LBB\/wp-json\/wp\/v2\/posts"}],"about":[{"href":"https:\/\/lyonbondyblog.fr\/LBB\/wp-json\/wp\/v2\/types\/post"}],"author":[{"embeddable":true,"href":"https:\/\/lyonbondyblog.fr\/LBB\/wp-json\/wp\/v2\/users\/1"}],"replies":[{"embeddable":true,"href":"https:\/\/lyonbondyblog.fr\/LBB\/wp-json\/wp\/v2\/comments?post=2312"}],"version-history":[{"count":0,"href":"https:\/\/lyonbondyblog.fr\/LBB\/wp-json\/wp\/v2\/posts\/2312\/revisions"}],"wp:featuredmedia":[{"embeddable":true,"href":"https:\/\/lyonbondyblog.fr\/LBB\/wp-json\/wp\/v2\/media\/2320"}],"wp:attachment":[{"href":"https:\/\/lyonbondyblog.fr\/LBB\/wp-json\/wp\/v2\/media?parent=2312"}],"wp:term":[{"taxonomy":"category","embeddable":true,"href":"https:\/\/lyonbondyblog.fr\/LBB\/wp-json\/wp\/v2\/categories?post=2312"},{"taxonomy":"post_tag","embeddable":true,"href":"https:\/\/lyonbondyblog.fr\/LBB\/wp-json\/wp\/v2\/tags?post=2312"}],"curies":[{"name":"wp","href":"https:\/\/api.w.org\/{rel}","templated":true}]}}