{"id":2305,"date":"2010-12-04T16:49:21","date_gmt":"2010-12-04T15:49:21","guid":{"rendered":"http:\/\/lyonbondyblog.fr\/LBB\/?p=2305"},"modified":"2013-07-30T16:52:13","modified_gmt":"2013-07-30T14:52:13","slug":"villeurbanne-deux-enfants-de-4-et-5-ans-menaces-dexpulsion","status":"publish","type":"post","link":"https:\/\/lyonbondyblog.fr\/LBB\/villeurbanne-deux-enfants-de-4-et-5-ans-menaces-dexpulsion\/","title":{"rendered":"Villeurbanne : Deux enfants de 4 et 5 ans menac\u00e9s d&rsquo;expulsion."},"content":{"rendered":"<p><strong>Deux enfants d&rsquo;origine turque sont aujourd&rsquo;hui sous la menace d&rsquo;une expulsion.<\/strong><\/p>\n<div><a title=\" -- Cliquez pour voir l'image en entier\" href=\"http:\/\/yahoo.lyon.bondyblog.fr\/images\/ecole.jpg\" target=\"_blank\"> <img loading=\"lazy\" decoding=\"async\" class=\"alignleft\" style=\"border: 0px none;\" alt=\" -- Cliquez pour voir l'image en entier\" src=\"http:\/\/yahoo.lyon.bondyblog.fr\/images\/ecole_t.jpg\" width=\"194\" height=\"258\" border=\"0\" \/> <\/a><\/div>\n<div>Sila et Ahmet, deux enfants de 4 et 5ans, ont \u00e9t\u00e9 arr\u00eat\u00e9s le lundi 8 novembre 2010, directement \u00e0 leur domicile aux environs de 8h10, juste avant d&rsquo;aller \u00e0 l&rsquo;\u00e9cole. L&rsquo;\u00e9cole Anatole France o\u00f9 ils sont scolaris\u00e9s \u00e0 \u00e9t\u00e9 imm\u00e9diatement pr\u00e9venue par des voisins proches de la famille. Conduits en centre de r\u00e9tention, ils ont \u00e9t\u00e9 par la suite assign\u00e9s \u00e0 r\u00e9sidence, et sont d\u00e9clar\u00e9s comme \u00ab\u00a0expulsables \u00e0 tout moment\u00a0\u00bb.<\/div>\n<p>Depuis\u00a0? Un soutien sans faille s&rsquo;est organis\u00e9 dans cette \u00e9cole au c\u0153ur m\u00eame de Villeurbanne. Une grande banderole a \u00e9t\u00e9 \u00e9rig\u00e9e sur la fa\u00e7ade du groupe scolaire avec la participation des \u00e9l\u00e8ves de maternelle. Des go\u00fbters de soutien sont organis\u00e9s.<\/p>\n<p>Sarah Sultan, 12\u00e8me adjointe au maire de Villeurbanne, de la d\u00e9l\u00e9gation \u00ab\u00a0Petite enfance et famille\u00a0\u00bb a effectu\u00e9 \u00e9galement le d\u00e9placement \u00e0 un de ces go\u00fbters pour y apporter sa solidarit\u00e9. L&rsquo;\u00e9ducation Nationale a\u00a0 \u00e9t\u00e9 avertie, sans r\u00e9ponse pour l&rsquo;instant.<\/p>\n<p>La directrice de l&rsquo;\u00e9cole maternelle, qui semble totalement impuissante face \u00e0 cette situation, se d\u00e9m\u00e8ne tant bien que mal, et essaie de faire avancer les choses positivement en contactant les diff\u00e9rentes administrations et en restant en contact avec l&rsquo;avocat de la famille\u00a0: <i>\u00ab\u00a0On souhaiterait vraiment qu&rsquo;ils reviennent, et le plus vite possible\u00a0\u00bb.<\/i><\/p>\n<p>&nbsp;<\/p>\n<p>Les go\u00fbters quant \u00e0 eux se poursuivront avec la participation des parents d&rsquo;\u00e9l\u00e8ves, signe d&rsquo;une r\u00e9elle mobilisation.<\/p>\n<p>Cela va donc faire un mois que Sila et Ahmet ne sont plus scolaris\u00e9s et sont donc assign\u00e9s \u00e0 r\u00e9sidence. Une \u00e9preuve que leurs jeunes camarades ne comprennent pas trop. En effet, pour eux <i>\u00ab\u00a0il est \u00e9vident que l&rsquo;on a des papiers\u00a0\u00bb<\/i> me glissera la directrice.<\/p>\n<p>Le Lyon Bondy Blog, vous donnera des nouvelles de ces deux enfants ainsi que de l&rsquo;issue de cette affaire d\u00e8s que possible. Restez connect\u00e9s\u00a0!<\/p>\n<p><span style=\"text-decoration: underline;\">Auteur : Hamza Jabrane<\/span><\/p>\n<!-- AddThis Advanced Settings generic via filter on the_content --><!-- AddThis Share Buttons generic via filter on the_content -->","protected":false},"excerpt":{"rendered":"<p>Deux enfants d&rsquo;origine turque sont aujourd&rsquo;hui sous la menace d&rsquo;une expulsion. Sila et Ahmet, deux enfants de 4 et 5ans, ont \u00e9t\u00e9 arr\u00eat\u00e9s le lundi &hellip; <!-- AddThis Advanced Settings generic via filter on wp_trim_excerpt --><!-- AddThis Share Buttons generic via filter on wp_trim_excerpt --><\/p>\n","protected":false},"author":1,"featured_media":2308,"comment_status":"open","ping_status":"open","sticky":false,"template":"","format":"standard","meta":{"_FSMCFIC_featured_image_caption":"","_FSMCFIC_featured_image_nocaption":"","_FSMCFIC_featured_image_hide":"","footnotes":""},"categories":[4],"tags":[10,112],"class_list":["post-2305","post","type-post","status-publish","format-standard","has-post-thumbnail","hentry","category-lyon","tag-lyon-2","tag-lyon-bondy-blog"],"yoast_head":"<!-- This site is optimized with the Yoast SEO plugin v22.8 - https:\/\/yoast.com\/wordpress\/plugins\/seo\/ -->\n<title>Villeurbanne : Deux enfants de 4 et 5 ans menac\u00e9s d&#039;expulsion. - Lyon Bondy Blog<\/title>\n<meta name=\"robots\" content=\"index, follow, max-snippet:-1, max-image-preview:large, max-video-preview:-1\" \/>\n<link rel=\"canonical\" href=\"https:\/\/lyonbondyblog.fr\/LBB\/villeurbanne-deux-enfants-de-4-et-5-ans-menaces-dexpulsion\/\" \/>\n<meta property=\"og:locale\" content=\"fr_FR\" \/>\n<meta property=\"og:type\" content=\"article\" \/>\n<meta property=\"og:title\" content=\"Villeurbanne : Deux enfants de 4 et 5 ans menac\u00e9s d&#039;expulsion. - Lyon Bondy Blog\" \/>\n<meta property=\"og:description\" content=\"Deux enfants d&rsquo;origine turque sont aujourd&rsquo;hui sous la menace d&rsquo;une expulsion. Sila et Ahmet, deux enfants de 4 et 5ans, ont \u00e9t\u00e9 arr\u00eat\u00e9s le lundi &hellip;\" \/>\n<meta property=\"og:url\" content=\"https:\/\/lyonbondyblog.fr\/LBB\/villeurbanne-deux-enfants-de-4-et-5-ans-menaces-dexpulsion\/\" \/>\n<meta property=\"og:site_name\" content=\"Lyon Bondy Blog\" \/>\n<meta property=\"article:publisher\" content=\"https:\/\/www.facebook.com\/lyonbondyblog\" \/>\n<meta property=\"article:author\" content=\"https:\/\/www.facebook.com\/lyonbondyblog\" \/>\n<meta property=\"article:published_time\" content=\"2010-12-04T15:49:21+00:00\" \/>\n<meta property=\"article:modified_time\" content=\"2013-07-30T14:52:13+00:00\" \/>\n<meta property=\"og:image\" content=\"https:\/\/lyonbondyblog.fr\/LBB\/wp-content\/uploads\/2013\/07\/ecole_t.jpg\" \/>\n\t<meta property=\"og:image:width\" content=\"194\" \/>\n\t<meta property=\"og:image:height\" content=\"258\" \/>\n\t<meta property=\"og:image:type\" content=\"image\/jpeg\" \/>\n<meta name=\"author\" content=\"La r\u00e9daction\" \/>\n<meta name=\"twitter:card\" content=\"summary_large_image\" \/>\n<meta name=\"twitter:creator\" content=\"@BondyBlogLyon\" \/>\n<meta name=\"twitter:site\" content=\"@bondybloglyon\" \/>\n<script type=\"application\/ld+json\" class=\"yoast-schema-graph\">{\"@context\":\"https:\/\/schema.org\",\"@graph\":[{\"@type\":\"Article\",\"@id\":\"https:\/\/lyonbondyblog.fr\/LBB\/villeurbanne-deux-enfants-de-4-et-5-ans-menaces-dexpulsion\/#article\",\"isPartOf\":{\"@id\":\"https:\/\/lyonbondyblog.fr\/LBB\/villeurbanne-deux-enfants-de-4-et-5-ans-menaces-dexpulsion\/\"},\"author\":{\"name\":\"La r\u00e9daction\",\"@id\":\"https:\/\/lyonbondyblog.fr\/LBB\/#\/schema\/person\/e45f8d27baac75072daa0be50c409b25\"},\"headline\":\"Villeurbanne : Deux enfants de 4 et 5 ans menac\u00e9s d&rsquo;expulsion.\",\"datePublished\":\"2010-12-04T15:49:21+00:00\",\"dateModified\":\"2013-07-30T14:52:13+00:00\",\"mainEntityOfPage\":{\"@id\":\"https:\/\/lyonbondyblog.fr\/LBB\/villeurbanne-deux-enfants-de-4-et-5-ans-menaces-dexpulsion\/\"},\"wordCount\":338,\"commentCount\":0,\"publisher\":{\"@id\":\"https:\/\/lyonbondyblog.fr\/LBB\/#organization\"},\"image\":{\"@id\":\"https:\/\/lyonbondyblog.fr\/LBB\/villeurbanne-deux-enfants-de-4-et-5-ans-menaces-dexpulsion\/#primaryimage\"},\"thumbnailUrl\":\"https:\/\/lyonbondyblog.fr\/LBB\/wp-content\/uploads\/2013\/07\/ecole_t.jpg\",\"keywords\":[\"lyon\",\"Lyon Bondy Blog\"],\"articleSection\":[\"Lyon\"],\"inLanguage\":\"fr-FR\",\"potentialAction\":[{\"@type\":\"CommentAction\",\"name\":\"Comment\",\"target\":[\"https:\/\/lyonbondyblog.fr\/LBB\/villeurbanne-deux-enfants-de-4-et-5-ans-menaces-dexpulsion\/#respond\"]}]},{\"@type\":\"WebPage\",\"@id\":\"https:\/\/lyonbondyblog.fr\/LBB\/villeurbanne-deux-enfants-de-4-et-5-ans-menaces-dexpulsion\/\",\"url\":\"https:\/\/lyonbondyblog.fr\/LBB\/villeurbanne-deux-enfants-de-4-et-5-ans-menaces-dexpulsion\/\",\"name\":\"Villeurbanne : Deux enfants de 4 et 5 ans menac\u00e9s d'expulsion. - Lyon Bondy Blog\",\"isPartOf\":{\"@id\":\"https:\/\/lyonbondyblog.fr\/LBB\/#website\"},\"primaryImageOfPage\":{\"@id\":\"https:\/\/lyonbondyblog.fr\/LBB\/villeurbanne-deux-enfants-de-4-et-5-ans-menaces-dexpulsion\/#primaryimage\"},\"image\":{\"@id\":\"https:\/\/lyonbondyblog.fr\/LBB\/villeurbanne-deux-enfants-de-4-et-5-ans-menaces-dexpulsion\/#primaryimage\"},\"thumbnailUrl\":\"https:\/\/lyonbondyblog.fr\/LBB\/wp-content\/uploads\/2013\/07\/ecole_t.jpg\",\"datePublished\":\"2010-12-04T15:49:21+00:00\",\"dateModified\":\"2013-07-30T14:52:13+00:00\",\"inLanguage\":\"fr-FR\",\"potentialAction\":[{\"@type\":\"ReadAction\",\"target\":[\"https:\/\/lyonbondyblog.fr\/LBB\/villeurbanne-deux-enfants-de-4-et-5-ans-menaces-dexpulsion\/\"]}]},{\"@type\":\"ImageObject\",\"inLanguage\":\"fr-FR\",\"@id\":\"https:\/\/lyonbondyblog.fr\/LBB\/villeurbanne-deux-enfants-de-4-et-5-ans-menaces-dexpulsion\/#primaryimage\",\"url\":\"https:\/\/lyonbondyblog.fr\/LBB\/wp-content\/uploads\/2013\/07\/ecole_t.jpg\",\"contentUrl\":\"https:\/\/lyonbondyblog.fr\/LBB\/wp-content\/uploads\/2013\/07\/ecole_t.jpg\",\"width\":194,\"height\":258},{\"@type\":\"WebSite\",\"@id\":\"https:\/\/lyonbondyblog.fr\/LBB\/#website\",\"url\":\"https:\/\/lyonbondyblog.fr\/LBB\/\",\"name\":\"Lyon Bondy Blog\",\"description\":\"\",\"publisher\":{\"@id\":\"https:\/\/lyonbondyblog.fr\/LBB\/#organization\"},\"potentialAction\":[{\"@type\":\"SearchAction\",\"target\":{\"@type\":\"EntryPoint\",\"urlTemplate\":\"https:\/\/lyonbondyblog.fr\/LBB\/?s={search_term_string}\"},\"query-input\":\"required name=search_term_string\"}],\"inLanguage\":\"fr-FR\"},{\"@type\":\"Organization\",\"@id\":\"https:\/\/lyonbondyblog.fr\/LBB\/#organization\",\"name\":\"LYON BONDY BLOG\",\"url\":\"https:\/\/lyonbondyblog.fr\/LBB\/\",\"logo\":{\"@type\":\"ImageObject\",\"inLanguage\":\"fr-FR\",\"@id\":\"https:\/\/lyonbondyblog.fr\/LBB\/#\/schema\/logo\/image\/\",\"url\":\"http:\/\/lyonbondyblog.fr\/LBB\/wp-content\/uploads\/2014\/10\/logo-portable-144.png\",\"contentUrl\":\"http:\/\/lyonbondyblog.fr\/LBB\/wp-content\/uploads\/2014\/10\/logo-portable-144.png\",\"width\":144,\"height\":123,\"caption\":\"LYON BONDY BLOG\"},\"image\":{\"@id\":\"https:\/\/lyonbondyblog.fr\/LBB\/#\/schema\/logo\/image\/\"},\"sameAs\":[\"https:\/\/www.facebook.com\/lyonbondyblog\",\"https:\/\/x.com\/bondybloglyon\"]},{\"@type\":\"Person\",\"@id\":\"https:\/\/lyonbondyblog.fr\/LBB\/#\/schema\/person\/e45f8d27baac75072daa0be50c409b25\",\"name\":\"La r\u00e9daction\",\"description\":\"Cr\u00e9e en 2008, la r\u00e9daction du Lyon Bondy Blog s'applique \u00e0 proposer une information locale diff\u00e9rente et compl\u00e9mentaire des m\u00e9dias traditionnels.\",\"sameAs\":[\"https:\/\/www.facebook.com\/lyonbondyblog\",\"https:\/\/x.com\/BondyBlogLyon\"],\"url\":\"https:\/\/lyonbondyblog.fr\/LBB\/author\/admin\/\"}]}<\/script>\n<!-- \/ Yoast SEO plugin. -->","yoast_head_json":{"title":"Villeurbanne : Deux enfants de 4 et 5 ans menac\u00e9s d'expulsion. - Lyon Bondy Blog","robots":{"index":"index","follow":"follow","max-snippet":"max-snippet:-1","max-image-preview":"max-image-preview:large","max-video-preview":"max-video-preview:-1"},"canonical":"https:\/\/lyonbondyblog.fr\/LBB\/villeurbanne-deux-enfants-de-4-et-5-ans-menaces-dexpulsion\/","og_locale":"fr_FR","og_type":"article","og_title":"Villeurbanne : Deux enfants de 4 et 5 ans menac\u00e9s d'expulsion. - Lyon Bondy Blog","og_description":"Deux enfants d&rsquo;origine turque sont aujourd&rsquo;hui sous la menace d&rsquo;une expulsion. Sila et Ahmet, deux enfants de 4 et 5ans, ont \u00e9t\u00e9 arr\u00eat\u00e9s le lundi &hellip;","og_url":"https:\/\/lyonbondyblog.fr\/LBB\/villeurbanne-deux-enfants-de-4-et-5-ans-menaces-dexpulsion\/","og_site_name":"Lyon Bondy Blog","article_publisher":"https:\/\/www.facebook.com\/lyonbondyblog","article_author":"https:\/\/www.facebook.com\/lyonbondyblog","article_published_time":"2010-12-04T15:49:21+00:00","article_modified_time":"2013-07-30T14:52:13+00:00","og_image":[{"width":194,"height":258,"url":"https:\/\/lyonbondyblog.fr\/LBB\/wp-content\/uploads\/2013\/07\/ecole_t.jpg","type":"image\/jpeg"}],"author":"La r\u00e9daction","twitter_card":"summary_large_image","twitter_creator":"@BondyBlogLyon","twitter_site":"@bondybloglyon","schema":{"@context":"https:\/\/schema.org","@graph":[{"@type":"Article","@id":"https:\/\/lyonbondyblog.fr\/LBB\/villeurbanne-deux-enfants-de-4-et-5-ans-menaces-dexpulsion\/#article","isPartOf":{"@id":"https:\/\/lyonbondyblog.fr\/LBB\/villeurbanne-deux-enfants-de-4-et-5-ans-menaces-dexpulsion\/"},"author":{"name":"La r\u00e9daction","@id":"https:\/\/lyonbondyblog.fr\/LBB\/#\/schema\/person\/e45f8d27baac75072daa0be50c409b25"},"headline":"Villeurbanne : Deux enfants de 4 et 5 ans menac\u00e9s d&rsquo;expulsion.","datePublished":"2010-12-04T15:49:21+00:00","dateModified":"2013-07-30T14:52:13+00:00","mainEntityOfPage":{"@id":"https:\/\/lyonbondyblog.fr\/LBB\/villeurbanne-deux-enfants-de-4-et-5-ans-menaces-dexpulsion\/"},"wordCount":338,"commentCount":0,"publisher":{"@id":"https:\/\/lyonbondyblog.fr\/LBB\/#organization"},"image":{"@id":"https:\/\/lyonbondyblog.fr\/LBB\/villeurbanne-deux-enfants-de-4-et-5-ans-menaces-dexpulsion\/#primaryimage"},"thumbnailUrl":"https:\/\/lyonbondyblog.fr\/LBB\/wp-content\/uploads\/2013\/07\/ecole_t.jpg","keywords":["lyon","Lyon Bondy Blog"],"articleSection":["Lyon"],"inLanguage":"fr-FR","potentialAction":[{"@type":"CommentAction","name":"Comment","target":["https:\/\/lyonbondyblog.fr\/LBB\/villeurbanne-deux-enfants-de-4-et-5-ans-menaces-dexpulsion\/#respond"]}]},{"@type":"WebPage","@id":"https:\/\/lyonbondyblog.fr\/LBB\/villeurbanne-deux-enfants-de-4-et-5-ans-menaces-dexpulsion\/","url":"https:\/\/lyonbondyblog.fr\/LBB\/villeurbanne-deux-enfants-de-4-et-5-ans-menaces-dexpulsion\/","name":"Villeurbanne : Deux enfants de 4 et 5 ans menac\u00e9s d'expulsion. - Lyon Bondy Blog","isPartOf":{"@id":"https:\/\/lyonbondyblog.fr\/LBB\/#website"},"primaryImageOfPage":{"@id":"https:\/\/lyonbondyblog.fr\/LBB\/villeurbanne-deux-enfants-de-4-et-5-ans-menaces-dexpulsion\/#primaryimage"},"image":{"@id":"https:\/\/lyonbondyblog.fr\/LBB\/villeurbanne-deux-enfants-de-4-et-5-ans-menaces-dexpulsion\/#primaryimage"},"thumbnailUrl":"https:\/\/lyonbondyblog.fr\/LBB\/wp-content\/uploads\/2013\/07\/ecole_t.jpg","datePublished":"2010-12-04T15:49:21+00:00","dateModified":"2013-07-30T14:52:13+00:00","inLanguage":"fr-FR","potentialAction":[{"@type":"ReadAction","target":["https:\/\/lyonbondyblog.fr\/LBB\/villeurbanne-deux-enfants-de-4-et-5-ans-menaces-dexpulsion\/"]}]},{"@type":"ImageObject","inLanguage":"fr-FR","@id":"https:\/\/lyonbondyblog.fr\/LBB\/villeurbanne-deux-enfants-de-4-et-5-ans-menaces-dexpulsion\/#primaryimage","url":"https:\/\/lyonbondyblog.fr\/LBB\/wp-content\/uploads\/2013\/07\/ecole_t.jpg","contentUrl":"https:\/\/lyonbondyblog.fr\/LBB\/wp-content\/uploads\/2013\/07\/ecole_t.jpg","width":194,"height":258},{"@type":"WebSite","@id":"https:\/\/lyonbondyblog.fr\/LBB\/#website","url":"https:\/\/lyonbondyblog.fr\/LBB\/","name":"Lyon Bondy Blog","description":"","publisher":{"@id":"https:\/\/lyonbondyblog.fr\/LBB\/#organization"},"potentialAction":[{"@type":"SearchAction","target":{"@type":"EntryPoint","urlTemplate":"https:\/\/lyonbondyblog.fr\/LBB\/?s={search_term_string}"},"query-input":"required name=search_term_string"}],"inLanguage":"fr-FR"},{"@type":"Organization","@id":"https:\/\/lyonbondyblog.fr\/LBB\/#organization","name":"LYON BONDY BLOG","url":"https:\/\/lyonbondyblog.fr\/LBB\/","logo":{"@type":"ImageObject","inLanguage":"fr-FR","@id":"https:\/\/lyonbondyblog.fr\/LBB\/#\/schema\/logo\/image\/","url":"http:\/\/lyonbondyblog.fr\/LBB\/wp-content\/uploads\/2014\/10\/logo-portable-144.png","contentUrl":"http:\/\/lyonbondyblog.fr\/LBB\/wp-content\/uploads\/2014\/10\/logo-portable-144.png","width":144,"height":123,"caption":"LYON BONDY BLOG"},"image":{"@id":"https:\/\/lyonbondyblog.fr\/LBB\/#\/schema\/logo\/image\/"},"sameAs":["https:\/\/www.facebook.com\/lyonbondyblog","https:\/\/x.com\/bondybloglyon"]},{"@type":"Person","@id":"https:\/\/lyonbondyblog.fr\/LBB\/#\/schema\/person\/e45f8d27baac75072daa0be50c409b25","name":"La r\u00e9daction","description":"Cr\u00e9e en 2008, la r\u00e9daction du Lyon Bondy Blog s'applique \u00e0 proposer une information locale diff\u00e9rente et compl\u00e9mentaire des m\u00e9dias traditionnels.","sameAs":["https:\/\/www.facebook.com\/lyonbondyblog","https:\/\/x.com\/BondyBlogLyon"],"url":"https:\/\/lyonbondyblog.fr\/LBB\/author\/admin\/"}]}},"_links":{"self":[{"href":"https:\/\/lyonbondyblog.fr\/LBB\/wp-json\/wp\/v2\/posts\/2305","targetHints":{"allow":["GET"]}}],"collection":[{"href":"https:\/\/lyonbondyblog.fr\/LBB\/wp-json\/wp\/v2\/posts"}],"about":[{"href":"https:\/\/lyonbondyblog.fr\/LBB\/wp-json\/wp\/v2\/types\/post"}],"author":[{"embeddable":true,"href":"https:\/\/lyonbondyblog.fr\/LBB\/wp-json\/wp\/v2\/users\/1"}],"replies":[{"embeddable":true,"href":"https:\/\/lyonbondyblog.fr\/LBB\/wp-json\/wp\/v2\/comments?post=2305"}],"version-history":[{"count":0,"href":"https:\/\/lyonbondyblog.fr\/LBB\/wp-json\/wp\/v2\/posts\/2305\/revisions"}],"wp:featuredmedia":[{"embeddable":true,"href":"https:\/\/lyonbondyblog.fr\/LBB\/wp-json\/wp\/v2\/media\/2308"}],"wp:attachment":[{"href":"https:\/\/lyonbondyblog.fr\/LBB\/wp-json\/wp\/v2\/media?parent=2305"}],"wp:term":[{"taxonomy":"category","embeddable":true,"href":"https:\/\/lyonbondyblog.fr\/LBB\/wp-json\/wp\/v2\/categories?post=2305"},{"taxonomy":"post_tag","embeddable":true,"href":"https:\/\/lyonbondyblog.fr\/LBB\/wp-json\/wp\/v2\/tags?post=2305"}],"curies":[{"name":"wp","href":"https:\/\/api.w.org\/{rel}","templated":true}]}}