{"id":23046,"date":"2021-05-27T17:03:06","date_gmt":"2021-05-27T15:03:06","guid":{"rendered":"http:\/\/lyonbondyblog.fr\/LBB\/?p=23046"},"modified":"2021-11-02T11:17:05","modified_gmt":"2021-11-02T10:17:05","slug":"robins-des-villes-au-plus-pres-des-besoins-des-habitants","status":"publish","type":"post","link":"https:\/\/lyonbondyblog.fr\/LBB\/robins-des-villes-au-plus-pres-des-besoins-des-habitants\/","title":{"rendered":"Robins des Villes : au plus pr\u00e8s des besoins des habitants"},"content":{"rendered":"\n<figure class=\"wp-block-image size-large\"><img loading=\"lazy\" decoding=\"async\" width=\"1600\" height=\"1200\" src=\"https:\/\/lyonbondyblog.fr\/LBB\/wp-content\/uploads\/2021\/05\/IMG-20210426-WA0018.jpg\" alt=\"\" class=\"wp-image-23261\" srcset=\"https:\/\/lyonbondyblog.fr\/LBB\/wp-content\/uploads\/2021\/05\/IMG-20210426-WA0018.jpg 1600w, https:\/\/lyonbondyblog.fr\/LBB\/wp-content\/uploads\/2021\/05\/IMG-20210426-WA0018-1200x900.jpg 1200w, https:\/\/lyonbondyblog.fr\/LBB\/wp-content\/uploads\/2021\/05\/IMG-20210426-WA0018-768x576.jpg 768w, https:\/\/lyonbondyblog.fr\/LBB\/wp-content\/uploads\/2021\/05\/IMG-20210426-WA0018-1536x1152.jpg 1536w\" sizes=\"auto, (max-width: 1600px) 100vw, 1600px\" \/><figcaption>La Mixi&rsquo;bo\u00eete est un projet r\u00e9alis\u00e9 \u00e0 l&rsquo;\u00e9cole Anton-Makarenko \u00e0 Vaulx-en-Velin, pour proposer des jeux inclusifs et mixtes. Cr\u00e9dit : Robins des Villes<\/figcaption><\/figure>\n\n\n\n<h4 class=\"wp-block-heading\">\u00ab&nbsp;Robins des Villes&nbsp;\u00bb est une association lyonnaise qui se consacre \u00e0 l\u2019\u00e9ducation populaire et milite pour une ville accessible \u00e0 tous, imagin\u00e9e par et pour ses habitants. Entre sensibilisation, \u00e9ducation ou concertation, l&rsquo;association promet des projets pour adultes et enfants.<\/h4>\n\n\n\n<p>Cr\u00e9\u00e9e en 1997 par des \u00e9tudiants en architecture de Lyon, <a href=\"http:\/\/www.robinsdesvilles.org\/robins-de-lyon.html\" target=\"_blank\" rel=\"noreferrer noopener\">Robins des Villes<\/a> compte aujourd\u2019hui quatre salari\u00e9es&nbsp;: une gestionnaire coordinatrice et trois charg\u00e9es de mission, toutes issues des m\u00e9tiers de l\u2019urbain. L\u2019association propose des actions de sensibilisation, d\u2019\u00e9ducation et de concertation. Elle est sollicit\u00e9e par des \u00e9coles, des associations et des particuliers. Implant\u00e9e dans le quartier de la Guilloti\u00e8re, dans le 7\u00e8me arrondissement, elle intervient sur la m\u00e9tropole de Lyon et quelques fois de mani\u00e8re plus large, sur la r\u00e9gion Auvergne-Rh\u00f4ne-Alpes.<\/p>\n\n\n\n<h4 class=\"wp-block-heading\">Sensibiliser sur les enjeux de la ville<\/h4>\n\n\n\n<p>L\u2019association s\u2019adresse aussi bien \u00e0 un public adulte, qu\u2019aux enfants. Elle sensibilise sur les enjeux de la ville. Lucille Paulet, charg\u00e9e de mission et architecte g\u00e9ographe explique&nbsp;: \u00ab&nbsp;On a un r\u00e9seau de b\u00e9n\u00e9voles qu\u2019on a f\u00e9d\u00e9r\u00e9 autour de ce qu\u2019on a appel\u00e9 l\u2019universit\u00e9 populaire \u00e0 la ville. L\u00e0, on m\u00e8ne des actions avec les b\u00e9n\u00e9voles qui travaillent sur un projet sp\u00e9cifique en lien avec la ville. Les projets peuvent durer trois \u00e0 quatre mois, \u00e0 raison d\u2019une rencontre tous les 15 jours.&nbsp;\u00bb Mais g\u00e9n\u00e9ralement, les actions de sensibilisation se font seulement en une fois, sur une demi-journ\u00e9e ou en \u00ab&nbsp;webinar&nbsp;\u00bb. Robins des Villes participe aussi aux journ\u00e9es nationales de l\u2019architecture (JNA) o\u00f9 sont r\u00e9unis tous les m\u00e9tiers de l\u2019urbain.<\/p>\n\n\n\n<h4 class=\"wp-block-heading\">Une intervention dans les milieux scolaires<\/h4>\n\n\n\n<p>Les interventions se font dans les \u00e9tablissements scolaires, c\u2019est-\u00e0-dire les \u00e9coles \u00e9l\u00e9mentaires et les coll\u00e8ges mais \u00e9galement les universit\u00e9s. \u00ab&nbsp;On traite de projet avec des th\u00e9matiques transversales sur la nature en ville, les questions de mixit\u00e9, les enjeux du d\u00e9veloppement durable.&nbsp;\u00bb Les actions s\u2019\u00e9talent sur cinq \u00e0 huit s\u00e9ances (d\u2019une demi-journ\u00e9e), avec une quinzaine de jours entre, donc en tout sur deux trois mois. L&rsquo;objectif est que ce jeune public prenne pleinement conscience de ses capacit\u00e9s de compr\u00e9hension, d&rsquo;imagination et de participation dans la fabrique de son environnement urbain. <\/p>\n\n\n\n<h4 class=\"wp-block-heading\">Des projets en concertation avec les adultes et les enfants<\/h4>\n\n\n\n<p>Les personnes membres de l\u2019association travaillent en concertation \u00e0 la fois avec des adultes et avec des enfants. Ils se penchent sur des projets de renouvellement urbain pour la ville. Pour les \u00e9coles, la ville de Lyon se charge de cibler les \u00e9tablissements dont les cours doivent \u00eatre r\u00e9nov\u00e9es dans la politique de v\u00e9g\u00e9talisation&nbsp;: \u00ab&nbsp;On intervient bien en amont pour d\u00e9finir avec les enfants et l\u2019\u00e9quipe \u00e9ducative, les usages et les besoins. On souhaite que le projet soit au plus pr\u00e8s des r\u00e9alit\u00e9s v\u00e9cues, du quotidien des usagers de la cour.&nbsp;\u00bb<\/p>\n\n\n\n<p>   <\/p>\n\n\n\n<p class=\"has-background\" style=\"background-color:#e1d5b8\">Projet de la Mixi&rsquo;bo\u00eete<br>\u00ab&nbsp;C\u2019est un projet qui est n\u00e9 parce que les questions de genre, de neutralit\u00e9 ou de mixit\u00e9 des espaces sont des valeurs qui sont tr\u00e8s importantes pour nous, Robins. Plus on en entendait parler, plus on s\u2019est dit qu\u2019il y avait quelques chose \u00e0 faire, notamment sur les cours d\u2019\u00e9cole, confie Lucille Paulet, en charge de ce projet. Dans les cours d\u2019\u00e9coles, il y a des r\u00e9alit\u00e9s qu\u2019on peut retrouver dans les espaces publics. \u00bb L\u2019association est donc all\u00e9e chercher des \u00e9coles qui pouvaient \u00eatre int\u00e9ress\u00e9es, dans leur r\u00e9seau d\u00e9j\u00e0 d\u00e9velopp\u00e9. Les charg\u00e9es de mission interviennent beaucoup \u00e0 Vaulx-en-Velin, et ont donc choisi de solliciter l\u2019\u00e9cole Anton-Makarenko. Un enseignant a tout de suite adh\u00e9r\u00e9 au projet et il s\u2019est lanc\u00e9 au mois de janvier.<br>Le but \u00e9tait de cr\u00e9er des outils et des jeux inclusifs pour la cour de r\u00e9cr\u00e9ation. En premier lieu, il a fallu amener les enfants \u00e0 faire les constats et les observations sur les usages et les pratiques dans leur cour&nbsp;: \u00ab&nbsp;Dans la majorit\u00e9 des cas, il y a des r\u00e8gles officielles ou informelles qui vont r\u00e9gir les jeux des enfants, notamment leur am\u00e9nagement, la couleur.&nbsp;\u00bb Tout \u00e7a, va avoir tendance \u00e0 valoriser un nombre restreint de comp\u00e9tences et d\u2019usages, comme par exemple \u00ab&nbsp;\u00eatre le plus fort ou le plus rapide, explique Lucille Paulet. Ce processus social va renforcer les discriminations qui sont souvent exprim\u00e9es par une forme de domination masculine ou des plus grands. C\u2019est une construction, un h\u00e9ritage culturel et pas forc\u00e9ment une volont\u00e9 des enfants de jouer en non mixit\u00e9.&nbsp;\u00bb La plupart du temps, ils observent des cours de r\u00e9cr\u00e9 avec des marquages au sol d\u2019un terrain de foot, souvent au centre et qui prend \u00e9norm\u00e9ment de place. En majorit\u00e9 les gar\u00e7ons vont investir cet espace et, les filles sont rarement invit\u00e9es et font plut\u00f4t des jeux calmes qui ne consomment pas trop d\u2019espace. \u00ab&nbsp;Nous, on s\u2019est occup\u00e9 d\u2019acheter le mat\u00e9riel n\u00e9cessaire, de mettre en forme. Leur Mixi\u2019boite a \u00e9t\u00e9 achev\u00e9e d\u00e9but avril, avec tous les \u00e9l\u00e9ments et les r\u00e8gles des jeux. L\u00e0, les enfants n\u2019ont pas forc\u00e9ment acc\u00e8s \u00e0 tout le mat\u00e9riel, du fait des conditions sanitaires. On peut peut-\u00eatre esp\u00e9rer qu\u2019\u00e0 la rentr\u00e9e 2021, le enfants puissent jouer normalement&nbsp;\u00bb, conclut la charg\u00e9e de mission.<\/p>\n\n\n\n<p>In\u00e8s Pallot<\/p>\n<!-- AddThis Advanced Settings generic via filter on the_content --><!-- AddThis Share Buttons generic via filter on the_content -->","protected":false},"excerpt":{"rendered":"<p>\u00ab&nbsp;Robins des Villes&nbsp;\u00bb est une association lyonnaise qui se consacre \u00e0 l\u2019\u00e9ducation populaire et milite pour une ville accessible \u00e0 tous, imagin\u00e9e par et pour &hellip; <!-- AddThis Advanced Settings generic via filter on wp_trim_excerpt --><!-- AddThis Share Buttons generic via filter on wp_trim_excerpt --><\/p>\n","protected":false},"author":31860,"featured_media":23261,"comment_status":"open","ping_status":"open","sticky":false,"template":"","format":"standard","meta":{"_FSMCFIC_featured_image_caption":"","_FSMCFIC_featured_image_nocaption":"","_FSMCFIC_featured_image_hide":"","footnotes":""},"categories":[6443,6446,4,13738],"tags":[],"class_list":["post-23046","post","type-post","status-publish","format-standard","has-post-thumbnail","hentry","category-association","category-ecologie","category-lyon","category-projet-urbain"],"yoast_head":"<!-- This site is optimized with the Yoast SEO plugin v22.8 - https:\/\/yoast.com\/wordpress\/plugins\/seo\/ -->\n<title>Robins des Villes : au plus pr\u00e8s des besoins des habitants - Lyon Bondy Blog<\/title>\n<meta name=\"robots\" content=\"index, follow, max-snippet:-1, max-image-preview:large, max-video-preview:-1\" \/>\n<link rel=\"canonical\" href=\"https:\/\/lyonbondyblog.fr\/LBB\/robins-des-villes-au-plus-pres-des-besoins-des-habitants\/\" \/>\n<meta property=\"og:locale\" content=\"fr_FR\" \/>\n<meta property=\"og:type\" content=\"article\" \/>\n<meta property=\"og:title\" content=\"Robins des Villes : au plus pr\u00e8s des besoins des habitants - Lyon Bondy Blog\" \/>\n<meta property=\"og:description\" content=\"\u00ab&nbsp;Robins des Villes&nbsp;\u00bb est une association lyonnaise qui se consacre \u00e0 l\u2019\u00e9ducation populaire et milite pour une ville accessible \u00e0 tous, imagin\u00e9e par et pour &hellip;\" \/>\n<meta property=\"og:url\" content=\"https:\/\/lyonbondyblog.fr\/LBB\/robins-des-villes-au-plus-pres-des-besoins-des-habitants\/\" \/>\n<meta property=\"og:site_name\" content=\"Lyon Bondy Blog\" \/>\n<meta property=\"article:publisher\" content=\"https:\/\/www.facebook.com\/lyonbondyblog\" \/>\n<meta property=\"article:published_time\" content=\"2021-05-27T15:03:06+00:00\" \/>\n<meta property=\"article:modified_time\" content=\"2021-11-02T10:17:05+00:00\" \/>\n<meta property=\"og:image\" content=\"https:\/\/lyonbondyblog.fr\/LBB\/wp-content\/uploads\/2021\/05\/IMG-20210426-WA0018.jpg\" \/>\n\t<meta property=\"og:image:width\" content=\"1600\" \/>\n\t<meta property=\"og:image:height\" content=\"1200\" \/>\n\t<meta property=\"og:image:type\" content=\"image\/jpeg\" \/>\n<meta name=\"author\" content=\"In\u00e8s Pallot\" \/>\n<meta name=\"twitter:card\" content=\"summary_large_image\" \/>\n<meta name=\"twitter:creator\" content=\"@bondybloglyon\" \/>\n<meta name=\"twitter:site\" content=\"@bondybloglyon\" \/>\n<script type=\"application\/ld+json\" class=\"yoast-schema-graph\">{\"@context\":\"https:\/\/schema.org\",\"@graph\":[{\"@type\":\"Article\",\"@id\":\"https:\/\/lyonbondyblog.fr\/LBB\/robins-des-villes-au-plus-pres-des-besoins-des-habitants\/#article\",\"isPartOf\":{\"@id\":\"https:\/\/lyonbondyblog.fr\/LBB\/robins-des-villes-au-plus-pres-des-besoins-des-habitants\/\"},\"author\":{\"name\":\"In\u00e8s Pallot\",\"@id\":\"https:\/\/lyonbondyblog.fr\/LBB\/#\/schema\/person\/9f49d5a620b7ff0b22195422b4ef0cc4\"},\"headline\":\"Robins des Villes : au plus pr\u00e8s des besoins des habitants\",\"datePublished\":\"2021-05-27T15:03:06+00:00\",\"dateModified\":\"2021-11-02T10:17:05+00:00\",\"mainEntityOfPage\":{\"@id\":\"https:\/\/lyonbondyblog.fr\/LBB\/robins-des-villes-au-plus-pres-des-besoins-des-habitants\/\"},\"wordCount\":986,\"commentCount\":0,\"publisher\":{\"@id\":\"https:\/\/lyonbondyblog.fr\/LBB\/#organization\"},\"image\":{\"@id\":\"https:\/\/lyonbondyblog.fr\/LBB\/robins-des-villes-au-plus-pres-des-besoins-des-habitants\/#primaryimage\"},\"thumbnailUrl\":\"https:\/\/lyonbondyblog.fr\/LBB\/wp-content\/uploads\/2021\/05\/IMG-20210426-WA0018.jpg\",\"articleSection\":[\"Association\",\"\u00c9cologie\",\"Lyon\",\"Projet Urbain\"],\"inLanguage\":\"fr-FR\",\"potentialAction\":[{\"@type\":\"CommentAction\",\"name\":\"Comment\",\"target\":[\"https:\/\/lyonbondyblog.fr\/LBB\/robins-des-villes-au-plus-pres-des-besoins-des-habitants\/#respond\"]}]},{\"@type\":\"WebPage\",\"@id\":\"https:\/\/lyonbondyblog.fr\/LBB\/robins-des-villes-au-plus-pres-des-besoins-des-habitants\/\",\"url\":\"https:\/\/lyonbondyblog.fr\/LBB\/robins-des-villes-au-plus-pres-des-besoins-des-habitants\/\",\"name\":\"Robins des Villes : au plus pr\u00e8s des besoins des habitants - Lyon Bondy Blog\",\"isPartOf\":{\"@id\":\"https:\/\/lyonbondyblog.fr\/LBB\/#website\"},\"primaryImageOfPage\":{\"@id\":\"https:\/\/lyonbondyblog.fr\/LBB\/robins-des-villes-au-plus-pres-des-besoins-des-habitants\/#primaryimage\"},\"image\":{\"@id\":\"https:\/\/lyonbondyblog.fr\/LBB\/robins-des-villes-au-plus-pres-des-besoins-des-habitants\/#primaryimage\"},\"thumbnailUrl\":\"https:\/\/lyonbondyblog.fr\/LBB\/wp-content\/uploads\/2021\/05\/IMG-20210426-WA0018.jpg\",\"datePublished\":\"2021-05-27T15:03:06+00:00\",\"dateModified\":\"2021-11-02T10:17:05+00:00\",\"inLanguage\":\"fr-FR\",\"potentialAction\":[{\"@type\":\"ReadAction\",\"target\":[\"https:\/\/lyonbondyblog.fr\/LBB\/robins-des-villes-au-plus-pres-des-besoins-des-habitants\/\"]}]},{\"@type\":\"ImageObject\",\"inLanguage\":\"fr-FR\",\"@id\":\"https:\/\/lyonbondyblog.fr\/LBB\/robins-des-villes-au-plus-pres-des-besoins-des-habitants\/#primaryimage\",\"url\":\"https:\/\/lyonbondyblog.fr\/LBB\/wp-content\/uploads\/2021\/05\/IMG-20210426-WA0018.jpg\",\"contentUrl\":\"https:\/\/lyonbondyblog.fr\/LBB\/wp-content\/uploads\/2021\/05\/IMG-20210426-WA0018.jpg\",\"width\":1600,\"height\":1200},{\"@type\":\"WebSite\",\"@id\":\"https:\/\/lyonbondyblog.fr\/LBB\/#website\",\"url\":\"https:\/\/lyonbondyblog.fr\/LBB\/\",\"name\":\"Lyon Bondy Blog\",\"description\":\"\",\"publisher\":{\"@id\":\"https:\/\/lyonbondyblog.fr\/LBB\/#organization\"},\"potentialAction\":[{\"@type\":\"SearchAction\",\"target\":{\"@type\":\"EntryPoint\",\"urlTemplate\":\"https:\/\/lyonbondyblog.fr\/LBB\/?s={search_term_string}\"},\"query-input\":\"required name=search_term_string\"}],\"inLanguage\":\"fr-FR\"},{\"@type\":\"Organization\",\"@id\":\"https:\/\/lyonbondyblog.fr\/LBB\/#organization\",\"name\":\"LYON BONDY BLOG\",\"url\":\"https:\/\/lyonbondyblog.fr\/LBB\/\",\"logo\":{\"@type\":\"ImageObject\",\"inLanguage\":\"fr-FR\",\"@id\":\"https:\/\/lyonbondyblog.fr\/LBB\/#\/schema\/logo\/image\/\",\"url\":\"http:\/\/lyonbondyblog.fr\/LBB\/wp-content\/uploads\/2014\/10\/logo-portable-144.png\",\"contentUrl\":\"http:\/\/lyonbondyblog.fr\/LBB\/wp-content\/uploads\/2014\/10\/logo-portable-144.png\",\"width\":144,\"height\":123,\"caption\":\"LYON BONDY BLOG\"},\"image\":{\"@id\":\"https:\/\/lyonbondyblog.fr\/LBB\/#\/schema\/logo\/image\/\"},\"sameAs\":[\"https:\/\/www.facebook.com\/lyonbondyblog\",\"https:\/\/x.com\/bondybloglyon\"]},{\"@type\":\"Person\",\"@id\":\"https:\/\/lyonbondyblog.fr\/LBB\/#\/schema\/person\/9f49d5a620b7ff0b22195422b4ef0cc4\",\"name\":\"In\u00e8s Pallot\",\"url\":\"https:\/\/lyonbondyblog.fr\/LBB\/author\/inesp\/\"}]}<\/script>\n<!-- \/ Yoast SEO plugin. -->","yoast_head_json":{"title":"Robins des Villes : au plus pr\u00e8s des besoins des habitants - Lyon Bondy Blog","robots":{"index":"index","follow":"follow","max-snippet":"max-snippet:-1","max-image-preview":"max-image-preview:large","max-video-preview":"max-video-preview:-1"},"canonical":"https:\/\/lyonbondyblog.fr\/LBB\/robins-des-villes-au-plus-pres-des-besoins-des-habitants\/","og_locale":"fr_FR","og_type":"article","og_title":"Robins des Villes : au plus pr\u00e8s des besoins des habitants - Lyon Bondy Blog","og_description":"\u00ab&nbsp;Robins des Villes&nbsp;\u00bb est une association lyonnaise qui se consacre \u00e0 l\u2019\u00e9ducation populaire et milite pour une ville accessible \u00e0 tous, imagin\u00e9e par et pour &hellip;","og_url":"https:\/\/lyonbondyblog.fr\/LBB\/robins-des-villes-au-plus-pres-des-besoins-des-habitants\/","og_site_name":"Lyon Bondy Blog","article_publisher":"https:\/\/www.facebook.com\/lyonbondyblog","article_published_time":"2021-05-27T15:03:06+00:00","article_modified_time":"2021-11-02T10:17:05+00:00","og_image":[{"width":1600,"height":1200,"url":"https:\/\/lyonbondyblog.fr\/LBB\/wp-content\/uploads\/2021\/05\/IMG-20210426-WA0018.jpg","type":"image\/jpeg"}],"author":"In\u00e8s Pallot","twitter_card":"summary_large_image","twitter_creator":"@bondybloglyon","twitter_site":"@bondybloglyon","schema":{"@context":"https:\/\/schema.org","@graph":[{"@type":"Article","@id":"https:\/\/lyonbondyblog.fr\/LBB\/robins-des-villes-au-plus-pres-des-besoins-des-habitants\/#article","isPartOf":{"@id":"https:\/\/lyonbondyblog.fr\/LBB\/robins-des-villes-au-plus-pres-des-besoins-des-habitants\/"},"author":{"name":"In\u00e8s Pallot","@id":"https:\/\/lyonbondyblog.fr\/LBB\/#\/schema\/person\/9f49d5a620b7ff0b22195422b4ef0cc4"},"headline":"Robins des Villes : au plus pr\u00e8s des besoins des habitants","datePublished":"2021-05-27T15:03:06+00:00","dateModified":"2021-11-02T10:17:05+00:00","mainEntityOfPage":{"@id":"https:\/\/lyonbondyblog.fr\/LBB\/robins-des-villes-au-plus-pres-des-besoins-des-habitants\/"},"wordCount":986,"commentCount":0,"publisher":{"@id":"https:\/\/lyonbondyblog.fr\/LBB\/#organization"},"image":{"@id":"https:\/\/lyonbondyblog.fr\/LBB\/robins-des-villes-au-plus-pres-des-besoins-des-habitants\/#primaryimage"},"thumbnailUrl":"https:\/\/lyonbondyblog.fr\/LBB\/wp-content\/uploads\/2021\/05\/IMG-20210426-WA0018.jpg","articleSection":["Association","\u00c9cologie","Lyon","Projet Urbain"],"inLanguage":"fr-FR","potentialAction":[{"@type":"CommentAction","name":"Comment","target":["https:\/\/lyonbondyblog.fr\/LBB\/robins-des-villes-au-plus-pres-des-besoins-des-habitants\/#respond"]}]},{"@type":"WebPage","@id":"https:\/\/lyonbondyblog.fr\/LBB\/robins-des-villes-au-plus-pres-des-besoins-des-habitants\/","url":"https:\/\/lyonbondyblog.fr\/LBB\/robins-des-villes-au-plus-pres-des-besoins-des-habitants\/","name":"Robins des Villes : au plus pr\u00e8s des besoins des habitants - Lyon Bondy Blog","isPartOf":{"@id":"https:\/\/lyonbondyblog.fr\/LBB\/#website"},"primaryImageOfPage":{"@id":"https:\/\/lyonbondyblog.fr\/LBB\/robins-des-villes-au-plus-pres-des-besoins-des-habitants\/#primaryimage"},"image":{"@id":"https:\/\/lyonbondyblog.fr\/LBB\/robins-des-villes-au-plus-pres-des-besoins-des-habitants\/#primaryimage"},"thumbnailUrl":"https:\/\/lyonbondyblog.fr\/LBB\/wp-content\/uploads\/2021\/05\/IMG-20210426-WA0018.jpg","datePublished":"2021-05-27T15:03:06+00:00","dateModified":"2021-11-02T10:17:05+00:00","inLanguage":"fr-FR","potentialAction":[{"@type":"ReadAction","target":["https:\/\/lyonbondyblog.fr\/LBB\/robins-des-villes-au-plus-pres-des-besoins-des-habitants\/"]}]},{"@type":"ImageObject","inLanguage":"fr-FR","@id":"https:\/\/lyonbondyblog.fr\/LBB\/robins-des-villes-au-plus-pres-des-besoins-des-habitants\/#primaryimage","url":"https:\/\/lyonbondyblog.fr\/LBB\/wp-content\/uploads\/2021\/05\/IMG-20210426-WA0018.jpg","contentUrl":"https:\/\/lyonbondyblog.fr\/LBB\/wp-content\/uploads\/2021\/05\/IMG-20210426-WA0018.jpg","width":1600,"height":1200},{"@type":"WebSite","@id":"https:\/\/lyonbondyblog.fr\/LBB\/#website","url":"https:\/\/lyonbondyblog.fr\/LBB\/","name":"Lyon Bondy Blog","description":"","publisher":{"@id":"https:\/\/lyonbondyblog.fr\/LBB\/#organization"},"potentialAction":[{"@type":"SearchAction","target":{"@type":"EntryPoint","urlTemplate":"https:\/\/lyonbondyblog.fr\/LBB\/?s={search_term_string}"},"query-input":"required name=search_term_string"}],"inLanguage":"fr-FR"},{"@type":"Organization","@id":"https:\/\/lyonbondyblog.fr\/LBB\/#organization","name":"LYON BONDY BLOG","url":"https:\/\/lyonbondyblog.fr\/LBB\/","logo":{"@type":"ImageObject","inLanguage":"fr-FR","@id":"https:\/\/lyonbondyblog.fr\/LBB\/#\/schema\/logo\/image\/","url":"http:\/\/lyonbondyblog.fr\/LBB\/wp-content\/uploads\/2014\/10\/logo-portable-144.png","contentUrl":"http:\/\/lyonbondyblog.fr\/LBB\/wp-content\/uploads\/2014\/10\/logo-portable-144.png","width":144,"height":123,"caption":"LYON BONDY BLOG"},"image":{"@id":"https:\/\/lyonbondyblog.fr\/LBB\/#\/schema\/logo\/image\/"},"sameAs":["https:\/\/www.facebook.com\/lyonbondyblog","https:\/\/x.com\/bondybloglyon"]},{"@type":"Person","@id":"https:\/\/lyonbondyblog.fr\/LBB\/#\/schema\/person\/9f49d5a620b7ff0b22195422b4ef0cc4","name":"In\u00e8s Pallot","url":"https:\/\/lyonbondyblog.fr\/LBB\/author\/inesp\/"}]}},"_links":{"self":[{"href":"https:\/\/lyonbondyblog.fr\/LBB\/wp-json\/wp\/v2\/posts\/23046","targetHints":{"allow":["GET"]}}],"collection":[{"href":"https:\/\/lyonbondyblog.fr\/LBB\/wp-json\/wp\/v2\/posts"}],"about":[{"href":"https:\/\/lyonbondyblog.fr\/LBB\/wp-json\/wp\/v2\/types\/post"}],"author":[{"embeddable":true,"href":"https:\/\/lyonbondyblog.fr\/LBB\/wp-json\/wp\/v2\/users\/31860"}],"replies":[{"embeddable":true,"href":"https:\/\/lyonbondyblog.fr\/LBB\/wp-json\/wp\/v2\/comments?post=23046"}],"version-history":[{"count":39,"href":"https:\/\/lyonbondyblog.fr\/LBB\/wp-json\/wp\/v2\/posts\/23046\/revisions"}],"predecessor-version":[{"id":25262,"href":"https:\/\/lyonbondyblog.fr\/LBB\/wp-json\/wp\/v2\/posts\/23046\/revisions\/25262"}],"wp:featuredmedia":[{"embeddable":true,"href":"https:\/\/lyonbondyblog.fr\/LBB\/wp-json\/wp\/v2\/media\/23261"}],"wp:attachment":[{"href":"https:\/\/lyonbondyblog.fr\/LBB\/wp-json\/wp\/v2\/media?parent=23046"}],"wp:term":[{"taxonomy":"category","embeddable":true,"href":"https:\/\/lyonbondyblog.fr\/LBB\/wp-json\/wp\/v2\/categories?post=23046"},{"taxonomy":"post_tag","embeddable":true,"href":"https:\/\/lyonbondyblog.fr\/LBB\/wp-json\/wp\/v2\/tags?post=23046"}],"curies":[{"name":"wp","href":"https:\/\/api.w.org\/{rel}","templated":true}]}}