{"id":23033,"date":"2021-05-17T19:36:22","date_gmt":"2021-05-17T17:36:22","guid":{"rendered":"http:\/\/lyonbondyblog.fr\/LBB\/?p=23033"},"modified":"2021-05-17T19:46:27","modified_gmt":"2021-05-17T17:46:27","slug":"lalternative-devoile-lavenir-en-toute-securites","status":"publish","type":"post","link":"https:\/\/lyonbondyblog.fr\/LBB\/lalternative-devoile-lavenir-en-toute-securites\/","title":{"rendered":"L\u2019Alternative d\u00e9voile \u00ab L\u2019Avenir en toutes s\u00e9curit\u00e9s \u00bb"},"content":{"rendered":"\n<h4 class=\"wp-block-heading\">La liste men\u00e9e par Najat Vallaud-Belkacem a pr\u00e9sent\u00e9 son programme pour la R\u00e9gion Auvergne Rh\u00f4ne-Alpes ce lundi 17 mai. L\u2019\u00e9cologie, l\u2019\u00e9ducation et la s\u00e9curit\u00e9 en sont des points phares.<\/h4>\n\n\n\n<figure class=\"wp-block-image size-large\"><img loading=\"lazy\" decoding=\"async\" width=\"1920\" height=\"1280\" src=\"https:\/\/lyonbondyblog.fr\/LBB\/wp-content\/uploads\/2021\/05\/DSC01235-1920x1280.jpg\" alt=\"\" class=\"wp-image-23036\" srcset=\"https:\/\/lyonbondyblog.fr\/LBB\/wp-content\/uploads\/2021\/05\/DSC01235-1920x1280.jpg 1920w, https:\/\/lyonbondyblog.fr\/LBB\/wp-content\/uploads\/2021\/05\/DSC01235-1200x800.jpg 1200w, https:\/\/lyonbondyblog.fr\/LBB\/wp-content\/uploads\/2021\/05\/DSC01235-768x512.jpg 768w, https:\/\/lyonbondyblog.fr\/LBB\/wp-content\/uploads\/2021\/05\/DSC01235-1536x1024.jpg 1536w, https:\/\/lyonbondyblog.fr\/LBB\/wp-content\/uploads\/2021\/05\/DSC01235-2048x1365.jpg 2048w, https:\/\/lyonbondyblog.fr\/LBB\/wp-content\/uploads\/2021\/05\/DSC01235-272x182.jpg 272w\" sizes=\"auto, (max-width: 1920px) 100vw, 1920px\" \/><figcaption>Najat Vallaud-Belkacem pr\u00e9sentant le programme de L&rsquo;Alternative pour la R\u00e9gion Auvergne Rh\u00f4ne-Alpes. Cr\u00e9dit : Kenza Sammari<\/figcaption><\/figure>\n\n\n\n<p>L\u2019Alternative, port\u00e9e par Najat Vallaud-Belkacem et compos\u00e9e de dix forces politiques socialistes et \u00e9cologiques, a d\u00e9voil\u00e9 le projet \u00ab L\u2019Avenir en toutes s\u00e9curit\u00e9s \u00bb b\u00e2ti autour de l\u2019\u00e9ducation, l\u2019\u00e9cologie et l\u2019innovation. De nombreuses personnalit\u00e9s \u00e9taient pr\u00e9sentes comme H\u00e9l\u00e8ne Geoffroy, maire de Vaulx-en-Velin, C\u00e9dric Van Styvandael, maire de Villeurbanne et Olivier Bianchi, maire de Clermont-Ferrand.<\/p>\n\n\n\n<h4 class=\"wp-block-heading\">Allier la question \u00e9ducative \u00e0 l\u2019\u00e9cologie<\/h4>\n\n\n\n<p>La jeunesse est au c\u0153ur du programme. L\u2019objectif : accompagner les \u00e9l\u00e8ves autour de la r\u00e9ussite scolaire et l\u2019orientation gr\u00e2ce \u00e0 la cr\u00e9ation d\u2019un service public. 38 lyc\u00e9es vont \u00eatre r\u00e9nov\u00e9s et quatre \u00e9tablissements neutres en carbone sont \u00e9galement pr\u00e9vus \u00e0 la construction. Une mani\u00e8re d\u2019allier la question \u00e9ducative \u00e0 l\u2019\u00e9cologie.<\/p>\n\n\n\n<p>En effet, la question environnementale est \u00e9galement centrale. Un parlement situ\u00e9 \u00e0 Clermont-Ferrand (Auvergne) compos\u00e9 de citoyens, d\u2019experts et d\u2019ONG \u00ab accompagnera la transition \u00e9cologique et sociale de la R\u00e9gion. \u00bb Son objectif sera de proposer des mesures \u00e9cologiques et de v\u00e9rifier que les engagements pris sur ce sujet soient respect\u00e9s.<\/p>\n\n\n\n<p>La s\u00e9curit\u00e9, enjeu majeur de ces \u00e9lections r\u00e9gionales, est un autre point fort du programme. Une brigade de 1000 agents de s\u00e9curit\u00e9 sera d\u00e9ploy\u00e9e autour des lyc\u00e9es. Un plan anti rod\u00e9os sera \u00e9galement mis en place.<\/p>\n\n\n\n<p><\/p>\n\n\n\n<p>L&rsquo;Alternative : S\u00e9curit\u00e9 et \u00c9ducation<\/p>\n\n\n\n<figure class=\"wp-block-embed is-type-rich is-provider-soundcloud wp-block-embed-soundcloud wp-embed-aspect-4-3 wp-has-aspect-ratio\"><div class=\"wp-block-embed__wrapper\">\n<iframe loading=\"lazy\" title=\"Najat Vallaud-Belkacem et H\u00e9l\u00e8ne Geoffroy, maire de Vaulx-en-Velin by LyonBondyBlog\" width=\"1200\" height=\"400\" scrolling=\"no\" frameborder=\"no\" src=\"https:\/\/w.soundcloud.com\/player\/?visual=true&#038;url=https%3A%2F%2Fapi.soundcloud.com%2Ftracks%2F1050348550&#038;show_artwork=true&#038;maxwidth=1200&#038;maxheight=1000&#038;dnt=1\"><\/iframe>\n<\/div><\/figure>\n\n\n\n<p>L&rsquo;Alternative : \u00c9cologie <\/p>\n\n\n\n<figure class=\"wp-block-embed is-type-rich is-provider-soundcloud wp-block-embed-soundcloud wp-embed-aspect-4-3 wp-has-aspect-ratio\"><div class=\"wp-block-embed__wrapper\">\n<iframe loading=\"lazy\" title=\"Najat Vallaud-Belkacem et Olivier Bianchi, maire de Clermont-Ferrand by LyonBondyBlog\" width=\"1200\" height=\"400\" scrolling=\"no\" frameborder=\"no\" src=\"https:\/\/w.soundcloud.com\/player\/?visual=true&#038;url=https%3A%2F%2Fapi.soundcloud.com%2Ftracks%2F1050350218&#038;show_artwork=true&#038;maxwidth=1200&#038;maxheight=1000&#038;dnt=1\"><\/iframe>\n<\/div><\/figure>\n\n\n\n<p>Kenza Sammari <\/p>\n<!-- AddThis Advanced Settings generic via filter on the_content --><!-- AddThis Share Buttons generic via filter on the_content -->","protected":false},"excerpt":{"rendered":"<p>La liste men\u00e9e par Najat Vallaud-Belkacem a pr\u00e9sent\u00e9 son programme pour la R\u00e9gion Auvergne Rh\u00f4ne-Alpes ce lundi 17 mai. L\u2019\u00e9cologie, l\u2019\u00e9ducation et la s\u00e9curit\u00e9 en &hellip; <!-- AddThis Advanced Settings generic via filter on wp_trim_excerpt --><!-- AddThis Share Buttons generic via filter on wp_trim_excerpt --><\/p>\n","protected":false},"author":1,"featured_media":23036,"comment_status":"open","ping_status":"open","sticky":false,"template":"","format":"standard","meta":{"_FSMCFIC_featured_image_caption":"","_FSMCFIC_featured_image_nocaption":"","_FSMCFIC_featured_image_hide":"","footnotes":""},"categories":[4,6,24454],"tags":[],"class_list":["post-23033","post","type-post","status-publish","format-standard","has-post-thumbnail","hentry","category-lyon","category-politique","category-regionales-2021"],"yoast_head":"<!-- This site is optimized with the Yoast SEO plugin v22.8 - https:\/\/yoast.com\/wordpress\/plugins\/seo\/ -->\n<title>L\u2019Alternative d\u00e9voile \u00ab L\u2019Avenir en toutes s\u00e9curit\u00e9s \u00bb - Lyon Bondy Blog<\/title>\n<meta name=\"robots\" content=\"index, follow, max-snippet:-1, max-image-preview:large, max-video-preview:-1\" \/>\n<link rel=\"canonical\" href=\"https:\/\/lyonbondyblog.fr\/LBB\/lalternative-devoile-lavenir-en-toute-securites\/\" \/>\n<meta property=\"og:locale\" content=\"fr_FR\" \/>\n<meta property=\"og:type\" content=\"article\" \/>\n<meta property=\"og:title\" content=\"L\u2019Alternative d\u00e9voile \u00ab L\u2019Avenir en toutes s\u00e9curit\u00e9s \u00bb - Lyon Bondy Blog\" \/>\n<meta property=\"og:description\" content=\"La liste men\u00e9e par Najat Vallaud-Belkacem a pr\u00e9sent\u00e9 son programme pour la R\u00e9gion Auvergne Rh\u00f4ne-Alpes ce lundi 17 mai. L\u2019\u00e9cologie, l\u2019\u00e9ducation et la s\u00e9curit\u00e9 en &hellip;\" \/>\n<meta property=\"og:url\" content=\"https:\/\/lyonbondyblog.fr\/LBB\/lalternative-devoile-lavenir-en-toute-securites\/\" \/>\n<meta property=\"og:site_name\" content=\"Lyon Bondy Blog\" \/>\n<meta property=\"article:publisher\" content=\"https:\/\/www.facebook.com\/lyonbondyblog\" \/>\n<meta property=\"article:author\" content=\"https:\/\/www.facebook.com\/lyonbondyblog\" \/>\n<meta property=\"article:published_time\" content=\"2021-05-17T17:36:22+00:00\" \/>\n<meta property=\"article:modified_time\" content=\"2021-05-17T17:46:27+00:00\" \/>\n<meta property=\"og:image\" content=\"https:\/\/lyonbondyblog.fr\/LBB\/wp-content\/uploads\/2021\/05\/DSC01235-scaled.jpg\" \/>\n\t<meta property=\"og:image:width\" content=\"2560\" \/>\n\t<meta property=\"og:image:height\" content=\"1707\" \/>\n\t<meta property=\"og:image:type\" content=\"image\/jpeg\" \/>\n<meta name=\"author\" content=\"La r\u00e9daction\" \/>\n<meta name=\"twitter:card\" content=\"summary_large_image\" \/>\n<meta name=\"twitter:creator\" content=\"@BondyBlogLyon\" \/>\n<meta name=\"twitter:site\" content=\"@bondybloglyon\" \/>\n<script type=\"application\/ld+json\" class=\"yoast-schema-graph\">{\"@context\":\"https:\/\/schema.org\",\"@graph\":[{\"@type\":\"Article\",\"@id\":\"https:\/\/lyonbondyblog.fr\/LBB\/lalternative-devoile-lavenir-en-toute-securites\/#article\",\"isPartOf\":{\"@id\":\"https:\/\/lyonbondyblog.fr\/LBB\/lalternative-devoile-lavenir-en-toute-securites\/\"},\"author\":{\"name\":\"La r\u00e9daction\",\"@id\":\"https:\/\/lyonbondyblog.fr\/LBB\/#\/schema\/person\/e45f8d27baac75072daa0be50c409b25\"},\"headline\":\"L\u2019Alternative d\u00e9voile \u00ab L\u2019Avenir en toutes s\u00e9curit\u00e9s \u00bb\",\"datePublished\":\"2021-05-17T17:36:22+00:00\",\"dateModified\":\"2021-05-17T17:46:27+00:00\",\"mainEntityOfPage\":{\"@id\":\"https:\/\/lyonbondyblog.fr\/LBB\/lalternative-devoile-lavenir-en-toute-securites\/\"},\"wordCount\":314,\"commentCount\":0,\"publisher\":{\"@id\":\"https:\/\/lyonbondyblog.fr\/LBB\/#organization\"},\"image\":{\"@id\":\"https:\/\/lyonbondyblog.fr\/LBB\/lalternative-devoile-lavenir-en-toute-securites\/#primaryimage\"},\"thumbnailUrl\":\"https:\/\/lyonbondyblog.fr\/LBB\/wp-content\/uploads\/2021\/05\/DSC01235-scaled.jpg\",\"articleSection\":[\"Lyon\",\"Politique\",\"R\u00e9gionales 2021\"],\"inLanguage\":\"fr-FR\",\"potentialAction\":[{\"@type\":\"CommentAction\",\"name\":\"Comment\",\"target\":[\"https:\/\/lyonbondyblog.fr\/LBB\/lalternative-devoile-lavenir-en-toute-securites\/#respond\"]}]},{\"@type\":\"WebPage\",\"@id\":\"https:\/\/lyonbondyblog.fr\/LBB\/lalternative-devoile-lavenir-en-toute-securites\/\",\"url\":\"https:\/\/lyonbondyblog.fr\/LBB\/lalternative-devoile-lavenir-en-toute-securites\/\",\"name\":\"L\u2019Alternative d\u00e9voile \u00ab L\u2019Avenir en toutes s\u00e9curit\u00e9s \u00bb - Lyon Bondy Blog\",\"isPartOf\":{\"@id\":\"https:\/\/lyonbondyblog.fr\/LBB\/#website\"},\"primaryImageOfPage\":{\"@id\":\"https:\/\/lyonbondyblog.fr\/LBB\/lalternative-devoile-lavenir-en-toute-securites\/#primaryimage\"},\"image\":{\"@id\":\"https:\/\/lyonbondyblog.fr\/LBB\/lalternative-devoile-lavenir-en-toute-securites\/#primaryimage\"},\"thumbnailUrl\":\"https:\/\/lyonbondyblog.fr\/LBB\/wp-content\/uploads\/2021\/05\/DSC01235-scaled.jpg\",\"datePublished\":\"2021-05-17T17:36:22+00:00\",\"dateModified\":\"2021-05-17T17:46:27+00:00\",\"inLanguage\":\"fr-FR\",\"potentialAction\":[{\"@type\":\"ReadAction\",\"target\":[\"https:\/\/lyonbondyblog.fr\/LBB\/lalternative-devoile-lavenir-en-toute-securites\/\"]}]},{\"@type\":\"ImageObject\",\"inLanguage\":\"fr-FR\",\"@id\":\"https:\/\/lyonbondyblog.fr\/LBB\/lalternative-devoile-lavenir-en-toute-securites\/#primaryimage\",\"url\":\"https:\/\/lyonbondyblog.fr\/LBB\/wp-content\/uploads\/2021\/05\/DSC01235-scaled.jpg\",\"contentUrl\":\"https:\/\/lyonbondyblog.fr\/LBB\/wp-content\/uploads\/2021\/05\/DSC01235-scaled.jpg\",\"width\":2560,\"height\":1707,\"caption\":\"Najat Vallaud-Belkacem pr\u00e9sente le programme de L'Alternative pour la R\u00e9gion Auvergne Rh\u00f4ne-Alpes.\"},{\"@type\":\"WebSite\",\"@id\":\"https:\/\/lyonbondyblog.fr\/LBB\/#website\",\"url\":\"https:\/\/lyonbondyblog.fr\/LBB\/\",\"name\":\"Lyon Bondy Blog\",\"description\":\"\",\"publisher\":{\"@id\":\"https:\/\/lyonbondyblog.fr\/LBB\/#organization\"},\"potentialAction\":[{\"@type\":\"SearchAction\",\"target\":{\"@type\":\"EntryPoint\",\"urlTemplate\":\"https:\/\/lyonbondyblog.fr\/LBB\/?s={search_term_string}\"},\"query-input\":\"required name=search_term_string\"}],\"inLanguage\":\"fr-FR\"},{\"@type\":\"Organization\",\"@id\":\"https:\/\/lyonbondyblog.fr\/LBB\/#organization\",\"name\":\"LYON BONDY BLOG\",\"url\":\"https:\/\/lyonbondyblog.fr\/LBB\/\",\"logo\":{\"@type\":\"ImageObject\",\"inLanguage\":\"fr-FR\",\"@id\":\"https:\/\/lyonbondyblog.fr\/LBB\/#\/schema\/logo\/image\/\",\"url\":\"http:\/\/lyonbondyblog.fr\/LBB\/wp-content\/uploads\/2014\/10\/logo-portable-144.png\",\"contentUrl\":\"http:\/\/lyonbondyblog.fr\/LBB\/wp-content\/uploads\/2014\/10\/logo-portable-144.png\",\"width\":144,\"height\":123,\"caption\":\"LYON BONDY BLOG\"},\"image\":{\"@id\":\"https:\/\/lyonbondyblog.fr\/LBB\/#\/schema\/logo\/image\/\"},\"sameAs\":[\"https:\/\/www.facebook.com\/lyonbondyblog\",\"https:\/\/x.com\/bondybloglyon\"]},{\"@type\":\"Person\",\"@id\":\"https:\/\/lyonbondyblog.fr\/LBB\/#\/schema\/person\/e45f8d27baac75072daa0be50c409b25\",\"name\":\"La r\u00e9daction\",\"description\":\"Cr\u00e9e en 2008, la r\u00e9daction du Lyon Bondy Blog s'applique \u00e0 proposer une information locale diff\u00e9rente et compl\u00e9mentaire des m\u00e9dias traditionnels.\",\"sameAs\":[\"https:\/\/www.facebook.com\/lyonbondyblog\",\"https:\/\/x.com\/BondyBlogLyon\"],\"url\":\"https:\/\/lyonbondyblog.fr\/LBB\/author\/admin\/\"}]}<\/script>\n<!-- \/ Yoast SEO plugin. -->","yoast_head_json":{"title":"L\u2019Alternative d\u00e9voile \u00ab L\u2019Avenir en toutes s\u00e9curit\u00e9s \u00bb - Lyon Bondy Blog","robots":{"index":"index","follow":"follow","max-snippet":"max-snippet:-1","max-image-preview":"max-image-preview:large","max-video-preview":"max-video-preview:-1"},"canonical":"https:\/\/lyonbondyblog.fr\/LBB\/lalternative-devoile-lavenir-en-toute-securites\/","og_locale":"fr_FR","og_type":"article","og_title":"L\u2019Alternative d\u00e9voile \u00ab L\u2019Avenir en toutes s\u00e9curit\u00e9s \u00bb - Lyon Bondy Blog","og_description":"La liste men\u00e9e par Najat Vallaud-Belkacem a pr\u00e9sent\u00e9 son programme pour la R\u00e9gion Auvergne Rh\u00f4ne-Alpes ce lundi 17 mai. L\u2019\u00e9cologie, l\u2019\u00e9ducation et la s\u00e9curit\u00e9 en &hellip;","og_url":"https:\/\/lyonbondyblog.fr\/LBB\/lalternative-devoile-lavenir-en-toute-securites\/","og_site_name":"Lyon Bondy Blog","article_publisher":"https:\/\/www.facebook.com\/lyonbondyblog","article_author":"https:\/\/www.facebook.com\/lyonbondyblog","article_published_time":"2021-05-17T17:36:22+00:00","article_modified_time":"2021-05-17T17:46:27+00:00","og_image":[{"width":2560,"height":1707,"url":"https:\/\/lyonbondyblog.fr\/LBB\/wp-content\/uploads\/2021\/05\/DSC01235-scaled.jpg","type":"image\/jpeg"}],"author":"La r\u00e9daction","twitter_card":"summary_large_image","twitter_creator":"@BondyBlogLyon","twitter_site":"@bondybloglyon","schema":{"@context":"https:\/\/schema.org","@graph":[{"@type":"Article","@id":"https:\/\/lyonbondyblog.fr\/LBB\/lalternative-devoile-lavenir-en-toute-securites\/#article","isPartOf":{"@id":"https:\/\/lyonbondyblog.fr\/LBB\/lalternative-devoile-lavenir-en-toute-securites\/"},"author":{"name":"La r\u00e9daction","@id":"https:\/\/lyonbondyblog.fr\/LBB\/#\/schema\/person\/e45f8d27baac75072daa0be50c409b25"},"headline":"L\u2019Alternative d\u00e9voile \u00ab L\u2019Avenir en toutes s\u00e9curit\u00e9s \u00bb","datePublished":"2021-05-17T17:36:22+00:00","dateModified":"2021-05-17T17:46:27+00:00","mainEntityOfPage":{"@id":"https:\/\/lyonbondyblog.fr\/LBB\/lalternative-devoile-lavenir-en-toute-securites\/"},"wordCount":314,"commentCount":0,"publisher":{"@id":"https:\/\/lyonbondyblog.fr\/LBB\/#organization"},"image":{"@id":"https:\/\/lyonbondyblog.fr\/LBB\/lalternative-devoile-lavenir-en-toute-securites\/#primaryimage"},"thumbnailUrl":"https:\/\/lyonbondyblog.fr\/LBB\/wp-content\/uploads\/2021\/05\/DSC01235-scaled.jpg","articleSection":["Lyon","Politique","R\u00e9gionales 2021"],"inLanguage":"fr-FR","potentialAction":[{"@type":"CommentAction","name":"Comment","target":["https:\/\/lyonbondyblog.fr\/LBB\/lalternative-devoile-lavenir-en-toute-securites\/#respond"]}]},{"@type":"WebPage","@id":"https:\/\/lyonbondyblog.fr\/LBB\/lalternative-devoile-lavenir-en-toute-securites\/","url":"https:\/\/lyonbondyblog.fr\/LBB\/lalternative-devoile-lavenir-en-toute-securites\/","name":"L\u2019Alternative d\u00e9voile \u00ab L\u2019Avenir en toutes s\u00e9curit\u00e9s \u00bb - Lyon Bondy Blog","isPartOf":{"@id":"https:\/\/lyonbondyblog.fr\/LBB\/#website"},"primaryImageOfPage":{"@id":"https:\/\/lyonbondyblog.fr\/LBB\/lalternative-devoile-lavenir-en-toute-securites\/#primaryimage"},"image":{"@id":"https:\/\/lyonbondyblog.fr\/LBB\/lalternative-devoile-lavenir-en-toute-securites\/#primaryimage"},"thumbnailUrl":"https:\/\/lyonbondyblog.fr\/LBB\/wp-content\/uploads\/2021\/05\/DSC01235-scaled.jpg","datePublished":"2021-05-17T17:36:22+00:00","dateModified":"2021-05-17T17:46:27+00:00","inLanguage":"fr-FR","potentialAction":[{"@type":"ReadAction","target":["https:\/\/lyonbondyblog.fr\/LBB\/lalternative-devoile-lavenir-en-toute-securites\/"]}]},{"@type":"ImageObject","inLanguage":"fr-FR","@id":"https:\/\/lyonbondyblog.fr\/LBB\/lalternative-devoile-lavenir-en-toute-securites\/#primaryimage","url":"https:\/\/lyonbondyblog.fr\/LBB\/wp-content\/uploads\/2021\/05\/DSC01235-scaled.jpg","contentUrl":"https:\/\/lyonbondyblog.fr\/LBB\/wp-content\/uploads\/2021\/05\/DSC01235-scaled.jpg","width":2560,"height":1707,"caption":"Najat Vallaud-Belkacem pr\u00e9sente le programme de L'Alternative pour la R\u00e9gion Auvergne Rh\u00f4ne-Alpes."},{"@type":"WebSite","@id":"https:\/\/lyonbondyblog.fr\/LBB\/#website","url":"https:\/\/lyonbondyblog.fr\/LBB\/","name":"Lyon Bondy Blog","description":"","publisher":{"@id":"https:\/\/lyonbondyblog.fr\/LBB\/#organization"},"potentialAction":[{"@type":"SearchAction","target":{"@type":"EntryPoint","urlTemplate":"https:\/\/lyonbondyblog.fr\/LBB\/?s={search_term_string}"},"query-input":"required name=search_term_string"}],"inLanguage":"fr-FR"},{"@type":"Organization","@id":"https:\/\/lyonbondyblog.fr\/LBB\/#organization","name":"LYON BONDY BLOG","url":"https:\/\/lyonbondyblog.fr\/LBB\/","logo":{"@type":"ImageObject","inLanguage":"fr-FR","@id":"https:\/\/lyonbondyblog.fr\/LBB\/#\/schema\/logo\/image\/","url":"http:\/\/lyonbondyblog.fr\/LBB\/wp-content\/uploads\/2014\/10\/logo-portable-144.png","contentUrl":"http:\/\/lyonbondyblog.fr\/LBB\/wp-content\/uploads\/2014\/10\/logo-portable-144.png","width":144,"height":123,"caption":"LYON BONDY BLOG"},"image":{"@id":"https:\/\/lyonbondyblog.fr\/LBB\/#\/schema\/logo\/image\/"},"sameAs":["https:\/\/www.facebook.com\/lyonbondyblog","https:\/\/x.com\/bondybloglyon"]},{"@type":"Person","@id":"https:\/\/lyonbondyblog.fr\/LBB\/#\/schema\/person\/e45f8d27baac75072daa0be50c409b25","name":"La r\u00e9daction","description":"Cr\u00e9e en 2008, la r\u00e9daction du Lyon Bondy Blog s'applique \u00e0 proposer une information locale diff\u00e9rente et compl\u00e9mentaire des m\u00e9dias traditionnels.","sameAs":["https:\/\/www.facebook.com\/lyonbondyblog","https:\/\/x.com\/BondyBlogLyon"],"url":"https:\/\/lyonbondyblog.fr\/LBB\/author\/admin\/"}]}},"_links":{"self":[{"href":"https:\/\/lyonbondyblog.fr\/LBB\/wp-json\/wp\/v2\/posts\/23033","targetHints":{"allow":["GET"]}}],"collection":[{"href":"https:\/\/lyonbondyblog.fr\/LBB\/wp-json\/wp\/v2\/posts"}],"about":[{"href":"https:\/\/lyonbondyblog.fr\/LBB\/wp-json\/wp\/v2\/types\/post"}],"author":[{"embeddable":true,"href":"https:\/\/lyonbondyblog.fr\/LBB\/wp-json\/wp\/v2\/users\/1"}],"replies":[{"embeddable":true,"href":"https:\/\/lyonbondyblog.fr\/LBB\/wp-json\/wp\/v2\/comments?post=23033"}],"version-history":[{"count":6,"href":"https:\/\/lyonbondyblog.fr\/LBB\/wp-json\/wp\/v2\/posts\/23033\/revisions"}],"predecessor-version":[{"id":23040,"href":"https:\/\/lyonbondyblog.fr\/LBB\/wp-json\/wp\/v2\/posts\/23033\/revisions\/23040"}],"wp:featuredmedia":[{"embeddable":true,"href":"https:\/\/lyonbondyblog.fr\/LBB\/wp-json\/wp\/v2\/media\/23036"}],"wp:attachment":[{"href":"https:\/\/lyonbondyblog.fr\/LBB\/wp-json\/wp\/v2\/media?parent=23033"}],"wp:term":[{"taxonomy":"category","embeddable":true,"href":"https:\/\/lyonbondyblog.fr\/LBB\/wp-json\/wp\/v2\/categories?post=23033"},{"taxonomy":"post_tag","embeddable":true,"href":"https:\/\/lyonbondyblog.fr\/LBB\/wp-json\/wp\/v2\/tags?post=23033"}],"curies":[{"name":"wp","href":"https:\/\/api.w.org\/{rel}","templated":true}]}}