{"id":2303,"date":"2011-12-04T16:48:58","date_gmt":"2011-12-04T15:48:58","guid":{"rendered":"http:\/\/lyonbondyblog.fr\/LBB\/?p=2303"},"modified":"2013-07-30T16:51:34","modified_gmt":"2013-07-30T14:51:34","slug":"cote-divoire-a-lyon-regards-croises-de-la-jeunesse-militante-ivoirienne","status":"publish","type":"post","link":"https:\/\/lyonbondyblog.fr\/LBB\/cote-divoire-a-lyon-regards-croises-de-la-jeunesse-militante-ivoirienne\/","title":{"rendered":"C\u00f4te-D&rsquo;Ivoire \u00e0 Lyon : regards crois\u00e9s de la jeunesse militante ivoirienne"},"content":{"rendered":"<p><strong>Guilhem a crois\u00e9 les r\u00e9ponses aux questions qu\u2019il a pos\u00e9 \u00e0 des membres engag\u00e9s de la communaut\u00e9 ivoirienne de Lyon. Petite prise de temp\u00e9rature \u2026<\/strong><\/p>\n<div><strong>\u00a0<a href=\"https:\/\/lyonbondyblog.fr\/LBB\/wp-content\/uploads\/2013\/07\/ci_t.jpg\"><img loading=\"lazy\" decoding=\"async\" width=\"194\" height=\"129\" class=\"size-full wp-image-2307 alignright\" alt=\"ci_t\" src=\"https:\/\/lyonbondyblog.fr\/LBB\/wp-content\/uploads\/2013\/07\/ci_t.jpg\" \/><\/a><\/strong><\/div>\n<div><\/div>\n<p>Face \u00e0 la crise que traverse la C\u00f4te-D&rsquo;Ivoire depuis le 28 novembre 2010, la communaut\u00e9 ivoirienne de Lyon et Rh\u00f4ne-Alpes se mobilise pour faire entendre sa voix. Des militants ivoiriens, responsables lyonnais des mouvements de jeunesse des partis que sont la LMP (La Majorit\u00e9 Pr\u00e9sidentielle) et le RHDP (Rassemblement des Houphouetistes pour la D\u00e9mocratie et la paix), fortement impliqu\u00e9s dans l\u2019organisation et la tenue des \u00e9lections \u00e0 Lyon, nous donnent ici \u00a0leurs points de vue sur la situation post-\u00e9l\u00e9ctorale. Y&rsquo;a-t-il des r\u00e9percussions sur la communaut\u00e9 ivoirienne de Lyon\u00a0?<\/p>\n<p><b>Photos\u00a0:\u00a0 Eddie Wazzi Guipi\u00e9.<\/b><\/p>\n<p><span style=\"text-decoration: underline;\"><b>Les interrog\u00e9s\u00a0: <\/b><\/span><\/p>\n<ul>\n<li>Bakary et Abdramane\u00a0; mouvement de jeunesse (RHDP Rassemblement des Houphouetistes pour la D\u00e9mocratie et la Paix)<\/li>\n<\/ul>\n<p>&nbsp;<\/p>\n<ul>\n<li>Eddie Wazi Guipi\u00e9\u00a0: Doctorant enseignant en science politique. Charg\u00e9 de la Jeunesse \u00e0 la Majorit\u00e9 Pr\u00e9sidentielle (Pro-Gbagbo)<\/li>\n<\/ul>\n<p>&nbsp;<\/p>\n<p>&nbsp;<\/p>\n<p><b><span style=\"text-decoration: underline;\">Quel bilan faites-vous des \u00e9lections\u00a0? <\/span><\/b><b><\/b><\/p>\n<p><b>Bakary et Abdramane\u00a0:<\/b> <i>\u00ab\u00a0Elles se sont bien d\u00e9roul\u00e9es. Avec un taux participation record en Afrique. \u00a0Aussi tous les observateurs nationaux et internationaux ont, dans la quasi-unanimit\u00e9, relev\u00e9 le bon d\u00e9roulement du scrutin. Mais elles apparaissent pour nous comme \u00e9tant un moyen de sortie d\u00e9finitive de la crise en C\u00f4te-D\u2019Ivoire avec comme corollaire, la dotation du pays d&rsquo;institutions l\u00e9gitimes\u00a0\u00bb.<\/i><\/p>\n<p><b>Eddie Wazi Guipi\u00e9\u00a0:<\/b> <i>\u00ab\u00a0Le bilan est totalement n\u00e9gatif. Nous avons attendu 5 ans pour organiser ces \u00e9lections et le r\u00e9sultat est catastrophique. La communaut\u00e9 occidentale nous a pouss\u00e9 dans une logique qui veut qu&rsquo;on ait des \u00e9lections juste pour en avoir, c&rsquo;est-\u00e0-dire dans un contexte non pacifi\u00e9. Pour preuves, l&rsquo;ensemble des accords sign\u00e9s par les bellig\u00e9rants pr\u00e9voyaient le d\u00e9sarmement des rebelles. Ceux-ci ont su man\u0153uvrer en reportant ce d\u00e9sarmement aux calendes grecques. In fine, on aboutit \u00e0 une situation avec un pays divis\u00e9 en deux dont une partie est toujours sous contr\u00f4le direct des rebelles. Tout ceci ne pouvait que biaiser les r\u00e9sultats. Quand vous voyez les scores de Ouattara dans le Nord, fief des rebelles, vous\u00a0comprenez\u00a0tout de suite que les \u00e9lecteurs \u00e9taient conditionn\u00e9s par la peur, le chantage et par \u00a0la violence &#8230; Au demeurant l&rsquo;attitude de la communaut\u00e9 occidentale laisse perplexe\u00a0: c&rsquo;est la premi\u00e8re fois qu&rsquo;on voit un tel degr\u00e9 de pression pour des \u00e9lections en Afrique. Ceci n&rsquo;est pas d\u00e9nu\u00e9 de tout int\u00e9r\u00eat\u00a0\u00bb.<\/i><\/p>\n<p>&nbsp;<\/p>\n<p><b><span style=\"text-decoration: underline;\">Comment jugez-vous la situation en C\u00f4te d&rsquo;ivoire\u00a0? <\/span><\/b><b><\/b><\/p>\n<p><b>Bakary et Abdramane\u00a0:<\/b> \u00ab\u00a0L<i>a situation est clairement une tentative de confiscation de l&rsquo;expression souveraine du peuple de C\u00f4te-D&rsquo;Ivoire. Son choix s&rsquo;est port\u00e9 sur Mr Alassane Dramane Ouattara lors du second\u00a0 tour des pr\u00e9sidentielles du 28 novembre 2010. Le refus de l&rsquo;acceptation du verdict des urnes par Mr\u00a0 Laurent Gbagbo alors qu&rsquo;il s&rsquo;y \u00e9tait formellement et solennellement engag\u00e9 devant le peuple Ivoirien a conduit le pays dans la situation que nous connaissons tous aujourd&rsquo;hui.<\/i><\/p>\n<p><i>Mais avant de poursuivre il est bon d&rsquo;apporter un \u00e9clairage sur la conduite du processus \u00e9lectoral lui-m\u00eame. Celui-ci a \u00e9t\u00e9 conduit par une Commission Electorale Ind\u00e9pendante ( CEI ) dont la composition a \u00e9t\u00e9 ent\u00e9rin\u00e9e et m\u00eame souhait\u00e9e par Laurent Gbagbo lui-m\u00eame lors de la signature en mars 2007 de l&rsquo;Accord Politique de Ouagadougou (APO) initi\u00e9e par Laurent Gbagbo. Par ailleurs, s&rsquo;\u00e9tant rendu compte que les r\u00e9sultats provisoires venant des bureaux de vote ne lui \u00e9tant pas favorables, il s&rsquo;est automatiquement lanc\u00e9 dans des accusations grossi\u00e8res de fraudes alors que les r\u00e9sultats n&rsquo;avaient pas \u00e9t\u00e9 proclam\u00e9s par la CEI, organe d\u00fbment habilit\u00e9 \u00e0 le faire. Aussi face \u00e0 la d\u00e9termination de la CEI d&rsquo;aller au bout de sa mission, l&rsquo;on a pu voir une sc\u00e8ne de d\u00e9solation mais surtout ridicule sur l&rsquo;ensemble des t\u00e9l\u00e9visions du monde avec des repr\u00e9sentants du camp Gbagbo au sein de la CEI emp\u00eachant physiquement la proclamation des r\u00e9sultats dans le seul et unique but d&rsquo;\u00e9puiser le d\u00e9lai de 72 h imparti \u00e0 la CEI pour la proclamation des r\u00e9sultats, afin de la dessaisir et de\u00a0 saisir le conseil Constitutionnel, qui notons le bien est acquis \u00e0 Laurent Gbagbo. Il s&rsquo;en suit une d\u00e9marche toute aussi cavali\u00e8re d&rsquo;annulation des r\u00e9sultats\u00a0 de neuf D\u00e9partements Administratifs acquis depuis le 1er tour \u00e0 Alassane Ouattara, et tout ceci le lendemain de la d\u00e9saisine de la CEI par le Conseil constitutionnel qui proclamera Laurent Gbagbo vainqueur de ce scrutin. <\/i><\/p>\n<p><i>Face \u00e0 cette forfaiture, le monde entier a dit son indignation et surtout r\u00e9affirm\u00e9 son attachement profond au principe d\u00e9mocratique fondamental qu&rsquo;est le respect de la volont\u00e9 des peuples. <\/i><\/p>\n<p><i><b>Eddie Wazi Guipi\u00e9\u00a0:<\/b> La situation est tendue mais elle reste \u00e9loign\u00e9e de ce que d\u00e9crivent les m\u00e9dias occidentaux. Les tirs group\u00e9s contre Gbagbo sans discernement ni m\u00eame \u00e9change contradictoire ne font que renforcer les partisans de Gbagbo \u00e0 croire en la\u00a0 justesse de leur cause. Souvenons-nous de la position de ces m\u00eames m\u00e9dias lors des assassinats de Lumumba et de Sankara, ils ne sont pas des mod\u00e8les de respect de d\u00e9ontologie .Mieux ,ils appartiennent \u00e0 une savante industrie de l&rsquo;intoxication. A Abidjan et dans le reste du Pays, les choses sont calmes, les Ivoiriens ne veulent que la Paix&#8230;<\/i><\/p>\n<p>&nbsp;<\/p>\n<p><b><span style=\"text-decoration: underline;\">Comment se sont pass\u00e9es les \u00e9lections sur Lyon\u00a0? <\/span><\/b><b><\/b><\/p>\n<p><b>Bakary et Abdramane\u00a0:<\/b> <i>Dans une ambiance tr\u00e8s fraternelle aux allures de f\u00eate nationale. Tous les d\u00e9l\u00e9gu\u00e9s des deux camps \u00e9changeaient, se chahutaient dans la courtoisie.<\/i><\/p>\n<p><b>Eddie Wazi Guipi\u00e9\u00a0:<\/b> <i>Les \u00e9lections se sont remarquablement bien pass\u00e9es \u00e0 Lyon concernant les deux tours. Vous savez, la communaut\u00e9 ivoirienne est petite et nous nous connaissons tous. Nonobstant\u00a0cette fraternit\u00e9, nos votes ont \u00e9t\u00e9 annul\u00e9s par le superviseur de la CEI, Mr Bamba Yacouba pour le motif que le vote n&rsquo;a pu bien se d\u00e9rouler \u00e0 Paris. Il est int\u00e9ressant de constater que c&rsquo;est la \u00ab\u00a0jurisprudence Bamba\u00a0\u00bb qui a conduit le Conseil Constitutionnel \u00e0 annuler les votes dans les sept d\u00e9partements concern\u00e9s par des fraudes massives.<\/i><\/p>\n<p>&nbsp;<\/p>\n<p><b><span style=\"text-decoration: underline;\">La communaut\u00e9 ivoirienne de Lyon est-t-elle divis\u00e9e\u00a0? <\/span><\/b><b><\/b><\/p>\n<p><b>Bakary et Abdramane\u00a0:<\/b> <i>Sinc\u00e8rement je ne crois pas car mes rapports avec mes compatriotes sont rest\u00e9s intacts.<\/i><\/p>\n<p><b>Eddie Wazi Guipi\u00e9\u00a0:<\/b> <i>Nous ne sommes pas divis\u00e9s et nous ne pourront l&rsquo;\u00eatre. Nous aimons tous notre pays. Un seul credo\u00a0: respectons les r\u00e8gles que nous nous sommes choisies.<\/i><\/p>\n<p><i>\u00a0<\/i><\/p>\n<p><b><span style=\"text-decoration: underline;\">D&rsquo;apr\u00e8s vous, que va-t-il arriver\u00a0? <\/span><\/b><b><\/b><\/p>\n<p><b>Bakary et Abdramane\u00a0:<\/b> <i>Je pense que c&rsquo;est un d\u00e9fi qui est lanc\u00e9 \u00e0 la d\u00e9mocratie, \u00e0 l&rsquo;ensemble du monde libre mais surtout un test d&rsquo;ancrage d\u00e9mocratique pour l&rsquo;Afrique toute enti\u00e8re. Du coup il est bon pour la survie de la d\u00e9mocratie en C\u00f4te-d&rsquo;Ivoire et partout sur le continent africain que la communaut\u00e9 ivorienne en premier avec l&rsquo;appui du monde entier prenne ses responsabilit\u00e9s en imposant par tous les moyens le respect du verdict des urnes.<\/i><\/p>\n<p><i>Dans le cas contraire, il se pr\u00e9pare en C\u00f4te d&rsquo;Ivoire ce qui est arriv\u00e9 dans tous les pays o\u00f9 la n\u00e9gation flagrante de la volont\u00e9 populaire n&rsquo;a pas \u00e9t\u00e9 respect\u00e9e ,c&rsquo;est \u00e0 dire clairement un risque tr\u00e8s \u00e9lev\u00e9 de g\u00e9nocide et le sc\u00e9nario se d\u00e9ploie progressivement au regard de toutes les violences qu&rsquo;il y eu ces derniers jours sur les partisans de Mr Ouattara..<\/i><\/p>\n<p><b>Eddie Wazi Guipi\u00e9\u00a0:<\/b> <i>En l&rsquo;\u00e9tat actuel des choses la situation reste volatile, nous souhaitons que le candidat Ouattara s&rsquo;incline devant la d\u00e9cision du Conseil Constitutionnel et qu&rsquo;il se pr\u00e9pare pour les l\u00e9gislatives.<\/i><\/p>\n<p><i>\u00a0<\/i><\/p>\n<p><b><span style=\"text-decoration: underline;\">Et vous\u00a0?\u00a0 Que pensez vous faire\u00a0? <\/span><\/b><b><\/b><\/p>\n<p><b>Bakary et Abdramane\u00a0:<\/b> <i>Nous restons mobilis\u00e9s pour que la volont\u00e9 du peuple de C\u00f4te-d&rsquo;Ivoire soit respect\u00e9e enti\u00e8rement et que la victoire de Mr Alassane Ouattara lui soit reconnue par Mr Gbagbo. Je profite d&rsquo;ailleurs de l&rsquo;occasion pour lancer un appel \u00e0 l&rsquo;ensemble des d\u00e9mocrates vivant \u00e0 Lyon de se joindre au meeting que le\u00a0 Rassemblement des Houphouetistes pour la D\u00e9mocratie et la Paix\u00a0 pr\u00e9voit certainement le 9 janvier 2011 Place Bellecour. Nous croyons n\u00e9anmoins que la raison finira par l&#8217;emporter\u00a0 sur\u00a0 M Gbagbo afin d&rsquo;\u00e9viter \u00e0 la C\u00f4te -d&rsquo;Ivoire des violences inutiles.<\/i><\/p>\n<p><b>Eddie Wazi Guipi\u00e9\u00a0:<\/b> <i>Nous militons pour la paix et le respect des institutions. Les ultimatums de la Communaut\u00e9 occidentale ne nous impressionnent gu\u00e8re. Nous ferons front pour faire pr\u00e9valoir le droit et la l\u00e9gitimit\u00e9 du pr\u00e9sident Gbagbo.<\/i><\/p>\n<p>A l&rsquo;image de ce qu&rsquo;il se passe en C\u00f4te-D&rsquo;Ivoire, il semble qu&rsquo;\u00e0 Lyon aussi, les deux camps ne sont pas pr\u00eats \u00e0 baisser les bras et sortent confort\u00e9s dans leurs prises de positions. Les \u00e9carts de lecture\u00a0 autour de ces \u00e9v\u00e8nements restent\u00a0 tout de m\u00eame importants .\u00a0 Cependant, il semblerait que les relations entre les membres de la communaut\u00e9 ivoirienne de la r\u00e9gion restent positives. Est- ce d\u00fb au \u00ab\u00a0privil\u00e8ge\u00a0\u00bb de la distance g\u00e9ographique\u00a0? Cela va-t-il durer\u00a0?<\/p>\n<!-- AddThis Advanced Settings generic via filter on the_content --><!-- AddThis Share Buttons generic via filter on the_content -->","protected":false},"excerpt":{"rendered":"<p>Guilhem a crois\u00e9 les r\u00e9ponses aux questions qu\u2019il a pos\u00e9 \u00e0 des membres engag\u00e9s de la communaut\u00e9 ivoirienne de Lyon. Petite prise de temp\u00e9rature \u2026 &hellip; <!-- AddThis Advanced Settings generic via filter on wp_trim_excerpt --><!-- AddThis Share Buttons generic via filter on wp_trim_excerpt --><\/p>\n","protected":false},"author":26,"featured_media":2307,"comment_status":"open","ping_status":"open","sticky":false,"template":"","format":"standard","meta":{"_FSMCFIC_featured_image_caption":"","_FSMCFIC_featured_image_nocaption":"","_FSMCFIC_featured_image_hide":"","footnotes":""},"categories":[4],"tags":[10,112],"class_list":["post-2303","post","type-post","status-publish","format-standard","has-post-thumbnail","hentry","category-lyon","tag-lyon-2","tag-lyon-bondy-blog"],"yoast_head":"<!-- This site is optimized with the Yoast SEO plugin v22.8 - https:\/\/yoast.com\/wordpress\/plugins\/seo\/ -->\n<title>C\u00f4te-D&#039;Ivoire \u00e0 Lyon : regards crois\u00e9s de la jeunesse militante ivoirienne - Lyon Bondy Blog<\/title>\n<meta name=\"robots\" content=\"index, follow, max-snippet:-1, max-image-preview:large, max-video-preview:-1\" \/>\n<link rel=\"canonical\" href=\"https:\/\/lyonbondyblog.fr\/LBB\/cote-divoire-a-lyon-regards-croises-de-la-jeunesse-militante-ivoirienne\/\" \/>\n<meta property=\"og:locale\" content=\"fr_FR\" \/>\n<meta property=\"og:type\" content=\"article\" \/>\n<meta property=\"og:title\" content=\"C\u00f4te-D&#039;Ivoire \u00e0 Lyon : regards crois\u00e9s de la jeunesse militante ivoirienne - Lyon Bondy Blog\" \/>\n<meta property=\"og:description\" content=\"Guilhem a crois\u00e9 les r\u00e9ponses aux questions qu\u2019il a pos\u00e9 \u00e0 des membres engag\u00e9s de la communaut\u00e9 ivoirienne de Lyon. Petite prise de temp\u00e9rature \u2026 &hellip;\" \/>\n<meta property=\"og:url\" content=\"https:\/\/lyonbondyblog.fr\/LBB\/cote-divoire-a-lyon-regards-croises-de-la-jeunesse-militante-ivoirienne\/\" \/>\n<meta property=\"og:site_name\" content=\"Lyon Bondy Blog\" \/>\n<meta property=\"article:publisher\" content=\"https:\/\/www.facebook.com\/lyonbondyblog\" \/>\n<meta property=\"article:published_time\" content=\"2011-12-04T15:48:58+00:00\" \/>\n<meta property=\"article:modified_time\" content=\"2013-07-30T14:51:34+00:00\" \/>\n<meta property=\"og:image\" content=\"https:\/\/lyonbondyblog.fr\/LBB\/wp-content\/uploads\/2013\/07\/ci_t.jpg\" \/>\n\t<meta property=\"og:image:width\" content=\"194\" \/>\n\t<meta property=\"og:image:height\" content=\"129\" \/>\n\t<meta property=\"og:image:type\" content=\"image\/jpeg\" \/>\n<meta name=\"author\" content=\"Guilhem Rolls\" \/>\n<meta name=\"twitter:card\" content=\"summary_large_image\" \/>\n<meta name=\"twitter:creator\" content=\"@bondybloglyon\" \/>\n<meta name=\"twitter:site\" content=\"@bondybloglyon\" \/>\n<script type=\"application\/ld+json\" class=\"yoast-schema-graph\">{\"@context\":\"https:\/\/schema.org\",\"@graph\":[{\"@type\":\"Article\",\"@id\":\"https:\/\/lyonbondyblog.fr\/LBB\/cote-divoire-a-lyon-regards-croises-de-la-jeunesse-militante-ivoirienne\/#article\",\"isPartOf\":{\"@id\":\"https:\/\/lyonbondyblog.fr\/LBB\/cote-divoire-a-lyon-regards-croises-de-la-jeunesse-militante-ivoirienne\/\"},\"author\":{\"name\":\"Guilhem Rolls\",\"@id\":\"https:\/\/lyonbondyblog.fr\/LBB\/#\/schema\/person\/93d6be04beed22feac464a7f2a3a7ace\"},\"headline\":\"C\u00f4te-D&rsquo;Ivoire \u00e0 Lyon : regards crois\u00e9s de la jeunesse militante ivoirienne\",\"datePublished\":\"2011-12-04T15:48:58+00:00\",\"dateModified\":\"2013-07-30T14:51:34+00:00\",\"mainEntityOfPage\":{\"@id\":\"https:\/\/lyonbondyblog.fr\/LBB\/cote-divoire-a-lyon-regards-croises-de-la-jeunesse-militante-ivoirienne\/\"},\"wordCount\":1514,\"commentCount\":0,\"publisher\":{\"@id\":\"https:\/\/lyonbondyblog.fr\/LBB\/#organization\"},\"image\":{\"@id\":\"https:\/\/lyonbondyblog.fr\/LBB\/cote-divoire-a-lyon-regards-croises-de-la-jeunesse-militante-ivoirienne\/#primaryimage\"},\"thumbnailUrl\":\"https:\/\/lyonbondyblog.fr\/LBB\/wp-content\/uploads\/2013\/07\/ci_t.jpg\",\"keywords\":[\"lyon\",\"Lyon Bondy Blog\"],\"articleSection\":[\"Lyon\"],\"inLanguage\":\"fr-FR\",\"potentialAction\":[{\"@type\":\"CommentAction\",\"name\":\"Comment\",\"target\":[\"https:\/\/lyonbondyblog.fr\/LBB\/cote-divoire-a-lyon-regards-croises-de-la-jeunesse-militante-ivoirienne\/#respond\"]}]},{\"@type\":\"WebPage\",\"@id\":\"https:\/\/lyonbondyblog.fr\/LBB\/cote-divoire-a-lyon-regards-croises-de-la-jeunesse-militante-ivoirienne\/\",\"url\":\"https:\/\/lyonbondyblog.fr\/LBB\/cote-divoire-a-lyon-regards-croises-de-la-jeunesse-militante-ivoirienne\/\",\"name\":\"C\u00f4te-D'Ivoire \u00e0 Lyon : regards crois\u00e9s de la jeunesse militante ivoirienne - Lyon Bondy Blog\",\"isPartOf\":{\"@id\":\"https:\/\/lyonbondyblog.fr\/LBB\/#website\"},\"primaryImageOfPage\":{\"@id\":\"https:\/\/lyonbondyblog.fr\/LBB\/cote-divoire-a-lyon-regards-croises-de-la-jeunesse-militante-ivoirienne\/#primaryimage\"},\"image\":{\"@id\":\"https:\/\/lyonbondyblog.fr\/LBB\/cote-divoire-a-lyon-regards-croises-de-la-jeunesse-militante-ivoirienne\/#primaryimage\"},\"thumbnailUrl\":\"https:\/\/lyonbondyblog.fr\/LBB\/wp-content\/uploads\/2013\/07\/ci_t.jpg\",\"datePublished\":\"2011-12-04T15:48:58+00:00\",\"dateModified\":\"2013-07-30T14:51:34+00:00\",\"inLanguage\":\"fr-FR\",\"potentialAction\":[{\"@type\":\"ReadAction\",\"target\":[\"https:\/\/lyonbondyblog.fr\/LBB\/cote-divoire-a-lyon-regards-croises-de-la-jeunesse-militante-ivoirienne\/\"]}]},{\"@type\":\"ImageObject\",\"inLanguage\":\"fr-FR\",\"@id\":\"https:\/\/lyonbondyblog.fr\/LBB\/cote-divoire-a-lyon-regards-croises-de-la-jeunesse-militante-ivoirienne\/#primaryimage\",\"url\":\"https:\/\/lyonbondyblog.fr\/LBB\/wp-content\/uploads\/2013\/07\/ci_t.jpg\",\"contentUrl\":\"https:\/\/lyonbondyblog.fr\/LBB\/wp-content\/uploads\/2013\/07\/ci_t.jpg\",\"width\":194,\"height\":129},{\"@type\":\"WebSite\",\"@id\":\"https:\/\/lyonbondyblog.fr\/LBB\/#website\",\"url\":\"https:\/\/lyonbondyblog.fr\/LBB\/\",\"name\":\"Lyon Bondy Blog\",\"description\":\"\",\"publisher\":{\"@id\":\"https:\/\/lyonbondyblog.fr\/LBB\/#organization\"},\"potentialAction\":[{\"@type\":\"SearchAction\",\"target\":{\"@type\":\"EntryPoint\",\"urlTemplate\":\"https:\/\/lyonbondyblog.fr\/LBB\/?s={search_term_string}\"},\"query-input\":\"required name=search_term_string\"}],\"inLanguage\":\"fr-FR\"},{\"@type\":\"Organization\",\"@id\":\"https:\/\/lyonbondyblog.fr\/LBB\/#organization\",\"name\":\"LYON BONDY BLOG\",\"url\":\"https:\/\/lyonbondyblog.fr\/LBB\/\",\"logo\":{\"@type\":\"ImageObject\",\"inLanguage\":\"fr-FR\",\"@id\":\"https:\/\/lyonbondyblog.fr\/LBB\/#\/schema\/logo\/image\/\",\"url\":\"http:\/\/lyonbondyblog.fr\/LBB\/wp-content\/uploads\/2014\/10\/logo-portable-144.png\",\"contentUrl\":\"http:\/\/lyonbondyblog.fr\/LBB\/wp-content\/uploads\/2014\/10\/logo-portable-144.png\",\"width\":144,\"height\":123,\"caption\":\"LYON BONDY BLOG\"},\"image\":{\"@id\":\"https:\/\/lyonbondyblog.fr\/LBB\/#\/schema\/logo\/image\/\"},\"sameAs\":[\"https:\/\/www.facebook.com\/lyonbondyblog\",\"https:\/\/x.com\/bondybloglyon\"]},{\"@type\":\"Person\",\"@id\":\"https:\/\/lyonbondyblog.fr\/LBB\/#\/schema\/person\/93d6be04beed22feac464a7f2a3a7ace\",\"name\":\"Guilhem Rolls\",\"url\":\"https:\/\/lyonbondyblog.fr\/LBB\/author\/guilhem\/\"}]}<\/script>\n<!-- \/ Yoast SEO plugin. -->","yoast_head_json":{"title":"C\u00f4te-D'Ivoire \u00e0 Lyon : regards crois\u00e9s de la jeunesse militante ivoirienne - Lyon Bondy Blog","robots":{"index":"index","follow":"follow","max-snippet":"max-snippet:-1","max-image-preview":"max-image-preview:large","max-video-preview":"max-video-preview:-1"},"canonical":"https:\/\/lyonbondyblog.fr\/LBB\/cote-divoire-a-lyon-regards-croises-de-la-jeunesse-militante-ivoirienne\/","og_locale":"fr_FR","og_type":"article","og_title":"C\u00f4te-D'Ivoire \u00e0 Lyon : regards crois\u00e9s de la jeunesse militante ivoirienne - Lyon Bondy Blog","og_description":"Guilhem a crois\u00e9 les r\u00e9ponses aux questions qu\u2019il a pos\u00e9 \u00e0 des membres engag\u00e9s de la communaut\u00e9 ivoirienne de Lyon. Petite prise de temp\u00e9rature \u2026 &hellip;","og_url":"https:\/\/lyonbondyblog.fr\/LBB\/cote-divoire-a-lyon-regards-croises-de-la-jeunesse-militante-ivoirienne\/","og_site_name":"Lyon Bondy Blog","article_publisher":"https:\/\/www.facebook.com\/lyonbondyblog","article_published_time":"2011-12-04T15:48:58+00:00","article_modified_time":"2013-07-30T14:51:34+00:00","og_image":[{"width":194,"height":129,"url":"https:\/\/lyonbondyblog.fr\/LBB\/wp-content\/uploads\/2013\/07\/ci_t.jpg","type":"image\/jpeg"}],"author":"Guilhem Rolls","twitter_card":"summary_large_image","twitter_creator":"@bondybloglyon","twitter_site":"@bondybloglyon","schema":{"@context":"https:\/\/schema.org","@graph":[{"@type":"Article","@id":"https:\/\/lyonbondyblog.fr\/LBB\/cote-divoire-a-lyon-regards-croises-de-la-jeunesse-militante-ivoirienne\/#article","isPartOf":{"@id":"https:\/\/lyonbondyblog.fr\/LBB\/cote-divoire-a-lyon-regards-croises-de-la-jeunesse-militante-ivoirienne\/"},"author":{"name":"Guilhem Rolls","@id":"https:\/\/lyonbondyblog.fr\/LBB\/#\/schema\/person\/93d6be04beed22feac464a7f2a3a7ace"},"headline":"C\u00f4te-D&rsquo;Ivoire \u00e0 Lyon : regards crois\u00e9s de la jeunesse militante ivoirienne","datePublished":"2011-12-04T15:48:58+00:00","dateModified":"2013-07-30T14:51:34+00:00","mainEntityOfPage":{"@id":"https:\/\/lyonbondyblog.fr\/LBB\/cote-divoire-a-lyon-regards-croises-de-la-jeunesse-militante-ivoirienne\/"},"wordCount":1514,"commentCount":0,"publisher":{"@id":"https:\/\/lyonbondyblog.fr\/LBB\/#organization"},"image":{"@id":"https:\/\/lyonbondyblog.fr\/LBB\/cote-divoire-a-lyon-regards-croises-de-la-jeunesse-militante-ivoirienne\/#primaryimage"},"thumbnailUrl":"https:\/\/lyonbondyblog.fr\/LBB\/wp-content\/uploads\/2013\/07\/ci_t.jpg","keywords":["lyon","Lyon Bondy Blog"],"articleSection":["Lyon"],"inLanguage":"fr-FR","potentialAction":[{"@type":"CommentAction","name":"Comment","target":["https:\/\/lyonbondyblog.fr\/LBB\/cote-divoire-a-lyon-regards-croises-de-la-jeunesse-militante-ivoirienne\/#respond"]}]},{"@type":"WebPage","@id":"https:\/\/lyonbondyblog.fr\/LBB\/cote-divoire-a-lyon-regards-croises-de-la-jeunesse-militante-ivoirienne\/","url":"https:\/\/lyonbondyblog.fr\/LBB\/cote-divoire-a-lyon-regards-croises-de-la-jeunesse-militante-ivoirienne\/","name":"C\u00f4te-D'Ivoire \u00e0 Lyon : regards crois\u00e9s de la jeunesse militante ivoirienne - Lyon Bondy Blog","isPartOf":{"@id":"https:\/\/lyonbondyblog.fr\/LBB\/#website"},"primaryImageOfPage":{"@id":"https:\/\/lyonbondyblog.fr\/LBB\/cote-divoire-a-lyon-regards-croises-de-la-jeunesse-militante-ivoirienne\/#primaryimage"},"image":{"@id":"https:\/\/lyonbondyblog.fr\/LBB\/cote-divoire-a-lyon-regards-croises-de-la-jeunesse-militante-ivoirienne\/#primaryimage"},"thumbnailUrl":"https:\/\/lyonbondyblog.fr\/LBB\/wp-content\/uploads\/2013\/07\/ci_t.jpg","datePublished":"2011-12-04T15:48:58+00:00","dateModified":"2013-07-30T14:51:34+00:00","inLanguage":"fr-FR","potentialAction":[{"@type":"ReadAction","target":["https:\/\/lyonbondyblog.fr\/LBB\/cote-divoire-a-lyon-regards-croises-de-la-jeunesse-militante-ivoirienne\/"]}]},{"@type":"ImageObject","inLanguage":"fr-FR","@id":"https:\/\/lyonbondyblog.fr\/LBB\/cote-divoire-a-lyon-regards-croises-de-la-jeunesse-militante-ivoirienne\/#primaryimage","url":"https:\/\/lyonbondyblog.fr\/LBB\/wp-content\/uploads\/2013\/07\/ci_t.jpg","contentUrl":"https:\/\/lyonbondyblog.fr\/LBB\/wp-content\/uploads\/2013\/07\/ci_t.jpg","width":194,"height":129},{"@type":"WebSite","@id":"https:\/\/lyonbondyblog.fr\/LBB\/#website","url":"https:\/\/lyonbondyblog.fr\/LBB\/","name":"Lyon Bondy Blog","description":"","publisher":{"@id":"https:\/\/lyonbondyblog.fr\/LBB\/#organization"},"potentialAction":[{"@type":"SearchAction","target":{"@type":"EntryPoint","urlTemplate":"https:\/\/lyonbondyblog.fr\/LBB\/?s={search_term_string}"},"query-input":"required name=search_term_string"}],"inLanguage":"fr-FR"},{"@type":"Organization","@id":"https:\/\/lyonbondyblog.fr\/LBB\/#organization","name":"LYON BONDY BLOG","url":"https:\/\/lyonbondyblog.fr\/LBB\/","logo":{"@type":"ImageObject","inLanguage":"fr-FR","@id":"https:\/\/lyonbondyblog.fr\/LBB\/#\/schema\/logo\/image\/","url":"http:\/\/lyonbondyblog.fr\/LBB\/wp-content\/uploads\/2014\/10\/logo-portable-144.png","contentUrl":"http:\/\/lyonbondyblog.fr\/LBB\/wp-content\/uploads\/2014\/10\/logo-portable-144.png","width":144,"height":123,"caption":"LYON BONDY BLOG"},"image":{"@id":"https:\/\/lyonbondyblog.fr\/LBB\/#\/schema\/logo\/image\/"},"sameAs":["https:\/\/www.facebook.com\/lyonbondyblog","https:\/\/x.com\/bondybloglyon"]},{"@type":"Person","@id":"https:\/\/lyonbondyblog.fr\/LBB\/#\/schema\/person\/93d6be04beed22feac464a7f2a3a7ace","name":"Guilhem Rolls","url":"https:\/\/lyonbondyblog.fr\/LBB\/author\/guilhem\/"}]}},"_links":{"self":[{"href":"https:\/\/lyonbondyblog.fr\/LBB\/wp-json\/wp\/v2\/posts\/2303","targetHints":{"allow":["GET"]}}],"collection":[{"href":"https:\/\/lyonbondyblog.fr\/LBB\/wp-json\/wp\/v2\/posts"}],"about":[{"href":"https:\/\/lyonbondyblog.fr\/LBB\/wp-json\/wp\/v2\/types\/post"}],"author":[{"embeddable":true,"href":"https:\/\/lyonbondyblog.fr\/LBB\/wp-json\/wp\/v2\/users\/26"}],"replies":[{"embeddable":true,"href":"https:\/\/lyonbondyblog.fr\/LBB\/wp-json\/wp\/v2\/comments?post=2303"}],"version-history":[{"count":0,"href":"https:\/\/lyonbondyblog.fr\/LBB\/wp-json\/wp\/v2\/posts\/2303\/revisions"}],"wp:featuredmedia":[{"embeddable":true,"href":"https:\/\/lyonbondyblog.fr\/LBB\/wp-json\/wp\/v2\/media\/2307"}],"wp:attachment":[{"href":"https:\/\/lyonbondyblog.fr\/LBB\/wp-json\/wp\/v2\/media?parent=2303"}],"wp:term":[{"taxonomy":"category","embeddable":true,"href":"https:\/\/lyonbondyblog.fr\/LBB\/wp-json\/wp\/v2\/categories?post=2303"},{"taxonomy":"post_tag","embeddable":true,"href":"https:\/\/lyonbondyblog.fr\/LBB\/wp-json\/wp\/v2\/tags?post=2303"}],"curies":[{"name":"wp","href":"https:\/\/api.w.org\/{rel}","templated":true}]}}