{"id":2298,"date":"2010-12-06T16:45:45","date_gmt":"2010-12-06T15:45:45","guid":{"rendered":"http:\/\/lyonbondyblog.fr\/LBB\/?p=2298"},"modified":"2013-07-30T16:48:48","modified_gmt":"2013-07-30T14:48:48","slug":"agenda-de-la-semaine-8","status":"publish","type":"post","link":"https:\/\/lyonbondyblog.fr\/LBB\/agenda-de-la-semaine-8\/","title":{"rendered":"Agenda de la semaine # 8"},"content":{"rendered":"<p><strong>Chaque lundi, le LBB vous propose une s\u00e9lection des \u00e9v\u00e8nements culturels et sportifs de la semaine, \u00e0 Lyon et dans sa banlieue.<\/strong><\/p>\n<p><a href=\"https:\/\/lyonbondyblog.fr\/LBB\/wp-content\/uploads\/2013\/07\/agenda.jpg\"><img loading=\"lazy\" decoding=\"async\" width=\"193\" height=\"145\" class=\"aligncenter size-full wp-image-2301\" alt=\"agenda\" src=\"https:\/\/lyonbondyblog.fr\/LBB\/wp-content\/uploads\/2013\/07\/agenda.jpg\" \/><\/a><\/p>\n<p>Au programme, cette semaine, des lumi\u00e8res, des contes et le concert d&rsquo;Amel Bent.<\/p>\n<p><span style=\"text-decoration: underline;\"><b>Mardi<\/b><\/span><\/p>\n<p><i><b>Bron<\/b><\/i><br \/>\nProjection de \u00ab\u00a0Voyage en famille\u00a0\u00bb de Pablo Tapero suivie d&rsquo;un d\u00e9bat en partenariat avec l&rsquo;association Jumelage Bron-Talavera de la Reina le mardi 7 d\u00e9cembre \u00e0 20h au cin\u00e9ma Les Aliz\u00e9s. \u00ab\u00a0Trapero est \u00e0 l&rsquo;aise dans son troisi\u00e8me long m\u00e9trage comme on le dirait d&rsquo;un homme dans un costume qui lui va bien. Il a tout simplement l&rsquo;air heureux de faire du cin\u00e9ma, et le fait partager\u00a0\u00bb. Lib\u00e9ration. <a href=\"http:\/\/www.veomap.com\/carte-bron\/index.php?target=92\" target=\"_blank\">Cin\u00e9ma Les Aliz\u00e9s<\/a>, 214, avenue Franklin-Roosevelt\u00a0\u00a0, 04 78 41 05 55.<\/p>\n<p>&nbsp;<\/p>\n<p><span style=\"text-decoration: underline;\"><b>Mercredi<\/b><\/span><\/p>\n<p><b><i>Lyon<\/i>.<\/b> F\u00eate des Lumi\u00e8res. D\u00e9couvrez tout la programme arrondissement par arrondissement. <a href=\"http:\/\/www.fetedeslumieres.lyon.fr\/\">http:\/\/www.fetedeslumieres.lyon.fr\/<\/a><\/p>\n<p><i><b>Villeurbanne<\/b><\/i>. La ville propose un 8 d\u00e9cembre d\u00e9tourn\u00e9 o\u00f9 les acrobates, les funambules, les musiciens, les roues et les cercles animeront l&rsquo;espace public. L&rsquo;avenue Henri-Barbusse (ferm\u00e9e \u00e0 la circulation, entre la mairie et la rue Anatole-France), laissera place \u00e0 une d\u00e9ambulation pour tous, jalonn\u00e9e, d\u00e8s 16 heures, d&rsquo;impromptus musicaux assur\u00e9s par des \u00e9l\u00e8ves et des enseignants de l&rsquo;Ecole nationale de musique. Des interventions qui auront lieu dehors, mais aussi dedans, \u00e0 l&rsquo;int\u00e9rieur des magasins de l&rsquo;avenue. Tout le programme <a href=\"http:\/\/www.viva-interactif.com\/huit_decembre_villeurbanne_2010.news\">http:\/\/www.viva-interactif.com\/huit_decembre_villeurbanne_2010.news<\/a><\/p>\n<p><i><b>Bron.<\/b><\/i> Le 8 d\u00e9cembre se c\u00e9l\u00e8bre aussi \u00e0 Bron. Tout commence vers 17h, square Jean-Ranneaud avec un man\u00e8ge en bois flott\u00e9 \u00ab\u00a0Le bestiaire alpin\u00a0\u00bb. Puis, \u00e0 18h, d\u00e9but des festivit\u00e9s avec un spectacle et une\u00a0d\u00e9ambulation de la Compagnie\u00a0Les N\u00e9buleux\u00a0avec des bulles de savon g\u00e9antes. De 19h \u00e0 19h45, un grand spectacle \u00ab\u00a0Mobile homme\u00a0\u00bb pr\u00e9sent\u00e9 par la Compagnie Transe Express, compos\u00e9 de mobiles en tambours-majors en chair et en os, le tout accroch\u00e9 \u00e0 une grue\u00a0: un fr\u00eale trap\u00e9ziste vient \u00e9voluer au beau milieu de cette grappe a\u00e9rienne alors que 7 percussionnistes jouent aux apprentis sorciers. A 18h30 et 20h, la BandaBron vousn proposera\u00a0une fanfare d\u00e9ambulatoire.\u00a0<a href=\"http:\/\/www.ville-bron.fr\/editorial.php?Rub=263&amp;only_one=2203#programme\">T\u00e9l\u00e9chargez le programme<\/a><\/p>\n<p>&nbsp;<\/p>\n<p><span style=\"text-decoration: underline;\"><b>Jeudi<\/b><\/span><\/p>\n<p><b><i>Vaulx en Velin.<\/i><\/b> Dans le cadre du projet \u201cD\u2019Hiroshima \u00e0 Nagasaki, des jeunes vaudais face au d\u00e9sarmement\u201d, conduit par la section karat\u00e9 de la MJC, la Ville de Vaulx-en-Velin, la MJC et les jeunes du projet organisent un colloque jeudi 9 d\u00e9cembre \u00e0 18h30 \u00e0 l\u2019espace sc\u00e9nique de la MJC (13, avenue Henri-Barbusse). 16 jeunes de la section karat\u00e9 de la MJC, 8 filles et 8 gar\u00e7ons \u00e2g\u00e9s de 16 \u00e0 21 ans, se sont lanc\u00e9s dans ce projet, afin de sensibiliser la population sur le d\u00e9sarmement nucl\u00e9aire. 04 72 04 13 89 &#8211; mjcvv@wanadoo.fr <a href=\"http:\/\/www.mjcvaulxenvelin.com\">www.mjcvaulxenvelin.com<\/a><\/p>\n<p>&nbsp;<\/p>\n<p><span style=\"text-decoration: underline;\"><b>Vendredi<\/b><\/span><\/p>\n<p><i><b>Vaulx en Velin<\/b><\/i>. A partir de 19h30, Soir\u00e9e contes avec Melisdjane Melisandra Sezer et Stracho Temelkovski. \u00ab\u00a0Pourpre Tsigane\u00a0\u00bb : \u00e0 partir de contes, l\u00e9gendes, musiques et danses du monde tsigane.Tout public \u00e0 partir de 7 ans. A la Biblioth\u00e8que Georges Perec. 04 72 97 03 50 &#8211; biblio.perec.adultes@ville-vaulx-en-velin.fr<\/p>\n<p>&nbsp;<\/p>\n<p><span style=\"text-decoration: underline;\"><b>Samedi<\/b><\/span><\/p>\n<p><b><i>Meyzieu.<\/i><\/b> Concert d\u2019Amel Bent. \u00ab\u00a0O\u00f9 je vais\u00a0\u00bb.\u00a0L\u2019\u00e9criture, le studio, de nouvelles chansons \u00e0 interpr\u00e9ter sur sc\u00e8ne&#8230; Tout \u00e7a lui manquait trop. V\u00e9ritable nourriture de l\u2019esprit, Amel Bent en avait besoin pour survivre, continuer \u00e0 avancer. Faire \u00e9voluer sa passion, sa musique, son art, prend tout son sens sur son nouvel album O\u00f9 je vais. Le bonheur se lit dans ses yeux et telle une \u00e9ternelle adolescente, la chanteuse resplendit d\u2019une \u00e9nergie communicative.\u00a0Renseignements\u00a0:\u00a0Mairie de Meyzieu<br \/>\nBilletterie\u00a0: 04 72 45 18 51<br \/>\n<b><br \/>\nCet agenda peut \u00eatre modifi\u00e9 tout au long de la semaine. Vous pouvez nous transmettre des informations concernant d&rsquo;autres \u00e9v\u00e8nements culturels, sportifs, associatifs sur Lyon et sa banlieue.Mail\u00a0: lyonbondyblog@yahoo.fr<\/b><\/p>\n<!-- AddThis Advanced Settings generic via filter on the_content --><!-- AddThis Share Buttons generic via filter on the_content -->","protected":false},"excerpt":{"rendered":"<p>Chaque lundi, le LBB vous propose une s\u00e9lection des \u00e9v\u00e8nements culturels et sportifs de la semaine, \u00e0 Lyon et dans sa banlieue. Au programme, cette &hellip; <!-- AddThis Advanced Settings generic via filter on wp_trim_excerpt --><!-- AddThis Share Buttons generic via filter on wp_trim_excerpt --><\/p>\n","protected":false},"author":1,"featured_media":2301,"comment_status":"open","ping_status":"open","sticky":false,"template":"","format":"standard","meta":{"_FSMCFIC_featured_image_caption":"","_FSMCFIC_featured_image_nocaption":"","_FSMCFIC_featured_image_hide":"","footnotes":""},"categories":[3,4],"tags":[10,112],"class_list":["post-2298","post","type-post","status-publish","format-standard","has-post-thumbnail","hentry","category-culture","category-lyon","tag-lyon-2","tag-lyon-bondy-blog"],"yoast_head":"<!-- This site is optimized with the Yoast SEO plugin v22.8 - https:\/\/yoast.com\/wordpress\/plugins\/seo\/ -->\n<title>Agenda de la semaine # 8 - Lyon Bondy Blog<\/title>\n<meta name=\"robots\" content=\"index, follow, max-snippet:-1, max-image-preview:large, max-video-preview:-1\" \/>\n<link rel=\"canonical\" href=\"https:\/\/lyonbondyblog.fr\/LBB\/agenda-de-la-semaine-8\/\" \/>\n<meta property=\"og:locale\" content=\"fr_FR\" \/>\n<meta property=\"og:type\" content=\"article\" \/>\n<meta property=\"og:title\" content=\"Agenda de la semaine # 8 - Lyon Bondy Blog\" \/>\n<meta property=\"og:description\" content=\"Chaque lundi, le LBB vous propose une s\u00e9lection des \u00e9v\u00e8nements culturels et sportifs de la semaine, \u00e0 Lyon et dans sa banlieue. Au programme, cette &hellip;\" \/>\n<meta property=\"og:url\" content=\"https:\/\/lyonbondyblog.fr\/LBB\/agenda-de-la-semaine-8\/\" \/>\n<meta property=\"og:site_name\" content=\"Lyon Bondy Blog\" \/>\n<meta property=\"article:publisher\" content=\"https:\/\/www.facebook.com\/lyonbondyblog\" \/>\n<meta property=\"article:author\" content=\"https:\/\/www.facebook.com\/lyonbondyblog\" \/>\n<meta property=\"article:published_time\" content=\"2010-12-06T15:45:45+00:00\" \/>\n<meta property=\"article:modified_time\" content=\"2013-07-30T14:48:48+00:00\" \/>\n<meta property=\"og:image\" content=\"https:\/\/lyonbondyblog.fr\/LBB\/wp-content\/uploads\/2013\/07\/agenda.jpg\" \/>\n\t<meta property=\"og:image:width\" content=\"193\" \/>\n\t<meta property=\"og:image:height\" content=\"145\" \/>\n\t<meta property=\"og:image:type\" content=\"image\/jpeg\" \/>\n<meta name=\"author\" content=\"La r\u00e9daction\" \/>\n<meta name=\"twitter:card\" content=\"summary_large_image\" \/>\n<meta name=\"twitter:creator\" content=\"@BondyBlogLyon\" \/>\n<meta name=\"twitter:site\" content=\"@bondybloglyon\" \/>\n<script type=\"application\/ld+json\" class=\"yoast-schema-graph\">{\"@context\":\"https:\/\/schema.org\",\"@graph\":[{\"@type\":\"Article\",\"@id\":\"https:\/\/lyonbondyblog.fr\/LBB\/agenda-de-la-semaine-8\/#article\",\"isPartOf\":{\"@id\":\"https:\/\/lyonbondyblog.fr\/LBB\/agenda-de-la-semaine-8\/\"},\"author\":{\"name\":\"La r\u00e9daction\",\"@id\":\"https:\/\/lyonbondyblog.fr\/LBB\/#\/schema\/person\/e45f8d27baac75072daa0be50c409b25\"},\"headline\":\"Agenda de la semaine # 8\",\"datePublished\":\"2010-12-06T15:45:45+00:00\",\"dateModified\":\"2013-07-30T14:48:48+00:00\",\"mainEntityOfPage\":{\"@id\":\"https:\/\/lyonbondyblog.fr\/LBB\/agenda-de-la-semaine-8\/\"},\"wordCount\":619,\"commentCount\":0,\"publisher\":{\"@id\":\"https:\/\/lyonbondyblog.fr\/LBB\/#organization\"},\"image\":{\"@id\":\"https:\/\/lyonbondyblog.fr\/LBB\/agenda-de-la-semaine-8\/#primaryimage\"},\"thumbnailUrl\":\"https:\/\/lyonbondyblog.fr\/LBB\/wp-content\/uploads\/2013\/07\/agenda.jpg\",\"keywords\":[\"lyon\",\"Lyon Bondy Blog\"],\"articleSection\":[\"Culture\",\"Lyon\"],\"inLanguage\":\"fr-FR\",\"potentialAction\":[{\"@type\":\"CommentAction\",\"name\":\"Comment\",\"target\":[\"https:\/\/lyonbondyblog.fr\/LBB\/agenda-de-la-semaine-8\/#respond\"]}]},{\"@type\":\"WebPage\",\"@id\":\"https:\/\/lyonbondyblog.fr\/LBB\/agenda-de-la-semaine-8\/\",\"url\":\"https:\/\/lyonbondyblog.fr\/LBB\/agenda-de-la-semaine-8\/\",\"name\":\"Agenda de la semaine # 8 - Lyon Bondy Blog\",\"isPartOf\":{\"@id\":\"https:\/\/lyonbondyblog.fr\/LBB\/#website\"},\"primaryImageOfPage\":{\"@id\":\"https:\/\/lyonbondyblog.fr\/LBB\/agenda-de-la-semaine-8\/#primaryimage\"},\"image\":{\"@id\":\"https:\/\/lyonbondyblog.fr\/LBB\/agenda-de-la-semaine-8\/#primaryimage\"},\"thumbnailUrl\":\"https:\/\/lyonbondyblog.fr\/LBB\/wp-content\/uploads\/2013\/07\/agenda.jpg\",\"datePublished\":\"2010-12-06T15:45:45+00:00\",\"dateModified\":\"2013-07-30T14:48:48+00:00\",\"inLanguage\":\"fr-FR\",\"potentialAction\":[{\"@type\":\"ReadAction\",\"target\":[\"https:\/\/lyonbondyblog.fr\/LBB\/agenda-de-la-semaine-8\/\"]}]},{\"@type\":\"ImageObject\",\"inLanguage\":\"fr-FR\",\"@id\":\"https:\/\/lyonbondyblog.fr\/LBB\/agenda-de-la-semaine-8\/#primaryimage\",\"url\":\"https:\/\/lyonbondyblog.fr\/LBB\/wp-content\/uploads\/2013\/07\/agenda.jpg\",\"contentUrl\":\"https:\/\/lyonbondyblog.fr\/LBB\/wp-content\/uploads\/2013\/07\/agenda.jpg\",\"width\":193,\"height\":145},{\"@type\":\"WebSite\",\"@id\":\"https:\/\/lyonbondyblog.fr\/LBB\/#website\",\"url\":\"https:\/\/lyonbondyblog.fr\/LBB\/\",\"name\":\"Lyon Bondy Blog\",\"description\":\"\",\"publisher\":{\"@id\":\"https:\/\/lyonbondyblog.fr\/LBB\/#organization\"},\"potentialAction\":[{\"@type\":\"SearchAction\",\"target\":{\"@type\":\"EntryPoint\",\"urlTemplate\":\"https:\/\/lyonbondyblog.fr\/LBB\/?s={search_term_string}\"},\"query-input\":\"required name=search_term_string\"}],\"inLanguage\":\"fr-FR\"},{\"@type\":\"Organization\",\"@id\":\"https:\/\/lyonbondyblog.fr\/LBB\/#organization\",\"name\":\"LYON BONDY BLOG\",\"url\":\"https:\/\/lyonbondyblog.fr\/LBB\/\",\"logo\":{\"@type\":\"ImageObject\",\"inLanguage\":\"fr-FR\",\"@id\":\"https:\/\/lyonbondyblog.fr\/LBB\/#\/schema\/logo\/image\/\",\"url\":\"http:\/\/lyonbondyblog.fr\/LBB\/wp-content\/uploads\/2014\/10\/logo-portable-144.png\",\"contentUrl\":\"http:\/\/lyonbondyblog.fr\/LBB\/wp-content\/uploads\/2014\/10\/logo-portable-144.png\",\"width\":144,\"height\":123,\"caption\":\"LYON BONDY BLOG\"},\"image\":{\"@id\":\"https:\/\/lyonbondyblog.fr\/LBB\/#\/schema\/logo\/image\/\"},\"sameAs\":[\"https:\/\/www.facebook.com\/lyonbondyblog\",\"https:\/\/x.com\/bondybloglyon\"]},{\"@type\":\"Person\",\"@id\":\"https:\/\/lyonbondyblog.fr\/LBB\/#\/schema\/person\/e45f8d27baac75072daa0be50c409b25\",\"name\":\"La r\u00e9daction\",\"description\":\"Cr\u00e9e en 2008, la r\u00e9daction du Lyon Bondy Blog s'applique \u00e0 proposer une information locale diff\u00e9rente et compl\u00e9mentaire des m\u00e9dias traditionnels.\",\"sameAs\":[\"https:\/\/www.facebook.com\/lyonbondyblog\",\"https:\/\/x.com\/BondyBlogLyon\"],\"url\":\"https:\/\/lyonbondyblog.fr\/LBB\/author\/admin\/\"}]}<\/script>\n<!-- \/ Yoast SEO plugin. -->","yoast_head_json":{"title":"Agenda de la semaine # 8 - Lyon Bondy Blog","robots":{"index":"index","follow":"follow","max-snippet":"max-snippet:-1","max-image-preview":"max-image-preview:large","max-video-preview":"max-video-preview:-1"},"canonical":"https:\/\/lyonbondyblog.fr\/LBB\/agenda-de-la-semaine-8\/","og_locale":"fr_FR","og_type":"article","og_title":"Agenda de la semaine # 8 - Lyon Bondy Blog","og_description":"Chaque lundi, le LBB vous propose une s\u00e9lection des \u00e9v\u00e8nements culturels et sportifs de la semaine, \u00e0 Lyon et dans sa banlieue. Au programme, cette &hellip;","og_url":"https:\/\/lyonbondyblog.fr\/LBB\/agenda-de-la-semaine-8\/","og_site_name":"Lyon Bondy Blog","article_publisher":"https:\/\/www.facebook.com\/lyonbondyblog","article_author":"https:\/\/www.facebook.com\/lyonbondyblog","article_published_time":"2010-12-06T15:45:45+00:00","article_modified_time":"2013-07-30T14:48:48+00:00","og_image":[{"width":193,"height":145,"url":"https:\/\/lyonbondyblog.fr\/LBB\/wp-content\/uploads\/2013\/07\/agenda.jpg","type":"image\/jpeg"}],"author":"La r\u00e9daction","twitter_card":"summary_large_image","twitter_creator":"@BondyBlogLyon","twitter_site":"@bondybloglyon","schema":{"@context":"https:\/\/schema.org","@graph":[{"@type":"Article","@id":"https:\/\/lyonbondyblog.fr\/LBB\/agenda-de-la-semaine-8\/#article","isPartOf":{"@id":"https:\/\/lyonbondyblog.fr\/LBB\/agenda-de-la-semaine-8\/"},"author":{"name":"La r\u00e9daction","@id":"https:\/\/lyonbondyblog.fr\/LBB\/#\/schema\/person\/e45f8d27baac75072daa0be50c409b25"},"headline":"Agenda de la semaine # 8","datePublished":"2010-12-06T15:45:45+00:00","dateModified":"2013-07-30T14:48:48+00:00","mainEntityOfPage":{"@id":"https:\/\/lyonbondyblog.fr\/LBB\/agenda-de-la-semaine-8\/"},"wordCount":619,"commentCount":0,"publisher":{"@id":"https:\/\/lyonbondyblog.fr\/LBB\/#organization"},"image":{"@id":"https:\/\/lyonbondyblog.fr\/LBB\/agenda-de-la-semaine-8\/#primaryimage"},"thumbnailUrl":"https:\/\/lyonbondyblog.fr\/LBB\/wp-content\/uploads\/2013\/07\/agenda.jpg","keywords":["lyon","Lyon Bondy Blog"],"articleSection":["Culture","Lyon"],"inLanguage":"fr-FR","potentialAction":[{"@type":"CommentAction","name":"Comment","target":["https:\/\/lyonbondyblog.fr\/LBB\/agenda-de-la-semaine-8\/#respond"]}]},{"@type":"WebPage","@id":"https:\/\/lyonbondyblog.fr\/LBB\/agenda-de-la-semaine-8\/","url":"https:\/\/lyonbondyblog.fr\/LBB\/agenda-de-la-semaine-8\/","name":"Agenda de la semaine # 8 - Lyon Bondy Blog","isPartOf":{"@id":"https:\/\/lyonbondyblog.fr\/LBB\/#website"},"primaryImageOfPage":{"@id":"https:\/\/lyonbondyblog.fr\/LBB\/agenda-de-la-semaine-8\/#primaryimage"},"image":{"@id":"https:\/\/lyonbondyblog.fr\/LBB\/agenda-de-la-semaine-8\/#primaryimage"},"thumbnailUrl":"https:\/\/lyonbondyblog.fr\/LBB\/wp-content\/uploads\/2013\/07\/agenda.jpg","datePublished":"2010-12-06T15:45:45+00:00","dateModified":"2013-07-30T14:48:48+00:00","inLanguage":"fr-FR","potentialAction":[{"@type":"ReadAction","target":["https:\/\/lyonbondyblog.fr\/LBB\/agenda-de-la-semaine-8\/"]}]},{"@type":"ImageObject","inLanguage":"fr-FR","@id":"https:\/\/lyonbondyblog.fr\/LBB\/agenda-de-la-semaine-8\/#primaryimage","url":"https:\/\/lyonbondyblog.fr\/LBB\/wp-content\/uploads\/2013\/07\/agenda.jpg","contentUrl":"https:\/\/lyonbondyblog.fr\/LBB\/wp-content\/uploads\/2013\/07\/agenda.jpg","width":193,"height":145},{"@type":"WebSite","@id":"https:\/\/lyonbondyblog.fr\/LBB\/#website","url":"https:\/\/lyonbondyblog.fr\/LBB\/","name":"Lyon Bondy Blog","description":"","publisher":{"@id":"https:\/\/lyonbondyblog.fr\/LBB\/#organization"},"potentialAction":[{"@type":"SearchAction","target":{"@type":"EntryPoint","urlTemplate":"https:\/\/lyonbondyblog.fr\/LBB\/?s={search_term_string}"},"query-input":"required name=search_term_string"}],"inLanguage":"fr-FR"},{"@type":"Organization","@id":"https:\/\/lyonbondyblog.fr\/LBB\/#organization","name":"LYON BONDY BLOG","url":"https:\/\/lyonbondyblog.fr\/LBB\/","logo":{"@type":"ImageObject","inLanguage":"fr-FR","@id":"https:\/\/lyonbondyblog.fr\/LBB\/#\/schema\/logo\/image\/","url":"http:\/\/lyonbondyblog.fr\/LBB\/wp-content\/uploads\/2014\/10\/logo-portable-144.png","contentUrl":"http:\/\/lyonbondyblog.fr\/LBB\/wp-content\/uploads\/2014\/10\/logo-portable-144.png","width":144,"height":123,"caption":"LYON BONDY BLOG"},"image":{"@id":"https:\/\/lyonbondyblog.fr\/LBB\/#\/schema\/logo\/image\/"},"sameAs":["https:\/\/www.facebook.com\/lyonbondyblog","https:\/\/x.com\/bondybloglyon"]},{"@type":"Person","@id":"https:\/\/lyonbondyblog.fr\/LBB\/#\/schema\/person\/e45f8d27baac75072daa0be50c409b25","name":"La r\u00e9daction","description":"Cr\u00e9e en 2008, la r\u00e9daction du Lyon Bondy Blog s'applique \u00e0 proposer une information locale diff\u00e9rente et compl\u00e9mentaire des m\u00e9dias traditionnels.","sameAs":["https:\/\/www.facebook.com\/lyonbondyblog","https:\/\/x.com\/BondyBlogLyon"],"url":"https:\/\/lyonbondyblog.fr\/LBB\/author\/admin\/"}]}},"_links":{"self":[{"href":"https:\/\/lyonbondyblog.fr\/LBB\/wp-json\/wp\/v2\/posts\/2298","targetHints":{"allow":["GET"]}}],"collection":[{"href":"https:\/\/lyonbondyblog.fr\/LBB\/wp-json\/wp\/v2\/posts"}],"about":[{"href":"https:\/\/lyonbondyblog.fr\/LBB\/wp-json\/wp\/v2\/types\/post"}],"author":[{"embeddable":true,"href":"https:\/\/lyonbondyblog.fr\/LBB\/wp-json\/wp\/v2\/users\/1"}],"replies":[{"embeddable":true,"href":"https:\/\/lyonbondyblog.fr\/LBB\/wp-json\/wp\/v2\/comments?post=2298"}],"version-history":[{"count":0,"href":"https:\/\/lyonbondyblog.fr\/LBB\/wp-json\/wp\/v2\/posts\/2298\/revisions"}],"wp:featuredmedia":[{"embeddable":true,"href":"https:\/\/lyonbondyblog.fr\/LBB\/wp-json\/wp\/v2\/media\/2301"}],"wp:attachment":[{"href":"https:\/\/lyonbondyblog.fr\/LBB\/wp-json\/wp\/v2\/media?parent=2298"}],"wp:term":[{"taxonomy":"category","embeddable":true,"href":"https:\/\/lyonbondyblog.fr\/LBB\/wp-json\/wp\/v2\/categories?post=2298"},{"taxonomy":"post_tag","embeddable":true,"href":"https:\/\/lyonbondyblog.fr\/LBB\/wp-json\/wp\/v2\/tags?post=2298"}],"curies":[{"name":"wp","href":"https:\/\/api.w.org\/{rel}","templated":true}]}}