{"id":2285,"date":"2010-12-07T16:40:51","date_gmt":"2010-12-07T15:40:51","guid":{"rendered":"http:\/\/lyonbondyblog.fr\/LBB\/?p=2285"},"modified":"2013-07-30T16:45:23","modified_gmt":"2013-07-30T14:45:23","slug":"a-la-decouverte-de-la-fondation-larche-de-noe","status":"publish","type":"post","link":"https:\/\/lyonbondyblog.fr\/LBB\/a-la-decouverte-de-la-fondation-larche-de-noe\/","title":{"rendered":"A la d\u00e9couverte de la fondation l\u2019Arche de No\u00e9"},"content":{"rendered":"<p><strong>David Bohn, animateur et bien d\u2019autres choses encore au sein de l\u2019Arche de No\u00e9, nous dresse le portrait de cette fondation cr\u00e9\u00e9e par l\u2019Arm\u00e9e du Salut dans un cadre socio culturel, sorte de centre social aux activit\u00e9s diverses accessibles aux jeunes, aux familles.<\/strong><\/p>\n<div><a title=\" -- Cliquez pour voir l'image en entier\" href=\"http:\/\/yahoo.lyon.bondyblog.fr\/images\/arche.jpg\" target=\"_blank\"> <img loading=\"lazy\" decoding=\"async\" class=\"alignleft\" style=\"border: 0px none;\" alt=\" -- Cliquez pour voir l'image en entier\" src=\"http:\/\/yahoo.lyon.bondyblog.fr\/images\/arche_t.jpg\" width=\"193\" height=\"145\" border=\"0\" \/> <\/a><\/div>\n<div>Depuis 1994, dans le cadre de la Politique de la ville, l\u2019Arm\u00e9e du Salut d\u00e9cida d\u2019implanter cette structure au sein d\u2019un quartier historiquement cosmopolite \u00e0 une \u00e9poque o\u00f9 le manque cruel d\u2019initiatives de ce genre se faisait sentir.<\/div>\n<p>Je rencontre David Bohn au sein des locaux de l\u2019Arche de No\u00e9 situ\u00e9s en plein quartier de la Guilloti\u00e8re en face de l\u2019Eglise Saint Andr\u00e9.<\/p>\n<p>Il me re\u00e7oit tr\u00e8s amicalement dans son bureau, et je m\u2019installe sur l\u2019une des deux chaises en carton, confectionn\u00e9es soigneusement par les jeunes du centre\u00a0: \u00ab\u00a0<i>\u00e7a surprend toujours au d\u00e9but<\/i>\u00a0\u00bb me pr\u00e9vient-il, mais je trouve l\u2019id\u00e9e originale et m\u2019assois avec curiosit\u00e9 sur ces dr\u00f4les de si\u00e8ges qui n\u2019ont rien \u00e0 envier aux mobilier de chez nos amis su\u00e9dois\u00a0!<\/p>\n<p>Il commence par me pr\u00e9ciser le cadre d\u2019action de la fondation\u00a0:\u00a0\u00ab\u00a0<i>l\u2019Arche de No\u00e9, malgr\u00e9 son intitul\u00e9 se veut totalement la\u00efque. Il ne s\u2019agit pas d\u2019une fondation \u00e0 but uniquement social<\/i>.\u00a0\u00bb<\/p>\n<p>\u00ab\u00a0<i>Avec l\u2019arm\u00e9e du Salut, on a soit l\u2019image du sans abri soit l\u2019image chr\u00e9tienne. Nous ne sommes ni l\u2019un ni l\u2019autre<\/i>.\u00a0\u00bb<\/p>\n<p>Situ\u00e9 \u00e0 proximit\u00e9 de la Place du Pont qui enregistrait des besoins insistants des familles, l\u2019Arm\u00e9e du Salut n\u2019a pas d\u00e9cid\u00e9 d&rsquo;installer l\u2019Arche de No\u00e9 ici par hasard\u00a0: \u00ab\u00a0<i>l\u2019officier en charge qui est venu \u00e0 l\u2019\u00e9poque s\u2019est rendu compte de la difficult\u00e9 des familles. Au d\u00e9but, cela se r\u00e9sumait en un soutien scolaire pour ceux qui en avaient besoin, et des colis alimentaires<\/i>.\u00a0\u00bb Se rendant compte du nombre important\u00a0 d\u2019enfants en\u00a0 demande, l\u2019accompagnement \u00e0 la scolarit\u00e9 s\u2019est d\u00e9velopp\u00e9 rapidement, permettant aussi \u00e0 certains de partir en vacances\u00a0:\u00a0\u00ab\u00a0<i>on s\u2019est progressivement transform\u00e9 en centre de loisirs en se d\u00e9tachant de l\u2019aide alimentaire<\/i> \u00bb.<\/p>\n<p>Le centre se veut un lien privil\u00e9gi\u00e9 entre les parents et les enfants, sorte de passerelle et d\u2019aide \u00e0 l\u2019\u00e9panouissement \u00e0 un \u00e2ge o\u00f9 rien n\u2019a d\u2019importance mais o\u00f9 tout est important\u00a0:\u00a0<i>\u00ab\u00a0l\u2019Arche de No\u00e9, aujourd\u2019hui, ce sont trois secteurs d\u2019activit\u00e9s\u00a0: celui des familles, celui des jeunes, et de l\u2019enfance<\/i>\u00a0\u00bb. La relation avec les parents a \u00e9galement son cadre, connu sous le nom de \u00ab\u00a0Ptit caf\u00e9\u00a0\u00bb. \u00ab\u00a0<i>On y organise des discussions avec les parents sur des th\u00e8mes tels que la parentalit\u00e9, les lev\u00e9es, la sant\u00e9, la psychologie en pr\u00e9sence d\u2019un intervenant sp\u00e9cifique<\/i>.\u00a0\u00bb<\/p>\n<p>L\u2019action de la fondation se d\u00e9roule ainsi avec la complicit\u00e9 \u00e9troite des parents qui le souhaitent. Mais cela reste avant tout un outil \u00e0 destination des jeunes de 3 \u00e0 25 ans en moyenne.\u00a0 \u00ab\u00a0<i>Nous avons un Secteur Enfance, avec des enfants de 3 \u00e0 12 ans, le mercredi principalement, avec des animateurs, des coordinateurs qui suscitent les envies, les activit\u00e9s sur lesquelles les enfants peuvent s\u2019amuser. Un autre secteur, le Secteur Jeunes, qui est le mien et qui encadre la tranche d\u2019\u00e2ge de 12 \u00e0 25 ans, et enfin\u00a0 un dernier Secteur Famille en collaboration avec les parents<\/i>.\u00a0\u00bb<\/p>\n<p>Je m\u2019int\u00e9resse ensuite aux retours que David Bohn et ses coll\u00e8gues re\u00e7oivent non seulement des parents mais bien \u00e9videmment aussi des premiers concern\u00e9s, les jeunes du centre\u00a0: \u00ab\u00a0<i>C\u2019est difficile quand vous avez autant de monde sous votre responsabilit\u00e9 de contenter tout le monde. Il y a quelques ann\u00e9es, certains sont venus nous demander de d\u00e9velopper le foot en salle, et c\u2019est ce que l\u2019on a fait. On a m\u00eame maintenant l\u2019une des meilleures \u00e9quipes de la r\u00e9gion. Ensuite, tout est dans le compromis mais aussi le respect des r\u00e8gles du vivre ensemble car il en faut. On en parle avec ceux qui ont des souhaits diff\u00e9rents et on s\u2019adapte. Chacun a son caract\u00e8re et faire le bonheur de tous est impossible, mais on s\u2019y efforce un maximum.\u00a0Et si on se trouve en situation de blocage avec quelqu\u2019un, on l\u2019oriente vers une autre structure qui lui sera peut-\u00eatre mieux adapt\u00e9<\/i>.\u00a0\u00bb<\/p>\n<p>Je retiens cette phrase qui selon moi est caract\u00e9ristique de l\u2019\u00e9tat d\u2019esprit qui r\u00e8gne au sein de la fondation. On cherche avant tout \u00e0 comprendre ce qui se passe dans la t\u00eate d\u2019un jeune un peu d\u00e9boussol\u00e9, sans le contraindre \u00e0 faire ce qu\u2019il ne peut supporter, mais toujours en analysant la situation avec lucidit\u00e9 et dans un esprit d\u2019aide et de support. Malgr\u00e9 tout, David Bohn me signale quelques d\u00e9rapages inh\u00e9rents \u00e0 toute fondation de ce type, g\u00e9rant des ados qui n\u2019ont peut-\u00eatre pas encore le recul n\u00e9cessaire pour \u00e9viter une bagarre. \u00ab\u00a0<i>Il est m\u00eame arriv\u00e9 que je s\u00e9pare un de nos jeunes avec un adulte de l\u2019\u00e9quipe d\u2019en face\u00a0!<\/i>\u00a0\u00bb. Je me demande ce qui est le plus choquant entre un jeune qui se bat et un adulte qui se bat avec un jeune\u00a0?<\/p>\n<p>J\u2019insiste ensuite sur le caract\u00e8re p\u00e9dagogique de la fondation. Et j\u2019apprends que non seulement les jeunes sont encadr\u00e9s au sein d\u2019activit\u00e9s extra scolaires de d\u00e9tente, de sport, de culture, mais on les accompagne \u00e9galement dans le processus qui les m\u00e8nera vers la vie d\u2019adulte et tout ce qu\u2019elle comporte, \u00ab\u00a0<i>Vers les 20-25 ans, on les aide \u00e0 trouver du travail, un logement, un stage, faire leur cv, on les met en relation avec des organismes qui peuvent les orienter, les aider \u00e0 trouver plus facilement ce qu\u2019ils recherchent<\/i>\u00a0\u00bb.<\/p>\n<p>La p\u00e9dagogie repose beaucoup sur le dialogue et il faut une certaine complicit\u00e9 pour engager un dialogue de mani\u00e8re lib\u00e9r\u00e9e et confiante, surtout \u00e0 cet \u00e2ge-l\u00e0. Dans ce sens, David Bohn me parle d\u2019une pi\u00e8ce r\u00e9serv\u00e9e aux discussions badines de la vie de tous les jours o\u00f9 chacun est libre de rester \u00ab\u00a0rouiller\u00a0\u00bb. Je me permets d\u2019employer ce terme car la salle en question s\u2019est fait baptiser \u00ab\u00a0l\u2019anti-rouille\u00a0\u00bb\u00a0! Je pourrais aussi citer la salle Mao toute repeinte en rouge. Le principe de base, m\u2019explique David, est tout simplement d\u2019en faire un lieu de vie, o\u00f9 les jeunes du centre, mais de mani\u00e8re plus g\u00e9n\u00e9rale tous les jeunes qui le souhaitent, puissent se retrouver dans un endroit convivial, o\u00f9 ils ont leurs rep\u00e8res.<\/p>\n<p>Quand on sait que l\u2019inscription se fait \u00e0 hauteur de 10 euros l\u2019ann\u00e9e pour toute la famille, plus les quelques activit\u00e9s qui demandent des contributions de 20 \u00e0 30 euros en moyenne, l\u2019Arche de No\u00e9 reste une structure accessible pour la plupart des revenus moyens des familles nombreuses ou peu nombreuses, et un cadre sain o\u00f9 l\u2019enfant ,d\u00e8s le plus jeune \u00e2ge, peut grandir encadr\u00e9 et soutenu par des gens comp\u00e9tents.<\/p>\n<p>&nbsp;<\/p>\n<p><span style=\"text-decoration: underline;\">Auteur :\u00a0 Vincent Conil<\/span><\/p>\n<!-- AddThis Advanced Settings generic via filter on the_content --><!-- AddThis Share Buttons generic via filter on the_content -->","protected":false},"excerpt":{"rendered":"<p>David Bohn, animateur et bien d\u2019autres choses encore au sein de l\u2019Arche de No\u00e9, nous dresse le portrait de cette fondation cr\u00e9\u00e9e par l\u2019Arm\u00e9e du &hellip; <!-- AddThis Advanced Settings generic via filter on wp_trim_excerpt --><!-- AddThis Share Buttons generic via filter on wp_trim_excerpt --><\/p>\n","protected":false},"author":1,"featured_media":2290,"comment_status":"open","ping_status":"open","sticky":false,"template":"","format":"standard","meta":{"_FSMCFIC_featured_image_caption":"","_FSMCFIC_featured_image_nocaption":"","_FSMCFIC_featured_image_hide":"","footnotes":""},"categories":[9],"tags":[10,112],"class_list":["post-2285","post","type-post","status-publish","format-standard","has-post-thumbnail","hentry","category-international","tag-lyon-2","tag-lyon-bondy-blog"],"yoast_head":"<!-- This site is optimized with the Yoast SEO plugin v22.8 - https:\/\/yoast.com\/wordpress\/plugins\/seo\/ -->\n<title>A la d\u00e9couverte de la fondation l\u2019Arche de No\u00e9 - Lyon Bondy Blog<\/title>\n<meta name=\"robots\" content=\"index, follow, max-snippet:-1, max-image-preview:large, max-video-preview:-1\" \/>\n<link rel=\"canonical\" href=\"https:\/\/lyonbondyblog.fr\/LBB\/a-la-decouverte-de-la-fondation-larche-de-noe\/\" \/>\n<meta property=\"og:locale\" content=\"fr_FR\" \/>\n<meta property=\"og:type\" content=\"article\" \/>\n<meta property=\"og:title\" content=\"A la d\u00e9couverte de la fondation l\u2019Arche de No\u00e9 - Lyon Bondy Blog\" \/>\n<meta property=\"og:description\" content=\"David Bohn, animateur et bien d\u2019autres choses encore au sein de l\u2019Arche de No\u00e9, nous dresse le portrait de cette fondation cr\u00e9\u00e9e par l\u2019Arm\u00e9e du &hellip;\" \/>\n<meta property=\"og:url\" content=\"https:\/\/lyonbondyblog.fr\/LBB\/a-la-decouverte-de-la-fondation-larche-de-noe\/\" \/>\n<meta property=\"og:site_name\" content=\"Lyon Bondy Blog\" \/>\n<meta property=\"article:publisher\" content=\"https:\/\/www.facebook.com\/lyonbondyblog\" \/>\n<meta property=\"article:author\" content=\"https:\/\/www.facebook.com\/lyonbondyblog\" \/>\n<meta property=\"article:published_time\" content=\"2010-12-07T15:40:51+00:00\" \/>\n<meta property=\"article:modified_time\" content=\"2013-07-30T14:45:23+00:00\" \/>\n<meta property=\"og:image\" content=\"https:\/\/lyonbondyblog.fr\/LBB\/wp-content\/uploads\/2013\/07\/arche_t.jpg\" \/>\n\t<meta property=\"og:image:width\" content=\"193\" \/>\n\t<meta property=\"og:image:height\" content=\"145\" \/>\n\t<meta property=\"og:image:type\" content=\"image\/jpeg\" \/>\n<meta name=\"author\" content=\"La r\u00e9daction\" \/>\n<meta name=\"twitter:card\" content=\"summary_large_image\" \/>\n<meta name=\"twitter:creator\" content=\"@BondyBlogLyon\" \/>\n<meta name=\"twitter:site\" content=\"@bondybloglyon\" \/>\n<script type=\"application\/ld+json\" class=\"yoast-schema-graph\">{\"@context\":\"https:\/\/schema.org\",\"@graph\":[{\"@type\":\"Article\",\"@id\":\"https:\/\/lyonbondyblog.fr\/LBB\/a-la-decouverte-de-la-fondation-larche-de-noe\/#article\",\"isPartOf\":{\"@id\":\"https:\/\/lyonbondyblog.fr\/LBB\/a-la-decouverte-de-la-fondation-larche-de-noe\/\"},\"author\":{\"name\":\"La r\u00e9daction\",\"@id\":\"https:\/\/lyonbondyblog.fr\/LBB\/#\/schema\/person\/e45f8d27baac75072daa0be50c409b25\"},\"headline\":\"A la d\u00e9couverte de la fondation l\u2019Arche de No\u00e9\",\"datePublished\":\"2010-12-07T15:40:51+00:00\",\"dateModified\":\"2013-07-30T14:45:23+00:00\",\"mainEntityOfPage\":{\"@id\":\"https:\/\/lyonbondyblog.fr\/LBB\/a-la-decouverte-de-la-fondation-larche-de-noe\/\"},\"wordCount\":1215,\"commentCount\":0,\"publisher\":{\"@id\":\"https:\/\/lyonbondyblog.fr\/LBB\/#organization\"},\"image\":{\"@id\":\"https:\/\/lyonbondyblog.fr\/LBB\/a-la-decouverte-de-la-fondation-larche-de-noe\/#primaryimage\"},\"thumbnailUrl\":\"https:\/\/lyonbondyblog.fr\/LBB\/wp-content\/uploads\/2013\/07\/arche_t.jpg\",\"keywords\":[\"lyon\",\"Lyon Bondy Blog\"],\"articleSection\":[\"International\"],\"inLanguage\":\"fr-FR\",\"potentialAction\":[{\"@type\":\"CommentAction\",\"name\":\"Comment\",\"target\":[\"https:\/\/lyonbondyblog.fr\/LBB\/a-la-decouverte-de-la-fondation-larche-de-noe\/#respond\"]}]},{\"@type\":\"WebPage\",\"@id\":\"https:\/\/lyonbondyblog.fr\/LBB\/a-la-decouverte-de-la-fondation-larche-de-noe\/\",\"url\":\"https:\/\/lyonbondyblog.fr\/LBB\/a-la-decouverte-de-la-fondation-larche-de-noe\/\",\"name\":\"A la d\u00e9couverte de la fondation l\u2019Arche de No\u00e9 - Lyon Bondy Blog\",\"isPartOf\":{\"@id\":\"https:\/\/lyonbondyblog.fr\/LBB\/#website\"},\"primaryImageOfPage\":{\"@id\":\"https:\/\/lyonbondyblog.fr\/LBB\/a-la-decouverte-de-la-fondation-larche-de-noe\/#primaryimage\"},\"image\":{\"@id\":\"https:\/\/lyonbondyblog.fr\/LBB\/a-la-decouverte-de-la-fondation-larche-de-noe\/#primaryimage\"},\"thumbnailUrl\":\"https:\/\/lyonbondyblog.fr\/LBB\/wp-content\/uploads\/2013\/07\/arche_t.jpg\",\"datePublished\":\"2010-12-07T15:40:51+00:00\",\"dateModified\":\"2013-07-30T14:45:23+00:00\",\"inLanguage\":\"fr-FR\",\"potentialAction\":[{\"@type\":\"ReadAction\",\"target\":[\"https:\/\/lyonbondyblog.fr\/LBB\/a-la-decouverte-de-la-fondation-larche-de-noe\/\"]}]},{\"@type\":\"ImageObject\",\"inLanguage\":\"fr-FR\",\"@id\":\"https:\/\/lyonbondyblog.fr\/LBB\/a-la-decouverte-de-la-fondation-larche-de-noe\/#primaryimage\",\"url\":\"https:\/\/lyonbondyblog.fr\/LBB\/wp-content\/uploads\/2013\/07\/arche_t.jpg\",\"contentUrl\":\"https:\/\/lyonbondyblog.fr\/LBB\/wp-content\/uploads\/2013\/07\/arche_t.jpg\",\"width\":193,\"height\":145},{\"@type\":\"WebSite\",\"@id\":\"https:\/\/lyonbondyblog.fr\/LBB\/#website\",\"url\":\"https:\/\/lyonbondyblog.fr\/LBB\/\",\"name\":\"Lyon Bondy Blog\",\"description\":\"\",\"publisher\":{\"@id\":\"https:\/\/lyonbondyblog.fr\/LBB\/#organization\"},\"potentialAction\":[{\"@type\":\"SearchAction\",\"target\":{\"@type\":\"EntryPoint\",\"urlTemplate\":\"https:\/\/lyonbondyblog.fr\/LBB\/?s={search_term_string}\"},\"query-input\":\"required name=search_term_string\"}],\"inLanguage\":\"fr-FR\"},{\"@type\":\"Organization\",\"@id\":\"https:\/\/lyonbondyblog.fr\/LBB\/#organization\",\"name\":\"LYON BONDY BLOG\",\"url\":\"https:\/\/lyonbondyblog.fr\/LBB\/\",\"logo\":{\"@type\":\"ImageObject\",\"inLanguage\":\"fr-FR\",\"@id\":\"https:\/\/lyonbondyblog.fr\/LBB\/#\/schema\/logo\/image\/\",\"url\":\"http:\/\/lyonbondyblog.fr\/LBB\/wp-content\/uploads\/2014\/10\/logo-portable-144.png\",\"contentUrl\":\"http:\/\/lyonbondyblog.fr\/LBB\/wp-content\/uploads\/2014\/10\/logo-portable-144.png\",\"width\":144,\"height\":123,\"caption\":\"LYON BONDY BLOG\"},\"image\":{\"@id\":\"https:\/\/lyonbondyblog.fr\/LBB\/#\/schema\/logo\/image\/\"},\"sameAs\":[\"https:\/\/www.facebook.com\/lyonbondyblog\",\"https:\/\/x.com\/bondybloglyon\"]},{\"@type\":\"Person\",\"@id\":\"https:\/\/lyonbondyblog.fr\/LBB\/#\/schema\/person\/e45f8d27baac75072daa0be50c409b25\",\"name\":\"La r\u00e9daction\",\"description\":\"Cr\u00e9e en 2008, la r\u00e9daction du Lyon Bondy Blog s'applique \u00e0 proposer une information locale diff\u00e9rente et compl\u00e9mentaire des m\u00e9dias traditionnels.\",\"sameAs\":[\"https:\/\/www.facebook.com\/lyonbondyblog\",\"https:\/\/x.com\/BondyBlogLyon\"],\"url\":\"https:\/\/lyonbondyblog.fr\/LBB\/author\/admin\/\"}]}<\/script>\n<!-- \/ Yoast SEO plugin. -->","yoast_head_json":{"title":"A la d\u00e9couverte de la fondation l\u2019Arche de No\u00e9 - Lyon Bondy Blog","robots":{"index":"index","follow":"follow","max-snippet":"max-snippet:-1","max-image-preview":"max-image-preview:large","max-video-preview":"max-video-preview:-1"},"canonical":"https:\/\/lyonbondyblog.fr\/LBB\/a-la-decouverte-de-la-fondation-larche-de-noe\/","og_locale":"fr_FR","og_type":"article","og_title":"A la d\u00e9couverte de la fondation l\u2019Arche de No\u00e9 - Lyon Bondy Blog","og_description":"David Bohn, animateur et bien d\u2019autres choses encore au sein de l\u2019Arche de No\u00e9, nous dresse le portrait de cette fondation cr\u00e9\u00e9e par l\u2019Arm\u00e9e du &hellip;","og_url":"https:\/\/lyonbondyblog.fr\/LBB\/a-la-decouverte-de-la-fondation-larche-de-noe\/","og_site_name":"Lyon Bondy Blog","article_publisher":"https:\/\/www.facebook.com\/lyonbondyblog","article_author":"https:\/\/www.facebook.com\/lyonbondyblog","article_published_time":"2010-12-07T15:40:51+00:00","article_modified_time":"2013-07-30T14:45:23+00:00","og_image":[{"width":193,"height":145,"url":"https:\/\/lyonbondyblog.fr\/LBB\/wp-content\/uploads\/2013\/07\/arche_t.jpg","type":"image\/jpeg"}],"author":"La r\u00e9daction","twitter_card":"summary_large_image","twitter_creator":"@BondyBlogLyon","twitter_site":"@bondybloglyon","schema":{"@context":"https:\/\/schema.org","@graph":[{"@type":"Article","@id":"https:\/\/lyonbondyblog.fr\/LBB\/a-la-decouverte-de-la-fondation-larche-de-noe\/#article","isPartOf":{"@id":"https:\/\/lyonbondyblog.fr\/LBB\/a-la-decouverte-de-la-fondation-larche-de-noe\/"},"author":{"name":"La r\u00e9daction","@id":"https:\/\/lyonbondyblog.fr\/LBB\/#\/schema\/person\/e45f8d27baac75072daa0be50c409b25"},"headline":"A la d\u00e9couverte de la fondation l\u2019Arche de No\u00e9","datePublished":"2010-12-07T15:40:51+00:00","dateModified":"2013-07-30T14:45:23+00:00","mainEntityOfPage":{"@id":"https:\/\/lyonbondyblog.fr\/LBB\/a-la-decouverte-de-la-fondation-larche-de-noe\/"},"wordCount":1215,"commentCount":0,"publisher":{"@id":"https:\/\/lyonbondyblog.fr\/LBB\/#organization"},"image":{"@id":"https:\/\/lyonbondyblog.fr\/LBB\/a-la-decouverte-de-la-fondation-larche-de-noe\/#primaryimage"},"thumbnailUrl":"https:\/\/lyonbondyblog.fr\/LBB\/wp-content\/uploads\/2013\/07\/arche_t.jpg","keywords":["lyon","Lyon Bondy Blog"],"articleSection":["International"],"inLanguage":"fr-FR","potentialAction":[{"@type":"CommentAction","name":"Comment","target":["https:\/\/lyonbondyblog.fr\/LBB\/a-la-decouverte-de-la-fondation-larche-de-noe\/#respond"]}]},{"@type":"WebPage","@id":"https:\/\/lyonbondyblog.fr\/LBB\/a-la-decouverte-de-la-fondation-larche-de-noe\/","url":"https:\/\/lyonbondyblog.fr\/LBB\/a-la-decouverte-de-la-fondation-larche-de-noe\/","name":"A la d\u00e9couverte de la fondation l\u2019Arche de No\u00e9 - Lyon Bondy Blog","isPartOf":{"@id":"https:\/\/lyonbondyblog.fr\/LBB\/#website"},"primaryImageOfPage":{"@id":"https:\/\/lyonbondyblog.fr\/LBB\/a-la-decouverte-de-la-fondation-larche-de-noe\/#primaryimage"},"image":{"@id":"https:\/\/lyonbondyblog.fr\/LBB\/a-la-decouverte-de-la-fondation-larche-de-noe\/#primaryimage"},"thumbnailUrl":"https:\/\/lyonbondyblog.fr\/LBB\/wp-content\/uploads\/2013\/07\/arche_t.jpg","datePublished":"2010-12-07T15:40:51+00:00","dateModified":"2013-07-30T14:45:23+00:00","inLanguage":"fr-FR","potentialAction":[{"@type":"ReadAction","target":["https:\/\/lyonbondyblog.fr\/LBB\/a-la-decouverte-de-la-fondation-larche-de-noe\/"]}]},{"@type":"ImageObject","inLanguage":"fr-FR","@id":"https:\/\/lyonbondyblog.fr\/LBB\/a-la-decouverte-de-la-fondation-larche-de-noe\/#primaryimage","url":"https:\/\/lyonbondyblog.fr\/LBB\/wp-content\/uploads\/2013\/07\/arche_t.jpg","contentUrl":"https:\/\/lyonbondyblog.fr\/LBB\/wp-content\/uploads\/2013\/07\/arche_t.jpg","width":193,"height":145},{"@type":"WebSite","@id":"https:\/\/lyonbondyblog.fr\/LBB\/#website","url":"https:\/\/lyonbondyblog.fr\/LBB\/","name":"Lyon Bondy Blog","description":"","publisher":{"@id":"https:\/\/lyonbondyblog.fr\/LBB\/#organization"},"potentialAction":[{"@type":"SearchAction","target":{"@type":"EntryPoint","urlTemplate":"https:\/\/lyonbondyblog.fr\/LBB\/?s={search_term_string}"},"query-input":"required name=search_term_string"}],"inLanguage":"fr-FR"},{"@type":"Organization","@id":"https:\/\/lyonbondyblog.fr\/LBB\/#organization","name":"LYON BONDY BLOG","url":"https:\/\/lyonbondyblog.fr\/LBB\/","logo":{"@type":"ImageObject","inLanguage":"fr-FR","@id":"https:\/\/lyonbondyblog.fr\/LBB\/#\/schema\/logo\/image\/","url":"http:\/\/lyonbondyblog.fr\/LBB\/wp-content\/uploads\/2014\/10\/logo-portable-144.png","contentUrl":"http:\/\/lyonbondyblog.fr\/LBB\/wp-content\/uploads\/2014\/10\/logo-portable-144.png","width":144,"height":123,"caption":"LYON BONDY BLOG"},"image":{"@id":"https:\/\/lyonbondyblog.fr\/LBB\/#\/schema\/logo\/image\/"},"sameAs":["https:\/\/www.facebook.com\/lyonbondyblog","https:\/\/x.com\/bondybloglyon"]},{"@type":"Person","@id":"https:\/\/lyonbondyblog.fr\/LBB\/#\/schema\/person\/e45f8d27baac75072daa0be50c409b25","name":"La r\u00e9daction","description":"Cr\u00e9e en 2008, la r\u00e9daction du Lyon Bondy Blog s'applique \u00e0 proposer une information locale diff\u00e9rente et compl\u00e9mentaire des m\u00e9dias traditionnels.","sameAs":["https:\/\/www.facebook.com\/lyonbondyblog","https:\/\/x.com\/BondyBlogLyon"],"url":"https:\/\/lyonbondyblog.fr\/LBB\/author\/admin\/"}]}},"_links":{"self":[{"href":"https:\/\/lyonbondyblog.fr\/LBB\/wp-json\/wp\/v2\/posts\/2285","targetHints":{"allow":["GET"]}}],"collection":[{"href":"https:\/\/lyonbondyblog.fr\/LBB\/wp-json\/wp\/v2\/posts"}],"about":[{"href":"https:\/\/lyonbondyblog.fr\/LBB\/wp-json\/wp\/v2\/types\/post"}],"author":[{"embeddable":true,"href":"https:\/\/lyonbondyblog.fr\/LBB\/wp-json\/wp\/v2\/users\/1"}],"replies":[{"embeddable":true,"href":"https:\/\/lyonbondyblog.fr\/LBB\/wp-json\/wp\/v2\/comments?post=2285"}],"version-history":[{"count":0,"href":"https:\/\/lyonbondyblog.fr\/LBB\/wp-json\/wp\/v2\/posts\/2285\/revisions"}],"wp:featuredmedia":[{"embeddable":true,"href":"https:\/\/lyonbondyblog.fr\/LBB\/wp-json\/wp\/v2\/media\/2290"}],"wp:attachment":[{"href":"https:\/\/lyonbondyblog.fr\/LBB\/wp-json\/wp\/v2\/media?parent=2285"}],"wp:term":[{"taxonomy":"category","embeddable":true,"href":"https:\/\/lyonbondyblog.fr\/LBB\/wp-json\/wp\/v2\/categories?post=2285"},{"taxonomy":"post_tag","embeddable":true,"href":"https:\/\/lyonbondyblog.fr\/LBB\/wp-json\/wp\/v2\/tags?post=2285"}],"curies":[{"name":"wp","href":"https:\/\/api.w.org\/{rel}","templated":true}]}}