{"id":22835,"date":"2021-05-07T17:00:33","date_gmt":"2021-05-07T15:00:33","guid":{"rendered":"http:\/\/lyonbondyblog.fr\/LBB\/?p=22835"},"modified":"2021-05-07T18:43:15","modified_gmt":"2021-05-07T16:43:15","slug":"les-entete-e-s-le-theatre-du-point-du-jour-presente-son-premier-festival","status":"publish","type":"post","link":"https:\/\/lyonbondyblog.fr\/LBB\/les-entete-e-s-le-theatre-du-point-du-jour-presente-son-premier-festival\/","title":{"rendered":"Les Ent\u00eat\u00e9.e.s : le Th\u00e9\u00e2tre du Point du Jour pr\u00e9sente son premier festival"},"content":{"rendered":"\n<h4 class=\"wp-block-heading\">Apr\u00e8s un d\u00e9marrage houleux, le Th\u00e9\u00e2tre du Point du Jour est bien d\u00e9cid\u00e9 \u00e0 se faire une place dans le paysage culturel lyonnais. Ang\u00e9lique Clairand et Eric Mass\u00e9 ont pr\u00e9sent\u00e9 aujourd&rsquo;hui leur festival de r\u00e9sistance th\u00e9\u00e2trale ainsi que la programmation de la saison 2021\/2022.<\/h4>\n\n\n\n<figure class=\"wp-block-image size-large\"><img loading=\"lazy\" decoding=\"async\" width=\"1920\" height=\"1280\" src=\"https:\/\/lyonbondyblog.fr\/LBB\/wp-content\/uploads\/2021\/05\/Angelique-Clairand-Eric-Masse-\u00a9-Tim-Douet-004-1920x1280.jpg\" alt=\"\" class=\"wp-image-22844\" srcset=\"https:\/\/lyonbondyblog.fr\/LBB\/wp-content\/uploads\/2021\/05\/Angelique-Clairand-Eric-Masse-\u00a9-Tim-Douet-004-1920x1280.jpg 1920w, https:\/\/lyonbondyblog.fr\/LBB\/wp-content\/uploads\/2021\/05\/Angelique-Clairand-Eric-Masse-\u00a9-Tim-Douet-004-1200x800.jpg 1200w, https:\/\/lyonbondyblog.fr\/LBB\/wp-content\/uploads\/2021\/05\/Angelique-Clairand-Eric-Masse-\u00a9-Tim-Douet-004-768x512.jpg 768w, https:\/\/lyonbondyblog.fr\/LBB\/wp-content\/uploads\/2021\/05\/Angelique-Clairand-Eric-Masse-\u00a9-Tim-Douet-004-1536x1024.jpg 1536w, https:\/\/lyonbondyblog.fr\/LBB\/wp-content\/uploads\/2021\/05\/Angelique-Clairand-Eric-Masse-\u00a9-Tim-Douet-004-2048x1366.jpg 2048w, https:\/\/lyonbondyblog.fr\/LBB\/wp-content\/uploads\/2021\/05\/Angelique-Clairand-Eric-Masse-\u00a9-Tim-Douet-004-272x182.jpg 272w\" sizes=\"auto, (max-width: 1920px) 100vw, 1920px\" \/><figcaption>Eric Mass\u00e9 et Ang\u00e9lique Clairand, co-directeur\/directrice du Th\u00e9\u00e2tre du Point du Jour. Cr\u00e9dit photo : Tim Douet<\/figcaption><\/figure>\n\n\n\n<p><em>\u00ab\u00a0Cette fois-ci, nous allons contrarier le destin !\u00a0\u00bb, <\/em>se r\u00e9jouit Ang\u00e9lique<em>. <\/em>Alors que la saison devrait \u00eatre finie, ils d\u00e9cident de la commencer. \u00c0 la t\u00eate du th\u00e9\u00e2tre depuis janvier 2019, Ang\u00e9lique et Eric ont subi de plein fouet l&rsquo;actuelle pand\u00e9mie. Malgr\u00e9 deux saisons report\u00e9es, ils se sont adapt\u00e9s : certains artistes ont pu jouer aupr\u00e8s de publics restreints, notamment des jeunes dans le cadre des Nomades. Web-s\u00e9ries, podcasts et ateliers \u00e0 distance ont \u00e9t\u00e9 r\u00e9alis\u00e9s pour garder du lien. Maintenant, Ang\u00e9lique et Eric se sont lanc\u00e9s le pari audacieux d&rsquo;un festival riche en sensations, entre cr\u00e9ations artistiques et immersion journalistique. <em>\u00ab Il y a du d\u00e9sir, l&rsquo;ivresse de la libert\u00e9 retrouv\u00e9e et une soci\u00e9t\u00e9 \u00e0 r\u00e9inventer \u00bb<\/em>, sourit Eric.<\/p>\n\n\n\n<h4 class=\"wp-block-heading\">Un festival de r\u00e9sistance th\u00e9\u00e2trale<\/h4>\n\n\n\n<p><em>\u00ab Il y a une double dynamique dans notre projet : les productions artistiques vont \u00eatre \u00e0 la fois en int\u00e9rieur au th\u00e9\u00e2tre et en ext\u00e9rieur avec nos partenaires \u00bb,<\/em> explique Eric. Entre autres, le Th\u00e9\u00e2tre du Point du Jour est en relation avec le Transbordeur, le Mus\u00e9e Gadagne, et le Conservatoire de Lyon. Ensemble, ils forment une \u00ab&nbsp;r\u00e9sistance&nbsp;\u00bb et proposent un festival g\u00e9n\u00e9reux et joyeux. Spectacles, expositions, cr\u00e9ations partag\u00e9es et ateliers d&rsquo;artistes confirm\u00e9s ou \u00e9mergents sont au programme. Dans le cadre de la saison Africa 2020 repouss\u00e9e \u00e0 cette ann\u00e9e, <em>Ent\u00eat\u00e9.e.s<\/em> permet aussi de s&rsquo;\u00e9vader sur le continent africain, avec le projet Grand ReporTERRE #3 : pour cette \u00e9dition, Aristide Tarnagda et Boureima Salouka, l&rsquo;un metteur en sc\u00e8ne burkinab\u00e8 et l&rsquo;autre journaliste \u00e0 Euronews, s&rsquo;allient le temps d&rsquo;une \u0153uvre et rendent hommage aux militantismes africains. <em>\u00ab Grand ReporTERRE permet \u00e0 un journaliste et un artiste de mettre en pi\u00e8ces l&rsquo;actualit\u00e9 en plateau, sous forme de performance \u00bb,<\/em> explique Eric.<\/p>\n\n\n\n<figure class=\"wp-block-image size-large\"><img loading=\"lazy\" decoding=\"async\" width=\"1200\" height=\"800\" src=\"https:\/\/lyonbondyblog.fr\/LBB\/wp-content\/uploads\/2021\/05\/GR3-credits-SophieGarcia-1.png\" alt=\"\" class=\"wp-image-22846\" srcset=\"https:\/\/lyonbondyblog.fr\/LBB\/wp-content\/uploads\/2021\/05\/GR3-credits-SophieGarcia-1.png 1200w, https:\/\/lyonbondyblog.fr\/LBB\/wp-content\/uploads\/2021\/05\/GR3-credits-SophieGarcia-1-768x512.png 768w, https:\/\/lyonbondyblog.fr\/LBB\/wp-content\/uploads\/2021\/05\/GR3-credits-SophieGarcia-1-272x182.png 272w\" sizes=\"auto, (max-width: 1200px) 100vw, 1200px\" \/><figcaption>Le mouvement burkinab\u00e8 du Balai Citoyen, pr\u00e9sent\u00e9 dans l&rsquo;exposition Grand ReporTERRE #3. Cr\u00e9dit photo : Sophie Garcia<\/figcaption><\/figure>\n\n\n\n<h4 class=\"wp-block-heading\">La ligne \u00e9ditoriale de la saison 2021\/2022 d\u00e9voil\u00e9e<\/h4>\n\n\n\n<p>Articul\u00e9e autour de trois th\u00e9matiques, la prochaine saison est \u00e0 la pointe de l&rsquo;actualit\u00e9. Changement climatique, politique et questionnements sur le monde qui nous entoure feront l&rsquo;objet d\u2019\u0153uvres d&rsquo;artistes venus de tous horizons. Et puisque que le journalisme est mis \u00e0 l&rsquo;honneur, des lanceurs d&rsquo;alertes seront aussi convi\u00e9s. Art et soci\u00e9t\u00e9 se combine, ce qui laisse place \u00e0<em> \u00ab une ligne \u00e9ditoriale transversale qui permet d&rsquo;inventer la soci\u00e9t\u00e9 civile sur sc\u00e8ne \u00bb<\/em>, explique Ang\u00e9lique. Le Th\u00e9\u00e2tre du Point du Jour promet une saison riche et pleine de vie d\u00e8s septembre prochain.<\/p>\n\n\n\n<p>Quant \u00e0 <em>Ent\u00eat\u00e9.e.s<\/em>, la billetterie en ligne s&rsquo;ouvre le 19 mai et le coup d&rsquo;envoi est lanc\u00e9 le 15 juin \u00e0 20h, avec la Cie Y et son spectacle \u00ab Cannes 39\/90 une histoire de festival \u00bb.<\/p>\n\n\n\n<figure class=\"wp-block-embed is-type-rich is-provider-soundcloud wp-block-embed-soundcloud wp-embed-aspect-4-3 wp-has-aspect-ratio\"><div class=\"wp-block-embed__wrapper\">\n<iframe loading=\"lazy\" title=\"Eric Mass\u00e9 : &quot;il nous tarde de r\u00e9accueillir le public&quot; by LyonBondyBlog\" width=\"1200\" height=\"400\" scrolling=\"no\" frameborder=\"no\" src=\"https:\/\/w.soundcloud.com\/player\/?visual=true&#038;url=https%3A%2F%2Fapi.soundcloud.com%2Ftracks%2F1044577558&#038;show_artwork=true&#038;maxwidth=1200&#038;maxheight=1000&#038;dnt=1\"><\/iframe>\n<\/div><\/figure>\n\n\n\n<p>In\u00e8s Apetovi<\/p>\n<!-- AddThis Advanced Settings generic via filter on the_content --><!-- AddThis Share Buttons generic via filter on the_content -->","protected":false},"excerpt":{"rendered":"<p>Apr\u00e8s un d\u00e9marrage houleux, le Th\u00e9\u00e2tre du Point du Jour est bien d\u00e9cid\u00e9 \u00e0 se faire une place dans le paysage culturel lyonnais. Ang\u00e9lique Clairand &hellip; <!-- AddThis Advanced Settings generic via filter on wp_trim_excerpt --><!-- AddThis Share Buttons generic via filter on wp_trim_excerpt --><\/p>\n","protected":false},"author":1,"featured_media":22844,"comment_status":"open","ping_status":"open","sticky":false,"template":"","format":"standard","meta":{"_FSMCFIC_featured_image_caption":"","_FSMCFIC_featured_image_nocaption":"","_FSMCFIC_featured_image_hide":"","footnotes":""},"categories":[11249,3,3792,4,2,13697],"tags":[],"class_list":["post-22835","post","type-post","status-publish","format-standard","has-post-thumbnail","hentry","category-art","category-culture","category-festival","category-lyon","category-societe","category-spectacle"],"yoast_head":"<!-- This site is optimized with the Yoast SEO plugin v22.8 - https:\/\/yoast.com\/wordpress\/plugins\/seo\/ -->\n<title>Les Ent\u00eat\u00e9.e.s : le Th\u00e9\u00e2tre du Point du Jour pr\u00e9sente son premier festival - Lyon Bondy Blog<\/title>\n<meta name=\"robots\" content=\"index, follow, max-snippet:-1, max-image-preview:large, max-video-preview:-1\" \/>\n<link rel=\"canonical\" href=\"https:\/\/lyonbondyblog.fr\/LBB\/les-entete-e-s-le-theatre-du-point-du-jour-presente-son-premier-festival\/\" \/>\n<meta property=\"og:locale\" content=\"fr_FR\" \/>\n<meta property=\"og:type\" content=\"article\" \/>\n<meta property=\"og:title\" content=\"Les Ent\u00eat\u00e9.e.s : le Th\u00e9\u00e2tre du Point du Jour pr\u00e9sente son premier festival - Lyon Bondy Blog\" \/>\n<meta property=\"og:description\" content=\"Apr\u00e8s un d\u00e9marrage houleux, le Th\u00e9\u00e2tre du Point du Jour est bien d\u00e9cid\u00e9 \u00e0 se faire une place dans le paysage culturel lyonnais. Ang\u00e9lique Clairand &hellip;\" \/>\n<meta property=\"og:url\" content=\"https:\/\/lyonbondyblog.fr\/LBB\/les-entete-e-s-le-theatre-du-point-du-jour-presente-son-premier-festival\/\" \/>\n<meta property=\"og:site_name\" content=\"Lyon Bondy Blog\" \/>\n<meta property=\"article:publisher\" content=\"https:\/\/www.facebook.com\/lyonbondyblog\" \/>\n<meta property=\"article:author\" content=\"https:\/\/www.facebook.com\/lyonbondyblog\" \/>\n<meta property=\"article:published_time\" content=\"2021-05-07T15:00:33+00:00\" \/>\n<meta property=\"article:modified_time\" content=\"2021-05-07T16:43:15+00:00\" \/>\n<meta property=\"og:image\" content=\"https:\/\/lyonbondyblog.fr\/LBB\/wp-content\/uploads\/2021\/05\/Angelique-Clairand-Eric-Masse-\u00a9-Tim-Douet-004-1920x1280.jpg\" \/>\n\t<meta property=\"og:image:width\" content=\"1920\" \/>\n\t<meta property=\"og:image:height\" content=\"1280\" \/>\n\t<meta property=\"og:image:type\" content=\"image\/jpeg\" \/>\n<meta name=\"author\" content=\"La r\u00e9daction\" \/>\n<meta name=\"twitter:card\" content=\"summary_large_image\" \/>\n<meta name=\"twitter:creator\" content=\"@BondyBlogLyon\" \/>\n<meta name=\"twitter:site\" content=\"@bondybloglyon\" \/>\n<script type=\"application\/ld+json\" class=\"yoast-schema-graph\">{\"@context\":\"https:\/\/schema.org\",\"@graph\":[{\"@type\":\"Article\",\"@id\":\"https:\/\/lyonbondyblog.fr\/LBB\/les-entete-e-s-le-theatre-du-point-du-jour-presente-son-premier-festival\/#article\",\"isPartOf\":{\"@id\":\"https:\/\/lyonbondyblog.fr\/LBB\/les-entete-e-s-le-theatre-du-point-du-jour-presente-son-premier-festival\/\"},\"author\":{\"name\":\"La r\u00e9daction\",\"@id\":\"https:\/\/lyonbondyblog.fr\/LBB\/#\/schema\/person\/e45f8d27baac75072daa0be50c409b25\"},\"headline\":\"Les Ent\u00eat\u00e9.e.s : le Th\u00e9\u00e2tre du Point du Jour pr\u00e9sente son premier festival\",\"datePublished\":\"2021-05-07T15:00:33+00:00\",\"dateModified\":\"2021-05-07T16:43:15+00:00\",\"mainEntityOfPage\":{\"@id\":\"https:\/\/lyonbondyblog.fr\/LBB\/les-entete-e-s-le-theatre-du-point-du-jour-presente-son-premier-festival\/\"},\"wordCount\":558,\"commentCount\":0,\"publisher\":{\"@id\":\"https:\/\/lyonbondyblog.fr\/LBB\/#organization\"},\"image\":{\"@id\":\"https:\/\/lyonbondyblog.fr\/LBB\/les-entete-e-s-le-theatre-du-point-du-jour-presente-son-premier-festival\/#primaryimage\"},\"thumbnailUrl\":\"https:\/\/lyonbondyblog.fr\/LBB\/wp-content\/uploads\/2021\/05\/Angelique-Clairand-Eric-Masse-\u00a9-Tim-Douet-004.jpg\",\"articleSection\":[\"Art\",\"Culture\",\"Festival\",\"Lyon\",\"Soci\u00e9t\u00e9\",\"Spectacle\"],\"inLanguage\":\"fr-FR\",\"potentialAction\":[{\"@type\":\"CommentAction\",\"name\":\"Comment\",\"target\":[\"https:\/\/lyonbondyblog.fr\/LBB\/les-entete-e-s-le-theatre-du-point-du-jour-presente-son-premier-festival\/#respond\"]}]},{\"@type\":\"WebPage\",\"@id\":\"https:\/\/lyonbondyblog.fr\/LBB\/les-entete-e-s-le-theatre-du-point-du-jour-presente-son-premier-festival\/\",\"url\":\"https:\/\/lyonbondyblog.fr\/LBB\/les-entete-e-s-le-theatre-du-point-du-jour-presente-son-premier-festival\/\",\"name\":\"Les Ent\u00eat\u00e9.e.s : le Th\u00e9\u00e2tre du Point du Jour pr\u00e9sente son premier festival - Lyon Bondy Blog\",\"isPartOf\":{\"@id\":\"https:\/\/lyonbondyblog.fr\/LBB\/#website\"},\"primaryImageOfPage\":{\"@id\":\"https:\/\/lyonbondyblog.fr\/LBB\/les-entete-e-s-le-theatre-du-point-du-jour-presente-son-premier-festival\/#primaryimage\"},\"image\":{\"@id\":\"https:\/\/lyonbondyblog.fr\/LBB\/les-entete-e-s-le-theatre-du-point-du-jour-presente-son-premier-festival\/#primaryimage\"},\"thumbnailUrl\":\"https:\/\/lyonbondyblog.fr\/LBB\/wp-content\/uploads\/2021\/05\/Angelique-Clairand-Eric-Masse-\u00a9-Tim-Douet-004.jpg\",\"datePublished\":\"2021-05-07T15:00:33+00:00\",\"dateModified\":\"2021-05-07T16:43:15+00:00\",\"inLanguage\":\"fr-FR\",\"potentialAction\":[{\"@type\":\"ReadAction\",\"target\":[\"https:\/\/lyonbondyblog.fr\/LBB\/les-entete-e-s-le-theatre-du-point-du-jour-presente-son-premier-festival\/\"]}]},{\"@type\":\"ImageObject\",\"inLanguage\":\"fr-FR\",\"@id\":\"https:\/\/lyonbondyblog.fr\/LBB\/les-entete-e-s-le-theatre-du-point-du-jour-presente-son-premier-festival\/#primaryimage\",\"url\":\"https:\/\/lyonbondyblog.fr\/LBB\/wp-content\/uploads\/2021\/05\/Angelique-Clairand-Eric-Masse-\u00a9-Tim-Douet-004.jpg\",\"contentUrl\":\"https:\/\/lyonbondyblog.fr\/LBB\/wp-content\/uploads\/2021\/05\/Angelique-Clairand-Eric-Masse-\u00a9-Tim-Douet-004.jpg\",\"width\":2458,\"height\":1639},{\"@type\":\"WebSite\",\"@id\":\"https:\/\/lyonbondyblog.fr\/LBB\/#website\",\"url\":\"https:\/\/lyonbondyblog.fr\/LBB\/\",\"name\":\"Lyon Bondy Blog\",\"description\":\"\",\"publisher\":{\"@id\":\"https:\/\/lyonbondyblog.fr\/LBB\/#organization\"},\"potentialAction\":[{\"@type\":\"SearchAction\",\"target\":{\"@type\":\"EntryPoint\",\"urlTemplate\":\"https:\/\/lyonbondyblog.fr\/LBB\/?s={search_term_string}\"},\"query-input\":\"required name=search_term_string\"}],\"inLanguage\":\"fr-FR\"},{\"@type\":\"Organization\",\"@id\":\"https:\/\/lyonbondyblog.fr\/LBB\/#organization\",\"name\":\"LYON BONDY BLOG\",\"url\":\"https:\/\/lyonbondyblog.fr\/LBB\/\",\"logo\":{\"@type\":\"ImageObject\",\"inLanguage\":\"fr-FR\",\"@id\":\"https:\/\/lyonbondyblog.fr\/LBB\/#\/schema\/logo\/image\/\",\"url\":\"http:\/\/lyonbondyblog.fr\/LBB\/wp-content\/uploads\/2014\/10\/logo-portable-144.png\",\"contentUrl\":\"http:\/\/lyonbondyblog.fr\/LBB\/wp-content\/uploads\/2014\/10\/logo-portable-144.png\",\"width\":144,\"height\":123,\"caption\":\"LYON BONDY BLOG\"},\"image\":{\"@id\":\"https:\/\/lyonbondyblog.fr\/LBB\/#\/schema\/logo\/image\/\"},\"sameAs\":[\"https:\/\/www.facebook.com\/lyonbondyblog\",\"https:\/\/x.com\/bondybloglyon\"]},{\"@type\":\"Person\",\"@id\":\"https:\/\/lyonbondyblog.fr\/LBB\/#\/schema\/person\/e45f8d27baac75072daa0be50c409b25\",\"name\":\"La r\u00e9daction\",\"description\":\"Cr\u00e9e en 2008, la r\u00e9daction du Lyon Bondy Blog s'applique \u00e0 proposer une information locale diff\u00e9rente et compl\u00e9mentaire des m\u00e9dias traditionnels.\",\"sameAs\":[\"https:\/\/www.facebook.com\/lyonbondyblog\",\"https:\/\/x.com\/BondyBlogLyon\"],\"url\":\"https:\/\/lyonbondyblog.fr\/LBB\/author\/admin\/\"}]}<\/script>\n<!-- \/ Yoast SEO plugin. -->","yoast_head_json":{"title":"Les Ent\u00eat\u00e9.e.s : le Th\u00e9\u00e2tre du Point du Jour pr\u00e9sente son premier festival - Lyon Bondy Blog","robots":{"index":"index","follow":"follow","max-snippet":"max-snippet:-1","max-image-preview":"max-image-preview:large","max-video-preview":"max-video-preview:-1"},"canonical":"https:\/\/lyonbondyblog.fr\/LBB\/les-entete-e-s-le-theatre-du-point-du-jour-presente-son-premier-festival\/","og_locale":"fr_FR","og_type":"article","og_title":"Les Ent\u00eat\u00e9.e.s : le Th\u00e9\u00e2tre du Point du Jour pr\u00e9sente son premier festival - Lyon Bondy Blog","og_description":"Apr\u00e8s un d\u00e9marrage houleux, le Th\u00e9\u00e2tre du Point du Jour est bien d\u00e9cid\u00e9 \u00e0 se faire une place dans le paysage culturel lyonnais. Ang\u00e9lique Clairand &hellip;","og_url":"https:\/\/lyonbondyblog.fr\/LBB\/les-entete-e-s-le-theatre-du-point-du-jour-presente-son-premier-festival\/","og_site_name":"Lyon Bondy Blog","article_publisher":"https:\/\/www.facebook.com\/lyonbondyblog","article_author":"https:\/\/www.facebook.com\/lyonbondyblog","article_published_time":"2021-05-07T15:00:33+00:00","article_modified_time":"2021-05-07T16:43:15+00:00","og_image":[{"width":1920,"height":1280,"url":"https:\/\/lyonbondyblog.fr\/LBB\/wp-content\/uploads\/2021\/05\/Angelique-Clairand-Eric-Masse-\u00a9-Tim-Douet-004-1920x1280.jpg","type":"image\/jpeg"}],"author":"La r\u00e9daction","twitter_card":"summary_large_image","twitter_creator":"@BondyBlogLyon","twitter_site":"@bondybloglyon","schema":{"@context":"https:\/\/schema.org","@graph":[{"@type":"Article","@id":"https:\/\/lyonbondyblog.fr\/LBB\/les-entete-e-s-le-theatre-du-point-du-jour-presente-son-premier-festival\/#article","isPartOf":{"@id":"https:\/\/lyonbondyblog.fr\/LBB\/les-entete-e-s-le-theatre-du-point-du-jour-presente-son-premier-festival\/"},"author":{"name":"La r\u00e9daction","@id":"https:\/\/lyonbondyblog.fr\/LBB\/#\/schema\/person\/e45f8d27baac75072daa0be50c409b25"},"headline":"Les Ent\u00eat\u00e9.e.s : le Th\u00e9\u00e2tre du Point du Jour pr\u00e9sente son premier festival","datePublished":"2021-05-07T15:00:33+00:00","dateModified":"2021-05-07T16:43:15+00:00","mainEntityOfPage":{"@id":"https:\/\/lyonbondyblog.fr\/LBB\/les-entete-e-s-le-theatre-du-point-du-jour-presente-son-premier-festival\/"},"wordCount":558,"commentCount":0,"publisher":{"@id":"https:\/\/lyonbondyblog.fr\/LBB\/#organization"},"image":{"@id":"https:\/\/lyonbondyblog.fr\/LBB\/les-entete-e-s-le-theatre-du-point-du-jour-presente-son-premier-festival\/#primaryimage"},"thumbnailUrl":"https:\/\/lyonbondyblog.fr\/LBB\/wp-content\/uploads\/2021\/05\/Angelique-Clairand-Eric-Masse-\u00a9-Tim-Douet-004.jpg","articleSection":["Art","Culture","Festival","Lyon","Soci\u00e9t\u00e9","Spectacle"],"inLanguage":"fr-FR","potentialAction":[{"@type":"CommentAction","name":"Comment","target":["https:\/\/lyonbondyblog.fr\/LBB\/les-entete-e-s-le-theatre-du-point-du-jour-presente-son-premier-festival\/#respond"]}]},{"@type":"WebPage","@id":"https:\/\/lyonbondyblog.fr\/LBB\/les-entete-e-s-le-theatre-du-point-du-jour-presente-son-premier-festival\/","url":"https:\/\/lyonbondyblog.fr\/LBB\/les-entete-e-s-le-theatre-du-point-du-jour-presente-son-premier-festival\/","name":"Les Ent\u00eat\u00e9.e.s : le Th\u00e9\u00e2tre du Point du Jour pr\u00e9sente son premier festival - Lyon Bondy Blog","isPartOf":{"@id":"https:\/\/lyonbondyblog.fr\/LBB\/#website"},"primaryImageOfPage":{"@id":"https:\/\/lyonbondyblog.fr\/LBB\/les-entete-e-s-le-theatre-du-point-du-jour-presente-son-premier-festival\/#primaryimage"},"image":{"@id":"https:\/\/lyonbondyblog.fr\/LBB\/les-entete-e-s-le-theatre-du-point-du-jour-presente-son-premier-festival\/#primaryimage"},"thumbnailUrl":"https:\/\/lyonbondyblog.fr\/LBB\/wp-content\/uploads\/2021\/05\/Angelique-Clairand-Eric-Masse-\u00a9-Tim-Douet-004.jpg","datePublished":"2021-05-07T15:00:33+00:00","dateModified":"2021-05-07T16:43:15+00:00","inLanguage":"fr-FR","potentialAction":[{"@type":"ReadAction","target":["https:\/\/lyonbondyblog.fr\/LBB\/les-entete-e-s-le-theatre-du-point-du-jour-presente-son-premier-festival\/"]}]},{"@type":"ImageObject","inLanguage":"fr-FR","@id":"https:\/\/lyonbondyblog.fr\/LBB\/les-entete-e-s-le-theatre-du-point-du-jour-presente-son-premier-festival\/#primaryimage","url":"https:\/\/lyonbondyblog.fr\/LBB\/wp-content\/uploads\/2021\/05\/Angelique-Clairand-Eric-Masse-\u00a9-Tim-Douet-004.jpg","contentUrl":"https:\/\/lyonbondyblog.fr\/LBB\/wp-content\/uploads\/2021\/05\/Angelique-Clairand-Eric-Masse-\u00a9-Tim-Douet-004.jpg","width":2458,"height":1639},{"@type":"WebSite","@id":"https:\/\/lyonbondyblog.fr\/LBB\/#website","url":"https:\/\/lyonbondyblog.fr\/LBB\/","name":"Lyon Bondy Blog","description":"","publisher":{"@id":"https:\/\/lyonbondyblog.fr\/LBB\/#organization"},"potentialAction":[{"@type":"SearchAction","target":{"@type":"EntryPoint","urlTemplate":"https:\/\/lyonbondyblog.fr\/LBB\/?s={search_term_string}"},"query-input":"required name=search_term_string"}],"inLanguage":"fr-FR"},{"@type":"Organization","@id":"https:\/\/lyonbondyblog.fr\/LBB\/#organization","name":"LYON BONDY BLOG","url":"https:\/\/lyonbondyblog.fr\/LBB\/","logo":{"@type":"ImageObject","inLanguage":"fr-FR","@id":"https:\/\/lyonbondyblog.fr\/LBB\/#\/schema\/logo\/image\/","url":"http:\/\/lyonbondyblog.fr\/LBB\/wp-content\/uploads\/2014\/10\/logo-portable-144.png","contentUrl":"http:\/\/lyonbondyblog.fr\/LBB\/wp-content\/uploads\/2014\/10\/logo-portable-144.png","width":144,"height":123,"caption":"LYON BONDY BLOG"},"image":{"@id":"https:\/\/lyonbondyblog.fr\/LBB\/#\/schema\/logo\/image\/"},"sameAs":["https:\/\/www.facebook.com\/lyonbondyblog","https:\/\/x.com\/bondybloglyon"]},{"@type":"Person","@id":"https:\/\/lyonbondyblog.fr\/LBB\/#\/schema\/person\/e45f8d27baac75072daa0be50c409b25","name":"La r\u00e9daction","description":"Cr\u00e9e en 2008, la r\u00e9daction du Lyon Bondy Blog s'applique \u00e0 proposer une information locale diff\u00e9rente et compl\u00e9mentaire des m\u00e9dias traditionnels.","sameAs":["https:\/\/www.facebook.com\/lyonbondyblog","https:\/\/x.com\/BondyBlogLyon"],"url":"https:\/\/lyonbondyblog.fr\/LBB\/author\/admin\/"}]}},"_links":{"self":[{"href":"https:\/\/lyonbondyblog.fr\/LBB\/wp-json\/wp\/v2\/posts\/22835","targetHints":{"allow":["GET"]}}],"collection":[{"href":"https:\/\/lyonbondyblog.fr\/LBB\/wp-json\/wp\/v2\/posts"}],"about":[{"href":"https:\/\/lyonbondyblog.fr\/LBB\/wp-json\/wp\/v2\/types\/post"}],"author":[{"embeddable":true,"href":"https:\/\/lyonbondyblog.fr\/LBB\/wp-json\/wp\/v2\/users\/1"}],"replies":[{"embeddable":true,"href":"https:\/\/lyonbondyblog.fr\/LBB\/wp-json\/wp\/v2\/comments?post=22835"}],"version-history":[{"count":11,"href":"https:\/\/lyonbondyblog.fr\/LBB\/wp-json\/wp\/v2\/posts\/22835\/revisions"}],"predecessor-version":[{"id":22850,"href":"https:\/\/lyonbondyblog.fr\/LBB\/wp-json\/wp\/v2\/posts\/22835\/revisions\/22850"}],"wp:featuredmedia":[{"embeddable":true,"href":"https:\/\/lyonbondyblog.fr\/LBB\/wp-json\/wp\/v2\/media\/22844"}],"wp:attachment":[{"href":"https:\/\/lyonbondyblog.fr\/LBB\/wp-json\/wp\/v2\/media?parent=22835"}],"wp:term":[{"taxonomy":"category","embeddable":true,"href":"https:\/\/lyonbondyblog.fr\/LBB\/wp-json\/wp\/v2\/categories?post=22835"},{"taxonomy":"post_tag","embeddable":true,"href":"https:\/\/lyonbondyblog.fr\/LBB\/wp-json\/wp\/v2\/tags?post=22835"}],"curies":[{"name":"wp","href":"https:\/\/api.w.org\/{rel}","templated":true}]}}