{"id":22823,"date":"2021-05-06T17:00:12","date_gmt":"2021-05-06T15:00:12","guid":{"rendered":"http:\/\/lyonbondyblog.fr\/LBB\/?p=22823"},"modified":"2021-05-06T17:00:15","modified_gmt":"2021-05-06T15:00:15","slug":"vaccinodrome-geant-au-groupama-stadium","status":"publish","type":"post","link":"https:\/\/lyonbondyblog.fr\/LBB\/vaccinodrome-geant-au-groupama-stadium\/","title":{"rendered":"Vaccinodrome g\u00e9ant au Groupama Stadium"},"content":{"rendered":"\n<div class=\"wp-block-image\"><figure class=\"aligncenter size-large is-resized\"><img loading=\"lazy\" decoding=\"async\" src=\"https:\/\/lyonbondyblog.fr\/LBB\/wp-content\/uploads\/2021\/05\/IMG-8751-1920x1440.jpg\" alt=\"\" class=\"wp-image-22828\" width=\"622\" height=\"466\" srcset=\"https:\/\/lyonbondyblog.fr\/LBB\/wp-content\/uploads\/2021\/05\/IMG-8751-1920x1440.jpg 1920w, https:\/\/lyonbondyblog.fr\/LBB\/wp-content\/uploads\/2021\/05\/IMG-8751-1200x900.jpg 1200w, https:\/\/lyonbondyblog.fr\/LBB\/wp-content\/uploads\/2021\/05\/IMG-8751-768x576.jpg 768w, https:\/\/lyonbondyblog.fr\/LBB\/wp-content\/uploads\/2021\/05\/IMG-8751-1536x1152.jpg 1536w, https:\/\/lyonbondyblog.fr\/LBB\/wp-content\/uploads\/2021\/05\/IMG-8751-2048x1536.jpg 2048w\" sizes=\"auto, (max-width: 622px) 100vw, 622px\" \/><figcaption>Les sapeurs-pompiers pr\u00e9parent les vaccins. Cr\u00e9dit : Kenza Sammari<\/figcaption><\/figure><\/div>\n\n\n\n<h4 class=\"wp-block-heading\">Le Groupama Stadium ouvrait de nouveau ses portes ce mercredi 5 mai pour une op\u00e9ration de vaccination intensive. Initialement pr\u00e9vue du 5 au 7 mai, elle se poursuivra jusqu\u2019au 9 mai.<\/h4>\n\n\n\n<p>Le groupe OL, La R\u00e9gion Auvergne Rh\u00f4ne-Alpes, Le Service d\u00e9partemental m\u00e9tropolitain d\u2019incendie et de secours, et l\u2019agence r\u00e9gionale de sant\u00e9 (ARS) s\u2019allient pour cette nouvelle campagne dans ce lieu embl\u00e9matique. L\u2019objectif&nbsp;: 14&nbsp;000 vaccinations soit 3500 par jour avec le vaccin Pfizer-BioNtech. Ce projet d\u2019envergure est pris en charge \u00e0 100 % par la r\u00e9gion. Un co\u00fbt de 60&nbsp;000 euros qui permettra d\u2019intensifier la vaccination et \u00ab&nbsp;se retrouver le plus vite possible&nbsp;\u00bb selon Laurent Wauquiez, pr\u00e9sident de la r\u00e9gion. &nbsp;<\/p>\n\n\n\n<figure class=\"wp-block-embed is-type-rich is-provider-soundcloud wp-block-embed-soundcloud wp-embed-aspect-4-3 wp-has-aspect-ratio\"><div class=\"wp-block-embed__wrapper\">\n<iframe loading=\"lazy\" title=\"Laurent Wauquiez : &quot;L&#039;objectif est d&#039;atteindre 15 000 vaccinations.&quot; by LyonBondyBlog\" width=\"1200\" height=\"400\" scrolling=\"no\" frameborder=\"no\" src=\"https:\/\/w.soundcloud.com\/player\/?visual=true&#038;url=https%3A%2F%2Fapi.soundcloud.com%2Ftracks%2F1043755657&#038;show_artwork=true&#038;maxwidth=1200&#038;maxheight=1000&#038;dnt=1\"><\/iframe>\n<\/div><\/figure>\n\n\n\n<h4 class=\"wp-block-heading\">150 personnes mobilis\u00e9es par jour<\/h4>\n\n\n\n<p>La capacit\u00e9 vaccinale est \u00e9galement multipli\u00e9e gr\u00e2ce \u00e0 une organisation bien rod\u00e9e. La pr\u00e9paration des doses se fait en amont et l\u2019injection est r\u00e9alis\u00e9e par 75 sapeurs-pompiers form\u00e9s en deux heures \u00e0 la vaccination. 150 personnes sont mobilis\u00e9es par jour dans le Groupama Stadium.<\/p>\n\n\n\n<p>Jean-Michel Aulas, pr\u00e9sident de l\u2019Olympique Lyonnais, se f\u00e9licite de ce partenariat entre public et priv\u00e9.<\/p>\n\n\n\n<figure class=\"wp-block-embed is-type-rich is-provider-soundcloud wp-block-embed-soundcloud wp-embed-aspect-4-3 wp-has-aspect-ratio\"><div class=\"wp-block-embed__wrapper\">\n<iframe loading=\"lazy\" title=\"Jean-Michel Aulas : &quot;Faire acc\u00e9lerer le taux de vaccination pour une immunit\u00e9 collective.&quot; by LyonBondyBlog\" width=\"1200\" height=\"400\" scrolling=\"no\" frameborder=\"no\" src=\"https:\/\/w.soundcloud.com\/player\/?visual=true&#038;url=https%3A%2F%2Fapi.soundcloud.com%2Ftracks%2F1043762773&#038;show_artwork=true&#038;maxwidth=1200&#038;maxheight=1000&#038;dnt=1\"><\/iframe>\n<\/div><\/figure>\n\n\n\n<p>\u00ab&nbsp;<em>L\u2019objectif est \u00e9videmment de pouvoir travailler sur la p\u00e9rennisation de ce lieu. Pour l\u2019instant, il est ouvert sur des intervalles de temps courts et notre souhait commun avec l\u2019ARS et Jean-Michel Aulas est que cet endroit devienne notre plus gros lieu de vaccination \u00e0 l\u2019\u00e9chelle de la r\u00e9gion&nbsp;\u00bb, <\/em>explique Laurent Wauquiez<em>.&nbsp;<\/em>La r\u00e9gion et l\u2019\u00c9tat ont \u00e9galement d\u00e9cid\u00e9 d\u2019accompagner les petits centres en apportant leur soutien financier \u00e0 une trentaine de communes. Pour la fin de semaine, le pr\u00e9sident de la r\u00e9gion aimerait atteindre une cinquantaine de centres soutenus.<\/p>\n\n\n\n<p>Cette op\u00e9ration pourrait vraisemblablement \u00eatre reconduite \u00e0 compter du 15 juin et cette fois-ci de fa\u00e7on permanente d\u2019apr\u00e8s Philippe Guetat, directeur d\u00e9partemental de l\u2019ARS. Dans le Rh\u00f4ne, la campagne de vaccination devrait s\u2019amplifier et s\u2019intensifier dans les prochaines semaines.<\/p>\n\n\n\n<p>Kenza Sammari<\/p>\n<!-- AddThis Advanced Settings generic via filter on the_content --><!-- AddThis Share Buttons generic via filter on the_content -->","protected":false},"excerpt":{"rendered":"<p>Le Groupama Stadium ouvrait de nouveau ses portes ce mercredi 5 mai pour une op\u00e9ration de vaccination intensive. Initialement pr\u00e9vue du 5 au 7 mai, &hellip; <!-- AddThis Advanced Settings generic via filter on wp_trim_excerpt --><!-- AddThis Share Buttons generic via filter on wp_trim_excerpt --><\/p>\n","protected":false},"author":1,"featured_media":22828,"comment_status":"open","ping_status":"open","sticky":false,"template":"","format":"standard","meta":{"_FSMCFIC_featured_image_caption":"","_FSMCFIC_featured_image_nocaption":"","_FSMCFIC_featured_image_hide":"","footnotes":""},"categories":[22420,4,6,3889],"tags":[],"class_list":["post-22823","post","type-post","status-publish","format-standard","has-post-thumbnail","hentry","category-covid-19","category-lyon","category-politique","category-sante"],"yoast_head":"<!-- This site is optimized with the Yoast SEO plugin v22.8 - https:\/\/yoast.com\/wordpress\/plugins\/seo\/ -->\n<title>Vaccinodrome g\u00e9ant au Groupama Stadium - Lyon Bondy Blog<\/title>\n<meta name=\"robots\" content=\"index, follow, max-snippet:-1, max-image-preview:large, max-video-preview:-1\" \/>\n<link rel=\"canonical\" href=\"https:\/\/lyonbondyblog.fr\/LBB\/vaccinodrome-geant-au-groupama-stadium\/\" \/>\n<meta property=\"og:locale\" content=\"fr_FR\" \/>\n<meta property=\"og:type\" content=\"article\" \/>\n<meta property=\"og:title\" content=\"Vaccinodrome g\u00e9ant au Groupama Stadium - Lyon Bondy Blog\" \/>\n<meta property=\"og:description\" content=\"Le Groupama Stadium ouvrait de nouveau ses portes ce mercredi 5 mai pour une op\u00e9ration de vaccination intensive. Initialement pr\u00e9vue du 5 au 7 mai, &hellip;\" \/>\n<meta property=\"og:url\" content=\"https:\/\/lyonbondyblog.fr\/LBB\/vaccinodrome-geant-au-groupama-stadium\/\" \/>\n<meta property=\"og:site_name\" content=\"Lyon Bondy Blog\" \/>\n<meta property=\"article:publisher\" content=\"https:\/\/www.facebook.com\/lyonbondyblog\" \/>\n<meta property=\"article:author\" content=\"https:\/\/www.facebook.com\/lyonbondyblog\" \/>\n<meta property=\"article:published_time\" content=\"2021-05-06T15:00:12+00:00\" \/>\n<meta property=\"article:modified_time\" content=\"2021-05-06T15:00:15+00:00\" \/>\n<meta property=\"og:image\" content=\"https:\/\/lyonbondyblog.fr\/LBB\/wp-content\/uploads\/2021\/05\/IMG-8751-scaled.jpg\" \/>\n\t<meta property=\"og:image:width\" content=\"2560\" \/>\n\t<meta property=\"og:image:height\" content=\"1920\" \/>\n\t<meta property=\"og:image:type\" content=\"image\/jpeg\" \/>\n<meta name=\"author\" content=\"La r\u00e9daction\" \/>\n<meta name=\"twitter:card\" content=\"summary_large_image\" \/>\n<meta name=\"twitter:creator\" content=\"@BondyBlogLyon\" \/>\n<meta name=\"twitter:site\" content=\"@bondybloglyon\" \/>\n<script type=\"application\/ld+json\" class=\"yoast-schema-graph\">{\"@context\":\"https:\/\/schema.org\",\"@graph\":[{\"@type\":\"Article\",\"@id\":\"https:\/\/lyonbondyblog.fr\/LBB\/vaccinodrome-geant-au-groupama-stadium\/#article\",\"isPartOf\":{\"@id\":\"https:\/\/lyonbondyblog.fr\/LBB\/vaccinodrome-geant-au-groupama-stadium\/\"},\"author\":{\"name\":\"La r\u00e9daction\",\"@id\":\"https:\/\/lyonbondyblog.fr\/LBB\/#\/schema\/person\/e45f8d27baac75072daa0be50c409b25\"},\"headline\":\"Vaccinodrome g\u00e9ant au Groupama Stadium\",\"datePublished\":\"2021-05-06T15:00:12+00:00\",\"dateModified\":\"2021-05-06T15:00:15+00:00\",\"mainEntityOfPage\":{\"@id\":\"https:\/\/lyonbondyblog.fr\/LBB\/vaccinodrome-geant-au-groupama-stadium\/\"},\"wordCount\":372,\"commentCount\":0,\"publisher\":{\"@id\":\"https:\/\/lyonbondyblog.fr\/LBB\/#organization\"},\"image\":{\"@id\":\"https:\/\/lyonbondyblog.fr\/LBB\/vaccinodrome-geant-au-groupama-stadium\/#primaryimage\"},\"thumbnailUrl\":\"https:\/\/lyonbondyblog.fr\/LBB\/wp-content\/uploads\/2021\/05\/IMG-8751-scaled.jpg\",\"articleSection\":[\"Covid-19\",\"Lyon\",\"Politique\",\"Sant\u00e9\"],\"inLanguage\":\"fr-FR\",\"potentialAction\":[{\"@type\":\"CommentAction\",\"name\":\"Comment\",\"target\":[\"https:\/\/lyonbondyblog.fr\/LBB\/vaccinodrome-geant-au-groupama-stadium\/#respond\"]}]},{\"@type\":\"WebPage\",\"@id\":\"https:\/\/lyonbondyblog.fr\/LBB\/vaccinodrome-geant-au-groupama-stadium\/\",\"url\":\"https:\/\/lyonbondyblog.fr\/LBB\/vaccinodrome-geant-au-groupama-stadium\/\",\"name\":\"Vaccinodrome g\u00e9ant au Groupama Stadium - Lyon Bondy Blog\",\"isPartOf\":{\"@id\":\"https:\/\/lyonbondyblog.fr\/LBB\/#website\"},\"primaryImageOfPage\":{\"@id\":\"https:\/\/lyonbondyblog.fr\/LBB\/vaccinodrome-geant-au-groupama-stadium\/#primaryimage\"},\"image\":{\"@id\":\"https:\/\/lyonbondyblog.fr\/LBB\/vaccinodrome-geant-au-groupama-stadium\/#primaryimage\"},\"thumbnailUrl\":\"https:\/\/lyonbondyblog.fr\/LBB\/wp-content\/uploads\/2021\/05\/IMG-8751-scaled.jpg\",\"datePublished\":\"2021-05-06T15:00:12+00:00\",\"dateModified\":\"2021-05-06T15:00:15+00:00\",\"inLanguage\":\"fr-FR\",\"potentialAction\":[{\"@type\":\"ReadAction\",\"target\":[\"https:\/\/lyonbondyblog.fr\/LBB\/vaccinodrome-geant-au-groupama-stadium\/\"]}]},{\"@type\":\"ImageObject\",\"inLanguage\":\"fr-FR\",\"@id\":\"https:\/\/lyonbondyblog.fr\/LBB\/vaccinodrome-geant-au-groupama-stadium\/#primaryimage\",\"url\":\"https:\/\/lyonbondyblog.fr\/LBB\/wp-content\/uploads\/2021\/05\/IMG-8751-scaled.jpg\",\"contentUrl\":\"https:\/\/lyonbondyblog.fr\/LBB\/wp-content\/uploads\/2021\/05\/IMG-8751-scaled.jpg\",\"width\":2560,\"height\":1920},{\"@type\":\"WebSite\",\"@id\":\"https:\/\/lyonbondyblog.fr\/LBB\/#website\",\"url\":\"https:\/\/lyonbondyblog.fr\/LBB\/\",\"name\":\"Lyon Bondy Blog\",\"description\":\"\",\"publisher\":{\"@id\":\"https:\/\/lyonbondyblog.fr\/LBB\/#organization\"},\"potentialAction\":[{\"@type\":\"SearchAction\",\"target\":{\"@type\":\"EntryPoint\",\"urlTemplate\":\"https:\/\/lyonbondyblog.fr\/LBB\/?s={search_term_string}\"},\"query-input\":\"required name=search_term_string\"}],\"inLanguage\":\"fr-FR\"},{\"@type\":\"Organization\",\"@id\":\"https:\/\/lyonbondyblog.fr\/LBB\/#organization\",\"name\":\"LYON BONDY BLOG\",\"url\":\"https:\/\/lyonbondyblog.fr\/LBB\/\",\"logo\":{\"@type\":\"ImageObject\",\"inLanguage\":\"fr-FR\",\"@id\":\"https:\/\/lyonbondyblog.fr\/LBB\/#\/schema\/logo\/image\/\",\"url\":\"http:\/\/lyonbondyblog.fr\/LBB\/wp-content\/uploads\/2014\/10\/logo-portable-144.png\",\"contentUrl\":\"http:\/\/lyonbondyblog.fr\/LBB\/wp-content\/uploads\/2014\/10\/logo-portable-144.png\",\"width\":144,\"height\":123,\"caption\":\"LYON BONDY BLOG\"},\"image\":{\"@id\":\"https:\/\/lyonbondyblog.fr\/LBB\/#\/schema\/logo\/image\/\"},\"sameAs\":[\"https:\/\/www.facebook.com\/lyonbondyblog\",\"https:\/\/x.com\/bondybloglyon\"]},{\"@type\":\"Person\",\"@id\":\"https:\/\/lyonbondyblog.fr\/LBB\/#\/schema\/person\/e45f8d27baac75072daa0be50c409b25\",\"name\":\"La r\u00e9daction\",\"description\":\"Cr\u00e9e en 2008, la r\u00e9daction du Lyon Bondy Blog s'applique \u00e0 proposer une information locale diff\u00e9rente et compl\u00e9mentaire des m\u00e9dias traditionnels.\",\"sameAs\":[\"https:\/\/www.facebook.com\/lyonbondyblog\",\"https:\/\/x.com\/BondyBlogLyon\"],\"url\":\"https:\/\/lyonbondyblog.fr\/LBB\/author\/admin\/\"}]}<\/script>\n<!-- \/ Yoast SEO plugin. -->","yoast_head_json":{"title":"Vaccinodrome g\u00e9ant au Groupama Stadium - Lyon Bondy Blog","robots":{"index":"index","follow":"follow","max-snippet":"max-snippet:-1","max-image-preview":"max-image-preview:large","max-video-preview":"max-video-preview:-1"},"canonical":"https:\/\/lyonbondyblog.fr\/LBB\/vaccinodrome-geant-au-groupama-stadium\/","og_locale":"fr_FR","og_type":"article","og_title":"Vaccinodrome g\u00e9ant au Groupama Stadium - Lyon Bondy Blog","og_description":"Le Groupama Stadium ouvrait de nouveau ses portes ce mercredi 5 mai pour une op\u00e9ration de vaccination intensive. Initialement pr\u00e9vue du 5 au 7 mai, &hellip;","og_url":"https:\/\/lyonbondyblog.fr\/LBB\/vaccinodrome-geant-au-groupama-stadium\/","og_site_name":"Lyon Bondy Blog","article_publisher":"https:\/\/www.facebook.com\/lyonbondyblog","article_author":"https:\/\/www.facebook.com\/lyonbondyblog","article_published_time":"2021-05-06T15:00:12+00:00","article_modified_time":"2021-05-06T15:00:15+00:00","og_image":[{"width":2560,"height":1920,"url":"https:\/\/lyonbondyblog.fr\/LBB\/wp-content\/uploads\/2021\/05\/IMG-8751-scaled.jpg","type":"image\/jpeg"}],"author":"La r\u00e9daction","twitter_card":"summary_large_image","twitter_creator":"@BondyBlogLyon","twitter_site":"@bondybloglyon","schema":{"@context":"https:\/\/schema.org","@graph":[{"@type":"Article","@id":"https:\/\/lyonbondyblog.fr\/LBB\/vaccinodrome-geant-au-groupama-stadium\/#article","isPartOf":{"@id":"https:\/\/lyonbondyblog.fr\/LBB\/vaccinodrome-geant-au-groupama-stadium\/"},"author":{"name":"La r\u00e9daction","@id":"https:\/\/lyonbondyblog.fr\/LBB\/#\/schema\/person\/e45f8d27baac75072daa0be50c409b25"},"headline":"Vaccinodrome g\u00e9ant au Groupama Stadium","datePublished":"2021-05-06T15:00:12+00:00","dateModified":"2021-05-06T15:00:15+00:00","mainEntityOfPage":{"@id":"https:\/\/lyonbondyblog.fr\/LBB\/vaccinodrome-geant-au-groupama-stadium\/"},"wordCount":372,"commentCount":0,"publisher":{"@id":"https:\/\/lyonbondyblog.fr\/LBB\/#organization"},"image":{"@id":"https:\/\/lyonbondyblog.fr\/LBB\/vaccinodrome-geant-au-groupama-stadium\/#primaryimage"},"thumbnailUrl":"https:\/\/lyonbondyblog.fr\/LBB\/wp-content\/uploads\/2021\/05\/IMG-8751-scaled.jpg","articleSection":["Covid-19","Lyon","Politique","Sant\u00e9"],"inLanguage":"fr-FR","potentialAction":[{"@type":"CommentAction","name":"Comment","target":["https:\/\/lyonbondyblog.fr\/LBB\/vaccinodrome-geant-au-groupama-stadium\/#respond"]}]},{"@type":"WebPage","@id":"https:\/\/lyonbondyblog.fr\/LBB\/vaccinodrome-geant-au-groupama-stadium\/","url":"https:\/\/lyonbondyblog.fr\/LBB\/vaccinodrome-geant-au-groupama-stadium\/","name":"Vaccinodrome g\u00e9ant au Groupama Stadium - Lyon Bondy Blog","isPartOf":{"@id":"https:\/\/lyonbondyblog.fr\/LBB\/#website"},"primaryImageOfPage":{"@id":"https:\/\/lyonbondyblog.fr\/LBB\/vaccinodrome-geant-au-groupama-stadium\/#primaryimage"},"image":{"@id":"https:\/\/lyonbondyblog.fr\/LBB\/vaccinodrome-geant-au-groupama-stadium\/#primaryimage"},"thumbnailUrl":"https:\/\/lyonbondyblog.fr\/LBB\/wp-content\/uploads\/2021\/05\/IMG-8751-scaled.jpg","datePublished":"2021-05-06T15:00:12+00:00","dateModified":"2021-05-06T15:00:15+00:00","inLanguage":"fr-FR","potentialAction":[{"@type":"ReadAction","target":["https:\/\/lyonbondyblog.fr\/LBB\/vaccinodrome-geant-au-groupama-stadium\/"]}]},{"@type":"ImageObject","inLanguage":"fr-FR","@id":"https:\/\/lyonbondyblog.fr\/LBB\/vaccinodrome-geant-au-groupama-stadium\/#primaryimage","url":"https:\/\/lyonbondyblog.fr\/LBB\/wp-content\/uploads\/2021\/05\/IMG-8751-scaled.jpg","contentUrl":"https:\/\/lyonbondyblog.fr\/LBB\/wp-content\/uploads\/2021\/05\/IMG-8751-scaled.jpg","width":2560,"height":1920},{"@type":"WebSite","@id":"https:\/\/lyonbondyblog.fr\/LBB\/#website","url":"https:\/\/lyonbondyblog.fr\/LBB\/","name":"Lyon Bondy Blog","description":"","publisher":{"@id":"https:\/\/lyonbondyblog.fr\/LBB\/#organization"},"potentialAction":[{"@type":"SearchAction","target":{"@type":"EntryPoint","urlTemplate":"https:\/\/lyonbondyblog.fr\/LBB\/?s={search_term_string}"},"query-input":"required name=search_term_string"}],"inLanguage":"fr-FR"},{"@type":"Organization","@id":"https:\/\/lyonbondyblog.fr\/LBB\/#organization","name":"LYON BONDY BLOG","url":"https:\/\/lyonbondyblog.fr\/LBB\/","logo":{"@type":"ImageObject","inLanguage":"fr-FR","@id":"https:\/\/lyonbondyblog.fr\/LBB\/#\/schema\/logo\/image\/","url":"http:\/\/lyonbondyblog.fr\/LBB\/wp-content\/uploads\/2014\/10\/logo-portable-144.png","contentUrl":"http:\/\/lyonbondyblog.fr\/LBB\/wp-content\/uploads\/2014\/10\/logo-portable-144.png","width":144,"height":123,"caption":"LYON BONDY BLOG"},"image":{"@id":"https:\/\/lyonbondyblog.fr\/LBB\/#\/schema\/logo\/image\/"},"sameAs":["https:\/\/www.facebook.com\/lyonbondyblog","https:\/\/x.com\/bondybloglyon"]},{"@type":"Person","@id":"https:\/\/lyonbondyblog.fr\/LBB\/#\/schema\/person\/e45f8d27baac75072daa0be50c409b25","name":"La r\u00e9daction","description":"Cr\u00e9e en 2008, la r\u00e9daction du Lyon Bondy Blog s'applique \u00e0 proposer une information locale diff\u00e9rente et compl\u00e9mentaire des m\u00e9dias traditionnels.","sameAs":["https:\/\/www.facebook.com\/lyonbondyblog","https:\/\/x.com\/BondyBlogLyon"],"url":"https:\/\/lyonbondyblog.fr\/LBB\/author\/admin\/"}]}},"_links":{"self":[{"href":"https:\/\/lyonbondyblog.fr\/LBB\/wp-json\/wp\/v2\/posts\/22823","targetHints":{"allow":["GET"]}}],"collection":[{"href":"https:\/\/lyonbondyblog.fr\/LBB\/wp-json\/wp\/v2\/posts"}],"about":[{"href":"https:\/\/lyonbondyblog.fr\/LBB\/wp-json\/wp\/v2\/types\/post"}],"author":[{"embeddable":true,"href":"https:\/\/lyonbondyblog.fr\/LBB\/wp-json\/wp\/v2\/users\/1"}],"replies":[{"embeddable":true,"href":"https:\/\/lyonbondyblog.fr\/LBB\/wp-json\/wp\/v2\/comments?post=22823"}],"version-history":[{"count":6,"href":"https:\/\/lyonbondyblog.fr\/LBB\/wp-json\/wp\/v2\/posts\/22823\/revisions"}],"predecessor-version":[{"id":22830,"href":"https:\/\/lyonbondyblog.fr\/LBB\/wp-json\/wp\/v2\/posts\/22823\/revisions\/22830"}],"wp:featuredmedia":[{"embeddable":true,"href":"https:\/\/lyonbondyblog.fr\/LBB\/wp-json\/wp\/v2\/media\/22828"}],"wp:attachment":[{"href":"https:\/\/lyonbondyblog.fr\/LBB\/wp-json\/wp\/v2\/media?parent=22823"}],"wp:term":[{"taxonomy":"category","embeddable":true,"href":"https:\/\/lyonbondyblog.fr\/LBB\/wp-json\/wp\/v2\/categories?post=22823"},{"taxonomy":"post_tag","embeddable":true,"href":"https:\/\/lyonbondyblog.fr\/LBB\/wp-json\/wp\/v2\/tags?post=22823"}],"curies":[{"name":"wp","href":"https:\/\/api.w.org\/{rel}","templated":true}]}}