{"id":22792,"date":"2021-05-04T17:00:27","date_gmt":"2021-05-04T15:00:27","guid":{"rendered":"http:\/\/lyonbondyblog.fr\/LBB\/?p=22792"},"modified":"2021-05-05T10:35:13","modified_gmt":"2021-05-05T08:35:13","slug":"jardin-partage-a-monplaisir-un-espace-vert-en-milieu-urbain","status":"publish","type":"post","link":"https:\/\/lyonbondyblog.fr\/LBB\/jardin-partage-a-monplaisir-un-espace-vert-en-milieu-urbain\/","title":{"rendered":"Jardin partag\u00e9 \u00e0 Monplaisir : un espace vert en milieu urbain"},"content":{"rendered":"\n<div class=\"wp-block-image\"><figure class=\"aligncenter size-large is-resized\"><img loading=\"lazy\" decoding=\"async\" src=\"https:\/\/lyonbondyblog.fr\/LBB\/wp-content\/uploads\/2021\/05\/IMG_7098791-1920x1376.jpg\" alt=\"\" class=\"wp-image-22793\" width=\"642\" height=\"460\" srcset=\"https:\/\/lyonbondyblog.fr\/LBB\/wp-content\/uploads\/2021\/05\/IMG_7098791-1920x1376.jpg 1920w, https:\/\/lyonbondyblog.fr\/LBB\/wp-content\/uploads\/2021\/05\/IMG_7098791-1200x860.jpg 1200w, https:\/\/lyonbondyblog.fr\/LBB\/wp-content\/uploads\/2021\/05\/IMG_7098791-768x551.jpg 768w, https:\/\/lyonbondyblog.fr\/LBB\/wp-content\/uploads\/2021\/05\/IMG_7098791-1536x1101.jpg 1536w, https:\/\/lyonbondyblog.fr\/LBB\/wp-content\/uploads\/2021\/05\/IMG_7098791-2048x1468.jpg 2048w\" sizes=\"auto, (max-width: 642px) 100vw, 642px\" \/><figcaption>Cr\u00e9dit : jardin partag\u00e9 Monplaisir<\/figcaption><\/figure><\/div>\n\n\n\n<h4 class=\"wp-block-heading\">Les jardins partag\u00e9s se d\u00e9veloppent de plus en plus dans les espaces urbains, comme celui de Monplaisir ouvert depuis juillet 2017. Le principal objectif ? Am\u00e9liorer la vie du quartier en cette p\u00e9riode difficile.<\/h4>\n\n\n\n<!--more-->\n\n\n\n<p>En 2015, Aur\u00e9lie Maras et V\u00e9ronique Julia ont une id\u00e9e&nbsp;: cr\u00e9er un jardin partag\u00e9. Cela prend du temps, \u00ab&nbsp;notamment pour trouver un terrain&nbsp;\u00bb d\u2019apr\u00e8s Aur\u00e9lie Maras. Elles ont pu demander de l\u2019aide \u00e0 <a href=\"https:\/\/www.lepassejardins.fr\/\">Passe-Jardins<\/a>, le r\u00e9seau des jardins partag\u00e9s de la r\u00e9gion qui permet d\u2019accompagner ces nouveaux projets et qui a jou\u00e9 un r\u00f4le important&nbsp;dans la cr\u00e9ation de ce projet. En juillet 2017, elles ont ouvert leur propre jardin partag\u00e9 \u00e0 Monplaisir. Ce dernier compte aujourd\u2019hui 25 \u00e0 30 adh\u00e9rents avec pr\u00e8s de 174 m<sup>2<\/sup> de surface \u00e0 cultiver.<\/p>\n\n\n\n<h4 class=\"wp-block-heading\">\u00ab&nbsp;C\u2019est un jardin vraiment int\u00e9gr\u00e9 dans la vie du quartier&nbsp;\u00bb<\/h4>\n\n\n\n<p>Le fonctionnement du jardin partag\u00e9 est assez libre et il n\u2019y a pas d\u2019obligation, \u00e0 part pour le compostage. En effet, il faut \u00ab&nbsp;que chaque adh\u00e9rent fasse au moins une permanence dans l\u2019ann\u00e9e pour le site de compostage&nbsp;\u00bb, explique Aur\u00e9lie Maras. Chacun se mobilise en fonction de ses centres d\u2019int\u00e9r\u00eats. Des animations ont lieu et le jardin est ouvert \u00ab&nbsp;quand cela est possible&nbsp;\u00bb. <a href=\"https:\/\/www.facebook.com\/JardinPartageMonplaisirlyon8e\/videos\/vb.116172335722180\/206639256675487\/?type=2&amp;theater\" target=\"_blank\" rel=\"noreferrer noopener\">Derni\u00e8rement, les adeptes ont r\u00e9alis\u00e9 une vid\u00e9o sur le compostage<\/a>.<\/p>\n\n\n\n<p>Pour la cofondatrice, \u00ab\u00a0c\u2019est un jardin vraiment int\u00e9gr\u00e9 dans la vie du quartier\u00a0\u00bb qui a permis l\u2019\u00e9mergence de nouvelles associations comme <a href=\"https:\/\/lorvertdu8eme.wixsite.com\/website#:~:text=L%27OR%20VERT%20DU%208%C3%88ME%20VOUS%20SOUHAITE%20LA%20BIENVENUE,du%20compostage%20dans%20le%20p%C3%A9rim%C3%A8tre%20de%20Lyon%208e.\">L\u2019or vert du 8<sup>e<\/sup><\/a>, qui cr\u00e9e des sites de compostage et des jardins de rue. Le jardin partag\u00e9 de Monplaisir est aussi membre de la Ligue de protection des oiseaux. Des nichoirs \u00e0 oiseaux et \u00e0 chauve-souris ont \u00e9t\u00e9 fabriqu\u00e9s. Des l\u00e9gumes de saisons sont aussi cultiv\u00e9s comme des pommes de terre, des tomates cerises, des \u00e9pinards, des carottes ou des radis.<\/p>\n\n\n\n<h4 class=\"wp-block-heading\">\u00ab&nbsp;Une initiative citoyenne autour de la transition \u00e9cologique&nbsp;\u00bb<\/h4>\n\n\n\n<p>Lors du confinement, le jardin est rest\u00e9 ouvert. Aur\u00e9lie Maras a pu remarquer<em> \u00ab&nbsp;l\u2019importance de l\u2019acc\u00e8s \u00e0 la nature, du lien social et de la vie de quartier&nbsp;\u00bb<\/em> en ces temps difficiles. Les adh\u00e9rents ont \u00e9t\u00e9 d\u2019autant plus actifs durant cette p\u00e9riode. <em>\u00ab&nbsp;C\u2019\u00e9tait un moyen de se ressourcer&nbsp;\u00bb<\/em>, ajoute-t-elle. Le fait de construire un jardin et de cultiver de mani\u00e8re collective a beaucoup apport\u00e9 \u00e0 tous les participants.<\/p>\n\n\n\n<p>Le jardin partag\u00e9 a \u00e9galement un impact fort sur la vie de quartier et la r\u00e9duction des d\u00e9chets. Les habitants sont investis et de nombreuses initiatives citoyennes \u00e9mergent autour de ce projet. \u00ab&nbsp;C\u2019est plus qu\u2019un lien social, c\u2019est une initiative citoyenne autour de la transition \u00e9cologique&nbsp;\u00bb, affirme Aur\u00e9lie Maras.<\/p>\n\n\n\n<p>Des micro-implantations florale permettent \u00e9galement d\u2019investir les rues pour les rendre plus vertes. Afin de continuer dans la protection de la biodiversit\u00e9, des nichoirs \u00e0 abeilles sauvages seront construits et des vergers urbains seront plant\u00e9s. L\u2019objectif est notamment \u00ab&nbsp;d\u2019ouvrir le jardin un peu plus souvent et plus facilement pour les gens du quartier&nbsp;\u00bb, livre Aur\u00e9lie Maras. Catherine Sechaud, l&rsquo;actuelle pr\u00e9sidente, aspire \u00e0 cr\u00e9er des liens avec les \u00e9coles et les habitants du quartier. Et pourquoi pas dans le futur inspirer les autres quartiers de l\u2019agglom\u00e9ration lyonnaise\u2026<\/p>\n\n\n\n<p>Carmen Buecher<\/p>\n<!-- AddThis Advanced Settings generic via filter on the_content --><!-- AddThis Share Buttons generic via filter on the_content -->","protected":false},"excerpt":{"rendered":"<p>Les jardins partag\u00e9s se d\u00e9veloppent de plus en plus dans les espaces urbains, comme celui de Monplaisir ouvert depuis juillet 2017. Le principal objectif ? &hellip; <!-- AddThis Advanced Settings generic via filter on wp_trim_excerpt --><!-- AddThis Share Buttons generic via filter on wp_trim_excerpt --><\/p>\n","protected":false},"author":1,"featured_media":22793,"comment_status":"open","ping_status":"open","sticky":false,"template":"","format":"standard","meta":{"_FSMCFIC_featured_image_caption":"","_FSMCFIC_featured_image_nocaption":"","_FSMCFIC_featured_image_hide":"","footnotes":""},"categories":[6443,6446,4,2],"tags":[],"class_list":["post-22792","post","type-post","status-publish","format-standard","has-post-thumbnail","hentry","category-association","category-ecologie","category-lyon","category-societe"],"yoast_head":"<!-- This site is optimized with the Yoast SEO plugin v22.8 - https:\/\/yoast.com\/wordpress\/plugins\/seo\/ -->\n<title>Jardin partag\u00e9 \u00e0 Monplaisir : un espace vert en milieu urbain - Lyon Bondy Blog<\/title>\n<meta name=\"robots\" content=\"index, follow, max-snippet:-1, max-image-preview:large, max-video-preview:-1\" \/>\n<link rel=\"canonical\" href=\"https:\/\/lyonbondyblog.fr\/LBB\/jardin-partage-a-monplaisir-un-espace-vert-en-milieu-urbain\/\" \/>\n<meta property=\"og:locale\" content=\"fr_FR\" \/>\n<meta property=\"og:type\" content=\"article\" \/>\n<meta property=\"og:title\" content=\"Jardin partag\u00e9 \u00e0 Monplaisir : un espace vert en milieu urbain - Lyon Bondy Blog\" \/>\n<meta property=\"og:description\" content=\"Les jardins partag\u00e9s se d\u00e9veloppent de plus en plus dans les espaces urbains, comme celui de Monplaisir ouvert depuis juillet 2017. Le principal objectif ? &hellip;\" \/>\n<meta property=\"og:url\" content=\"https:\/\/lyonbondyblog.fr\/LBB\/jardin-partage-a-monplaisir-un-espace-vert-en-milieu-urbain\/\" \/>\n<meta property=\"og:site_name\" content=\"Lyon Bondy Blog\" \/>\n<meta property=\"article:publisher\" content=\"https:\/\/www.facebook.com\/lyonbondyblog\" \/>\n<meta property=\"article:author\" content=\"https:\/\/www.facebook.com\/lyonbondyblog\" \/>\n<meta property=\"article:published_time\" content=\"2021-05-04T15:00:27+00:00\" \/>\n<meta property=\"article:modified_time\" content=\"2021-05-05T08:35:13+00:00\" \/>\n<meta property=\"og:image\" content=\"https:\/\/lyonbondyblog.fr\/LBB\/wp-content\/uploads\/2021\/05\/IMG_7098791-scaled.jpg\" \/>\n\t<meta property=\"og:image:width\" content=\"2560\" \/>\n\t<meta property=\"og:image:height\" content=\"1835\" \/>\n\t<meta property=\"og:image:type\" content=\"image\/jpeg\" \/>\n<meta name=\"author\" content=\"La r\u00e9daction\" \/>\n<meta name=\"twitter:card\" content=\"summary_large_image\" \/>\n<meta name=\"twitter:creator\" content=\"@BondyBlogLyon\" \/>\n<meta name=\"twitter:site\" content=\"@bondybloglyon\" \/>\n<script type=\"application\/ld+json\" class=\"yoast-schema-graph\">{\"@context\":\"https:\/\/schema.org\",\"@graph\":[{\"@type\":\"Article\",\"@id\":\"https:\/\/lyonbondyblog.fr\/LBB\/jardin-partage-a-monplaisir-un-espace-vert-en-milieu-urbain\/#article\",\"isPartOf\":{\"@id\":\"https:\/\/lyonbondyblog.fr\/LBB\/jardin-partage-a-monplaisir-un-espace-vert-en-milieu-urbain\/\"},\"author\":{\"name\":\"La r\u00e9daction\",\"@id\":\"https:\/\/lyonbondyblog.fr\/LBB\/#\/schema\/person\/e45f8d27baac75072daa0be50c409b25\"},\"headline\":\"Jardin partag\u00e9 \u00e0 Monplaisir : un espace vert en milieu urbain\",\"datePublished\":\"2021-05-04T15:00:27+00:00\",\"dateModified\":\"2021-05-05T08:35:13+00:00\",\"mainEntityOfPage\":{\"@id\":\"https:\/\/lyonbondyblog.fr\/LBB\/jardin-partage-a-monplaisir-un-espace-vert-en-milieu-urbain\/\"},\"wordCount\":586,\"commentCount\":0,\"publisher\":{\"@id\":\"https:\/\/lyonbondyblog.fr\/LBB\/#organization\"},\"image\":{\"@id\":\"https:\/\/lyonbondyblog.fr\/LBB\/jardin-partage-a-monplaisir-un-espace-vert-en-milieu-urbain\/#primaryimage\"},\"thumbnailUrl\":\"https:\/\/lyonbondyblog.fr\/LBB\/wp-content\/uploads\/2021\/05\/IMG_7098791-scaled.jpg\",\"articleSection\":[\"Association\",\"\u00c9cologie\",\"Lyon\",\"Soci\u00e9t\u00e9\"],\"inLanguage\":\"fr-FR\",\"potentialAction\":[{\"@type\":\"CommentAction\",\"name\":\"Comment\",\"target\":[\"https:\/\/lyonbondyblog.fr\/LBB\/jardin-partage-a-monplaisir-un-espace-vert-en-milieu-urbain\/#respond\"]}]},{\"@type\":\"WebPage\",\"@id\":\"https:\/\/lyonbondyblog.fr\/LBB\/jardin-partage-a-monplaisir-un-espace-vert-en-milieu-urbain\/\",\"url\":\"https:\/\/lyonbondyblog.fr\/LBB\/jardin-partage-a-monplaisir-un-espace-vert-en-milieu-urbain\/\",\"name\":\"Jardin partag\u00e9 \u00e0 Monplaisir : un espace vert en milieu urbain - Lyon Bondy Blog\",\"isPartOf\":{\"@id\":\"https:\/\/lyonbondyblog.fr\/LBB\/#website\"},\"primaryImageOfPage\":{\"@id\":\"https:\/\/lyonbondyblog.fr\/LBB\/jardin-partage-a-monplaisir-un-espace-vert-en-milieu-urbain\/#primaryimage\"},\"image\":{\"@id\":\"https:\/\/lyonbondyblog.fr\/LBB\/jardin-partage-a-monplaisir-un-espace-vert-en-milieu-urbain\/#primaryimage\"},\"thumbnailUrl\":\"https:\/\/lyonbondyblog.fr\/LBB\/wp-content\/uploads\/2021\/05\/IMG_7098791-scaled.jpg\",\"datePublished\":\"2021-05-04T15:00:27+00:00\",\"dateModified\":\"2021-05-05T08:35:13+00:00\",\"inLanguage\":\"fr-FR\",\"potentialAction\":[{\"@type\":\"ReadAction\",\"target\":[\"https:\/\/lyonbondyblog.fr\/LBB\/jardin-partage-a-monplaisir-un-espace-vert-en-milieu-urbain\/\"]}]},{\"@type\":\"ImageObject\",\"inLanguage\":\"fr-FR\",\"@id\":\"https:\/\/lyonbondyblog.fr\/LBB\/jardin-partage-a-monplaisir-un-espace-vert-en-milieu-urbain\/#primaryimage\",\"url\":\"https:\/\/lyonbondyblog.fr\/LBB\/wp-content\/uploads\/2021\/05\/IMG_7098791-scaled.jpg\",\"contentUrl\":\"https:\/\/lyonbondyblog.fr\/LBB\/wp-content\/uploads\/2021\/05\/IMG_7098791-scaled.jpg\",\"width\":2560,\"height\":1835},{\"@type\":\"WebSite\",\"@id\":\"https:\/\/lyonbondyblog.fr\/LBB\/#website\",\"url\":\"https:\/\/lyonbondyblog.fr\/LBB\/\",\"name\":\"Lyon Bondy Blog\",\"description\":\"\",\"publisher\":{\"@id\":\"https:\/\/lyonbondyblog.fr\/LBB\/#organization\"},\"potentialAction\":[{\"@type\":\"SearchAction\",\"target\":{\"@type\":\"EntryPoint\",\"urlTemplate\":\"https:\/\/lyonbondyblog.fr\/LBB\/?s={search_term_string}\"},\"query-input\":\"required name=search_term_string\"}],\"inLanguage\":\"fr-FR\"},{\"@type\":\"Organization\",\"@id\":\"https:\/\/lyonbondyblog.fr\/LBB\/#organization\",\"name\":\"LYON BONDY BLOG\",\"url\":\"https:\/\/lyonbondyblog.fr\/LBB\/\",\"logo\":{\"@type\":\"ImageObject\",\"inLanguage\":\"fr-FR\",\"@id\":\"https:\/\/lyonbondyblog.fr\/LBB\/#\/schema\/logo\/image\/\",\"url\":\"http:\/\/lyonbondyblog.fr\/LBB\/wp-content\/uploads\/2014\/10\/logo-portable-144.png\",\"contentUrl\":\"http:\/\/lyonbondyblog.fr\/LBB\/wp-content\/uploads\/2014\/10\/logo-portable-144.png\",\"width\":144,\"height\":123,\"caption\":\"LYON BONDY BLOG\"},\"image\":{\"@id\":\"https:\/\/lyonbondyblog.fr\/LBB\/#\/schema\/logo\/image\/\"},\"sameAs\":[\"https:\/\/www.facebook.com\/lyonbondyblog\",\"https:\/\/x.com\/bondybloglyon\"]},{\"@type\":\"Person\",\"@id\":\"https:\/\/lyonbondyblog.fr\/LBB\/#\/schema\/person\/e45f8d27baac75072daa0be50c409b25\",\"name\":\"La r\u00e9daction\",\"description\":\"Cr\u00e9e en 2008, la r\u00e9daction du Lyon Bondy Blog s'applique \u00e0 proposer une information locale diff\u00e9rente et compl\u00e9mentaire des m\u00e9dias traditionnels.\",\"sameAs\":[\"https:\/\/www.facebook.com\/lyonbondyblog\",\"https:\/\/x.com\/BondyBlogLyon\"],\"url\":\"https:\/\/lyonbondyblog.fr\/LBB\/author\/admin\/\"}]}<\/script>\n<!-- \/ Yoast SEO plugin. -->","yoast_head_json":{"title":"Jardin partag\u00e9 \u00e0 Monplaisir : un espace vert en milieu urbain - Lyon Bondy Blog","robots":{"index":"index","follow":"follow","max-snippet":"max-snippet:-1","max-image-preview":"max-image-preview:large","max-video-preview":"max-video-preview:-1"},"canonical":"https:\/\/lyonbondyblog.fr\/LBB\/jardin-partage-a-monplaisir-un-espace-vert-en-milieu-urbain\/","og_locale":"fr_FR","og_type":"article","og_title":"Jardin partag\u00e9 \u00e0 Monplaisir : un espace vert en milieu urbain - Lyon Bondy Blog","og_description":"Les jardins partag\u00e9s se d\u00e9veloppent de plus en plus dans les espaces urbains, comme celui de Monplaisir ouvert depuis juillet 2017. Le principal objectif ? &hellip;","og_url":"https:\/\/lyonbondyblog.fr\/LBB\/jardin-partage-a-monplaisir-un-espace-vert-en-milieu-urbain\/","og_site_name":"Lyon Bondy Blog","article_publisher":"https:\/\/www.facebook.com\/lyonbondyblog","article_author":"https:\/\/www.facebook.com\/lyonbondyblog","article_published_time":"2021-05-04T15:00:27+00:00","article_modified_time":"2021-05-05T08:35:13+00:00","og_image":[{"width":2560,"height":1835,"url":"https:\/\/lyonbondyblog.fr\/LBB\/wp-content\/uploads\/2021\/05\/IMG_7098791-scaled.jpg","type":"image\/jpeg"}],"author":"La r\u00e9daction","twitter_card":"summary_large_image","twitter_creator":"@BondyBlogLyon","twitter_site":"@bondybloglyon","schema":{"@context":"https:\/\/schema.org","@graph":[{"@type":"Article","@id":"https:\/\/lyonbondyblog.fr\/LBB\/jardin-partage-a-monplaisir-un-espace-vert-en-milieu-urbain\/#article","isPartOf":{"@id":"https:\/\/lyonbondyblog.fr\/LBB\/jardin-partage-a-monplaisir-un-espace-vert-en-milieu-urbain\/"},"author":{"name":"La r\u00e9daction","@id":"https:\/\/lyonbondyblog.fr\/LBB\/#\/schema\/person\/e45f8d27baac75072daa0be50c409b25"},"headline":"Jardin partag\u00e9 \u00e0 Monplaisir : un espace vert en milieu urbain","datePublished":"2021-05-04T15:00:27+00:00","dateModified":"2021-05-05T08:35:13+00:00","mainEntityOfPage":{"@id":"https:\/\/lyonbondyblog.fr\/LBB\/jardin-partage-a-monplaisir-un-espace-vert-en-milieu-urbain\/"},"wordCount":586,"commentCount":0,"publisher":{"@id":"https:\/\/lyonbondyblog.fr\/LBB\/#organization"},"image":{"@id":"https:\/\/lyonbondyblog.fr\/LBB\/jardin-partage-a-monplaisir-un-espace-vert-en-milieu-urbain\/#primaryimage"},"thumbnailUrl":"https:\/\/lyonbondyblog.fr\/LBB\/wp-content\/uploads\/2021\/05\/IMG_7098791-scaled.jpg","articleSection":["Association","\u00c9cologie","Lyon","Soci\u00e9t\u00e9"],"inLanguage":"fr-FR","potentialAction":[{"@type":"CommentAction","name":"Comment","target":["https:\/\/lyonbondyblog.fr\/LBB\/jardin-partage-a-monplaisir-un-espace-vert-en-milieu-urbain\/#respond"]}]},{"@type":"WebPage","@id":"https:\/\/lyonbondyblog.fr\/LBB\/jardin-partage-a-monplaisir-un-espace-vert-en-milieu-urbain\/","url":"https:\/\/lyonbondyblog.fr\/LBB\/jardin-partage-a-monplaisir-un-espace-vert-en-milieu-urbain\/","name":"Jardin partag\u00e9 \u00e0 Monplaisir : un espace vert en milieu urbain - Lyon Bondy Blog","isPartOf":{"@id":"https:\/\/lyonbondyblog.fr\/LBB\/#website"},"primaryImageOfPage":{"@id":"https:\/\/lyonbondyblog.fr\/LBB\/jardin-partage-a-monplaisir-un-espace-vert-en-milieu-urbain\/#primaryimage"},"image":{"@id":"https:\/\/lyonbondyblog.fr\/LBB\/jardin-partage-a-monplaisir-un-espace-vert-en-milieu-urbain\/#primaryimage"},"thumbnailUrl":"https:\/\/lyonbondyblog.fr\/LBB\/wp-content\/uploads\/2021\/05\/IMG_7098791-scaled.jpg","datePublished":"2021-05-04T15:00:27+00:00","dateModified":"2021-05-05T08:35:13+00:00","inLanguage":"fr-FR","potentialAction":[{"@type":"ReadAction","target":["https:\/\/lyonbondyblog.fr\/LBB\/jardin-partage-a-monplaisir-un-espace-vert-en-milieu-urbain\/"]}]},{"@type":"ImageObject","inLanguage":"fr-FR","@id":"https:\/\/lyonbondyblog.fr\/LBB\/jardin-partage-a-monplaisir-un-espace-vert-en-milieu-urbain\/#primaryimage","url":"https:\/\/lyonbondyblog.fr\/LBB\/wp-content\/uploads\/2021\/05\/IMG_7098791-scaled.jpg","contentUrl":"https:\/\/lyonbondyblog.fr\/LBB\/wp-content\/uploads\/2021\/05\/IMG_7098791-scaled.jpg","width":2560,"height":1835},{"@type":"WebSite","@id":"https:\/\/lyonbondyblog.fr\/LBB\/#website","url":"https:\/\/lyonbondyblog.fr\/LBB\/","name":"Lyon Bondy Blog","description":"","publisher":{"@id":"https:\/\/lyonbondyblog.fr\/LBB\/#organization"},"potentialAction":[{"@type":"SearchAction","target":{"@type":"EntryPoint","urlTemplate":"https:\/\/lyonbondyblog.fr\/LBB\/?s={search_term_string}"},"query-input":"required name=search_term_string"}],"inLanguage":"fr-FR"},{"@type":"Organization","@id":"https:\/\/lyonbondyblog.fr\/LBB\/#organization","name":"LYON BONDY BLOG","url":"https:\/\/lyonbondyblog.fr\/LBB\/","logo":{"@type":"ImageObject","inLanguage":"fr-FR","@id":"https:\/\/lyonbondyblog.fr\/LBB\/#\/schema\/logo\/image\/","url":"http:\/\/lyonbondyblog.fr\/LBB\/wp-content\/uploads\/2014\/10\/logo-portable-144.png","contentUrl":"http:\/\/lyonbondyblog.fr\/LBB\/wp-content\/uploads\/2014\/10\/logo-portable-144.png","width":144,"height":123,"caption":"LYON BONDY BLOG"},"image":{"@id":"https:\/\/lyonbondyblog.fr\/LBB\/#\/schema\/logo\/image\/"},"sameAs":["https:\/\/www.facebook.com\/lyonbondyblog","https:\/\/x.com\/bondybloglyon"]},{"@type":"Person","@id":"https:\/\/lyonbondyblog.fr\/LBB\/#\/schema\/person\/e45f8d27baac75072daa0be50c409b25","name":"La r\u00e9daction","description":"Cr\u00e9e en 2008, la r\u00e9daction du Lyon Bondy Blog s'applique \u00e0 proposer une information locale diff\u00e9rente et compl\u00e9mentaire des m\u00e9dias traditionnels.","sameAs":["https:\/\/www.facebook.com\/lyonbondyblog","https:\/\/x.com\/BondyBlogLyon"],"url":"https:\/\/lyonbondyblog.fr\/LBB\/author\/admin\/"}]}},"_links":{"self":[{"href":"https:\/\/lyonbondyblog.fr\/LBB\/wp-json\/wp\/v2\/posts\/22792","targetHints":{"allow":["GET"]}}],"collection":[{"href":"https:\/\/lyonbondyblog.fr\/LBB\/wp-json\/wp\/v2\/posts"}],"about":[{"href":"https:\/\/lyonbondyblog.fr\/LBB\/wp-json\/wp\/v2\/types\/post"}],"author":[{"embeddable":true,"href":"https:\/\/lyonbondyblog.fr\/LBB\/wp-json\/wp\/v2\/users\/1"}],"replies":[{"embeddable":true,"href":"https:\/\/lyonbondyblog.fr\/LBB\/wp-json\/wp\/v2\/comments?post=22792"}],"version-history":[{"count":5,"href":"https:\/\/lyonbondyblog.fr\/LBB\/wp-json\/wp\/v2\/posts\/22792\/revisions"}],"predecessor-version":[{"id":22811,"href":"https:\/\/lyonbondyblog.fr\/LBB\/wp-json\/wp\/v2\/posts\/22792\/revisions\/22811"}],"wp:featuredmedia":[{"embeddable":true,"href":"https:\/\/lyonbondyblog.fr\/LBB\/wp-json\/wp\/v2\/media\/22793"}],"wp:attachment":[{"href":"https:\/\/lyonbondyblog.fr\/LBB\/wp-json\/wp\/v2\/media?parent=22792"}],"wp:term":[{"taxonomy":"category","embeddable":true,"href":"https:\/\/lyonbondyblog.fr\/LBB\/wp-json\/wp\/v2\/categories?post=22792"},{"taxonomy":"post_tag","embeddable":true,"href":"https:\/\/lyonbondyblog.fr\/LBB\/wp-json\/wp\/v2\/tags?post=22792"}],"curies":[{"name":"wp","href":"https:\/\/api.w.org\/{rel}","templated":true}]}}