{"id":2279,"date":"2011-01-01T16:37:59","date_gmt":"2011-01-01T15:37:59","guid":{"rendered":"http:\/\/lyonbondyblog.fr\/LBB\/?p=2279"},"modified":"2015-05-29T16:52:56","modified_gmt":"2015-05-29T14:52:56","slug":"l-epi-de-vaulx-en-velin-soffre-une-demi-portion-de-rap","status":"publish","type":"post","link":"https:\/\/lyonbondyblog.fr\/LBB\/l-epi-de-vaulx-en-velin-soffre-une-demi-portion-de-rap\/","title":{"rendered":"L\u2019 EPI de Vaulx-en Velin s\u2019offre une Demi-Portion de rap"},"content":{"rendered":"<p><strong>La semaine derni\u00e8re, l&rsquo;EPI de Vaulx-en-Velin accueillait Demi-Portion, un rappeur venu de <del>Montpellier<\/del>\u00a0S\u00e8te dans le but d&rsquo;animer un atelier rap et d\u00e9battre sur certains th\u00e8mes qui int\u00e9ressent les jeunes. Sofia revient sur ce qu&rsquo;il s&rsquo;est pass\u00e9 et nous dresse un rapide d\u00e9roul\u00e9 des op\u00e9rations.<\/strong><\/p>\n<div><\/div>\n<div>\u00a0<a href=\"https:\/\/lyonbondyblog.fr\/LBB\/wp-content\/uploads\/2013\/07\/demi_portion_22_d_cembre_006_t.jpg\"><img loading=\"lazy\" decoding=\"async\" width=\"193\" height=\"145\" class=\"aligncenter size-full wp-image-2281\" src=\"https:\/\/lyonbondyblog.fr\/LBB\/wp-content\/uploads\/2013\/07\/demi_portion_22_d_cembre_006_t.jpg\" alt=\"demi_portion_22_d_cembre_006_t\" \/><\/a><\/div>\n<p>Accompagn\u00e9es d\u2019une armada de petits habitants \u00e2g\u00e9s de 10 \u00e0 15 ans, Rafika et moi nous sommes all\u00e9es la semaine derni\u00e8re \u00e0 l\u2019EPI (Espace de Projet Interassociatif) situ\u00e9 \u00e0 Vaulx-en-Velin pour rencontrer Demi-Portion, un rappeur professionnel venu de Montpellier.<\/p>\n<p>&nbsp;<\/p>\n<p><span style=\"text-decoration: underline;\">Premi\u00e8re \u00e9tape<\/span>\u00a0: La mission \u00e9tait de ne pas perdre son sang froid durant un v\u00e9ritable parcours du combattant entre Villeurbanne et Vaulx-en-Velin. Les gar\u00e7ons s\u2019accrochaient pour un oui ou pour un non et les filles partaient de leur c\u00f4t\u00e9 sans en aviser personne&#8230;<\/p>\n<p>&nbsp;<\/p>\n<p><span style=\"text-decoration: underline;\">Deuxi\u00e8me \u00e9tape<\/span>\u00a0: Arriv\u00e9e au cin\u00e9ma\u00a0\u00bb Les Amphis\u00a0\u00bb. Trouvant nos places autour de petites tables, Rafika distribue des feuilles aux enfants pour qu\u2019ils puissent prendre des notes. Ils les prendront pour dessiner, s\u2019\u00e9crire des messages en oubliant \u00a0les gu\u00e9guerres du trajet et \u00e9ventuellement pour noter les questions qu\u2019ils poseront lors du d\u00e9bat.<\/p>\n<p>&nbsp;<\/p>\n<p>La suite de l\u2019aventure se poursuit avec la diffusion d\u2019un film sur la culture RAP des ann\u00e9es 90\u2019s et le Cut Killer Show de Skyrock qui, \u00e9tant un th\u00e8me inconnu des petits, n\u2019a pas r\u00e9ussi \u00e0 attirer leur attention.<\/p>\n<p>&nbsp;<\/p>\n<p><span style=\"text-decoration: underline;\">\u00a0Troisi\u00e8me \u00e9tape<\/span>\u00a0: les \u00ab\u00a0grands\u00a0\u00bb prennent le micro, et un long d\u00e9bat sur l\u2019Histoire du RAP commence. On parle de Skyrock d\u2019aujourd\u2019hui, la radio \u00a0qui ne passe plus que des titres sans aucune voix, sans aucun message social ou \u00e9ducatif comme le faisaient les sons des ann\u00e9es 80-90. On discute des impacts des paroles sur les jeunes, le fait que ce style de musique serait la voix de tout un quartier, de tout un peuple. On excuse les musiciens de faire des sons \u00e0 vis\u00e9e commerciale comme le \u00ab<i>\u00a0Wati By Night<\/i>\u00a0\u00bb des Sexion d\u2019Assaut, car on le sait tous, si on ne fait pas une ou deux musiques qui ne d\u00e9truisent pas des ennemis imaginaires ou ne nous mettent pas en valeur, on sort difficilement de sa cave\u2026 D\u2019o\u00f9 la n\u00e9cessit\u00e9 d\u2019\u00e9couter un album en entier pour comprendre le v\u00e9ritable but de l\u2019artiste.<\/p>\n<p>Puis les \u00ab\u00a0petits\u00a0\u00bb prennent le micro. Anthony, du groupe de jeunes que nous avions emmen\u00e9s avec nous et qui souhaite devenir rappeur, demande \u00e0 Demi-Portion comment on cr\u00e9e des rimes, le rappeur lui montrera l\u2019importance de la ma\u00eetrise de la langue fran\u00e7aise en lui donnant des exemples de vers po\u00e9tiques.<\/p>\n<p>&nbsp;<\/p>\n<p><span style=\"text-decoration: underline;\">Quatri\u00e8me \u00e9tape<\/span>\u00a0: On s\u2019\u00e9change des palabres sur nos destins. Alors je fais la connaissance d\u2019un homme de 18 ans qui a \u00e9t\u00e9 coup\u00e9 du monde scolaire d\u00e8s l\u2019\u00e2ge de 15 ans apr\u00e8s \u00eatre pass\u00e9 par la \u00ab\u00a0case Prison pour mineurs\u00a0\u00bb, donc forc\u00e9 d\u2019abandonner les \u00e9tudes. Aujourd\u2019hui, il trouve difficilement sa voie et se retrouve contraint de r\u00f4der sans rien faire&#8230; C\u2019est aussi la parole d\u2019un homme de 37 ans qui, souhaitant ne pas jeter de la poudre dor\u00e9e aux yeux des enfants innocents, d\u00e9clare de la fa\u00e7on la plus pessimiste possible, qu\u2019un jeune n\u00e9 dans un quartier meurt dans un quartier et n\u2019aura jamais la m\u00eame situation qu\u2019un lyc\u00e9en du Parc. S\u2019en suit un d\u00e9bat sur le fait que na\u00eetre dans un quartier c\u2019est devoir se battre, prendre ses tripes et devoir donner deux fois plus d\u2019efforts qu\u2019une personne n\u00e9e en centre ville, c\u2019est injuste mais le monde est ainsi fait et cela permet d\u2019acqu\u00e9rir ainsi des valeurs et une force qu\u2019un citadin n\u00e9 avec une cuill\u00e8re en argent dans la bouche ne conna\u00eetra jamais.<\/p>\n<p>&nbsp;<\/p>\n<p><span style=\"text-decoration: underline;\">Derni\u00e8re \u00e9tape<\/span>\u00a0: Chacun prend le micro, on rappe tous ensemble. Anthony nous r\u00e9cite son \u0153uvre, les petits de Vaulx chantent et dansent avec les grands autour de mixes. On s\u2019acclame, on improvise, on se d\u00e9couvre et on s\u2019\u00e9merveille devant ce vivier culturel. Il y a aussi cette chanson fran\u00e7aise des quartiers, ces Jacques Brel noirs et blancs qui se ressemblent et s\u2019assemblent le temps d\u2019un \u00ab\u00a0POUM POUM CHAK\u00a0\u00bb de la bo\u00eete \u00e0 rythme au fin fond de Vaulx-en-Velin.<\/p>\n<p>C&rsquo;est donc ainsi qu&rsquo;ils ont pu \u00a0raconter tous leur d\u00e9saccords avec cette \u00ab\u00a0France profonde\u00a0\u00bb, celle qui ne montre les minorit\u00e9s que sous leur plus mauvais jour, celle qui oublie la majorit\u00e9 qui \u00e9tudie, qui a tellement de projets en t\u00eate, celle toujours en \u00e9bullition et qui a oubli\u00e9 depuis longtemps la facilit\u00e9, celle qui est comme un arbre qui doit se battre pour conserver ses racines.<\/p>\n<p>&nbsp;<\/p>\n<!-- AddThis Advanced Settings generic via filter on the_content --><!-- AddThis Share Buttons generic via filter on the_content -->","protected":false},"excerpt":{"rendered":"<p>La semaine derni\u00e8re, l&rsquo;EPI de Vaulx-en-Velin accueillait Demi-Portion, un rappeur venu de Montpellier\u00a0S\u00e8te dans le but d&rsquo;animer un atelier rap et d\u00e9battre sur certains th\u00e8mes &hellip; <!-- AddThis Advanced Settings generic via filter on wp_trim_excerpt --><!-- AddThis Share Buttons generic via filter on wp_trim_excerpt --><\/p>\n","protected":false},"author":7,"featured_media":2281,"comment_status":"open","ping_status":"open","sticky":false,"template":"","format":"standard","meta":{"_FSMCFIC_featured_image_caption":"","_FSMCFIC_featured_image_nocaption":"","_FSMCFIC_featured_image_hide":"","footnotes":""},"categories":[4],"tags":[10,112],"class_list":["post-2279","post","type-post","status-publish","format-standard","has-post-thumbnail","hentry","category-lyon","tag-lyon-2","tag-lyon-bondy-blog"],"yoast_head":"<!-- This site is optimized with the Yoast SEO plugin v22.8 - https:\/\/yoast.com\/wordpress\/plugins\/seo\/ -->\n<title>L\u2019 EPI de Vaulx-en Velin s\u2019offre une Demi-Portion de rap - Lyon Bondy Blog<\/title>\n<meta name=\"robots\" content=\"index, follow, max-snippet:-1, max-image-preview:large, max-video-preview:-1\" \/>\n<link rel=\"canonical\" href=\"https:\/\/lyonbondyblog.fr\/LBB\/l-epi-de-vaulx-en-velin-soffre-une-demi-portion-de-rap\/\" \/>\n<meta property=\"og:locale\" content=\"fr_FR\" \/>\n<meta property=\"og:type\" content=\"article\" \/>\n<meta property=\"og:title\" content=\"L\u2019 EPI de Vaulx-en Velin s\u2019offre une Demi-Portion de rap - Lyon Bondy Blog\" \/>\n<meta property=\"og:description\" content=\"La semaine derni\u00e8re, l&rsquo;EPI de Vaulx-en-Velin accueillait Demi-Portion, un rappeur venu de Montpellier\u00a0S\u00e8te dans le but d&rsquo;animer un atelier rap et d\u00e9battre sur certains th\u00e8mes &hellip;\" \/>\n<meta property=\"og:url\" content=\"https:\/\/lyonbondyblog.fr\/LBB\/l-epi-de-vaulx-en-velin-soffre-une-demi-portion-de-rap\/\" \/>\n<meta property=\"og:site_name\" content=\"Lyon Bondy Blog\" \/>\n<meta property=\"article:publisher\" content=\"https:\/\/www.facebook.com\/lyonbondyblog\" \/>\n<meta property=\"article:published_time\" content=\"2011-01-01T15:37:59+00:00\" \/>\n<meta property=\"article:modified_time\" content=\"2015-05-29T14:52:56+00:00\" \/>\n<meta property=\"og:image\" content=\"https:\/\/lyonbondyblog.fr\/LBB\/wp-content\/uploads\/2013\/07\/demi_portion_22_d_cembre_006_t.jpg\" \/>\n\t<meta property=\"og:image:width\" content=\"193\" \/>\n\t<meta property=\"og:image:height\" content=\"145\" \/>\n\t<meta property=\"og:image:type\" content=\"image\/jpeg\" \/>\n<meta name=\"author\" content=\"Sofia Azzedine\" \/>\n<meta name=\"twitter:card\" content=\"summary_large_image\" \/>\n<meta name=\"twitter:creator\" content=\"@bondybloglyon\" \/>\n<meta name=\"twitter:site\" content=\"@bondybloglyon\" \/>\n<script type=\"application\/ld+json\" class=\"yoast-schema-graph\">{\"@context\":\"https:\/\/schema.org\",\"@graph\":[{\"@type\":\"Article\",\"@id\":\"https:\/\/lyonbondyblog.fr\/LBB\/l-epi-de-vaulx-en-velin-soffre-une-demi-portion-de-rap\/#article\",\"isPartOf\":{\"@id\":\"https:\/\/lyonbondyblog.fr\/LBB\/l-epi-de-vaulx-en-velin-soffre-une-demi-portion-de-rap\/\"},\"author\":{\"name\":\"Sofia Azzedine\",\"@id\":\"https:\/\/lyonbondyblog.fr\/LBB\/#\/schema\/person\/b0602285b18dbff27c95620f60751bf9\"},\"headline\":\"L\u2019 EPI de Vaulx-en Velin s\u2019offre une Demi-Portion de rap\",\"datePublished\":\"2011-01-01T15:37:59+00:00\",\"dateModified\":\"2015-05-29T14:52:56+00:00\",\"mainEntityOfPage\":{\"@id\":\"https:\/\/lyonbondyblog.fr\/LBB\/l-epi-de-vaulx-en-velin-soffre-une-demi-portion-de-rap\/\"},\"wordCount\":830,\"commentCount\":0,\"publisher\":{\"@id\":\"https:\/\/lyonbondyblog.fr\/LBB\/#organization\"},\"image\":{\"@id\":\"https:\/\/lyonbondyblog.fr\/LBB\/l-epi-de-vaulx-en-velin-soffre-une-demi-portion-de-rap\/#primaryimage\"},\"thumbnailUrl\":\"https:\/\/lyonbondyblog.fr\/LBB\/wp-content\/uploads\/2013\/07\/demi_portion_22_d_cembre_006_t.jpg\",\"keywords\":[\"lyon\",\"Lyon Bondy Blog\"],\"articleSection\":[\"Lyon\"],\"inLanguage\":\"fr-FR\",\"potentialAction\":[{\"@type\":\"CommentAction\",\"name\":\"Comment\",\"target\":[\"https:\/\/lyonbondyblog.fr\/LBB\/l-epi-de-vaulx-en-velin-soffre-une-demi-portion-de-rap\/#respond\"]}]},{\"@type\":\"WebPage\",\"@id\":\"https:\/\/lyonbondyblog.fr\/LBB\/l-epi-de-vaulx-en-velin-soffre-une-demi-portion-de-rap\/\",\"url\":\"https:\/\/lyonbondyblog.fr\/LBB\/l-epi-de-vaulx-en-velin-soffre-une-demi-portion-de-rap\/\",\"name\":\"L\u2019 EPI de Vaulx-en Velin s\u2019offre une Demi-Portion de rap - Lyon Bondy Blog\",\"isPartOf\":{\"@id\":\"https:\/\/lyonbondyblog.fr\/LBB\/#website\"},\"primaryImageOfPage\":{\"@id\":\"https:\/\/lyonbondyblog.fr\/LBB\/l-epi-de-vaulx-en-velin-soffre-une-demi-portion-de-rap\/#primaryimage\"},\"image\":{\"@id\":\"https:\/\/lyonbondyblog.fr\/LBB\/l-epi-de-vaulx-en-velin-soffre-une-demi-portion-de-rap\/#primaryimage\"},\"thumbnailUrl\":\"https:\/\/lyonbondyblog.fr\/LBB\/wp-content\/uploads\/2013\/07\/demi_portion_22_d_cembre_006_t.jpg\",\"datePublished\":\"2011-01-01T15:37:59+00:00\",\"dateModified\":\"2015-05-29T14:52:56+00:00\",\"inLanguage\":\"fr-FR\",\"potentialAction\":[{\"@type\":\"ReadAction\",\"target\":[\"https:\/\/lyonbondyblog.fr\/LBB\/l-epi-de-vaulx-en-velin-soffre-une-demi-portion-de-rap\/\"]}]},{\"@type\":\"ImageObject\",\"inLanguage\":\"fr-FR\",\"@id\":\"https:\/\/lyonbondyblog.fr\/LBB\/l-epi-de-vaulx-en-velin-soffre-une-demi-portion-de-rap\/#primaryimage\",\"url\":\"https:\/\/lyonbondyblog.fr\/LBB\/wp-content\/uploads\/2013\/07\/demi_portion_22_d_cembre_006_t.jpg\",\"contentUrl\":\"https:\/\/lyonbondyblog.fr\/LBB\/wp-content\/uploads\/2013\/07\/demi_portion_22_d_cembre_006_t.jpg\",\"width\":193,\"height\":145},{\"@type\":\"WebSite\",\"@id\":\"https:\/\/lyonbondyblog.fr\/LBB\/#website\",\"url\":\"https:\/\/lyonbondyblog.fr\/LBB\/\",\"name\":\"Lyon Bondy Blog\",\"description\":\"\",\"publisher\":{\"@id\":\"https:\/\/lyonbondyblog.fr\/LBB\/#organization\"},\"potentialAction\":[{\"@type\":\"SearchAction\",\"target\":{\"@type\":\"EntryPoint\",\"urlTemplate\":\"https:\/\/lyonbondyblog.fr\/LBB\/?s={search_term_string}\"},\"query-input\":\"required name=search_term_string\"}],\"inLanguage\":\"fr-FR\"},{\"@type\":\"Organization\",\"@id\":\"https:\/\/lyonbondyblog.fr\/LBB\/#organization\",\"name\":\"LYON BONDY BLOG\",\"url\":\"https:\/\/lyonbondyblog.fr\/LBB\/\",\"logo\":{\"@type\":\"ImageObject\",\"inLanguage\":\"fr-FR\",\"@id\":\"https:\/\/lyonbondyblog.fr\/LBB\/#\/schema\/logo\/image\/\",\"url\":\"http:\/\/lyonbondyblog.fr\/LBB\/wp-content\/uploads\/2014\/10\/logo-portable-144.png\",\"contentUrl\":\"http:\/\/lyonbondyblog.fr\/LBB\/wp-content\/uploads\/2014\/10\/logo-portable-144.png\",\"width\":144,\"height\":123,\"caption\":\"LYON BONDY BLOG\"},\"image\":{\"@id\":\"https:\/\/lyonbondyblog.fr\/LBB\/#\/schema\/logo\/image\/\"},\"sameAs\":[\"https:\/\/www.facebook.com\/lyonbondyblog\",\"https:\/\/x.com\/bondybloglyon\"]},{\"@type\":\"Person\",\"@id\":\"https:\/\/lyonbondyblog.fr\/LBB\/#\/schema\/person\/b0602285b18dbff27c95620f60751bf9\",\"name\":\"Sofia Azzedine\",\"description\":\"Etudiante \u00e0 l'Institut d'Etude du D\u00e9veloppement apr\u00e8s un parcours du combattant pass\u00e9 dans les m\u00e9andres de la Science Politique, entre la Sociologie et le Journalisme et les Langues Etrang\u00e8res. Je souhaite toujours explorer ces banlieues plurielles m\u00e9connues et mal trait\u00e9es pour jeter au sol ces pr\u00e9jug\u00e9s. Tout cela, pour \u00e9luder toute l'humanit\u00e9 vivace qui existe dans ces r\u00e9gions de la diff\u00e9rence et de l'indiff\u00e9rence et faire parler cette jeunesse silencieusement bavarde.\",\"url\":\"https:\/\/lyonbondyblog.fr\/LBB\/author\/sofia\/\"}]}<\/script>\n<!-- \/ Yoast SEO plugin. -->","yoast_head_json":{"title":"L\u2019 EPI de Vaulx-en Velin s\u2019offre une Demi-Portion de rap - Lyon Bondy Blog","robots":{"index":"index","follow":"follow","max-snippet":"max-snippet:-1","max-image-preview":"max-image-preview:large","max-video-preview":"max-video-preview:-1"},"canonical":"https:\/\/lyonbondyblog.fr\/LBB\/l-epi-de-vaulx-en-velin-soffre-une-demi-portion-de-rap\/","og_locale":"fr_FR","og_type":"article","og_title":"L\u2019 EPI de Vaulx-en Velin s\u2019offre une Demi-Portion de rap - Lyon Bondy Blog","og_description":"La semaine derni\u00e8re, l&rsquo;EPI de Vaulx-en-Velin accueillait Demi-Portion, un rappeur venu de Montpellier\u00a0S\u00e8te dans le but d&rsquo;animer un atelier rap et d\u00e9battre sur certains th\u00e8mes &hellip;","og_url":"https:\/\/lyonbondyblog.fr\/LBB\/l-epi-de-vaulx-en-velin-soffre-une-demi-portion-de-rap\/","og_site_name":"Lyon Bondy Blog","article_publisher":"https:\/\/www.facebook.com\/lyonbondyblog","article_published_time":"2011-01-01T15:37:59+00:00","article_modified_time":"2015-05-29T14:52:56+00:00","og_image":[{"width":193,"height":145,"url":"https:\/\/lyonbondyblog.fr\/LBB\/wp-content\/uploads\/2013\/07\/demi_portion_22_d_cembre_006_t.jpg","type":"image\/jpeg"}],"author":"Sofia Azzedine","twitter_card":"summary_large_image","twitter_creator":"@bondybloglyon","twitter_site":"@bondybloglyon","schema":{"@context":"https:\/\/schema.org","@graph":[{"@type":"Article","@id":"https:\/\/lyonbondyblog.fr\/LBB\/l-epi-de-vaulx-en-velin-soffre-une-demi-portion-de-rap\/#article","isPartOf":{"@id":"https:\/\/lyonbondyblog.fr\/LBB\/l-epi-de-vaulx-en-velin-soffre-une-demi-portion-de-rap\/"},"author":{"name":"Sofia Azzedine","@id":"https:\/\/lyonbondyblog.fr\/LBB\/#\/schema\/person\/b0602285b18dbff27c95620f60751bf9"},"headline":"L\u2019 EPI de Vaulx-en Velin s\u2019offre une Demi-Portion de rap","datePublished":"2011-01-01T15:37:59+00:00","dateModified":"2015-05-29T14:52:56+00:00","mainEntityOfPage":{"@id":"https:\/\/lyonbondyblog.fr\/LBB\/l-epi-de-vaulx-en-velin-soffre-une-demi-portion-de-rap\/"},"wordCount":830,"commentCount":0,"publisher":{"@id":"https:\/\/lyonbondyblog.fr\/LBB\/#organization"},"image":{"@id":"https:\/\/lyonbondyblog.fr\/LBB\/l-epi-de-vaulx-en-velin-soffre-une-demi-portion-de-rap\/#primaryimage"},"thumbnailUrl":"https:\/\/lyonbondyblog.fr\/LBB\/wp-content\/uploads\/2013\/07\/demi_portion_22_d_cembre_006_t.jpg","keywords":["lyon","Lyon Bondy Blog"],"articleSection":["Lyon"],"inLanguage":"fr-FR","potentialAction":[{"@type":"CommentAction","name":"Comment","target":["https:\/\/lyonbondyblog.fr\/LBB\/l-epi-de-vaulx-en-velin-soffre-une-demi-portion-de-rap\/#respond"]}]},{"@type":"WebPage","@id":"https:\/\/lyonbondyblog.fr\/LBB\/l-epi-de-vaulx-en-velin-soffre-une-demi-portion-de-rap\/","url":"https:\/\/lyonbondyblog.fr\/LBB\/l-epi-de-vaulx-en-velin-soffre-une-demi-portion-de-rap\/","name":"L\u2019 EPI de Vaulx-en Velin s\u2019offre une Demi-Portion de rap - Lyon Bondy Blog","isPartOf":{"@id":"https:\/\/lyonbondyblog.fr\/LBB\/#website"},"primaryImageOfPage":{"@id":"https:\/\/lyonbondyblog.fr\/LBB\/l-epi-de-vaulx-en-velin-soffre-une-demi-portion-de-rap\/#primaryimage"},"image":{"@id":"https:\/\/lyonbondyblog.fr\/LBB\/l-epi-de-vaulx-en-velin-soffre-une-demi-portion-de-rap\/#primaryimage"},"thumbnailUrl":"https:\/\/lyonbondyblog.fr\/LBB\/wp-content\/uploads\/2013\/07\/demi_portion_22_d_cembre_006_t.jpg","datePublished":"2011-01-01T15:37:59+00:00","dateModified":"2015-05-29T14:52:56+00:00","inLanguage":"fr-FR","potentialAction":[{"@type":"ReadAction","target":["https:\/\/lyonbondyblog.fr\/LBB\/l-epi-de-vaulx-en-velin-soffre-une-demi-portion-de-rap\/"]}]},{"@type":"ImageObject","inLanguage":"fr-FR","@id":"https:\/\/lyonbondyblog.fr\/LBB\/l-epi-de-vaulx-en-velin-soffre-une-demi-portion-de-rap\/#primaryimage","url":"https:\/\/lyonbondyblog.fr\/LBB\/wp-content\/uploads\/2013\/07\/demi_portion_22_d_cembre_006_t.jpg","contentUrl":"https:\/\/lyonbondyblog.fr\/LBB\/wp-content\/uploads\/2013\/07\/demi_portion_22_d_cembre_006_t.jpg","width":193,"height":145},{"@type":"WebSite","@id":"https:\/\/lyonbondyblog.fr\/LBB\/#website","url":"https:\/\/lyonbondyblog.fr\/LBB\/","name":"Lyon Bondy Blog","description":"","publisher":{"@id":"https:\/\/lyonbondyblog.fr\/LBB\/#organization"},"potentialAction":[{"@type":"SearchAction","target":{"@type":"EntryPoint","urlTemplate":"https:\/\/lyonbondyblog.fr\/LBB\/?s={search_term_string}"},"query-input":"required name=search_term_string"}],"inLanguage":"fr-FR"},{"@type":"Organization","@id":"https:\/\/lyonbondyblog.fr\/LBB\/#organization","name":"LYON BONDY BLOG","url":"https:\/\/lyonbondyblog.fr\/LBB\/","logo":{"@type":"ImageObject","inLanguage":"fr-FR","@id":"https:\/\/lyonbondyblog.fr\/LBB\/#\/schema\/logo\/image\/","url":"http:\/\/lyonbondyblog.fr\/LBB\/wp-content\/uploads\/2014\/10\/logo-portable-144.png","contentUrl":"http:\/\/lyonbondyblog.fr\/LBB\/wp-content\/uploads\/2014\/10\/logo-portable-144.png","width":144,"height":123,"caption":"LYON BONDY BLOG"},"image":{"@id":"https:\/\/lyonbondyblog.fr\/LBB\/#\/schema\/logo\/image\/"},"sameAs":["https:\/\/www.facebook.com\/lyonbondyblog","https:\/\/x.com\/bondybloglyon"]},{"@type":"Person","@id":"https:\/\/lyonbondyblog.fr\/LBB\/#\/schema\/person\/b0602285b18dbff27c95620f60751bf9","name":"Sofia Azzedine","description":"Etudiante \u00e0 l'Institut d'Etude du D\u00e9veloppement apr\u00e8s un parcours du combattant pass\u00e9 dans les m\u00e9andres de la Science Politique, entre la Sociologie et le Journalisme et les Langues Etrang\u00e8res. Je souhaite toujours explorer ces banlieues plurielles m\u00e9connues et mal trait\u00e9es pour jeter au sol ces pr\u00e9jug\u00e9s. Tout cela, pour \u00e9luder toute l'humanit\u00e9 vivace qui existe dans ces r\u00e9gions de la diff\u00e9rence et de l'indiff\u00e9rence et faire parler cette jeunesse silencieusement bavarde.","url":"https:\/\/lyonbondyblog.fr\/LBB\/author\/sofia\/"}]}},"_links":{"self":[{"href":"https:\/\/lyonbondyblog.fr\/LBB\/wp-json\/wp\/v2\/posts\/2279","targetHints":{"allow":["GET"]}}],"collection":[{"href":"https:\/\/lyonbondyblog.fr\/LBB\/wp-json\/wp\/v2\/posts"}],"about":[{"href":"https:\/\/lyonbondyblog.fr\/LBB\/wp-json\/wp\/v2\/types\/post"}],"author":[{"embeddable":true,"href":"https:\/\/lyonbondyblog.fr\/LBB\/wp-json\/wp\/v2\/users\/7"}],"replies":[{"embeddable":true,"href":"https:\/\/lyonbondyblog.fr\/LBB\/wp-json\/wp\/v2\/comments?post=2279"}],"version-history":[{"count":0,"href":"https:\/\/lyonbondyblog.fr\/LBB\/wp-json\/wp\/v2\/posts\/2279\/revisions"}],"wp:featuredmedia":[{"embeddable":true,"href":"https:\/\/lyonbondyblog.fr\/LBB\/wp-json\/wp\/v2\/media\/2281"}],"wp:attachment":[{"href":"https:\/\/lyonbondyblog.fr\/LBB\/wp-json\/wp\/v2\/media?parent=2279"}],"wp:term":[{"taxonomy":"category","embeddable":true,"href":"https:\/\/lyonbondyblog.fr\/LBB\/wp-json\/wp\/v2\/categories?post=2279"},{"taxonomy":"post_tag","embeddable":true,"href":"https:\/\/lyonbondyblog.fr\/LBB\/wp-json\/wp\/v2\/tags?post=2279"}],"curies":[{"name":"wp","href":"https:\/\/api.w.org\/{rel}","templated":true}]}}