{"id":22788,"date":"2021-05-05T10:05:02","date_gmt":"2021-05-05T08:05:02","guid":{"rendered":"http:\/\/lyonbondyblog.fr\/LBB\/?p=22788"},"modified":"2021-05-05T10:05:05","modified_gmt":"2021-05-05T08:05:05","slug":"napoleon-bonaparte-lempereur-qui-aimait-lyon","status":"publish","type":"post","link":"https:\/\/lyonbondyblog.fr\/LBB\/napoleon-bonaparte-lempereur-qui-aimait-lyon\/","title":{"rendered":"Napol\u00e9on Bonaparte : L\u2019Empereur qui aimait Lyon"},"content":{"rendered":"\n<div class=\"wp-block-image\"><figure class=\"aligncenter size-large is-resized\"><img loading=\"lazy\" decoding=\"async\" src=\"https:\/\/lyonbondyblog.fr\/LBB\/wp-content\/uploads\/2021\/05\/napoleon-bonaparte-62860_1920.jpg\" alt=\"\" class=\"wp-image-22799\" width=\"532\" height=\"641\" srcset=\"https:\/\/lyonbondyblog.fr\/LBB\/wp-content\/uploads\/2021\/05\/napoleon-bonaparte-62860_1920.jpg 1591w, https:\/\/lyonbondyblog.fr\/LBB\/wp-content\/uploads\/2021\/05\/napoleon-bonaparte-62860_1920-994x1200.jpg 994w, https:\/\/lyonbondyblog.fr\/LBB\/wp-content\/uploads\/2021\/05\/napoleon-bonaparte-62860_1920-768x927.jpg 768w, https:\/\/lyonbondyblog.fr\/LBB\/wp-content\/uploads\/2021\/05\/napoleon-bonaparte-62860_1920-1273x1536.jpg 1273w\" sizes=\"auto, (max-width: 532px) 100vw, 532px\" \/><figcaption>Napol\u00e9on pronon\u00e7ait en 1815 la phrase : <em>\u00ab<\/em>\u00a0<em>Lyonnais je vous aime\u00a0\u00bb<\/em>. Photo Pixabay<\/figcaption><\/figure><\/div>\n\n\n\n<h4 class=\"wp-block-heading\">\u00c0 l&rsquo;occasion du bicentenaire de la mort du premier empereur des Fran\u00e7ais, le Lyon Bondy Blog s&rsquo;est int\u00e9ress\u00e9 aux relations qu&rsquo;a entretenu Napol\u00e9on Ier avec Lyon. Un lien fort qui a permis \u00e0 la ville de retrouver son panache d\u2019antan. Un h\u00e9ritage toujours visible m\u00eame deux si\u00e8cles apr\u00e8s sa mort.<\/h4>\n\n\n\n<p>Napol\u00e9on et Lyon, c&rsquo;est une histoire qui est n\u00e9e en 1779. \u00c2g\u00e9 de dix ans, le jeune Corse arrive dans la capitale des Gaules avec son p\u00e8re. Ce dernier a r\u00e9ussi \u00e0 lui obtenir une bourse notamment gr\u00e2ce \u00e0 l&rsquo;\u00e9v\u00eaque d&rsquo;Autun Monseigneur de Marbeuf, futur archev\u00eaque de Lyon et neveu du gouverneur de Corse. <em>\u00ab&nbsp;Ayant effectu\u00e9 ces \u00e9tudes \u00e0 l\u2019\u00e9cole militaire de Brienne et ces premi\u00e8res ann\u00e9es de soldat \u00e0 Valence, il \u00e9tait oblig\u00e9 de passer par Lyon<\/em>&nbsp;\u00bb, explique l\u2019historien Jean \u00c9t\u00e8venaux. D\u00e8s cette p\u00e9riode, il est fort int\u00e9ress\u00e9 par la ville lumi\u00e8re. <em>\u00ab&nbsp;Lorsqu\u2019il \u00e9tait en garnison \u00e0 Valence, il empruntait des livres \u00e0 des libraires lyonnais&nbsp;\u00bb<\/em>, indique l\u2019historien.<\/p>\n\n\n\n<p>Il faudra attendre l&rsquo;ann\u00e9e 1786 et un arr\u00eat en transit afin de rejoindre une excursion en Bourgogne pour que Bonaparte tombe pleinement amoureux de Lyon. <em>\u00ab&nbsp;Napol\u00e9on passe de nombreuses fois \u00e0 Lyon notamment pour des raisons militaires mais \u00e9galement quand il est nomm\u00e9 roi d\u2019Italie<\/em>&nbsp;<em>\u00bb<\/em>. Il y r\u00e9side notamment pendant 36 jours avec son r\u00e9giment pour \u00ab&nbsp;mater&nbsp;\u00bb les troubles survenus entre ouvriers et ma\u00eetres \u00e0 propos du prix d&rsquo;achat des fabrications. Son attention est \u00e9galement tr\u00e8s vite attir\u00e9e sur la situation d\u00e9plorable de la ville d\u2019un point de vue \u00e9conomique et social. C&rsquo;est \u00e0 l&rsquo;issue de ce voyage que Napol\u00e9on d\u00e9clare \u00e0 son oncle, le futur archev\u00eaque Joseph Fesch, son amour pour Lyon : <em>\u00ab&nbsp;Je quitte Lyon avec encore plus de peine que Valence<\/em>. <em>Je me trouvais si bien dans cette ville qu&rsquo;il me semble que j&rsquo;aurai voulu y passer ma vie&nbsp;\u00bb<\/em>.&nbsp;L&rsquo;histoire d&rsquo;amour entre Napol\u00e9on et Lyon peut alors commencer.<\/p>\n\n\n\n<h4 class=\"wp-block-heading\">Des premiers voyages de passages aux premi\u00e8res reconstructions<\/h4>\n\n\n\n<p>Il revient plusieurs fois \u00e0 Lyon en 1787 et 1791 mais sans jamais trop y rester longtemps. Ce n&rsquo;est qu&rsquo;en 1794 que le jeune g\u00e9n\u00e9ral revient \u00e0 Lyon pour trois jours. Assist\u00e9 de son aide de camp Jean-Andoche Junot et son fr\u00e8re Louis, il constate avec effroi le d\u00e9sastre du soul\u00e8vement de Lyon contre la convention, opposant les \u00ab&nbsp;Rolandins&nbsp;\u00bb, compos\u00e9s de Girondins et de Royalistes aux \u00ab&nbsp;Charliers&nbsp;\u00bb lyonnais, proches des Montagnards.<\/p>\n\n\n\n<p>Il y passe \u00e9galement en transit lorsqu&rsquo;il re\u00e7oit les commandements de l&rsquo;arm\u00e9e d&rsquo;Italie et celle d\u2019\u00c9gypte. \u00c0 son retour d\u2019\u00c9gypte, il est accueilli en h\u00e9ros par les Lyonnais qui voient en lui celui qui peut remettre de l\u2019ordre dans le pays. <em>\u00ab&nbsp;Il est per\u00e7u comme celui qui va mettre un terme \u00e0 toute l\u2019instabilit\u00e9 qui a d\u00e9coul\u00e9 de la p\u00e9riode r\u00e9volutionnaire et de ces massacres&nbsp;\u00bb<\/em>, dit Jean \u00c9t\u00e8venaux. Une promesse tenue qui s\u2019accompagne d\u2019une libert\u00e9 encadr\u00e9e. Il apporte un renouveau \u00e9conomique avec les m\u00e9tiers \u00e0 tisser Jacquard et des commandes importantes pour sa cour et pour lui-m\u00eame.<\/p>\n\n\n\n<p>Il revient un an plus tard et en tant que Premier Consul apr\u00e8s sa victoire contre le Saint-Empire romain germanique (aujourd\u2019hui l\u2019Autriche) \u00e0 Marengo dans la r\u00e9gion du Pi\u00e9mont en Italie. Un passage d\u2019autant plus remarqu\u00e9 puisque c&rsquo;est lui qui posa la premi\u00e8re pierre pour reconstruire la place Bellecour, d\u00e9truite durant la p\u00e9riode r\u00e9volutionnaire. (Elle deviendra place Bonaparte sous le Consulat puis place Napol\u00e9on sous l&rsquo;Empire).<\/p>\n\n\n\n<p>Avec Napol\u00e9on au pouvoir, Lyon conna\u00eet un v\u00e9ritable \u00e2ge d&rsquo;or industriel. La soie va prendre un tout nouveau virage avec une production abondante. Lors d&rsquo;un s\u00e9jour de trois semaines dans la ville en 1802, Napol\u00e9on r\u00e9tablit la Chambre de commerce de Lyon, ferm\u00e9e pendant la R\u00e9volution. La relance des canuts lyonnais permet l&rsquo;accueil d&rsquo;investisseurs \u00e9trangers et une production plus abondante. De ce fait, Napol\u00e9on&nbsp;cr\u00e9e une commission capable de g\u00e9rer les conflits entre patrons et ouvriers de la soie. Le conseil des prud&rsquo;hommes voit donc le jour en 1806, directement inspir\u00e9 des tribunaux de conciliations, d\u00e9j\u00e0 pr\u00e9sents dans la ville. Son but est d\u2019\u00e9tablir des r\u00e8gles qui garantissent les relations sociales entre les donneurs d\u2019ordres et les canuts. <em>\u00ab&nbsp;Le syst\u00e8me des prud\u2019hommes repose sur une parit\u00e9 dans des groupements, des associations et des tribunaux o\u00f9 les employeurs et les employ\u00e9s sont tous les deux repr\u00e9sent\u00e9s. \u00bb<\/em><\/p>\n\n\n\n<h4 class=\"wp-block-heading\">Lyon sous le Consulat et l\u2019Empire<\/h4>\n\n\n\n<p>Au d\u00e9but du XIX \u00e8me si\u00e8cle, Lyon est d\u00e9crit comme une ville humide \u00e0 cause de la pr\u00e9sence de mar\u00e9cages vers le quartier de Brotteaux, r\u00e9pandant dans la ville des odeurs naus\u00e9abondes et provocant bon nombre de maladies graves. La ville paye les cons\u00e9quences de la R\u00e9volution. <em>\u00ab&nbsp;Lyon est une ville qui cherche \u00e0 se reconstruire apr\u00e8s les r\u00e9voltes de 1793 et la r\u00e9pression survenue en mars 1794. De ce fait, elle avait perdu une bonne partie de sa population \u00bb<\/em>, d\u00e9crit Jean \u00c9t\u00e8venaux. L\u2019historien rappelle \u00e9galement que la soie, qui avait fait la renomm\u00e9e de la ville autrefois, ne fonctionne plus beaucoup. <\/p>\n\n\n\n<div class=\"wp-block-image\"><figure class=\"aligncenter size-large is-resized\"><img loading=\"lazy\" decoding=\"async\" src=\"https:\/\/lyonbondyblog.fr\/LBB\/wp-content\/uploads\/2021\/05\/face-654122_1920.jpg\" alt=\"\" class=\"wp-image-22805\" width=\"544\" height=\"407\" srcset=\"https:\/\/lyonbondyblog.fr\/LBB\/wp-content\/uploads\/2021\/05\/face-654122_1920.jpg 1920w, https:\/\/lyonbondyblog.fr\/LBB\/wp-content\/uploads\/2021\/05\/face-654122_1920-1200x898.jpg 1200w, https:\/\/lyonbondyblog.fr\/LBB\/wp-content\/uploads\/2021\/05\/face-654122_1920-768x574.jpg 768w, https:\/\/lyonbondyblog.fr\/LBB\/wp-content\/uploads\/2021\/05\/face-654122_1920-1536x1149.jpg 1536w\" sizes=\"auto, (max-width: 544px) 100vw, 544px\" \/><figcaption>Buste de Napol\u00e9on. Photo Pixabay<\/figcaption><\/figure><\/div>\n\n\n\n<p>D\u00e8s lors que Napol\u00e9on est au pouvoir, Lyon conna\u00eet une paix sociale et un ordre \u00e9conomique qui va permettre \u00e0 la ville un nouvel essor. Bien qu\u2019elle soit encore loin de son rayonnement actuel, la ville ne comptait \u00ab&nbsp;seulement&nbsp;\u00bb que 50 000 habitants (les diff\u00e9rents conflits d\u00fbs \u00e0 la r\u00e9volution de 1789 ont divis\u00e9 par deux sa population). Elle ne dispose \u00e9galement pas des m\u00eames limitations qu\u2019aujourd\u2019hui. De ce fait, les communes de Vaise et de la Croix-Rousse sont encore ind\u00e9pendantes. En ce qui concerne le logement, la plupart des habitants vivent sur les bords de Sa\u00f4ne dans des conditions \u00e9pouvantables.<\/p>\n\n\n\n<p>Mais le v\u00e9ritable changement intervient dans l\u2019industrie et notamment dans le m\u00e9tier \u00e0 tisser. Lyon redevient la capitale de la soie. L\u2019invention du m\u00e9tier \u00e0 tisser m\u00e9canique de Joseph Marie Jacquard en 1801 permet un retour au premier plan de l\u2019activit\u00e9. Une invention grandement soutenue par l\u2019empereur des Fran\u00e7ais. Mais une pareille invention demande des maisons plus grandes o\u00f9 disposer cette technologie. C\u2019est alors que le site de la Croix-Rousse est retenu. <em>\u00ab<\/em>&nbsp;<em>Si la Croix-Rousse a \u00e9t\u00e9 retenue, c\u2019est parce qu\u2019il y avait de la place. Les logements religieux ayant \u00e9t\u00e9 ras\u00e9s durant la R\u00e9volution, il a \u00e9t\u00e9 facile de construire ces nouveaux am\u00e9nagements.&nbsp;\u00bb<\/em> Un changement radical pour les tisseurs lyonnais, qui \u00e9taient jusque-l\u00e0 situ\u00e9s quartier Saint-Jean dans l\u2019actuel Vieux Lyon.<\/p>\n\n\n\n<h4 class=\"wp-block-heading\">Des projets plus ou moins r\u00e9alis\u00e9s pour la ville<\/h4>\n\n\n\n<p>Napol\u00e9on dit un jour&nbsp;: <em>\u00ab<\/em>&nbsp;<em>J\u2019aime les lyonnais et ils me le rendent bien&nbsp;\u00bb<\/em>. Cette admiration mutuelle \u00e9tait si forte que le premier empereur des Fran\u00e7ais envisageait m\u00eame d&rsquo;en faire sa capitale administrative. C&rsquo;est du moins ce qu&rsquo;il dicte au comte de Las Cases lors de son exil \u00e0 Sainte-H\u00e9l\u00e8ne. L\u2019id\u00e9e lui vient en 1802, au retour d\u2019Italie. Napol\u00e9on, alors Premier Consul de France, s\u2019arr\u00eate 18 jours dans la cit\u00e9 rhodanienne. Cette halte a pour but de parlementer avec les d\u00e9put\u00e9s italiens du palais&nbsp;\u00ab Consulta&nbsp;\u00bb \u00e0 propos de la R\u00e9publique cisalpine (royaume d\u2019Italie \u00e0 partir de 1804). La situation g\u00e9ographique de Lyon \u00e9tant favorable aux dialogues, Napol\u00e9on fait de Lyon sa capitale administrative le temps d\u2019un instant.<\/p>\n\n\n\n<p>Il en garde un si bon souvenir qu\u2019il envisage m\u00eame de se faire sacrer empereur dans la capitale des Gaules. La bourgeoisie de Paris ne lui inspirait que tr\u00e8s peu confiance&nbsp;; il l\u2019a qualifi\u00e9 m\u00eame de <em>\u00ab&nbsp;canaille&nbsp;\u00bb<\/em>. Malheureusement, il ne r\u00e9alisera jamais ce souhait. <em>\u00ab&nbsp;Tout y \u00e9tait \u00e0 cr\u00e9er&nbsp;\u00bb<\/em> selon lui. De ce fait, les pouvoirs sont rest\u00e9s \u00e0 Paris. Mais ce n&rsquo;est pas le seul projet \u00e0 n&rsquo;avoir jamais vu le jour. Un palais imp\u00e9rial devait se construire \u00e0 Confluence. Des plans \u00e9taient m\u00eame r\u00e9alis\u00e9s par l&rsquo;architecte Curten l\u2019a\u00een\u00e9. La construction devait d\u00e9marrer en 1810 et r\u00e9unir 3 000 ouvriers. Le d\u00e9sastre de la campagne de Russie et les multiples attaques des puissances europ\u00e9ennes de l&rsquo;\u00e9poque conduit Napol\u00e9on \u00e0 abandonner cette id\u00e9e.<\/p>\n\n\n\n<p>Des projets ont cependant vu le jour durant le r\u00e8gne de l&rsquo;Empereur. D&rsquo;un point de vue urbain tout d&rsquo;abord, avec l&rsquo;agrandissement de l&rsquo;est lyonnais notamment au quartier Brotteaux et l\u2019am\u00e9nagement d\u2019immeubles dans le quartier de la Croix-Rousse. Des travaux si importants que Napol\u00e9on les supervise en personne. Mais le secteur urbain n&rsquo;est pas le seul domaine o\u00f9 des am\u00e9nagements sont r\u00e9alis\u00e9s. Gr\u00e2ce \u00e0 un d\u00e9cret, il acquiert l&rsquo;Antiquaille, situ\u00e9 dans le V\u00e8me arrondissement, et le transforme en d\u00e9p\u00f4t de mendicit\u00e9, une maison de travail ainsi qu&rsquo;un h\u00f4pital. En ce qui concerne les arts, c&rsquo;est Napol\u00e9on qui d\u00e9cida d&rsquo;installer l&rsquo;une des trois \u00e9coles de dessin de France au palais Saint-Pierre.<\/p>\n\n\n\n<h4 class=\"wp-block-heading\">L&rsquo;un des derniers bastions de la Grande Arm\u00e9e<\/h4>\n\n\n\n<p>\u00c0 partir de 1813, Lyon va vivre au rythme de la guerre. Apr\u00e8s avoir perdu \u00e0 la bataille des Nations \u00e0 Leipzig, Prussiens, Autrichiens, Russes et Su\u00e9dois s&rsquo;appr\u00eatent \u00e0 envahir la France. Alors que Napol\u00e9on est en Champagne pour contrer l&rsquo;invasion, il va mettre sur pied, en 1814, \u00ab&nbsp;l&rsquo;Arm\u00e9e de Lyon&nbsp;\u00bb command\u00e9 par le mar\u00e9chal Augereau. <em>\u00ab&nbsp;C\u2019est une arm\u00e9e qui \u00e9tait principalement compos\u00e9e de fantassins et de cavalerie [\u2026] elle \u00e9tait tr\u00e8s peu exp\u00e9riment\u00e9e ce qui explique la retraite&nbsp;<\/em>\u00bb, juge Jean \u00c9t\u00e8venaux. Alors que ce corps d\u2019arm\u00e9e est peu nombreux et mal \u00e9quip\u00e9, les Lyonnais repoussent les 12 000 Autrichiens qui s\u2019approchaient dangereusement de Lyon. En f\u00e9vrier et apr\u00e8s la venue de renforts venant de Toulon, les villes de N\u00eemes et Valence renforcent l\u2019arm\u00e9e de Lyon, d\u00e9sormais compos\u00e9e de 16 800 hommes. Ils ont pour but de cr\u00e9er une division des forces alli\u00e9es afin de battre s\u00e9par\u00e9ment les forces de la coalition. Les forces sont dispers\u00e9es sur deux points distincts. D\u2019un c\u00f4t\u00e9, la division Musnier est plac\u00e9e \u00e0 Bourg-en-Bresse. L\u2019autre, la division Pannetier sur M\u00e2con. Cette tactique permet dans un premier temps de repousser les Autrichiens. Apr\u00e8s avoir converg\u00e9, les forces se dirigent vers Gen\u00e8ve, puis elles sont rejointes par des troupes stationn\u00e9es \u00e0 Grenoble. Face \u00e0 cette mont\u00e9e en puissance de l\u2019arm\u00e9e fran\u00e7aise, le commandant en chef Schwarzenberg comprend l\u2019urgence de faire venir plus de force sur ce front et d\u00e9tache un corps d\u2019arm\u00e9e de 56 000 hommes. D\u00e8s lors, les hommes d\u2019Augereau ne cesseront de reculer, la loi du nombre faisant l\u2019affaire des Autrichiens. C\u2019est le 20 mars 1814 qu\u2019a lieu la bataille d\u00e9cisive, celle de Limonest. Bien que le combat se passe \u00e0 un contre trois, et malgr\u00e9 la bravoure des soldats fran\u00e7ais infligeant de s\u00e9rieuses pertes aux Autrichiens (on parle de 1 400 morts), Augereau privil\u00e9gie la retraite afin de conserver le peu d\u2019hommes qui lui reste.<\/p>\n\n\n\n<p>Lyon est alors envahi un jour plus tard, le 21 mars 1814 et la ville passe sous pavillon autrichien. L&rsquo;Empereur abdiquera 15 jours plus tard, le 6 avril 1814 et part en exil pour l\u2019\u00cele d&rsquo;Elbe. Il ne reviendra \u00e0 Lyon qu&rsquo;un an plus tard durant l&rsquo;\u00e9pop\u00e9e des \u00ab&nbsp;cents jours&nbsp;\u00bb, o\u00f9 les r\u00e9giments de grenadiers en garnison \u00e0 Lyon le rejoignent sans h\u00e9sitation. \u00ab&nbsp;<em>C\u2019est de Lyon que Napol\u00e9on prend les premi\u00e8res mesures pour remettre \u00e0 jour l\u2019Empire<\/em>&nbsp;\u00bb, explique Jean \u00c9t\u00e8venaux. Face \u00e0 l\u2019accueil chaleureux que lui accorde les Lyonnais, Napol\u00e9on exclama son amour pour Lyon et ces habitants avec la formulation suivante&nbsp;: <em>\u00ab<\/em>&nbsp;<em>Lyonnais je vous aime&nbsp;\u00bb<\/em>.<\/p>\n\n\n\n<p>C\u2019\u00e9tait la derni\u00e8re fois que Napol\u00e9on s\u2019adressait aux Lyonnais. Ce retour ne sera cependant qu\u2019un feu de paille. Apr\u00e8s avoir perdu contre les puissances europ\u00e9ennes \u00e0 Waterloo, le G\u00e9n\u00e9ral Suchet, commandant de l\u2019arm\u00e9e des Alpes ne pourra repousser les Autrichiens qui p\u00e9n\u00e9trera pour la seconde fois dans Lyon. Quant \u00e0 Napol\u00e9on, il est envoy\u00e9 en exil sur l\u2019\u00cele de Sainte-H\u00e9l\u00e8ne et ne reverra plus jamais Lyon ainsi que la France.<\/p>\n\n\n\n<p>Thibaut Eperdussin<\/p>\n<!-- AddThis Advanced Settings generic via filter on the_content --><!-- AddThis Share Buttons generic via filter on the_content -->","protected":false},"excerpt":{"rendered":"<p>\u00c0 l&rsquo;occasion du bicentenaire de la mort du premier empereur des Fran\u00e7ais, le Lyon Bondy Blog s&rsquo;est int\u00e9ress\u00e9 aux relations qu&rsquo;a entretenu Napol\u00e9on Ier avec &hellip; <!-- AddThis Advanced Settings generic via filter on wp_trim_excerpt --><!-- AddThis Share Buttons generic via filter on wp_trim_excerpt --><\/p>\n","protected":false},"author":1,"featured_media":22799,"comment_status":"open","ping_status":"open","sticky":false,"template":"","format":"standard","meta":{"_FSMCFIC_featured_image_caption":"","_FSMCFIC_featured_image_nocaption":"","_FSMCFIC_featured_image_hide":"","footnotes":""},"categories":[6503,4,6],"tags":[],"class_list":["post-22788","post","type-post","status-publish","format-standard","has-post-thumbnail","hentry","category-armee","category-lyon","category-politique"],"yoast_head":"<!-- This site is optimized with the Yoast SEO plugin v22.8 - https:\/\/yoast.com\/wordpress\/plugins\/seo\/ -->\n<title>Napol\u00e9on Bonaparte : L\u2019Empereur qui aimait Lyon - Lyon Bondy Blog<\/title>\n<meta name=\"description\" content=\"\u00c0 l&#039;occasion du bicentenaire de la mort du premier empereur des Fran\u00e7ais, retour sur les relations qu&#039;a entretenu Napol\u00e9on Ier avec Lyon.\" \/>\n<meta name=\"robots\" content=\"index, follow, max-snippet:-1, max-image-preview:large, max-video-preview:-1\" \/>\n<link rel=\"canonical\" href=\"https:\/\/lyonbondyblog.fr\/LBB\/napoleon-bonaparte-lempereur-qui-aimait-lyon\/\" \/>\n<meta property=\"og:locale\" content=\"fr_FR\" \/>\n<meta property=\"og:type\" content=\"article\" \/>\n<meta property=\"og:title\" content=\"Napol\u00e9on Bonaparte : L\u2019Empereur qui aimait Lyon - Lyon Bondy Blog\" \/>\n<meta property=\"og:description\" content=\"\u00c0 l&#039;occasion du bicentenaire de la mort du premier empereur des Fran\u00e7ais, retour sur les relations qu&#039;a entretenu Napol\u00e9on Ier avec Lyon.\" \/>\n<meta property=\"og:url\" content=\"https:\/\/lyonbondyblog.fr\/LBB\/napoleon-bonaparte-lempereur-qui-aimait-lyon\/\" \/>\n<meta property=\"og:site_name\" content=\"Lyon Bondy Blog\" \/>\n<meta property=\"article:publisher\" content=\"https:\/\/www.facebook.com\/lyonbondyblog\" \/>\n<meta property=\"article:author\" content=\"https:\/\/www.facebook.com\/lyonbondyblog\" \/>\n<meta property=\"article:published_time\" content=\"2021-05-05T08:05:02+00:00\" \/>\n<meta property=\"article:modified_time\" content=\"2021-05-05T08:05:05+00:00\" \/>\n<meta property=\"og:image\" content=\"https:\/\/lyonbondyblog.fr\/LBB\/wp-content\/uploads\/2021\/05\/napoleon-bonaparte-62860_1920.jpg\" \/>\n\t<meta property=\"og:image:width\" content=\"1591\" \/>\n\t<meta property=\"og:image:height\" content=\"1920\" \/>\n\t<meta property=\"og:image:type\" content=\"image\/jpeg\" \/>\n<meta name=\"author\" content=\"La r\u00e9daction\" \/>\n<meta name=\"twitter:card\" content=\"summary_large_image\" \/>\n<meta name=\"twitter:creator\" content=\"@BondyBlogLyon\" \/>\n<meta name=\"twitter:site\" content=\"@bondybloglyon\" \/>\n<script type=\"application\/ld+json\" class=\"yoast-schema-graph\">{\"@context\":\"https:\/\/schema.org\",\"@graph\":[{\"@type\":\"Article\",\"@id\":\"https:\/\/lyonbondyblog.fr\/LBB\/napoleon-bonaparte-lempereur-qui-aimait-lyon\/#article\",\"isPartOf\":{\"@id\":\"https:\/\/lyonbondyblog.fr\/LBB\/napoleon-bonaparte-lempereur-qui-aimait-lyon\/\"},\"author\":{\"name\":\"La r\u00e9daction\",\"@id\":\"https:\/\/lyonbondyblog.fr\/LBB\/#\/schema\/person\/e45f8d27baac75072daa0be50c409b25\"},\"headline\":\"Napol\u00e9on Bonaparte : L\u2019Empereur qui aimait Lyon\",\"datePublished\":\"2021-05-05T08:05:02+00:00\",\"dateModified\":\"2021-05-05T08:05:05+00:00\",\"mainEntityOfPage\":{\"@id\":\"https:\/\/lyonbondyblog.fr\/LBB\/napoleon-bonaparte-lempereur-qui-aimait-lyon\/\"},\"wordCount\":2153,\"commentCount\":0,\"publisher\":{\"@id\":\"https:\/\/lyonbondyblog.fr\/LBB\/#organization\"},\"image\":{\"@id\":\"https:\/\/lyonbondyblog.fr\/LBB\/napoleon-bonaparte-lempereur-qui-aimait-lyon\/#primaryimage\"},\"thumbnailUrl\":\"https:\/\/lyonbondyblog.fr\/LBB\/wp-content\/uploads\/2021\/05\/napoleon-bonaparte-62860_1920.jpg\",\"articleSection\":[\"Arm\u00e9e\",\"Lyon\",\"Politique\"],\"inLanguage\":\"fr-FR\",\"potentialAction\":[{\"@type\":\"CommentAction\",\"name\":\"Comment\",\"target\":[\"https:\/\/lyonbondyblog.fr\/LBB\/napoleon-bonaparte-lempereur-qui-aimait-lyon\/#respond\"]}]},{\"@type\":\"WebPage\",\"@id\":\"https:\/\/lyonbondyblog.fr\/LBB\/napoleon-bonaparte-lempereur-qui-aimait-lyon\/\",\"url\":\"https:\/\/lyonbondyblog.fr\/LBB\/napoleon-bonaparte-lempereur-qui-aimait-lyon\/\",\"name\":\"Napol\u00e9on Bonaparte : L\u2019Empereur qui aimait Lyon - Lyon Bondy Blog\",\"isPartOf\":{\"@id\":\"https:\/\/lyonbondyblog.fr\/LBB\/#website\"},\"primaryImageOfPage\":{\"@id\":\"https:\/\/lyonbondyblog.fr\/LBB\/napoleon-bonaparte-lempereur-qui-aimait-lyon\/#primaryimage\"},\"image\":{\"@id\":\"https:\/\/lyonbondyblog.fr\/LBB\/napoleon-bonaparte-lempereur-qui-aimait-lyon\/#primaryimage\"},\"thumbnailUrl\":\"https:\/\/lyonbondyblog.fr\/LBB\/wp-content\/uploads\/2021\/05\/napoleon-bonaparte-62860_1920.jpg\",\"datePublished\":\"2021-05-05T08:05:02+00:00\",\"dateModified\":\"2021-05-05T08:05:05+00:00\",\"description\":\"\u00c0 l'occasion du bicentenaire de la mort du premier empereur des Fran\u00e7ais, retour sur les relations qu'a entretenu Napol\u00e9on Ier avec Lyon.\",\"inLanguage\":\"fr-FR\",\"potentialAction\":[{\"@type\":\"ReadAction\",\"target\":[\"https:\/\/lyonbondyblog.fr\/LBB\/napoleon-bonaparte-lempereur-qui-aimait-lyon\/\"]}]},{\"@type\":\"ImageObject\",\"inLanguage\":\"fr-FR\",\"@id\":\"https:\/\/lyonbondyblog.fr\/LBB\/napoleon-bonaparte-lempereur-qui-aimait-lyon\/#primaryimage\",\"url\":\"https:\/\/lyonbondyblog.fr\/LBB\/wp-content\/uploads\/2021\/05\/napoleon-bonaparte-62860_1920.jpg\",\"contentUrl\":\"https:\/\/lyonbondyblog.fr\/LBB\/wp-content\/uploads\/2021\/05\/napoleon-bonaparte-62860_1920.jpg\",\"width\":1591,\"height\":1920},{\"@type\":\"WebSite\",\"@id\":\"https:\/\/lyonbondyblog.fr\/LBB\/#website\",\"url\":\"https:\/\/lyonbondyblog.fr\/LBB\/\",\"name\":\"Lyon Bondy Blog\",\"description\":\"\",\"publisher\":{\"@id\":\"https:\/\/lyonbondyblog.fr\/LBB\/#organization\"},\"potentialAction\":[{\"@type\":\"SearchAction\",\"target\":{\"@type\":\"EntryPoint\",\"urlTemplate\":\"https:\/\/lyonbondyblog.fr\/LBB\/?s={search_term_string}\"},\"query-input\":\"required name=search_term_string\"}],\"inLanguage\":\"fr-FR\"},{\"@type\":\"Organization\",\"@id\":\"https:\/\/lyonbondyblog.fr\/LBB\/#organization\",\"name\":\"LYON BONDY BLOG\",\"url\":\"https:\/\/lyonbondyblog.fr\/LBB\/\",\"logo\":{\"@type\":\"ImageObject\",\"inLanguage\":\"fr-FR\",\"@id\":\"https:\/\/lyonbondyblog.fr\/LBB\/#\/schema\/logo\/image\/\",\"url\":\"http:\/\/lyonbondyblog.fr\/LBB\/wp-content\/uploads\/2014\/10\/logo-portable-144.png\",\"contentUrl\":\"http:\/\/lyonbondyblog.fr\/LBB\/wp-content\/uploads\/2014\/10\/logo-portable-144.png\",\"width\":144,\"height\":123,\"caption\":\"LYON BONDY BLOG\"},\"image\":{\"@id\":\"https:\/\/lyonbondyblog.fr\/LBB\/#\/schema\/logo\/image\/\"},\"sameAs\":[\"https:\/\/www.facebook.com\/lyonbondyblog\",\"https:\/\/x.com\/bondybloglyon\"]},{\"@type\":\"Person\",\"@id\":\"https:\/\/lyonbondyblog.fr\/LBB\/#\/schema\/person\/e45f8d27baac75072daa0be50c409b25\",\"name\":\"La r\u00e9daction\",\"description\":\"Cr\u00e9e en 2008, la r\u00e9daction du Lyon Bondy Blog s'applique \u00e0 proposer une information locale diff\u00e9rente et compl\u00e9mentaire des m\u00e9dias traditionnels.\",\"sameAs\":[\"https:\/\/www.facebook.com\/lyonbondyblog\",\"https:\/\/x.com\/BondyBlogLyon\"],\"url\":\"https:\/\/lyonbondyblog.fr\/LBB\/author\/admin\/\"}]}<\/script>\n<!-- \/ Yoast SEO plugin. -->","yoast_head_json":{"title":"Napol\u00e9on Bonaparte : L\u2019Empereur qui aimait Lyon - Lyon Bondy Blog","description":"\u00c0 l'occasion du bicentenaire de la mort du premier empereur des Fran\u00e7ais, retour sur les relations qu'a entretenu Napol\u00e9on Ier avec Lyon.","robots":{"index":"index","follow":"follow","max-snippet":"max-snippet:-1","max-image-preview":"max-image-preview:large","max-video-preview":"max-video-preview:-1"},"canonical":"https:\/\/lyonbondyblog.fr\/LBB\/napoleon-bonaparte-lempereur-qui-aimait-lyon\/","og_locale":"fr_FR","og_type":"article","og_title":"Napol\u00e9on Bonaparte : L\u2019Empereur qui aimait Lyon - Lyon Bondy Blog","og_description":"\u00c0 l'occasion du bicentenaire de la mort du premier empereur des Fran\u00e7ais, retour sur les relations qu'a entretenu Napol\u00e9on Ier avec Lyon.","og_url":"https:\/\/lyonbondyblog.fr\/LBB\/napoleon-bonaparte-lempereur-qui-aimait-lyon\/","og_site_name":"Lyon Bondy Blog","article_publisher":"https:\/\/www.facebook.com\/lyonbondyblog","article_author":"https:\/\/www.facebook.com\/lyonbondyblog","article_published_time":"2021-05-05T08:05:02+00:00","article_modified_time":"2021-05-05T08:05:05+00:00","og_image":[{"width":1591,"height":1920,"url":"https:\/\/lyonbondyblog.fr\/LBB\/wp-content\/uploads\/2021\/05\/napoleon-bonaparte-62860_1920.jpg","type":"image\/jpeg"}],"author":"La r\u00e9daction","twitter_card":"summary_large_image","twitter_creator":"@BondyBlogLyon","twitter_site":"@bondybloglyon","schema":{"@context":"https:\/\/schema.org","@graph":[{"@type":"Article","@id":"https:\/\/lyonbondyblog.fr\/LBB\/napoleon-bonaparte-lempereur-qui-aimait-lyon\/#article","isPartOf":{"@id":"https:\/\/lyonbondyblog.fr\/LBB\/napoleon-bonaparte-lempereur-qui-aimait-lyon\/"},"author":{"name":"La r\u00e9daction","@id":"https:\/\/lyonbondyblog.fr\/LBB\/#\/schema\/person\/e45f8d27baac75072daa0be50c409b25"},"headline":"Napol\u00e9on Bonaparte : L\u2019Empereur qui aimait Lyon","datePublished":"2021-05-05T08:05:02+00:00","dateModified":"2021-05-05T08:05:05+00:00","mainEntityOfPage":{"@id":"https:\/\/lyonbondyblog.fr\/LBB\/napoleon-bonaparte-lempereur-qui-aimait-lyon\/"},"wordCount":2153,"commentCount":0,"publisher":{"@id":"https:\/\/lyonbondyblog.fr\/LBB\/#organization"},"image":{"@id":"https:\/\/lyonbondyblog.fr\/LBB\/napoleon-bonaparte-lempereur-qui-aimait-lyon\/#primaryimage"},"thumbnailUrl":"https:\/\/lyonbondyblog.fr\/LBB\/wp-content\/uploads\/2021\/05\/napoleon-bonaparte-62860_1920.jpg","articleSection":["Arm\u00e9e","Lyon","Politique"],"inLanguage":"fr-FR","potentialAction":[{"@type":"CommentAction","name":"Comment","target":["https:\/\/lyonbondyblog.fr\/LBB\/napoleon-bonaparte-lempereur-qui-aimait-lyon\/#respond"]}]},{"@type":"WebPage","@id":"https:\/\/lyonbondyblog.fr\/LBB\/napoleon-bonaparte-lempereur-qui-aimait-lyon\/","url":"https:\/\/lyonbondyblog.fr\/LBB\/napoleon-bonaparte-lempereur-qui-aimait-lyon\/","name":"Napol\u00e9on Bonaparte : L\u2019Empereur qui aimait Lyon - Lyon Bondy Blog","isPartOf":{"@id":"https:\/\/lyonbondyblog.fr\/LBB\/#website"},"primaryImageOfPage":{"@id":"https:\/\/lyonbondyblog.fr\/LBB\/napoleon-bonaparte-lempereur-qui-aimait-lyon\/#primaryimage"},"image":{"@id":"https:\/\/lyonbondyblog.fr\/LBB\/napoleon-bonaparte-lempereur-qui-aimait-lyon\/#primaryimage"},"thumbnailUrl":"https:\/\/lyonbondyblog.fr\/LBB\/wp-content\/uploads\/2021\/05\/napoleon-bonaparte-62860_1920.jpg","datePublished":"2021-05-05T08:05:02+00:00","dateModified":"2021-05-05T08:05:05+00:00","description":"\u00c0 l'occasion du bicentenaire de la mort du premier empereur des Fran\u00e7ais, retour sur les relations qu'a entretenu Napol\u00e9on Ier avec Lyon.","inLanguage":"fr-FR","potentialAction":[{"@type":"ReadAction","target":["https:\/\/lyonbondyblog.fr\/LBB\/napoleon-bonaparte-lempereur-qui-aimait-lyon\/"]}]},{"@type":"ImageObject","inLanguage":"fr-FR","@id":"https:\/\/lyonbondyblog.fr\/LBB\/napoleon-bonaparte-lempereur-qui-aimait-lyon\/#primaryimage","url":"https:\/\/lyonbondyblog.fr\/LBB\/wp-content\/uploads\/2021\/05\/napoleon-bonaparte-62860_1920.jpg","contentUrl":"https:\/\/lyonbondyblog.fr\/LBB\/wp-content\/uploads\/2021\/05\/napoleon-bonaparte-62860_1920.jpg","width":1591,"height":1920},{"@type":"WebSite","@id":"https:\/\/lyonbondyblog.fr\/LBB\/#website","url":"https:\/\/lyonbondyblog.fr\/LBB\/","name":"Lyon Bondy Blog","description":"","publisher":{"@id":"https:\/\/lyonbondyblog.fr\/LBB\/#organization"},"potentialAction":[{"@type":"SearchAction","target":{"@type":"EntryPoint","urlTemplate":"https:\/\/lyonbondyblog.fr\/LBB\/?s={search_term_string}"},"query-input":"required name=search_term_string"}],"inLanguage":"fr-FR"},{"@type":"Organization","@id":"https:\/\/lyonbondyblog.fr\/LBB\/#organization","name":"LYON BONDY BLOG","url":"https:\/\/lyonbondyblog.fr\/LBB\/","logo":{"@type":"ImageObject","inLanguage":"fr-FR","@id":"https:\/\/lyonbondyblog.fr\/LBB\/#\/schema\/logo\/image\/","url":"http:\/\/lyonbondyblog.fr\/LBB\/wp-content\/uploads\/2014\/10\/logo-portable-144.png","contentUrl":"http:\/\/lyonbondyblog.fr\/LBB\/wp-content\/uploads\/2014\/10\/logo-portable-144.png","width":144,"height":123,"caption":"LYON BONDY BLOG"},"image":{"@id":"https:\/\/lyonbondyblog.fr\/LBB\/#\/schema\/logo\/image\/"},"sameAs":["https:\/\/www.facebook.com\/lyonbondyblog","https:\/\/x.com\/bondybloglyon"]},{"@type":"Person","@id":"https:\/\/lyonbondyblog.fr\/LBB\/#\/schema\/person\/e45f8d27baac75072daa0be50c409b25","name":"La r\u00e9daction","description":"Cr\u00e9e en 2008, la r\u00e9daction du Lyon Bondy Blog s'applique \u00e0 proposer une information locale diff\u00e9rente et compl\u00e9mentaire des m\u00e9dias traditionnels.","sameAs":["https:\/\/www.facebook.com\/lyonbondyblog","https:\/\/x.com\/BondyBlogLyon"],"url":"https:\/\/lyonbondyblog.fr\/LBB\/author\/admin\/"}]}},"_links":{"self":[{"href":"https:\/\/lyonbondyblog.fr\/LBB\/wp-json\/wp\/v2\/posts\/22788","targetHints":{"allow":["GET"]}}],"collection":[{"href":"https:\/\/lyonbondyblog.fr\/LBB\/wp-json\/wp\/v2\/posts"}],"about":[{"href":"https:\/\/lyonbondyblog.fr\/LBB\/wp-json\/wp\/v2\/types\/post"}],"author":[{"embeddable":true,"href":"https:\/\/lyonbondyblog.fr\/LBB\/wp-json\/wp\/v2\/users\/1"}],"replies":[{"embeddable":true,"href":"https:\/\/lyonbondyblog.fr\/LBB\/wp-json\/wp\/v2\/comments?post=22788"}],"version-history":[{"count":12,"href":"https:\/\/lyonbondyblog.fr\/LBB\/wp-json\/wp\/v2\/posts\/22788\/revisions"}],"predecessor-version":[{"id":22809,"href":"https:\/\/lyonbondyblog.fr\/LBB\/wp-json\/wp\/v2\/posts\/22788\/revisions\/22809"}],"wp:featuredmedia":[{"embeddable":true,"href":"https:\/\/lyonbondyblog.fr\/LBB\/wp-json\/wp\/v2\/media\/22799"}],"wp:attachment":[{"href":"https:\/\/lyonbondyblog.fr\/LBB\/wp-json\/wp\/v2\/media?parent=22788"}],"wp:term":[{"taxonomy":"category","embeddable":true,"href":"https:\/\/lyonbondyblog.fr\/LBB\/wp-json\/wp\/v2\/categories?post=22788"},{"taxonomy":"post_tag","embeddable":true,"href":"https:\/\/lyonbondyblog.fr\/LBB\/wp-json\/wp\/v2\/tags?post=22788"}],"curies":[{"name":"wp","href":"https:\/\/api.w.org\/{rel}","templated":true}]}}