{"id":22698,"date":"2021-04-28T20:58:31","date_gmt":"2021-04-28T18:58:31","guid":{"rendered":"http:\/\/lyonbondyblog.fr\/LBB\/?p=22698"},"modified":"2021-04-28T21:03:38","modified_gmt":"2021-04-28T19:03:38","slug":"prejudice-3-3-les-cheminots-doullins-face-a-lamiante","status":"publish","type":"post","link":"https:\/\/lyonbondyblog.fr\/LBB\/prejudice-3-3-les-cheminots-doullins-face-a-lamiante\/","title":{"rendered":"\u00ab Pr\u00e9judice \u00bb (3\/3) : les cheminots d\u2019Oullins face \u00e0 l\u2019amiante"},"content":{"rendered":"\n<h4 class=\"wp-block-heading\">Le Lyon Bondy Blog pr\u00e9sente \u00ab Pr\u00e9judice \u00bb, la s\u00e9rie audio qui revient sur les luttes face aux risques professionnels \u00e0 Lyon. Troisi\u00e8me \u00e9pisode aux ateliers SNCF d\u2019Oullins, r\u00e9cemment transf\u00e9r\u00e9s \u00e0 V\u00e9nissieux.<\/h4>\n\n\n<p><iframe loading=\"lazy\" width=\"560\" height=\"315\" src=\"https:\/\/www.youtube.com\/embed\/i_c-lldcDyQ\" title=\"YouTube video player\" frameborder=\"0\" allow=\"accelerometer; autoplay; clipboard-write; encrypted-media; gyroscope; picture-in-picture\" allowfullscreen=\"\"><\/iframe><\/p>\n\n\n<p>294 plaintes au p\u00e9nal, 183 aux prud\u2019hommes : \u00e0 Oullins, les cheminots des anciens ateliers SNCF ont saisi la justice suite \u00e0 leur exposition \u00e0 l\u2019amiante. Probl\u00e8me : le site n\u2019est toujours pas reconnu comme amiant\u00e9 et en attendant, la liste des victimes s\u2019allonge.&nbsp;<\/p>\n\n\n\n<p>Le syndicaliste CGT retrait\u00e9s Christian Brun revient sur son exp\u00e9rience aux ateliers, \u00e9voquant les nombreux obstacles \u00e0 la lutte pour la s\u00e9curit\u00e9 au travail et la reconnaissance du pr\u00e9judice d\u2019anxi\u00e9t\u00e9.<\/p>\n\n\n\n<p>Retrouvez ici les premiers \u00e9pisodes \u00e0 <a href=\"https:\/\/lyonbondyblog.fr\/LBB\/prejudice-1-3-de-lamiante-chez-renault-trucks-a-venissieux\/\">Renault Trucks (V\u00e9nissieux)<\/a> et <a href=\"https:\/\/lyonbondyblog.fr\/LBB\/prejudice-2-3-lenquete-des-verriers-de-givors\/\">Danone (Givors)<\/a> <\/p>\n\n\n\n<h5 class=\"wp-block-heading\">Le troisi\u00e8me \u00e9pisode de \u00ab Pr\u00e9judice \u00bb est \u00e0 \u00e9couter juste ici :&nbsp;<\/h5>\n\n\n<p><iframe loading=\"lazy\" src=\"https:\/\/www.mixcloud.com\/widget\/iframe\/?hide_cover=1&amp;mini=1&amp;light=1&amp;feed=%2Flyonbondyblog%2Fpr%C3%A9judice-33-ateliers-sncf-oullins%2F\" width=\"100%\" height=\"60\" frameborder=\"0\"><\/iframe><\/p>\n\n\n<div class=\"wp-block-image\"><figure class=\"aligncenter size-large is-resized\"><img loading=\"lazy\" decoding=\"async\" src=\"https:\/\/lyonbondyblog.fr\/LBB\/wp-content\/uploads\/2021\/04\/IMG_7618-1920x1280.jpg\" alt=\"\" class=\"wp-image-22699\" width=\"567\" height=\"378\" srcset=\"https:\/\/lyonbondyblog.fr\/LBB\/wp-content\/uploads\/2021\/04\/IMG_7618-1920x1280.jpg 1920w, https:\/\/lyonbondyblog.fr\/LBB\/wp-content\/uploads\/2021\/04\/IMG_7618-1200x800.jpg 1200w, https:\/\/lyonbondyblog.fr\/LBB\/wp-content\/uploads\/2021\/04\/IMG_7618-768x512.jpg 768w, https:\/\/lyonbondyblog.fr\/LBB\/wp-content\/uploads\/2021\/04\/IMG_7618-1536x1024.jpg 1536w, https:\/\/lyonbondyblog.fr\/LBB\/wp-content\/uploads\/2021\/04\/IMG_7618-2048x1365.jpg 2048w, https:\/\/lyonbondyblog.fr\/LBB\/wp-content\/uploads\/2021\/04\/IMG_7618-272x182.jpg 272w\" sizes=\"auto, (max-width: 567px) 100vw, 567px\" \/><figcaption>Christian Brun a pass\u00e9 plus de 39 ans aux ateliers SNCF d&rsquo;Oullins. Cr\u00e9dit photo : Maxime Pechkechian<\/figcaption><\/figure><\/div>\n<!-- AddThis Advanced Settings generic via filter on the_content --><!-- AddThis Share Buttons generic via filter on the_content -->","protected":false},"excerpt":{"rendered":"<p>Le Lyon Bondy Blog pr\u00e9sente \u00ab Pr\u00e9judice \u00bb, la s\u00e9rie audio qui revient sur les luttes face aux risques professionnels \u00e0 Lyon. Troisi\u00e8me \u00e9pisode aux &hellip; <!-- AddThis Advanced Settings generic via filter on wp_trim_excerpt --><!-- AddThis Share Buttons generic via filter on wp_trim_excerpt --><\/p>\n","protected":false},"author":16328,"featured_media":22699,"comment_status":"open","ping_status":"open","sticky":false,"template":"","format":"standard","meta":{"_FSMCFIC_featured_image_caption":"","_FSMCFIC_featured_image_nocaption":"","_FSMCFIC_featured_image_hide":"","footnotes":""},"categories":[22673,4,18126,2104,3889,22676],"tags":[],"class_list":["post-22698","post","type-post","status-publish","format-standard","has-post-thumbnail","hentry","category-cgt","category-lyon","category-oullins","category-podcasts","category-sante","category-syndicat"],"yoast_head":"<!-- This site is optimized with the Yoast SEO plugin v22.8 - https:\/\/yoast.com\/wordpress\/plugins\/seo\/ -->\n<title>\u00ab Pr\u00e9judice \u00bb (3\/3) : les cheminots d\u2019Oullins face \u00e0 l\u2019amiante - Lyon Bondy Blog<\/title>\n<meta name=\"robots\" content=\"index, follow, max-snippet:-1, max-image-preview:large, max-video-preview:-1\" \/>\n<link rel=\"canonical\" href=\"https:\/\/lyonbondyblog.fr\/LBB\/prejudice-3-3-les-cheminots-doullins-face-a-lamiante\/\" \/>\n<meta property=\"og:locale\" content=\"fr_FR\" \/>\n<meta property=\"og:type\" content=\"article\" \/>\n<meta property=\"og:title\" content=\"\u00ab Pr\u00e9judice \u00bb (3\/3) : les cheminots d\u2019Oullins face \u00e0 l\u2019amiante - Lyon Bondy Blog\" \/>\n<meta property=\"og:description\" content=\"Le Lyon Bondy Blog pr\u00e9sente \u00ab Pr\u00e9judice \u00bb, la s\u00e9rie audio qui revient sur les luttes face aux risques professionnels \u00e0 Lyon. Troisi\u00e8me \u00e9pisode aux &hellip;\" \/>\n<meta property=\"og:url\" content=\"https:\/\/lyonbondyblog.fr\/LBB\/prejudice-3-3-les-cheminots-doullins-face-a-lamiante\/\" \/>\n<meta property=\"og:site_name\" content=\"Lyon Bondy Blog\" \/>\n<meta property=\"article:publisher\" content=\"https:\/\/www.facebook.com\/lyonbondyblog\" \/>\n<meta property=\"article:published_time\" content=\"2021-04-28T18:58:31+00:00\" \/>\n<meta property=\"article:modified_time\" content=\"2021-04-28T19:03:38+00:00\" \/>\n<meta property=\"og:image\" content=\"https:\/\/lyonbondyblog.fr\/LBB\/wp-content\/uploads\/2021\/04\/IMG_7618-scaled.jpg\" \/>\n\t<meta property=\"og:image:width\" content=\"2560\" \/>\n\t<meta property=\"og:image:height\" content=\"1707\" \/>\n\t<meta property=\"og:image:type\" content=\"image\/jpeg\" \/>\n<meta name=\"author\" content=\"Maxime Pechkechian\" \/>\n<meta name=\"twitter:card\" content=\"summary_large_image\" \/>\n<meta name=\"twitter:creator\" content=\"@bondybloglyon\" \/>\n<meta name=\"twitter:site\" content=\"@bondybloglyon\" \/>\n<script type=\"application\/ld+json\" class=\"yoast-schema-graph\">{\"@context\":\"https:\/\/schema.org\",\"@graph\":[{\"@type\":\"Article\",\"@id\":\"https:\/\/lyonbondyblog.fr\/LBB\/prejudice-3-3-les-cheminots-doullins-face-a-lamiante\/#article\",\"isPartOf\":{\"@id\":\"https:\/\/lyonbondyblog.fr\/LBB\/prejudice-3-3-les-cheminots-doullins-face-a-lamiante\/\"},\"author\":{\"name\":\"Maxime Pechkechian\",\"@id\":\"https:\/\/lyonbondyblog.fr\/LBB\/#\/schema\/person\/e030df63ce4bdf66338fec824c5ba04c\"},\"headline\":\"\u00ab Pr\u00e9judice \u00bb (3\/3) : les cheminots d\u2019Oullins face \u00e0 l\u2019amiante\",\"datePublished\":\"2021-04-28T18:58:31+00:00\",\"dateModified\":\"2021-04-28T19:03:38+00:00\",\"mainEntityOfPage\":{\"@id\":\"https:\/\/lyonbondyblog.fr\/LBB\/prejudice-3-3-les-cheminots-doullins-face-a-lamiante\/\"},\"wordCount\":165,\"commentCount\":0,\"publisher\":{\"@id\":\"https:\/\/lyonbondyblog.fr\/LBB\/#organization\"},\"image\":{\"@id\":\"https:\/\/lyonbondyblog.fr\/LBB\/prejudice-3-3-les-cheminots-doullins-face-a-lamiante\/#primaryimage\"},\"thumbnailUrl\":\"https:\/\/lyonbondyblog.fr\/LBB\/wp-content\/uploads\/2021\/04\/IMG_7618-scaled.jpg\",\"articleSection\":[\"CGT\",\"Lyon\",\"Oullins\",\"Podcasts\",\"Sant\u00e9\",\"Syndicat\"],\"inLanguage\":\"fr-FR\",\"potentialAction\":[{\"@type\":\"CommentAction\",\"name\":\"Comment\",\"target\":[\"https:\/\/lyonbondyblog.fr\/LBB\/prejudice-3-3-les-cheminots-doullins-face-a-lamiante\/#respond\"]}]},{\"@type\":\"WebPage\",\"@id\":\"https:\/\/lyonbondyblog.fr\/LBB\/prejudice-3-3-les-cheminots-doullins-face-a-lamiante\/\",\"url\":\"https:\/\/lyonbondyblog.fr\/LBB\/prejudice-3-3-les-cheminots-doullins-face-a-lamiante\/\",\"name\":\"\u00ab Pr\u00e9judice \u00bb (3\/3) : les cheminots d\u2019Oullins face \u00e0 l\u2019amiante - Lyon Bondy Blog\",\"isPartOf\":{\"@id\":\"https:\/\/lyonbondyblog.fr\/LBB\/#website\"},\"primaryImageOfPage\":{\"@id\":\"https:\/\/lyonbondyblog.fr\/LBB\/prejudice-3-3-les-cheminots-doullins-face-a-lamiante\/#primaryimage\"},\"image\":{\"@id\":\"https:\/\/lyonbondyblog.fr\/LBB\/prejudice-3-3-les-cheminots-doullins-face-a-lamiante\/#primaryimage\"},\"thumbnailUrl\":\"https:\/\/lyonbondyblog.fr\/LBB\/wp-content\/uploads\/2021\/04\/IMG_7618-scaled.jpg\",\"datePublished\":\"2021-04-28T18:58:31+00:00\",\"dateModified\":\"2021-04-28T19:03:38+00:00\",\"inLanguage\":\"fr-FR\",\"potentialAction\":[{\"@type\":\"ReadAction\",\"target\":[\"https:\/\/lyonbondyblog.fr\/LBB\/prejudice-3-3-les-cheminots-doullins-face-a-lamiante\/\"]}]},{\"@type\":\"ImageObject\",\"inLanguage\":\"fr-FR\",\"@id\":\"https:\/\/lyonbondyblog.fr\/LBB\/prejudice-3-3-les-cheminots-doullins-face-a-lamiante\/#primaryimage\",\"url\":\"https:\/\/lyonbondyblog.fr\/LBB\/wp-content\/uploads\/2021\/04\/IMG_7618-scaled.jpg\",\"contentUrl\":\"https:\/\/lyonbondyblog.fr\/LBB\/wp-content\/uploads\/2021\/04\/IMG_7618-scaled.jpg\",\"width\":2560,\"height\":1707},{\"@type\":\"WebSite\",\"@id\":\"https:\/\/lyonbondyblog.fr\/LBB\/#website\",\"url\":\"https:\/\/lyonbondyblog.fr\/LBB\/\",\"name\":\"Lyon Bondy Blog\",\"description\":\"\",\"publisher\":{\"@id\":\"https:\/\/lyonbondyblog.fr\/LBB\/#organization\"},\"potentialAction\":[{\"@type\":\"SearchAction\",\"target\":{\"@type\":\"EntryPoint\",\"urlTemplate\":\"https:\/\/lyonbondyblog.fr\/LBB\/?s={search_term_string}\"},\"query-input\":\"required name=search_term_string\"}],\"inLanguage\":\"fr-FR\"},{\"@type\":\"Organization\",\"@id\":\"https:\/\/lyonbondyblog.fr\/LBB\/#organization\",\"name\":\"LYON BONDY BLOG\",\"url\":\"https:\/\/lyonbondyblog.fr\/LBB\/\",\"logo\":{\"@type\":\"ImageObject\",\"inLanguage\":\"fr-FR\",\"@id\":\"https:\/\/lyonbondyblog.fr\/LBB\/#\/schema\/logo\/image\/\",\"url\":\"http:\/\/lyonbondyblog.fr\/LBB\/wp-content\/uploads\/2014\/10\/logo-portable-144.png\",\"contentUrl\":\"http:\/\/lyonbondyblog.fr\/LBB\/wp-content\/uploads\/2014\/10\/logo-portable-144.png\",\"width\":144,\"height\":123,\"caption\":\"LYON BONDY BLOG\"},\"image\":{\"@id\":\"https:\/\/lyonbondyblog.fr\/LBB\/#\/schema\/logo\/image\/\"},\"sameAs\":[\"https:\/\/www.facebook.com\/lyonbondyblog\",\"https:\/\/x.com\/bondybloglyon\"]},{\"@type\":\"Person\",\"@id\":\"https:\/\/lyonbondyblog.fr\/LBB\/#\/schema\/person\/e030df63ce4bdf66338fec824c5ba04c\",\"name\":\"Maxime Pechkechian\",\"url\":\"https:\/\/lyonbondyblog.fr\/LBB\/author\/maximepechkechian\/\"}]}<\/script>\n<!-- \/ Yoast SEO plugin. -->","yoast_head_json":{"title":"\u00ab Pr\u00e9judice \u00bb (3\/3) : les cheminots d\u2019Oullins face \u00e0 l\u2019amiante - Lyon Bondy Blog","robots":{"index":"index","follow":"follow","max-snippet":"max-snippet:-1","max-image-preview":"max-image-preview:large","max-video-preview":"max-video-preview:-1"},"canonical":"https:\/\/lyonbondyblog.fr\/LBB\/prejudice-3-3-les-cheminots-doullins-face-a-lamiante\/","og_locale":"fr_FR","og_type":"article","og_title":"\u00ab Pr\u00e9judice \u00bb (3\/3) : les cheminots d\u2019Oullins face \u00e0 l\u2019amiante - Lyon Bondy Blog","og_description":"Le Lyon Bondy Blog pr\u00e9sente \u00ab Pr\u00e9judice \u00bb, la s\u00e9rie audio qui revient sur les luttes face aux risques professionnels \u00e0 Lyon. Troisi\u00e8me \u00e9pisode aux &hellip;","og_url":"https:\/\/lyonbondyblog.fr\/LBB\/prejudice-3-3-les-cheminots-doullins-face-a-lamiante\/","og_site_name":"Lyon Bondy Blog","article_publisher":"https:\/\/www.facebook.com\/lyonbondyblog","article_published_time":"2021-04-28T18:58:31+00:00","article_modified_time":"2021-04-28T19:03:38+00:00","og_image":[{"width":2560,"height":1707,"url":"https:\/\/lyonbondyblog.fr\/LBB\/wp-content\/uploads\/2021\/04\/IMG_7618-scaled.jpg","type":"image\/jpeg"}],"author":"Maxime Pechkechian","twitter_card":"summary_large_image","twitter_creator":"@bondybloglyon","twitter_site":"@bondybloglyon","schema":{"@context":"https:\/\/schema.org","@graph":[{"@type":"Article","@id":"https:\/\/lyonbondyblog.fr\/LBB\/prejudice-3-3-les-cheminots-doullins-face-a-lamiante\/#article","isPartOf":{"@id":"https:\/\/lyonbondyblog.fr\/LBB\/prejudice-3-3-les-cheminots-doullins-face-a-lamiante\/"},"author":{"name":"Maxime Pechkechian","@id":"https:\/\/lyonbondyblog.fr\/LBB\/#\/schema\/person\/e030df63ce4bdf66338fec824c5ba04c"},"headline":"\u00ab Pr\u00e9judice \u00bb (3\/3) : les cheminots d\u2019Oullins face \u00e0 l\u2019amiante","datePublished":"2021-04-28T18:58:31+00:00","dateModified":"2021-04-28T19:03:38+00:00","mainEntityOfPage":{"@id":"https:\/\/lyonbondyblog.fr\/LBB\/prejudice-3-3-les-cheminots-doullins-face-a-lamiante\/"},"wordCount":165,"commentCount":0,"publisher":{"@id":"https:\/\/lyonbondyblog.fr\/LBB\/#organization"},"image":{"@id":"https:\/\/lyonbondyblog.fr\/LBB\/prejudice-3-3-les-cheminots-doullins-face-a-lamiante\/#primaryimage"},"thumbnailUrl":"https:\/\/lyonbondyblog.fr\/LBB\/wp-content\/uploads\/2021\/04\/IMG_7618-scaled.jpg","articleSection":["CGT","Lyon","Oullins","Podcasts","Sant\u00e9","Syndicat"],"inLanguage":"fr-FR","potentialAction":[{"@type":"CommentAction","name":"Comment","target":["https:\/\/lyonbondyblog.fr\/LBB\/prejudice-3-3-les-cheminots-doullins-face-a-lamiante\/#respond"]}]},{"@type":"WebPage","@id":"https:\/\/lyonbondyblog.fr\/LBB\/prejudice-3-3-les-cheminots-doullins-face-a-lamiante\/","url":"https:\/\/lyonbondyblog.fr\/LBB\/prejudice-3-3-les-cheminots-doullins-face-a-lamiante\/","name":"\u00ab Pr\u00e9judice \u00bb (3\/3) : les cheminots d\u2019Oullins face \u00e0 l\u2019amiante - Lyon Bondy Blog","isPartOf":{"@id":"https:\/\/lyonbondyblog.fr\/LBB\/#website"},"primaryImageOfPage":{"@id":"https:\/\/lyonbondyblog.fr\/LBB\/prejudice-3-3-les-cheminots-doullins-face-a-lamiante\/#primaryimage"},"image":{"@id":"https:\/\/lyonbondyblog.fr\/LBB\/prejudice-3-3-les-cheminots-doullins-face-a-lamiante\/#primaryimage"},"thumbnailUrl":"https:\/\/lyonbondyblog.fr\/LBB\/wp-content\/uploads\/2021\/04\/IMG_7618-scaled.jpg","datePublished":"2021-04-28T18:58:31+00:00","dateModified":"2021-04-28T19:03:38+00:00","inLanguage":"fr-FR","potentialAction":[{"@type":"ReadAction","target":["https:\/\/lyonbondyblog.fr\/LBB\/prejudice-3-3-les-cheminots-doullins-face-a-lamiante\/"]}]},{"@type":"ImageObject","inLanguage":"fr-FR","@id":"https:\/\/lyonbondyblog.fr\/LBB\/prejudice-3-3-les-cheminots-doullins-face-a-lamiante\/#primaryimage","url":"https:\/\/lyonbondyblog.fr\/LBB\/wp-content\/uploads\/2021\/04\/IMG_7618-scaled.jpg","contentUrl":"https:\/\/lyonbondyblog.fr\/LBB\/wp-content\/uploads\/2021\/04\/IMG_7618-scaled.jpg","width":2560,"height":1707},{"@type":"WebSite","@id":"https:\/\/lyonbondyblog.fr\/LBB\/#website","url":"https:\/\/lyonbondyblog.fr\/LBB\/","name":"Lyon Bondy Blog","description":"","publisher":{"@id":"https:\/\/lyonbondyblog.fr\/LBB\/#organization"},"potentialAction":[{"@type":"SearchAction","target":{"@type":"EntryPoint","urlTemplate":"https:\/\/lyonbondyblog.fr\/LBB\/?s={search_term_string}"},"query-input":"required name=search_term_string"}],"inLanguage":"fr-FR"},{"@type":"Organization","@id":"https:\/\/lyonbondyblog.fr\/LBB\/#organization","name":"LYON BONDY BLOG","url":"https:\/\/lyonbondyblog.fr\/LBB\/","logo":{"@type":"ImageObject","inLanguage":"fr-FR","@id":"https:\/\/lyonbondyblog.fr\/LBB\/#\/schema\/logo\/image\/","url":"http:\/\/lyonbondyblog.fr\/LBB\/wp-content\/uploads\/2014\/10\/logo-portable-144.png","contentUrl":"http:\/\/lyonbondyblog.fr\/LBB\/wp-content\/uploads\/2014\/10\/logo-portable-144.png","width":144,"height":123,"caption":"LYON BONDY BLOG"},"image":{"@id":"https:\/\/lyonbondyblog.fr\/LBB\/#\/schema\/logo\/image\/"},"sameAs":["https:\/\/www.facebook.com\/lyonbondyblog","https:\/\/x.com\/bondybloglyon"]},{"@type":"Person","@id":"https:\/\/lyonbondyblog.fr\/LBB\/#\/schema\/person\/e030df63ce4bdf66338fec824c5ba04c","name":"Maxime Pechkechian","url":"https:\/\/lyonbondyblog.fr\/LBB\/author\/maximepechkechian\/"}]}},"_links":{"self":[{"href":"https:\/\/lyonbondyblog.fr\/LBB\/wp-json\/wp\/v2\/posts\/22698","targetHints":{"allow":["GET"]}}],"collection":[{"href":"https:\/\/lyonbondyblog.fr\/LBB\/wp-json\/wp\/v2\/posts"}],"about":[{"href":"https:\/\/lyonbondyblog.fr\/LBB\/wp-json\/wp\/v2\/types\/post"}],"author":[{"embeddable":true,"href":"https:\/\/lyonbondyblog.fr\/LBB\/wp-json\/wp\/v2\/users\/16328"}],"replies":[{"embeddable":true,"href":"https:\/\/lyonbondyblog.fr\/LBB\/wp-json\/wp\/v2\/comments?post=22698"}],"version-history":[{"count":2,"href":"https:\/\/lyonbondyblog.fr\/LBB\/wp-json\/wp\/v2\/posts\/22698\/revisions"}],"predecessor-version":[{"id":22703,"href":"https:\/\/lyonbondyblog.fr\/LBB\/wp-json\/wp\/v2\/posts\/22698\/revisions\/22703"}],"wp:featuredmedia":[{"embeddable":true,"href":"https:\/\/lyonbondyblog.fr\/LBB\/wp-json\/wp\/v2\/media\/22699"}],"wp:attachment":[{"href":"https:\/\/lyonbondyblog.fr\/LBB\/wp-json\/wp\/v2\/media?parent=22698"}],"wp:term":[{"taxonomy":"category","embeddable":true,"href":"https:\/\/lyonbondyblog.fr\/LBB\/wp-json\/wp\/v2\/categories?post=22698"},{"taxonomy":"post_tag","embeddable":true,"href":"https:\/\/lyonbondyblog.fr\/LBB\/wp-json\/wp\/v2\/tags?post=22698"}],"curies":[{"name":"wp","href":"https:\/\/api.w.org\/{rel}","templated":true}]}}