{"id":22600,"date":"2021-04-23T17:04:33","date_gmt":"2021-04-23T15:04:33","guid":{"rendered":"http:\/\/lyonbondyblog.fr\/LBB\/?p=22600"},"modified":"2021-04-23T17:04:35","modified_gmt":"2021-04-23T15:04:35","slug":"wedressfair-quand-la-mode-le-vert-et-le-social-sassocient","status":"publish","type":"post","link":"https:\/\/lyonbondyblog.fr\/LBB\/wedressfair-quand-la-mode-le-vert-et-le-social-sassocient\/","title":{"rendered":"WeDressFair : Quand la mode, le vert et le social s\u2019associent"},"content":{"rendered":"\n<h4 class=\"wp-block-heading\">WeDressFair lance une nouvelle campagne de sensibilisation\u00a0: \u00ab\u00a0Il y a des questions qui changent le monde\u00a0\u00bb. Cette entreprise, lanc\u00e9e il y a 3 ans \u00e0 Lyon, adopte une d\u00e9marche de respect de l\u2019environnement et des conditions de travail dans lesquelles sont fabriqu\u00e9s les v\u00eatements. Explications.<\/h4>\n\n\n\n<p>\u00ab\u00a0Changer notre mani\u00e8re de consommer\u00a0\u00bb, c\u2019est l\u2019objectif de la campagne de sensibilisation de <a href=\"https:\/\/www.wedressfair.fr\/\" target=\"_blank\" rel=\"noreferrer noopener\">WeDressFair<\/a>, comme l\u2019explique Marie Nguyen, co-fondatrice. A l\u2019origine de cette initiative, un constat\u00a0: les gens s\u2019int\u00e9ressent aux conditions dans lesquels sont fabriqu\u00e9s leurs habits. WeDressFair appelle donc tous les consommateurs \u00e0 poser leurs questions, et ils se lancent le d\u00e9fi d\u2019y r\u00e9pondre\u00a0!<\/p>\n\n\n\n<p>Du 19 avril au 25 avril, les internautes sont appel\u00e9s \u00e0 envoyer leurs questions \u00e0 la page Instagram et au blog de WeDressFair, \u00ab parmi les gens qui posent les questions, il y aura peut-\u00eatre la prochaine Greta Thunberg\u00a0\u00bb. La co-fondatrice de WeDressFair, Marie Ngueyn, explique que cet \u00e9v\u00e8nement fait partie de la Fashion Revolution, un mouvement lanc\u00e9 apr\u00e8s l\u2019effondrement d\u2019une usine textile au Bangladesh, le <a href=\"https:\/\/www.liberation.fr\/planete\/2018\/04\/24\/bangladesh-cinq-ans-apres-le-drame-du-rana-plaza-l-heure-du-bilan_1645511\/\" target=\"_blank\" rel=\"noreferrer noopener\">Rana Plaza<\/a>, engendrant la mort de 1135 personnes, employ\u00e9s par des grandes marques.<\/p>\n\n\n\n<h4 class=\"wp-block-heading\">Questions\u2026 r\u00e9ponses&nbsp;!<\/h4>\n\n\n\n<p>La finalit\u00e9\u00a0: un guide qui regroupera les questions r\u00e9currentes des consommateurs, et leur r\u00e9ponse \u00e9videmment. Selon Marie Nguyen, le guide devrait \u00eatre disponible d\u00e8s la semaine prochaine, sur le site de WeDressFair. Une initiative du m\u00eame genre avait \u00e9t\u00e9 lanc\u00e9e l\u2019an dernier, avec pour th\u00e8me le Greenwashing, terme cr\u00e9\u00e9 pour pointer du doigt les entreprises qui essayent de tromper les consommateurs en adoptant une image \u00e9co-responsable, de fa\u00e7ade. Semblable \u00e0 celui qui sera bient\u00f4t disponible, <a href=\"https:\/\/www.wedressfair.fr\/blog\/le-petit-guide-anti-green-washing-pour-reperer-les-arguments-fumeux-les-plus-courants\" target=\"_blank\" rel=\"noreferrer noopener\">un guide pour rep\u00e9rer le greenwashing a \u00e9t\u00e9 publi\u00e9 par WeDressFair<\/a>.<\/p>\n\n\n\n<h4 class=\"wp-block-heading\">Un v\u00eatement \u00e0 la mode est un v\u00eatement responsable<\/h4>\n\n\n\n<div class=\"wp-block-image\"><figure class=\"alignright is-resized\"><img loading=\"lazy\" decoding=\"async\" src=\"https:\/\/babbler-app-storage-prod.s3.eu-west-1.amazonaws.com\/upload\/Brand\/8065\/content_media\/0332bab4ff8ddc0d4e3e853a41ea1522b5fc31d5f74f49c85514a2cbd8cfd377.jpeg\" alt=\"\" width=\"466\" height=\"350\"\/><figcaption>La boutique WeDressFair \u00e0 Lyon. Cr\u00e9dit photo : WeDressFair.<\/figcaption><\/figure><\/div>\n\n\n\n<p class=\"has-text-align-left\">Dans sa boutique, situ\u00e9e dans le 1<sup>er<\/sup> arrondissement, et sur son site, WeDressFair propose 70 marques qui respectent les crit\u00e8res d\u2019une charte bas\u00e9e principalement sur le respect de l\u2019environnement, les mati\u00e8res premi\u00e8res utilis\u00e9es, et les conditions des travailleurs de toute la cha\u00eene de production. Marie Nguyen explique que \u00ab&nbsp;le respect des humains qui ont travaill\u00e9 sur les v\u00eatements&nbsp;\u00bb est une des conditions sine qua non pour qu\u2019une marque esp\u00e8re figurer dans le catalogue WeDressFair. Concernant les futurs projets, WeDressFair devrait s\u2019agrandir&nbsp;: la co-fondatrice esp\u00e8re ouvrir une seconde boutique dans le 7<sup>\u00e8me<\/sup> arrondissement l\u2019ann\u00e9e prochaine.<\/p>\n<!-- AddThis Advanced Settings generic via filter on the_content --><!-- AddThis Share Buttons generic via filter on the_content -->","protected":false},"excerpt":{"rendered":"<p>WeDressFair lance une nouvelle campagne de sensibilisation\u00a0: \u00ab\u00a0Il y a des questions qui changent le monde\u00a0\u00bb. Cette entreprise, lanc\u00e9e il y a 3 ans \u00e0 &hellip; <!-- AddThis Advanced Settings generic via filter on wp_trim_excerpt --><!-- AddThis Share Buttons generic via filter on wp_trim_excerpt --><\/p>\n","protected":false},"author":14288,"featured_media":22603,"comment_status":"open","ping_status":"open","sticky":false,"template":"","format":"standard","meta":{"_FSMCFIC_featured_image_caption":"","_FSMCFIC_featured_image_nocaption":"","_FSMCFIC_featured_image_hide":"","footnotes":""},"categories":[6446,18131,23393,4,2],"tags":[],"class_list":["post-22600","post","type-post","status-publish","format-standard","has-post-thumbnail","hentry","category-ecologie","category-evenement","category-industrie","category-lyon","category-societe"],"yoast_head":"<!-- This site is optimized with the Yoast SEO plugin v22.8 - https:\/\/yoast.com\/wordpress\/plugins\/seo\/ -->\n<title>WeDressFair : Quand la mode, le vert et le social s\u2019associent - Lyon Bondy Blog<\/title>\n<meta name=\"description\" content=\"WeDressFair lance une nouvelle campagne de sensibilisation : \u00ab Il y a des questions qui changent le monde \u00bb. Explications.\" \/>\n<meta name=\"robots\" content=\"index, follow, max-snippet:-1, max-image-preview:large, max-video-preview:-1\" \/>\n<link rel=\"canonical\" href=\"https:\/\/lyonbondyblog.fr\/LBB\/wedressfair-quand-la-mode-le-vert-et-le-social-sassocient\/\" \/>\n<meta property=\"og:locale\" content=\"fr_FR\" \/>\n<meta property=\"og:type\" content=\"article\" \/>\n<meta property=\"og:title\" content=\"WeDressFair : Quand la mode, le vert et le social s\u2019associent - Lyon Bondy Blog\" \/>\n<meta property=\"og:description\" content=\"WeDressFair lance une nouvelle campagne de sensibilisation : \u00ab Il y a des questions qui changent le monde \u00bb. Explications.\" \/>\n<meta property=\"og:url\" content=\"https:\/\/lyonbondyblog.fr\/LBB\/wedressfair-quand-la-mode-le-vert-et-le-social-sassocient\/\" \/>\n<meta property=\"og:site_name\" content=\"Lyon Bondy Blog\" \/>\n<meta property=\"article:publisher\" content=\"https:\/\/www.facebook.com\/lyonbondyblog\" \/>\n<meta property=\"article:published_time\" content=\"2021-04-23T15:04:33+00:00\" \/>\n<meta property=\"article:modified_time\" content=\"2021-04-23T15:04:35+00:00\" \/>\n<meta property=\"og:image\" content=\"https:\/\/lyonbondyblog.fr\/LBB\/wp-content\/uploads\/2021\/04\/wedressfairimage.png\" \/>\n\t<meta property=\"og:image:width\" content=\"511\" \/>\n\t<meta property=\"og:image:height\" content=\"509\" \/>\n\t<meta property=\"og:image:type\" content=\"image\/png\" \/>\n<meta name=\"author\" content=\"Nicolas Delattre\" \/>\n<meta name=\"twitter:card\" content=\"summary_large_image\" \/>\n<meta name=\"twitter:creator\" content=\"@bondybloglyon\" \/>\n<meta name=\"twitter:site\" content=\"@bondybloglyon\" \/>\n<script type=\"application\/ld+json\" class=\"yoast-schema-graph\">{\"@context\":\"https:\/\/schema.org\",\"@graph\":[{\"@type\":\"Article\",\"@id\":\"https:\/\/lyonbondyblog.fr\/LBB\/wedressfair-quand-la-mode-le-vert-et-le-social-sassocient\/#article\",\"isPartOf\":{\"@id\":\"https:\/\/lyonbondyblog.fr\/LBB\/wedressfair-quand-la-mode-le-vert-et-le-social-sassocient\/\"},\"author\":{\"name\":\"Nicolas Delattre\",\"@id\":\"https:\/\/lyonbondyblog.fr\/LBB\/#\/schema\/person\/3f5335e7f858766f4ed6876c707e54c5\"},\"headline\":\"WeDressFair : Quand la mode, le vert et le social s\u2019associent\",\"datePublished\":\"2021-04-23T15:04:33+00:00\",\"dateModified\":\"2021-04-23T15:04:35+00:00\",\"mainEntityOfPage\":{\"@id\":\"https:\/\/lyonbondyblog.fr\/LBB\/wedressfair-quand-la-mode-le-vert-et-le-social-sassocient\/\"},\"wordCount\":433,\"commentCount\":0,\"publisher\":{\"@id\":\"https:\/\/lyonbondyblog.fr\/LBB\/#organization\"},\"image\":{\"@id\":\"https:\/\/lyonbondyblog.fr\/LBB\/wedressfair-quand-la-mode-le-vert-et-le-social-sassocient\/#primaryimage\"},\"thumbnailUrl\":\"https:\/\/lyonbondyblog.fr\/LBB\/wp-content\/uploads\/2021\/04\/wedressfairimage.png\",\"articleSection\":[\"\u00c9cologie\",\"Ev\u00e9nement\",\"Industrie\",\"Lyon\",\"Soci\u00e9t\u00e9\"],\"inLanguage\":\"fr-FR\",\"potentialAction\":[{\"@type\":\"CommentAction\",\"name\":\"Comment\",\"target\":[\"https:\/\/lyonbondyblog.fr\/LBB\/wedressfair-quand-la-mode-le-vert-et-le-social-sassocient\/#respond\"]}]},{\"@type\":\"WebPage\",\"@id\":\"https:\/\/lyonbondyblog.fr\/LBB\/wedressfair-quand-la-mode-le-vert-et-le-social-sassocient\/\",\"url\":\"https:\/\/lyonbondyblog.fr\/LBB\/wedressfair-quand-la-mode-le-vert-et-le-social-sassocient\/\",\"name\":\"WeDressFair : Quand la mode, le vert et le social s\u2019associent - Lyon Bondy Blog\",\"isPartOf\":{\"@id\":\"https:\/\/lyonbondyblog.fr\/LBB\/#website\"},\"primaryImageOfPage\":{\"@id\":\"https:\/\/lyonbondyblog.fr\/LBB\/wedressfair-quand-la-mode-le-vert-et-le-social-sassocient\/#primaryimage\"},\"image\":{\"@id\":\"https:\/\/lyonbondyblog.fr\/LBB\/wedressfair-quand-la-mode-le-vert-et-le-social-sassocient\/#primaryimage\"},\"thumbnailUrl\":\"https:\/\/lyonbondyblog.fr\/LBB\/wp-content\/uploads\/2021\/04\/wedressfairimage.png\",\"datePublished\":\"2021-04-23T15:04:33+00:00\",\"dateModified\":\"2021-04-23T15:04:35+00:00\",\"description\":\"WeDressFair lance une nouvelle campagne de sensibilisation : \u00ab Il y a des questions qui changent le monde \u00bb. Explications.\",\"inLanguage\":\"fr-FR\",\"potentialAction\":[{\"@type\":\"ReadAction\",\"target\":[\"https:\/\/lyonbondyblog.fr\/LBB\/wedressfair-quand-la-mode-le-vert-et-le-social-sassocient\/\"]}]},{\"@type\":\"ImageObject\",\"inLanguage\":\"fr-FR\",\"@id\":\"https:\/\/lyonbondyblog.fr\/LBB\/wedressfair-quand-la-mode-le-vert-et-le-social-sassocient\/#primaryimage\",\"url\":\"https:\/\/lyonbondyblog.fr\/LBB\/wp-content\/uploads\/2021\/04\/wedressfairimage.png\",\"contentUrl\":\"https:\/\/lyonbondyblog.fr\/LBB\/wp-content\/uploads\/2021\/04\/wedressfairimage.png\",\"width\":511,\"height\":509},{\"@type\":\"WebSite\",\"@id\":\"https:\/\/lyonbondyblog.fr\/LBB\/#website\",\"url\":\"https:\/\/lyonbondyblog.fr\/LBB\/\",\"name\":\"Lyon Bondy Blog\",\"description\":\"\",\"publisher\":{\"@id\":\"https:\/\/lyonbondyblog.fr\/LBB\/#organization\"},\"potentialAction\":[{\"@type\":\"SearchAction\",\"target\":{\"@type\":\"EntryPoint\",\"urlTemplate\":\"https:\/\/lyonbondyblog.fr\/LBB\/?s={search_term_string}\"},\"query-input\":\"required name=search_term_string\"}],\"inLanguage\":\"fr-FR\"},{\"@type\":\"Organization\",\"@id\":\"https:\/\/lyonbondyblog.fr\/LBB\/#organization\",\"name\":\"LYON BONDY BLOG\",\"url\":\"https:\/\/lyonbondyblog.fr\/LBB\/\",\"logo\":{\"@type\":\"ImageObject\",\"inLanguage\":\"fr-FR\",\"@id\":\"https:\/\/lyonbondyblog.fr\/LBB\/#\/schema\/logo\/image\/\",\"url\":\"http:\/\/lyonbondyblog.fr\/LBB\/wp-content\/uploads\/2014\/10\/logo-portable-144.png\",\"contentUrl\":\"http:\/\/lyonbondyblog.fr\/LBB\/wp-content\/uploads\/2014\/10\/logo-portable-144.png\",\"width\":144,\"height\":123,\"caption\":\"LYON BONDY BLOG\"},\"image\":{\"@id\":\"https:\/\/lyonbondyblog.fr\/LBB\/#\/schema\/logo\/image\/\"},\"sameAs\":[\"https:\/\/www.facebook.com\/lyonbondyblog\",\"https:\/\/x.com\/bondybloglyon\"]},{\"@type\":\"Person\",\"@id\":\"https:\/\/lyonbondyblog.fr\/LBB\/#\/schema\/person\/3f5335e7f858766f4ed6876c707e54c5\",\"name\":\"Nicolas Delattre\",\"url\":\"https:\/\/lyonbondyblog.fr\/LBB\/author\/nicolas-delattre\/\"}]}<\/script>\n<!-- \/ Yoast SEO plugin. -->","yoast_head_json":{"title":"WeDressFair : Quand la mode, le vert et le social s\u2019associent - Lyon Bondy Blog","description":"WeDressFair lance une nouvelle campagne de sensibilisation : \u00ab Il y a des questions qui changent le monde \u00bb. Explications.","robots":{"index":"index","follow":"follow","max-snippet":"max-snippet:-1","max-image-preview":"max-image-preview:large","max-video-preview":"max-video-preview:-1"},"canonical":"https:\/\/lyonbondyblog.fr\/LBB\/wedressfair-quand-la-mode-le-vert-et-le-social-sassocient\/","og_locale":"fr_FR","og_type":"article","og_title":"WeDressFair : Quand la mode, le vert et le social s\u2019associent - Lyon Bondy Blog","og_description":"WeDressFair lance une nouvelle campagne de sensibilisation : \u00ab Il y a des questions qui changent le monde \u00bb. Explications.","og_url":"https:\/\/lyonbondyblog.fr\/LBB\/wedressfair-quand-la-mode-le-vert-et-le-social-sassocient\/","og_site_name":"Lyon Bondy Blog","article_publisher":"https:\/\/www.facebook.com\/lyonbondyblog","article_published_time":"2021-04-23T15:04:33+00:00","article_modified_time":"2021-04-23T15:04:35+00:00","og_image":[{"width":511,"height":509,"url":"https:\/\/lyonbondyblog.fr\/LBB\/wp-content\/uploads\/2021\/04\/wedressfairimage.png","type":"image\/png"}],"author":"Nicolas Delattre","twitter_card":"summary_large_image","twitter_creator":"@bondybloglyon","twitter_site":"@bondybloglyon","schema":{"@context":"https:\/\/schema.org","@graph":[{"@type":"Article","@id":"https:\/\/lyonbondyblog.fr\/LBB\/wedressfair-quand-la-mode-le-vert-et-le-social-sassocient\/#article","isPartOf":{"@id":"https:\/\/lyonbondyblog.fr\/LBB\/wedressfair-quand-la-mode-le-vert-et-le-social-sassocient\/"},"author":{"name":"Nicolas Delattre","@id":"https:\/\/lyonbondyblog.fr\/LBB\/#\/schema\/person\/3f5335e7f858766f4ed6876c707e54c5"},"headline":"WeDressFair : Quand la mode, le vert et le social s\u2019associent","datePublished":"2021-04-23T15:04:33+00:00","dateModified":"2021-04-23T15:04:35+00:00","mainEntityOfPage":{"@id":"https:\/\/lyonbondyblog.fr\/LBB\/wedressfair-quand-la-mode-le-vert-et-le-social-sassocient\/"},"wordCount":433,"commentCount":0,"publisher":{"@id":"https:\/\/lyonbondyblog.fr\/LBB\/#organization"},"image":{"@id":"https:\/\/lyonbondyblog.fr\/LBB\/wedressfair-quand-la-mode-le-vert-et-le-social-sassocient\/#primaryimage"},"thumbnailUrl":"https:\/\/lyonbondyblog.fr\/LBB\/wp-content\/uploads\/2021\/04\/wedressfairimage.png","articleSection":["\u00c9cologie","Ev\u00e9nement","Industrie","Lyon","Soci\u00e9t\u00e9"],"inLanguage":"fr-FR","potentialAction":[{"@type":"CommentAction","name":"Comment","target":["https:\/\/lyonbondyblog.fr\/LBB\/wedressfair-quand-la-mode-le-vert-et-le-social-sassocient\/#respond"]}]},{"@type":"WebPage","@id":"https:\/\/lyonbondyblog.fr\/LBB\/wedressfair-quand-la-mode-le-vert-et-le-social-sassocient\/","url":"https:\/\/lyonbondyblog.fr\/LBB\/wedressfair-quand-la-mode-le-vert-et-le-social-sassocient\/","name":"WeDressFair : Quand la mode, le vert et le social s\u2019associent - Lyon Bondy Blog","isPartOf":{"@id":"https:\/\/lyonbondyblog.fr\/LBB\/#website"},"primaryImageOfPage":{"@id":"https:\/\/lyonbondyblog.fr\/LBB\/wedressfair-quand-la-mode-le-vert-et-le-social-sassocient\/#primaryimage"},"image":{"@id":"https:\/\/lyonbondyblog.fr\/LBB\/wedressfair-quand-la-mode-le-vert-et-le-social-sassocient\/#primaryimage"},"thumbnailUrl":"https:\/\/lyonbondyblog.fr\/LBB\/wp-content\/uploads\/2021\/04\/wedressfairimage.png","datePublished":"2021-04-23T15:04:33+00:00","dateModified":"2021-04-23T15:04:35+00:00","description":"WeDressFair lance une nouvelle campagne de sensibilisation : \u00ab Il y a des questions qui changent le monde \u00bb. Explications.","inLanguage":"fr-FR","potentialAction":[{"@type":"ReadAction","target":["https:\/\/lyonbondyblog.fr\/LBB\/wedressfair-quand-la-mode-le-vert-et-le-social-sassocient\/"]}]},{"@type":"ImageObject","inLanguage":"fr-FR","@id":"https:\/\/lyonbondyblog.fr\/LBB\/wedressfair-quand-la-mode-le-vert-et-le-social-sassocient\/#primaryimage","url":"https:\/\/lyonbondyblog.fr\/LBB\/wp-content\/uploads\/2021\/04\/wedressfairimage.png","contentUrl":"https:\/\/lyonbondyblog.fr\/LBB\/wp-content\/uploads\/2021\/04\/wedressfairimage.png","width":511,"height":509},{"@type":"WebSite","@id":"https:\/\/lyonbondyblog.fr\/LBB\/#website","url":"https:\/\/lyonbondyblog.fr\/LBB\/","name":"Lyon Bondy Blog","description":"","publisher":{"@id":"https:\/\/lyonbondyblog.fr\/LBB\/#organization"},"potentialAction":[{"@type":"SearchAction","target":{"@type":"EntryPoint","urlTemplate":"https:\/\/lyonbondyblog.fr\/LBB\/?s={search_term_string}"},"query-input":"required name=search_term_string"}],"inLanguage":"fr-FR"},{"@type":"Organization","@id":"https:\/\/lyonbondyblog.fr\/LBB\/#organization","name":"LYON BONDY BLOG","url":"https:\/\/lyonbondyblog.fr\/LBB\/","logo":{"@type":"ImageObject","inLanguage":"fr-FR","@id":"https:\/\/lyonbondyblog.fr\/LBB\/#\/schema\/logo\/image\/","url":"http:\/\/lyonbondyblog.fr\/LBB\/wp-content\/uploads\/2014\/10\/logo-portable-144.png","contentUrl":"http:\/\/lyonbondyblog.fr\/LBB\/wp-content\/uploads\/2014\/10\/logo-portable-144.png","width":144,"height":123,"caption":"LYON BONDY BLOG"},"image":{"@id":"https:\/\/lyonbondyblog.fr\/LBB\/#\/schema\/logo\/image\/"},"sameAs":["https:\/\/www.facebook.com\/lyonbondyblog","https:\/\/x.com\/bondybloglyon"]},{"@type":"Person","@id":"https:\/\/lyonbondyblog.fr\/LBB\/#\/schema\/person\/3f5335e7f858766f4ed6876c707e54c5","name":"Nicolas Delattre","url":"https:\/\/lyonbondyblog.fr\/LBB\/author\/nicolas-delattre\/"}]}},"_links":{"self":[{"href":"https:\/\/lyonbondyblog.fr\/LBB\/wp-json\/wp\/v2\/posts\/22600","targetHints":{"allow":["GET"]}}],"collection":[{"href":"https:\/\/lyonbondyblog.fr\/LBB\/wp-json\/wp\/v2\/posts"}],"about":[{"href":"https:\/\/lyonbondyblog.fr\/LBB\/wp-json\/wp\/v2\/types\/post"}],"author":[{"embeddable":true,"href":"https:\/\/lyonbondyblog.fr\/LBB\/wp-json\/wp\/v2\/users\/14288"}],"replies":[{"embeddable":true,"href":"https:\/\/lyonbondyblog.fr\/LBB\/wp-json\/wp\/v2\/comments?post=22600"}],"version-history":[{"count":5,"href":"https:\/\/lyonbondyblog.fr\/LBB\/wp-json\/wp\/v2\/posts\/22600\/revisions"}],"predecessor-version":[{"id":22607,"href":"https:\/\/lyonbondyblog.fr\/LBB\/wp-json\/wp\/v2\/posts\/22600\/revisions\/22607"}],"wp:featuredmedia":[{"embeddable":true,"href":"https:\/\/lyonbondyblog.fr\/LBB\/wp-json\/wp\/v2\/media\/22603"}],"wp:attachment":[{"href":"https:\/\/lyonbondyblog.fr\/LBB\/wp-json\/wp\/v2\/media?parent=22600"}],"wp:term":[{"taxonomy":"category","embeddable":true,"href":"https:\/\/lyonbondyblog.fr\/LBB\/wp-json\/wp\/v2\/categories?post=22600"},{"taxonomy":"post_tag","embeddable":true,"href":"https:\/\/lyonbondyblog.fr\/LBB\/wp-json\/wp\/v2\/tags?post=22600"}],"curies":[{"name":"wp","href":"https:\/\/api.w.org\/{rel}","templated":true}]}}