{"id":22516,"date":"2021-04-19T17:03:24","date_gmt":"2021-04-19T15:03:24","guid":{"rendered":"http:\/\/lyonbondyblog.fr\/LBB\/?p=22516"},"modified":"2021-11-02T11:33:02","modified_gmt":"2021-11-02T10:33:02","slug":"feyzin-espere-feter-leurope","status":"publish","type":"post","link":"https:\/\/lyonbondyblog.fr\/LBB\/feyzin-espere-feter-leurope\/","title":{"rendered":"Feyzin esp\u00e8re f\u00eater l\u2019Europe"},"content":{"rendered":"\n<figure class=\"wp-block-image size-large\"><img loading=\"lazy\" decoding=\"async\" width=\"1240\" height=\"1754\" src=\"https:\/\/lyonbondyblog.fr\/LBB\/wp-content\/uploads\/2021\/04\/affiche-FE-9-mai-11.jpg\" alt=\"\" class=\"wp-image-22528\" srcset=\"https:\/\/lyonbondyblog.fr\/LBB\/wp-content\/uploads\/2021\/04\/affiche-FE-9-mai-11.jpg 1240w, https:\/\/lyonbondyblog.fr\/LBB\/wp-content\/uploads\/2021\/04\/affiche-FE-9-mai-11-848x1200.jpg 848w, https:\/\/lyonbondyblog.fr\/LBB\/wp-content\/uploads\/2021\/04\/affiche-FE-9-mai-11-768x1086.jpg 768w, https:\/\/lyonbondyblog.fr\/LBB\/wp-content\/uploads\/2021\/04\/affiche-FE-9-mai-11-1086x1536.jpg 1086w\" sizes=\"auto, (max-width: 1240px) 100vw, 1240px\" \/><figcaption>L&rsquo;affiche de la f\u00eate de l&rsquo;Europe de 2021 r\u00e9sume les moments forts pr\u00e9vus le 9 mai \u00e0 Feyzin.<\/figcaption><\/figure>\n\n\n\n<h4 class=\"wp-block-heading\">Cette ann\u00e9e, Feyzin accueille la 37<sup>\u00e8me<\/sup> \u00e9dition de la f\u00eate de l\u2019Europe pour la paix le 9 mai 2021, sous r\u00e9serve des mesures sanitaires \u00e0 venir (report aux Journ\u00e9es Europ\u00e9ennes du Patrimoine si n\u00e9cessaire). L\u2019occasion de f\u00eater l\u2019anniversaire des 70 ans du trait\u00e9 de la Communaut\u00e9 europ\u00e9enne du charbon et de l&rsquo;acier (CECA), des 55 ans de la catastrophe de Feyzin mais aussi de rendre hommage \u00e0 Ninon Vallin, une artiste lyrique n\u00e9e dans la r\u00e9gion, 60 ans apr\u00e8s son d\u00e9c\u00e8s.<\/h4>\n\n\n\n<p>Pour cette \u00e9ni\u00e8me saison, l\u2019association \u00ab&nbsp;Feyzin Europe&nbsp;\u00bb et l\u2019Association Europ\u00e9enne de l\u2019\u00c9ducation (AEDE) ont pr\u00e9vu d&rsquo;organiser plusieurs animations citoyennes le 9 mai. Rendez-vous tout d\u2019abord au Parc de l\u2019Europe \u00e0 10h45 pr\u00e8s de la st\u00e8le de Jean Monnet, pour honorer en silence la m\u00e9moire de militants disparus, avant d\u2019entendre raisonner les hymnes portugais et europ\u00e9ens. Le Consul g\u00e9n\u00e9ral du Portugal, Luis Brito C\u00e2mara, sera pr\u00e9sent pour f\u00eater les 35 ans de jumelage avec la ville portugaise Gondomar. Quant \u00e0 l\u2019association \u00ab&nbsp;Feyzin Europe&nbsp;\u00bb, elle en profitera pour remettre le 26<sup>\u00e8me<\/sup> \u00ab Prix du Citoyen europ\u00e9en Georges Saunier \u00bb \u00e0 trois personnes. Georges Saunier \u00e9tait un Feyzinois et \u00e9galement la premi\u00e8re personne \u00e0 s\u2019int\u00e9resser au rapport entre Feyzin et \u00e0 l\u2019Europe. Marie-France Mailhos, pr\u00e9sidente de l\u2019Association Europ\u00e9enne de l\u2019\u00c9ducation France sera d\u00e9cor\u00e9e de ce prix, ainsi que Danielle Coste, pr\u00e9sidente de la F\u00e9d\u00e9ration du Patrimoine de l\u2019Est Lyonnais. Quant \u00e0 Andr\u00e9 Bouriez, militant associatif d\u00e9c\u00e9d\u00e9, c\u2019est \u00e0 sa fille que la r\u00e9compense sera remise.<\/p>\n\n\n\n<p>Puis \u00e0 11h45, \u00ab&nbsp;Feyzin Europe&nbsp;\u00bb remettra un autre prix sur la promenade Robert Schuman, celui de la \u00ab&nbsp;Paix Barth\u00e9lemy Boganda&nbsp;\u00bb, \u00e0 l\u2019artisan de paix Jacques Lyant. Barth\u00e9lemy Boganda \u00e9tait le pr\u00e9sident fondateur de la R\u00e9publique centrafricaine, dont le fils Bertrand et la belle-fille H\u00e9l\u00e8ne v\u00e9curent trois ans \u00e0 Feyzin et milit\u00e8rent avec les associations feyzinoises. Enfin, l\u2019hymne de la Marseillaise et une intervention du maire feyzinois (ou de son repr\u00e9sentant) viendront cl\u00f4turer le matin.<\/p>\n\n\n\n<figure class=\"wp-block-image size-large is-resized\"><img loading=\"lazy\" decoding=\"async\" src=\"https:\/\/lyonbondyblog.fr\/LBB\/wp-content\/uploads\/2021\/04\/20200919_113919-1920x1080.jpg\" alt=\"\" class=\"wp-image-22529\" width=\"840\" height=\"472\" srcset=\"https:\/\/lyonbondyblog.fr\/LBB\/wp-content\/uploads\/2021\/04\/20200919_113919-1920x1080.jpg 1920w, https:\/\/lyonbondyblog.fr\/LBB\/wp-content\/uploads\/2021\/04\/20200919_113919-1200x675.jpg 1200w, https:\/\/lyonbondyblog.fr\/LBB\/wp-content\/uploads\/2021\/04\/20200919_113919-768x432.jpg 768w, https:\/\/lyonbondyblog.fr\/LBB\/wp-content\/uploads\/2021\/04\/20200919_113919-1536x864.jpg 1536w, https:\/\/lyonbondyblog.fr\/LBB\/wp-content\/uploads\/2021\/04\/20200919_113919-2048x1152.jpg 2048w, https:\/\/lyonbondyblog.fr\/LBB\/wp-content\/uploads\/2021\/04\/20200919_113919-750x420.jpg 750w, https:\/\/lyonbondyblog.fr\/LBB\/wp-content\/uploads\/2021\/04\/20200919_113919-1140x641.jpg 1140w\" sizes=\"auto, (max-width: 840px) 100vw, 840px\" \/><figcaption>La f\u00eate de l&rsquo;Europe de 2020 avec (de gauche \u00e0 droite) Marie-Claire Jasarevic,&nbsp;doctorante et chercheuse \u00e0 l&rsquo;Universit\u00e9 Lyon 2, Erick Roux de B\u00e9zieux, Consul de Croatie&nbsp;\u00e0 Lyon et Val\u00e9rie Thatcher Nantois, cr\u00e9atrice de l&rsquo;initiative \u00ab Une marche pour l&rsquo;Europe: 750 kilom\u00e8tres de Lyon \u00e0 Bruxelles \u00bb. <br><\/figcaption><\/figure>\n\n\n\n<h4 class=\"wp-block-heading\">L\u2019Europe au centre de l\u2019attention<\/h4>\n\n\n\n<p>Si les personnalit\u00e9s marquantes de Feyzin sont \u00e0 l\u2019honneur le matin, l\u2019apr\u00e8s-midi sera d\u00e9di\u00e9 \u00e0 la question de l\u2019Europe. Une table ronde sera organis\u00e9e pour proposer un d\u00e9bat associatif et citoyen, et non politique, sur tous les aspects europ\u00e9ens. Elle d\u00e9butera par une conf\u00e9rence, anim\u00e9e par diff\u00e9rents intervenants. Le sujet principal sera l\u2019avenir de l\u2019UE. Daniel Hulas, pr\u00e9sident de l\u2019association \u00ab&nbsp;Feyzin Europe&nbsp;\u00bb et responsable de l\u2019antenne r\u00e9gionale de l\u2019Association Europ\u00e9enne de l\u2019\u00c9ducation, a longtemps anim\u00e9 la conf\u00e9rence. Cette ann\u00e9e, il passe la main \u00e0 d\u2019autres militants.<\/p>\n\n\n\n<h5 class=\"wp-block-heading\">Comment va \u00eatre articul\u00e9e la table ronde&nbsp;?<\/h5>\n\n\n\n<p>La table ronde va durer environ deux heures. Elle sera dirig\u00e9e par l\u2019un d\u2019entre nous, un militant. Il r\u00e9partira le temps de parole entre les diff\u00e9rents intervenants. Puis, ce temps sera suivi d\u2019un d\u00e9bat de 45 minutes, pour que le public puisse prendre la parole afin de poser des questions ou de donner son point de vue.<\/p>\n\n\n\n<h5 class=\"wp-block-heading\">Quels seront les intervenants&nbsp;?<\/h5>\n\n\n\n<p>Les intervenants seront uniquement des militants associatifs. Ils font partie de l\u2019Association Europ\u00e9enne de l\u2019\u00c9ducation, du Mouvement europ\u00e9en Lyon, de la branche fran\u00e7aise de l\u2019ICAN (Campagne Internationale pour abolir les armes nucl\u00e9aires) et \u00e9galement de la Ligue des droits de l\u2019Homme. Il n\u2019y aura aucun \u00e9lu ou d\u00e9put\u00e9.<\/p>\n\n\n\n<h5 class=\"wp-block-heading\">Quels th\u00e8mes seront abord\u00e9s ?<\/h5>\n\n\n\n<p>En fonction des intervenants, les sujets vont varier. On parlera des d\u00e9fis de l&rsquo;Europe au niveau des questions s\u00e9curitaires\/nucl\u00e9aires, de la libert\u00e9 de la presse dans le monde, des trait\u00e9s internationaux que passe l\u2019Union Europ\u00e9enne, afin de voir la couverture des droits de l\u2019homme. Les militants parleront aussi de l\u2019autonomie de l\u2019Europe et se poseront la question de la souverainet\u00e9 europ\u00e9enne. Notamment, \u00e0 travers ses d\u00e9cisions. On a pu voir, avec les vaccins, que beaucoup de domaines rel\u00e8vent encore de comp\u00e9tences nationales. L\u2019Union Europ\u00e9enne a souvent du mal \u00e0 coordonner les politiques nationales. Donc on parlera \u00e9videmment de la pand\u00e9mie.<\/p>\n\n\n\n<h5 class=\"wp-block-heading\">Pourquoi mettre en avant le sujet de l\u2019avenir de l\u2019UE&nbsp;?<\/h5>\n\n\n\n<p>En principe, le 9 mai 2021 devrait commencer, sous pr\u00e9sidence portugaise, un grand d\u00e9bat qui va durer deux ans \u00e0 Strasbourg ou \u00e0 Bruxelles. Il s\u2019appelle \u00ab&nbsp;Conf\u00e9rence sur l\u2019avenir de l\u2019Union Europ\u00e9enne&nbsp;\u00bb. L\u2019objectif est d\u2019arriver aux \u00e9lections europ\u00e9ennes avec des propositions de r\u00e9formes pour l\u2019UE, pour qu\u2019elle soit plus efficace dans ses affaires internes. On a donc saisi cette occasion pour en faire notre th\u00e8me local.<\/p>\n\n\n\n<p>In\u00e8s Pallot<\/p>\n<!-- AddThis Advanced Settings generic via filter on the_content --><!-- AddThis Share Buttons generic via filter on the_content -->","protected":false},"excerpt":{"rendered":"<p>Cette ann\u00e9e, Feyzin accueille la 37\u00e8me \u00e9dition de la f\u00eate de l\u2019Europe pour la paix le 9 mai 2021, sous r\u00e9serve des mesures sanitaires \u00e0 &hellip; <!-- AddThis Advanced Settings generic via filter on wp_trim_excerpt --><!-- AddThis Share Buttons generic via filter on wp_trim_excerpt --><\/p>\n","protected":false},"author":31860,"featured_media":22528,"comment_status":"open","ping_status":"open","sticky":false,"template":"","format":"standard","meta":{"_FSMCFIC_featured_image_caption":"","_FSMCFIC_featured_image_nocaption":"","_FSMCFIC_featured_image_hide":"","footnotes":""},"categories":[6443],"tags":[],"class_list":["post-22516","post","type-post","status-publish","format-standard","has-post-thumbnail","hentry","category-association"],"yoast_head":"<!-- This site is optimized with the Yoast SEO plugin v22.8 - https:\/\/yoast.com\/wordpress\/plugins\/seo\/ -->\n<title>Feyzin esp\u00e8re f\u00eater l\u2019Europe - Lyon Bondy Blog<\/title>\n<meta name=\"description\" content=\"Cette ann\u00e9e, Feyzin accueille la 37\u00e8me \u00e9dition de la f\u00eate de l\u2019Europe pour la paix le 9 mai 2021, sous r\u00e9serve des mesures sanitaires \u00e0 venir\" \/>\n<meta name=\"robots\" content=\"index, follow, max-snippet:-1, max-image-preview:large, max-video-preview:-1\" \/>\n<link rel=\"canonical\" href=\"https:\/\/lyonbondyblog.fr\/LBB\/feyzin-espere-feter-leurope\/\" \/>\n<meta property=\"og:locale\" content=\"fr_FR\" \/>\n<meta property=\"og:type\" content=\"article\" \/>\n<meta property=\"og:title\" content=\"Feyzin esp\u00e8re f\u00eater l\u2019Europe - Lyon Bondy Blog\" \/>\n<meta property=\"og:description\" content=\"Cette ann\u00e9e, Feyzin accueille la 37\u00e8me \u00e9dition de la f\u00eate de l\u2019Europe pour la paix le 9 mai 2021, sous r\u00e9serve des mesures sanitaires \u00e0 venir\" \/>\n<meta property=\"og:url\" content=\"https:\/\/lyonbondyblog.fr\/LBB\/feyzin-espere-feter-leurope\/\" \/>\n<meta property=\"og:site_name\" content=\"Lyon Bondy Blog\" \/>\n<meta property=\"article:publisher\" content=\"https:\/\/www.facebook.com\/lyonbondyblog\" \/>\n<meta property=\"article:published_time\" content=\"2021-04-19T15:03:24+00:00\" \/>\n<meta property=\"article:modified_time\" content=\"2021-11-02T10:33:02+00:00\" \/>\n<meta property=\"og:image\" content=\"https:\/\/lyonbondyblog.fr\/LBB\/wp-content\/uploads\/2021\/04\/affiche-FE-9-mai-11.jpg\" \/>\n\t<meta property=\"og:image:width\" content=\"1240\" \/>\n\t<meta property=\"og:image:height\" content=\"1754\" \/>\n\t<meta property=\"og:image:type\" content=\"image\/jpeg\" \/>\n<meta name=\"author\" content=\"In\u00e8s Pallot\" \/>\n<meta name=\"twitter:card\" content=\"summary_large_image\" \/>\n<meta name=\"twitter:creator\" content=\"@bondybloglyon\" \/>\n<meta name=\"twitter:site\" content=\"@bondybloglyon\" \/>\n<script type=\"application\/ld+json\" class=\"yoast-schema-graph\">{\"@context\":\"https:\/\/schema.org\",\"@graph\":[{\"@type\":\"Article\",\"@id\":\"https:\/\/lyonbondyblog.fr\/LBB\/feyzin-espere-feter-leurope\/#article\",\"isPartOf\":{\"@id\":\"https:\/\/lyonbondyblog.fr\/LBB\/feyzin-espere-feter-leurope\/\"},\"author\":{\"name\":\"In\u00e8s Pallot\",\"@id\":\"https:\/\/lyonbondyblog.fr\/LBB\/#\/schema\/person\/9f49d5a620b7ff0b22195422b4ef0cc4\"},\"headline\":\"Feyzin esp\u00e8re f\u00eater l\u2019Europe\",\"datePublished\":\"2021-04-19T15:03:24+00:00\",\"dateModified\":\"2021-11-02T10:33:02+00:00\",\"mainEntityOfPage\":{\"@id\":\"https:\/\/lyonbondyblog.fr\/LBB\/feyzin-espere-feter-leurope\/\"},\"wordCount\":908,\"commentCount\":0,\"publisher\":{\"@id\":\"https:\/\/lyonbondyblog.fr\/LBB\/#organization\"},\"image\":{\"@id\":\"https:\/\/lyonbondyblog.fr\/LBB\/feyzin-espere-feter-leurope\/#primaryimage\"},\"thumbnailUrl\":\"https:\/\/lyonbondyblog.fr\/LBB\/wp-content\/uploads\/2021\/04\/affiche-FE-9-mai-11.jpg\",\"articleSection\":[\"Association\"],\"inLanguage\":\"fr-FR\",\"potentialAction\":[{\"@type\":\"CommentAction\",\"name\":\"Comment\",\"target\":[\"https:\/\/lyonbondyblog.fr\/LBB\/feyzin-espere-feter-leurope\/#respond\"]}]},{\"@type\":\"WebPage\",\"@id\":\"https:\/\/lyonbondyblog.fr\/LBB\/feyzin-espere-feter-leurope\/\",\"url\":\"https:\/\/lyonbondyblog.fr\/LBB\/feyzin-espere-feter-leurope\/\",\"name\":\"Feyzin esp\u00e8re f\u00eater l\u2019Europe - Lyon Bondy Blog\",\"isPartOf\":{\"@id\":\"https:\/\/lyonbondyblog.fr\/LBB\/#website\"},\"primaryImageOfPage\":{\"@id\":\"https:\/\/lyonbondyblog.fr\/LBB\/feyzin-espere-feter-leurope\/#primaryimage\"},\"image\":{\"@id\":\"https:\/\/lyonbondyblog.fr\/LBB\/feyzin-espere-feter-leurope\/#primaryimage\"},\"thumbnailUrl\":\"https:\/\/lyonbondyblog.fr\/LBB\/wp-content\/uploads\/2021\/04\/affiche-FE-9-mai-11.jpg\",\"datePublished\":\"2021-04-19T15:03:24+00:00\",\"dateModified\":\"2021-11-02T10:33:02+00:00\",\"description\":\"Cette ann\u00e9e, Feyzin accueille la 37\u00e8me \u00e9dition de la f\u00eate de l\u2019Europe pour la paix le 9 mai 2021, sous r\u00e9serve des mesures sanitaires \u00e0 venir\",\"inLanguage\":\"fr-FR\",\"potentialAction\":[{\"@type\":\"ReadAction\",\"target\":[\"https:\/\/lyonbondyblog.fr\/LBB\/feyzin-espere-feter-leurope\/\"]}]},{\"@type\":\"ImageObject\",\"inLanguage\":\"fr-FR\",\"@id\":\"https:\/\/lyonbondyblog.fr\/LBB\/feyzin-espere-feter-leurope\/#primaryimage\",\"url\":\"https:\/\/lyonbondyblog.fr\/LBB\/wp-content\/uploads\/2021\/04\/affiche-FE-9-mai-11.jpg\",\"contentUrl\":\"https:\/\/lyonbondyblog.fr\/LBB\/wp-content\/uploads\/2021\/04\/affiche-FE-9-mai-11.jpg\",\"width\":1240,\"height\":1754},{\"@type\":\"WebSite\",\"@id\":\"https:\/\/lyonbondyblog.fr\/LBB\/#website\",\"url\":\"https:\/\/lyonbondyblog.fr\/LBB\/\",\"name\":\"Lyon Bondy Blog\",\"description\":\"\",\"publisher\":{\"@id\":\"https:\/\/lyonbondyblog.fr\/LBB\/#organization\"},\"potentialAction\":[{\"@type\":\"SearchAction\",\"target\":{\"@type\":\"EntryPoint\",\"urlTemplate\":\"https:\/\/lyonbondyblog.fr\/LBB\/?s={search_term_string}\"},\"query-input\":\"required name=search_term_string\"}],\"inLanguage\":\"fr-FR\"},{\"@type\":\"Organization\",\"@id\":\"https:\/\/lyonbondyblog.fr\/LBB\/#organization\",\"name\":\"LYON BONDY BLOG\",\"url\":\"https:\/\/lyonbondyblog.fr\/LBB\/\",\"logo\":{\"@type\":\"ImageObject\",\"inLanguage\":\"fr-FR\",\"@id\":\"https:\/\/lyonbondyblog.fr\/LBB\/#\/schema\/logo\/image\/\",\"url\":\"http:\/\/lyonbondyblog.fr\/LBB\/wp-content\/uploads\/2014\/10\/logo-portable-144.png\",\"contentUrl\":\"http:\/\/lyonbondyblog.fr\/LBB\/wp-content\/uploads\/2014\/10\/logo-portable-144.png\",\"width\":144,\"height\":123,\"caption\":\"LYON BONDY BLOG\"},\"image\":{\"@id\":\"https:\/\/lyonbondyblog.fr\/LBB\/#\/schema\/logo\/image\/\"},\"sameAs\":[\"https:\/\/www.facebook.com\/lyonbondyblog\",\"https:\/\/x.com\/bondybloglyon\"]},{\"@type\":\"Person\",\"@id\":\"https:\/\/lyonbondyblog.fr\/LBB\/#\/schema\/person\/9f49d5a620b7ff0b22195422b4ef0cc4\",\"name\":\"In\u00e8s Pallot\",\"url\":\"https:\/\/lyonbondyblog.fr\/LBB\/author\/inesp\/\"}]}<\/script>\n<!-- \/ Yoast SEO plugin. -->","yoast_head_json":{"title":"Feyzin esp\u00e8re f\u00eater l\u2019Europe - Lyon Bondy Blog","description":"Cette ann\u00e9e, Feyzin accueille la 37\u00e8me \u00e9dition de la f\u00eate de l\u2019Europe pour la paix le 9 mai 2021, sous r\u00e9serve des mesures sanitaires \u00e0 venir","robots":{"index":"index","follow":"follow","max-snippet":"max-snippet:-1","max-image-preview":"max-image-preview:large","max-video-preview":"max-video-preview:-1"},"canonical":"https:\/\/lyonbondyblog.fr\/LBB\/feyzin-espere-feter-leurope\/","og_locale":"fr_FR","og_type":"article","og_title":"Feyzin esp\u00e8re f\u00eater l\u2019Europe - Lyon Bondy Blog","og_description":"Cette ann\u00e9e, Feyzin accueille la 37\u00e8me \u00e9dition de la f\u00eate de l\u2019Europe pour la paix le 9 mai 2021, sous r\u00e9serve des mesures sanitaires \u00e0 venir","og_url":"https:\/\/lyonbondyblog.fr\/LBB\/feyzin-espere-feter-leurope\/","og_site_name":"Lyon Bondy Blog","article_publisher":"https:\/\/www.facebook.com\/lyonbondyblog","article_published_time":"2021-04-19T15:03:24+00:00","article_modified_time":"2021-11-02T10:33:02+00:00","og_image":[{"width":1240,"height":1754,"url":"https:\/\/lyonbondyblog.fr\/LBB\/wp-content\/uploads\/2021\/04\/affiche-FE-9-mai-11.jpg","type":"image\/jpeg"}],"author":"In\u00e8s Pallot","twitter_card":"summary_large_image","twitter_creator":"@bondybloglyon","twitter_site":"@bondybloglyon","schema":{"@context":"https:\/\/schema.org","@graph":[{"@type":"Article","@id":"https:\/\/lyonbondyblog.fr\/LBB\/feyzin-espere-feter-leurope\/#article","isPartOf":{"@id":"https:\/\/lyonbondyblog.fr\/LBB\/feyzin-espere-feter-leurope\/"},"author":{"name":"In\u00e8s Pallot","@id":"https:\/\/lyonbondyblog.fr\/LBB\/#\/schema\/person\/9f49d5a620b7ff0b22195422b4ef0cc4"},"headline":"Feyzin esp\u00e8re f\u00eater l\u2019Europe","datePublished":"2021-04-19T15:03:24+00:00","dateModified":"2021-11-02T10:33:02+00:00","mainEntityOfPage":{"@id":"https:\/\/lyonbondyblog.fr\/LBB\/feyzin-espere-feter-leurope\/"},"wordCount":908,"commentCount":0,"publisher":{"@id":"https:\/\/lyonbondyblog.fr\/LBB\/#organization"},"image":{"@id":"https:\/\/lyonbondyblog.fr\/LBB\/feyzin-espere-feter-leurope\/#primaryimage"},"thumbnailUrl":"https:\/\/lyonbondyblog.fr\/LBB\/wp-content\/uploads\/2021\/04\/affiche-FE-9-mai-11.jpg","articleSection":["Association"],"inLanguage":"fr-FR","potentialAction":[{"@type":"CommentAction","name":"Comment","target":["https:\/\/lyonbondyblog.fr\/LBB\/feyzin-espere-feter-leurope\/#respond"]}]},{"@type":"WebPage","@id":"https:\/\/lyonbondyblog.fr\/LBB\/feyzin-espere-feter-leurope\/","url":"https:\/\/lyonbondyblog.fr\/LBB\/feyzin-espere-feter-leurope\/","name":"Feyzin esp\u00e8re f\u00eater l\u2019Europe - Lyon Bondy Blog","isPartOf":{"@id":"https:\/\/lyonbondyblog.fr\/LBB\/#website"},"primaryImageOfPage":{"@id":"https:\/\/lyonbondyblog.fr\/LBB\/feyzin-espere-feter-leurope\/#primaryimage"},"image":{"@id":"https:\/\/lyonbondyblog.fr\/LBB\/feyzin-espere-feter-leurope\/#primaryimage"},"thumbnailUrl":"https:\/\/lyonbondyblog.fr\/LBB\/wp-content\/uploads\/2021\/04\/affiche-FE-9-mai-11.jpg","datePublished":"2021-04-19T15:03:24+00:00","dateModified":"2021-11-02T10:33:02+00:00","description":"Cette ann\u00e9e, Feyzin accueille la 37\u00e8me \u00e9dition de la f\u00eate de l\u2019Europe pour la paix le 9 mai 2021, sous r\u00e9serve des mesures sanitaires \u00e0 venir","inLanguage":"fr-FR","potentialAction":[{"@type":"ReadAction","target":["https:\/\/lyonbondyblog.fr\/LBB\/feyzin-espere-feter-leurope\/"]}]},{"@type":"ImageObject","inLanguage":"fr-FR","@id":"https:\/\/lyonbondyblog.fr\/LBB\/feyzin-espere-feter-leurope\/#primaryimage","url":"https:\/\/lyonbondyblog.fr\/LBB\/wp-content\/uploads\/2021\/04\/affiche-FE-9-mai-11.jpg","contentUrl":"https:\/\/lyonbondyblog.fr\/LBB\/wp-content\/uploads\/2021\/04\/affiche-FE-9-mai-11.jpg","width":1240,"height":1754},{"@type":"WebSite","@id":"https:\/\/lyonbondyblog.fr\/LBB\/#website","url":"https:\/\/lyonbondyblog.fr\/LBB\/","name":"Lyon Bondy Blog","description":"","publisher":{"@id":"https:\/\/lyonbondyblog.fr\/LBB\/#organization"},"potentialAction":[{"@type":"SearchAction","target":{"@type":"EntryPoint","urlTemplate":"https:\/\/lyonbondyblog.fr\/LBB\/?s={search_term_string}"},"query-input":"required name=search_term_string"}],"inLanguage":"fr-FR"},{"@type":"Organization","@id":"https:\/\/lyonbondyblog.fr\/LBB\/#organization","name":"LYON BONDY BLOG","url":"https:\/\/lyonbondyblog.fr\/LBB\/","logo":{"@type":"ImageObject","inLanguage":"fr-FR","@id":"https:\/\/lyonbondyblog.fr\/LBB\/#\/schema\/logo\/image\/","url":"http:\/\/lyonbondyblog.fr\/LBB\/wp-content\/uploads\/2014\/10\/logo-portable-144.png","contentUrl":"http:\/\/lyonbondyblog.fr\/LBB\/wp-content\/uploads\/2014\/10\/logo-portable-144.png","width":144,"height":123,"caption":"LYON BONDY BLOG"},"image":{"@id":"https:\/\/lyonbondyblog.fr\/LBB\/#\/schema\/logo\/image\/"},"sameAs":["https:\/\/www.facebook.com\/lyonbondyblog","https:\/\/x.com\/bondybloglyon"]},{"@type":"Person","@id":"https:\/\/lyonbondyblog.fr\/LBB\/#\/schema\/person\/9f49d5a620b7ff0b22195422b4ef0cc4","name":"In\u00e8s Pallot","url":"https:\/\/lyonbondyblog.fr\/LBB\/author\/inesp\/"}]}},"_links":{"self":[{"href":"https:\/\/lyonbondyblog.fr\/LBB\/wp-json\/wp\/v2\/posts\/22516","targetHints":{"allow":["GET"]}}],"collection":[{"href":"https:\/\/lyonbondyblog.fr\/LBB\/wp-json\/wp\/v2\/posts"}],"about":[{"href":"https:\/\/lyonbondyblog.fr\/LBB\/wp-json\/wp\/v2\/types\/post"}],"author":[{"embeddable":true,"href":"https:\/\/lyonbondyblog.fr\/LBB\/wp-json\/wp\/v2\/users\/31860"}],"replies":[{"embeddable":true,"href":"https:\/\/lyonbondyblog.fr\/LBB\/wp-json\/wp\/v2\/comments?post=22516"}],"version-history":[{"count":24,"href":"https:\/\/lyonbondyblog.fr\/LBB\/wp-json\/wp\/v2\/posts\/22516\/revisions"}],"predecessor-version":[{"id":25268,"href":"https:\/\/lyonbondyblog.fr\/LBB\/wp-json\/wp\/v2\/posts\/22516\/revisions\/25268"}],"wp:featuredmedia":[{"embeddable":true,"href":"https:\/\/lyonbondyblog.fr\/LBB\/wp-json\/wp\/v2\/media\/22528"}],"wp:attachment":[{"href":"https:\/\/lyonbondyblog.fr\/LBB\/wp-json\/wp\/v2\/media?parent=22516"}],"wp:term":[{"taxonomy":"category","embeddable":true,"href":"https:\/\/lyonbondyblog.fr\/LBB\/wp-json\/wp\/v2\/categories?post=22516"},{"taxonomy":"post_tag","embeddable":true,"href":"https:\/\/lyonbondyblog.fr\/LBB\/wp-json\/wp\/v2\/tags?post=22516"}],"curies":[{"name":"wp","href":"https:\/\/api.w.org\/{rel}","templated":true}]}}