{"id":225,"date":"2013-05-15T14:36:54","date_gmt":"2013-05-15T12:36:54","guid":{"rendered":"http:\/\/lyonbondyblog.fr\/LBB\/?p=225"},"modified":"2013-07-25T14:02:30","modified_gmt":"2013-07-25T12:02:30","slug":"municipales-lyon-2014-nous-pouvons-changer-linacceptable-interview-de-myriam-pleynard","status":"publish","type":"post","link":"https:\/\/lyonbondyblog.fr\/LBB\/municipales-lyon-2014-nous-pouvons-changer-linacceptable-interview-de-myriam-pleynard\/","title":{"rendered":"\u00ab Nous pouvons changer l\u2019inacceptable\u00bb, Myriam Pleynard"},"content":{"rendered":"<div><strong>Nous inaugurons avec cette interview notre cycle d\u2019entretiens politiques \u00ab CLIC pour 2014 \u00bb. Nous avons pour ambition de suivre l\u2019int\u00e9gralit\u00e9 de la campagne municipale de 2014 dans les principales agglom\u00e9rations du Grand Lyon (Lyon, Villeurbanne, Bron, Oullins, Rillieux-la-Pape\u2026). Pour ce faire, nous souhaitons interviewer l\u2019ensemble des candidats \u00e0 travers des r\u00e9unions de presse regroupant les m\u00e9dias partenaires.<\/strong><\/div>\n<div><time datetime=\"2013-05-15\">\u00a0<\/time><\/div>\n<div>\n<p><a href=\"https:\/\/lyonbondyblog.fr\/LBB\/wp-content\/uploads\/2013\/05\/DSC06623.jpg\"><img loading=\"lazy\" decoding=\"async\" width=\"1024\" height=\"512\" class=\"aligncenter size-large wp-image-724\" alt=\"DSC06623\" src=\"https:\/\/lyonbondyblog.fr\/LBB\/wp-content\/uploads\/2013\/05\/DSC06623-1024x512.jpg\" srcset=\"https:\/\/lyonbondyblog.fr\/LBB\/wp-content\/uploads\/2013\/05\/DSC06623-1024x512.jpg 1024w, https:\/\/lyonbondyblog.fr\/LBB\/wp-content\/uploads\/2013\/05\/DSC06623-300x150.jpg 300w, https:\/\/lyonbondyblog.fr\/LBB\/wp-content\/uploads\/2013\/05\/DSC06623-730x365.jpg 730w, https:\/\/lyonbondyblog.fr\/LBB\/wp-content\/uploads\/2013\/05\/DSC06623-940x470.jpg 940w, https:\/\/lyonbondyblog.fr\/LBB\/wp-content\/uploads\/2013\/05\/DSC06623.jpg 1501w\" sizes=\"auto, (max-width: 1024px) 100vw, 1024px\" \/><\/a><\/p>\n<div><\/div>\n<\/div>\n<p><em>Nous travaillons en collaboration avec <a href=\"http:\/\/forumlyon.noomix.fr\/\">Le forum de Lyon<\/a>, <a href=\"http:\/\/trensistor.ens-lyon.fr\/%E2%80%8E\">TrENSistor<\/a>, <a href=\"http:\/\/www.free-landz.fr\/\">Free-Landz<\/a>, <a href=\"http:\/\/www.mankpadere.org\/\">Mankpadere<\/a>, <a href=\"http:\/\/www.mediascitoyens.org\">Mediascitoyens<\/a>, <a href=\"http:\/\/sens-public.org\/\">Sens Public<\/a> et <a href=\"http:\/\/www.radiopluriel.fr\/%E2%80%8E\">Radio Pluriel<\/a>.<br \/>\nNous exp\u00e9rimentons une nouvelle mani\u00e8re de travailler dans ce monde des m\u00e9dias en pleine restructuration. C\u2019est pourquoi nous d\u00e9veloppons et structurons un travail collaboratif innovant (\u00e9change d\u2019articles, dossiers communs, liens crois\u00e9s, etc.) en compl\u00e9ment des consolidations que nous menons pour chacun de nos m\u00e9dias<\/em><\/p>\n<p>Vous pouvez \u00e9couter l\u2019int\u00e9gralit\u00e9 de l\u2019entretien<div id=\"mp3jWrap_0\" class=\"mjp-s-wrapper s-graphic unsel-mjp \" style=\"font-size:18px;\"><span id=\"playpause_wrap_mp3j_0\" class=\"wrap_inline_mp3j\" style=\"font-weight:700;\"><span class=\"gfxbutton_mp3j play-mjp\" id=\"playpause_mp3j_0\" style=\"font-size:18px;\">&nbsp;&nbsp;&nbsp;&nbsp;&nbsp;<\/span>&nbsp;<span class=\"group_wrap\"><span class=\"bars_mp3j\"><span class=\"loadB_mp3j\" id=\"load_mp3j_0\"><\/span><span class=\"posbarB_mp3j\" id=\"posbar_mp3j_0\"><\/span><\/span><span class=\"T_mp3j\" id=\"T_mp3j_0\" style=\"font-size:18px;\">ici.<\/span><span class=\"indi_mp3j\" style=\"font-size:12.6px;\" id=\"statusMI_0\"><\/span><\/span><span class=\"vol_mp3j flipped\" id=\"vol_mp3j_0\"><\/span><\/span><\/div><span class=\"s-nosolution\" id=\"mp3j_nosolution_0\" style=\"display:none;\"><\/span><script>\nMP3jPLAYLISTS.inline_0 = [\n\t{ name: \"ici.\", formats: [\"mp3\"], mp3: \"aHR0cDovLyUyMGh0dHA6Ly93d3cuY3JhbmNyYS5vcmcvZW1pc3Npb25zL3JhZGlvLXBsdXJpZWwvTXlyaWFtUGxleW5hcmQyMDEzZGVmLm1wMw==\", counterpart:\"\", artist: \"\", image: \"\", imgurl: \"\" }\n];\n<\/script>\n\n<script>MP3jPLAYERS[0] = { list: MP3jPLAYLISTS.inline_0, tr:0, type:'single', lstate:'', loop:false, play_txt:'&nbsp;&nbsp;&nbsp;&nbsp;&nbsp;', pause_txt:'&nbsp;&nbsp;&nbsp;&nbsp;&nbsp;', pp_title:'', autoplay:false, download:false, vol:85, height:'' };<\/script><\/p>\n<p><strong>Mme Pleynard, vous \u00eates candidate \u00e0 la primaire de l\u2019UMP pour les municipales \u00e0 Lyon en 2014, mais vous \u00eates encore peu connue m\u00e9diatiquement je vous propose donc de vous pr\u00e9senter : qui \u00eates vous, quel est votre parcours ?<\/strong><br \/>\nJe suis encore peu connue mais si je m\u2019en tiens \u00e0 <a href=\"http:\/\/www.20minutes.fr\/lyon\/1123307-favori-ump-municipales\">un sondage r\u00e9cent command\u00e9 par l\u2019UMP<\/a>, avec seulement 5 % de notori\u00e9t\u00e9 j\u2019obtiens 27 % d\u2019intentions de vote pour les municipales 2014 au 1er tour et 34 % au second tour face \u00e0 G\u00e9rard Collomb, je rivalise largement avec les t\u00e9nors locaux de la droite [dans ce m\u00eame sondage le candidat de l&rsquo;UMP le mieux plac\u00e9 serait Emmanuel Hamelin qui ferait 39 % au 2nd tour face \u00e0 G\u00e9rard Colomb Ndlr]. J\u2019ai donc toutes mes chances.<br \/>\nQui je suis ? J\u2019ai un parcours assez original, j\u2019ai grandi \u00e0 Perrache dans une famille tr\u00e8s tr\u00e8s moyenne. J\u2019ai eu la chance de grandir avec un papa de confession juive et une maman catholique, cela m\u2019a permis d\u2019avoir une culture partag\u00e9e avec le sens des compromis sans jamais \u00eatre dogmatique au niveau de la pens\u00e9e. J\u2019ai perdu mon p\u00e8re qui \u00e9tait ouvrier tr\u00e8s jeune et j\u2019ai grandi entour\u00e9e par ma famille.<br \/>\nGr\u00e2ce \u00e0 l\u2019\u00e9cole j\u2019ai pu rencontrer des gens extraordinaires. Je suis tr\u00e8s attach\u00e9e \u00e0 l\u2019\u00e9cole parce que c\u2019est en m\u00eame temps une r\u00e9ussite personnelle et une r\u00e9ussite collective. Comme je travaillais bien \u00e0 l\u2019\u00e9cole j\u2019ai eu la chance d\u2019\u00eatre accompagn\u00e9e par la soci\u00e9t\u00e9 de patronage pour les enfants de la ville de Lyon. Cette soci\u00e9t\u00e9 de patronage est une \u00e9manation de <a href=\"http:\/\/www.lexpress.fr\/informations\/les-fiefs-francs-macons_638641.html\">la franc-Ma\u00e7onnerie lyonnaise<\/a>, qui vient en aide \u00e0 des enfants d\u00e9favoris\u00e9s. Gr\u00e2ce \u00e0 mon potentiel j\u2019ai \u00e9t\u00e9 remarqu\u00e9e et j\u2019ai pu b\u00e9n\u00e9ficier d\u2019un financement de mes \u00e9tudes, j\u2019ai aussi eu un parrain issu de la franc-Ma\u00e7onnerie lyonnaise qui m\u2019a suivi.<br \/>\n\u00c0 son contact j\u2019ai d\u00e9couvert des valeurs transmises par la franc-Ma\u00e7onnerie, on discutait sur comment penser l\u2019avenir de l\u2019homme, de la soci\u00e9t\u00e9; qu\u2019est ce que c\u2019est que le progr\u00e8s? Je suis donc arriv\u00e9e \u00e0 une maturit\u00e9 politique tr\u00e8s jeune ; et ce n\u2019est pas un hasard si j\u2019ai choisi par la suite des \u00e9tudes de droit et que je me suis int\u00e9ress\u00e9e plus particuli\u00e8rement \u00e0 la pens\u00e9e politique. J\u2019ai \u00e9t\u00e9 frapp\u00e9e par le livre de Platon La R\u00e9publique, mais aussi Qu\u2019est ce que la justice ? d\u2019Aristote. Il est int\u00e9ressant de voir que pour Aristote la justice est dans le d\u00e9bat.<br \/>\nJe suis une personne comme vous, je suis une citoyenne qui \u00e0 un moment donn\u00e9 a eu la volont\u00e9 de changer les choses.<\/p>\n<p><strong>Concr\u00e8tement, que pr\u00e9conisez-vous pour am\u00e9liorer l\u2019accueil des enfants en cr\u00e8che ? <\/strong><br \/>\nJe pr\u00e9conise qu\u2019on change de point de vue. Le probl\u00e8me des cr\u00e8ches est d\u2019abord un probl\u00e8me financier. Quand j\u2019\u00e9tais \u00e0 Saint-Fons, pendant cinq ans j\u2019ai travaill\u00e9 sur la question des financements des projets de la ville. La premi\u00e8re difficult\u00e9 des cr\u00e8ches est de savoir comment les financer. Il faut donc se d\u00e9complexer. C\u2019est-\u00e0-dire accepter une dose de financement priv\u00e9.<br \/>\nEnsuite, il faut faire du multi-accueil : \u00eatre capable de proposer tout une gamme de service qui correspond aux attentes des particuliers. Les gens au ch\u00f4mage ont besoin d\u2019une structure d\u2019accueil pour garder les enfants quand ils recherchent un emploi. Il faut travailler sur l\u2019exp\u00e9rience de <a href=\"http:\/\/www.20minutes.fr\/lyon\/65506-Lyon-A-Gerland-les-enfants-jamais-loin-du-bureau.php\">la cr\u00e8che inter-entreprise de Gerland<\/a> qui a l\u2019obligation d\u2019accueillir 30 % de berceaux pour les habitants de la commune. Je crois beaucoup en l\u2019avenir de ces cr\u00e8ches.<\/p>\n<p><strong>De quel autre sujet vous \u00eates-vous occup\u00e9 avec votre groupe d\u2019opinion citoyenne ?<\/strong><br \/>\n\u00c0 c\u00f4t\u00e9 de la probl\u00e9matique des cr\u00e8ches, j\u2019ai \u00e9t\u00e9 saisie par la question de la grande pauvret\u00e9 dans notre ville. Un soir, alors que je raccompagnais un ami chez lui vers \u00ab la fosse aux ours \u00bb \u00e0 la Guilloti\u00e8re, j\u2019entends un b\u00e9b\u00e9 pleurer, je me retourne et je vois une femme avec un b\u00e9b\u00e9 dans le coffre, il faisait tr\u00e8s chaud ce soir l\u00e0. C\u2019\u00e9tait une maman Rom compl\u00e8tement d\u00e9munie, qui dormait dehors avec son enfant. Je me suis senti tr\u00e8s mal. Je me suis dis \u00ab si on passe \u00e0 cot\u00e9 de \u00e7a et qu\u2019on continue sa route, on a perdu son \u00e2me \u00bb. On a donc voulu savoir pourquoi des gens dorment dehors. Comme pour les cr\u00e8ches on a rencontr\u00e9 et questionn\u00e9 plusieurs personnalit\u00e9s, de nombreuses associations comme le r\u00e9seau \u00ab <a href=\"http:\/\/personnedehors.blogspot.fr\/\">personne dehors<\/a> \u00bb pour comprendre le probl\u00e8me.<\/p>\n<p><strong>Mais que faire pour ceux qui sont d\u00e9j\u00e0 \u00e0 la rue ? \u00cates-vous pour les r\u00e9quisitions de logements vides ?<\/strong><br \/>\nOui je suis pour, car le logement c\u2019est la premi\u00e8re \u00e9tape pour se reconstruire. Mais ce n\u2019est pas la solution. Je suis plus int\u00e9ress\u00e9e par des exp\u00e9riences comme <a href=\"http:\/\/www.mycoop.coop\/no_cache\/sinterroger\/question\/question\/le-conteneur-un-hebergement-durgence-ou-davenir\/\">les villages container d\u2019Alain Sitbon<\/a> ou l\u2019exp\u00e9rience de \u00ab <a href=\"http:\/\/www.fndsa.org\/actualites\/MDR.htm\">La maison de Rodolphe <\/a>\u00bb, je ne veux pas du vite fait mal fait, de l\u2019emporte pi\u00e8ce. Par exemple je suis contre la politique de centralisation de l\u2019h\u00e9bergement d\u2019urgence. Je suis pour un h\u00e9bergement d\u2019urgence de qualit\u00e9 qui respecte la dignit\u00e9 humaine. Il faut avoir une approche tr\u00e8s dynamique de l\u2019h\u00e9bergement d\u2019urgence il faut aussi leur donner des moyens d\u2019\u00eatre employables. Il faut travailler sur du qualitatif, je n\u2019accepte pas que des gens qui viennent de la rue soient cantonn\u00e9s \u00e0 un travail pr\u00e9caire. C\u2019est aussi travailler sur l\u2019avenir. Je suis persuad\u00e9 que nous pouvons trouver des solutions d\u2019accueil de meilleure qualit\u00e9 et moins co\u00fbteuses que celles qui existent, il faut savoir que l\u2019accueil d\u2019urgence en h\u00f4tel co\u00fbte tr\u00e8s cher en deniers publics et ne r\u00e9sout pas les probl\u00e8mes \u00e0 long terme.<\/p>\n<p>J\u2019ai interrog\u00e9 plusieurs fois G\u00e9rard Collomb sur cette question et il confond h\u00e9bergement d\u2019urgence et logement social or ce n\u2019est pas la m\u00eame chose. \u00c0 quoi \u00e7a sert d\u2019\u00eatre une autorit\u00e9 publique si on n\u2019est pas capable de sortir les gens de la pauvret\u00e9 ?<\/p>\n<p><strong>Concernant les Roms, qu\u2019est-ce qu\u2019on peut faire, concr\u00e8tement, \u00e0 Lyon, pour \u00e9viter que ces familles soient constamment d\u00e9plac\u00e9es d\u2019un squat \u00e0 l\u2019autre ?<\/strong><br \/>\nIl faut leur proposer des solutions d\u2019h\u00e9bergements durable et de qualit\u00e9. Mais attention, le probl\u00e8me des logements d\u2019urgence ne concerne pas seulement les Roms. Un apr\u00e8s midi en sortant du TGV \u00e0 Perrache j\u2019ai vu une famille qui nous ressemble, comme vous et moi, un p\u00e8re une m\u00e8re avec ses enfants et un tas de couvertures, au-dessus des couvertures un b\u00e9b\u00e9 magnifique. Ils attendaient l\u2019ouverture du local d\u2019une association d\u2019entraide pour SDF. Je me suis arr\u00eat\u00e9e pour discuter avec eux et comprendre pourquoi ils \u00e9taient l\u00e0. C\u2019est une famille qui avait tout perdu : les deux parents travaillaient, la m\u00e8re est tomb\u00e9e malade, elle a perdu son travail puis le p\u00e8re a perdu le sien, ils ne pouvaient plus payer un loyer. Ce n\u2019\u00e9taient pas des Roms. Je me suis dis : pourquoi on en est arriv\u00e9 l\u00e0 ? C\u2019est en amont qu\u2019il faut agir. Sur la question du social je veux agir, mettre le paquet sur la pr\u00e9vention des expulsions. Car pour sortir les gens de la rue c\u2019est tr\u00e8s long, \u00e7a prend du temps, six mois, parfois plus. Il faut donc travailler en amont et \u00e9viter qu\u2019ils soient mis \u00e0 la rue.<\/p>\n<p><strong>Que pensez-vous de la politique de l\u2019UMP par rapport aux Roms ?<\/strong><br \/>\nLa politique n\u2019est pas fig\u00e9e, elle peut \u00e9voluer gr\u00e2ce \u00e0 des gens comme moi.<\/p>\n<p><strong>Pourquoi avoir choisi l\u2019UMP pour r\u00e9pondre \u00e0 cette volont\u00e9 humaniste ?<\/strong><br \/>\nC\u2019est une r\u00e9action en deux point.<br \/>\nJe n\u2019ai pas accept\u00e9 toute la pol\u00e9mique autour de Nicolas Sarkozy. Quand on veut combattre des id\u00e9es et des valeurs on n\u2019assassine pas les gens. Ainsi <a href=\"http:\/\/www.slate.fr\/france\/54241\/trocadero-nicolas-sarkozy-joue-la-grandeur-photos\">le 1er mai 2012 j\u2019\u00e9tais \u00e0 paris Place du Trocadero <\/a>pour \u00e9couter Nicolas Sarkozy.<br \/>\nPuis surtout j\u2019ai un d\u00e9saccord total avec la gestion de G\u00e9rard Collomb. Je suis contre sa politique de marchandisation de notre ville. Et si on veut battre G\u00e9rard Collomb n\u2019y a qu\u2019\u00e0 droite qu\u2019on peut le faire.<\/p>\n<p><strong>Pouvez vous nous donner un exemple de marchandisation de la ville ?<\/strong><br \/>\nLe cas de <a href=\"http:\/\/www.lyonmag.com\/article\/49972\/hotel-dieu-tous-les-details-sur-le-grand-projet-lyonnais\">l\u2019H\u00f4tel-Dieu<\/a> est symptomatique. On a un d\u00e9ficit abyssal des <a href=\"http:\/\/m.lesechos.fr\/redirect_article.php?id=0202234036709\">HCL<\/a> et on donne les cl\u00e9s de<a href=\"http:\/\/www.eiffage.com\/FR\/news\/cure-de-jouvence-pour-le-grand-hotel-dieu-a-lyon.html\"> l\u2019H\u00f4tel Dieu \u00e0 un grand groupe [le groupe Eiffage<\/a> Ndlr]. C\u2019est trop facile, on dilapide notre patrimoine, l\u2019identit\u00e9 humaniste de Lyon. Cette marchandisation de la ville sur un \u00e9difice symbolique de l\u2019identit\u00e9 lyonnaise, je ne l\u2019accepte pas. Quand je vois que<a href=\"http:\/\/www.grand-hotel-dieu.com\/A-VOS-AGENDAS-DU-14-AU-17-MARS\"> l\u2019H\u00f4tel-Dieu va devenir un centre commercial <\/a>je me dis : on s\u2019est compl\u00e8tement tromp\u00e9, on a trahi l\u2019identit\u00e9 de notre ville. Le 5 janvier 2011 j\u2019ai pris la parole \u00e0 l\u2019H\u00f4tel de Ville pour contester ces choix sur la requalification de l\u2019H\u00f4tel-Dieu.<\/p>\n<p><strong>Que<\/strong> <strong>fallait-il faire ? Que proposiez-vous ?<\/strong><br \/>\nOn aurait pu faire de l\u2019H\u00f4tel-Dieu un joyau et cela sans se presser. Quand on est dans la politique de la pr\u00e9cipitation on fait n\u2019importe quoi. On aurait pu prendre le temps de la concertation. R\u00e9unir les financeurs, \u00e9couter les porteurs de projets qui avaient des propositions int\u00e9ressantes. Bref, monter un processus de pluri-annualisation du financement du projet.<br \/>\nPour transformer l\u2019H\u00f4tel-Dieu il faut \u00eatre en conformit\u00e9 avec son identit\u00e9 et son histoire : il a \u00e9t\u00e9 \u00e9difi\u00e9 sur la base d\u2019une charit\u00e9, la charit\u00e9 lyonnaise : allez voir les plaques dans la cour ! C\u2019est pourquoi j\u2019avais propos\u00e9 d\u2019en d\u00e9dier une partie \u00e0 l\u2019accueil de sans-abris. On aurait pu aussi en faire un centre de promotion sociale de la sant\u00e9, cr\u00e9er un lieu de r\u00e9flexion sur la biologie syst\u00e9mique o\u00f9 de grands chercheurs comme Charles Aufray auraient pu r\u00e9fl\u00e9chir sur l\u2019avenir des sciences de la vie, comment mieux soigner, lutter contre les allergies les maladies rares. Il y avait aussi la proposition de r\u00e9unir \u00e0 l\u2019H\u00f4tel-Dieu les diff\u00e9rents mus\u00e9es de la m\u00e9decine lyonnaise, ce qui aurait \u00e9t\u00e9 coh\u00e9rent avec l\u2019histoire du lieu. N\u2019oublions pas que c\u2019est sous le grand d\u00f4me que des m\u00e9decins comme Rabelais ou Marc Antoine Petit ont offici\u00e9.<br \/>\nCe que je vous dit pour l\u2019H\u00f4tel-Dieu est aussi vrai pour le quartier Confluence. On avait ici aussi une carte culturelle \u00e0 jouer et on ne l\u2019a pas jou\u00e9. Quand je vais \u00e0 Confluence, je vois des grands groupes et on est pas arriv\u00e9 \u00e0 mailler le village avec les nouveaux arrivants. Il y avait pourtant un potentiel dans ce quartier, il fallait bien faire quelque chose de cette zone qui pendant mon enfance n\u2019\u00e9tait qu\u2019un no man\u2019s land.<\/p>\n<p><strong>Vous vous revendiquez du gaullisme social. Cette mouvance a t-elle encore sa place au sein de l\u2019UMP ?<\/strong><br \/>\nCe qui m\u2019influence c\u2019est la doctrine sociale de l\u2019\u00e9glise. J\u2019ai discut\u00e9 avec le cardinal Barbarin sur la question des Roms. Mais on n\u2019a pas besoin d\u2019\u00eatre chr\u00e9tienne pour savoir que face \u00e0 inacceptable il faut r\u00e9agir. J\u2019ai aussi eu la chance de discuter avec le grand rabbin de Lyon, Richard Wertenschlag. Je m\u2019oppose \u00e0 ce que des gens dorment dehors, que des enfants scolaris\u00e9s en sortant de l\u2019\u00e9cole se retrouvent \u00e0 devoir vivre dehors. Je refuse toute forme de pers\u00e9cution, voil\u00e0 ma ligne de conduite.<br \/>\nSur l\u2019\u00e9chelle de l\u2019UMP je suis au centre. Sur une \u00e9chelle de 0 \u00e0 10 je suis \u00e0 5. J\u2019ai ma place. Quand j\u2019ai commenc\u00e9 mes \u00e9tudes de droit, j\u2019avais achet\u00e9 un bouquin sur l\u2019histoire du g\u00e9n\u00e9rale De Gaulle, cet homme qui a cr\u00e9e la Ve R\u00e9publique, vous savez, le triptyque Libert\u00e9-\u00c9galit\u00e9-Fraternit\u00e9. C\u2019est un ma\u00eetre mot, chez moi, la fraternit\u00e9. J\u2019ai toute ma place au sein de l\u2019UMP, dans cette mouvance du gaullisme social.<\/p>\n<p><strong>Pourtant, c\u2019est un courant que l\u2019on ne retrouve plus vraiment \u00e0 l\u2019UMP. Certaines personnalit\u00e9s l\u2019ont incarn\u00e9, Philippe S\u00e9guin, Dominique de Villepin, Jean-Louis Borloo, etc. Mais n\u2019avez-vous pas l\u2019impression d\u2019\u00eatre un peu seule?<\/strong><br \/>\nD\u00e9trompez-vous car il existe un mouvement du gaullisme social \u00e0 Lyon. J\u2019ai peu d\u2019amis sur <a href=\"https:\/\/www.facebook.com\/myriam.pleynard.5\">ma page Facebook<\/a> \u2013 les miens sont ailleurs, ils ne sont pas virtuels \u2013 mais j\u2019ai d\u00e9couvert un mouvement qui s\u2019appelle <a href=\"http:\/\/www.lechene.org\/\">Le Ch\u00e8ne<\/a>, qui est l\u2019expression vivante \u00e0 Lyon du gaullisme social. S\u2019il faut monter une marche et impulser le mouvement je me dis que j\u2019ai une carte \u00e0 jouer et \u00e7a me pla\u00eet bien, \u00e7a me ressemble.<\/p>\n<p><strong>Pensez-vous que l\u2019aust\u00e9rit\u00e9 soit compatible avec la lutte contre la pauvret\u00e9 ?<\/strong><br \/>\nJe suis contre l\u2019aust\u00e9rit\u00e9, je suis humaniste. J\u2019ai la conviction qu\u2019on peut changer l\u2019ordre des choses, aucune mentalit\u00e9 n\u2019est fig\u00e9e qu\u2019on soit de gauche de droite ou du centre.<\/p>\n<p><strong>Pour revenir sur la question du social, dans le cadre du projet Lyon M\u00e9tropole, la m\u00e9tropole r\u00e9cup\u00e9rera la question du social jusque-l\u00e0 essentiellement r\u00e9serv\u00e9e au d\u00e9partement. Comment vous vous positionnez face \u00e0 cette super m\u00e9tropole qui regroupera une soixantaine de communes ?<\/strong><br \/>\nCette d\u00e9marche est une fois de plus la d\u00e9monstration qu\u2019on est dans un mode de gouvernance qui n\u2019est pas la d\u00e9mocratie lyonnaise. Est-ce que les Lyonnais ont \u00e9t\u00e9 consult\u00e9s sur cette question ? Ce n\u2019est pas un moindre sujet, c\u2019est une question de gouvernance de la ville et des villes. Qu\u2019est-ce que c\u2019est que ce projet qui sort d\u2019une d\u00e9cision entre deux personnes, G\u00e9rard Collomb et Michel Mercier ? On aurait d\u00fb consulter les Lyonnais et on ne l\u2019a pas fait sur des questions qui modifient leur rapport avec les \u00e9lus. C\u2019est une trahison d\u00e9mocratique donc je refuse de m\u2019int\u00e9resser au contenu du projet car en amont personne n\u2019a \u00e9t\u00e9 consult\u00e9 sur le sujet.<\/p>\n<p><strong>Dans les cantines scolaires de la<\/strong> <strong>ville, un rapport du Groupement national de la restauration pointe le fait que 2,7 tonnes d\u2019aliments sont jet\u00e9es par jour. Soit 360 tonnes par an. Comment peut-on lutter contre ce gaspillage ?<\/strong><br \/>\nC\u2019est inacceptable. Il faut mettre en place les plate-formes alimentaires qui permettent de recueillir, via des associatifs, des produits p\u00e9rim\u00e9s dans des grandes cha\u00eenes de distribution. L\u00e0 il y a un terrain \u00e0 occuper. Je ne comprends pas que les associatifs ne soient pas pr\u00e9sents. Je pense \u00e0 des enfants qui n\u2019ont rien \u00e0 manger. J\u2019habite rue d\u2019Enghien et cet \u00e9t\u00e9 il y avait un campement Rom place Carnot. J\u2019y suis all\u00e9, il y avait M\u00e9decin du monde et j\u2019ai vu la distribution de lait. J\u2019ai vu des enfants se jeter sur les litres de lait, disant qu\u2019ils avaient faim. Et quand j\u2019entends ce que vous me dites, je suis outr\u00e9e, c\u2019est inacceptable, c\u2019est immonde. J\u2019appelle les associations, qu\u2019elles puissent occuper le terrain. Que cette perte alimentaire n\u2019ait pas lieu, qu\u2019elle se retrouve dans les ventres et non dans la poubelle.<\/p>\n<p><strong>Pour conclure sur l\u2019\u00e9cole primaire, que pensez-vous de la remise en question de la semaine \u00e0 4 jours ? Si vous \u00eates maire l\u2019appliqueriez-vous dans la ville ?<\/strong><br \/>\nEncore une fois je questionnerais mes techniciens. Cela dit, \u00e9tant maman de deux enfants (j\u2019ai une petite fille de 5 ans et un fils de 8 ans), je constate qu\u2019on arr\u00eate pas de toucher aux rythmes scolaires. Excusez-moi, mais qu\u2019on foute la paix aux enfants ! Qu\u2019on les laisse tranquille, \u00e7a suffit ! Ils ont d\u00e9j\u00e0 bien assez \u00e0 faire : c\u2019est pas \u00e9vident une journ\u00e9e d\u2019\u00e9cole pour un enfant.<br \/>\nEnsuite, plus on modifie les rythmes plus se pose la question du financement du p\u00e9ri-scolaire. Il va donc falloir \u00eatre tr\u00e8s prudent sur cette question car cela peut \u00eatre tr\u00e8s co\u00fbteux. Voyons ce qu\u2019il en est des deniers publics avant tout changement.<\/p>\n<p><strong>Vous nous avez dit avoir \u00e9norm\u00e9ment fait les march\u00e9s et discut\u00e9 directement avec les Lyonnais. Une de leurs pr\u00e9occupations principales est l\u2019avenir \u00e9conomique : vont-ils garder leur emploi ? Une des fonctions d\u2019un maire est d\u2019am\u00e9liorer l\u2019attractivit\u00e9 \u00e9conomique d\u2019une commune. Avez-vous des id\u00e9es innovantes par rapport \u00e0 cette question ?<\/strong><br \/>\nOui j\u2019ai plus que des id\u00e9es innovantes, j\u2019ai surtout une exp\u00e9rience puisque je suis une ex-directrice des partenariats sociaux-\u00e9conomiques pour l\u2019universit\u00e9 Claude Bernard Lyon 1. J\u2019ai eu la chance de travailler avec le docteur Alain Bonmartin, pr\u00e9sident de l\u2019Universit\u00e9 Lyon 1, qui m\u2019avait confi\u00e9 pour mission de croiser la recherche publique et priv\u00e9e. J\u2019ai donc eu acc\u00e8s \u00e0 tous les acteurs \u00e9conomiques de cette ville, notamment des PME, PMI et des petits commerces. On a un gisement d\u2019emploi et il faut vraiment accompagner le petit commerce de centre-ville. Sur la question des PME et PMI j\u2019ai eu la chance de rencontrer <a href=\"http:\/\/lyon.quartierdaffaires.com\/pragmatisme-de-rigueur-chez-francois-turcas\/\">Fran\u00e7ois Turcas<\/a> et de travailler avec le Conseil Economique et Social de la R\u00e9gion Rh\u00f4ne-Alpes. Ce dernier m\u2019a dit qu\u2019en r\u00e9gion on avait peu de grandes marques mais un tissu industriel tr\u00e8s riche et au niveau lyonnais je me suis rendu compte en participant \u00e0 des r\u00e9unions avec des entrepreneurs, qu\u2019on a beaucoup de PME et PMI avec \u00e0 leurs t\u00eates un dirigeant qui a plusieurs casquettes : il doit s\u2019occuper des questions d\u2019innovations, de la gestion et il doit vendre ses produits. C\u2019est difficile \u00e0 assurer et il faut donc travailler \u00e0 l\u2019insertion des docteurs en entreprise. L\u2019avenir des PME et PMI se joue avec les universitaires. Il faut, pour qu\u2019une entreprise se d\u00e9veloppe, qu\u2019elle sache innover.<br \/>\nEnfin, je voudrais parler d\u2019un projet personnel. Il y a environ dix ans je m\u2019\u00e9tais beaucoup int\u00e9ress\u00e9e \u00e0 une exp\u00e9rience men\u00e9e au Japon : la <a href=\"http:\/\/www.lyonski.com\/photo\/Dossier_snowdom_lyon-CRS.pdf\">construction d\u2019un grand d\u00f4me, reconstituant une piste de ski <\/a>artificielle. En regardant de pr\u00e8s le foncier \u00e0 Lyon, on pourrait peut-\u00eatre d\u00e9velopper le m\u00eame projet dans l\u2019agglom\u00e9ration car il y a une carte \u00e0 jouer au niveau loisirs qui permettrait de d\u00e9velopper des emplois et le culturel aussi.<\/p>\n<p><strong>Lyon base sa politique culturelle sur les grands \u00e9v\u00e9nements : biennale de la danse, biennale d\u2019art contemporain, Festival Lumi\u00e8re, etc. Que pensez-vous de cette politique culturelle ?<\/strong><br \/>\nPersonnellement, je ferais compl\u00e8tement autre quelque chose car, encore une fois, pour moi la culture se rapproche de la conception de Malraux, elle doit aller vers chacun, c\u2019est un mode d\u2019expression, de communication. Et je n\u2019ai pas vu \u00e7a \u00e0 Lyon. La culture ce n\u2019est pas de l\u2019\u00e9v\u00e9nementiel ou du marketing. C\u2019est des convictions, des valeurs, du dialogue. Bien \u00e9videmment, si \u00e0 l\u2019occasion des Nuits sonores, les gens sont contents, se rassemblent et peuvent discuter, tant mieux. Mais ce n\u2019est pas ce que j\u2019ai vu.<\/p>\n<p><strong>Culture pour tous, certes, mais mariage pour tous ?<\/strong><br \/>\nJe suis juriste de formation et j\u2019affirme qu\u2019on s\u2019est compl\u00e8tement tromp\u00e9. J\u2019ai des amis homosexuels qui m\u2019ont dit : \u00ab Qu\u2019est-ce que c\u2019est que ce mariage qu\u2019on nous propose ? D\u2019o\u00f9 \u00e7a vient ? \u00bb. Reprenons les choses du d\u00e9but. Le l\u00e9gislateur a cr\u00e9e le PACS, il a \u00e9t\u00e9 r\u00e9form\u00e9 \u00e0 deux reprises. Pourquoi on ne l\u2019a pas r\u00e9form\u00e9 une 3e fois ? Si la question est celle des enfants, on pouvait ni plus ni moins qu\u2019utiliser le PACS, une institution qui \u00e9tait con\u00e7ue comme un quasi contrat de mariage, ce qui n\u2019est pas rien. Pourquoi on n\u2019est pas all\u00e9 plus loin ? Qu\u2019est-ce que c\u2019est cette marchandisation de la vie politique qui consiste \u00e0 mettre dans un programme politique quelque chose qui correspond \u00e0 une minorit\u00e9 \u00e9lective ? Je ne suis pas d\u2019accord avec \u00e7a.<\/p>\n<p><strong>Vous avez manifest\u00e9 contre le mariage pour tous ?<\/strong><br \/>\nJ\u2019y suis all\u00e9, absolument, je suis compl\u00e8tement d\u00e9complex\u00e9e. Parce que ce n\u2019est pas une solution, c\u2019est n\u2019importe quoi. Qui en paie le prix aujourd\u2019hui ? C\u2019est notre d\u00e9mocratie. D\u00e9passez la question du mariage homosexuel parce qu\u2019il y a des questions beaucoup plus profondes.<\/p>\n<p><strong>Si vous \u00eates \u00e9lue maire est-ce que vous proc\u00e9derez \u00e0 des mariages homosexuels ?<\/strong><br \/>\nNon, absolument pas. J\u2019ai des amis qui se sont pacs\u00e9s, qui ont fait une c\u00e9r\u00e9monie qui s\u2019est tr\u00e8s bien pass\u00e9e, j\u2019y suis all\u00e9e avec ma famille. Je ne suis pas d\u2019accord pour c\u00e9l\u00e9brer des mariages homosexuels.<br \/>\nLe fait de marier des homosexuels \u00e7a veut dire que j\u2019adh\u00e8re au choix du l\u00e9gislateur. Aujourd\u2019hui le l\u00e9gislateur est un fossoyeur. Madame Taubira est un fossoyeur d\u2019id\u00e9e. Ce projet de mariage on ne sait pas d\u2019o\u00f9 il vient, il vient d\u2019une minorit\u00e9. Je refuse cette fa\u00e7on de faire de la politique en r\u00e9pondant \u00e0 des minorit\u00e9s. Les homosexuels se sont toujours distingu\u00e9s des h\u00e9t\u00e9ros, ils se sont toujours inscrits \u00e0 contre-courant, et aujourd\u2019hui on veut nous faire croire qu\u2019ils veulent se marier comme les h\u00e9t\u00e9ros mais c\u2019est un mirage. Ceux qui croient \u00e0 \u00e7a sont compl\u00e8tement \u00e0 c\u00f4t\u00e9 de la r\u00e9alit\u00e9. Il y a une question philosophique extr\u00eamement importante sur cette question, en lien avec la GPA et la PMA, dans un champ qui concerne l\u2019homme et sa conscience : qu\u2019est-ce que cela va \u00eatre une filiation asexu\u00e9e ?<\/p>\n<p><strong>En marge des manifestations contre le mariage pour tous, il y a eu des violences que l\u2019on pourrait attribuer \u00e0 des personnes en marge du mouvement. Que pensez-vous de l\u2019\u00e9mergence de la figure m\u00e9diatique d\u2019Alexandre Gabriac des Jeunesses nationalistes ?<\/strong><br \/>\nJe ne le connais pas du tout. Mais je vous ai dit que mon papa \u00e9tait de confession juive, donc tout ce qui est identitaire, nationaliste, etc. faut pas m\u2019en parler.<\/p>\n<p><strong>Pour rejoindre un peu ce sujet, le rapport annuel de la Commission nationale consultative des droits de l\u2019homme, publi\u00e9 en mars, note une augmentation des actes antis\u00e9mites de 58% et une augmentation des actes contre les musulmans de 30%. Par ailleurs, un sondage CSA, paru dans Le Monde du 22 mars, rend compte du fait que 66% des personnes interrog\u00e9es estiment qu\u2019il y a trop d\u2019immigr\u00e9s aujourd\u2019hui en France : 22 points de plus qu\u2019en 2009.<\/strong><br \/>\nIl y a trop d\u2019immigr\u00e9s en France ? Mais qu\u2019est-ce que \u00e7a veut dire ? Je voudrais dire que je respecte toutes les croyances. Deuxi\u00e8mement, je n\u2019accepte pas que des personnes puissent avoir peur et soient discrimin\u00e9es \u00e0 raison de leur origine ou de leur lieu d\u2019habitation. \u00c0 Saint-Fons il y a un v\u00e9ritable melting-pot embrassant toutes les origines et pour avoir discut\u00e9 avec des jeunes, je sais qu\u2019ils sont fortement discrimin\u00e9s, m\u00eame s\u2019ils sont dipl\u00f4mes. Je n\u2019accepte aucune forme de discrimination. Je n\u2019accepte aucune forme d\u2019antis\u00e9mitisme, de rejet de l\u2019autre, de discours identitaire.<\/p>\n<p><strong>Et parmi les solutions propos\u00e9es, \u00eates-vous pour la multiplication des cameras de vid\u00e9o surveillance en ville ?<\/strong><br \/>\nC\u2019est tr\u00e8s clair, je l\u2019ai d\u00e9j\u00e0 dit : s\u2019il faut mettre deux policiers par rue avec des cam\u00e9ras de surveillance, je le ferai. La s\u00e9curit\u00e9 de chacun c\u2019est ne pas avoir peur de ses origines, de son identit\u00e9. <a href=\"http:\/\/www.rue89lyon.fr\/2012\/10\/30\/comment-lyon-veut-faire-de-la-videosurveillance-ethique\/\">Le candidat sortant de la ville de Lyon a \u00e9t\u00e9 le premier \u00e0 exp\u00e9rimenter les cam\u00e9ras de vid\u00e9osurveillance<\/a> et \u00e0 armer la police \u00e0 Vaise.<\/p>\n<p><strong>Beaucoup de rapports notent cependant l\u2019inefficacit\u00e9 de la vid\u00e9osurveillance : selon un rapport de la Chambre r\u00e9gionale des comptes de Rh\u00f4ne-Alpes, les cam\u00e9ras de vid\u00e9osurveillance permettent, en moyenne, une arrestation par cam\u00e9ra et par ann\u00e9e. 200 arrestations, pour 219 cam\u00e9ras, compar\u00e9es aux 20 604 actes de d\u00e9linquance dits de voie publique\u2026 Ne pensez-vous pas qu\u2019il vaut mieux investir dans l\u2019humain (police municipale, m\u00e9diateurs\u2026) que dans les cam\u00e9ras ?<\/strong><br \/>\nMais bien s\u00fbr. Je connais tr\u00e8s bien le monde des \u00e9ducateurs sp\u00e9cialis\u00e9s. Je fais un peu le parall\u00e8le avec l\u2019h\u00e9bergement d\u2019urgence : les travailleurs sociaux sont tr\u00e8s importants, car c\u2019est de l\u2019accompagnement en amont. Il faut \u00eatre dans le qualitatif, travailler au c\u0153ur des quartiers. Il faut le faire r\u00eaver ce c\u0153ur. Et je vois des initiatives int\u00e9ressantes : certains ont la volont\u00e9 et l\u2019intelligence d\u2019innover par rapport \u00e0 eux-m\u00eames, par rapport \u00e0 leur sort, et je les respecte beaucoup, je les salue, je trouve cela formidable.<\/p>\n<p><strong>Une derni\u00e8re chose : pour les gens qui souhaitent vous rencontrer, vous posez des questions, comment peuvent-ils faire ?<\/strong><br \/>\nIls peuvent passer par la boite mail de mon blog (<a href=\"http:\/\/www.rue89lyon.fr\/2012\/10\/30\/comment-lyon-veut-faire-de-la-videosurveillance-ethique\/\">myriampleynard2014.fr<\/a>) ainsi que me t\u00e9l\u00e9phoner au 06 95 12 02 57. J\u2019ai la pr\u00e9tention de modifier la gouvernance de la ville de Lyon. Il y a une grosse attente de ce point de vue l\u00e0. Donc \u00e7a veut dire que je dois me mettre en dialogue avec les Lyonnais, voil\u00e0 pourquoi je donne mon num\u00e9ro de t\u00e9l\u00e9phone. Mais \u00e9vitez de tous m\u2019appeler en m\u00eame temps. Venez \u00e0 ma rencontre, je vais \u00e0 la v\u00f4tre. Je suis l\u00e0 pour vous avec tous les Lyonnais.<\/p>\n<p><strong>\u00a0<\/strong><\/p>\n<p>&nbsp;<\/p>\n<p><strong>En vid\u00e9o : Trois questions \u00e0 Myriam Pleynard<\/strong><\/p>\n<p>&nbsp;<\/p>\n<div class=\"youtube\" style=\"width: 350; height: 300;\"><object width=\"350\" height=\"300\" classid=\"clsid:d27cdb6e-ae6d-11cf-96b8-444553540000\" codebase=\"http:\/\/download.macromedia.com\/pub\/shockwave\/cabs\/flash\/swflash.cab#version=6,0,40,0\"><param name=\"wmode\" value=\"transparent\" \/><param name=\"src\" value=\"http:\/\/www.youtube.com\/v\/c7Na_b5NUA8?autoplay=0\" \/><embed width=\"350\" height=\"300\" type=\"application\/x-shockwave-flash\" src=\"http:\/\/www.youtube.com\/v\/c7Na_b5NUA8?autoplay=0\" wmode=\"transparent\" \/><\/object><\/div>\n<p>Article \u00e9galement disponible sur nos sites partenaires :<\/p>\n<p><a href=\"http:\/\/www.mapausecafe.net\/archive\/2013\/05\/01\/nous-pouvons-changer-l-inacceptable-interview-de-myriam-ple.html\">Ma Pause Caf\u00e9<\/a><\/p>\n<p><a href=\"http:\/\/www.mediascitoyens.org\/Myriam-Pleynard-Nous-pouvons.html\">M\u00e9dias Citoyens<\/a><\/p>\n<p><a href=\"http:\/\/forumlyon.noomix.fr\/\">Forum de Lyon<\/a><\/p>\n<!-- AddThis Advanced Settings generic via filter on the_content --><!-- AddThis Share Buttons generic via filter on the_content -->","protected":false},"excerpt":{"rendered":"<p>Nous inaugurons avec cette interview notre cycle d\u2019entretiens politiques \u00ab CLIC pour 2014 \u00bb. Nous avons pour ambition de suivre l\u2019int\u00e9gralit\u00e9 de la campagne municipale &hellip; <!-- AddThis Advanced Settings generic via filter on wp_trim_excerpt --><!-- AddThis Share Buttons generic via filter on wp_trim_excerpt --><\/p>\n","protected":false},"author":1,"featured_media":724,"comment_status":"open","ping_status":"open","sticky":false,"template":"","format":"standard","meta":{"_FSMCFIC_featured_image_caption":"","_FSMCFIC_featured_image_nocaption":"","_FSMCFIC_featured_image_hide":"","footnotes":""},"categories":[7,6],"tags":[10,112,262,261,59,56],"class_list":["post-225","post","type-post","status-publish","format-standard","has-post-thumbnail","hentry","category-municipales2014","category-politique","tag-lyon-2","tag-lyon-bondy-blog","tag-municipales","tag-myriam-pleynard","tag-primaires","tag-ump"],"yoast_head":"<!-- This site is optimized with the Yoast SEO plugin v22.8 - https:\/\/yoast.com\/wordpress\/plugins\/seo\/ -->\n<title>\u00ab Nous pouvons changer l\u2019inacceptable\u00bb, Myriam Pleynard - Lyon Bondy Blog<\/title>\n<meta name=\"robots\" content=\"index, follow, max-snippet:-1, max-image-preview:large, max-video-preview:-1\" \/>\n<link rel=\"canonical\" href=\"https:\/\/lyonbondyblog.fr\/LBB\/municipales-lyon-2014-nous-pouvons-changer-linacceptable-interview-de-myriam-pleynard\/\" \/>\n<meta property=\"og:locale\" content=\"fr_FR\" \/>\n<meta property=\"og:type\" content=\"article\" \/>\n<meta property=\"og:title\" content=\"\u00ab Nous pouvons changer l\u2019inacceptable\u00bb, Myriam Pleynard - Lyon Bondy Blog\" \/>\n<meta property=\"og:description\" content=\"Nous inaugurons avec cette interview notre cycle d\u2019entretiens politiques \u00ab CLIC pour 2014 \u00bb. Nous avons pour ambition de suivre l\u2019int\u00e9gralit\u00e9 de la campagne municipale &hellip;\" \/>\n<meta property=\"og:url\" content=\"https:\/\/lyonbondyblog.fr\/LBB\/municipales-lyon-2014-nous-pouvons-changer-linacceptable-interview-de-myriam-pleynard\/\" \/>\n<meta property=\"og:site_name\" content=\"Lyon Bondy Blog\" \/>\n<meta property=\"article:publisher\" content=\"https:\/\/www.facebook.com\/lyonbondyblog\" \/>\n<meta property=\"article:author\" content=\"https:\/\/www.facebook.com\/lyonbondyblog\" \/>\n<meta property=\"article:published_time\" content=\"2013-05-15T12:36:54+00:00\" \/>\n<meta property=\"article:modified_time\" content=\"2013-07-25T12:02:30+00:00\" \/>\n<meta property=\"og:image\" content=\"https:\/\/lyonbondyblog.fr\/LBB\/wp-content\/uploads\/2013\/05\/DSC06623.jpg\" \/>\n\t<meta property=\"og:image:width\" content=\"1501\" \/>\n\t<meta property=\"og:image:height\" content=\"751\" \/>\n\t<meta property=\"og:image:type\" content=\"image\/jpeg\" \/>\n<meta name=\"author\" content=\"La r\u00e9daction\" \/>\n<meta name=\"twitter:card\" content=\"summary_large_image\" \/>\n<meta name=\"twitter:creator\" content=\"@BondyBlogLyon\" \/>\n<meta name=\"twitter:site\" content=\"@bondybloglyon\" \/>\n<script type=\"application\/ld+json\" class=\"yoast-schema-graph\">{\"@context\":\"https:\/\/schema.org\",\"@graph\":[{\"@type\":\"Article\",\"@id\":\"https:\/\/lyonbondyblog.fr\/LBB\/municipales-lyon-2014-nous-pouvons-changer-linacceptable-interview-de-myriam-pleynard\/#article\",\"isPartOf\":{\"@id\":\"https:\/\/lyonbondyblog.fr\/LBB\/municipales-lyon-2014-nous-pouvons-changer-linacceptable-interview-de-myriam-pleynard\/\"},\"author\":{\"name\":\"La r\u00e9daction\",\"@id\":\"https:\/\/lyonbondyblog.fr\/LBB\/#\/schema\/person\/e45f8d27baac75072daa0be50c409b25\"},\"headline\":\"\u00ab Nous pouvons changer l\u2019inacceptable\u00bb, Myriam Pleynard\",\"datePublished\":\"2013-05-15T12:36:54+00:00\",\"dateModified\":\"2013-07-25T12:02:30+00:00\",\"mainEntityOfPage\":{\"@id\":\"https:\/\/lyonbondyblog.fr\/LBB\/municipales-lyon-2014-nous-pouvons-changer-linacceptable-interview-de-myriam-pleynard\/\"},\"wordCount\":4538,\"commentCount\":0,\"publisher\":{\"@id\":\"https:\/\/lyonbondyblog.fr\/LBB\/#organization\"},\"image\":{\"@id\":\"https:\/\/lyonbondyblog.fr\/LBB\/municipales-lyon-2014-nous-pouvons-changer-linacceptable-interview-de-myriam-pleynard\/#primaryimage\"},\"thumbnailUrl\":\"https:\/\/lyonbondyblog.fr\/LBB\/wp-content\/uploads\/2013\/05\/DSC06623.jpg\",\"keywords\":[\"lyon\",\"Lyon Bondy Blog\",\"municipales\",\"Myriam Pleynard\",\"primaires\",\"ump\"],\"articleSection\":[\"Municipales 2014\",\"Politique\"],\"inLanguage\":\"fr-FR\",\"potentialAction\":[{\"@type\":\"CommentAction\",\"name\":\"Comment\",\"target\":[\"https:\/\/lyonbondyblog.fr\/LBB\/municipales-lyon-2014-nous-pouvons-changer-linacceptable-interview-de-myriam-pleynard\/#respond\"]}]},{\"@type\":\"WebPage\",\"@id\":\"https:\/\/lyonbondyblog.fr\/LBB\/municipales-lyon-2014-nous-pouvons-changer-linacceptable-interview-de-myriam-pleynard\/\",\"url\":\"https:\/\/lyonbondyblog.fr\/LBB\/municipales-lyon-2014-nous-pouvons-changer-linacceptable-interview-de-myriam-pleynard\/\",\"name\":\"\u00ab Nous pouvons changer l\u2019inacceptable\u00bb, Myriam Pleynard - Lyon Bondy Blog\",\"isPartOf\":{\"@id\":\"https:\/\/lyonbondyblog.fr\/LBB\/#website\"},\"primaryImageOfPage\":{\"@id\":\"https:\/\/lyonbondyblog.fr\/LBB\/municipales-lyon-2014-nous-pouvons-changer-linacceptable-interview-de-myriam-pleynard\/#primaryimage\"},\"image\":{\"@id\":\"https:\/\/lyonbondyblog.fr\/LBB\/municipales-lyon-2014-nous-pouvons-changer-linacceptable-interview-de-myriam-pleynard\/#primaryimage\"},\"thumbnailUrl\":\"https:\/\/lyonbondyblog.fr\/LBB\/wp-content\/uploads\/2013\/05\/DSC06623.jpg\",\"datePublished\":\"2013-05-15T12:36:54+00:00\",\"dateModified\":\"2013-07-25T12:02:30+00:00\",\"inLanguage\":\"fr-FR\",\"potentialAction\":[{\"@type\":\"ReadAction\",\"target\":[\"https:\/\/lyonbondyblog.fr\/LBB\/municipales-lyon-2014-nous-pouvons-changer-linacceptable-interview-de-myriam-pleynard\/\"]}]},{\"@type\":\"ImageObject\",\"inLanguage\":\"fr-FR\",\"@id\":\"https:\/\/lyonbondyblog.fr\/LBB\/municipales-lyon-2014-nous-pouvons-changer-linacceptable-interview-de-myriam-pleynard\/#primaryimage\",\"url\":\"https:\/\/lyonbondyblog.fr\/LBB\/wp-content\/uploads\/2013\/05\/DSC06623.jpg\",\"contentUrl\":\"https:\/\/lyonbondyblog.fr\/LBB\/wp-content\/uploads\/2013\/05\/DSC06623.jpg\",\"width\":1501,\"height\":751},{\"@type\":\"WebSite\",\"@id\":\"https:\/\/lyonbondyblog.fr\/LBB\/#website\",\"url\":\"https:\/\/lyonbondyblog.fr\/LBB\/\",\"name\":\"Lyon Bondy Blog\",\"description\":\"\",\"publisher\":{\"@id\":\"https:\/\/lyonbondyblog.fr\/LBB\/#organization\"},\"potentialAction\":[{\"@type\":\"SearchAction\",\"target\":{\"@type\":\"EntryPoint\",\"urlTemplate\":\"https:\/\/lyonbondyblog.fr\/LBB\/?s={search_term_string}\"},\"query-input\":\"required name=search_term_string\"}],\"inLanguage\":\"fr-FR\"},{\"@type\":\"Organization\",\"@id\":\"https:\/\/lyonbondyblog.fr\/LBB\/#organization\",\"name\":\"LYON BONDY BLOG\",\"url\":\"https:\/\/lyonbondyblog.fr\/LBB\/\",\"logo\":{\"@type\":\"ImageObject\",\"inLanguage\":\"fr-FR\",\"@id\":\"https:\/\/lyonbondyblog.fr\/LBB\/#\/schema\/logo\/image\/\",\"url\":\"http:\/\/lyonbondyblog.fr\/LBB\/wp-content\/uploads\/2014\/10\/logo-portable-144.png\",\"contentUrl\":\"http:\/\/lyonbondyblog.fr\/LBB\/wp-content\/uploads\/2014\/10\/logo-portable-144.png\",\"width\":144,\"height\":123,\"caption\":\"LYON BONDY BLOG\"},\"image\":{\"@id\":\"https:\/\/lyonbondyblog.fr\/LBB\/#\/schema\/logo\/image\/\"},\"sameAs\":[\"https:\/\/www.facebook.com\/lyonbondyblog\",\"https:\/\/x.com\/bondybloglyon\"]},{\"@type\":\"Person\",\"@id\":\"https:\/\/lyonbondyblog.fr\/LBB\/#\/schema\/person\/e45f8d27baac75072daa0be50c409b25\",\"name\":\"La r\u00e9daction\",\"description\":\"Cr\u00e9e en 2008, la r\u00e9daction du Lyon Bondy Blog s'applique \u00e0 proposer une information locale diff\u00e9rente et compl\u00e9mentaire des m\u00e9dias traditionnels.\",\"sameAs\":[\"https:\/\/www.facebook.com\/lyonbondyblog\",\"https:\/\/x.com\/BondyBlogLyon\"],\"url\":\"https:\/\/lyonbondyblog.fr\/LBB\/author\/admin\/\"}]}<\/script>\n<!-- \/ Yoast SEO plugin. -->","yoast_head_json":{"title":"\u00ab Nous pouvons changer l\u2019inacceptable\u00bb, Myriam Pleynard - Lyon Bondy Blog","robots":{"index":"index","follow":"follow","max-snippet":"max-snippet:-1","max-image-preview":"max-image-preview:large","max-video-preview":"max-video-preview:-1"},"canonical":"https:\/\/lyonbondyblog.fr\/LBB\/municipales-lyon-2014-nous-pouvons-changer-linacceptable-interview-de-myriam-pleynard\/","og_locale":"fr_FR","og_type":"article","og_title":"\u00ab Nous pouvons changer l\u2019inacceptable\u00bb, Myriam Pleynard - Lyon Bondy Blog","og_description":"Nous inaugurons avec cette interview notre cycle d\u2019entretiens politiques \u00ab CLIC pour 2014 \u00bb. Nous avons pour ambition de suivre l\u2019int\u00e9gralit\u00e9 de la campagne municipale &hellip;","og_url":"https:\/\/lyonbondyblog.fr\/LBB\/municipales-lyon-2014-nous-pouvons-changer-linacceptable-interview-de-myriam-pleynard\/","og_site_name":"Lyon Bondy Blog","article_publisher":"https:\/\/www.facebook.com\/lyonbondyblog","article_author":"https:\/\/www.facebook.com\/lyonbondyblog","article_published_time":"2013-05-15T12:36:54+00:00","article_modified_time":"2013-07-25T12:02:30+00:00","og_image":[{"width":1501,"height":751,"url":"https:\/\/lyonbondyblog.fr\/LBB\/wp-content\/uploads\/2013\/05\/DSC06623.jpg","type":"image\/jpeg"}],"author":"La r\u00e9daction","twitter_card":"summary_large_image","twitter_creator":"@BondyBlogLyon","twitter_site":"@bondybloglyon","schema":{"@context":"https:\/\/schema.org","@graph":[{"@type":"Article","@id":"https:\/\/lyonbondyblog.fr\/LBB\/municipales-lyon-2014-nous-pouvons-changer-linacceptable-interview-de-myriam-pleynard\/#article","isPartOf":{"@id":"https:\/\/lyonbondyblog.fr\/LBB\/municipales-lyon-2014-nous-pouvons-changer-linacceptable-interview-de-myriam-pleynard\/"},"author":{"name":"La r\u00e9daction","@id":"https:\/\/lyonbondyblog.fr\/LBB\/#\/schema\/person\/e45f8d27baac75072daa0be50c409b25"},"headline":"\u00ab Nous pouvons changer l\u2019inacceptable\u00bb, Myriam Pleynard","datePublished":"2013-05-15T12:36:54+00:00","dateModified":"2013-07-25T12:02:30+00:00","mainEntityOfPage":{"@id":"https:\/\/lyonbondyblog.fr\/LBB\/municipales-lyon-2014-nous-pouvons-changer-linacceptable-interview-de-myriam-pleynard\/"},"wordCount":4538,"commentCount":0,"publisher":{"@id":"https:\/\/lyonbondyblog.fr\/LBB\/#organization"},"image":{"@id":"https:\/\/lyonbondyblog.fr\/LBB\/municipales-lyon-2014-nous-pouvons-changer-linacceptable-interview-de-myriam-pleynard\/#primaryimage"},"thumbnailUrl":"https:\/\/lyonbondyblog.fr\/LBB\/wp-content\/uploads\/2013\/05\/DSC06623.jpg","keywords":["lyon","Lyon Bondy Blog","municipales","Myriam Pleynard","primaires","ump"],"articleSection":["Municipales 2014","Politique"],"inLanguage":"fr-FR","potentialAction":[{"@type":"CommentAction","name":"Comment","target":["https:\/\/lyonbondyblog.fr\/LBB\/municipales-lyon-2014-nous-pouvons-changer-linacceptable-interview-de-myriam-pleynard\/#respond"]}]},{"@type":"WebPage","@id":"https:\/\/lyonbondyblog.fr\/LBB\/municipales-lyon-2014-nous-pouvons-changer-linacceptable-interview-de-myriam-pleynard\/","url":"https:\/\/lyonbondyblog.fr\/LBB\/municipales-lyon-2014-nous-pouvons-changer-linacceptable-interview-de-myriam-pleynard\/","name":"\u00ab Nous pouvons changer l\u2019inacceptable\u00bb, Myriam Pleynard - Lyon Bondy Blog","isPartOf":{"@id":"https:\/\/lyonbondyblog.fr\/LBB\/#website"},"primaryImageOfPage":{"@id":"https:\/\/lyonbondyblog.fr\/LBB\/municipales-lyon-2014-nous-pouvons-changer-linacceptable-interview-de-myriam-pleynard\/#primaryimage"},"image":{"@id":"https:\/\/lyonbondyblog.fr\/LBB\/municipales-lyon-2014-nous-pouvons-changer-linacceptable-interview-de-myriam-pleynard\/#primaryimage"},"thumbnailUrl":"https:\/\/lyonbondyblog.fr\/LBB\/wp-content\/uploads\/2013\/05\/DSC06623.jpg","datePublished":"2013-05-15T12:36:54+00:00","dateModified":"2013-07-25T12:02:30+00:00","inLanguage":"fr-FR","potentialAction":[{"@type":"ReadAction","target":["https:\/\/lyonbondyblog.fr\/LBB\/municipales-lyon-2014-nous-pouvons-changer-linacceptable-interview-de-myriam-pleynard\/"]}]},{"@type":"ImageObject","inLanguage":"fr-FR","@id":"https:\/\/lyonbondyblog.fr\/LBB\/municipales-lyon-2014-nous-pouvons-changer-linacceptable-interview-de-myriam-pleynard\/#primaryimage","url":"https:\/\/lyonbondyblog.fr\/LBB\/wp-content\/uploads\/2013\/05\/DSC06623.jpg","contentUrl":"https:\/\/lyonbondyblog.fr\/LBB\/wp-content\/uploads\/2013\/05\/DSC06623.jpg","width":1501,"height":751},{"@type":"WebSite","@id":"https:\/\/lyonbondyblog.fr\/LBB\/#website","url":"https:\/\/lyonbondyblog.fr\/LBB\/","name":"Lyon Bondy Blog","description":"","publisher":{"@id":"https:\/\/lyonbondyblog.fr\/LBB\/#organization"},"potentialAction":[{"@type":"SearchAction","target":{"@type":"EntryPoint","urlTemplate":"https:\/\/lyonbondyblog.fr\/LBB\/?s={search_term_string}"},"query-input":"required name=search_term_string"}],"inLanguage":"fr-FR"},{"@type":"Organization","@id":"https:\/\/lyonbondyblog.fr\/LBB\/#organization","name":"LYON BONDY BLOG","url":"https:\/\/lyonbondyblog.fr\/LBB\/","logo":{"@type":"ImageObject","inLanguage":"fr-FR","@id":"https:\/\/lyonbondyblog.fr\/LBB\/#\/schema\/logo\/image\/","url":"http:\/\/lyonbondyblog.fr\/LBB\/wp-content\/uploads\/2014\/10\/logo-portable-144.png","contentUrl":"http:\/\/lyonbondyblog.fr\/LBB\/wp-content\/uploads\/2014\/10\/logo-portable-144.png","width":144,"height":123,"caption":"LYON BONDY BLOG"},"image":{"@id":"https:\/\/lyonbondyblog.fr\/LBB\/#\/schema\/logo\/image\/"},"sameAs":["https:\/\/www.facebook.com\/lyonbondyblog","https:\/\/x.com\/bondybloglyon"]},{"@type":"Person","@id":"https:\/\/lyonbondyblog.fr\/LBB\/#\/schema\/person\/e45f8d27baac75072daa0be50c409b25","name":"La r\u00e9daction","description":"Cr\u00e9e en 2008, la r\u00e9daction du Lyon Bondy Blog s'applique \u00e0 proposer une information locale diff\u00e9rente et compl\u00e9mentaire des m\u00e9dias traditionnels.","sameAs":["https:\/\/www.facebook.com\/lyonbondyblog","https:\/\/x.com\/BondyBlogLyon"],"url":"https:\/\/lyonbondyblog.fr\/LBB\/author\/admin\/"}]}},"_links":{"self":[{"href":"https:\/\/lyonbondyblog.fr\/LBB\/wp-json\/wp\/v2\/posts\/225","targetHints":{"allow":["GET"]}}],"collection":[{"href":"https:\/\/lyonbondyblog.fr\/LBB\/wp-json\/wp\/v2\/posts"}],"about":[{"href":"https:\/\/lyonbondyblog.fr\/LBB\/wp-json\/wp\/v2\/types\/post"}],"author":[{"embeddable":true,"href":"https:\/\/lyonbondyblog.fr\/LBB\/wp-json\/wp\/v2\/users\/1"}],"replies":[{"embeddable":true,"href":"https:\/\/lyonbondyblog.fr\/LBB\/wp-json\/wp\/v2\/comments?post=225"}],"version-history":[{"count":0,"href":"https:\/\/lyonbondyblog.fr\/LBB\/wp-json\/wp\/v2\/posts\/225\/revisions"}],"wp:featuredmedia":[{"embeddable":true,"href":"https:\/\/lyonbondyblog.fr\/LBB\/wp-json\/wp\/v2\/media\/724"}],"wp:attachment":[{"href":"https:\/\/lyonbondyblog.fr\/LBB\/wp-json\/wp\/v2\/media?parent=225"}],"wp:term":[{"taxonomy":"category","embeddable":true,"href":"https:\/\/lyonbondyblog.fr\/LBB\/wp-json\/wp\/v2\/categories?post=225"},{"taxonomy":"post_tag","embeddable":true,"href":"https:\/\/lyonbondyblog.fr\/LBB\/wp-json\/wp\/v2\/tags?post=225"}],"curies":[{"name":"wp","href":"https:\/\/api.w.org\/{rel}","templated":true}]}}