{"id":22365,"date":"2021-04-07T17:14:37","date_gmt":"2021-04-07T15:14:37","guid":{"rendered":"http:\/\/lyonbondyblog.fr\/LBB\/?p=22365"},"modified":"2021-04-09T17:26:29","modified_gmt":"2021-04-09T15:26:29","slug":"partez-en-voyage-culinaire-avec-des-saveurs-et-des-ailes-a-villeurbanne","status":"publish","type":"post","link":"https:\/\/lyonbondyblog.fr\/LBB\/partez-en-voyage-culinaire-avec-des-saveurs-et-des-ailes-a-villeurbanne\/","title":{"rendered":"Partez en voyage culinaire avec \u00ab\u00a0Des saveurs et des ailes\u00a0\u00bb \u00e0 Villeurbanne"},"content":{"rendered":"\n<h4 class=\"wp-block-heading\">Le foodtruck \u00ab&nbsp;Des saveurs et des ailes&nbsp;\u00bb s\u2019installe sur le parvis de l\u2019h\u00f4tel de ville de Villeurbanne du 6 au 25 avril. Un menu diff\u00e9rent sera propos\u00e9 tous les jours, au prix de 15 euros. Cette initiative a pour but de lancer des entrepreneurs de la restauration, explications.<\/h4>\n\n\n\n<p>Du 6 au 25 avril, l\u2019association Entrepreneurs du Monde met en place un foodtruck sur le parvis de l\u2019h\u00f4tel de ville de Villeurbanne. Ax\u00e9 sur la cuisine du monde, il proposera des plats venus d\u2019Inde, de G\u00e9orgie, de Syrie et biens d\u2019autres destinations&nbsp;! <a href=\"https:\/\/incubationcreationinclusion.fr\/operation-des-saveurs-et-des-ailes\/\" target=\"_blank\" rel=\"noreferrer noopener\">Pour retrouver le programme des menus, \u00e7a se passe ici&nbsp;!<\/a><\/p>\n\n\n\n<figure class=\"wp-block-image size-large\"><img loading=\"lazy\" decoding=\"async\" width=\"1920\" height=\"1440\" src=\"https:\/\/lyonbondyblog.fr\/LBB\/wp-content\/uploads\/2021\/04\/IMG_20210407_162906-1-1920x1440.jpg\" alt=\"\" class=\"wp-image-22371\" srcset=\"https:\/\/lyonbondyblog.fr\/LBB\/wp-content\/uploads\/2021\/04\/IMG_20210407_162906-1-1920x1440.jpg 1920w, https:\/\/lyonbondyblog.fr\/LBB\/wp-content\/uploads\/2021\/04\/IMG_20210407_162906-1-1200x900.jpg 1200w, https:\/\/lyonbondyblog.fr\/LBB\/wp-content\/uploads\/2021\/04\/IMG_20210407_162906-1-768x576.jpg 768w, https:\/\/lyonbondyblog.fr\/LBB\/wp-content\/uploads\/2021\/04\/IMG_20210407_162906-1-1536x1152.jpg 1536w, https:\/\/lyonbondyblog.fr\/LBB\/wp-content\/uploads\/2021\/04\/IMG_20210407_162906-1-2048x1536.jpg 2048w\" sizes=\"auto, (max-width: 1920px) 100vw, 1920px\" \/><figcaption><em>Situ\u00e9 sur le parvis de l&rsquo;h\u00f4tel de ville de Villeurbanne, le foodtruck est ouvert de 16h \u00e0 19H. Cr\u00e9dits photo : N.D.<\/em><\/figcaption><\/figure>\n\n\n\n<p>Le concept est simple&nbsp;: il suffit de r\u00e9server \u00e0 l\u2019avance son plat (jusqu\u2019\u00e0 48h avant), puis on vient le r\u00e9cup\u00e9rer en \u00ab&nbsp;click and collect&nbsp;\u00bb de 16h \u00e0 19h. Servi froid, le plat se r\u00e9chauffe \u00e0 la maison, covid oblige. Pour 15 euros, un menu unique est propos\u00e9, avec entr\u00e9e, plat et dessert.<\/p>\n\n\n\n<h4 class=\"wp-block-heading\">Des saveurs et des ailes, un foodtruck associatif<\/h4>\n\n\n\n<p>Le foodtruck \u00ab&nbsp;Des saveurs et des ailes&nbsp;\u00bb est une initiative de l\u2019association Entrepreneurs du monde, cr\u00e9\u00e9e en France en 1998. Elle propose un accompagnement des entrepreneurs qui souhaitent se lancer dans la restauration. Cela se traduit par des formations th\u00e9oriques et pratiques, ainsi que des tests en condition r\u00e9elles, comme avec le foodtruck de Villeurbanne. Durant cet \u00e9v\u00e8nement, ce sont au total 6 chefs qui prendront les commandes du foodtruck.<\/p>\n<!-- AddThis Advanced Settings generic via filter on the_content --><!-- AddThis Share Buttons generic via filter on the_content -->","protected":false},"excerpt":{"rendered":"<p>Le foodtruck \u00ab&nbsp;Des saveurs et des ailes&nbsp;\u00bb s\u2019installe sur le parvis de l\u2019h\u00f4tel de ville de Villeurbanne du 6 au 25 avril. Un menu diff\u00e9rent &hellip; <!-- AddThis Advanced Settings generic via filter on wp_trim_excerpt --><!-- AddThis Share Buttons generic via filter on wp_trim_excerpt --><\/p>\n","protected":false},"author":14288,"featured_media":22372,"comment_status":"open","ping_status":"open","sticky":false,"template":"","format":"standard","meta":{"_FSMCFIC_featured_image_caption":"","_FSMCFIC_featured_image_nocaption":"","_FSMCFIC_featured_image_hide":"","footnotes":""},"categories":[18131,4,10388],"tags":[435,128],"class_list":["post-22365","post","type-post","status-publish","format-standard","has-post-thumbnail","hentry","category-evenement","category-lyon","category-villeurbanne","tag-association","tag-villeurbanne"],"yoast_head":"<!-- This site is optimized with the Yoast SEO plugin v22.8 - https:\/\/yoast.com\/wordpress\/plugins\/seo\/ -->\n<title>Partez en voyage culinaire avec &quot;Des saveurs et des ailes&quot; \u00e0 Villeurbanne - Lyon Bondy Blog<\/title>\n<meta name=\"description\" content=\"Le foodtruck \u00ab Des saveurs et des ailes \u00bb s\u2019installe sur le parvis de l\u2019h\u00f4tel de ville de Villeurbanne du 6 au 25 avril\" \/>\n<meta name=\"robots\" content=\"index, follow, max-snippet:-1, max-image-preview:large, max-video-preview:-1\" \/>\n<link rel=\"canonical\" href=\"https:\/\/lyonbondyblog.fr\/LBB\/partez-en-voyage-culinaire-avec-des-saveurs-et-des-ailes-a-villeurbanne\/\" \/>\n<meta property=\"og:locale\" content=\"fr_FR\" \/>\n<meta property=\"og:type\" content=\"article\" \/>\n<meta property=\"og:title\" content=\"Partez en voyage culinaire avec &quot;Des saveurs et des ailes&quot; \u00e0 Villeurbanne - Lyon Bondy Blog\" \/>\n<meta property=\"og:description\" content=\"Le foodtruck \u00ab Des saveurs et des ailes \u00bb s\u2019installe sur le parvis de l\u2019h\u00f4tel de ville de Villeurbanne du 6 au 25 avril\" \/>\n<meta property=\"og:url\" content=\"https:\/\/lyonbondyblog.fr\/LBB\/partez-en-voyage-culinaire-avec-des-saveurs-et-des-ailes-a-villeurbanne\/\" \/>\n<meta property=\"og:site_name\" content=\"Lyon Bondy Blog\" \/>\n<meta property=\"article:publisher\" content=\"https:\/\/www.facebook.com\/lyonbondyblog\" \/>\n<meta property=\"article:published_time\" content=\"2021-04-07T15:14:37+00:00\" \/>\n<meta property=\"article:modified_time\" content=\"2021-04-09T15:26:29+00:00\" \/>\n<meta property=\"og:image\" content=\"https:\/\/lyonbondyblog.fr\/LBB\/wp-content\/uploads\/2021\/04\/IMG_20210407_162938-scaled.jpg\" \/>\n\t<meta property=\"og:image:width\" content=\"2560\" \/>\n\t<meta property=\"og:image:height\" content=\"1920\" \/>\n\t<meta property=\"og:image:type\" content=\"image\/jpeg\" \/>\n<meta name=\"author\" content=\"Nicolas Delattre\" \/>\n<meta name=\"twitter:card\" content=\"summary_large_image\" \/>\n<meta name=\"twitter:creator\" content=\"@bondybloglyon\" \/>\n<meta name=\"twitter:site\" content=\"@bondybloglyon\" \/>\n<script type=\"application\/ld+json\" class=\"yoast-schema-graph\">{\"@context\":\"https:\/\/schema.org\",\"@graph\":[{\"@type\":\"Article\",\"@id\":\"https:\/\/lyonbondyblog.fr\/LBB\/partez-en-voyage-culinaire-avec-des-saveurs-et-des-ailes-a-villeurbanne\/#article\",\"isPartOf\":{\"@id\":\"https:\/\/lyonbondyblog.fr\/LBB\/partez-en-voyage-culinaire-avec-des-saveurs-et-des-ailes-a-villeurbanne\/\"},\"author\":{\"name\":\"Nicolas Delattre\",\"@id\":\"https:\/\/lyonbondyblog.fr\/LBB\/#\/schema\/person\/3f5335e7f858766f4ed6876c707e54c5\"},\"headline\":\"Partez en voyage culinaire avec \u00ab\u00a0Des saveurs et des ailes\u00a0\u00bb \u00e0 Villeurbanne\",\"datePublished\":\"2021-04-07T15:14:37+00:00\",\"dateModified\":\"2021-04-09T15:26:29+00:00\",\"mainEntityOfPage\":{\"@id\":\"https:\/\/lyonbondyblog.fr\/LBB\/partez-en-voyage-culinaire-avec-des-saveurs-et-des-ailes-a-villeurbanne\/\"},\"wordCount\":284,\"commentCount\":0,\"publisher\":{\"@id\":\"https:\/\/lyonbondyblog.fr\/LBB\/#organization\"},\"image\":{\"@id\":\"https:\/\/lyonbondyblog.fr\/LBB\/partez-en-voyage-culinaire-avec-des-saveurs-et-des-ailes-a-villeurbanne\/#primaryimage\"},\"thumbnailUrl\":\"https:\/\/lyonbondyblog.fr\/LBB\/wp-content\/uploads\/2021\/04\/IMG_20210407_162938-scaled.jpg\",\"keywords\":[\"association\",\"Villeurbanne\"],\"articleSection\":[\"Ev\u00e9nement\",\"Lyon\",\"Villeurbanne\"],\"inLanguage\":\"fr-FR\",\"potentialAction\":[{\"@type\":\"CommentAction\",\"name\":\"Comment\",\"target\":[\"https:\/\/lyonbondyblog.fr\/LBB\/partez-en-voyage-culinaire-avec-des-saveurs-et-des-ailes-a-villeurbanne\/#respond\"]}]},{\"@type\":\"WebPage\",\"@id\":\"https:\/\/lyonbondyblog.fr\/LBB\/partez-en-voyage-culinaire-avec-des-saveurs-et-des-ailes-a-villeurbanne\/\",\"url\":\"https:\/\/lyonbondyblog.fr\/LBB\/partez-en-voyage-culinaire-avec-des-saveurs-et-des-ailes-a-villeurbanne\/\",\"name\":\"Partez en voyage culinaire avec \\\"Des saveurs et des ailes\\\" \u00e0 Villeurbanne - Lyon Bondy Blog\",\"isPartOf\":{\"@id\":\"https:\/\/lyonbondyblog.fr\/LBB\/#website\"},\"primaryImageOfPage\":{\"@id\":\"https:\/\/lyonbondyblog.fr\/LBB\/partez-en-voyage-culinaire-avec-des-saveurs-et-des-ailes-a-villeurbanne\/#primaryimage\"},\"image\":{\"@id\":\"https:\/\/lyonbondyblog.fr\/LBB\/partez-en-voyage-culinaire-avec-des-saveurs-et-des-ailes-a-villeurbanne\/#primaryimage\"},\"thumbnailUrl\":\"https:\/\/lyonbondyblog.fr\/LBB\/wp-content\/uploads\/2021\/04\/IMG_20210407_162938-scaled.jpg\",\"datePublished\":\"2021-04-07T15:14:37+00:00\",\"dateModified\":\"2021-04-09T15:26:29+00:00\",\"description\":\"Le foodtruck \u00ab Des saveurs et des ailes \u00bb s\u2019installe sur le parvis de l\u2019h\u00f4tel de ville de Villeurbanne du 6 au 25 avril\",\"inLanguage\":\"fr-FR\",\"potentialAction\":[{\"@type\":\"ReadAction\",\"target\":[\"https:\/\/lyonbondyblog.fr\/LBB\/partez-en-voyage-culinaire-avec-des-saveurs-et-des-ailes-a-villeurbanne\/\"]}]},{\"@type\":\"ImageObject\",\"inLanguage\":\"fr-FR\",\"@id\":\"https:\/\/lyonbondyblog.fr\/LBB\/partez-en-voyage-culinaire-avec-des-saveurs-et-des-ailes-a-villeurbanne\/#primaryimage\",\"url\":\"https:\/\/lyonbondyblog.fr\/LBB\/wp-content\/uploads\/2021\/04\/IMG_20210407_162938-scaled.jpg\",\"contentUrl\":\"https:\/\/lyonbondyblog.fr\/LBB\/wp-content\/uploads\/2021\/04\/IMG_20210407_162938-scaled.jpg\",\"width\":2560,\"height\":1920},{\"@type\":\"WebSite\",\"@id\":\"https:\/\/lyonbondyblog.fr\/LBB\/#website\",\"url\":\"https:\/\/lyonbondyblog.fr\/LBB\/\",\"name\":\"Lyon Bondy Blog\",\"description\":\"\",\"publisher\":{\"@id\":\"https:\/\/lyonbondyblog.fr\/LBB\/#organization\"},\"potentialAction\":[{\"@type\":\"SearchAction\",\"target\":{\"@type\":\"EntryPoint\",\"urlTemplate\":\"https:\/\/lyonbondyblog.fr\/LBB\/?s={search_term_string}\"},\"query-input\":\"required name=search_term_string\"}],\"inLanguage\":\"fr-FR\"},{\"@type\":\"Organization\",\"@id\":\"https:\/\/lyonbondyblog.fr\/LBB\/#organization\",\"name\":\"LYON BONDY BLOG\",\"url\":\"https:\/\/lyonbondyblog.fr\/LBB\/\",\"logo\":{\"@type\":\"ImageObject\",\"inLanguage\":\"fr-FR\",\"@id\":\"https:\/\/lyonbondyblog.fr\/LBB\/#\/schema\/logo\/image\/\",\"url\":\"http:\/\/lyonbondyblog.fr\/LBB\/wp-content\/uploads\/2014\/10\/logo-portable-144.png\",\"contentUrl\":\"http:\/\/lyonbondyblog.fr\/LBB\/wp-content\/uploads\/2014\/10\/logo-portable-144.png\",\"width\":144,\"height\":123,\"caption\":\"LYON BONDY BLOG\"},\"image\":{\"@id\":\"https:\/\/lyonbondyblog.fr\/LBB\/#\/schema\/logo\/image\/\"},\"sameAs\":[\"https:\/\/www.facebook.com\/lyonbondyblog\",\"https:\/\/x.com\/bondybloglyon\"]},{\"@type\":\"Person\",\"@id\":\"https:\/\/lyonbondyblog.fr\/LBB\/#\/schema\/person\/3f5335e7f858766f4ed6876c707e54c5\",\"name\":\"Nicolas Delattre\",\"url\":\"https:\/\/lyonbondyblog.fr\/LBB\/author\/nicolas-delattre\/\"}]}<\/script>\n<!-- \/ Yoast SEO plugin. -->","yoast_head_json":{"title":"Partez en voyage culinaire avec \"Des saveurs et des ailes\" \u00e0 Villeurbanne - Lyon Bondy Blog","description":"Le foodtruck \u00ab Des saveurs et des ailes \u00bb s\u2019installe sur le parvis de l\u2019h\u00f4tel de ville de Villeurbanne du 6 au 25 avril","robots":{"index":"index","follow":"follow","max-snippet":"max-snippet:-1","max-image-preview":"max-image-preview:large","max-video-preview":"max-video-preview:-1"},"canonical":"https:\/\/lyonbondyblog.fr\/LBB\/partez-en-voyage-culinaire-avec-des-saveurs-et-des-ailes-a-villeurbanne\/","og_locale":"fr_FR","og_type":"article","og_title":"Partez en voyage culinaire avec \"Des saveurs et des ailes\" \u00e0 Villeurbanne - Lyon Bondy Blog","og_description":"Le foodtruck \u00ab Des saveurs et des ailes \u00bb s\u2019installe sur le parvis de l\u2019h\u00f4tel de ville de Villeurbanne du 6 au 25 avril","og_url":"https:\/\/lyonbondyblog.fr\/LBB\/partez-en-voyage-culinaire-avec-des-saveurs-et-des-ailes-a-villeurbanne\/","og_site_name":"Lyon Bondy Blog","article_publisher":"https:\/\/www.facebook.com\/lyonbondyblog","article_published_time":"2021-04-07T15:14:37+00:00","article_modified_time":"2021-04-09T15:26:29+00:00","og_image":[{"width":2560,"height":1920,"url":"https:\/\/lyonbondyblog.fr\/LBB\/wp-content\/uploads\/2021\/04\/IMG_20210407_162938-scaled.jpg","type":"image\/jpeg"}],"author":"Nicolas Delattre","twitter_card":"summary_large_image","twitter_creator":"@bondybloglyon","twitter_site":"@bondybloglyon","schema":{"@context":"https:\/\/schema.org","@graph":[{"@type":"Article","@id":"https:\/\/lyonbondyblog.fr\/LBB\/partez-en-voyage-culinaire-avec-des-saveurs-et-des-ailes-a-villeurbanne\/#article","isPartOf":{"@id":"https:\/\/lyonbondyblog.fr\/LBB\/partez-en-voyage-culinaire-avec-des-saveurs-et-des-ailes-a-villeurbanne\/"},"author":{"name":"Nicolas Delattre","@id":"https:\/\/lyonbondyblog.fr\/LBB\/#\/schema\/person\/3f5335e7f858766f4ed6876c707e54c5"},"headline":"Partez en voyage culinaire avec \u00ab\u00a0Des saveurs et des ailes\u00a0\u00bb \u00e0 Villeurbanne","datePublished":"2021-04-07T15:14:37+00:00","dateModified":"2021-04-09T15:26:29+00:00","mainEntityOfPage":{"@id":"https:\/\/lyonbondyblog.fr\/LBB\/partez-en-voyage-culinaire-avec-des-saveurs-et-des-ailes-a-villeurbanne\/"},"wordCount":284,"commentCount":0,"publisher":{"@id":"https:\/\/lyonbondyblog.fr\/LBB\/#organization"},"image":{"@id":"https:\/\/lyonbondyblog.fr\/LBB\/partez-en-voyage-culinaire-avec-des-saveurs-et-des-ailes-a-villeurbanne\/#primaryimage"},"thumbnailUrl":"https:\/\/lyonbondyblog.fr\/LBB\/wp-content\/uploads\/2021\/04\/IMG_20210407_162938-scaled.jpg","keywords":["association","Villeurbanne"],"articleSection":["Ev\u00e9nement","Lyon","Villeurbanne"],"inLanguage":"fr-FR","potentialAction":[{"@type":"CommentAction","name":"Comment","target":["https:\/\/lyonbondyblog.fr\/LBB\/partez-en-voyage-culinaire-avec-des-saveurs-et-des-ailes-a-villeurbanne\/#respond"]}]},{"@type":"WebPage","@id":"https:\/\/lyonbondyblog.fr\/LBB\/partez-en-voyage-culinaire-avec-des-saveurs-et-des-ailes-a-villeurbanne\/","url":"https:\/\/lyonbondyblog.fr\/LBB\/partez-en-voyage-culinaire-avec-des-saveurs-et-des-ailes-a-villeurbanne\/","name":"Partez en voyage culinaire avec \"Des saveurs et des ailes\" \u00e0 Villeurbanne - Lyon Bondy Blog","isPartOf":{"@id":"https:\/\/lyonbondyblog.fr\/LBB\/#website"},"primaryImageOfPage":{"@id":"https:\/\/lyonbondyblog.fr\/LBB\/partez-en-voyage-culinaire-avec-des-saveurs-et-des-ailes-a-villeurbanne\/#primaryimage"},"image":{"@id":"https:\/\/lyonbondyblog.fr\/LBB\/partez-en-voyage-culinaire-avec-des-saveurs-et-des-ailes-a-villeurbanne\/#primaryimage"},"thumbnailUrl":"https:\/\/lyonbondyblog.fr\/LBB\/wp-content\/uploads\/2021\/04\/IMG_20210407_162938-scaled.jpg","datePublished":"2021-04-07T15:14:37+00:00","dateModified":"2021-04-09T15:26:29+00:00","description":"Le foodtruck \u00ab Des saveurs et des ailes \u00bb s\u2019installe sur le parvis de l\u2019h\u00f4tel de ville de Villeurbanne du 6 au 25 avril","inLanguage":"fr-FR","potentialAction":[{"@type":"ReadAction","target":["https:\/\/lyonbondyblog.fr\/LBB\/partez-en-voyage-culinaire-avec-des-saveurs-et-des-ailes-a-villeurbanne\/"]}]},{"@type":"ImageObject","inLanguage":"fr-FR","@id":"https:\/\/lyonbondyblog.fr\/LBB\/partez-en-voyage-culinaire-avec-des-saveurs-et-des-ailes-a-villeurbanne\/#primaryimage","url":"https:\/\/lyonbondyblog.fr\/LBB\/wp-content\/uploads\/2021\/04\/IMG_20210407_162938-scaled.jpg","contentUrl":"https:\/\/lyonbondyblog.fr\/LBB\/wp-content\/uploads\/2021\/04\/IMG_20210407_162938-scaled.jpg","width":2560,"height":1920},{"@type":"WebSite","@id":"https:\/\/lyonbondyblog.fr\/LBB\/#website","url":"https:\/\/lyonbondyblog.fr\/LBB\/","name":"Lyon Bondy Blog","description":"","publisher":{"@id":"https:\/\/lyonbondyblog.fr\/LBB\/#organization"},"potentialAction":[{"@type":"SearchAction","target":{"@type":"EntryPoint","urlTemplate":"https:\/\/lyonbondyblog.fr\/LBB\/?s={search_term_string}"},"query-input":"required name=search_term_string"}],"inLanguage":"fr-FR"},{"@type":"Organization","@id":"https:\/\/lyonbondyblog.fr\/LBB\/#organization","name":"LYON BONDY BLOG","url":"https:\/\/lyonbondyblog.fr\/LBB\/","logo":{"@type":"ImageObject","inLanguage":"fr-FR","@id":"https:\/\/lyonbondyblog.fr\/LBB\/#\/schema\/logo\/image\/","url":"http:\/\/lyonbondyblog.fr\/LBB\/wp-content\/uploads\/2014\/10\/logo-portable-144.png","contentUrl":"http:\/\/lyonbondyblog.fr\/LBB\/wp-content\/uploads\/2014\/10\/logo-portable-144.png","width":144,"height":123,"caption":"LYON BONDY BLOG"},"image":{"@id":"https:\/\/lyonbondyblog.fr\/LBB\/#\/schema\/logo\/image\/"},"sameAs":["https:\/\/www.facebook.com\/lyonbondyblog","https:\/\/x.com\/bondybloglyon"]},{"@type":"Person","@id":"https:\/\/lyonbondyblog.fr\/LBB\/#\/schema\/person\/3f5335e7f858766f4ed6876c707e54c5","name":"Nicolas Delattre","url":"https:\/\/lyonbondyblog.fr\/LBB\/author\/nicolas-delattre\/"}]}},"_links":{"self":[{"href":"https:\/\/lyonbondyblog.fr\/LBB\/wp-json\/wp\/v2\/posts\/22365","targetHints":{"allow":["GET"]}}],"collection":[{"href":"https:\/\/lyonbondyblog.fr\/LBB\/wp-json\/wp\/v2\/posts"}],"about":[{"href":"https:\/\/lyonbondyblog.fr\/LBB\/wp-json\/wp\/v2\/types\/post"}],"author":[{"embeddable":true,"href":"https:\/\/lyonbondyblog.fr\/LBB\/wp-json\/wp\/v2\/users\/14288"}],"replies":[{"embeddable":true,"href":"https:\/\/lyonbondyblog.fr\/LBB\/wp-json\/wp\/v2\/comments?post=22365"}],"version-history":[{"count":8,"href":"https:\/\/lyonbondyblog.fr\/LBB\/wp-json\/wp\/v2\/posts\/22365\/revisions"}],"predecessor-version":[{"id":22396,"href":"https:\/\/lyonbondyblog.fr\/LBB\/wp-json\/wp\/v2\/posts\/22365\/revisions\/22396"}],"wp:featuredmedia":[{"embeddable":true,"href":"https:\/\/lyonbondyblog.fr\/LBB\/wp-json\/wp\/v2\/media\/22372"}],"wp:attachment":[{"href":"https:\/\/lyonbondyblog.fr\/LBB\/wp-json\/wp\/v2\/media?parent=22365"}],"wp:term":[{"taxonomy":"category","embeddable":true,"href":"https:\/\/lyonbondyblog.fr\/LBB\/wp-json\/wp\/v2\/categories?post=22365"},{"taxonomy":"post_tag","embeddable":true,"href":"https:\/\/lyonbondyblog.fr\/LBB\/wp-json\/wp\/v2\/tags?post=22365"}],"curies":[{"name":"wp","href":"https:\/\/api.w.org\/{rel}","templated":true}]}}