{"id":22223,"date":"2021-03-24T21:49:55","date_gmt":"2021-03-24T20:49:55","guid":{"rendered":"http:\/\/lyonbondyblog.fr\/LBB\/?p=22223"},"modified":"2021-04-09T17:28:25","modified_gmt":"2021-04-09T15:28:25","slug":"mouvement-occupons-de-lodeon-a-lopera","status":"publish","type":"post","link":"https:\/\/lyonbondyblog.fr\/LBB\/mouvement-occupons-de-lodeon-a-lopera\/","title":{"rendered":"Mouvement #Occupons : de l&rsquo;Od\u00e9on \u00e0 l&rsquo;Op\u00e9ra"},"content":{"rendered":"<h4>Le 4 mars dernier, une manifestation organis\u00e9e par la CGT Spectacle d\u00e9bouchait sur l\u2019occupation du Th\u00e9\u00e2tre de l\u2019Od\u00e9on \u00e0 Paris. Depuis, le mouvement s\u2019est propag\u00e9 dans toute la France. Le Th\u00e9\u00e2tre National Populaire de Villeurbanne est ainsi occup\u00e9 depuis vendredi 12 mars par des travailleurs du secteur, tandis que des \u00e9tudiants ont investi l\u2019op\u00e9ra de Lyon lundi 15.<\/h4>\n<p>A ce jour, <a href=\"https:\/\/www.francetvinfo.fr\/culture\/spectacles\/theatre\/culture-les-theatres-de-france-occupes-pour-demander-la-reouverture_4341825.html\">plus d&rsquo;une soixantaine de lieux sont occup\u00e9s dans toute la France.<\/a> De nombreux m\u00e9dias ont mis en avant la volont\u00e9 des militants d\u2019obtenir la r\u00e9ouverture des lieux culturels. Pourtant, ceux-ci souhaitent ouvrir la mobilisation au plus grand nombre, et <a href=\"https:\/\/www.france24.com\/fr\/culture\/20210314-l-occupation-du-th%C3%A9%C3%A2tre-de-l-od%C3%A9on-un-combat-d-artistes-pour-faire-converger-les-luttes\">appellent \u00e0 une convergence des luttes.<\/a> Tha\u00efs, Nils et Otyn font partie des jeunes qui occupent l&rsquo;op\u00e9ra. Militante au Collectif Unitaire 69, Coline \u00e9tait une des premi\u00e8res \u00e0 investir le TNP. Ils t\u00e9moignent pour le <em>Lyon Bondy Blog<\/em>.<\/p>\n<p><iframe loading=\"lazy\" title=\"YouTube video player\" src=\"https:\/\/www.youtube.com\/embed\/KaKpYDj5Wd0\" allowfullscreen=\"allowfullscreen\" width=\"560\" height=\"315\" frameborder=\"0\"><\/iframe><\/p>\n<p><span style=\"font-size: 10pt;\">Cr\u00e9dits musique : https:\/\/icons8.com\/music\/<\/span><\/p>\n<!-- AddThis Advanced Settings generic via filter on the_content --><!-- AddThis Share Buttons generic via filter on the_content -->","protected":false},"excerpt":{"rendered":"<p>Le 4 mars dernier, une manifestation organis\u00e9e par la CGT Spectacle d\u00e9bouchait sur l\u2019occupation du Th\u00e9\u00e2tre de l\u2019Od\u00e9on \u00e0 Paris. Depuis, le mouvement s\u2019est propag\u00e9 &hellip; <!-- AddThis Advanced Settings generic via filter on wp_trim_excerpt --><!-- AddThis Share Buttons generic via filter on wp_trim_excerpt --><\/p>\n","protected":false},"author":27168,"featured_media":22226,"comment_status":"open","ping_status":"open","sticky":false,"template":"","format":"standard","meta":{"_FSMCFIC_featured_image_caption":"","_FSMCFIC_featured_image_nocaption":"","_FSMCFIC_featured_image_hide":"","footnotes":""},"categories":[3,4,6447,2,10388],"tags":[],"class_list":["post-22223","post","type-post","status-publish","format-standard","has-post-thumbnail","hentry","category-culture","category-lyon","category-manifestations","category-societe","category-villeurbanne"],"yoast_head":"<!-- This site is optimized with the Yoast SEO plugin v22.8 - https:\/\/yoast.com\/wordpress\/plugins\/seo\/ -->\n<title>Mouvement #Occupons : de l&#039;Od\u00e9on \u00e0 l&#039;Op\u00e9ra - Lyon Bondy Blog<\/title>\n<meta name=\"robots\" content=\"index, follow, max-snippet:-1, max-image-preview:large, max-video-preview:-1\" \/>\n<link rel=\"canonical\" href=\"https:\/\/lyonbondyblog.fr\/LBB\/mouvement-occupons-de-lodeon-a-lopera\/\" \/>\n<meta property=\"og:locale\" content=\"fr_FR\" \/>\n<meta property=\"og:type\" content=\"article\" \/>\n<meta property=\"og:title\" content=\"Mouvement #Occupons : de l&#039;Od\u00e9on \u00e0 l&#039;Op\u00e9ra - Lyon Bondy Blog\" \/>\n<meta property=\"og:description\" content=\"Le 4 mars dernier, une manifestation organis\u00e9e par la CGT Spectacle d\u00e9bouchait sur l\u2019occupation du Th\u00e9\u00e2tre de l\u2019Od\u00e9on \u00e0 Paris. Depuis, le mouvement s\u2019est propag\u00e9 &hellip;\" \/>\n<meta property=\"og:url\" content=\"https:\/\/lyonbondyblog.fr\/LBB\/mouvement-occupons-de-lodeon-a-lopera\/\" \/>\n<meta property=\"og:site_name\" content=\"Lyon Bondy Blog\" \/>\n<meta property=\"article:publisher\" content=\"https:\/\/www.facebook.com\/lyonbondyblog\" \/>\n<meta property=\"article:published_time\" content=\"2021-03-24T20:49:55+00:00\" \/>\n<meta property=\"article:modified_time\" content=\"2021-04-09T15:28:25+00:00\" \/>\n<meta property=\"og:image\" content=\"https:\/\/lyonbondyblog.fr\/LBB\/wp-content\/uploads\/2021\/03\/IMG_7748-1920x1280.jpg\" \/>\n\t<meta property=\"og:image:width\" content=\"1920\" \/>\n\t<meta property=\"og:image:height\" content=\"1280\" \/>\n\t<meta property=\"og:image:type\" content=\"image\/jpeg\" \/>\n<meta name=\"author\" content=\"clement Drognat\" \/>\n<meta name=\"twitter:card\" content=\"summary_large_image\" \/>\n<meta name=\"twitter:creator\" content=\"@bondybloglyon\" \/>\n<meta name=\"twitter:site\" content=\"@bondybloglyon\" \/>\n<script type=\"application\/ld+json\" class=\"yoast-schema-graph\">{\"@context\":\"https:\/\/schema.org\",\"@graph\":[{\"@type\":\"Article\",\"@id\":\"https:\/\/lyonbondyblog.fr\/LBB\/mouvement-occupons-de-lodeon-a-lopera\/#article\",\"isPartOf\":{\"@id\":\"https:\/\/lyonbondyblog.fr\/LBB\/mouvement-occupons-de-lodeon-a-lopera\/\"},\"author\":{\"name\":\"clement Drognat\",\"@id\":\"https:\/\/lyonbondyblog.fr\/LBB\/#\/schema\/person\/b5fa6aea5756b0a09d40abe87d994760\"},\"headline\":\"Mouvement #Occupons : de l&rsquo;Od\u00e9on \u00e0 l&rsquo;Op\u00e9ra\",\"datePublished\":\"2021-03-24T20:49:55+00:00\",\"dateModified\":\"2021-04-09T15:28:25+00:00\",\"mainEntityOfPage\":{\"@id\":\"https:\/\/lyonbondyblog.fr\/LBB\/mouvement-occupons-de-lodeon-a-lopera\/\"},\"wordCount\":163,\"commentCount\":0,\"publisher\":{\"@id\":\"https:\/\/lyonbondyblog.fr\/LBB\/#organization\"},\"image\":{\"@id\":\"https:\/\/lyonbondyblog.fr\/LBB\/mouvement-occupons-de-lodeon-a-lopera\/#primaryimage\"},\"thumbnailUrl\":\"https:\/\/lyonbondyblog.fr\/LBB\/wp-content\/uploads\/2021\/03\/IMG_7748.jpg\",\"articleSection\":[\"Culture\",\"Lyon\",\"Manifestations\",\"Soci\u00e9t\u00e9\",\"Villeurbanne\"],\"inLanguage\":\"fr-FR\",\"potentialAction\":[{\"@type\":\"CommentAction\",\"name\":\"Comment\",\"target\":[\"https:\/\/lyonbondyblog.fr\/LBB\/mouvement-occupons-de-lodeon-a-lopera\/#respond\"]}]},{\"@type\":\"WebPage\",\"@id\":\"https:\/\/lyonbondyblog.fr\/LBB\/mouvement-occupons-de-lodeon-a-lopera\/\",\"url\":\"https:\/\/lyonbondyblog.fr\/LBB\/mouvement-occupons-de-lodeon-a-lopera\/\",\"name\":\"Mouvement #Occupons : de l'Od\u00e9on \u00e0 l'Op\u00e9ra - Lyon Bondy Blog\",\"isPartOf\":{\"@id\":\"https:\/\/lyonbondyblog.fr\/LBB\/#website\"},\"primaryImageOfPage\":{\"@id\":\"https:\/\/lyonbondyblog.fr\/LBB\/mouvement-occupons-de-lodeon-a-lopera\/#primaryimage\"},\"image\":{\"@id\":\"https:\/\/lyonbondyblog.fr\/LBB\/mouvement-occupons-de-lodeon-a-lopera\/#primaryimage\"},\"thumbnailUrl\":\"https:\/\/lyonbondyblog.fr\/LBB\/wp-content\/uploads\/2021\/03\/IMG_7748.jpg\",\"datePublished\":\"2021-03-24T20:49:55+00:00\",\"dateModified\":\"2021-04-09T15:28:25+00:00\",\"inLanguage\":\"fr-FR\",\"potentialAction\":[{\"@type\":\"ReadAction\",\"target\":[\"https:\/\/lyonbondyblog.fr\/LBB\/mouvement-occupons-de-lodeon-a-lopera\/\"]}]},{\"@type\":\"ImageObject\",\"inLanguage\":\"fr-FR\",\"@id\":\"https:\/\/lyonbondyblog.fr\/LBB\/mouvement-occupons-de-lodeon-a-lopera\/#primaryimage\",\"url\":\"https:\/\/lyonbondyblog.fr\/LBB\/wp-content\/uploads\/2021\/03\/IMG_7748.jpg\",\"contentUrl\":\"https:\/\/lyonbondyblog.fr\/LBB\/wp-content\/uploads\/2021\/03\/IMG_7748.jpg\",\"width\":5184,\"height\":3456},{\"@type\":\"WebSite\",\"@id\":\"https:\/\/lyonbondyblog.fr\/LBB\/#website\",\"url\":\"https:\/\/lyonbondyblog.fr\/LBB\/\",\"name\":\"Lyon Bondy Blog\",\"description\":\"\",\"publisher\":{\"@id\":\"https:\/\/lyonbondyblog.fr\/LBB\/#organization\"},\"potentialAction\":[{\"@type\":\"SearchAction\",\"target\":{\"@type\":\"EntryPoint\",\"urlTemplate\":\"https:\/\/lyonbondyblog.fr\/LBB\/?s={search_term_string}\"},\"query-input\":\"required name=search_term_string\"}],\"inLanguage\":\"fr-FR\"},{\"@type\":\"Organization\",\"@id\":\"https:\/\/lyonbondyblog.fr\/LBB\/#organization\",\"name\":\"LYON BONDY BLOG\",\"url\":\"https:\/\/lyonbondyblog.fr\/LBB\/\",\"logo\":{\"@type\":\"ImageObject\",\"inLanguage\":\"fr-FR\",\"@id\":\"https:\/\/lyonbondyblog.fr\/LBB\/#\/schema\/logo\/image\/\",\"url\":\"http:\/\/lyonbondyblog.fr\/LBB\/wp-content\/uploads\/2014\/10\/logo-portable-144.png\",\"contentUrl\":\"http:\/\/lyonbondyblog.fr\/LBB\/wp-content\/uploads\/2014\/10\/logo-portable-144.png\",\"width\":144,\"height\":123,\"caption\":\"LYON BONDY BLOG\"},\"image\":{\"@id\":\"https:\/\/lyonbondyblog.fr\/LBB\/#\/schema\/logo\/image\/\"},\"sameAs\":[\"https:\/\/www.facebook.com\/lyonbondyblog\",\"https:\/\/x.com\/bondybloglyon\"]},{\"@type\":\"Person\",\"@id\":\"https:\/\/lyonbondyblog.fr\/LBB\/#\/schema\/person\/b5fa6aea5756b0a09d40abe87d994760\",\"name\":\"clement Drognat\",\"url\":\"https:\/\/lyonbondyblog.fr\/LBB\/author\/clementdrognat\/\"}]}<\/script>\n<!-- \/ Yoast SEO plugin. -->","yoast_head_json":{"title":"Mouvement #Occupons : de l'Od\u00e9on \u00e0 l'Op\u00e9ra - Lyon Bondy Blog","robots":{"index":"index","follow":"follow","max-snippet":"max-snippet:-1","max-image-preview":"max-image-preview:large","max-video-preview":"max-video-preview:-1"},"canonical":"https:\/\/lyonbondyblog.fr\/LBB\/mouvement-occupons-de-lodeon-a-lopera\/","og_locale":"fr_FR","og_type":"article","og_title":"Mouvement #Occupons : de l'Od\u00e9on \u00e0 l'Op\u00e9ra - Lyon Bondy Blog","og_description":"Le 4 mars dernier, une manifestation organis\u00e9e par la CGT Spectacle d\u00e9bouchait sur l\u2019occupation du Th\u00e9\u00e2tre de l\u2019Od\u00e9on \u00e0 Paris. Depuis, le mouvement s\u2019est propag\u00e9 &hellip;","og_url":"https:\/\/lyonbondyblog.fr\/LBB\/mouvement-occupons-de-lodeon-a-lopera\/","og_site_name":"Lyon Bondy Blog","article_publisher":"https:\/\/www.facebook.com\/lyonbondyblog","article_published_time":"2021-03-24T20:49:55+00:00","article_modified_time":"2021-04-09T15:28:25+00:00","og_image":[{"width":1920,"height":1280,"url":"https:\/\/lyonbondyblog.fr\/LBB\/wp-content\/uploads\/2021\/03\/IMG_7748-1920x1280.jpg","type":"image\/jpeg"}],"author":"clement Drognat","twitter_card":"summary_large_image","twitter_creator":"@bondybloglyon","twitter_site":"@bondybloglyon","schema":{"@context":"https:\/\/schema.org","@graph":[{"@type":"Article","@id":"https:\/\/lyonbondyblog.fr\/LBB\/mouvement-occupons-de-lodeon-a-lopera\/#article","isPartOf":{"@id":"https:\/\/lyonbondyblog.fr\/LBB\/mouvement-occupons-de-lodeon-a-lopera\/"},"author":{"name":"clement Drognat","@id":"https:\/\/lyonbondyblog.fr\/LBB\/#\/schema\/person\/b5fa6aea5756b0a09d40abe87d994760"},"headline":"Mouvement #Occupons : de l&rsquo;Od\u00e9on \u00e0 l&rsquo;Op\u00e9ra","datePublished":"2021-03-24T20:49:55+00:00","dateModified":"2021-04-09T15:28:25+00:00","mainEntityOfPage":{"@id":"https:\/\/lyonbondyblog.fr\/LBB\/mouvement-occupons-de-lodeon-a-lopera\/"},"wordCount":163,"commentCount":0,"publisher":{"@id":"https:\/\/lyonbondyblog.fr\/LBB\/#organization"},"image":{"@id":"https:\/\/lyonbondyblog.fr\/LBB\/mouvement-occupons-de-lodeon-a-lopera\/#primaryimage"},"thumbnailUrl":"https:\/\/lyonbondyblog.fr\/LBB\/wp-content\/uploads\/2021\/03\/IMG_7748.jpg","articleSection":["Culture","Lyon","Manifestations","Soci\u00e9t\u00e9","Villeurbanne"],"inLanguage":"fr-FR","potentialAction":[{"@type":"CommentAction","name":"Comment","target":["https:\/\/lyonbondyblog.fr\/LBB\/mouvement-occupons-de-lodeon-a-lopera\/#respond"]}]},{"@type":"WebPage","@id":"https:\/\/lyonbondyblog.fr\/LBB\/mouvement-occupons-de-lodeon-a-lopera\/","url":"https:\/\/lyonbondyblog.fr\/LBB\/mouvement-occupons-de-lodeon-a-lopera\/","name":"Mouvement #Occupons : de l'Od\u00e9on \u00e0 l'Op\u00e9ra - Lyon Bondy Blog","isPartOf":{"@id":"https:\/\/lyonbondyblog.fr\/LBB\/#website"},"primaryImageOfPage":{"@id":"https:\/\/lyonbondyblog.fr\/LBB\/mouvement-occupons-de-lodeon-a-lopera\/#primaryimage"},"image":{"@id":"https:\/\/lyonbondyblog.fr\/LBB\/mouvement-occupons-de-lodeon-a-lopera\/#primaryimage"},"thumbnailUrl":"https:\/\/lyonbondyblog.fr\/LBB\/wp-content\/uploads\/2021\/03\/IMG_7748.jpg","datePublished":"2021-03-24T20:49:55+00:00","dateModified":"2021-04-09T15:28:25+00:00","inLanguage":"fr-FR","potentialAction":[{"@type":"ReadAction","target":["https:\/\/lyonbondyblog.fr\/LBB\/mouvement-occupons-de-lodeon-a-lopera\/"]}]},{"@type":"ImageObject","inLanguage":"fr-FR","@id":"https:\/\/lyonbondyblog.fr\/LBB\/mouvement-occupons-de-lodeon-a-lopera\/#primaryimage","url":"https:\/\/lyonbondyblog.fr\/LBB\/wp-content\/uploads\/2021\/03\/IMG_7748.jpg","contentUrl":"https:\/\/lyonbondyblog.fr\/LBB\/wp-content\/uploads\/2021\/03\/IMG_7748.jpg","width":5184,"height":3456},{"@type":"WebSite","@id":"https:\/\/lyonbondyblog.fr\/LBB\/#website","url":"https:\/\/lyonbondyblog.fr\/LBB\/","name":"Lyon Bondy Blog","description":"","publisher":{"@id":"https:\/\/lyonbondyblog.fr\/LBB\/#organization"},"potentialAction":[{"@type":"SearchAction","target":{"@type":"EntryPoint","urlTemplate":"https:\/\/lyonbondyblog.fr\/LBB\/?s={search_term_string}"},"query-input":"required name=search_term_string"}],"inLanguage":"fr-FR"},{"@type":"Organization","@id":"https:\/\/lyonbondyblog.fr\/LBB\/#organization","name":"LYON BONDY BLOG","url":"https:\/\/lyonbondyblog.fr\/LBB\/","logo":{"@type":"ImageObject","inLanguage":"fr-FR","@id":"https:\/\/lyonbondyblog.fr\/LBB\/#\/schema\/logo\/image\/","url":"http:\/\/lyonbondyblog.fr\/LBB\/wp-content\/uploads\/2014\/10\/logo-portable-144.png","contentUrl":"http:\/\/lyonbondyblog.fr\/LBB\/wp-content\/uploads\/2014\/10\/logo-portable-144.png","width":144,"height":123,"caption":"LYON BONDY BLOG"},"image":{"@id":"https:\/\/lyonbondyblog.fr\/LBB\/#\/schema\/logo\/image\/"},"sameAs":["https:\/\/www.facebook.com\/lyonbondyblog","https:\/\/x.com\/bondybloglyon"]},{"@type":"Person","@id":"https:\/\/lyonbondyblog.fr\/LBB\/#\/schema\/person\/b5fa6aea5756b0a09d40abe87d994760","name":"clement Drognat","url":"https:\/\/lyonbondyblog.fr\/LBB\/author\/clementdrognat\/"}]}},"_links":{"self":[{"href":"https:\/\/lyonbondyblog.fr\/LBB\/wp-json\/wp\/v2\/posts\/22223","targetHints":{"allow":["GET"]}}],"collection":[{"href":"https:\/\/lyonbondyblog.fr\/LBB\/wp-json\/wp\/v2\/posts"}],"about":[{"href":"https:\/\/lyonbondyblog.fr\/LBB\/wp-json\/wp\/v2\/types\/post"}],"author":[{"embeddable":true,"href":"https:\/\/lyonbondyblog.fr\/LBB\/wp-json\/wp\/v2\/users\/27168"}],"replies":[{"embeddable":true,"href":"https:\/\/lyonbondyblog.fr\/LBB\/wp-json\/wp\/v2\/comments?post=22223"}],"version-history":[{"count":4,"href":"https:\/\/lyonbondyblog.fr\/LBB\/wp-json\/wp\/v2\/posts\/22223\/revisions"}],"predecessor-version":[{"id":22399,"href":"https:\/\/lyonbondyblog.fr\/LBB\/wp-json\/wp\/v2\/posts\/22223\/revisions\/22399"}],"wp:featuredmedia":[{"embeddable":true,"href":"https:\/\/lyonbondyblog.fr\/LBB\/wp-json\/wp\/v2\/media\/22226"}],"wp:attachment":[{"href":"https:\/\/lyonbondyblog.fr\/LBB\/wp-json\/wp\/v2\/media?parent=22223"}],"wp:term":[{"taxonomy":"category","embeddable":true,"href":"https:\/\/lyonbondyblog.fr\/LBB\/wp-json\/wp\/v2\/categories?post=22223"},{"taxonomy":"post_tag","embeddable":true,"href":"https:\/\/lyonbondyblog.fr\/LBB\/wp-json\/wp\/v2\/tags?post=22223"}],"curies":[{"name":"wp","href":"https:\/\/api.w.org\/{rel}","templated":true}]}}