{"id":22195,"date":"2021-03-20T12:15:44","date_gmt":"2021-03-20T11:15:44","guid":{"rendered":"http:\/\/lyonbondyblog.fr\/LBB\/?p=22195"},"modified":"2021-03-19T18:19:21","modified_gmt":"2021-03-19T17:19:21","slug":"football-amateur-le-dossier-2-3-les-clubs-amateurs-se-sentent-leses-par-rapport-aux-clubs-pros","status":"publish","type":"post","link":"https:\/\/lyonbondyblog.fr\/LBB\/football-amateur-le-dossier-2-3-les-clubs-amateurs-se-sentent-leses-par-rapport-aux-clubs-pros\/","title":{"rendered":"Football amateur, le dossier [2\/3] : Les clubs amateurs se sentent l\u00e9s\u00e9s par rapport aux clubs pros"},"content":{"rendered":"<h4><b>Priv\u00e9s de comp\u00e9tition et de public depuis fin octobre 2020 \u00e0 cause de la crise sanitaire, les clubs amateurs de football sont priv\u00e9s de recettes directes. La saison prochaine pourrait \u00eatre tr\u00e8s compliqu\u00e9e. Certains d\u00e9noncent un traitement de faveur pour les clubs professionnels au d\u00e9pend des amateurs.&nbsp;<\/b><\/h4>\n<figure id=\"attachment_22196\" aria-describedby=\"caption-attachment-22196\" style=\"width: 480px\" class=\"wp-caption aligncenter\"><img loading=\"lazy\" decoding=\"async\" class=\"size-full wp-image-22196\" src=\"https:\/\/lyonbondyblog.fr\/LBB\/wp-content\/uploads\/2021\/03\/Photo-Dossier-LBB-foot-amateur-photo-article-3.jpg\" alt=\"\" width=\"480\" height=\"271\"><figcaption id=\"caption-attachment-22196\" class=\"wp-caption-text\">A l\u2019ASSP, \u201cil n\u2019y a pas eu de solidarit\u00e9 du tout envers le sport amateur\u201d, se d\u00e9sole le directeur sportif Robert Mouangu\u00e9. Cr\u00e9dits: Florentin Grandjean<\/figcaption><\/figure>\n<p><span style=\"font-weight: 400;\">Et si 2021 \u00e9tait pire que 2020 ? Pour les clubs de football de la r\u00e9gion lyonnaise, l\u2019hypoth\u00e8se est s\u00e9rieusement \u00e9voqu\u00e9e. Les championnats de Ligue 1 et Ligue 2 (professionnels) et National (semi-professionnel) ont pu disputer l\u2019int\u00e9gralit\u00e9 de leur match normalement cette saison. Mais \u00e0 partir de la Nationale 2, c\u2019est le blocage complet depuis le week-end du 24 octobre. Priv\u00e9s d\u2019une partie de leurs revenus engendr\u00e9s par des buvettes ou des tournois, les clubs amateurs de football se sentent l\u00e9s\u00e9s par rapport aux clubs pros.<\/span><\/p>\n<h4><b>\u00ab Le monde amateur passe au dernier plan \u00bb<\/b><\/h4>\n<p><span style=\"font-weight: 400;\">Les clubs amateurs ont le sentiment que la F\u00e9d\u00e9ration Fran\u00e7aise de Football (FFF) souhaiterait sauver le football professionnel au d\u00e9triment du football amateur. Mahrez Benhadj, pr\u00e9sident du Villeurbanne United Football Club (VUFC), d\u00e9plore cette situation : <\/span><i><span style=\"font-weight: 400;\">\u00ab On ne peut pas comparer aujourd\u2019hui le monde du foot professionnel par rapport au foot amateur. On n\u2019a l\u2019impression d\u2019\u00eatre deux institutions compl\u00e8tement diff\u00e9rentes. Or, on appartient \u00e0 la m\u00eame f\u00e9d\u00e9ration. Le monde amateur passe au dernier plan, on est la derni\u00e8re roue du carrosse. \u00bb<\/span><\/i><span style=\"font-weight: 400;\"> Dans son club, M. Benhadj recense 300 licenci\u00e9s qui ont entre 5 et 15 ans. Ces jeunes sportifs en herbe n\u2019ont pas disput\u00e9 de matchs depuis fin octobre et l\u2019annonce du second confinement. Le pr\u00e9sident craint alors une baisse du nombre de licences pour la saison prochaine : <\/span><i><span style=\"font-weight: 400;\">\u00ab On se dit que l\u2019ann\u00e9e prochaine, les parents vont se demander si \u00e7a vaut le coup d\u2019inscrire leur enfant s\u2019il n\u2019y a pas de comp\u00e9tition. \u00bb<\/span><\/i><span style=\"font-weight: 400;\"> Un manque \u00e0 gagner important pour les clubs amateurs dont les licences repr\u00e9sentent une partie cons\u00e9quente du budget du club.<\/span><\/p>\n<p><span style=\"font-weight: 400;\">Du c\u00f4t\u00e9 de l\u2019AS Saint Priest (ASSP), pensionnaire de National 2, le constat est le m\u00eame. <\/span><i><span style=\"font-weight: 400;\">\u00ab On peut comprendre qu\u2019il y ait un gros manque \u00e0 gagner pour les clubs pros, mais on oublie que sans les clubs amateurs, il n\u2019y a pas de joueurs qui signent en professionnel. La plupart des joueurs qui passent par les centres de formation sont issus des clubs amateurs \u00bb<\/span><\/i><span style=\"font-weight: 400;\">, affirme Robert Mouangu\u00e9, directeur sportif \u00e0 l\u2019ASSP. Pour lui, le sport amateur n\u2019a pas \u00e9t\u00e9 consid\u00e9r\u00e9 \u00e0 la hauteur de ses esp\u00e9rances : <\/span><i><span style=\"font-weight: 400;\">\u00ab Il n\u2019y a pas eu de solidarit\u00e9 du tout envers le sport amateur, il n\u2019y a pas eu de bienveillance. On voit vraiment que l\u2019argent appelle l\u2019argent. Il semblerait que les choses soient pens\u00e9es, calcul\u00e9es pour que \u00e7a profite aux plus riches. \u00bb<\/span><\/i><\/p>\n<h4><b>\u00ab \u00c7a va faire un an que la buvette n\u2019a pas fonctionn\u00e9 ! \u00bb<\/b><\/h4>\n<p><span style=\"font-weight: 400;\">Sans matchs et sans public, les clubs amateurs sont priv\u00e9s d\u2019une partie de leurs recettes. \u00c0 l\u2019AS Saint Priest, le budget provient de trois sources principales : la mairie, les sponsors et les cotisations. La crise sanitaire bloque donc 33 % du budget comme l\u2019explique M.Mouangu\u00e9 :<\/span><i><span style=\"font-weight: 400;\"> \u00ab L\u00e0 o\u00f9 on a de la perte, c\u2019est sur le tiers des cotisations puisqu\u2019il n\u2019y a plus d\u2019animations, plus de buvettes, plus de tournois, plus de lotos, de tournois de coinches\u2026 C\u2019est l\u00e0 o\u00f9 les recettes sont \u00e0 z\u00e9ro. \u00c7a fait un an que la buvette n\u2019a pas fonctionn\u00e9 ! \u00bb<\/span><\/i><span style=\"font-weight: 400;\"> Le club du sud-est lyonnais b\u00e9n\u00e9ficie \u00e9galement du fond de solidarit\u00e9 exceptionnel de la FFF qui promet un total de 30 millions d\u2019euros pour les 14 000 clubs amateurs en France.<\/span><\/p>\n<p><span style=\"font-weight: 400;\">Les aides ne sont pas les m\u00eames \u00e0 Villeurbanne. Le District du Rh\u00f4ne a octroy\u00e9 une aide de 10 \u20ac par licenci\u00e9, soit un total de 3 000 \u20ac pour le club. Le pr\u00e9sident du VUFC s\u2019inqui\u00e8te : <\/span><i><span style=\"font-weight: 400;\">\u00ab Aujourd\u2019hui, avec la crise qui nous frappe de plein fouet, on ne peut pas organiser de manifestations, ce qui p\u00e8se tr\u00e8s lourd sur nos budgets. Il y a beaucoup de clubs qui risquent d\u2019\u00eatre dans le rouge pour la deuxi\u00e8me ann\u00e9e cons\u00e9cutive. \u00bb<\/span><\/i><span style=\"font-weight: 400;\"> Une crainte d\u2019autant plus forte pour Mahrez Benhadj puisque ses sponsors sont contraints de l\u2019abandonner pour la saison prochaine.<\/span><i><span style=\"font-weight: 400;\"> \u00ab La plupart de nos sponsors priv\u00e9s ne veulent plus sponsoriser le club. Les petits snacks et les commerces de proximit\u00e9 nous aidaient beaucoup, mais ils nous ont dit que la saison prochaine on ne pourrait plus compter sur eux. Et l\u00e0 effectivement on risque d\u2019\u00eatre dans le rouge. \u00bb<\/span><\/i><\/p>\n<p><span style=\"font-weight: 400;\">Pour cette saison, l\u2019AS Saint Priest et le Villeurbanne United Football Club vont terminer en positif. Une r\u00e9alit\u00e9 qui pourrait s\u2019\u00e9loigner la saison prochaine affirme Mahrez Benhadj :<\/span><i><span style=\"font-weight: 400;\"> \u00ab L\u00e0 o\u00f9 les clubs amateurs vont vraiment d\u00e9rouiller, c\u2019est pour la saison prochaine, et ce dans toutes les cat\u00e9gories que ce soit basket, handball, rugby&#8230; \u00bb<\/span><\/i><span style=\"font-weight: 400;\"><br \/>\n<\/span><span style=\"font-weight: 400;\"><br \/>\n<\/span><span style=\"font-weight: 400;\">Florentin Grandjean<\/span><\/p>\n<!-- AddThis Advanced Settings generic via filter on the_content --><!-- AddThis Share Buttons generic via filter on the_content -->","protected":false},"excerpt":{"rendered":"<p>Priv\u00e9s de comp\u00e9tition et de public depuis fin octobre 2020 \u00e0 cause de la crise sanitaire, les clubs amateurs de football sont priv\u00e9s de recettes &hellip; <!-- AddThis Advanced Settings generic via filter on wp_trim_excerpt --><!-- AddThis Share Buttons generic via filter on wp_trim_excerpt --><\/p>\n","protected":false},"author":1,"featured_media":22196,"comment_status":"open","ping_status":"open","sticky":false,"template":"","format":"standard","meta":{"_FSMCFIC_featured_image_caption":"","_FSMCFIC_featured_image_nocaption":"","_FSMCFIC_featured_image_hide":"","footnotes":""},"categories":[22420,3888,13014,2862,3891,6974,10388],"tags":[],"class_list":["post-22195","post","type-post","status-publish","format-standard","has-post-thumbnail","hentry","category-covid-19","category-football","category-saint-priest","category-sport","category-vaulx-en-velin","category-venissieux","category-villeurbanne"],"yoast_head":"<!-- This site is optimized with the Yoast SEO plugin v22.8 - https:\/\/yoast.com\/wordpress\/plugins\/seo\/ -->\n<title>Football amateur, le dossier [2\/3] : Les clubs amateurs se sentent l\u00e9s\u00e9s par rapport aux clubs pros - Lyon Bondy Blog<\/title>\n<meta name=\"robots\" content=\"index, follow, max-snippet:-1, max-image-preview:large, max-video-preview:-1\" \/>\n<link rel=\"canonical\" href=\"https:\/\/lyonbondyblog.fr\/LBB\/football-amateur-le-dossier-2-3-les-clubs-amateurs-se-sentent-leses-par-rapport-aux-clubs-pros\/\" \/>\n<meta property=\"og:locale\" content=\"fr_FR\" \/>\n<meta property=\"og:type\" content=\"article\" \/>\n<meta property=\"og:title\" content=\"Football amateur, le dossier [2\/3] : Les clubs amateurs se sentent l\u00e9s\u00e9s par rapport aux clubs pros - Lyon Bondy Blog\" \/>\n<meta property=\"og:description\" content=\"Priv\u00e9s de comp\u00e9tition et de public depuis fin octobre 2020 \u00e0 cause de la crise sanitaire, les clubs amateurs de football sont priv\u00e9s de recettes &hellip;\" \/>\n<meta property=\"og:url\" content=\"https:\/\/lyonbondyblog.fr\/LBB\/football-amateur-le-dossier-2-3-les-clubs-amateurs-se-sentent-leses-par-rapport-aux-clubs-pros\/\" \/>\n<meta property=\"og:site_name\" content=\"Lyon Bondy Blog\" \/>\n<meta property=\"article:publisher\" content=\"https:\/\/www.facebook.com\/lyonbondyblog\" \/>\n<meta property=\"article:author\" content=\"https:\/\/www.facebook.com\/lyonbondyblog\" \/>\n<meta property=\"article:published_time\" content=\"2021-03-20T11:15:44+00:00\" \/>\n<meta property=\"article:modified_time\" content=\"2021-03-19T17:19:21+00:00\" \/>\n<meta property=\"og:image\" content=\"https:\/\/lyonbondyblog.fr\/LBB\/wp-content\/uploads\/2021\/03\/Photo-Dossier-LBB-foot-amateur-photo-article-3.jpg\" \/>\n\t<meta property=\"og:image:width\" content=\"480\" \/>\n\t<meta property=\"og:image:height\" content=\"271\" \/>\n\t<meta property=\"og:image:type\" content=\"image\/jpeg\" \/>\n<meta name=\"author\" content=\"La r\u00e9daction\" \/>\n<meta name=\"twitter:card\" content=\"summary_large_image\" \/>\n<meta name=\"twitter:creator\" content=\"@BondyBlogLyon\" \/>\n<meta name=\"twitter:site\" content=\"@bondybloglyon\" \/>\n<script type=\"application\/ld+json\" class=\"yoast-schema-graph\">{\"@context\":\"https:\/\/schema.org\",\"@graph\":[{\"@type\":\"Article\",\"@id\":\"https:\/\/lyonbondyblog.fr\/LBB\/football-amateur-le-dossier-2-3-les-clubs-amateurs-se-sentent-leses-par-rapport-aux-clubs-pros\/#article\",\"isPartOf\":{\"@id\":\"https:\/\/lyonbondyblog.fr\/LBB\/football-amateur-le-dossier-2-3-les-clubs-amateurs-se-sentent-leses-par-rapport-aux-clubs-pros\/\"},\"author\":{\"name\":\"La r\u00e9daction\",\"@id\":\"https:\/\/lyonbondyblog.fr\/LBB\/#\/schema\/person\/e45f8d27baac75072daa0be50c409b25\"},\"headline\":\"Football amateur, le dossier [2\/3] : Les clubs amateurs se sentent l\u00e9s\u00e9s par rapport aux clubs pros\",\"datePublished\":\"2021-03-20T11:15:44+00:00\",\"dateModified\":\"2021-03-19T17:19:21+00:00\",\"mainEntityOfPage\":{\"@id\":\"https:\/\/lyonbondyblog.fr\/LBB\/football-amateur-le-dossier-2-3-les-clubs-amateurs-se-sentent-leses-par-rapport-aux-clubs-pros\/\"},\"wordCount\":900,\"commentCount\":0,\"publisher\":{\"@id\":\"https:\/\/lyonbondyblog.fr\/LBB\/#organization\"},\"image\":{\"@id\":\"https:\/\/lyonbondyblog.fr\/LBB\/football-amateur-le-dossier-2-3-les-clubs-amateurs-se-sentent-leses-par-rapport-aux-clubs-pros\/#primaryimage\"},\"thumbnailUrl\":\"https:\/\/lyonbondyblog.fr\/LBB\/wp-content\/uploads\/2021\/03\/Photo-Dossier-LBB-foot-amateur-photo-article-3.jpg\",\"articleSection\":[\"Covid-19\",\"Football\",\"Saint Priest\",\"Sport\",\"Vaulx-en-Velin\",\"V\u00e9nissieux\",\"Villeurbanne\"],\"inLanguage\":\"fr-FR\",\"potentialAction\":[{\"@type\":\"CommentAction\",\"name\":\"Comment\",\"target\":[\"https:\/\/lyonbondyblog.fr\/LBB\/football-amateur-le-dossier-2-3-les-clubs-amateurs-se-sentent-leses-par-rapport-aux-clubs-pros\/#respond\"]}]},{\"@type\":\"WebPage\",\"@id\":\"https:\/\/lyonbondyblog.fr\/LBB\/football-amateur-le-dossier-2-3-les-clubs-amateurs-se-sentent-leses-par-rapport-aux-clubs-pros\/\",\"url\":\"https:\/\/lyonbondyblog.fr\/LBB\/football-amateur-le-dossier-2-3-les-clubs-amateurs-se-sentent-leses-par-rapport-aux-clubs-pros\/\",\"name\":\"Football amateur, le dossier [2\/3] : Les clubs amateurs se sentent l\u00e9s\u00e9s par rapport aux clubs pros - Lyon Bondy Blog\",\"isPartOf\":{\"@id\":\"https:\/\/lyonbondyblog.fr\/LBB\/#website\"},\"primaryImageOfPage\":{\"@id\":\"https:\/\/lyonbondyblog.fr\/LBB\/football-amateur-le-dossier-2-3-les-clubs-amateurs-se-sentent-leses-par-rapport-aux-clubs-pros\/#primaryimage\"},\"image\":{\"@id\":\"https:\/\/lyonbondyblog.fr\/LBB\/football-amateur-le-dossier-2-3-les-clubs-amateurs-se-sentent-leses-par-rapport-aux-clubs-pros\/#primaryimage\"},\"thumbnailUrl\":\"https:\/\/lyonbondyblog.fr\/LBB\/wp-content\/uploads\/2021\/03\/Photo-Dossier-LBB-foot-amateur-photo-article-3.jpg\",\"datePublished\":\"2021-03-20T11:15:44+00:00\",\"dateModified\":\"2021-03-19T17:19:21+00:00\",\"inLanguage\":\"fr-FR\",\"potentialAction\":[{\"@type\":\"ReadAction\",\"target\":[\"https:\/\/lyonbondyblog.fr\/LBB\/football-amateur-le-dossier-2-3-les-clubs-amateurs-se-sentent-leses-par-rapport-aux-clubs-pros\/\"]}]},{\"@type\":\"ImageObject\",\"inLanguage\":\"fr-FR\",\"@id\":\"https:\/\/lyonbondyblog.fr\/LBB\/football-amateur-le-dossier-2-3-les-clubs-amateurs-se-sentent-leses-par-rapport-aux-clubs-pros\/#primaryimage\",\"url\":\"https:\/\/lyonbondyblog.fr\/LBB\/wp-content\/uploads\/2021\/03\/Photo-Dossier-LBB-foot-amateur-photo-article-3.jpg\",\"contentUrl\":\"https:\/\/lyonbondyblog.fr\/LBB\/wp-content\/uploads\/2021\/03\/Photo-Dossier-LBB-foot-amateur-photo-article-3.jpg\",\"width\":480,\"height\":271,\"caption\":\"A l\u2019ASSP, \u201cil n\u2019y a pas eu de solidarit\u00e9 du tout envers le sport amateur\u201d, se d\u00e9sole le directeur sportif Robert Mouangu\u00e9. Cr\u00e9dits: Florentin Grandjean\"},{\"@type\":\"WebSite\",\"@id\":\"https:\/\/lyonbondyblog.fr\/LBB\/#website\",\"url\":\"https:\/\/lyonbondyblog.fr\/LBB\/\",\"name\":\"Lyon Bondy Blog\",\"description\":\"\",\"publisher\":{\"@id\":\"https:\/\/lyonbondyblog.fr\/LBB\/#organization\"},\"potentialAction\":[{\"@type\":\"SearchAction\",\"target\":{\"@type\":\"EntryPoint\",\"urlTemplate\":\"https:\/\/lyonbondyblog.fr\/LBB\/?s={search_term_string}\"},\"query-input\":\"required name=search_term_string\"}],\"inLanguage\":\"fr-FR\"},{\"@type\":\"Organization\",\"@id\":\"https:\/\/lyonbondyblog.fr\/LBB\/#organization\",\"name\":\"LYON BONDY BLOG\",\"url\":\"https:\/\/lyonbondyblog.fr\/LBB\/\",\"logo\":{\"@type\":\"ImageObject\",\"inLanguage\":\"fr-FR\",\"@id\":\"https:\/\/lyonbondyblog.fr\/LBB\/#\/schema\/logo\/image\/\",\"url\":\"http:\/\/lyonbondyblog.fr\/LBB\/wp-content\/uploads\/2014\/10\/logo-portable-144.png\",\"contentUrl\":\"http:\/\/lyonbondyblog.fr\/LBB\/wp-content\/uploads\/2014\/10\/logo-portable-144.png\",\"width\":144,\"height\":123,\"caption\":\"LYON BONDY BLOG\"},\"image\":{\"@id\":\"https:\/\/lyonbondyblog.fr\/LBB\/#\/schema\/logo\/image\/\"},\"sameAs\":[\"https:\/\/www.facebook.com\/lyonbondyblog\",\"https:\/\/x.com\/bondybloglyon\"]},{\"@type\":\"Person\",\"@id\":\"https:\/\/lyonbondyblog.fr\/LBB\/#\/schema\/person\/e45f8d27baac75072daa0be50c409b25\",\"name\":\"La r\u00e9daction\",\"description\":\"Cr\u00e9e en 2008, la r\u00e9daction du Lyon Bondy Blog s'applique \u00e0 proposer une information locale diff\u00e9rente et compl\u00e9mentaire des m\u00e9dias traditionnels.\",\"sameAs\":[\"https:\/\/www.facebook.com\/lyonbondyblog\",\"https:\/\/x.com\/BondyBlogLyon\"],\"url\":\"https:\/\/lyonbondyblog.fr\/LBB\/author\/admin\/\"}]}<\/script>\n<!-- \/ Yoast SEO plugin. -->","yoast_head_json":{"title":"Football amateur, le dossier [2\/3] : Les clubs amateurs se sentent l\u00e9s\u00e9s par rapport aux clubs pros - Lyon Bondy Blog","robots":{"index":"index","follow":"follow","max-snippet":"max-snippet:-1","max-image-preview":"max-image-preview:large","max-video-preview":"max-video-preview:-1"},"canonical":"https:\/\/lyonbondyblog.fr\/LBB\/football-amateur-le-dossier-2-3-les-clubs-amateurs-se-sentent-leses-par-rapport-aux-clubs-pros\/","og_locale":"fr_FR","og_type":"article","og_title":"Football amateur, le dossier [2\/3] : Les clubs amateurs se sentent l\u00e9s\u00e9s par rapport aux clubs pros - Lyon Bondy Blog","og_description":"Priv\u00e9s de comp\u00e9tition et de public depuis fin octobre 2020 \u00e0 cause de la crise sanitaire, les clubs amateurs de football sont priv\u00e9s de recettes &hellip;","og_url":"https:\/\/lyonbondyblog.fr\/LBB\/football-amateur-le-dossier-2-3-les-clubs-amateurs-se-sentent-leses-par-rapport-aux-clubs-pros\/","og_site_name":"Lyon Bondy Blog","article_publisher":"https:\/\/www.facebook.com\/lyonbondyblog","article_author":"https:\/\/www.facebook.com\/lyonbondyblog","article_published_time":"2021-03-20T11:15:44+00:00","article_modified_time":"2021-03-19T17:19:21+00:00","og_image":[{"width":480,"height":271,"url":"https:\/\/lyonbondyblog.fr\/LBB\/wp-content\/uploads\/2021\/03\/Photo-Dossier-LBB-foot-amateur-photo-article-3.jpg","type":"image\/jpeg"}],"author":"La r\u00e9daction","twitter_card":"summary_large_image","twitter_creator":"@BondyBlogLyon","twitter_site":"@bondybloglyon","schema":{"@context":"https:\/\/schema.org","@graph":[{"@type":"Article","@id":"https:\/\/lyonbondyblog.fr\/LBB\/football-amateur-le-dossier-2-3-les-clubs-amateurs-se-sentent-leses-par-rapport-aux-clubs-pros\/#article","isPartOf":{"@id":"https:\/\/lyonbondyblog.fr\/LBB\/football-amateur-le-dossier-2-3-les-clubs-amateurs-se-sentent-leses-par-rapport-aux-clubs-pros\/"},"author":{"name":"La r\u00e9daction","@id":"https:\/\/lyonbondyblog.fr\/LBB\/#\/schema\/person\/e45f8d27baac75072daa0be50c409b25"},"headline":"Football amateur, le dossier [2\/3] : Les clubs amateurs se sentent l\u00e9s\u00e9s par rapport aux clubs pros","datePublished":"2021-03-20T11:15:44+00:00","dateModified":"2021-03-19T17:19:21+00:00","mainEntityOfPage":{"@id":"https:\/\/lyonbondyblog.fr\/LBB\/football-amateur-le-dossier-2-3-les-clubs-amateurs-se-sentent-leses-par-rapport-aux-clubs-pros\/"},"wordCount":900,"commentCount":0,"publisher":{"@id":"https:\/\/lyonbondyblog.fr\/LBB\/#organization"},"image":{"@id":"https:\/\/lyonbondyblog.fr\/LBB\/football-amateur-le-dossier-2-3-les-clubs-amateurs-se-sentent-leses-par-rapport-aux-clubs-pros\/#primaryimage"},"thumbnailUrl":"https:\/\/lyonbondyblog.fr\/LBB\/wp-content\/uploads\/2021\/03\/Photo-Dossier-LBB-foot-amateur-photo-article-3.jpg","articleSection":["Covid-19","Football","Saint Priest","Sport","Vaulx-en-Velin","V\u00e9nissieux","Villeurbanne"],"inLanguage":"fr-FR","potentialAction":[{"@type":"CommentAction","name":"Comment","target":["https:\/\/lyonbondyblog.fr\/LBB\/football-amateur-le-dossier-2-3-les-clubs-amateurs-se-sentent-leses-par-rapport-aux-clubs-pros\/#respond"]}]},{"@type":"WebPage","@id":"https:\/\/lyonbondyblog.fr\/LBB\/football-amateur-le-dossier-2-3-les-clubs-amateurs-se-sentent-leses-par-rapport-aux-clubs-pros\/","url":"https:\/\/lyonbondyblog.fr\/LBB\/football-amateur-le-dossier-2-3-les-clubs-amateurs-se-sentent-leses-par-rapport-aux-clubs-pros\/","name":"Football amateur, le dossier [2\/3] : Les clubs amateurs se sentent l\u00e9s\u00e9s par rapport aux clubs pros - Lyon Bondy Blog","isPartOf":{"@id":"https:\/\/lyonbondyblog.fr\/LBB\/#website"},"primaryImageOfPage":{"@id":"https:\/\/lyonbondyblog.fr\/LBB\/football-amateur-le-dossier-2-3-les-clubs-amateurs-se-sentent-leses-par-rapport-aux-clubs-pros\/#primaryimage"},"image":{"@id":"https:\/\/lyonbondyblog.fr\/LBB\/football-amateur-le-dossier-2-3-les-clubs-amateurs-se-sentent-leses-par-rapport-aux-clubs-pros\/#primaryimage"},"thumbnailUrl":"https:\/\/lyonbondyblog.fr\/LBB\/wp-content\/uploads\/2021\/03\/Photo-Dossier-LBB-foot-amateur-photo-article-3.jpg","datePublished":"2021-03-20T11:15:44+00:00","dateModified":"2021-03-19T17:19:21+00:00","inLanguage":"fr-FR","potentialAction":[{"@type":"ReadAction","target":["https:\/\/lyonbondyblog.fr\/LBB\/football-amateur-le-dossier-2-3-les-clubs-amateurs-se-sentent-leses-par-rapport-aux-clubs-pros\/"]}]},{"@type":"ImageObject","inLanguage":"fr-FR","@id":"https:\/\/lyonbondyblog.fr\/LBB\/football-amateur-le-dossier-2-3-les-clubs-amateurs-se-sentent-leses-par-rapport-aux-clubs-pros\/#primaryimage","url":"https:\/\/lyonbondyblog.fr\/LBB\/wp-content\/uploads\/2021\/03\/Photo-Dossier-LBB-foot-amateur-photo-article-3.jpg","contentUrl":"https:\/\/lyonbondyblog.fr\/LBB\/wp-content\/uploads\/2021\/03\/Photo-Dossier-LBB-foot-amateur-photo-article-3.jpg","width":480,"height":271,"caption":"A l\u2019ASSP, \u201cil n\u2019y a pas eu de solidarit\u00e9 du tout envers le sport amateur\u201d, se d\u00e9sole le directeur sportif Robert Mouangu\u00e9. Cr\u00e9dits: Florentin Grandjean"},{"@type":"WebSite","@id":"https:\/\/lyonbondyblog.fr\/LBB\/#website","url":"https:\/\/lyonbondyblog.fr\/LBB\/","name":"Lyon Bondy Blog","description":"","publisher":{"@id":"https:\/\/lyonbondyblog.fr\/LBB\/#organization"},"potentialAction":[{"@type":"SearchAction","target":{"@type":"EntryPoint","urlTemplate":"https:\/\/lyonbondyblog.fr\/LBB\/?s={search_term_string}"},"query-input":"required name=search_term_string"}],"inLanguage":"fr-FR"},{"@type":"Organization","@id":"https:\/\/lyonbondyblog.fr\/LBB\/#organization","name":"LYON BONDY BLOG","url":"https:\/\/lyonbondyblog.fr\/LBB\/","logo":{"@type":"ImageObject","inLanguage":"fr-FR","@id":"https:\/\/lyonbondyblog.fr\/LBB\/#\/schema\/logo\/image\/","url":"http:\/\/lyonbondyblog.fr\/LBB\/wp-content\/uploads\/2014\/10\/logo-portable-144.png","contentUrl":"http:\/\/lyonbondyblog.fr\/LBB\/wp-content\/uploads\/2014\/10\/logo-portable-144.png","width":144,"height":123,"caption":"LYON BONDY BLOG"},"image":{"@id":"https:\/\/lyonbondyblog.fr\/LBB\/#\/schema\/logo\/image\/"},"sameAs":["https:\/\/www.facebook.com\/lyonbondyblog","https:\/\/x.com\/bondybloglyon"]},{"@type":"Person","@id":"https:\/\/lyonbondyblog.fr\/LBB\/#\/schema\/person\/e45f8d27baac75072daa0be50c409b25","name":"La r\u00e9daction","description":"Cr\u00e9e en 2008, la r\u00e9daction du Lyon Bondy Blog s'applique \u00e0 proposer une information locale diff\u00e9rente et compl\u00e9mentaire des m\u00e9dias traditionnels.","sameAs":["https:\/\/www.facebook.com\/lyonbondyblog","https:\/\/x.com\/BondyBlogLyon"],"url":"https:\/\/lyonbondyblog.fr\/LBB\/author\/admin\/"}]}},"_links":{"self":[{"href":"https:\/\/lyonbondyblog.fr\/LBB\/wp-json\/wp\/v2\/posts\/22195","targetHints":{"allow":["GET"]}}],"collection":[{"href":"https:\/\/lyonbondyblog.fr\/LBB\/wp-json\/wp\/v2\/posts"}],"about":[{"href":"https:\/\/lyonbondyblog.fr\/LBB\/wp-json\/wp\/v2\/types\/post"}],"author":[{"embeddable":true,"href":"https:\/\/lyonbondyblog.fr\/LBB\/wp-json\/wp\/v2\/users\/1"}],"replies":[{"embeddable":true,"href":"https:\/\/lyonbondyblog.fr\/LBB\/wp-json\/wp\/v2\/comments?post=22195"}],"version-history":[{"count":1,"href":"https:\/\/lyonbondyblog.fr\/LBB\/wp-json\/wp\/v2\/posts\/22195\/revisions"}],"predecessor-version":[{"id":22197,"href":"https:\/\/lyonbondyblog.fr\/LBB\/wp-json\/wp\/v2\/posts\/22195\/revisions\/22197"}],"wp:featuredmedia":[{"embeddable":true,"href":"https:\/\/lyonbondyblog.fr\/LBB\/wp-json\/wp\/v2\/media\/22196"}],"wp:attachment":[{"href":"https:\/\/lyonbondyblog.fr\/LBB\/wp-json\/wp\/v2\/media?parent=22195"}],"wp:term":[{"taxonomy":"category","embeddable":true,"href":"https:\/\/lyonbondyblog.fr\/LBB\/wp-json\/wp\/v2\/categories?post=22195"},{"taxonomy":"post_tag","embeddable":true,"href":"https:\/\/lyonbondyblog.fr\/LBB\/wp-json\/wp\/v2\/tags?post=22195"}],"curies":[{"name":"wp","href":"https:\/\/api.w.org\/{rel}","templated":true}]}}