{"id":22148,"date":"2021-03-17T11:55:31","date_gmt":"2021-03-17T10:55:31","guid":{"rendered":"http:\/\/lyonbondyblog.fr\/LBB\/?p=22148"},"modified":"2021-03-17T11:46:43","modified_gmt":"2021-03-17T10:46:43","slug":"football-amateur-le-dossier-1-3-une-crise-sanitaire-subie-de-plein-fouet","status":"publish","type":"post","link":"https:\/\/lyonbondyblog.fr\/LBB\/football-amateur-le-dossier-1-3-une-crise-sanitaire-subie-de-plein-fouet\/","title":{"rendered":"Football amateur, le dossier [1\/3] : Une crise sanitaire subie de plein fouet"},"content":{"rendered":"<div class=\"jn8vp64t l9j0dhe7 hpfvmrgz\">\n<div class=\"lzcic4wl\" tabindex=\"0\" role=\"gridcell\" data-scope=\"messages_table\" data-recover=\"true\">\n<div class=\"ni8dbmo4 stjgntxs g5ia77u1 ii04i59q\" aria-owns=\"jsc_c_4a\" data-testid=\"messenger_incoming_text_row\">\n<div class=\"l60d2q6s d1544ag0 sj5x9vvc tw6a2znq l9j0dhe7 ni8dbmo4 stjgntxs qlfml3jp inkptoze e72ty7fz qmr60zad jm1wdb64 qv66sw1b ljqsnud1 g6srhlxm odn2s2vf\">\n<div class=\"oo9gr5id\" dir=\"auto\">\n<h4><b>Football amateur, le dossier [1\/3]. Priv\u00e9es de matchs officiels et d\u2019oppositions aux entra\u00eenements depuis l\u2019automne 2020, les \u00e9quipes de football amateures de la r\u00e9gion lyonnaise subissent actuellement des difficult\u00e9s sportives et sociales, dans l\u2019ombre des clubs professionnels.<\/b><\/h4>\n<figure id=\"attachment_22150\" aria-describedby=\"caption-attachment-22150\" style=\"width: 611px\" class=\"wp-caption aligncenter\"><img loading=\"lazy\" decoding=\"async\" class=\" wp-image-22150\" src=\"https:\/\/lyonbondyblog.fr\/LBB\/wp-content\/uploads\/2021\/03\/Photo-Dossier-LBB-foot-amateur-photo-article-2-1200x675.jpg\" alt=\"\" width=\"611\" height=\"344\" srcset=\"https:\/\/lyonbondyblog.fr\/LBB\/wp-content\/uploads\/2021\/03\/Photo-Dossier-LBB-foot-amateur-photo-article-2-1200x675.jpg 1200w, https:\/\/lyonbondyblog.fr\/LBB\/wp-content\/uploads\/2021\/03\/Photo-Dossier-LBB-foot-amateur-photo-article-2-768x432.jpg 768w, https:\/\/lyonbondyblog.fr\/LBB\/wp-content\/uploads\/2021\/03\/Photo-Dossier-LBB-foot-amateur-photo-article-2-1920x1080.jpg 1920w, https:\/\/lyonbondyblog.fr\/LBB\/wp-content\/uploads\/2021\/03\/Photo-Dossier-LBB-foot-amateur-photo-article-2-1140x641.jpg 1140w, https:\/\/lyonbondyblog.fr\/LBB\/wp-content\/uploads\/2021\/03\/Photo-Dossier-LBB-foot-amateur-photo-article-2.jpg 2016w\" sizes=\"auto, (max-width: 611px) 100vw, 611px\" \/><figcaption id=\"caption-attachment-22150\" class=\"wp-caption-text\">Les clubs amateurs comme le FC Vaulx souhaitent un retour \u00e0 la normale au plus vite. Cr\u00e9dits : Aymeric Larcher<\/figcaption><\/figure>\n<p><span style=\"font-weight: 400;\">Depuis l\u2019automne dernier, en raison de la crise sanitaire, le football amateur lyonnais est de nouveau \u00e0 l\u2019arr\u00eat. Il s\u2019agit d\u2019un vrai coup dur, surtout, lorsqu\u2019on sait que les comp\u00e9titions du football professionnel (Ligue 1, Ligue 2, D1 f\u00e9minine) continuent. \u00c0 ce stade, aucun match n\u2019a \u00e9t\u00e9 jou\u00e9, except\u00e9 en coupe de France depuis le week-end du 30 et 31 janvier. Cette situation, le monde du foot amateur la subit et regrette v\u00e9ritablement la suspension de toutes les comp\u00e9titions de District, de ligues r\u00e9gionales et de National 3, jusqu\u2019\u00e0 nouvel ordre.<\/span><\/p>\n<h4><b>&nbsp;<\/b><span style=\"font-weight: 400;\">&nbsp;<\/span><b>\u00ab C\u2019est compliqu\u00e9 de se tenir \u00e0 niveau sans jouer \u00bb<\/b><\/h4>\n<p><span style=\"font-weight: 400;\">Du fait de la crise sanitaire, certaines \u00e9quipes s\u2019entra\u00eenent collectivement depuis le 15 d\u00e9cembre, sans contact, seulement une fois par semaine, tandis que d\u2019autres clubs laissent leurs joueurs se maintenir en forme individuellement. Faute de comp\u00e9titions, les entra\u00eenements sont ainsi moins intenses et ce nouveau quotidien est loin d\u2019\u00eatre simple : <\/span><i><span style=\"font-weight: 400;\">\u00ab Il y a un pr\u00e9parateur physique qui nous envoie des s\u00e9ances d\u2019entra\u00eenement et on bosse de notre c\u00f4t\u00e9 pour \u00eatre pr\u00eats un minimum. Il ne faut pas se laisser aller et c\u2019est assez dur \u00e0 g\u00e9rer \u00bb<\/span><\/i><span style=\"font-weight: 400;\">, se d\u00e9sole Antoine Jean-Baptiste, lat\u00e9ral gauche du FC Limonest (National 3). Plus que l\u2019absence des entra\u00eenements habituels, c\u2019est le manque de relations sociales entre co\u00e9quipiers qui tourmente :<\/span><i><span style=\"font-weight: 400;\"> \u00ab C\u2019est compliqu\u00e9 de se tenir \u00e0 niveau sans jouer, confie Reudd Manin, d\u00e9fenseur du FC Vaulx (National 3). Quand nous les joueurs, on est ensemble, c\u2019est mieux ! S\u2019entra\u00eener tout seul, c\u2019est dur. \u00bb<\/span><\/i><span style=\"font-weight: 400;\"> D\u2019ailleurs, l\u2019arr\u00eat des comp\u00e9titions impacte cruellement les projets de ce jeune de 19 ans qui a quitt\u00e9 la Guadeloupe \u00e0 l\u2019\u00e2ge de 15 ans uniquement pour le football. <\/span><i><span style=\"font-weight: 400;\">\u00ab Depuis l\u2019ann\u00e9e derni\u00e8re, il y a la covid-19 et s\u2019il n\u2019y a pas de foot, je peux d\u00e9cider de rentrer en Guadeloupe, en fait. Mon objectif est de devenir footballeur professionnel et sans le football, c\u2019est vraiment compliqu\u00e9 \u00bb<\/span><\/i><span style=\"font-weight: 400;\">, nous souffle-t-il.<\/span><\/p>\n<h4><span style=\"font-weight: 400;\">&nbsp;<\/span><b>Les entra\u00eenements sans contact ne suffisent plus<\/b><\/h4>\n<p><span style=\"font-weight: 400;\">En tant qu&rsquo;entraineur du Sud Lyonnais (R\u00e9gional 2), Valentin Lori a envie de retrouver ses bonnes habitudes : <\/span><i><span style=\"font-weight: 400;\">\u00ab Les entra\u00eenements d\u2019avant me manquent tout comme l\u2019adr\u00e9naline des matchs et la comp\u00e9tition \u00bb<\/span><\/i><span style=\"font-weight: 400;\">, d\u00e9clare-t-il. S\u2019entra\u00eener les mardis et jeudis, les matchs le samedi, les vestiaires, la causerie, l\u2019\u00e9change puis la rigolade sont des petites choses que d\u00e9sirent cruellement les protagonistes du football amateur \u00e0 Lyon. Aujourd\u2019hui, <\/span><span style=\"font-weight: 400;\">les entra\u00eenements sans contact ne suffisent plus. Et pour certains coachs de R\u00e9gional 2, c\u2019est difficile d&rsquo;insuffler de la motivation aux joueurs quand on n\u2019a pas le droit de mettre en place d\u2019oppositions, l\u2019essence m\u00eame du foot. Pour Ronald Yao, les clubs amateurs doivent renouer avec la comp\u00e9tition : <\/span><i><span style=\"font-weight: 400;\">\u00ab <\/span><\/i><i><span style=\"font-weight: 400;\">Vu que les clubs professionnels peuvent jouer au foot, je pense que tout le monde devrait reprendre \u00bb<\/span><\/i><span style=\"font-weight: 400;\">, manifeste <\/span><span style=\"font-weight: 400;\">l\u2019entra\u00eeneur de l\u2019AS Montchat (R\u00e9gional 2). La raison ? Une volont\u00e9 de <\/span><i><span style=\"font-weight: 400;\">\u00ab satisfaire les joueurs \u00bb<\/span><\/i><span style=\"font-weight: 400;\">, priv\u00e9s d\u2019une majeure partie de leur passion.<\/span><span style=\"font-weight: 400;\"> Car, en allant \u00e0 l\u2019entra\u00eenement, les amoureux du ballon rond s\u2019attendent \u00e0 jouer au foot, au sens propre du terme. Mettre en place des ateliers pour travailler uniquement la condition physique n\u2019a pas de sens selon Valentin Lori : <\/span><i><span style=\"font-weight: 400;\">\u00ab On ne peut pas demander \u00e0 des joueurs, qui s\u2019entra\u00eenent une fois par semaine et sans date de reprise des matchs, de travailler physiquement comme on le fait habituellement pour se pr\u00e9parer \u00e0 la comp\u00e9tition. \u00bb<\/span><\/i><\/p>\n<p><span style=\"font-weight: 400;\">\u00c0 ce jour, aucune date de reprise des comp\u00e9titions n&rsquo;a \u00e9t\u00e9 annonc\u00e9e par la FFF et l\u2019annonce d\u2019une saison blanche ne tient plus qu\u2019\u00e0 un fil. Aujourd\u2019hui, si vous \u00eates professionnel de football, vous avez le droit de jouer au foot. Et, si vous ne l\u2019\u00eates pas, vous n\u2019avez pas le droit de pratiquer votre sport et votre passion\u2026 Presqu\u2019une forme de discrimination lorsqu\u2019on r\u00e9alise que ce n\u2019est qu\u2019une question d\u2019argent.&nbsp;<\/span><\/p>\n<p><span style=\"font-weight: 400;\">Aymeric Larcher<\/span><\/p>\n<\/div>\n<\/div>\n<\/div>\n<\/div>\n<\/div>\n<!-- AddThis Advanced Settings generic via filter on the_content --><!-- AddThis Share Buttons generic via filter on the_content -->","protected":false},"excerpt":{"rendered":"<p>Football amateur, le dossier [1\/3]. Priv\u00e9es de matchs officiels et d\u2019oppositions aux entra\u00eenements depuis l\u2019automne 2020, les \u00e9quipes de football amateures de la r\u00e9gion lyonnaise &hellip; <!-- AddThis Advanced Settings generic via filter on wp_trim_excerpt --><!-- AddThis Share Buttons generic via filter on wp_trim_excerpt --><\/p>\n","protected":false},"author":1,"featured_media":22150,"comment_status":"open","ping_status":"open","sticky":false,"template":"","format":"standard","meta":{"_FSMCFIC_featured_image_caption":"","_FSMCFIC_featured_image_nocaption":"","_FSMCFIC_featured_image_hide":"","footnotes":""},"categories":[22420,3888,13014,2862,3891,6974,10388],"tags":[],"class_list":["post-22148","post","type-post","status-publish","format-standard","has-post-thumbnail","hentry","category-covid-19","category-football","category-saint-priest","category-sport","category-vaulx-en-velin","category-venissieux","category-villeurbanne"],"yoast_head":"<!-- This site is optimized with the Yoast SEO plugin v22.8 - https:\/\/yoast.com\/wordpress\/plugins\/seo\/ -->\n<title>Football amateur, le dossier [1\/3] : Une crise sanitaire subie de plein fouet - Lyon Bondy Blog<\/title>\n<meta name=\"robots\" content=\"index, follow, max-snippet:-1, max-image-preview:large, max-video-preview:-1\" \/>\n<link rel=\"canonical\" href=\"https:\/\/lyonbondyblog.fr\/LBB\/football-amateur-le-dossier-1-3-une-crise-sanitaire-subie-de-plein-fouet\/\" \/>\n<meta property=\"og:locale\" content=\"fr_FR\" \/>\n<meta property=\"og:type\" content=\"article\" \/>\n<meta property=\"og:title\" content=\"Football amateur, le dossier [1\/3] : Une crise sanitaire subie de plein fouet - Lyon Bondy Blog\" \/>\n<meta property=\"og:description\" content=\"Football amateur, le dossier [1\/3]. Priv\u00e9es de matchs officiels et d\u2019oppositions aux entra\u00eenements depuis l\u2019automne 2020, les \u00e9quipes de football amateures de la r\u00e9gion lyonnaise &hellip;\" \/>\n<meta property=\"og:url\" content=\"https:\/\/lyonbondyblog.fr\/LBB\/football-amateur-le-dossier-1-3-une-crise-sanitaire-subie-de-plein-fouet\/\" \/>\n<meta property=\"og:site_name\" content=\"Lyon Bondy Blog\" \/>\n<meta property=\"article:publisher\" content=\"https:\/\/www.facebook.com\/lyonbondyblog\" \/>\n<meta property=\"article:author\" content=\"https:\/\/www.facebook.com\/lyonbondyblog\" \/>\n<meta property=\"article:published_time\" content=\"2021-03-17T10:55:31+00:00\" \/>\n<meta property=\"article:modified_time\" content=\"2021-03-17T10:46:43+00:00\" \/>\n<meta property=\"og:image\" content=\"https:\/\/lyonbondyblog.fr\/LBB\/wp-content\/uploads\/2021\/03\/Photo-Dossier-LBB-foot-amateur-photo-article-2.jpg\" \/>\n\t<meta property=\"og:image:width\" content=\"2016\" \/>\n\t<meta property=\"og:image:height\" content=\"1134\" \/>\n\t<meta property=\"og:image:type\" content=\"image\/jpeg\" \/>\n<meta name=\"author\" content=\"La r\u00e9daction\" \/>\n<meta name=\"twitter:card\" content=\"summary_large_image\" \/>\n<meta name=\"twitter:creator\" content=\"@BondyBlogLyon\" \/>\n<meta name=\"twitter:site\" content=\"@bondybloglyon\" \/>\n<script type=\"application\/ld+json\" class=\"yoast-schema-graph\">{\"@context\":\"https:\/\/schema.org\",\"@graph\":[{\"@type\":\"Article\",\"@id\":\"https:\/\/lyonbondyblog.fr\/LBB\/football-amateur-le-dossier-1-3-une-crise-sanitaire-subie-de-plein-fouet\/#article\",\"isPartOf\":{\"@id\":\"https:\/\/lyonbondyblog.fr\/LBB\/football-amateur-le-dossier-1-3-une-crise-sanitaire-subie-de-plein-fouet\/\"},\"author\":{\"name\":\"La r\u00e9daction\",\"@id\":\"https:\/\/lyonbondyblog.fr\/LBB\/#\/schema\/person\/e45f8d27baac75072daa0be50c409b25\"},\"headline\":\"Football amateur, le dossier [1\/3] : Une crise sanitaire subie de plein fouet\",\"datePublished\":\"2021-03-17T10:55:31+00:00\",\"dateModified\":\"2021-03-17T10:46:43+00:00\",\"mainEntityOfPage\":{\"@id\":\"https:\/\/lyonbondyblog.fr\/LBB\/football-amateur-le-dossier-1-3-une-crise-sanitaire-subie-de-plein-fouet\/\"},\"wordCount\":774,\"commentCount\":0,\"publisher\":{\"@id\":\"https:\/\/lyonbondyblog.fr\/LBB\/#organization\"},\"image\":{\"@id\":\"https:\/\/lyonbondyblog.fr\/LBB\/football-amateur-le-dossier-1-3-une-crise-sanitaire-subie-de-plein-fouet\/#primaryimage\"},\"thumbnailUrl\":\"https:\/\/lyonbondyblog.fr\/LBB\/wp-content\/uploads\/2021\/03\/Photo-Dossier-LBB-foot-amateur-photo-article-2.jpg\",\"articleSection\":[\"Covid-19\",\"Football\",\"Saint Priest\",\"Sport\",\"Vaulx-en-Velin\",\"V\u00e9nissieux\",\"Villeurbanne\"],\"inLanguage\":\"fr-FR\",\"potentialAction\":[{\"@type\":\"CommentAction\",\"name\":\"Comment\",\"target\":[\"https:\/\/lyonbondyblog.fr\/LBB\/football-amateur-le-dossier-1-3-une-crise-sanitaire-subie-de-plein-fouet\/#respond\"]}]},{\"@type\":\"WebPage\",\"@id\":\"https:\/\/lyonbondyblog.fr\/LBB\/football-amateur-le-dossier-1-3-une-crise-sanitaire-subie-de-plein-fouet\/\",\"url\":\"https:\/\/lyonbondyblog.fr\/LBB\/football-amateur-le-dossier-1-3-une-crise-sanitaire-subie-de-plein-fouet\/\",\"name\":\"Football amateur, le dossier [1\/3] : Une crise sanitaire subie de plein fouet - Lyon Bondy Blog\",\"isPartOf\":{\"@id\":\"https:\/\/lyonbondyblog.fr\/LBB\/#website\"},\"primaryImageOfPage\":{\"@id\":\"https:\/\/lyonbondyblog.fr\/LBB\/football-amateur-le-dossier-1-3-une-crise-sanitaire-subie-de-plein-fouet\/#primaryimage\"},\"image\":{\"@id\":\"https:\/\/lyonbondyblog.fr\/LBB\/football-amateur-le-dossier-1-3-une-crise-sanitaire-subie-de-plein-fouet\/#primaryimage\"},\"thumbnailUrl\":\"https:\/\/lyonbondyblog.fr\/LBB\/wp-content\/uploads\/2021\/03\/Photo-Dossier-LBB-foot-amateur-photo-article-2.jpg\",\"datePublished\":\"2021-03-17T10:55:31+00:00\",\"dateModified\":\"2021-03-17T10:46:43+00:00\",\"inLanguage\":\"fr-FR\",\"potentialAction\":[{\"@type\":\"ReadAction\",\"target\":[\"https:\/\/lyonbondyblog.fr\/LBB\/football-amateur-le-dossier-1-3-une-crise-sanitaire-subie-de-plein-fouet\/\"]}]},{\"@type\":\"ImageObject\",\"inLanguage\":\"fr-FR\",\"@id\":\"https:\/\/lyonbondyblog.fr\/LBB\/football-amateur-le-dossier-1-3-une-crise-sanitaire-subie-de-plein-fouet\/#primaryimage\",\"url\":\"https:\/\/lyonbondyblog.fr\/LBB\/wp-content\/uploads\/2021\/03\/Photo-Dossier-LBB-foot-amateur-photo-article-2.jpg\",\"contentUrl\":\"https:\/\/lyonbondyblog.fr\/LBB\/wp-content\/uploads\/2021\/03\/Photo-Dossier-LBB-foot-amateur-photo-article-2.jpg\",\"width\":2016,\"height\":1134,\"caption\":\"Les clubs amateurs comme le FC Vaulx souhaitent un retour \u00e0 la normale au plus vite. Cr\u00e9dits : Aymeric Larcher\"},{\"@type\":\"WebSite\",\"@id\":\"https:\/\/lyonbondyblog.fr\/LBB\/#website\",\"url\":\"https:\/\/lyonbondyblog.fr\/LBB\/\",\"name\":\"Lyon Bondy Blog\",\"description\":\"\",\"publisher\":{\"@id\":\"https:\/\/lyonbondyblog.fr\/LBB\/#organization\"},\"potentialAction\":[{\"@type\":\"SearchAction\",\"target\":{\"@type\":\"EntryPoint\",\"urlTemplate\":\"https:\/\/lyonbondyblog.fr\/LBB\/?s={search_term_string}\"},\"query-input\":\"required name=search_term_string\"}],\"inLanguage\":\"fr-FR\"},{\"@type\":\"Organization\",\"@id\":\"https:\/\/lyonbondyblog.fr\/LBB\/#organization\",\"name\":\"LYON BONDY BLOG\",\"url\":\"https:\/\/lyonbondyblog.fr\/LBB\/\",\"logo\":{\"@type\":\"ImageObject\",\"inLanguage\":\"fr-FR\",\"@id\":\"https:\/\/lyonbondyblog.fr\/LBB\/#\/schema\/logo\/image\/\",\"url\":\"http:\/\/lyonbondyblog.fr\/LBB\/wp-content\/uploads\/2014\/10\/logo-portable-144.png\",\"contentUrl\":\"http:\/\/lyonbondyblog.fr\/LBB\/wp-content\/uploads\/2014\/10\/logo-portable-144.png\",\"width\":144,\"height\":123,\"caption\":\"LYON BONDY BLOG\"},\"image\":{\"@id\":\"https:\/\/lyonbondyblog.fr\/LBB\/#\/schema\/logo\/image\/\"},\"sameAs\":[\"https:\/\/www.facebook.com\/lyonbondyblog\",\"https:\/\/x.com\/bondybloglyon\"]},{\"@type\":\"Person\",\"@id\":\"https:\/\/lyonbondyblog.fr\/LBB\/#\/schema\/person\/e45f8d27baac75072daa0be50c409b25\",\"name\":\"La r\u00e9daction\",\"description\":\"Cr\u00e9e en 2008, la r\u00e9daction du Lyon Bondy Blog s'applique \u00e0 proposer une information locale diff\u00e9rente et compl\u00e9mentaire des m\u00e9dias traditionnels.\",\"sameAs\":[\"https:\/\/www.facebook.com\/lyonbondyblog\",\"https:\/\/x.com\/BondyBlogLyon\"],\"url\":\"https:\/\/lyonbondyblog.fr\/LBB\/author\/admin\/\"}]}<\/script>\n<!-- \/ Yoast SEO plugin. -->","yoast_head_json":{"title":"Football amateur, le dossier [1\/3] : Une crise sanitaire subie de plein fouet - Lyon Bondy Blog","robots":{"index":"index","follow":"follow","max-snippet":"max-snippet:-1","max-image-preview":"max-image-preview:large","max-video-preview":"max-video-preview:-1"},"canonical":"https:\/\/lyonbondyblog.fr\/LBB\/football-amateur-le-dossier-1-3-une-crise-sanitaire-subie-de-plein-fouet\/","og_locale":"fr_FR","og_type":"article","og_title":"Football amateur, le dossier [1\/3] : Une crise sanitaire subie de plein fouet - Lyon Bondy Blog","og_description":"Football amateur, le dossier [1\/3]. Priv\u00e9es de matchs officiels et d\u2019oppositions aux entra\u00eenements depuis l\u2019automne 2020, les \u00e9quipes de football amateures de la r\u00e9gion lyonnaise &hellip;","og_url":"https:\/\/lyonbondyblog.fr\/LBB\/football-amateur-le-dossier-1-3-une-crise-sanitaire-subie-de-plein-fouet\/","og_site_name":"Lyon Bondy Blog","article_publisher":"https:\/\/www.facebook.com\/lyonbondyblog","article_author":"https:\/\/www.facebook.com\/lyonbondyblog","article_published_time":"2021-03-17T10:55:31+00:00","article_modified_time":"2021-03-17T10:46:43+00:00","og_image":[{"width":2016,"height":1134,"url":"https:\/\/lyonbondyblog.fr\/LBB\/wp-content\/uploads\/2021\/03\/Photo-Dossier-LBB-foot-amateur-photo-article-2.jpg","type":"image\/jpeg"}],"author":"La r\u00e9daction","twitter_card":"summary_large_image","twitter_creator":"@BondyBlogLyon","twitter_site":"@bondybloglyon","schema":{"@context":"https:\/\/schema.org","@graph":[{"@type":"Article","@id":"https:\/\/lyonbondyblog.fr\/LBB\/football-amateur-le-dossier-1-3-une-crise-sanitaire-subie-de-plein-fouet\/#article","isPartOf":{"@id":"https:\/\/lyonbondyblog.fr\/LBB\/football-amateur-le-dossier-1-3-une-crise-sanitaire-subie-de-plein-fouet\/"},"author":{"name":"La r\u00e9daction","@id":"https:\/\/lyonbondyblog.fr\/LBB\/#\/schema\/person\/e45f8d27baac75072daa0be50c409b25"},"headline":"Football amateur, le dossier [1\/3] : Une crise sanitaire subie de plein fouet","datePublished":"2021-03-17T10:55:31+00:00","dateModified":"2021-03-17T10:46:43+00:00","mainEntityOfPage":{"@id":"https:\/\/lyonbondyblog.fr\/LBB\/football-amateur-le-dossier-1-3-une-crise-sanitaire-subie-de-plein-fouet\/"},"wordCount":774,"commentCount":0,"publisher":{"@id":"https:\/\/lyonbondyblog.fr\/LBB\/#organization"},"image":{"@id":"https:\/\/lyonbondyblog.fr\/LBB\/football-amateur-le-dossier-1-3-une-crise-sanitaire-subie-de-plein-fouet\/#primaryimage"},"thumbnailUrl":"https:\/\/lyonbondyblog.fr\/LBB\/wp-content\/uploads\/2021\/03\/Photo-Dossier-LBB-foot-amateur-photo-article-2.jpg","articleSection":["Covid-19","Football","Saint Priest","Sport","Vaulx-en-Velin","V\u00e9nissieux","Villeurbanne"],"inLanguage":"fr-FR","potentialAction":[{"@type":"CommentAction","name":"Comment","target":["https:\/\/lyonbondyblog.fr\/LBB\/football-amateur-le-dossier-1-3-une-crise-sanitaire-subie-de-plein-fouet\/#respond"]}]},{"@type":"WebPage","@id":"https:\/\/lyonbondyblog.fr\/LBB\/football-amateur-le-dossier-1-3-une-crise-sanitaire-subie-de-plein-fouet\/","url":"https:\/\/lyonbondyblog.fr\/LBB\/football-amateur-le-dossier-1-3-une-crise-sanitaire-subie-de-plein-fouet\/","name":"Football amateur, le dossier [1\/3] : Une crise sanitaire subie de plein fouet - Lyon Bondy Blog","isPartOf":{"@id":"https:\/\/lyonbondyblog.fr\/LBB\/#website"},"primaryImageOfPage":{"@id":"https:\/\/lyonbondyblog.fr\/LBB\/football-amateur-le-dossier-1-3-une-crise-sanitaire-subie-de-plein-fouet\/#primaryimage"},"image":{"@id":"https:\/\/lyonbondyblog.fr\/LBB\/football-amateur-le-dossier-1-3-une-crise-sanitaire-subie-de-plein-fouet\/#primaryimage"},"thumbnailUrl":"https:\/\/lyonbondyblog.fr\/LBB\/wp-content\/uploads\/2021\/03\/Photo-Dossier-LBB-foot-amateur-photo-article-2.jpg","datePublished":"2021-03-17T10:55:31+00:00","dateModified":"2021-03-17T10:46:43+00:00","inLanguage":"fr-FR","potentialAction":[{"@type":"ReadAction","target":["https:\/\/lyonbondyblog.fr\/LBB\/football-amateur-le-dossier-1-3-une-crise-sanitaire-subie-de-plein-fouet\/"]}]},{"@type":"ImageObject","inLanguage":"fr-FR","@id":"https:\/\/lyonbondyblog.fr\/LBB\/football-amateur-le-dossier-1-3-une-crise-sanitaire-subie-de-plein-fouet\/#primaryimage","url":"https:\/\/lyonbondyblog.fr\/LBB\/wp-content\/uploads\/2021\/03\/Photo-Dossier-LBB-foot-amateur-photo-article-2.jpg","contentUrl":"https:\/\/lyonbondyblog.fr\/LBB\/wp-content\/uploads\/2021\/03\/Photo-Dossier-LBB-foot-amateur-photo-article-2.jpg","width":2016,"height":1134,"caption":"Les clubs amateurs comme le FC Vaulx souhaitent un retour \u00e0 la normale au plus vite. Cr\u00e9dits : Aymeric Larcher"},{"@type":"WebSite","@id":"https:\/\/lyonbondyblog.fr\/LBB\/#website","url":"https:\/\/lyonbondyblog.fr\/LBB\/","name":"Lyon Bondy Blog","description":"","publisher":{"@id":"https:\/\/lyonbondyblog.fr\/LBB\/#organization"},"potentialAction":[{"@type":"SearchAction","target":{"@type":"EntryPoint","urlTemplate":"https:\/\/lyonbondyblog.fr\/LBB\/?s={search_term_string}"},"query-input":"required name=search_term_string"}],"inLanguage":"fr-FR"},{"@type":"Organization","@id":"https:\/\/lyonbondyblog.fr\/LBB\/#organization","name":"LYON BONDY BLOG","url":"https:\/\/lyonbondyblog.fr\/LBB\/","logo":{"@type":"ImageObject","inLanguage":"fr-FR","@id":"https:\/\/lyonbondyblog.fr\/LBB\/#\/schema\/logo\/image\/","url":"http:\/\/lyonbondyblog.fr\/LBB\/wp-content\/uploads\/2014\/10\/logo-portable-144.png","contentUrl":"http:\/\/lyonbondyblog.fr\/LBB\/wp-content\/uploads\/2014\/10\/logo-portable-144.png","width":144,"height":123,"caption":"LYON BONDY BLOG"},"image":{"@id":"https:\/\/lyonbondyblog.fr\/LBB\/#\/schema\/logo\/image\/"},"sameAs":["https:\/\/www.facebook.com\/lyonbondyblog","https:\/\/x.com\/bondybloglyon"]},{"@type":"Person","@id":"https:\/\/lyonbondyblog.fr\/LBB\/#\/schema\/person\/e45f8d27baac75072daa0be50c409b25","name":"La r\u00e9daction","description":"Cr\u00e9e en 2008, la r\u00e9daction du Lyon Bondy Blog s'applique \u00e0 proposer une information locale diff\u00e9rente et compl\u00e9mentaire des m\u00e9dias traditionnels.","sameAs":["https:\/\/www.facebook.com\/lyonbondyblog","https:\/\/x.com\/BondyBlogLyon"],"url":"https:\/\/lyonbondyblog.fr\/LBB\/author\/admin\/"}]}},"_links":{"self":[{"href":"https:\/\/lyonbondyblog.fr\/LBB\/wp-json\/wp\/v2\/posts\/22148","targetHints":{"allow":["GET"]}}],"collection":[{"href":"https:\/\/lyonbondyblog.fr\/LBB\/wp-json\/wp\/v2\/posts"}],"about":[{"href":"https:\/\/lyonbondyblog.fr\/LBB\/wp-json\/wp\/v2\/types\/post"}],"author":[{"embeddable":true,"href":"https:\/\/lyonbondyblog.fr\/LBB\/wp-json\/wp\/v2\/users\/1"}],"replies":[{"embeddable":true,"href":"https:\/\/lyonbondyblog.fr\/LBB\/wp-json\/wp\/v2\/comments?post=22148"}],"version-history":[{"count":3,"href":"https:\/\/lyonbondyblog.fr\/LBB\/wp-json\/wp\/v2\/posts\/22148\/revisions"}],"predecessor-version":[{"id":22154,"href":"https:\/\/lyonbondyblog.fr\/LBB\/wp-json\/wp\/v2\/posts\/22148\/revisions\/22154"}],"wp:featuredmedia":[{"embeddable":true,"href":"https:\/\/lyonbondyblog.fr\/LBB\/wp-json\/wp\/v2\/media\/22150"}],"wp:attachment":[{"href":"https:\/\/lyonbondyblog.fr\/LBB\/wp-json\/wp\/v2\/media?parent=22148"}],"wp:term":[{"taxonomy":"category","embeddable":true,"href":"https:\/\/lyonbondyblog.fr\/LBB\/wp-json\/wp\/v2\/categories?post=22148"},{"taxonomy":"post_tag","embeddable":true,"href":"https:\/\/lyonbondyblog.fr\/LBB\/wp-json\/wp\/v2\/tags?post=22148"}],"curies":[{"name":"wp","href":"https:\/\/api.w.org\/{rel}","templated":true}]}}