{"id":22122,"date":"2021-03-15T17:28:54","date_gmt":"2021-03-15T16:28:54","guid":{"rendered":"http:\/\/lyonbondyblog.fr\/LBB\/?p=22122"},"modified":"2021-03-15T17:28:54","modified_gmt":"2021-03-15T16:28:54","slug":"la-cgt-ubereats-livreurs-en-colere","status":"publish","type":"post","link":"https:\/\/lyonbondyblog.fr\/LBB\/la-cgt-ubereats-livreurs-en-colere\/","title":{"rendered":"La CGT UberEats : livreurs en col\u00e8re"},"content":{"rendered":"<h4><b>Les livreurs \u201cbloqu\u00e9s\u201d de la plateforme UberEats accompagn\u00e9s de la CGT sont venus demander des explications devant les locaux d\u2019UberEats, le 5 mars. Ces derniers, m\u00e9contents de leur traitement, ont r\u00e9cidiv\u00e9 le 12 mars en se rassemblant \u00e0 nouveau afin de lancer un message fort \u00e0 l\u2019entreprise.&nbsp;<\/b><\/h4>\n<p><img loading=\"lazy\" decoding=\"async\" class=\"wp-image-22123 aligncenter\" src=\"https:\/\/lyonbondyblog.fr\/LBB\/wp-content\/uploads\/2021\/03\/livreurs-en-col\u00e8re-1200x900.jpg\" alt=\"\" width=\"547\" height=\"411\" srcset=\"https:\/\/lyonbondyblog.fr\/LBB\/wp-content\/uploads\/2021\/03\/livreurs-en-col\u00e8re-1200x900.jpg 1200w, https:\/\/lyonbondyblog.fr\/LBB\/wp-content\/uploads\/2021\/03\/livreurs-en-col\u00e8re-768x576.jpg 768w, https:\/\/lyonbondyblog.fr\/LBB\/wp-content\/uploads\/2021\/03\/livreurs-en-col\u00e8re-1920x1440.jpg 1920w, https:\/\/lyonbondyblog.fr\/LBB\/wp-content\/uploads\/2021\/03\/livreurs-en-col\u00e8re.jpg 2048w\" sizes=\"auto, (max-width: 547px) 100vw, 547px\" \/><\/p>\n<p><a href=\"https:\/\/www.rue89lyon.fr\/2021\/03\/10\/blocages-de-livreurs-lyonnais-par-uber-eats-ils-nous-jettent-sans-souci\/\"><span style=\"font-weight: 400;\">Il y a deux semaines, les comptes de plusieurs livreurs ont \u00e9t\u00e9 bloqu\u00e9s par la plateforme<\/span><\/a><span style=\"font-weight: 400;\">, les laissant priv\u00e9s d\u2019emploi sans pr\u00e9avis, sans possibilit\u00e9 de se d\u00e9fendre et sans acc\u00e8s \u00e0 l\u2019assurance ch\u00f4mage. La CGT UberEats semble plus que jamais d\u00e9termin\u00e9e \u00e0 continuer les <\/span><a href=\"https:\/\/lyonbondyblog.fr\/LBB\/lyon-la-greve-des-livreurs-se-poursuit\/\"><span style=\"font-weight: 400;\">actions men\u00e9es<\/span><\/a><span style=\"font-weight: 400;\"> depuis quelques semaines concernant le droit du travail.&nbsp;<\/span><\/p>\n<p><span style=\"font-weight: 400;\">\u201c<\/span><i><span style=\"font-weight: 400;\">Les livreurs se font bloquer. Apr\u00e8s plusieurs messages demandant des explications, Uber r\u00e9pond des mails automatiques affirmant que leur situation serait revue, sans r\u00e9elles explications<\/span><\/i><span style=\"font-weight: 400;\">\u201d affirme Ludovic Rioux, secr\u00e9taire g\u00e9n\u00e9ral de la CGT des coursiers UberEats\/Deliveroo de Lyon. Depuis quelques jours, certains \u201canciens\u201d livreurs d\u2019UberEats ont vu leur compte se r\u00e9activer, mais le c\u00e9g\u00e9tiste ne compte pas s\u2019arr\u00eater l\u00e0. \u201c<\/span><i><span style=\"font-weight: 400;\">Les d\u00e9blocages de certains ne sont pas dus \u00e0 nos actions, ce n\u2019est pas le genre de la politique de l\u2019entreprise, c\u2019est robotique. On souhaite uniquement un mail ou une lettre donnant r\u00e9ponse \u00e0 nos requ\u00eates et nos questions\u201d <\/span><\/i><span style=\"font-weight: 400;\">souligne-t-il. Ainsi, le syndicat compte bien poursuivre les actions men\u00e9es, remettant en cause les d\u00e9cisions prises par la soci\u00e9t\u00e9.&nbsp;<\/span><\/p>\n<h4><b>Irrespect des droits des travailleurs ?<\/b><\/h4>\n<p><span style=\"font-weight: 400;\">Depuis de nombreuses semaines, les livreurs sont mobilis\u00e9s pour d\u00e9noncer leurs conditions de travail. En d\u00e9cembre 2020, R\u00e9my Ruiz, avocat des travailleurs ind\u00e9pendants, avait <\/span><a href=\"https:\/\/www.20minutes.fr\/societe\/2922315-20201202-lyon-salariat-deguise-livreurs-ubereats-deliveroo-entament-combat-judiciaire-contre-plateformes\"><span style=\"font-weight: 400;\">saisi les Prud\u2019hommes<\/span><\/a><span style=\"font-weight: 400;\"> pour obtenir une requalification en CDI. A ce jour, leur statut d\u2019auto-entrepreneur les emp\u00eache d\u2019avoir certains droits (heures suppl\u00e9mentaires non pay\u00e9es, pas d\u2019assurance ch\u00f4mage, aucune cotisation sociale etc\u2026).&nbsp;<\/span><\/p>\n<p><span style=\"font-weight: 400;\">Malgr\u00e9 une demande d\u2019explication dans les locaux d&rsquo; Uber, la direction a seulement appel\u00e9 la police pour les renvoyer. \u201c<\/span><i><span style=\"font-weight: 400;\">De toute mani\u00e8re, ils ne donneront aucune r\u00e9ponse, \u00e7a voudrait dire qu\u2019ils reconnaissent le lien de subordination, ce n\u2019est pas leur habitude.<\/span><\/i><span style=\"font-weight: 400;\">\u201d r\u00e9v\u00e8le Ludovic Rioux. M\u00eame si UberEats ne donne aucune r\u00e9ponse, la CGT continue le combat dans l\u2019espoir que \u201c<\/span><i><span style=\"font-weight: 400;\">les livreurs soient d\u00e9bloqu\u00e9s et sortent de cette mis\u00e8re.<\/span><\/i><span style=\"font-weight: 400;\">\u201d<\/span><\/p>\n<p>&nbsp;<\/p>\n<!-- AddThis Advanced Settings generic via filter on the_content --><!-- AddThis Share Buttons generic via filter on the_content -->","protected":false},"excerpt":{"rendered":"<p>Les livreurs \u201cbloqu\u00e9s\u201d de la plateforme UberEats accompagn\u00e9s de la CGT sont venus demander des explications devant les locaux d\u2019UberEats, le 5 mars. Ces derniers, &hellip; <!-- AddThis Advanced Settings generic via filter on wp_trim_excerpt --><!-- AddThis Share Buttons generic via filter on wp_trim_excerpt --><\/p>\n","protected":false},"author":31289,"featured_media":22123,"comment_status":"open","ping_status":"open","sticky":false,"template":"","format":"standard","meta":{"_FSMCFIC_featured_image_caption":"","_FSMCFIC_featured_image_nocaption":"","_FSMCFIC_featured_image_hide":"","footnotes":""},"categories":[22673,6447,2],"tags":[],"class_list":["post-22122","post","type-post","status-publish","format-standard","has-post-thumbnail","hentry","category-cgt","category-manifestations","category-societe"],"yoast_head":"<!-- This site is optimized with the Yoast SEO plugin v22.8 - https:\/\/yoast.com\/wordpress\/plugins\/seo\/ -->\n<title>La CGT UberEats : livreurs en col\u00e8re - Lyon Bondy Blog<\/title>\n<meta name=\"robots\" content=\"index, follow, max-snippet:-1, max-image-preview:large, max-video-preview:-1\" \/>\n<link rel=\"canonical\" href=\"https:\/\/lyonbondyblog.fr\/LBB\/la-cgt-ubereats-livreurs-en-colere\/\" \/>\n<meta property=\"og:locale\" content=\"fr_FR\" \/>\n<meta property=\"og:type\" content=\"article\" \/>\n<meta property=\"og:title\" content=\"La CGT UberEats : livreurs en col\u00e8re - Lyon Bondy Blog\" \/>\n<meta property=\"og:description\" content=\"Les livreurs \u201cbloqu\u00e9s\u201d de la plateforme UberEats accompagn\u00e9s de la CGT sont venus demander des explications devant les locaux d\u2019UberEats, le 5 mars. Ces derniers, &hellip;\" \/>\n<meta property=\"og:url\" content=\"https:\/\/lyonbondyblog.fr\/LBB\/la-cgt-ubereats-livreurs-en-colere\/\" \/>\n<meta property=\"og:site_name\" content=\"Lyon Bondy Blog\" \/>\n<meta property=\"article:publisher\" content=\"https:\/\/www.facebook.com\/lyonbondyblog\" \/>\n<meta property=\"article:published_time\" content=\"2021-03-15T16:28:54+00:00\" \/>\n<meta property=\"og:image\" content=\"https:\/\/lyonbondyblog.fr\/LBB\/wp-content\/uploads\/2021\/03\/livreurs-en-col\u00e8re.jpg\" \/>\n\t<meta property=\"og:image:width\" content=\"2048\" \/>\n\t<meta property=\"og:image:height\" content=\"1536\" \/>\n\t<meta property=\"og:image:type\" content=\"image\/jpeg\" \/>\n<meta name=\"author\" content=\"Kevin Monaci\" \/>\n<meta name=\"twitter:card\" content=\"summary_large_image\" \/>\n<meta name=\"twitter:creator\" content=\"@bondybloglyon\" \/>\n<meta name=\"twitter:site\" content=\"@bondybloglyon\" \/>\n<script type=\"application\/ld+json\" class=\"yoast-schema-graph\">{\"@context\":\"https:\/\/schema.org\",\"@graph\":[{\"@type\":\"Article\",\"@id\":\"https:\/\/lyonbondyblog.fr\/LBB\/la-cgt-ubereats-livreurs-en-colere\/#article\",\"isPartOf\":{\"@id\":\"https:\/\/lyonbondyblog.fr\/LBB\/la-cgt-ubereats-livreurs-en-colere\/\"},\"author\":{\"name\":\"Kevin Monaci\",\"@id\":\"https:\/\/lyonbondyblog.fr\/LBB\/#\/schema\/person\/55c1f7cb0aa6e9c5fddbe13c250003b9\"},\"headline\":\"La CGT UberEats : livreurs en col\u00e8re\",\"datePublished\":\"2021-03-15T16:28:54+00:00\",\"dateModified\":\"2021-03-15T16:28:54+00:00\",\"mainEntityOfPage\":{\"@id\":\"https:\/\/lyonbondyblog.fr\/LBB\/la-cgt-ubereats-livreurs-en-colere\/\"},\"wordCount\":414,\"commentCount\":0,\"publisher\":{\"@id\":\"https:\/\/lyonbondyblog.fr\/LBB\/#organization\"},\"image\":{\"@id\":\"https:\/\/lyonbondyblog.fr\/LBB\/la-cgt-ubereats-livreurs-en-colere\/#primaryimage\"},\"thumbnailUrl\":\"https:\/\/lyonbondyblog.fr\/LBB\/wp-content\/uploads\/2021\/03\/livreurs-en-col\u00e8re.jpg\",\"articleSection\":[\"CGT\",\"Manifestations\",\"Soci\u00e9t\u00e9\"],\"inLanguage\":\"fr-FR\",\"potentialAction\":[{\"@type\":\"CommentAction\",\"name\":\"Comment\",\"target\":[\"https:\/\/lyonbondyblog.fr\/LBB\/la-cgt-ubereats-livreurs-en-colere\/#respond\"]}]},{\"@type\":\"WebPage\",\"@id\":\"https:\/\/lyonbondyblog.fr\/LBB\/la-cgt-ubereats-livreurs-en-colere\/\",\"url\":\"https:\/\/lyonbondyblog.fr\/LBB\/la-cgt-ubereats-livreurs-en-colere\/\",\"name\":\"La CGT UberEats : livreurs en col\u00e8re - Lyon Bondy Blog\",\"isPartOf\":{\"@id\":\"https:\/\/lyonbondyblog.fr\/LBB\/#website\"},\"primaryImageOfPage\":{\"@id\":\"https:\/\/lyonbondyblog.fr\/LBB\/la-cgt-ubereats-livreurs-en-colere\/#primaryimage\"},\"image\":{\"@id\":\"https:\/\/lyonbondyblog.fr\/LBB\/la-cgt-ubereats-livreurs-en-colere\/#primaryimage\"},\"thumbnailUrl\":\"https:\/\/lyonbondyblog.fr\/LBB\/wp-content\/uploads\/2021\/03\/livreurs-en-col\u00e8re.jpg\",\"datePublished\":\"2021-03-15T16:28:54+00:00\",\"dateModified\":\"2021-03-15T16:28:54+00:00\",\"inLanguage\":\"fr-FR\",\"potentialAction\":[{\"@type\":\"ReadAction\",\"target\":[\"https:\/\/lyonbondyblog.fr\/LBB\/la-cgt-ubereats-livreurs-en-colere\/\"]}]},{\"@type\":\"ImageObject\",\"inLanguage\":\"fr-FR\",\"@id\":\"https:\/\/lyonbondyblog.fr\/LBB\/la-cgt-ubereats-livreurs-en-colere\/#primaryimage\",\"url\":\"https:\/\/lyonbondyblog.fr\/LBB\/wp-content\/uploads\/2021\/03\/livreurs-en-col\u00e8re.jpg\",\"contentUrl\":\"https:\/\/lyonbondyblog.fr\/LBB\/wp-content\/uploads\/2021\/03\/livreurs-en-col\u00e8re.jpg\",\"width\":2048,\"height\":1536},{\"@type\":\"WebSite\",\"@id\":\"https:\/\/lyonbondyblog.fr\/LBB\/#website\",\"url\":\"https:\/\/lyonbondyblog.fr\/LBB\/\",\"name\":\"Lyon Bondy Blog\",\"description\":\"\",\"publisher\":{\"@id\":\"https:\/\/lyonbondyblog.fr\/LBB\/#organization\"},\"potentialAction\":[{\"@type\":\"SearchAction\",\"target\":{\"@type\":\"EntryPoint\",\"urlTemplate\":\"https:\/\/lyonbondyblog.fr\/LBB\/?s={search_term_string}\"},\"query-input\":\"required name=search_term_string\"}],\"inLanguage\":\"fr-FR\"},{\"@type\":\"Organization\",\"@id\":\"https:\/\/lyonbondyblog.fr\/LBB\/#organization\",\"name\":\"LYON BONDY BLOG\",\"url\":\"https:\/\/lyonbondyblog.fr\/LBB\/\",\"logo\":{\"@type\":\"ImageObject\",\"inLanguage\":\"fr-FR\",\"@id\":\"https:\/\/lyonbondyblog.fr\/LBB\/#\/schema\/logo\/image\/\",\"url\":\"http:\/\/lyonbondyblog.fr\/LBB\/wp-content\/uploads\/2014\/10\/logo-portable-144.png\",\"contentUrl\":\"http:\/\/lyonbondyblog.fr\/LBB\/wp-content\/uploads\/2014\/10\/logo-portable-144.png\",\"width\":144,\"height\":123,\"caption\":\"LYON BONDY BLOG\"},\"image\":{\"@id\":\"https:\/\/lyonbondyblog.fr\/LBB\/#\/schema\/logo\/image\/\"},\"sameAs\":[\"https:\/\/www.facebook.com\/lyonbondyblog\",\"https:\/\/x.com\/bondybloglyon\"]},{\"@type\":\"Person\",\"@id\":\"https:\/\/lyonbondyblog.fr\/LBB\/#\/schema\/person\/55c1f7cb0aa6e9c5fddbe13c250003b9\",\"name\":\"Kevin Monaci\",\"url\":\"https:\/\/lyonbondyblog.fr\/LBB\/author\/kmonaci\/\"}]}<\/script>\n<!-- \/ Yoast SEO plugin. -->","yoast_head_json":{"title":"La CGT UberEats : livreurs en col\u00e8re - Lyon Bondy Blog","robots":{"index":"index","follow":"follow","max-snippet":"max-snippet:-1","max-image-preview":"max-image-preview:large","max-video-preview":"max-video-preview:-1"},"canonical":"https:\/\/lyonbondyblog.fr\/LBB\/la-cgt-ubereats-livreurs-en-colere\/","og_locale":"fr_FR","og_type":"article","og_title":"La CGT UberEats : livreurs en col\u00e8re - Lyon Bondy Blog","og_description":"Les livreurs \u201cbloqu\u00e9s\u201d de la plateforme UberEats accompagn\u00e9s de la CGT sont venus demander des explications devant les locaux d\u2019UberEats, le 5 mars. Ces derniers, &hellip;","og_url":"https:\/\/lyonbondyblog.fr\/LBB\/la-cgt-ubereats-livreurs-en-colere\/","og_site_name":"Lyon Bondy Blog","article_publisher":"https:\/\/www.facebook.com\/lyonbondyblog","article_published_time":"2021-03-15T16:28:54+00:00","og_image":[{"width":2048,"height":1536,"url":"https:\/\/lyonbondyblog.fr\/LBB\/wp-content\/uploads\/2021\/03\/livreurs-en-col\u00e8re.jpg","type":"image\/jpeg"}],"author":"Kevin Monaci","twitter_card":"summary_large_image","twitter_creator":"@bondybloglyon","twitter_site":"@bondybloglyon","schema":{"@context":"https:\/\/schema.org","@graph":[{"@type":"Article","@id":"https:\/\/lyonbondyblog.fr\/LBB\/la-cgt-ubereats-livreurs-en-colere\/#article","isPartOf":{"@id":"https:\/\/lyonbondyblog.fr\/LBB\/la-cgt-ubereats-livreurs-en-colere\/"},"author":{"name":"Kevin Monaci","@id":"https:\/\/lyonbondyblog.fr\/LBB\/#\/schema\/person\/55c1f7cb0aa6e9c5fddbe13c250003b9"},"headline":"La CGT UberEats : livreurs en col\u00e8re","datePublished":"2021-03-15T16:28:54+00:00","dateModified":"2021-03-15T16:28:54+00:00","mainEntityOfPage":{"@id":"https:\/\/lyonbondyblog.fr\/LBB\/la-cgt-ubereats-livreurs-en-colere\/"},"wordCount":414,"commentCount":0,"publisher":{"@id":"https:\/\/lyonbondyblog.fr\/LBB\/#organization"},"image":{"@id":"https:\/\/lyonbondyblog.fr\/LBB\/la-cgt-ubereats-livreurs-en-colere\/#primaryimage"},"thumbnailUrl":"https:\/\/lyonbondyblog.fr\/LBB\/wp-content\/uploads\/2021\/03\/livreurs-en-col\u00e8re.jpg","articleSection":["CGT","Manifestations","Soci\u00e9t\u00e9"],"inLanguage":"fr-FR","potentialAction":[{"@type":"CommentAction","name":"Comment","target":["https:\/\/lyonbondyblog.fr\/LBB\/la-cgt-ubereats-livreurs-en-colere\/#respond"]}]},{"@type":"WebPage","@id":"https:\/\/lyonbondyblog.fr\/LBB\/la-cgt-ubereats-livreurs-en-colere\/","url":"https:\/\/lyonbondyblog.fr\/LBB\/la-cgt-ubereats-livreurs-en-colere\/","name":"La CGT UberEats : livreurs en col\u00e8re - Lyon Bondy Blog","isPartOf":{"@id":"https:\/\/lyonbondyblog.fr\/LBB\/#website"},"primaryImageOfPage":{"@id":"https:\/\/lyonbondyblog.fr\/LBB\/la-cgt-ubereats-livreurs-en-colere\/#primaryimage"},"image":{"@id":"https:\/\/lyonbondyblog.fr\/LBB\/la-cgt-ubereats-livreurs-en-colere\/#primaryimage"},"thumbnailUrl":"https:\/\/lyonbondyblog.fr\/LBB\/wp-content\/uploads\/2021\/03\/livreurs-en-col\u00e8re.jpg","datePublished":"2021-03-15T16:28:54+00:00","dateModified":"2021-03-15T16:28:54+00:00","inLanguage":"fr-FR","potentialAction":[{"@type":"ReadAction","target":["https:\/\/lyonbondyblog.fr\/LBB\/la-cgt-ubereats-livreurs-en-colere\/"]}]},{"@type":"ImageObject","inLanguage":"fr-FR","@id":"https:\/\/lyonbondyblog.fr\/LBB\/la-cgt-ubereats-livreurs-en-colere\/#primaryimage","url":"https:\/\/lyonbondyblog.fr\/LBB\/wp-content\/uploads\/2021\/03\/livreurs-en-col\u00e8re.jpg","contentUrl":"https:\/\/lyonbondyblog.fr\/LBB\/wp-content\/uploads\/2021\/03\/livreurs-en-col\u00e8re.jpg","width":2048,"height":1536},{"@type":"WebSite","@id":"https:\/\/lyonbondyblog.fr\/LBB\/#website","url":"https:\/\/lyonbondyblog.fr\/LBB\/","name":"Lyon Bondy Blog","description":"","publisher":{"@id":"https:\/\/lyonbondyblog.fr\/LBB\/#organization"},"potentialAction":[{"@type":"SearchAction","target":{"@type":"EntryPoint","urlTemplate":"https:\/\/lyonbondyblog.fr\/LBB\/?s={search_term_string}"},"query-input":"required name=search_term_string"}],"inLanguage":"fr-FR"},{"@type":"Organization","@id":"https:\/\/lyonbondyblog.fr\/LBB\/#organization","name":"LYON BONDY BLOG","url":"https:\/\/lyonbondyblog.fr\/LBB\/","logo":{"@type":"ImageObject","inLanguage":"fr-FR","@id":"https:\/\/lyonbondyblog.fr\/LBB\/#\/schema\/logo\/image\/","url":"http:\/\/lyonbondyblog.fr\/LBB\/wp-content\/uploads\/2014\/10\/logo-portable-144.png","contentUrl":"http:\/\/lyonbondyblog.fr\/LBB\/wp-content\/uploads\/2014\/10\/logo-portable-144.png","width":144,"height":123,"caption":"LYON BONDY BLOG"},"image":{"@id":"https:\/\/lyonbondyblog.fr\/LBB\/#\/schema\/logo\/image\/"},"sameAs":["https:\/\/www.facebook.com\/lyonbondyblog","https:\/\/x.com\/bondybloglyon"]},{"@type":"Person","@id":"https:\/\/lyonbondyblog.fr\/LBB\/#\/schema\/person\/55c1f7cb0aa6e9c5fddbe13c250003b9","name":"Kevin Monaci","url":"https:\/\/lyonbondyblog.fr\/LBB\/author\/kmonaci\/"}]}},"_links":{"self":[{"href":"https:\/\/lyonbondyblog.fr\/LBB\/wp-json\/wp\/v2\/posts\/22122","targetHints":{"allow":["GET"]}}],"collection":[{"href":"https:\/\/lyonbondyblog.fr\/LBB\/wp-json\/wp\/v2\/posts"}],"about":[{"href":"https:\/\/lyonbondyblog.fr\/LBB\/wp-json\/wp\/v2\/types\/post"}],"author":[{"embeddable":true,"href":"https:\/\/lyonbondyblog.fr\/LBB\/wp-json\/wp\/v2\/users\/31289"}],"replies":[{"embeddable":true,"href":"https:\/\/lyonbondyblog.fr\/LBB\/wp-json\/wp\/v2\/comments?post=22122"}],"version-history":[{"count":1,"href":"https:\/\/lyonbondyblog.fr\/LBB\/wp-json\/wp\/v2\/posts\/22122\/revisions"}],"predecessor-version":[{"id":22124,"href":"https:\/\/lyonbondyblog.fr\/LBB\/wp-json\/wp\/v2\/posts\/22122\/revisions\/22124"}],"wp:featuredmedia":[{"embeddable":true,"href":"https:\/\/lyonbondyblog.fr\/LBB\/wp-json\/wp\/v2\/media\/22123"}],"wp:attachment":[{"href":"https:\/\/lyonbondyblog.fr\/LBB\/wp-json\/wp\/v2\/media?parent=22122"}],"wp:term":[{"taxonomy":"category","embeddable":true,"href":"https:\/\/lyonbondyblog.fr\/LBB\/wp-json\/wp\/v2\/categories?post=22122"},{"taxonomy":"post_tag","embeddable":true,"href":"https:\/\/lyonbondyblog.fr\/LBB\/wp-json\/wp\/v2\/tags?post=22122"}],"curies":[{"name":"wp","href":"https:\/\/api.w.org\/{rel}","templated":true}]}}