{"id":2210,"date":"2011-01-25T15:32:51","date_gmt":"2011-01-25T14:32:51","guid":{"rendered":"http:\/\/lyonbondyblog.fr\/LBB\/?p=2210"},"modified":"2013-07-30T15:34:50","modified_gmt":"2013-07-30T13:34:50","slug":"marine-le-pen-face-a-lequation-fn-extreme-droite-raciste","status":"publish","type":"post","link":"https:\/\/lyonbondyblog.fr\/LBB\/marine-le-pen-face-a-lequation-fn-extreme-droite-raciste\/","title":{"rendered":"Marine Le Pen face \u00e0 l\u2019\u00e9quation FN = extr\u00eame-droite = raciste"},"content":{"rendered":"<p><strong>BONDY BLOG &#8211; La nouvelle pr\u00e9sidente du Front national est apparue dimanche dans son discours moins v\u00e9h\u00e9mente que son p\u00e8re et que Bruno Gollnisch. R\u00e9actions.<\/strong><\/p>\n<div><a title=\" -- Cliquez pour voir l'image en entier\" href=\"http:\/\/yahoo.lyon.bondyblog.fr\/images\/Aladine_marine_discours_300x225.jpg\" target=\"_blank\"> <img loading=\"lazy\" decoding=\"async\" class=\"alignleft\" style=\"border: 0px none;\" alt=\" -- Cliquez pour voir l'image en entier\" src=\"http:\/\/yahoo.lyon.bondyblog.fr\/images\/Aladine_marine_discours_300x225_t.jpg\" width=\"193\" height=\"145\" border=\"0\" \/> <\/a><\/div>\n<div>Veni, vidi, vici. L\u2019expression autosatisfaite de Jules C\u00e9sar peut s\u2019appliquer \u00e0 la victoire sans appel (mais pas sans suite) de Marine Le Pen, qui acc\u00e8de \u00e0 la pr\u00e9sidence du parti fond\u00e9 par son p\u00e8re avec 67,65% des voix. Bruno Gollnisch, le perdant, qui a refus\u00e9 de si\u00e9ger dans l\u2019ex\u00e9cutif du Front national, a dit toutefois dimanche qu\u2019il ferait all\u00e9geance \u00e0 la nouvelle direction, contrairement \u00e0 Roger Holeindre, cofondateur du FN, qui a d\u00e9missionn\u00e9 de ses fonctions la veille, et \u00e0 <a href=\"http:\/\/yahoo.bondyblog.fr\/201101161515\/clash-farid-smahi-s%e2%80%99en-prend-a-la-%c2%ab-pro-sioniste-%c2%bb-marine-le-pen-et-claque-la-porte\/\">Farid Smahi<\/a>, pourtant \u00e9lu au comit\u00e9 central, qui a pr\u00e9cipitamment quitt\u00e9 le congr\u00e8s hier apr\u00e8s-midi, avant le terme de celui-ci.<\/div>\n<p>A l\u2019\u00e9cart de ces p\u00e9rip\u00e9ties, des adh\u00e9rents, dimanche, poursuivent leurs discussions au bar en attendant le discours de leur nouvelle pr\u00e9sidente. D\u2019autres ach\u00e8tent des t-shirts et des livres disponibles aux diff\u00e9rents stands. Gauthier, 23 ans, les cheveux parfaitement gomin\u00e9s, fait partie des soutiens de Marine Le Pen. Le jeune homme s\u2019occupe du stand du Front national de la jeunesse (FNJ).<\/p>\n<p>Cela fait trois ans qu\u2019il a rejoint les rangs du parti\u00a0: <em>\u00ab\u00a0En 2007, j\u2019ai vot\u00e9 pour Le Pen au premier tour de la pr\u00e9sidentielle et Sarkozy au second, <\/em>indique-t-il.<em> C\u2019\u00e9tait un vote pour le moins pire <\/em>(l\u2019opposante \u00e9tant S\u00e9gol\u00e8ne Royal)<em>. Nous avons le droit de vote donc j\u2019ai pr\u00e9f\u00e9r\u00e9 voter plut\u00f4t que m\u2019abstenir. \u00bb<\/em> Gaultier est de m\u00e8re juive originaire de Constantine en Alg\u00e9rie. <em>\u00ab\u00a0J\u2019ai des amis juifs et quelques-uns musulmans,<\/em> dit-il, <em>mais je n\u2019affiche pas mon appartenance au FN ostensiblement. \u00bb<\/em> Il n\u2019a pas d\u2019hostilit\u00e9 particuli\u00e8re envers les <em>\u00ab\u00a0\u00e9trangers, du moment qu\u2019ils sont patriotes et aiment la France\u00a0\u00bb<\/em>. Il a vot\u00e9 pour Marine Le Pen car <em>\u00ab elle est r\u00e9ellement proche du peuple. Elle est proche du Fran\u00e7ais moyen \u00e0 travers ses habits notamment qui sont d\u2019un style modeste. \u00bb<\/em><\/p>\n<p>Lors de son discours d\u2019apr\u00e8s \u00e9lection, la nouvelle pr\u00e9sidente du FN a sembl\u00e9 attacher plus d\u2019importance \u00e0 la la\u00efcit\u00e9 que son p\u00e8re, mettant en avant la n\u00e9cessit\u00e9 d\u2019un Etat protecteur de ce fondement et soulignant le caract\u00e8re priv\u00e9 des convictions religieuses. Gauthier, pour qui cependant le christianisme doit \u00eatre \u00ab\u00a0un rep\u00e8re et une r\u00e9f\u00e9rence civilisationnelle\u00a0\u00bb, comme\u00a0le r\u00e9p\u00e8te\u00a0d\u2019ailleurs Marine Le Pen, partage cette vision.<\/p>\n<p>Maladroitement th\u00e9\u00e2trale durant son discours, la pr\u00e9sidente \u00e9lue du FN a fix\u00e9 les premi\u00e8res bases de son programme, reprenant certains ingr\u00e9dients de son p\u00e8re\u00a0: un Etat fort, une souverainet\u00e9 retrouv\u00e9e qui refuse \u00ab\u00a0l\u2019Europe de Bruxelles\u00a0\u00bb et un renforcement de la formation qu\u2019elle dirige pour en faire un parti de \u00ab\u00a0b\u00e2tisseurs\u00a0\u00bb en vue des pr\u00e9sidentielles de 2012.<\/p>\n<p>Dans un coin de la salle de presse, j\u2019aper\u00e7ois Elisabeth L\u00e9vy, r\u00e9dactrice en chef du site <a href=\"http:\/\/www.causeur.fr\/\">Causeur.fr<\/a>. La journaliste alerte souvent, sur les plateaux t\u00e9l\u00e9, sur la menace islamiste ainsi que sur le probl\u00e8me de l\u2019immigration. Deux th\u00e8mes forts du FN qui alimentent\u00a0la machine id\u00e9ologique de ce dernier. <em>\u00ab\u00a0Trop longtemps on a mis ces th\u00e8mes de c\u00f4t\u00e9 au pr\u00e9texte que le FN s\u2019en sert. Mais ce que j\u2019observe, c\u2019est un probl\u00e8me li\u00e9 \u00e0 l\u2019islamisme et \u00e0 l\u2019immigration. Et il est dangereux de laisser ces gens<\/em> (du FN) <em>s\u2019approprier ces questions. \u00bb<\/em><\/p>\n<p>Quelle diff\u00e9rence, alors, entre le discours frontiste et celui d\u2019Elisabeth L\u00e9vy, que partagent d\u2019autres intellectuels de gauche ou venant de la gauche\u00a0? <em>\u00ab\u00a0La r\u00e9ponse \u00e0 ces probl\u00e8mes passe par l\u2019\u00e9ducation et l\u2019\u00e9cole, d\u2019une part. D\u2019autre part, il y a une pression du groupe dans les populations d\u2019origine \u00e9trang\u00e8re. Il faudrait que les mod\u00e9r\u00e9s s\u2019expriment, or on ne les entend malheureusement pas. Il faut les soutenir pour les amener \u00e0 prendre la parole. \u00bb<\/em><\/p>\n<p>A\u00a0plusieurs reprises, la pr\u00e9sidente du FN a fait r\u00e9f\u00e9rence \u00e0 l\u2019islamisme et \u00e0 l\u2019immigration, mais le ton qu\u2019elle a employ\u00e9 \u00e9tait moins v\u00e9h\u00e9ment que celui de Jean-Marie Le Pen\u00a0et\u00a0de Bruno Gollnisch. En revanche la voix a rugi davantage lorsqu\u2019elle a abord\u00e9 des probl\u00e9matiques comme la souverainet\u00e9 et les adversaires politiques du parti aux couleurs bleu-blanc-rouge. Une mani\u00e8re comme une autre, peut-\u00eatre, de rompre progressivement avec l\u2019\u00e9quation FN = extr\u00eame-droite = raciste.<\/p>\n<p><span style=\"text-decoration: underline;\">Auteur : Aladine Za\u00efane<\/span><\/p>\n<!-- AddThis Advanced Settings generic via filter on the_content --><!-- AddThis Share Buttons generic via filter on the_content -->","protected":false},"excerpt":{"rendered":"<p>BONDY BLOG &#8211; La nouvelle pr\u00e9sidente du Front national est apparue dimanche dans son discours moins v\u00e9h\u00e9mente que son p\u00e8re et que Bruno Gollnisch. R\u00e9actions. &hellip; <!-- AddThis Advanced Settings generic via filter on wp_trim_excerpt --><!-- AddThis Share Buttons generic via filter on wp_trim_excerpt --><\/p>\n","protected":false},"author":1,"featured_media":2211,"comment_status":"open","ping_status":"open","sticky":false,"template":"","format":"standard","meta":{"_FSMCFIC_featured_image_caption":"","_FSMCFIC_featured_image_nocaption":"","_FSMCFIC_featured_image_hide":"","footnotes":""},"categories":[4,6],"tags":[10,112],"class_list":["post-2210","post","type-post","status-publish","format-standard","has-post-thumbnail","hentry","category-lyon","category-politique","tag-lyon-2","tag-lyon-bondy-blog"],"yoast_head":"<!-- This site is optimized with the Yoast SEO plugin v22.8 - https:\/\/yoast.com\/wordpress\/plugins\/seo\/ -->\n<title>Marine Le Pen face \u00e0 l\u2019\u00e9quation FN = extr\u00eame-droite = raciste - Lyon Bondy Blog<\/title>\n<meta name=\"robots\" content=\"index, follow, max-snippet:-1, max-image-preview:large, max-video-preview:-1\" \/>\n<link rel=\"canonical\" href=\"https:\/\/lyonbondyblog.fr\/LBB\/marine-le-pen-face-a-lequation-fn-extreme-droite-raciste\/\" \/>\n<meta property=\"og:locale\" content=\"fr_FR\" \/>\n<meta property=\"og:type\" content=\"article\" \/>\n<meta property=\"og:title\" content=\"Marine Le Pen face \u00e0 l\u2019\u00e9quation FN = extr\u00eame-droite = raciste - Lyon Bondy Blog\" \/>\n<meta property=\"og:description\" content=\"BONDY BLOG &#8211; La nouvelle pr\u00e9sidente du Front national est apparue dimanche dans son discours moins v\u00e9h\u00e9mente que son p\u00e8re et que Bruno Gollnisch. R\u00e9actions. &hellip;\" \/>\n<meta property=\"og:url\" content=\"https:\/\/lyonbondyblog.fr\/LBB\/marine-le-pen-face-a-lequation-fn-extreme-droite-raciste\/\" \/>\n<meta property=\"og:site_name\" content=\"Lyon Bondy Blog\" \/>\n<meta property=\"article:publisher\" content=\"https:\/\/www.facebook.com\/lyonbondyblog\" \/>\n<meta property=\"article:author\" content=\"https:\/\/www.facebook.com\/lyonbondyblog\" \/>\n<meta property=\"article:published_time\" content=\"2011-01-25T14:32:51+00:00\" \/>\n<meta property=\"article:modified_time\" content=\"2013-07-30T13:34:50+00:00\" \/>\n<meta property=\"og:image\" content=\"https:\/\/lyonbondyblog.fr\/LBB\/wp-content\/uploads\/2013\/07\/Aladine_marine_discours_300x225_t.jpg\" \/>\n\t<meta property=\"og:image:width\" content=\"193\" \/>\n\t<meta property=\"og:image:height\" content=\"145\" \/>\n\t<meta property=\"og:image:type\" content=\"image\/jpeg\" \/>\n<meta name=\"author\" content=\"La r\u00e9daction\" \/>\n<meta name=\"twitter:card\" content=\"summary_large_image\" \/>\n<meta name=\"twitter:creator\" content=\"@BondyBlogLyon\" \/>\n<meta name=\"twitter:site\" content=\"@bondybloglyon\" \/>\n<script type=\"application\/ld+json\" class=\"yoast-schema-graph\">{\"@context\":\"https:\/\/schema.org\",\"@graph\":[{\"@type\":\"Article\",\"@id\":\"https:\/\/lyonbondyblog.fr\/LBB\/marine-le-pen-face-a-lequation-fn-extreme-droite-raciste\/#article\",\"isPartOf\":{\"@id\":\"https:\/\/lyonbondyblog.fr\/LBB\/marine-le-pen-face-a-lequation-fn-extreme-droite-raciste\/\"},\"author\":{\"name\":\"La r\u00e9daction\",\"@id\":\"https:\/\/lyonbondyblog.fr\/LBB\/#\/schema\/person\/e45f8d27baac75072daa0be50c409b25\"},\"headline\":\"Marine Le Pen face \u00e0 l\u2019\u00e9quation FN = extr\u00eame-droite = raciste\",\"datePublished\":\"2011-01-25T14:32:51+00:00\",\"dateModified\":\"2013-07-30T13:34:50+00:00\",\"mainEntityOfPage\":{\"@id\":\"https:\/\/lyonbondyblog.fr\/LBB\/marine-le-pen-face-a-lequation-fn-extreme-droite-raciste\/\"},\"wordCount\":792,\"commentCount\":0,\"publisher\":{\"@id\":\"https:\/\/lyonbondyblog.fr\/LBB\/#organization\"},\"image\":{\"@id\":\"https:\/\/lyonbondyblog.fr\/LBB\/marine-le-pen-face-a-lequation-fn-extreme-droite-raciste\/#primaryimage\"},\"thumbnailUrl\":\"https:\/\/lyonbondyblog.fr\/LBB\/wp-content\/uploads\/2013\/07\/Aladine_marine_discours_300x225_t.jpg\",\"keywords\":[\"lyon\",\"Lyon Bondy Blog\"],\"articleSection\":[\"Lyon\",\"Politique\"],\"inLanguage\":\"fr-FR\",\"potentialAction\":[{\"@type\":\"CommentAction\",\"name\":\"Comment\",\"target\":[\"https:\/\/lyonbondyblog.fr\/LBB\/marine-le-pen-face-a-lequation-fn-extreme-droite-raciste\/#respond\"]}]},{\"@type\":\"WebPage\",\"@id\":\"https:\/\/lyonbondyblog.fr\/LBB\/marine-le-pen-face-a-lequation-fn-extreme-droite-raciste\/\",\"url\":\"https:\/\/lyonbondyblog.fr\/LBB\/marine-le-pen-face-a-lequation-fn-extreme-droite-raciste\/\",\"name\":\"Marine Le Pen face \u00e0 l\u2019\u00e9quation FN = extr\u00eame-droite = raciste - Lyon Bondy Blog\",\"isPartOf\":{\"@id\":\"https:\/\/lyonbondyblog.fr\/LBB\/#website\"},\"primaryImageOfPage\":{\"@id\":\"https:\/\/lyonbondyblog.fr\/LBB\/marine-le-pen-face-a-lequation-fn-extreme-droite-raciste\/#primaryimage\"},\"image\":{\"@id\":\"https:\/\/lyonbondyblog.fr\/LBB\/marine-le-pen-face-a-lequation-fn-extreme-droite-raciste\/#primaryimage\"},\"thumbnailUrl\":\"https:\/\/lyonbondyblog.fr\/LBB\/wp-content\/uploads\/2013\/07\/Aladine_marine_discours_300x225_t.jpg\",\"datePublished\":\"2011-01-25T14:32:51+00:00\",\"dateModified\":\"2013-07-30T13:34:50+00:00\",\"inLanguage\":\"fr-FR\",\"potentialAction\":[{\"@type\":\"ReadAction\",\"target\":[\"https:\/\/lyonbondyblog.fr\/LBB\/marine-le-pen-face-a-lequation-fn-extreme-droite-raciste\/\"]}]},{\"@type\":\"ImageObject\",\"inLanguage\":\"fr-FR\",\"@id\":\"https:\/\/lyonbondyblog.fr\/LBB\/marine-le-pen-face-a-lequation-fn-extreme-droite-raciste\/#primaryimage\",\"url\":\"https:\/\/lyonbondyblog.fr\/LBB\/wp-content\/uploads\/2013\/07\/Aladine_marine_discours_300x225_t.jpg\",\"contentUrl\":\"https:\/\/lyonbondyblog.fr\/LBB\/wp-content\/uploads\/2013\/07\/Aladine_marine_discours_300x225_t.jpg\",\"width\":193,\"height\":145},{\"@type\":\"WebSite\",\"@id\":\"https:\/\/lyonbondyblog.fr\/LBB\/#website\",\"url\":\"https:\/\/lyonbondyblog.fr\/LBB\/\",\"name\":\"Lyon Bondy Blog\",\"description\":\"\",\"publisher\":{\"@id\":\"https:\/\/lyonbondyblog.fr\/LBB\/#organization\"},\"potentialAction\":[{\"@type\":\"SearchAction\",\"target\":{\"@type\":\"EntryPoint\",\"urlTemplate\":\"https:\/\/lyonbondyblog.fr\/LBB\/?s={search_term_string}\"},\"query-input\":\"required name=search_term_string\"}],\"inLanguage\":\"fr-FR\"},{\"@type\":\"Organization\",\"@id\":\"https:\/\/lyonbondyblog.fr\/LBB\/#organization\",\"name\":\"LYON BONDY BLOG\",\"url\":\"https:\/\/lyonbondyblog.fr\/LBB\/\",\"logo\":{\"@type\":\"ImageObject\",\"inLanguage\":\"fr-FR\",\"@id\":\"https:\/\/lyonbondyblog.fr\/LBB\/#\/schema\/logo\/image\/\",\"url\":\"http:\/\/lyonbondyblog.fr\/LBB\/wp-content\/uploads\/2014\/10\/logo-portable-144.png\",\"contentUrl\":\"http:\/\/lyonbondyblog.fr\/LBB\/wp-content\/uploads\/2014\/10\/logo-portable-144.png\",\"width\":144,\"height\":123,\"caption\":\"LYON BONDY BLOG\"},\"image\":{\"@id\":\"https:\/\/lyonbondyblog.fr\/LBB\/#\/schema\/logo\/image\/\"},\"sameAs\":[\"https:\/\/www.facebook.com\/lyonbondyblog\",\"https:\/\/x.com\/bondybloglyon\"]},{\"@type\":\"Person\",\"@id\":\"https:\/\/lyonbondyblog.fr\/LBB\/#\/schema\/person\/e45f8d27baac75072daa0be50c409b25\",\"name\":\"La r\u00e9daction\",\"description\":\"Cr\u00e9e en 2008, la r\u00e9daction du Lyon Bondy Blog s'applique \u00e0 proposer une information locale diff\u00e9rente et compl\u00e9mentaire des m\u00e9dias traditionnels.\",\"sameAs\":[\"https:\/\/www.facebook.com\/lyonbondyblog\",\"https:\/\/x.com\/BondyBlogLyon\"],\"url\":\"https:\/\/lyonbondyblog.fr\/LBB\/author\/admin\/\"}]}<\/script>\n<!-- \/ Yoast SEO plugin. -->","yoast_head_json":{"title":"Marine Le Pen face \u00e0 l\u2019\u00e9quation FN = extr\u00eame-droite = raciste - Lyon Bondy Blog","robots":{"index":"index","follow":"follow","max-snippet":"max-snippet:-1","max-image-preview":"max-image-preview:large","max-video-preview":"max-video-preview:-1"},"canonical":"https:\/\/lyonbondyblog.fr\/LBB\/marine-le-pen-face-a-lequation-fn-extreme-droite-raciste\/","og_locale":"fr_FR","og_type":"article","og_title":"Marine Le Pen face \u00e0 l\u2019\u00e9quation FN = extr\u00eame-droite = raciste - Lyon Bondy Blog","og_description":"BONDY BLOG &#8211; La nouvelle pr\u00e9sidente du Front national est apparue dimanche dans son discours moins v\u00e9h\u00e9mente que son p\u00e8re et que Bruno Gollnisch. R\u00e9actions. &hellip;","og_url":"https:\/\/lyonbondyblog.fr\/LBB\/marine-le-pen-face-a-lequation-fn-extreme-droite-raciste\/","og_site_name":"Lyon Bondy Blog","article_publisher":"https:\/\/www.facebook.com\/lyonbondyblog","article_author":"https:\/\/www.facebook.com\/lyonbondyblog","article_published_time":"2011-01-25T14:32:51+00:00","article_modified_time":"2013-07-30T13:34:50+00:00","og_image":[{"width":193,"height":145,"url":"https:\/\/lyonbondyblog.fr\/LBB\/wp-content\/uploads\/2013\/07\/Aladine_marine_discours_300x225_t.jpg","type":"image\/jpeg"}],"author":"La r\u00e9daction","twitter_card":"summary_large_image","twitter_creator":"@BondyBlogLyon","twitter_site":"@bondybloglyon","schema":{"@context":"https:\/\/schema.org","@graph":[{"@type":"Article","@id":"https:\/\/lyonbondyblog.fr\/LBB\/marine-le-pen-face-a-lequation-fn-extreme-droite-raciste\/#article","isPartOf":{"@id":"https:\/\/lyonbondyblog.fr\/LBB\/marine-le-pen-face-a-lequation-fn-extreme-droite-raciste\/"},"author":{"name":"La r\u00e9daction","@id":"https:\/\/lyonbondyblog.fr\/LBB\/#\/schema\/person\/e45f8d27baac75072daa0be50c409b25"},"headline":"Marine Le Pen face \u00e0 l\u2019\u00e9quation FN = extr\u00eame-droite = raciste","datePublished":"2011-01-25T14:32:51+00:00","dateModified":"2013-07-30T13:34:50+00:00","mainEntityOfPage":{"@id":"https:\/\/lyonbondyblog.fr\/LBB\/marine-le-pen-face-a-lequation-fn-extreme-droite-raciste\/"},"wordCount":792,"commentCount":0,"publisher":{"@id":"https:\/\/lyonbondyblog.fr\/LBB\/#organization"},"image":{"@id":"https:\/\/lyonbondyblog.fr\/LBB\/marine-le-pen-face-a-lequation-fn-extreme-droite-raciste\/#primaryimage"},"thumbnailUrl":"https:\/\/lyonbondyblog.fr\/LBB\/wp-content\/uploads\/2013\/07\/Aladine_marine_discours_300x225_t.jpg","keywords":["lyon","Lyon Bondy Blog"],"articleSection":["Lyon","Politique"],"inLanguage":"fr-FR","potentialAction":[{"@type":"CommentAction","name":"Comment","target":["https:\/\/lyonbondyblog.fr\/LBB\/marine-le-pen-face-a-lequation-fn-extreme-droite-raciste\/#respond"]}]},{"@type":"WebPage","@id":"https:\/\/lyonbondyblog.fr\/LBB\/marine-le-pen-face-a-lequation-fn-extreme-droite-raciste\/","url":"https:\/\/lyonbondyblog.fr\/LBB\/marine-le-pen-face-a-lequation-fn-extreme-droite-raciste\/","name":"Marine Le Pen face \u00e0 l\u2019\u00e9quation FN = extr\u00eame-droite = raciste - Lyon Bondy Blog","isPartOf":{"@id":"https:\/\/lyonbondyblog.fr\/LBB\/#website"},"primaryImageOfPage":{"@id":"https:\/\/lyonbondyblog.fr\/LBB\/marine-le-pen-face-a-lequation-fn-extreme-droite-raciste\/#primaryimage"},"image":{"@id":"https:\/\/lyonbondyblog.fr\/LBB\/marine-le-pen-face-a-lequation-fn-extreme-droite-raciste\/#primaryimage"},"thumbnailUrl":"https:\/\/lyonbondyblog.fr\/LBB\/wp-content\/uploads\/2013\/07\/Aladine_marine_discours_300x225_t.jpg","datePublished":"2011-01-25T14:32:51+00:00","dateModified":"2013-07-30T13:34:50+00:00","inLanguage":"fr-FR","potentialAction":[{"@type":"ReadAction","target":["https:\/\/lyonbondyblog.fr\/LBB\/marine-le-pen-face-a-lequation-fn-extreme-droite-raciste\/"]}]},{"@type":"ImageObject","inLanguage":"fr-FR","@id":"https:\/\/lyonbondyblog.fr\/LBB\/marine-le-pen-face-a-lequation-fn-extreme-droite-raciste\/#primaryimage","url":"https:\/\/lyonbondyblog.fr\/LBB\/wp-content\/uploads\/2013\/07\/Aladine_marine_discours_300x225_t.jpg","contentUrl":"https:\/\/lyonbondyblog.fr\/LBB\/wp-content\/uploads\/2013\/07\/Aladine_marine_discours_300x225_t.jpg","width":193,"height":145},{"@type":"WebSite","@id":"https:\/\/lyonbondyblog.fr\/LBB\/#website","url":"https:\/\/lyonbondyblog.fr\/LBB\/","name":"Lyon Bondy Blog","description":"","publisher":{"@id":"https:\/\/lyonbondyblog.fr\/LBB\/#organization"},"potentialAction":[{"@type":"SearchAction","target":{"@type":"EntryPoint","urlTemplate":"https:\/\/lyonbondyblog.fr\/LBB\/?s={search_term_string}"},"query-input":"required name=search_term_string"}],"inLanguage":"fr-FR"},{"@type":"Organization","@id":"https:\/\/lyonbondyblog.fr\/LBB\/#organization","name":"LYON BONDY BLOG","url":"https:\/\/lyonbondyblog.fr\/LBB\/","logo":{"@type":"ImageObject","inLanguage":"fr-FR","@id":"https:\/\/lyonbondyblog.fr\/LBB\/#\/schema\/logo\/image\/","url":"http:\/\/lyonbondyblog.fr\/LBB\/wp-content\/uploads\/2014\/10\/logo-portable-144.png","contentUrl":"http:\/\/lyonbondyblog.fr\/LBB\/wp-content\/uploads\/2014\/10\/logo-portable-144.png","width":144,"height":123,"caption":"LYON BONDY BLOG"},"image":{"@id":"https:\/\/lyonbondyblog.fr\/LBB\/#\/schema\/logo\/image\/"},"sameAs":["https:\/\/www.facebook.com\/lyonbondyblog","https:\/\/x.com\/bondybloglyon"]},{"@type":"Person","@id":"https:\/\/lyonbondyblog.fr\/LBB\/#\/schema\/person\/e45f8d27baac75072daa0be50c409b25","name":"La r\u00e9daction","description":"Cr\u00e9e en 2008, la r\u00e9daction du Lyon Bondy Blog s'applique \u00e0 proposer une information locale diff\u00e9rente et compl\u00e9mentaire des m\u00e9dias traditionnels.","sameAs":["https:\/\/www.facebook.com\/lyonbondyblog","https:\/\/x.com\/BondyBlogLyon"],"url":"https:\/\/lyonbondyblog.fr\/LBB\/author\/admin\/"}]}},"_links":{"self":[{"href":"https:\/\/lyonbondyblog.fr\/LBB\/wp-json\/wp\/v2\/posts\/2210","targetHints":{"allow":["GET"]}}],"collection":[{"href":"https:\/\/lyonbondyblog.fr\/LBB\/wp-json\/wp\/v2\/posts"}],"about":[{"href":"https:\/\/lyonbondyblog.fr\/LBB\/wp-json\/wp\/v2\/types\/post"}],"author":[{"embeddable":true,"href":"https:\/\/lyonbondyblog.fr\/LBB\/wp-json\/wp\/v2\/users\/1"}],"replies":[{"embeddable":true,"href":"https:\/\/lyonbondyblog.fr\/LBB\/wp-json\/wp\/v2\/comments?post=2210"}],"version-history":[{"count":0,"href":"https:\/\/lyonbondyblog.fr\/LBB\/wp-json\/wp\/v2\/posts\/2210\/revisions"}],"wp:featuredmedia":[{"embeddable":true,"href":"https:\/\/lyonbondyblog.fr\/LBB\/wp-json\/wp\/v2\/media\/2211"}],"wp:attachment":[{"href":"https:\/\/lyonbondyblog.fr\/LBB\/wp-json\/wp\/v2\/media?parent=2210"}],"wp:term":[{"taxonomy":"category","embeddable":true,"href":"https:\/\/lyonbondyblog.fr\/LBB\/wp-json\/wp\/v2\/categories?post=2210"},{"taxonomy":"post_tag","embeddable":true,"href":"https:\/\/lyonbondyblog.fr\/LBB\/wp-json\/wp\/v2\/tags?post=2210"}],"curies":[{"name":"wp","href":"https:\/\/api.w.org\/{rel}","templated":true}]}}