{"id":22037,"date":"2021-03-04T18:32:33","date_gmt":"2021-03-04T17:32:33","guid":{"rendered":"http:\/\/lyonbondyblog.fr\/LBB\/?p=22037"},"modified":"2021-03-04T18:34:26","modified_gmt":"2021-03-04T17:34:26","slug":"nathalie-elimas-en-deplacement-a-venissieux-pour-promouvoir-les-cites-educatives","status":"publish","type":"post","link":"https:\/\/lyonbondyblog.fr\/LBB\/nathalie-elimas-en-deplacement-a-venissieux-pour-promouvoir-les-cites-educatives\/","title":{"rendered":"Nathalie Elimas en d\u00e9placement \u00e0 V\u00e9nissieux pour promouvoir les cit\u00e9s \u00e9ducatives"},"content":{"rendered":"<h4><b>Ce jeudi 5 mars, la secr\u00e9taire d\u2019Etat charg\u00e9e de l\u2019\u00e9ducation prioritaire \u00e9tait en d\u00e9placement dans le Rh\u00f4ne. Elle s\u2019est rendue au sein du coll\u00e8ge Jules Michelet \u00e0 V\u00e9nissieux, ainsi qu\u2019\u00e0 l\u2019\u00e9cole Paul Eluard (Pierre B\u00e9nite) pour observer les b\u00e9n\u00e9fices des cit\u00e9s \u00e9ducatives.<\/b><\/h4>\n<figure id=\"attachment_22038\" aria-describedby=\"caption-attachment-22038\" style=\"width: 389px\" class=\"wp-caption aligncenter\"><img loading=\"lazy\" decoding=\"async\" class=\"wp-image-22038\" src=\"https:\/\/lyonbondyblog.fr\/LBB\/wp-content\/uploads\/2021\/03\/\u00e9ducation-prioritaire.jpg\" alt=\"\" width=\"389\" height=\"292\" srcset=\"https:\/\/lyonbondyblog.fr\/LBB\/wp-content\/uploads\/2021\/03\/\u00e9ducation-prioritaire.jpg 960w, https:\/\/lyonbondyblog.fr\/LBB\/wp-content\/uploads\/2021\/03\/\u00e9ducation-prioritaire-768x576.jpg 768w\" sizes=\"auto, (max-width: 389px) 100vw, 389px\" \/><figcaption id=\"caption-attachment-22038\" class=\"wp-caption-text\">Nathalie Elimas &#8211; Cr\u00e9dit Luc Lavoue<\/figcaption><\/figure>\n<p>Observer l\u2019int\u00e9r\u00eat du d\u00e9doublement des classes de CP et CE1 et \u00e9voquer les processus d\u2019accompagnement des coll\u00e9giens dans leur orientation, tels \u00e9taient les enjeux de la venue de Nathalie Elmas dans ces \u00e9tablissements d\u2019\u00e9ducation prioritaire. A cette occasion, la secr\u00e9taire d\u2019Etat a tenu \u00e0 saluer le travail du corps enseignant. Vantant le m\u00e9rit\u00e9 du dispositif, elle est revenue sur la n\u00e9cessit\u00e9 d\u2019&nbsp; <i>\u00ab&nbsp;ouvrir toutes les portes possibles a nos familles issues des quartiers <\/i>prioritaires. <i>Le label \u00ab&nbsp; Cit\u00e9 Educative&nbsp;\u00bb permet de travailler autrement et de constituer un v\u00e9ritable \u00e9cosyst\u00e8me b\u00e2ti tous ensemble entre nos \u00e9l\u00e8ves et nos jeunes<\/i>&nbsp;\u00bb.<\/p>\n<p>En conclusion de sa conf\u00e9rence de presse, Nathalie Elmas a rappel\u00e9 que l\u2019insertion dans le monde du travail pour les coll\u00e9giens constituait une maillon essentiel de cette mission. Un point de vigilance<i> \u00ab&nbsp;\u00e0 ne pas oublier&nbsp;<\/i>\u00bb dans le processus d\u2019orientation et d\u2019insertion professionnelle des coll\u00e9giens.<\/p>\n<!-- AddThis Advanced Settings generic via filter on the_content --><!-- AddThis Share Buttons generic via filter on the_content -->","protected":false},"excerpt":{"rendered":"<p>Ce jeudi 5 mars, la secr\u00e9taire d\u2019Etat charg\u00e9e de l\u2019\u00e9ducation prioritaire \u00e9tait en d\u00e9placement dans le Rh\u00f4ne. Elle s\u2019est rendue au sein du coll\u00e8ge Jules &hellip; <!-- AddThis Advanced Settings generic via filter on wp_trim_excerpt --><!-- AddThis Share Buttons generic via filter on wp_trim_excerpt --><\/p>\n","protected":false},"author":29248,"featured_media":22038,"comment_status":"open","ping_status":"open","sticky":false,"template":"","format":"standard","meta":{"_FSMCFIC_featured_image_caption":"","_FSMCFIC_featured_image_nocaption":"","_FSMCFIC_featured_image_hide":"","footnotes":""},"categories":[3517,6,6974],"tags":[],"class_list":["post-22037","post","type-post","status-publish","format-standard","has-post-thumbnail","hentry","category-education","category-politique","category-venissieux"],"yoast_head":"<!-- This site is optimized with the Yoast SEO plugin v22.8 - https:\/\/yoast.com\/wordpress\/plugins\/seo\/ -->\n<title>Nathalie Elimas en d\u00e9placement \u00e0 V\u00e9nissieux pour promouvoir les cit\u00e9s \u00e9ducatives - Lyon Bondy Blog<\/title>\n<meta name=\"robots\" content=\"index, follow, max-snippet:-1, max-image-preview:large, max-video-preview:-1\" \/>\n<link rel=\"canonical\" href=\"https:\/\/lyonbondyblog.fr\/LBB\/nathalie-elimas-en-deplacement-a-venissieux-pour-promouvoir-les-cites-educatives\/\" \/>\n<meta property=\"og:locale\" content=\"fr_FR\" \/>\n<meta property=\"og:type\" content=\"article\" \/>\n<meta property=\"og:title\" content=\"Nathalie Elimas en d\u00e9placement \u00e0 V\u00e9nissieux pour promouvoir les cit\u00e9s \u00e9ducatives - Lyon Bondy Blog\" \/>\n<meta property=\"og:description\" content=\"Ce jeudi 5 mars, la secr\u00e9taire d\u2019Etat charg\u00e9e de l\u2019\u00e9ducation prioritaire \u00e9tait en d\u00e9placement dans le Rh\u00f4ne. Elle s\u2019est rendue au sein du coll\u00e8ge Jules &hellip;\" \/>\n<meta property=\"og:url\" content=\"https:\/\/lyonbondyblog.fr\/LBB\/nathalie-elimas-en-deplacement-a-venissieux-pour-promouvoir-les-cites-educatives\/\" \/>\n<meta property=\"og:site_name\" content=\"Lyon Bondy Blog\" \/>\n<meta property=\"article:publisher\" content=\"https:\/\/www.facebook.com\/lyonbondyblog\" \/>\n<meta property=\"article:published_time\" content=\"2021-03-04T17:32:33+00:00\" \/>\n<meta property=\"article:modified_time\" content=\"2021-03-04T17:34:26+00:00\" \/>\n<meta property=\"og:image\" content=\"https:\/\/lyonbondyblog.fr\/LBB\/wp-content\/uploads\/2021\/03\/\u00e9ducation-prioritaire.jpg\" \/>\n\t<meta property=\"og:image:width\" content=\"960\" \/>\n\t<meta property=\"og:image:height\" content=\"720\" \/>\n\t<meta property=\"og:image:type\" content=\"image\/jpeg\" \/>\n<meta name=\"author\" content=\"luc lavoue\" \/>\n<meta name=\"twitter:card\" content=\"summary_large_image\" \/>\n<meta name=\"twitter:creator\" content=\"@bondybloglyon\" \/>\n<meta name=\"twitter:site\" content=\"@bondybloglyon\" \/>\n<script type=\"application\/ld+json\" class=\"yoast-schema-graph\">{\"@context\":\"https:\/\/schema.org\",\"@graph\":[{\"@type\":\"Article\",\"@id\":\"https:\/\/lyonbondyblog.fr\/LBB\/nathalie-elimas-en-deplacement-a-venissieux-pour-promouvoir-les-cites-educatives\/#article\",\"isPartOf\":{\"@id\":\"https:\/\/lyonbondyblog.fr\/LBB\/nathalie-elimas-en-deplacement-a-venissieux-pour-promouvoir-les-cites-educatives\/\"},\"author\":{\"name\":\"luc lavoue\",\"@id\":\"https:\/\/lyonbondyblog.fr\/LBB\/#\/schema\/person\/b45854730d13feb464d5dfebe3fc98d5\"},\"headline\":\"Nathalie Elimas en d\u00e9placement \u00e0 V\u00e9nissieux pour promouvoir les cit\u00e9s \u00e9ducatives\",\"datePublished\":\"2021-03-04T17:32:33+00:00\",\"dateModified\":\"2021-03-04T17:34:26+00:00\",\"mainEntityOfPage\":{\"@id\":\"https:\/\/lyonbondyblog.fr\/LBB\/nathalie-elimas-en-deplacement-a-venissieux-pour-promouvoir-les-cites-educatives\/\"},\"wordCount\":249,\"commentCount\":0,\"publisher\":{\"@id\":\"https:\/\/lyonbondyblog.fr\/LBB\/#organization\"},\"image\":{\"@id\":\"https:\/\/lyonbondyblog.fr\/LBB\/nathalie-elimas-en-deplacement-a-venissieux-pour-promouvoir-les-cites-educatives\/#primaryimage\"},\"thumbnailUrl\":\"https:\/\/lyonbondyblog.fr\/LBB\/wp-content\/uploads\/2021\/03\/\u00e9ducation-prioritaire.jpg\",\"articleSection\":[\"Education\",\"Politique\",\"V\u00e9nissieux\"],\"inLanguage\":\"fr-FR\",\"potentialAction\":[{\"@type\":\"CommentAction\",\"name\":\"Comment\",\"target\":[\"https:\/\/lyonbondyblog.fr\/LBB\/nathalie-elimas-en-deplacement-a-venissieux-pour-promouvoir-les-cites-educatives\/#respond\"]}]},{\"@type\":\"WebPage\",\"@id\":\"https:\/\/lyonbondyblog.fr\/LBB\/nathalie-elimas-en-deplacement-a-venissieux-pour-promouvoir-les-cites-educatives\/\",\"url\":\"https:\/\/lyonbondyblog.fr\/LBB\/nathalie-elimas-en-deplacement-a-venissieux-pour-promouvoir-les-cites-educatives\/\",\"name\":\"Nathalie Elimas en d\u00e9placement \u00e0 V\u00e9nissieux pour promouvoir les cit\u00e9s \u00e9ducatives - Lyon Bondy Blog\",\"isPartOf\":{\"@id\":\"https:\/\/lyonbondyblog.fr\/LBB\/#website\"},\"primaryImageOfPage\":{\"@id\":\"https:\/\/lyonbondyblog.fr\/LBB\/nathalie-elimas-en-deplacement-a-venissieux-pour-promouvoir-les-cites-educatives\/#primaryimage\"},\"image\":{\"@id\":\"https:\/\/lyonbondyblog.fr\/LBB\/nathalie-elimas-en-deplacement-a-venissieux-pour-promouvoir-les-cites-educatives\/#primaryimage\"},\"thumbnailUrl\":\"https:\/\/lyonbondyblog.fr\/LBB\/wp-content\/uploads\/2021\/03\/\u00e9ducation-prioritaire.jpg\",\"datePublished\":\"2021-03-04T17:32:33+00:00\",\"dateModified\":\"2021-03-04T17:34:26+00:00\",\"inLanguage\":\"fr-FR\",\"potentialAction\":[{\"@type\":\"ReadAction\",\"target\":[\"https:\/\/lyonbondyblog.fr\/LBB\/nathalie-elimas-en-deplacement-a-venissieux-pour-promouvoir-les-cites-educatives\/\"]}]},{\"@type\":\"ImageObject\",\"inLanguage\":\"fr-FR\",\"@id\":\"https:\/\/lyonbondyblog.fr\/LBB\/nathalie-elimas-en-deplacement-a-venissieux-pour-promouvoir-les-cites-educatives\/#primaryimage\",\"url\":\"https:\/\/lyonbondyblog.fr\/LBB\/wp-content\/uploads\/2021\/03\/\u00e9ducation-prioritaire.jpg\",\"contentUrl\":\"https:\/\/lyonbondyblog.fr\/LBB\/wp-content\/uploads\/2021\/03\/\u00e9ducation-prioritaire.jpg\",\"width\":960,\"height\":720},{\"@type\":\"WebSite\",\"@id\":\"https:\/\/lyonbondyblog.fr\/LBB\/#website\",\"url\":\"https:\/\/lyonbondyblog.fr\/LBB\/\",\"name\":\"Lyon Bondy Blog\",\"description\":\"\",\"publisher\":{\"@id\":\"https:\/\/lyonbondyblog.fr\/LBB\/#organization\"},\"potentialAction\":[{\"@type\":\"SearchAction\",\"target\":{\"@type\":\"EntryPoint\",\"urlTemplate\":\"https:\/\/lyonbondyblog.fr\/LBB\/?s={search_term_string}\"},\"query-input\":\"required name=search_term_string\"}],\"inLanguage\":\"fr-FR\"},{\"@type\":\"Organization\",\"@id\":\"https:\/\/lyonbondyblog.fr\/LBB\/#organization\",\"name\":\"LYON BONDY BLOG\",\"url\":\"https:\/\/lyonbondyblog.fr\/LBB\/\",\"logo\":{\"@type\":\"ImageObject\",\"inLanguage\":\"fr-FR\",\"@id\":\"https:\/\/lyonbondyblog.fr\/LBB\/#\/schema\/logo\/image\/\",\"url\":\"http:\/\/lyonbondyblog.fr\/LBB\/wp-content\/uploads\/2014\/10\/logo-portable-144.png\",\"contentUrl\":\"http:\/\/lyonbondyblog.fr\/LBB\/wp-content\/uploads\/2014\/10\/logo-portable-144.png\",\"width\":144,\"height\":123,\"caption\":\"LYON BONDY BLOG\"},\"image\":{\"@id\":\"https:\/\/lyonbondyblog.fr\/LBB\/#\/schema\/logo\/image\/\"},\"sameAs\":[\"https:\/\/www.facebook.com\/lyonbondyblog\",\"https:\/\/x.com\/bondybloglyon\"]},{\"@type\":\"Person\",\"@id\":\"https:\/\/lyonbondyblog.fr\/LBB\/#\/schema\/person\/b45854730d13feb464d5dfebe3fc98d5\",\"name\":\"luc lavoue\",\"url\":\"https:\/\/lyonbondyblog.fr\/LBB\/author\/llavoue\/\"}]}<\/script>\n<!-- \/ Yoast SEO plugin. -->","yoast_head_json":{"title":"Nathalie Elimas en d\u00e9placement \u00e0 V\u00e9nissieux pour promouvoir les cit\u00e9s \u00e9ducatives - Lyon Bondy Blog","robots":{"index":"index","follow":"follow","max-snippet":"max-snippet:-1","max-image-preview":"max-image-preview:large","max-video-preview":"max-video-preview:-1"},"canonical":"https:\/\/lyonbondyblog.fr\/LBB\/nathalie-elimas-en-deplacement-a-venissieux-pour-promouvoir-les-cites-educatives\/","og_locale":"fr_FR","og_type":"article","og_title":"Nathalie Elimas en d\u00e9placement \u00e0 V\u00e9nissieux pour promouvoir les cit\u00e9s \u00e9ducatives - Lyon Bondy Blog","og_description":"Ce jeudi 5 mars, la secr\u00e9taire d\u2019Etat charg\u00e9e de l\u2019\u00e9ducation prioritaire \u00e9tait en d\u00e9placement dans le Rh\u00f4ne. Elle s\u2019est rendue au sein du coll\u00e8ge Jules &hellip;","og_url":"https:\/\/lyonbondyblog.fr\/LBB\/nathalie-elimas-en-deplacement-a-venissieux-pour-promouvoir-les-cites-educatives\/","og_site_name":"Lyon Bondy Blog","article_publisher":"https:\/\/www.facebook.com\/lyonbondyblog","article_published_time":"2021-03-04T17:32:33+00:00","article_modified_time":"2021-03-04T17:34:26+00:00","og_image":[{"width":960,"height":720,"url":"https:\/\/lyonbondyblog.fr\/LBB\/wp-content\/uploads\/2021\/03\/\u00e9ducation-prioritaire.jpg","type":"image\/jpeg"}],"author":"luc lavoue","twitter_card":"summary_large_image","twitter_creator":"@bondybloglyon","twitter_site":"@bondybloglyon","schema":{"@context":"https:\/\/schema.org","@graph":[{"@type":"Article","@id":"https:\/\/lyonbondyblog.fr\/LBB\/nathalie-elimas-en-deplacement-a-venissieux-pour-promouvoir-les-cites-educatives\/#article","isPartOf":{"@id":"https:\/\/lyonbondyblog.fr\/LBB\/nathalie-elimas-en-deplacement-a-venissieux-pour-promouvoir-les-cites-educatives\/"},"author":{"name":"luc lavoue","@id":"https:\/\/lyonbondyblog.fr\/LBB\/#\/schema\/person\/b45854730d13feb464d5dfebe3fc98d5"},"headline":"Nathalie Elimas en d\u00e9placement \u00e0 V\u00e9nissieux pour promouvoir les cit\u00e9s \u00e9ducatives","datePublished":"2021-03-04T17:32:33+00:00","dateModified":"2021-03-04T17:34:26+00:00","mainEntityOfPage":{"@id":"https:\/\/lyonbondyblog.fr\/LBB\/nathalie-elimas-en-deplacement-a-venissieux-pour-promouvoir-les-cites-educatives\/"},"wordCount":249,"commentCount":0,"publisher":{"@id":"https:\/\/lyonbondyblog.fr\/LBB\/#organization"},"image":{"@id":"https:\/\/lyonbondyblog.fr\/LBB\/nathalie-elimas-en-deplacement-a-venissieux-pour-promouvoir-les-cites-educatives\/#primaryimage"},"thumbnailUrl":"https:\/\/lyonbondyblog.fr\/LBB\/wp-content\/uploads\/2021\/03\/\u00e9ducation-prioritaire.jpg","articleSection":["Education","Politique","V\u00e9nissieux"],"inLanguage":"fr-FR","potentialAction":[{"@type":"CommentAction","name":"Comment","target":["https:\/\/lyonbondyblog.fr\/LBB\/nathalie-elimas-en-deplacement-a-venissieux-pour-promouvoir-les-cites-educatives\/#respond"]}]},{"@type":"WebPage","@id":"https:\/\/lyonbondyblog.fr\/LBB\/nathalie-elimas-en-deplacement-a-venissieux-pour-promouvoir-les-cites-educatives\/","url":"https:\/\/lyonbondyblog.fr\/LBB\/nathalie-elimas-en-deplacement-a-venissieux-pour-promouvoir-les-cites-educatives\/","name":"Nathalie Elimas en d\u00e9placement \u00e0 V\u00e9nissieux pour promouvoir les cit\u00e9s \u00e9ducatives - Lyon Bondy Blog","isPartOf":{"@id":"https:\/\/lyonbondyblog.fr\/LBB\/#website"},"primaryImageOfPage":{"@id":"https:\/\/lyonbondyblog.fr\/LBB\/nathalie-elimas-en-deplacement-a-venissieux-pour-promouvoir-les-cites-educatives\/#primaryimage"},"image":{"@id":"https:\/\/lyonbondyblog.fr\/LBB\/nathalie-elimas-en-deplacement-a-venissieux-pour-promouvoir-les-cites-educatives\/#primaryimage"},"thumbnailUrl":"https:\/\/lyonbondyblog.fr\/LBB\/wp-content\/uploads\/2021\/03\/\u00e9ducation-prioritaire.jpg","datePublished":"2021-03-04T17:32:33+00:00","dateModified":"2021-03-04T17:34:26+00:00","inLanguage":"fr-FR","potentialAction":[{"@type":"ReadAction","target":["https:\/\/lyonbondyblog.fr\/LBB\/nathalie-elimas-en-deplacement-a-venissieux-pour-promouvoir-les-cites-educatives\/"]}]},{"@type":"ImageObject","inLanguage":"fr-FR","@id":"https:\/\/lyonbondyblog.fr\/LBB\/nathalie-elimas-en-deplacement-a-venissieux-pour-promouvoir-les-cites-educatives\/#primaryimage","url":"https:\/\/lyonbondyblog.fr\/LBB\/wp-content\/uploads\/2021\/03\/\u00e9ducation-prioritaire.jpg","contentUrl":"https:\/\/lyonbondyblog.fr\/LBB\/wp-content\/uploads\/2021\/03\/\u00e9ducation-prioritaire.jpg","width":960,"height":720},{"@type":"WebSite","@id":"https:\/\/lyonbondyblog.fr\/LBB\/#website","url":"https:\/\/lyonbondyblog.fr\/LBB\/","name":"Lyon Bondy Blog","description":"","publisher":{"@id":"https:\/\/lyonbondyblog.fr\/LBB\/#organization"},"potentialAction":[{"@type":"SearchAction","target":{"@type":"EntryPoint","urlTemplate":"https:\/\/lyonbondyblog.fr\/LBB\/?s={search_term_string}"},"query-input":"required name=search_term_string"}],"inLanguage":"fr-FR"},{"@type":"Organization","@id":"https:\/\/lyonbondyblog.fr\/LBB\/#organization","name":"LYON BONDY BLOG","url":"https:\/\/lyonbondyblog.fr\/LBB\/","logo":{"@type":"ImageObject","inLanguage":"fr-FR","@id":"https:\/\/lyonbondyblog.fr\/LBB\/#\/schema\/logo\/image\/","url":"http:\/\/lyonbondyblog.fr\/LBB\/wp-content\/uploads\/2014\/10\/logo-portable-144.png","contentUrl":"http:\/\/lyonbondyblog.fr\/LBB\/wp-content\/uploads\/2014\/10\/logo-portable-144.png","width":144,"height":123,"caption":"LYON BONDY BLOG"},"image":{"@id":"https:\/\/lyonbondyblog.fr\/LBB\/#\/schema\/logo\/image\/"},"sameAs":["https:\/\/www.facebook.com\/lyonbondyblog","https:\/\/x.com\/bondybloglyon"]},{"@type":"Person","@id":"https:\/\/lyonbondyblog.fr\/LBB\/#\/schema\/person\/b45854730d13feb464d5dfebe3fc98d5","name":"luc lavoue","url":"https:\/\/lyonbondyblog.fr\/LBB\/author\/llavoue\/"}]}},"_links":{"self":[{"href":"https:\/\/lyonbondyblog.fr\/LBB\/wp-json\/wp\/v2\/posts\/22037","targetHints":{"allow":["GET"]}}],"collection":[{"href":"https:\/\/lyonbondyblog.fr\/LBB\/wp-json\/wp\/v2\/posts"}],"about":[{"href":"https:\/\/lyonbondyblog.fr\/LBB\/wp-json\/wp\/v2\/types\/post"}],"author":[{"embeddable":true,"href":"https:\/\/lyonbondyblog.fr\/LBB\/wp-json\/wp\/v2\/users\/29248"}],"replies":[{"embeddable":true,"href":"https:\/\/lyonbondyblog.fr\/LBB\/wp-json\/wp\/v2\/comments?post=22037"}],"version-history":[{"count":2,"href":"https:\/\/lyonbondyblog.fr\/LBB\/wp-json\/wp\/v2\/posts\/22037\/revisions"}],"predecessor-version":[{"id":22040,"href":"https:\/\/lyonbondyblog.fr\/LBB\/wp-json\/wp\/v2\/posts\/22037\/revisions\/22040"}],"wp:featuredmedia":[{"embeddable":true,"href":"https:\/\/lyonbondyblog.fr\/LBB\/wp-json\/wp\/v2\/media\/22038"}],"wp:attachment":[{"href":"https:\/\/lyonbondyblog.fr\/LBB\/wp-json\/wp\/v2\/media?parent=22037"}],"wp:term":[{"taxonomy":"category","embeddable":true,"href":"https:\/\/lyonbondyblog.fr\/LBB\/wp-json\/wp\/v2\/categories?post=22037"},{"taxonomy":"post_tag","embeddable":true,"href":"https:\/\/lyonbondyblog.fr\/LBB\/wp-json\/wp\/v2\/tags?post=22037"}],"curies":[{"name":"wp","href":"https:\/\/api.w.org\/{rel}","templated":true}]}}