{"id":21978,"date":"2021-02-23T17:26:55","date_gmt":"2021-02-23T16:26:55","guid":{"rendered":"http:\/\/lyonbondyblog.fr\/LBB\/?p=21978"},"modified":"2021-02-23T17:27:34","modified_gmt":"2021-02-23T16:27:34","slug":"tuna-altinel-le-mathematicien-bloque-en-turquie-devient-citoyen-dhonneur-de-la-ville-de-villeurbanne","status":"publish","type":"post","link":"https:\/\/lyonbondyblog.fr\/LBB\/tuna-altinel-le-mathematicien-bloque-en-turquie-devient-citoyen-dhonneur-de-la-ville-de-villeurbanne\/","title":{"rendered":"Tuna Altinel  : Le math\u00e9maticien bloqu\u00e9 en Turquie devient citoyen d&rsquo;honneur de la ville de Villeurbanne"},"content":{"rendered":"<h4><b>Le lundi 22 f\u00e9vrier, le Conseil municipal de Villeurbanne <\/b><b>pr\u00e9sentait un v\u0153u devant la presse pour que soit attribu\u00e9 \u00e0 Tuna Altinel et lui attribuer la citoyennet\u00e9 d\u2019honneur de la ville.<\/b><b> Pour l\u2019occasion,&nbsp; le d\u00e9put\u00e9 C\u00e9dric Villani et le s\u00e9nateur Gilbert-Luc Devinaz ont fait le d\u00e9placement.<\/b><\/h4>\n<figure id=\"attachment_21979\" aria-describedby=\"caption-attachment-21979\" style=\"width: 392px\" class=\"wp-caption aligncenter\"><img loading=\"lazy\" decoding=\"async\" class=\" wp-image-21979\" src=\"https:\/\/lyonbondyblog.fr\/LBB\/wp-content\/uploads\/2021\/02\/vs-altinel.png\" alt=\"\" width=\"392\" height=\"304\"><figcaption id=\"caption-attachment-21979\" class=\"wp-caption-text\"><em>Conf\u00e9rence de presse du Conseil Municipal de Villeurbanne<\/em><\/figcaption><\/figure>\n<h4><em><b>Rappel des faits :<\/b><\/em><\/h4>\n<p><span style=\"font-weight: 400;\">&nbsp;Le 12 avril, 2019 Tuna Altinel enseignant-chercheur au d\u00e9partement de math\u00e9matiques de l\u2019universit\u00e9 Claude-Bernard-Lyon-I depuis 1996 arrive en Turquie pour profiter des vacances du Printemps. D\u00e8s son arriv\u00e9e \u00e0 l\u2019a\u00e9roport, il se voit confisquer son passeport. Un mois plus tard, le 10 mai 2019, l\u2019enseignant de 55 ans se fait arr\u00eater devant la pr\u00e9fecture de Balsakesir, sa ville de naissance, et comprend qu&rsquo;on lui reproche sa pr\u00e9sence lors de la r\u00e9union publique<\/span><a href=\"https:\/\/rojinfo.com\/le-massacre-de-cizre-une-blessure-toujours-ouverte\/\"><b> \u00ab Cizre, histoire d\u2019un massacre \u00bb<\/b><\/a><span style=\"font-weight: 400;\"> qui visait \u00e0 cultiver le souvenir de&nbsp; l\u2019intervention des forces militaires turque dans la r\u00e9gion du Kurdistan . Il est alors accus\u00e9 de terrorisme par le gouvernement turc, mais sera d\u00e9finitivement acquitt\u00e9 le 30 septembre 2019, pourtant la pr\u00e9fecture de Balikesir refuse de lui restituer son passeport. Alors qu&rsquo;il n&rsquo;y a \u00e0 ce jour plus aucune proc\u00e9dure judiciaire \u00e0&nbsp; son encontre, Tuna Altuntel ne peut plus se d\u00e9placer hors de Turquie et retourner en France travailler \u00e0 l&rsquo;universit\u00e9 Lyon I. En France, l\u2019enseignant peut&nbsp; <\/span><a href=\"http:\/\/math.univ-lyon1.fr\/SoutienTunaAltinel\/\"><b>n\u00e9anmoins compter sur de nombreux soutiens<\/b><\/a><span style=\"font-weight: 400;\"> depuis l\u2019apparition de cette affaire, \u00e0 commencer par la mairie de Villeurbanne<\/span><\/p>\n<p><b><i>Reconnaissance du statut de citoyen d\u2019honneur<\/i><\/b><\/p>\n<p><span style=\"font-weight: 400;\">Ainsi le maire de Villeurbanne C\u00e9dric Van Styvandael d\u00e9clare d\u00e8s l\u2019entame du conseil municipal&nbsp; : <\/span><i><span style=\"font-weight: 400;\">\u00ab Les enseignants et les \u00e9tudiants attendent que vous regagnez votre ville afin de&nbsp; pouvoir exercer votre fonction de chercheur et d\u2019enseignant je serai tr\u00e8s heureux si le conseil municipal vous d\u00e9cerne le titre de citoyen d&rsquo;honneur de la ville. <\/span><\/i><span style=\"font-weight: 400;\">&nbsp;Cette d\u00e9cision sera vot\u00e9e&nbsp; \u00e0 l&rsquo;unanimit\u00e9 permettant \u00e0 M Van Styvandael de&nbsp; souligner&nbsp; que \u00ab&nbsp; cette citoyennet\u00e9 d\u2019honneur est \u00e0 la fois un signal fort de soutien et l\u2019engagement que nous restons \u00e0 vos c\u00f4t\u00e9s. avant de laisser la parole \u00e0 Tuna Altinel, pr\u00e9sent en visioconf\u00e9rence.&nbsp;&nbsp;<\/span><\/p>\n<h4><em><b>Victime collat\u00e9rale de la r\u00e9pression<\/b><\/em><\/h4>\n<p><i><span style=\"font-weight: 400;\">\u00ab Mes droits constitutionnels de voyager et de travailler sont constamment viol\u00e9s \u00bb<\/span><\/i><span style=\"font-weight: 400;\"> a indiqu\u00e9 le principal int\u00e9ress\u00e9 pour qualifier son quotidien en Turquie depuis pr\u00e8s de deux ans. Malgr\u00e9 tout, l\u2019enseignant a tenu \u00e0 rassurer la salle sur son \u00e9tat de sant\u00e9 mentale : \u00ab Je suis serein, le moral est tr\u00e8s bon \u00bb. Le tribunal de Balikesir prendra la d\u00e9cision de lui rendre son passeport ou non prochainement<\/span><span style=\"font-weight: 400;\">. <\/span><span style=\"font-weight: 400;\">En attendant, Tuna Altinel peut se satisfaire d\u2019avoir obtenu la citoyennet\u00e9 d\u2019honneur, comme il l\u2019a indiqu\u00e9 aux journalistes pr\u00e9sents : <\/span><i><span style=\"font-weight: 400;\">\u00ab Sur le plan personnel, cette citoyennet\u00e9 renforce davantage mon moral et mon combat \u00bb. Il poursuit : \u00ab Sur un plan plus g\u00e9n\u00e9ral, cette citoyennet\u00e9 est donn\u00e9e \u00e0 une personne qui est r\u00e9prim\u00e9e parce qu\u2019il s\u2019est questionn\u00e9 sur la libert\u00e9 d\u2019expression, alors c\u2019est un signe tr\u00e8s fort pour la d\u00e9mocratie \u00bb.<\/span><\/i><\/p>\n<h4><b><i>Des soutiens de renom<\/i><\/b><\/h4>\n<p><span style=\"font-weight: 400;\">Mais les soutiens de M.Altintel ne se limita pas \u00e0 la ville de Villeurbanne puisque de nombreux intellectuels issues de l\u2019enseignement ou du milieu politique ont sont sorties du silence pour soutenir sa cause <\/span><i><span style=\"font-weight: 400;\">\u00ab Chaque fois que l\u2019on emp\u00eache un universitaire de s\u2019exprimer librement, c\u2019est toute la soci\u00e9t\u00e9 qui en p\u00e2tit. Nous ne sommes pas ici, en train de mener un combat corporatiste, mais bien universel \u00bb<\/span><\/i><span style=\"font-weight: 400;\"> a comment\u00e9 C\u00e9dric Villani, math\u00e9maticien aujourd\u2019hui d\u00e9put\u00e9 de l\u2019Essonne pr\u00e9sent \u00e0 Villeurbanne pour rendre hommage \u00e0 son&nbsp; coll\u00e8gue lyonnais.&nbsp;<\/span><\/p>\n<h4><em><b>Victoire de la d\u00e9mocratie<\/b><\/em><\/h4>\n<p><span style=\"font-weight: 400;\">Le s\u00e9nateur P.S Gilbert-Luc Devinaz, \u00e9galement venu \u00e0 la mairie de Villeurbanne pour l\u2019occasion a quant \u00e0 lui&nbsp; d\u00e9clar\u00e9 que <\/span><i><span style=\"font-weight: 400;\">\u00ab&nbsp; toutes ces actions sont importantes parce que \u00e7a permet une mobilisation qui permet parfois que l\u2019issue soit b\u00e9n\u00e9fique pour les personnes concern\u00e9es \u00bb <\/span><\/i><span style=\"font-weight: 400;\">en pr\u00e9cisant qu\u2019il avait <\/span><i><span style=\"font-weight: 400;\">\u00ab h\u00e2te<\/span><\/i><span style=\"font-weight: 400;\"> \u00bb de rencontrer M.Altintel . \u00ab La situation de Tuna s\u2019inscrit dans une probl\u00e9matique \u00e0 mon sens plus large qui est le recul sur cette plan\u00e8te des syst\u00e8mes d\u00e9mocratiques. La mobilisation est payante quand elle est pr\u00e9sente \u00e0 tous les \u00e9chelons, qu\u2019elles soient locale, nationale ou europ\u00e9en et qu\u2019elle aide \u00e0 garder la lumi\u00e8re m\u00e9diatique sur des situations intol\u00e9rables \u00bb&nbsp; a poursuivi Gilbert-Luc Devinaz en faisant r\u00e9f\u00e9rence aux situations du<\/span><a href=\"https:\/\/www.francetvinfo.fr\/monde\/afrique\/algerie\/algerie-je-continuerai-ce-combat-pour-une-presse-libre-assure-le-journaliste-khaled-drareni-libere-apres-un-an-de-prison_4304601.html\"><span style=\"font-weight: 400;\"> journaliste alg\u00e9rien Khaled Drareni&nbsp; lib\u00e9r\u00e9 vendredi gr\u00e2ce notamment \u00e0 la mobilisation populaire <\/span><\/a><span style=\"font-weight: 400;\">et c<\/span><a href=\"https:\/\/www.jeuneafrique.com\/1083264\/politique\/togo-adjamagbo-johnson-la-dame-de-fer-arretee\/\"><span style=\"font-weight: 400;\">elle de&nbsp; Brigitte Johnson, opposante du gouvernement au Togo, emprisonn\u00e9 par ses ennemis politiques.<\/span><\/a><\/p>\n<!-- AddThis Advanced Settings generic via filter on the_content --><!-- AddThis Share Buttons generic via filter on the_content -->","protected":false},"excerpt":{"rendered":"<p>Le lundi 22 f\u00e9vrier, le Conseil municipal de Villeurbanne pr\u00e9sentait un v\u0153u devant la presse pour que soit attribu\u00e9 \u00e0 Tuna Altinel et lui attribuer &hellip; <!-- AddThis Advanced Settings generic via filter on wp_trim_excerpt --><!-- AddThis Share Buttons generic via filter on wp_trim_excerpt --><\/p>\n","protected":false},"author":29248,"featured_media":21979,"comment_status":"open","ping_status":"open","sticky":false,"template":"","format":"standard","meta":{"_FSMCFIC_featured_image_caption":"","_FSMCFIC_featured_image_nocaption":"","_FSMCFIC_featured_image_hide":"","footnotes":""},"categories":[9,10388],"tags":[],"class_list":["post-21978","post","type-post","status-publish","format-standard","has-post-thumbnail","hentry","category-international","category-villeurbanne"],"yoast_head":"<!-- This site is optimized with the Yoast SEO plugin v22.8 - https:\/\/yoast.com\/wordpress\/plugins\/seo\/ -->\n<title>Tuna Altinel : Le math\u00e9maticien bloqu\u00e9 en Turquie devient citoyen d&#039;honneur de la ville de Villeurbanne - Lyon Bondy Blog<\/title>\n<meta name=\"robots\" content=\"index, follow, max-snippet:-1, max-image-preview:large, max-video-preview:-1\" \/>\n<link rel=\"canonical\" href=\"https:\/\/lyonbondyblog.fr\/LBB\/tuna-altinel-le-mathematicien-bloque-en-turquie-devient-citoyen-dhonneur-de-la-ville-de-villeurbanne\/\" \/>\n<meta property=\"og:locale\" content=\"fr_FR\" \/>\n<meta property=\"og:type\" content=\"article\" \/>\n<meta property=\"og:title\" content=\"Tuna Altinel : Le math\u00e9maticien bloqu\u00e9 en Turquie devient citoyen d&#039;honneur de la ville de Villeurbanne - Lyon Bondy Blog\" \/>\n<meta property=\"og:description\" content=\"Le lundi 22 f\u00e9vrier, le Conseil municipal de Villeurbanne pr\u00e9sentait un v\u0153u devant la presse pour que soit attribu\u00e9 \u00e0 Tuna Altinel et lui attribuer &hellip;\" \/>\n<meta property=\"og:url\" content=\"https:\/\/lyonbondyblog.fr\/LBB\/tuna-altinel-le-mathematicien-bloque-en-turquie-devient-citoyen-dhonneur-de-la-ville-de-villeurbanne\/\" \/>\n<meta property=\"og:site_name\" content=\"Lyon Bondy Blog\" \/>\n<meta property=\"article:publisher\" content=\"https:\/\/www.facebook.com\/lyonbondyblog\" \/>\n<meta property=\"article:published_time\" content=\"2021-02-23T16:26:55+00:00\" \/>\n<meta property=\"article:modified_time\" content=\"2021-02-23T16:27:34+00:00\" \/>\n<meta property=\"og:image\" content=\"https:\/\/lyonbondyblog.fr\/LBB\/wp-content\/uploads\/2021\/02\/vs-altinel.png\" \/>\n\t<meta property=\"og:image:width\" content=\"349\" \/>\n\t<meta property=\"og:image:height\" content=\"271\" \/>\n\t<meta property=\"og:image:type\" content=\"image\/png\" \/>\n<meta name=\"author\" content=\"luc lavoue\" \/>\n<meta name=\"twitter:card\" content=\"summary_large_image\" \/>\n<meta name=\"twitter:creator\" content=\"@bondybloglyon\" \/>\n<meta name=\"twitter:site\" content=\"@bondybloglyon\" \/>\n<script type=\"application\/ld+json\" class=\"yoast-schema-graph\">{\"@context\":\"https:\/\/schema.org\",\"@graph\":[{\"@type\":\"Article\",\"@id\":\"https:\/\/lyonbondyblog.fr\/LBB\/tuna-altinel-le-mathematicien-bloque-en-turquie-devient-citoyen-dhonneur-de-la-ville-de-villeurbanne\/#article\",\"isPartOf\":{\"@id\":\"https:\/\/lyonbondyblog.fr\/LBB\/tuna-altinel-le-mathematicien-bloque-en-turquie-devient-citoyen-dhonneur-de-la-ville-de-villeurbanne\/\"},\"author\":{\"name\":\"luc lavoue\",\"@id\":\"https:\/\/lyonbondyblog.fr\/LBB\/#\/schema\/person\/b45854730d13feb464d5dfebe3fc98d5\"},\"headline\":\"Tuna Altinel : Le math\u00e9maticien bloqu\u00e9 en Turquie devient citoyen d&rsquo;honneur de la ville de Villeurbanne\",\"datePublished\":\"2021-02-23T16:26:55+00:00\",\"dateModified\":\"2021-02-23T16:27:34+00:00\",\"mainEntityOfPage\":{\"@id\":\"https:\/\/lyonbondyblog.fr\/LBB\/tuna-altinel-le-mathematicien-bloque-en-turquie-devient-citoyen-dhonneur-de-la-ville-de-villeurbanne\/\"},\"wordCount\":836,\"commentCount\":0,\"publisher\":{\"@id\":\"https:\/\/lyonbondyblog.fr\/LBB\/#organization\"},\"image\":{\"@id\":\"https:\/\/lyonbondyblog.fr\/LBB\/tuna-altinel-le-mathematicien-bloque-en-turquie-devient-citoyen-dhonneur-de-la-ville-de-villeurbanne\/#primaryimage\"},\"thumbnailUrl\":\"https:\/\/lyonbondyblog.fr\/LBB\/wp-content\/uploads\/2021\/02\/vs-altinel.png\",\"articleSection\":[\"International\",\"Villeurbanne\"],\"inLanguage\":\"fr-FR\",\"potentialAction\":[{\"@type\":\"CommentAction\",\"name\":\"Comment\",\"target\":[\"https:\/\/lyonbondyblog.fr\/LBB\/tuna-altinel-le-mathematicien-bloque-en-turquie-devient-citoyen-dhonneur-de-la-ville-de-villeurbanne\/#respond\"]}]},{\"@type\":\"WebPage\",\"@id\":\"https:\/\/lyonbondyblog.fr\/LBB\/tuna-altinel-le-mathematicien-bloque-en-turquie-devient-citoyen-dhonneur-de-la-ville-de-villeurbanne\/\",\"url\":\"https:\/\/lyonbondyblog.fr\/LBB\/tuna-altinel-le-mathematicien-bloque-en-turquie-devient-citoyen-dhonneur-de-la-ville-de-villeurbanne\/\",\"name\":\"Tuna Altinel : Le math\u00e9maticien bloqu\u00e9 en Turquie devient citoyen d'honneur de la ville de Villeurbanne - Lyon Bondy Blog\",\"isPartOf\":{\"@id\":\"https:\/\/lyonbondyblog.fr\/LBB\/#website\"},\"primaryImageOfPage\":{\"@id\":\"https:\/\/lyonbondyblog.fr\/LBB\/tuna-altinel-le-mathematicien-bloque-en-turquie-devient-citoyen-dhonneur-de-la-ville-de-villeurbanne\/#primaryimage\"},\"image\":{\"@id\":\"https:\/\/lyonbondyblog.fr\/LBB\/tuna-altinel-le-mathematicien-bloque-en-turquie-devient-citoyen-dhonneur-de-la-ville-de-villeurbanne\/#primaryimage\"},\"thumbnailUrl\":\"https:\/\/lyonbondyblog.fr\/LBB\/wp-content\/uploads\/2021\/02\/vs-altinel.png\",\"datePublished\":\"2021-02-23T16:26:55+00:00\",\"dateModified\":\"2021-02-23T16:27:34+00:00\",\"inLanguage\":\"fr-FR\",\"potentialAction\":[{\"@type\":\"ReadAction\",\"target\":[\"https:\/\/lyonbondyblog.fr\/LBB\/tuna-altinel-le-mathematicien-bloque-en-turquie-devient-citoyen-dhonneur-de-la-ville-de-villeurbanne\/\"]}]},{\"@type\":\"ImageObject\",\"inLanguage\":\"fr-FR\",\"@id\":\"https:\/\/lyonbondyblog.fr\/LBB\/tuna-altinel-le-mathematicien-bloque-en-turquie-devient-citoyen-dhonneur-de-la-ville-de-villeurbanne\/#primaryimage\",\"url\":\"https:\/\/lyonbondyblog.fr\/LBB\/wp-content\/uploads\/2021\/02\/vs-altinel.png\",\"contentUrl\":\"https:\/\/lyonbondyblog.fr\/LBB\/wp-content\/uploads\/2021\/02\/vs-altinel.png\",\"width\":349,\"height\":271,\"caption\":\"Conf\u00e9rence de presse du Conseil Municipal de Villeurbanne\"},{\"@type\":\"WebSite\",\"@id\":\"https:\/\/lyonbondyblog.fr\/LBB\/#website\",\"url\":\"https:\/\/lyonbondyblog.fr\/LBB\/\",\"name\":\"Lyon Bondy Blog\",\"description\":\"\",\"publisher\":{\"@id\":\"https:\/\/lyonbondyblog.fr\/LBB\/#organization\"},\"potentialAction\":[{\"@type\":\"SearchAction\",\"target\":{\"@type\":\"EntryPoint\",\"urlTemplate\":\"https:\/\/lyonbondyblog.fr\/LBB\/?s={search_term_string}\"},\"query-input\":\"required name=search_term_string\"}],\"inLanguage\":\"fr-FR\"},{\"@type\":\"Organization\",\"@id\":\"https:\/\/lyonbondyblog.fr\/LBB\/#organization\",\"name\":\"LYON BONDY BLOG\",\"url\":\"https:\/\/lyonbondyblog.fr\/LBB\/\",\"logo\":{\"@type\":\"ImageObject\",\"inLanguage\":\"fr-FR\",\"@id\":\"https:\/\/lyonbondyblog.fr\/LBB\/#\/schema\/logo\/image\/\",\"url\":\"http:\/\/lyonbondyblog.fr\/LBB\/wp-content\/uploads\/2014\/10\/logo-portable-144.png\",\"contentUrl\":\"http:\/\/lyonbondyblog.fr\/LBB\/wp-content\/uploads\/2014\/10\/logo-portable-144.png\",\"width\":144,\"height\":123,\"caption\":\"LYON BONDY BLOG\"},\"image\":{\"@id\":\"https:\/\/lyonbondyblog.fr\/LBB\/#\/schema\/logo\/image\/\"},\"sameAs\":[\"https:\/\/www.facebook.com\/lyonbondyblog\",\"https:\/\/x.com\/bondybloglyon\"]},{\"@type\":\"Person\",\"@id\":\"https:\/\/lyonbondyblog.fr\/LBB\/#\/schema\/person\/b45854730d13feb464d5dfebe3fc98d5\",\"name\":\"luc lavoue\",\"url\":\"https:\/\/lyonbondyblog.fr\/LBB\/author\/llavoue\/\"}]}<\/script>\n<!-- \/ Yoast SEO plugin. -->","yoast_head_json":{"title":"Tuna Altinel : Le math\u00e9maticien bloqu\u00e9 en Turquie devient citoyen d'honneur de la ville de Villeurbanne - Lyon Bondy Blog","robots":{"index":"index","follow":"follow","max-snippet":"max-snippet:-1","max-image-preview":"max-image-preview:large","max-video-preview":"max-video-preview:-1"},"canonical":"https:\/\/lyonbondyblog.fr\/LBB\/tuna-altinel-le-mathematicien-bloque-en-turquie-devient-citoyen-dhonneur-de-la-ville-de-villeurbanne\/","og_locale":"fr_FR","og_type":"article","og_title":"Tuna Altinel : Le math\u00e9maticien bloqu\u00e9 en Turquie devient citoyen d'honneur de la ville de Villeurbanne - Lyon Bondy Blog","og_description":"Le lundi 22 f\u00e9vrier, le Conseil municipal de Villeurbanne pr\u00e9sentait un v\u0153u devant la presse pour que soit attribu\u00e9 \u00e0 Tuna Altinel et lui attribuer &hellip;","og_url":"https:\/\/lyonbondyblog.fr\/LBB\/tuna-altinel-le-mathematicien-bloque-en-turquie-devient-citoyen-dhonneur-de-la-ville-de-villeurbanne\/","og_site_name":"Lyon Bondy Blog","article_publisher":"https:\/\/www.facebook.com\/lyonbondyblog","article_published_time":"2021-02-23T16:26:55+00:00","article_modified_time":"2021-02-23T16:27:34+00:00","og_image":[{"width":349,"height":271,"url":"https:\/\/lyonbondyblog.fr\/LBB\/wp-content\/uploads\/2021\/02\/vs-altinel.png","type":"image\/png"}],"author":"luc lavoue","twitter_card":"summary_large_image","twitter_creator":"@bondybloglyon","twitter_site":"@bondybloglyon","schema":{"@context":"https:\/\/schema.org","@graph":[{"@type":"Article","@id":"https:\/\/lyonbondyblog.fr\/LBB\/tuna-altinel-le-mathematicien-bloque-en-turquie-devient-citoyen-dhonneur-de-la-ville-de-villeurbanne\/#article","isPartOf":{"@id":"https:\/\/lyonbondyblog.fr\/LBB\/tuna-altinel-le-mathematicien-bloque-en-turquie-devient-citoyen-dhonneur-de-la-ville-de-villeurbanne\/"},"author":{"name":"luc lavoue","@id":"https:\/\/lyonbondyblog.fr\/LBB\/#\/schema\/person\/b45854730d13feb464d5dfebe3fc98d5"},"headline":"Tuna Altinel : Le math\u00e9maticien bloqu\u00e9 en Turquie devient citoyen d&rsquo;honneur de la ville de Villeurbanne","datePublished":"2021-02-23T16:26:55+00:00","dateModified":"2021-02-23T16:27:34+00:00","mainEntityOfPage":{"@id":"https:\/\/lyonbondyblog.fr\/LBB\/tuna-altinel-le-mathematicien-bloque-en-turquie-devient-citoyen-dhonneur-de-la-ville-de-villeurbanne\/"},"wordCount":836,"commentCount":0,"publisher":{"@id":"https:\/\/lyonbondyblog.fr\/LBB\/#organization"},"image":{"@id":"https:\/\/lyonbondyblog.fr\/LBB\/tuna-altinel-le-mathematicien-bloque-en-turquie-devient-citoyen-dhonneur-de-la-ville-de-villeurbanne\/#primaryimage"},"thumbnailUrl":"https:\/\/lyonbondyblog.fr\/LBB\/wp-content\/uploads\/2021\/02\/vs-altinel.png","articleSection":["International","Villeurbanne"],"inLanguage":"fr-FR","potentialAction":[{"@type":"CommentAction","name":"Comment","target":["https:\/\/lyonbondyblog.fr\/LBB\/tuna-altinel-le-mathematicien-bloque-en-turquie-devient-citoyen-dhonneur-de-la-ville-de-villeurbanne\/#respond"]}]},{"@type":"WebPage","@id":"https:\/\/lyonbondyblog.fr\/LBB\/tuna-altinel-le-mathematicien-bloque-en-turquie-devient-citoyen-dhonneur-de-la-ville-de-villeurbanne\/","url":"https:\/\/lyonbondyblog.fr\/LBB\/tuna-altinel-le-mathematicien-bloque-en-turquie-devient-citoyen-dhonneur-de-la-ville-de-villeurbanne\/","name":"Tuna Altinel : Le math\u00e9maticien bloqu\u00e9 en Turquie devient citoyen d'honneur de la ville de Villeurbanne - Lyon Bondy Blog","isPartOf":{"@id":"https:\/\/lyonbondyblog.fr\/LBB\/#website"},"primaryImageOfPage":{"@id":"https:\/\/lyonbondyblog.fr\/LBB\/tuna-altinel-le-mathematicien-bloque-en-turquie-devient-citoyen-dhonneur-de-la-ville-de-villeurbanne\/#primaryimage"},"image":{"@id":"https:\/\/lyonbondyblog.fr\/LBB\/tuna-altinel-le-mathematicien-bloque-en-turquie-devient-citoyen-dhonneur-de-la-ville-de-villeurbanne\/#primaryimage"},"thumbnailUrl":"https:\/\/lyonbondyblog.fr\/LBB\/wp-content\/uploads\/2021\/02\/vs-altinel.png","datePublished":"2021-02-23T16:26:55+00:00","dateModified":"2021-02-23T16:27:34+00:00","inLanguage":"fr-FR","potentialAction":[{"@type":"ReadAction","target":["https:\/\/lyonbondyblog.fr\/LBB\/tuna-altinel-le-mathematicien-bloque-en-turquie-devient-citoyen-dhonneur-de-la-ville-de-villeurbanne\/"]}]},{"@type":"ImageObject","inLanguage":"fr-FR","@id":"https:\/\/lyonbondyblog.fr\/LBB\/tuna-altinel-le-mathematicien-bloque-en-turquie-devient-citoyen-dhonneur-de-la-ville-de-villeurbanne\/#primaryimage","url":"https:\/\/lyonbondyblog.fr\/LBB\/wp-content\/uploads\/2021\/02\/vs-altinel.png","contentUrl":"https:\/\/lyonbondyblog.fr\/LBB\/wp-content\/uploads\/2021\/02\/vs-altinel.png","width":349,"height":271,"caption":"Conf\u00e9rence de presse du Conseil Municipal de Villeurbanne"},{"@type":"WebSite","@id":"https:\/\/lyonbondyblog.fr\/LBB\/#website","url":"https:\/\/lyonbondyblog.fr\/LBB\/","name":"Lyon Bondy Blog","description":"","publisher":{"@id":"https:\/\/lyonbondyblog.fr\/LBB\/#organization"},"potentialAction":[{"@type":"SearchAction","target":{"@type":"EntryPoint","urlTemplate":"https:\/\/lyonbondyblog.fr\/LBB\/?s={search_term_string}"},"query-input":"required name=search_term_string"}],"inLanguage":"fr-FR"},{"@type":"Organization","@id":"https:\/\/lyonbondyblog.fr\/LBB\/#organization","name":"LYON BONDY BLOG","url":"https:\/\/lyonbondyblog.fr\/LBB\/","logo":{"@type":"ImageObject","inLanguage":"fr-FR","@id":"https:\/\/lyonbondyblog.fr\/LBB\/#\/schema\/logo\/image\/","url":"http:\/\/lyonbondyblog.fr\/LBB\/wp-content\/uploads\/2014\/10\/logo-portable-144.png","contentUrl":"http:\/\/lyonbondyblog.fr\/LBB\/wp-content\/uploads\/2014\/10\/logo-portable-144.png","width":144,"height":123,"caption":"LYON BONDY BLOG"},"image":{"@id":"https:\/\/lyonbondyblog.fr\/LBB\/#\/schema\/logo\/image\/"},"sameAs":["https:\/\/www.facebook.com\/lyonbondyblog","https:\/\/x.com\/bondybloglyon"]},{"@type":"Person","@id":"https:\/\/lyonbondyblog.fr\/LBB\/#\/schema\/person\/b45854730d13feb464d5dfebe3fc98d5","name":"luc lavoue","url":"https:\/\/lyonbondyblog.fr\/LBB\/author\/llavoue\/"}]}},"_links":{"self":[{"href":"https:\/\/lyonbondyblog.fr\/LBB\/wp-json\/wp\/v2\/posts\/21978","targetHints":{"allow":["GET"]}}],"collection":[{"href":"https:\/\/lyonbondyblog.fr\/LBB\/wp-json\/wp\/v2\/posts"}],"about":[{"href":"https:\/\/lyonbondyblog.fr\/LBB\/wp-json\/wp\/v2\/types\/post"}],"author":[{"embeddable":true,"href":"https:\/\/lyonbondyblog.fr\/LBB\/wp-json\/wp\/v2\/users\/29248"}],"replies":[{"embeddable":true,"href":"https:\/\/lyonbondyblog.fr\/LBB\/wp-json\/wp\/v2\/comments?post=21978"}],"version-history":[{"count":2,"href":"https:\/\/lyonbondyblog.fr\/LBB\/wp-json\/wp\/v2\/posts\/21978\/revisions"}],"predecessor-version":[{"id":21981,"href":"https:\/\/lyonbondyblog.fr\/LBB\/wp-json\/wp\/v2\/posts\/21978\/revisions\/21981"}],"wp:featuredmedia":[{"embeddable":true,"href":"https:\/\/lyonbondyblog.fr\/LBB\/wp-json\/wp\/v2\/media\/21979"}],"wp:attachment":[{"href":"https:\/\/lyonbondyblog.fr\/LBB\/wp-json\/wp\/v2\/media?parent=21978"}],"wp:term":[{"taxonomy":"category","embeddable":true,"href":"https:\/\/lyonbondyblog.fr\/LBB\/wp-json\/wp\/v2\/categories?post=21978"},{"taxonomy":"post_tag","embeddable":true,"href":"https:\/\/lyonbondyblog.fr\/LBB\/wp-json\/wp\/v2\/tags?post=21978"}],"curies":[{"name":"wp","href":"https:\/\/api.w.org\/{rel}","templated":true}]}}