{"id":21972,"date":"2021-02-22T17:19:55","date_gmt":"2021-02-22T16:19:55","guid":{"rendered":"http:\/\/lyonbondyblog.fr\/LBB\/?p=21972"},"modified":"2021-06-23T14:39:32","modified_gmt":"2021-06-23T12:39:32","slug":"petit-guide-des-elections-regionales-2-le-mode-de-scrutin","status":"publish","type":"post","link":"https:\/\/lyonbondyblog.fr\/LBB\/petit-guide-des-elections-regionales-2-le-mode-de-scrutin\/","title":{"rendered":"Petit guide des \u00e9lections r\u00e9gionales #2 : Le mode de scrutin"},"content":{"rendered":"<h4><b>Initialement pr\u00e9vues pour le mois de mars, les \u00e9lections r\u00e9gionales se tiendront finalement en juin 2021. Le<\/b><b><i>&nbsp;Lyon Bondy Blog&nbsp;<\/i><\/b><b>s\u2019est pench\u00e9 sur le mode de scrutin et ses cons\u00e9quences pour Auvergne-Rh\u00f4ne-Alpes.<\/b><\/h4>\n<figure id=\"attachment_21923\" aria-describedby=\"caption-attachment-21923\" style=\"width: 483px\" class=\"wp-caption aligncenter\"><img loading=\"lazy\" decoding=\"async\" class=\" wp-image-21923\" src=\"https:\/\/lyonbondyblog.fr\/LBB\/wp-content\/uploads\/2021\/02\/conseil-r\u00e9gional-1200x563.jpg\" alt=\"\" width=\"483\" height=\"227\" srcset=\"https:\/\/lyonbondyblog.fr\/LBB\/wp-content\/uploads\/2021\/02\/conseil-r\u00e9gional.jpg 1200w, https:\/\/lyonbondyblog.fr\/LBB\/wp-content\/uploads\/2021\/02\/conseil-r\u00e9gional-768x360.jpg 768w\" sizes=\"auto, (max-width: 483px) 100vw, 483px\" \/><figcaption id=\"caption-attachment-21923\" class=\"wp-caption-text\"><span style=\"font-size: 8pt;\"><em>L&rsquo;h\u00f4tel de r\u00e9gion, si\u00e8ge du conseil r\u00e9gional &#8211; Cr\u00e9dits : R\u00e9gion Auvergne-Rh\u00f4ne-Alpes \/ Michel P\u00e9r\u00e8s<\/em><\/span><\/figcaption><\/figure>\n<p>Le 21 d\u00e9cembre 2020, le conseil des ministres a ent\u00e9rin\u00e9 le report des \u00e9lections r\u00e9gionales. Pr\u00e9vues pour mars 2021, celles-ci devraient finalement se tenir les 13 et 20 juin.<\/p>\n<p>Ce scrutin reste&nbsp;<a href=\"http:\/\/www.odoxa.fr\/sondage\/tenue-delections-regionales-decembre-largement-meconnue\/\">m\u00e9connu des \u00e9lecteurs<\/a>, qui s\u2019\u00e9taient&nbsp;<a href=\"https:\/\/www.france-politique.fr\/participation-abstention.htm\">majoritairement abstenus lors des premiers tours en 2010 et en 2015<\/a>. Pour cette raison, la r\u00e9daction du&nbsp;<i>Lyon Bondy Blog&nbsp;<\/i>vous propose ce petit guide des prochaines \u00e9lections qui auront lieu dans notre r\u00e9gion \u2013 comme nous avions d\u00e9j\u00e0 pu le faire lors des&nbsp;<a href=\"https:\/\/lyonbondyblog.fr\/LBB\/petit-guide-des-elections-senatoriales-2020-1-2\/\">s\u00e9natoriales<\/a>. <a href=\"https:\/\/lyonbondyblog.fr\/LBB\/petit-guide-des-elections-regionales-1-les-competences\/\">Comp\u00e9tences<\/a>, modalit\u00e9s du vote, candidats, territoires et th\u00e8mes de campagnes\u2026 Vous saurez tout de cette \u00e9ch\u00e9ance \u00e0 venir !<\/p>\n<p>Dans ce second article, nous nous penchons sur les modalit\u00e9s du vote aux \u00e9lections r\u00e9gionales.<\/p>\n<h4><b>Comment se d\u00e9roule le scrutin&nbsp; ?<\/b><\/h4>\n<p><span style=\"font-weight: 400;\">Les conseillers r\u00e9gionaux sont \u00e9lus pour six ans. Depuis 2004, les listes sont d\u00e9pos\u00e9es au niveau r\u00e9gional mais les candidats sont r\u00e9partis dans des sections d\u00e9partementales, suppos\u00e9ment pour \u201c<\/span><a href=\"https:\/\/www.collectivites-locales.gouv.fr\/election-des-conseillers-regionaux\"><i><span style=\"font-weight: 400;\">rapprocher les \u00e9lus du citoyen<\/span><\/i><\/a><span style=\"font-weight: 400;\">\u201d. Le pr\u00e9sident du conseil r\u00e9gional est \u00e9lu \u00e0 la majorit\u00e9 absolue par les membres du conseil.&nbsp;<\/span><\/p>\n<p><span style=\"font-weight: 400;\">Au total, la r\u00e9gion Auvergne-Rh\u00f4ne-Alpes compte 204 conseillers r\u00e9gionaux distribu\u00e9s entre les d\u00e9partements et la m\u00e9tropole de Lyon.&nbsp;<\/span><\/p>\n<p><span style=\"font-weight: 400;\">Comme pour de nombreuses \u00e9lections locales, il s\u2019agit d\u2019un scrutin au suffrage universel direct de liste \u00e0 deux tours, avec repr\u00e9sentation proportionnelle. Ces listes sont n\u00e9cessairement paritaires depuis la loi du 6 juin 2000 : elles doivent donc comporter autant d\u2019hommes que de femmes et alterner entre les deux (si une femme est t\u00eate de liste, alors le n\u00b02 doit \u00eatre un homme et vice-versa). Si une d\u2019entre elles obtient la majorit\u00e9 absolue d\u00e8s le premier tour, elle re\u00e7oit automatiquement un quart des si\u00e8ges \u00e0 pourvoir au conseil r\u00e9gional, soit 51 si\u00e8ges dans le cas de la r\u00e9gion Auvergne-Rh\u00f4ne-Alpes ). Les autres si\u00e8ges sont ensuite attribu\u00e9s entre les listes ayant obtenu plus de 5% des suffrages.&nbsp;<\/span><\/p>\n<p><span style=\"font-weight: 400;\">Dans le cas &#8211; plus probable en Auvergne-Rh\u00f4ne-Alpes- o\u00f9 la majorit\u00e9 absolue n\u2019est pas atteinte au premier tour, les listes ayant obtenu plus de 10% des votes sont qualifi\u00e9es pour un second tour. Dans l\u2019entre-deux-tours, des alliances peuvent alors \u00eatre cr\u00e9\u00e9es entre des listes qui auraient recueilli plus de 5% des voies. A l\u2019issue du second tour, les si\u00e8ges sont r\u00e9partis selon la r\u00e8gle de la plus forte moyenne.<\/span><\/p>\n<p><iframe loading=\"lazy\" src=\"https:\/\/www.youtube.com\/embed\/2jPlqXP8fmU\" allowfullscreen=\"allowfullscreen\" width=\"560\" height=\"315\" frameborder=\"0\"><\/iframe><br \/>\n<b>Quels r\u00e9sultats en 2015 en Auvergne-Rh\u00f4ne-Alpes ?&nbsp;<\/b><\/p>\n<figure id=\"attachment_21973\" aria-describedby=\"caption-attachment-21973\" style=\"width: 448px\" class=\"wp-caption aligncenter\"><img loading=\"lazy\" decoding=\"async\" class=\"wp-image-21973\" src=\"https:\/\/lyonbondyblog.fr\/LBB\/wp-content\/uploads\/2021\/02\/r\u00e9partition-des-forces-politiques-du-conseil-r\u00e9gional-sources-r\u00e9gion-aura-1200x875.jpg\" alt=\"\" width=\"448\" height=\"326\" srcset=\"https:\/\/lyonbondyblog.fr\/LBB\/wp-content\/uploads\/2021\/02\/r\u00e9partition-des-forces-politiques-du-conseil-r\u00e9gional-sources-r\u00e9gion-aura.jpg 1200w, https:\/\/lyonbondyblog.fr\/LBB\/wp-content\/uploads\/2021\/02\/r\u00e9partition-des-forces-politiques-du-conseil-r\u00e9gional-sources-r\u00e9gion-aura-768x560.jpg 768w\" sizes=\"auto, (max-width: 448px) 100vw, 448px\" \/><figcaption id=\"caption-attachment-21973\" class=\"wp-caption-text\"><span style=\"font-size: 8pt;\"><em>Composition actuelle du conseil r\u00e9gional AURA. 204 \u00e9lus r\u00e9partis dans 9 groupes politiques<\/em><\/span><\/figcaption><\/figure>\n<p><span style=\"font-weight: 400;\">En 2015, la liste LR men\u00e9e par Laurent Wauquiez &#8211; et soutenue entre autres par l\u2019UDI et le Modem &#8211; en Auvergne-Rh\u00f4ne-Alpes avait ainsi r\u00e9colt\u00e9 40,24% des suffrages au deuxi\u00e8me tour. Ce r\u00e9sultat avait permis aux R\u00e9publicains de remporter 51 si\u00e8ges \u00e0 la prime majoritaire (25% des 204 si\u00e8ges du conseil), auxquels s\u2019\u00e9taient ajout\u00e9s 62 si\u00e8ges \u00e0 la proportionnelle (40,24% des 153 postes restants). Soit un total de 113 conseillers r\u00e9gionaux &#8211; 55% des si\u00e8ges \u00e0 pourvoir -, permettant l\u2019\u00e9lection de Laurent Wauquiez \u00e0 la pr\u00e9sidence de la r\u00e9gion.&nbsp;<\/span><\/p>\n<p><span style=\"font-weight: 400;\">La liste de Jean-Jack Queyranne (PS-PRG) avait quant \u00e0 elle form\u00e9 une alliance avec les listes EELV, Parti de Gauche et PCF en vue du second tour. \u00c9chouant \u00e0 r\u00e9unir une majorit\u00e9, elle n\u2019avait r\u00e9colt\u00e9 que 36,84 % des voix &#8211; soit 57 si\u00e8ges.&nbsp;<\/span><\/p>\n<p><span style=\"font-weight: 400;\">L\u2019union de la gauche avait cependant permis de surclasser la liste du Front National, qui avait recul\u00e9 de la deuxi\u00e8me \u00e0 la troisi\u00e8me position. Men\u00e9e par Christophe Boudot, celle-ci avait finalement recueilli 22,55% des voix, pla\u00e7ant 34 membres du parti nationaliste au conseil r\u00e9gional.<br \/>\n<\/span><\/p>\n<p><span style=\"font-weight: 400;\"><img loading=\"lazy\" decoding=\"async\" class=\"wp-image-21974 aligncenter\" src=\"https:\/\/lyonbondyblog.fr\/LBB\/wp-content\/uploads\/2021\/02\/r\u00e9gion-aura-vote.png\" alt=\"\" width=\"429\" height=\"321\" srcset=\"https:\/\/lyonbondyblog.fr\/LBB\/wp-content\/uploads\/2021\/02\/r\u00e9gion-aura-vote.png 1024w, https:\/\/lyonbondyblog.fr\/LBB\/wp-content\/uploads\/2021\/02\/r\u00e9gion-aura-vote-768x576.png 768w\" sizes=\"auto, (max-width: 429px) 100vw, 429px\" \/><br \/>\n<a href=\"https:\/\/www.rue89lyon.fr\/2015\/12\/14\/carte-elections-auvergne-rhone-alpes-pour-qui-ont-vote-vos-voisins\/\">Fait marquant<\/a>, aucune des grandes villes de la r\u00e9gion ne s&rsquo;\u00e9tait prononc\u00e9e en faveur de Laurent Wauquiez, \u00e0 l&rsquo;exception d&rsquo;Annecy. La&nbsp;liste LR \u00e9tait cependant arriv\u00e9e en t\u00eate en Auvergne, ainsi que dans une majorit\u00e9 des communes p\u00e9riurbaines et rurales. Alors que&nbsp;<\/span><span style=\"font-weight: 400;\">l\u2019actuel Pr\u00e9sident de r\u00e9gion<\/span><a href=\"https:\/\/www.lefigaro.fr\/politique\/regionales-un-sondage-donne-wauquiez-largement-vainqueur-en-auvergne-rhone-alpes-20201126\"><span style=\"font-weight: 400;\">&nbsp;caracole en t\u00eate des intentions de vote,<\/span><\/a><span style=\"font-weight: 400;\"> ces \u00e9l\u00e9ments nous renseignent d\u00e9j\u00e0 sur la campagne \u00e0 venir&#8230;<\/span><\/p>\n<p>La suite dans un prochain article !<\/p>\n<!-- AddThis Advanced Settings generic via filter on the_content --><!-- AddThis Share Buttons generic via filter on the_content -->","protected":false},"excerpt":{"rendered":"<p>Initialement pr\u00e9vues pour le mois de mars, les \u00e9lections r\u00e9gionales se tiendront finalement en juin 2021. Le&nbsp;Lyon Bondy Blog&nbsp;s\u2019est pench\u00e9 sur le mode de scrutin &hellip; <!-- AddThis Advanced Settings generic via filter on wp_trim_excerpt --><!-- AddThis Share Buttons generic via filter on wp_trim_excerpt --><\/p>\n","protected":false},"author":27168,"featured_media":21923,"comment_status":"open","ping_status":"open","sticky":false,"template":"","format":"standard","meta":{"_FSMCFIC_featured_image_caption":"","_FSMCFIC_featured_image_nocaption":"","_FSMCFIC_featured_image_hide":"","footnotes":""},"categories":[6,24454],"tags":[],"class_list":["post-21972","post","type-post","status-publish","format-standard","has-post-thumbnail","hentry","category-politique","category-regionales-2021"],"yoast_head":"<!-- This site is optimized with the Yoast SEO plugin v22.8 - https:\/\/yoast.com\/wordpress\/plugins\/seo\/ -->\n<title>Petit guide des \u00e9lections r\u00e9gionales #2 : Le mode de scrutin - Lyon Bondy Blog<\/title>\n<meta name=\"robots\" content=\"index, follow, max-snippet:-1, max-image-preview:large, max-video-preview:-1\" \/>\n<link rel=\"canonical\" href=\"https:\/\/lyonbondyblog.fr\/LBB\/petit-guide-des-elections-regionales-2-le-mode-de-scrutin\/\" \/>\n<meta property=\"og:locale\" content=\"fr_FR\" \/>\n<meta property=\"og:type\" content=\"article\" \/>\n<meta property=\"og:title\" content=\"Petit guide des \u00e9lections r\u00e9gionales #2 : Le mode de scrutin - Lyon Bondy Blog\" \/>\n<meta property=\"og:description\" content=\"Initialement pr\u00e9vues pour le mois de mars, les \u00e9lections r\u00e9gionales se tiendront finalement en juin 2021. Le&nbsp;Lyon Bondy Blog&nbsp;s\u2019est pench\u00e9 sur le mode de scrutin &hellip;\" \/>\n<meta property=\"og:url\" content=\"https:\/\/lyonbondyblog.fr\/LBB\/petit-guide-des-elections-regionales-2-le-mode-de-scrutin\/\" \/>\n<meta property=\"og:site_name\" content=\"Lyon Bondy Blog\" \/>\n<meta property=\"article:publisher\" content=\"https:\/\/www.facebook.com\/lyonbondyblog\" \/>\n<meta property=\"article:published_time\" content=\"2021-02-22T16:19:55+00:00\" \/>\n<meta property=\"article:modified_time\" content=\"2021-06-23T12:39:32+00:00\" \/>\n<meta property=\"og:image\" content=\"https:\/\/lyonbondyblog.fr\/LBB\/wp-content\/uploads\/2021\/02\/conseil-r\u00e9gional.jpg\" \/>\n\t<meta property=\"og:image:width\" content=\"1200\" \/>\n\t<meta property=\"og:image:height\" content=\"563\" \/>\n\t<meta property=\"og:image:type\" content=\"image\/jpeg\" \/>\n<meta name=\"author\" content=\"clement Drognat\" \/>\n<meta name=\"twitter:card\" content=\"summary_large_image\" \/>\n<meta name=\"twitter:creator\" content=\"@bondybloglyon\" \/>\n<meta name=\"twitter:site\" content=\"@bondybloglyon\" \/>\n<script type=\"application\/ld+json\" class=\"yoast-schema-graph\">{\"@context\":\"https:\/\/schema.org\",\"@graph\":[{\"@type\":\"Article\",\"@id\":\"https:\/\/lyonbondyblog.fr\/LBB\/petit-guide-des-elections-regionales-2-le-mode-de-scrutin\/#article\",\"isPartOf\":{\"@id\":\"https:\/\/lyonbondyblog.fr\/LBB\/petit-guide-des-elections-regionales-2-le-mode-de-scrutin\/\"},\"author\":{\"name\":\"clement Drognat\",\"@id\":\"https:\/\/lyonbondyblog.fr\/LBB\/#\/schema\/person\/b5fa6aea5756b0a09d40abe87d994760\"},\"headline\":\"Petit guide des \u00e9lections r\u00e9gionales #2 : Le mode de scrutin\",\"datePublished\":\"2021-02-22T16:19:55+00:00\",\"dateModified\":\"2021-06-23T12:39:32+00:00\",\"mainEntityOfPage\":{\"@id\":\"https:\/\/lyonbondyblog.fr\/LBB\/petit-guide-des-elections-regionales-2-le-mode-de-scrutin\/\"},\"wordCount\":787,\"commentCount\":0,\"publisher\":{\"@id\":\"https:\/\/lyonbondyblog.fr\/LBB\/#organization\"},\"image\":{\"@id\":\"https:\/\/lyonbondyblog.fr\/LBB\/petit-guide-des-elections-regionales-2-le-mode-de-scrutin\/#primaryimage\"},\"thumbnailUrl\":\"https:\/\/lyonbondyblog.fr\/LBB\/wp-content\/uploads\/2021\/02\/conseil-r\u00e9gional.jpg\",\"articleSection\":[\"Politique\",\"R\u00e9gionales 2021\"],\"inLanguage\":\"fr-FR\",\"potentialAction\":[{\"@type\":\"CommentAction\",\"name\":\"Comment\",\"target\":[\"https:\/\/lyonbondyblog.fr\/LBB\/petit-guide-des-elections-regionales-2-le-mode-de-scrutin\/#respond\"]}]},{\"@type\":\"WebPage\",\"@id\":\"https:\/\/lyonbondyblog.fr\/LBB\/petit-guide-des-elections-regionales-2-le-mode-de-scrutin\/\",\"url\":\"https:\/\/lyonbondyblog.fr\/LBB\/petit-guide-des-elections-regionales-2-le-mode-de-scrutin\/\",\"name\":\"Petit guide des \u00e9lections r\u00e9gionales #2 : Le mode de scrutin - Lyon Bondy Blog\",\"isPartOf\":{\"@id\":\"https:\/\/lyonbondyblog.fr\/LBB\/#website\"},\"primaryImageOfPage\":{\"@id\":\"https:\/\/lyonbondyblog.fr\/LBB\/petit-guide-des-elections-regionales-2-le-mode-de-scrutin\/#primaryimage\"},\"image\":{\"@id\":\"https:\/\/lyonbondyblog.fr\/LBB\/petit-guide-des-elections-regionales-2-le-mode-de-scrutin\/#primaryimage\"},\"thumbnailUrl\":\"https:\/\/lyonbondyblog.fr\/LBB\/wp-content\/uploads\/2021\/02\/conseil-r\u00e9gional.jpg\",\"datePublished\":\"2021-02-22T16:19:55+00:00\",\"dateModified\":\"2021-06-23T12:39:32+00:00\",\"inLanguage\":\"fr-FR\",\"potentialAction\":[{\"@type\":\"ReadAction\",\"target\":[\"https:\/\/lyonbondyblog.fr\/LBB\/petit-guide-des-elections-regionales-2-le-mode-de-scrutin\/\"]}]},{\"@type\":\"ImageObject\",\"inLanguage\":\"fr-FR\",\"@id\":\"https:\/\/lyonbondyblog.fr\/LBB\/petit-guide-des-elections-regionales-2-le-mode-de-scrutin\/#primaryimage\",\"url\":\"https:\/\/lyonbondyblog.fr\/LBB\/wp-content\/uploads\/2021\/02\/conseil-r\u00e9gional.jpg\",\"contentUrl\":\"https:\/\/lyonbondyblog.fr\/LBB\/wp-content\/uploads\/2021\/02\/conseil-r\u00e9gional.jpg\",\"width\":1200,\"height\":563,\"caption\":\"L'h\u00f4tel de r\u00e9gion, si\u00e8ge du conseil r\u00e9gional - Cr\u00e9dits : R\u00e9gion Auvergne-Rh\u00f4ne-Alpes \/ Michel P\u00e9r\u00e8s\"},{\"@type\":\"WebSite\",\"@id\":\"https:\/\/lyonbondyblog.fr\/LBB\/#website\",\"url\":\"https:\/\/lyonbondyblog.fr\/LBB\/\",\"name\":\"Lyon Bondy Blog\",\"description\":\"\",\"publisher\":{\"@id\":\"https:\/\/lyonbondyblog.fr\/LBB\/#organization\"},\"potentialAction\":[{\"@type\":\"SearchAction\",\"target\":{\"@type\":\"EntryPoint\",\"urlTemplate\":\"https:\/\/lyonbondyblog.fr\/LBB\/?s={search_term_string}\"},\"query-input\":\"required name=search_term_string\"}],\"inLanguage\":\"fr-FR\"},{\"@type\":\"Organization\",\"@id\":\"https:\/\/lyonbondyblog.fr\/LBB\/#organization\",\"name\":\"LYON BONDY BLOG\",\"url\":\"https:\/\/lyonbondyblog.fr\/LBB\/\",\"logo\":{\"@type\":\"ImageObject\",\"inLanguage\":\"fr-FR\",\"@id\":\"https:\/\/lyonbondyblog.fr\/LBB\/#\/schema\/logo\/image\/\",\"url\":\"http:\/\/lyonbondyblog.fr\/LBB\/wp-content\/uploads\/2014\/10\/logo-portable-144.png\",\"contentUrl\":\"http:\/\/lyonbondyblog.fr\/LBB\/wp-content\/uploads\/2014\/10\/logo-portable-144.png\",\"width\":144,\"height\":123,\"caption\":\"LYON BONDY BLOG\"},\"image\":{\"@id\":\"https:\/\/lyonbondyblog.fr\/LBB\/#\/schema\/logo\/image\/\"},\"sameAs\":[\"https:\/\/www.facebook.com\/lyonbondyblog\",\"https:\/\/x.com\/bondybloglyon\"]},{\"@type\":\"Person\",\"@id\":\"https:\/\/lyonbondyblog.fr\/LBB\/#\/schema\/person\/b5fa6aea5756b0a09d40abe87d994760\",\"name\":\"clement Drognat\",\"url\":\"https:\/\/lyonbondyblog.fr\/LBB\/author\/clementdrognat\/\"}]}<\/script>\n<!-- \/ Yoast SEO plugin. -->","yoast_head_json":{"title":"Petit guide des \u00e9lections r\u00e9gionales #2 : Le mode de scrutin - Lyon Bondy Blog","robots":{"index":"index","follow":"follow","max-snippet":"max-snippet:-1","max-image-preview":"max-image-preview:large","max-video-preview":"max-video-preview:-1"},"canonical":"https:\/\/lyonbondyblog.fr\/LBB\/petit-guide-des-elections-regionales-2-le-mode-de-scrutin\/","og_locale":"fr_FR","og_type":"article","og_title":"Petit guide des \u00e9lections r\u00e9gionales #2 : Le mode de scrutin - Lyon Bondy Blog","og_description":"Initialement pr\u00e9vues pour le mois de mars, les \u00e9lections r\u00e9gionales se tiendront finalement en juin 2021. Le&nbsp;Lyon Bondy Blog&nbsp;s\u2019est pench\u00e9 sur le mode de scrutin &hellip;","og_url":"https:\/\/lyonbondyblog.fr\/LBB\/petit-guide-des-elections-regionales-2-le-mode-de-scrutin\/","og_site_name":"Lyon Bondy Blog","article_publisher":"https:\/\/www.facebook.com\/lyonbondyblog","article_published_time":"2021-02-22T16:19:55+00:00","article_modified_time":"2021-06-23T12:39:32+00:00","og_image":[{"width":1200,"height":563,"url":"https:\/\/lyonbondyblog.fr\/LBB\/wp-content\/uploads\/2021\/02\/conseil-r\u00e9gional.jpg","type":"image\/jpeg"}],"author":"clement Drognat","twitter_card":"summary_large_image","twitter_creator":"@bondybloglyon","twitter_site":"@bondybloglyon","schema":{"@context":"https:\/\/schema.org","@graph":[{"@type":"Article","@id":"https:\/\/lyonbondyblog.fr\/LBB\/petit-guide-des-elections-regionales-2-le-mode-de-scrutin\/#article","isPartOf":{"@id":"https:\/\/lyonbondyblog.fr\/LBB\/petit-guide-des-elections-regionales-2-le-mode-de-scrutin\/"},"author":{"name":"clement Drognat","@id":"https:\/\/lyonbondyblog.fr\/LBB\/#\/schema\/person\/b5fa6aea5756b0a09d40abe87d994760"},"headline":"Petit guide des \u00e9lections r\u00e9gionales #2 : Le mode de scrutin","datePublished":"2021-02-22T16:19:55+00:00","dateModified":"2021-06-23T12:39:32+00:00","mainEntityOfPage":{"@id":"https:\/\/lyonbondyblog.fr\/LBB\/petit-guide-des-elections-regionales-2-le-mode-de-scrutin\/"},"wordCount":787,"commentCount":0,"publisher":{"@id":"https:\/\/lyonbondyblog.fr\/LBB\/#organization"},"image":{"@id":"https:\/\/lyonbondyblog.fr\/LBB\/petit-guide-des-elections-regionales-2-le-mode-de-scrutin\/#primaryimage"},"thumbnailUrl":"https:\/\/lyonbondyblog.fr\/LBB\/wp-content\/uploads\/2021\/02\/conseil-r\u00e9gional.jpg","articleSection":["Politique","R\u00e9gionales 2021"],"inLanguage":"fr-FR","potentialAction":[{"@type":"CommentAction","name":"Comment","target":["https:\/\/lyonbondyblog.fr\/LBB\/petit-guide-des-elections-regionales-2-le-mode-de-scrutin\/#respond"]}]},{"@type":"WebPage","@id":"https:\/\/lyonbondyblog.fr\/LBB\/petit-guide-des-elections-regionales-2-le-mode-de-scrutin\/","url":"https:\/\/lyonbondyblog.fr\/LBB\/petit-guide-des-elections-regionales-2-le-mode-de-scrutin\/","name":"Petit guide des \u00e9lections r\u00e9gionales #2 : Le mode de scrutin - Lyon Bondy Blog","isPartOf":{"@id":"https:\/\/lyonbondyblog.fr\/LBB\/#website"},"primaryImageOfPage":{"@id":"https:\/\/lyonbondyblog.fr\/LBB\/petit-guide-des-elections-regionales-2-le-mode-de-scrutin\/#primaryimage"},"image":{"@id":"https:\/\/lyonbondyblog.fr\/LBB\/petit-guide-des-elections-regionales-2-le-mode-de-scrutin\/#primaryimage"},"thumbnailUrl":"https:\/\/lyonbondyblog.fr\/LBB\/wp-content\/uploads\/2021\/02\/conseil-r\u00e9gional.jpg","datePublished":"2021-02-22T16:19:55+00:00","dateModified":"2021-06-23T12:39:32+00:00","inLanguage":"fr-FR","potentialAction":[{"@type":"ReadAction","target":["https:\/\/lyonbondyblog.fr\/LBB\/petit-guide-des-elections-regionales-2-le-mode-de-scrutin\/"]}]},{"@type":"ImageObject","inLanguage":"fr-FR","@id":"https:\/\/lyonbondyblog.fr\/LBB\/petit-guide-des-elections-regionales-2-le-mode-de-scrutin\/#primaryimage","url":"https:\/\/lyonbondyblog.fr\/LBB\/wp-content\/uploads\/2021\/02\/conseil-r\u00e9gional.jpg","contentUrl":"https:\/\/lyonbondyblog.fr\/LBB\/wp-content\/uploads\/2021\/02\/conseil-r\u00e9gional.jpg","width":1200,"height":563,"caption":"L'h\u00f4tel de r\u00e9gion, si\u00e8ge du conseil r\u00e9gional - Cr\u00e9dits : R\u00e9gion Auvergne-Rh\u00f4ne-Alpes \/ Michel P\u00e9r\u00e8s"},{"@type":"WebSite","@id":"https:\/\/lyonbondyblog.fr\/LBB\/#website","url":"https:\/\/lyonbondyblog.fr\/LBB\/","name":"Lyon Bondy Blog","description":"","publisher":{"@id":"https:\/\/lyonbondyblog.fr\/LBB\/#organization"},"potentialAction":[{"@type":"SearchAction","target":{"@type":"EntryPoint","urlTemplate":"https:\/\/lyonbondyblog.fr\/LBB\/?s={search_term_string}"},"query-input":"required name=search_term_string"}],"inLanguage":"fr-FR"},{"@type":"Organization","@id":"https:\/\/lyonbondyblog.fr\/LBB\/#organization","name":"LYON BONDY BLOG","url":"https:\/\/lyonbondyblog.fr\/LBB\/","logo":{"@type":"ImageObject","inLanguage":"fr-FR","@id":"https:\/\/lyonbondyblog.fr\/LBB\/#\/schema\/logo\/image\/","url":"http:\/\/lyonbondyblog.fr\/LBB\/wp-content\/uploads\/2014\/10\/logo-portable-144.png","contentUrl":"http:\/\/lyonbondyblog.fr\/LBB\/wp-content\/uploads\/2014\/10\/logo-portable-144.png","width":144,"height":123,"caption":"LYON BONDY BLOG"},"image":{"@id":"https:\/\/lyonbondyblog.fr\/LBB\/#\/schema\/logo\/image\/"},"sameAs":["https:\/\/www.facebook.com\/lyonbondyblog","https:\/\/x.com\/bondybloglyon"]},{"@type":"Person","@id":"https:\/\/lyonbondyblog.fr\/LBB\/#\/schema\/person\/b5fa6aea5756b0a09d40abe87d994760","name":"clement Drognat","url":"https:\/\/lyonbondyblog.fr\/LBB\/author\/clementdrognat\/"}]}},"_links":{"self":[{"href":"https:\/\/lyonbondyblog.fr\/LBB\/wp-json\/wp\/v2\/posts\/21972","targetHints":{"allow":["GET"]}}],"collection":[{"href":"https:\/\/lyonbondyblog.fr\/LBB\/wp-json\/wp\/v2\/posts"}],"about":[{"href":"https:\/\/lyonbondyblog.fr\/LBB\/wp-json\/wp\/v2\/types\/post"}],"author":[{"embeddable":true,"href":"https:\/\/lyonbondyblog.fr\/LBB\/wp-json\/wp\/v2\/users\/27168"}],"replies":[{"embeddable":true,"href":"https:\/\/lyonbondyblog.fr\/LBB\/wp-json\/wp\/v2\/comments?post=21972"}],"version-history":[{"count":4,"href":"https:\/\/lyonbondyblog.fr\/LBB\/wp-json\/wp\/v2\/posts\/21972\/revisions"}],"predecessor-version":[{"id":23899,"href":"https:\/\/lyonbondyblog.fr\/LBB\/wp-json\/wp\/v2\/posts\/21972\/revisions\/23899"}],"wp:featuredmedia":[{"embeddable":true,"href":"https:\/\/lyonbondyblog.fr\/LBB\/wp-json\/wp\/v2\/media\/21923"}],"wp:attachment":[{"href":"https:\/\/lyonbondyblog.fr\/LBB\/wp-json\/wp\/v2\/media?parent=21972"}],"wp:term":[{"taxonomy":"category","embeddable":true,"href":"https:\/\/lyonbondyblog.fr\/LBB\/wp-json\/wp\/v2\/categories?post=21972"},{"taxonomy":"post_tag","embeddable":true,"href":"https:\/\/lyonbondyblog.fr\/LBB\/wp-json\/wp\/v2\/tags?post=21972"}],"curies":[{"name":"wp","href":"https:\/\/api.w.org\/{rel}","templated":true}]}}